{"id":60398,"date":"2021-09-02T22:39:08","date_gmt":"2021-09-02T21:39:08","guid":{"rendered":"https:\/\/radioljubuski.ba\/?p=60398"},"modified":"2021-09-02T22:39:09","modified_gmt":"2021-09-02T21:39:09","slug":"branko-ivankovic-s-omanom-sokirao-favorizirani-japan","status":"publish","type":"post","link":"https:\/\/radioljubuski.ba\/index.php\/2021\/09\/02\/branko-ivankovic-s-omanom-sokirao-favorizirani-japan\/","title":{"rendered":"Branko Ivankovi\u0107 s Omanom \u0161okirao favorizirani Japan"},"content":{"rendered":"\n<p><strong>Hrvatski stru\u010dnjak Branko Ivankovi\u0107 na klupi Omana napravio je jedno od najve\u0107ih iznena\u0111enja azijskih kvalifikacija za Svjetsko prvenstvo u Kataru.<\/strong><\/p>\n\n\n\n<p>U prvom kolu skupine B Oman je na gostovanju pobijedio favozirizani Japan 1:0.<br><br>Strijelac jedinog pogotka bio je\u00a0<strong>Issam Al Sabhi<\/strong>\u00a0u 88. minuti, \u010detiri minute nakon \u0161to je u\u0161ao u igru. Oman je trenuta\u010dno 79. reprezentacija svijeta, a Japan je 24.<br><br>Ivankovi\u0107 je Oman preuzeo na po\u010detku pro\u0161le godine, to je njegova druga reprezenacija na \u010dijoj je klupi izbornik. U periodu od 2002. do 2006. godine vodio je Iran.<\/p>\n\n\n\n<blockquote class=\"twitter-tweet\"><p lang=\"en\" dir=\"ltr\">FT | \ud83c\uddef\ud83c\uddf5 Japan 0-1 Oman \ud83c\uddf4\ud83c\uddf2<br><br>\ud83d\ude2e A \ud835\ude62\ud835\ude56\ud835\ude68\ud835\ude68\ud835\ude5e\ud835\ude6b\ud835\ude5a result for Oman as they shock hosts Japan to open Group B in grand fashion!<br><br> <a href=\"https:\/\/twitter.com\/hashtag\/AsianQualifiers?src=hash&amp;ref_src=twsrc%5Etfw\">#AsianQualifiers<\/a> | <a href=\"https:\/\/twitter.com\/hashtag\/JPNvOMA?src=hash&amp;ref_src=twsrc%5Etfw\">#JPNvOMA<\/a> <a href=\"https:\/\/t.co\/MNjeV77mmj\">pic.twitter.com\/MNjeV77mmj<\/a><\/p>&mdash; #AsianCup2023 (@afcasiancup) <a href=\"https:\/\/twitter.com\/afcasiancup\/status\/1433403386850910213?ref_src=twsrc%5Etfw\">September 2, 2021<\/a><\/blockquote> <script async src=\"https:\/\/platform.twitter.com\/widgets.js\" charset=\"utf-8\"><\/script>\n\n\n\n<p>Izvor:hrt.hr<\/p>\n","protected":false},"excerpt":{"rendered":"<p>Hrvatski stru\u010dnjak Branko Ivankovi\u0107 na klupi Omana napravio je jedno od najve\u0107ih iznena\u0111enja azijskih kvalifikacija za Svjetsko prvenstvo u Kataru. U prvom kolu skupine B Oman je na gostovanju pobijedio favozirizani Japan 1:0. Strijelac jedinog pogotka bio je\u00a0Issam Al Sabhi\u00a0u 88. minuti, \u010detiri minute nakon \u0161to je u\u0161ao u igru. Oman je trenuta\u010dno 79. reprezentacija [&hellip;]<\/p>\n","protected":false},"author":2,"featured_media":60399,"comment_status":"closed","ping_status":"closed","sticky":false,"template":"","format":"standard","meta":{"h5ap_radio_sources":[],"footnotes":""},"categories":[7],"tags":[],"class_list":["post-60398","post","type-post","status-publish","format-standard","has-post-thumbnail","hentry","category-sport"],"yoast_head":"<!-- This site is optimized with the Yoast SEO plugin v27.5 - https:\/\/yoast.com\/product\/yoast-seo-wordpress\/ -->\n<title>Branko Ivankovi\u0107 s Omanom \u0161okirao favorizirani Japan - RADIO LJUBU\u0160KI<\/title>\n<meta name=\"robots\" content=\"index, follow, max-snippet:-1, max-image-preview:large, max-video-preview:-1\" \/>\n<link rel=\"canonical\" href=\"https:\/\/radioljubuski.ba\/index.php\/2021\/09\/02\/branko-ivankovic-s-omanom-sokirao-favorizirani-japan\/\" \/>\n<meta property=\"og:locale\" content=\"hr_HR\" \/>\n<meta property=\"og:type\" content=\"article\" \/>\n<meta property=\"og:title\" content=\"Branko Ivankovi\u0107 s Omanom \u0161okirao favorizirani Japan - RADIO LJUBU\u0160KI\" \/>\n<meta property=\"og:description\" content=\"Hrvatski stru\u010dnjak Branko Ivankovi\u0107 na klupi Omana napravio je jedno od najve\u0107ih iznena\u0111enja azijskih kvalifikacija za Svjetsko prvenstvo u Kataru. U prvom kolu skupine B Oman je na gostovanju pobijedio favozirizani Japan 1:0. Strijelac jedinog pogotka bio je\u00a0Issam Al Sabhi\u00a0u 88. minuti, \u010detiri minute nakon \u0161to je u\u0161ao u igru. Oman je trenuta\u010dno 79. reprezentacija [&hellip;]\" \/>\n<meta property=\"og:url\" content=\"https:\/\/radioljubuski.ba\/index.php\/2021\/09\/02\/branko-ivankovic-s-omanom-sokirao-favorizirani-japan\/\" \/>\n<meta property=\"og:site_name\" content=\"RADIO LJUBU\u0160KI\" \/>\n<meta property=\"article:publisher\" content=\"https:\/\/www.facebook.com\/Radiio-Ljubuski-1490835324566332\" \/>\n<meta property=\"article:published_time\" content=\"2021-09-02T21:39:08+00:00\" \/>\n<meta property=\"article:modified_time\" content=\"2021-09-02T21:39:09+00:00\" \/>\n<meta property=\"og:image\" content=\"https:\/\/radioljubuski.ba\/wp-content\/uploads\/2021\/09\/pxl-061115-12100461-20210902134121.jpg\" \/>\n\t<meta property=\"og:image:width\" content=\"1600\" \/>\n\t<meta property=\"og:image:height\" content=\"1070\" \/>\n\t<meta property=\"og:image:type\" content=\"image\/jpeg\" \/>\n<meta name=\"author\" content=\"Radio Ljubu\u0161ki\" \/>\n<meta name=\"twitter:card\" content=\"summary_large_image\" \/>\n<meta name=\"twitter:creator\" content=\"@radioljubuski\" \/>\n<meta name=\"twitter:site\" content=\"@radioljubuski\" \/>\n<meta name=\"twitter:label1\" content=\"Napisao\/la\" \/>\n\t<meta name=\"twitter:data1\" content=\"Radio Ljubu\u0161ki\" \/>\n\t<meta name=\"twitter:label2\" content=\"Procijenjeno vrijeme \u010ditanja\" \/>\n\t<meta name=\"twitter:data2\" content=\"1 minuta\" \/>\n<script type=\"application\/ld+json\" class=\"yoast-schema-graph\">{\"@context\":\"https:\\\/\\\/schema.org\",\"@graph\":[{\"@type\":\"Article\",\"@id\":\"https:\\\/\\\/radioljubuski.ba\\\/index.php\\\/2021\\\/09\\\/02\\\/branko-ivankovic-s-omanom-sokirao-favorizirani-japan\\\/#article\",\"isPartOf\":{\"@id\":\"https:\\\/\\\/radioljubuski.ba\\\/index.php\\\/2021\\\/09\\\/02\\\/branko-ivankovic-s-omanom-sokirao-favorizirani-japan\\\/\"},\"author\":{\"name\":\"Radio Ljubu\u0161ki\",\"@id\":\"https:\\\/\\\/radioljubuski.ba\\\/#\\\/schema\\\/person\\\/19fc700381a780f69665d7956c469e3b\"},\"headline\":\"Branko Ivankovi\u0107 s Omanom \u0161okirao favorizirani Japan\",\"datePublished\":\"2021-09-02T21:39:08+00:00\",\"dateModified\":\"2021-09-02T21:39:09+00:00\",\"mainEntityOfPage\":{\"@id\":\"https:\\\/\\\/radioljubuski.ba\\\/index.php\\\/2021\\\/09\\\/02\\\/branko-ivankovic-s-omanom-sokirao-favorizirani-japan\\\/\"},\"wordCount\":132,\"publisher\":{\"@id\":\"https:\\\/\\\/radioljubuski.ba\\\/#organization\"},\"image\":{\"@id\":\"https:\\\/\\\/radioljubuski.ba\\\/index.php\\\/2021\\\/09\\\/02\\\/branko-ivankovic-s-omanom-sokirao-favorizirani-japan\\\/#primaryimage\"},\"thumbnailUrl\":\"https:\\\/\\\/radioljubuski.ba\\\/wp-content\\\/uploads\\\/2021\\\/09\\\/pxl-061115-12100461-20210902134121.jpg\",\"articleSection\":[\"\u0160port\"],\"inLanguage\":\"hr\"},{\"@type\":\"WebPage\",\"@id\":\"https:\\\/\\\/radioljubuski.ba\\\/index.php\\\/2021\\\/09\\\/02\\\/branko-ivankovic-s-omanom-sokirao-favorizirani-japan\\\/\",\"url\":\"https:\\\/\\\/radioljubuski.ba\\\/index.php\\\/2021\\\/09\\\/02\\\/branko-ivankovic-s-omanom-sokirao-favorizirani-japan\\\/\",\"name\":\"Branko Ivankovi\u0107 s Omanom \u0161okirao favorizirani Japan - RADIO LJUBU\u0160KI\",\"isPartOf\":{\"@id\":\"https:\\\/\\\/radioljubuski.ba\\\/#website\"},\"primaryImageOfPage\":{\"@id\":\"https:\\\/\\\/radioljubuski.ba\\\/index.php\\\/2021\\\/09\\\/02\\\/branko-ivankovic-s-omanom-sokirao-favorizirani-japan\\\/#primaryimage\"},\"image\":{\"@id\":\"https:\\\/\\\/radioljubuski.ba\\\/index.php\\\/2021\\\/09\\\/02\\\/branko-ivankovic-s-omanom-sokirao-favorizirani-japan\\\/#primaryimage\"},\"thumbnailUrl\":\"https:\\\/\\\/radioljubuski.ba\\\/wp-content\\\/uploads\\\/2021\\\/09\\\/pxl-061115-12100461-20210902134121.jpg\",\"datePublished\":\"2021-09-02T21:39:08+00:00\",\"dateModified\":\"2021-09-02T21:39:09+00:00\",\"breadcrumb\":{\"@id\":\"https:\\\/\\\/radioljubuski.ba\\\/index.php\\\/2021\\\/09\\\/02\\\/branko-ivankovic-s-omanom-sokirao-favorizirani-japan\\\/#breadcrumb\"},\"inLanguage\":\"hr\",\"potentialAction\":[{\"@type\":\"ReadAction\",\"target\":[\"https:\\\/\\\/radioljubuski.ba\\\/index.php\\\/2021\\\/09\\\/02\\\/branko-ivankovic-s-omanom-sokirao-favorizirani-japan\\\/\"]}]},{\"@type\":\"ImageObject\",\"inLanguage\":\"hr\",\"@id\":\"https:\\\/\\\/radioljubuski.ba\\\/index.php\\\/2021\\\/09\\\/02\\\/branko-ivankovic-s-omanom-sokirao-favorizirani-japan\\\/#primaryimage\",\"url\":\"https:\\\/\\\/radioljubuski.ba\\\/wp-content\\\/uploads\\\/2021\\\/09\\\/pxl-061115-12100461-20210902134121.jpg\",\"contentUrl\":\"https:\\\/\\\/radioljubuski.ba\\\/wp-content\\\/uploads\\\/2021\\\/09\\\/pxl-061115-12100461-20210902134121.jpg\",\"width\":1600,\"height\":1070,\"caption\":\"06.11.2015. Sportski centar TTS, Varazdin - Branko Ivankovic, trener iranskog Persepolis Tehran. Photo: Marko Jurinec\\\/PIXSELL\"},{\"@type\":\"BreadcrumbList\",\"@id\":\"https:\\\/\\\/radioljubuski.ba\\\/index.php\\\/2021\\\/09\\\/02\\\/branko-ivankovic-s-omanom-sokirao-favorizirani-japan\\\/#breadcrumb\",\"itemListElement\":[{\"@type\":\"ListItem\",\"position\":1,\"name\":\"Po\u010detna stranica\",\"item\":\"https:\\\/\\\/radioljubuski.ba\\\/\"},{\"@type\":\"ListItem\",\"position\":2,\"name\":\"Branko Ivankovi\u0107 s Omanom \u0161okirao favorizirani Japan\"}]},{\"@type\":\"WebSite\",\"@id\":\"https:\\\/\\\/radioljubuski.ba\\\/#website\",\"url\":\"https:\\\/\\\/radioljubuski.ba\\\/\",\"name\":\"Radio Ljubu\u0161ki\",\"description\":\"Sun\u010dana frekvencija Hercegovine\",\"publisher\":{\"@id\":\"https:\\\/\\\/radioljubuski.ba\\\/#organization\"},\"potentialAction\":[{\"@type\":\"SearchAction\",\"target\":{\"@type\":\"EntryPoint\",\"urlTemplate\":\"https:\\\/\\\/radioljubuski.ba\\\/?s={search_term_string}\"},\"query-input\":{\"@type\":\"PropertyValueSpecification\",\"valueRequired\":true,\"valueName\":\"search_term_string\"}}],\"inLanguage\":\"hr\"},{\"@type\":\"Organization\",\"@id\":\"https:\\\/\\\/radioljubuski.ba\\\/#organization\",\"name\":\"Radio Ljubu\u0161ki\",\"url\":\"https:\\\/\\\/radioljubuski.ba\\\/\",\"logo\":{\"@type\":\"ImageObject\",\"inLanguage\":\"hr\",\"@id\":\"https:\\\/\\\/radioljubuski.ba\\\/#\\\/schema\\\/logo\\\/image\\\/\",\"url\":\"https:\\\/\\\/radioljubuski.ba\\\/wp-content\\\/uploads\\\/2021\\\/02\\\/cropped-Radio_Ljubuski_logo1.jpg\",\"contentUrl\":\"https:\\\/\\\/radioljubuski.ba\\\/wp-content\\\/uploads\\\/2021\\\/02\\\/cropped-Radio_Ljubuski_logo1.jpg\",\"width\":512,\"height\":512,\"caption\":\"Radio Ljubu\u0161ki\"},\"image\":{\"@id\":\"https:\\\/\\\/radioljubuski.ba\\\/#\\\/schema\\\/logo\\\/image\\\/\"},\"sameAs\":[\"https:\\\/\\\/www.facebook.com\\\/Radiio-Ljubuski-1490835324566332\",\"https:\\\/\\\/x.com\\\/radioljubuski\",\"https:\\\/\\\/hr.linkedin.com\\\/company\\\/radio-ljubuski\",\"https:\\\/\\\/www.youtube.com\\\/channel\\\/UCHYaeO_n0Db3tjNGudGpXyw\"]},{\"@type\":\"Person\",\"@id\":\"https:\\\/\\\/radioljubuski.ba\\\/#\\\/schema\\\/person\\\/19fc700381a780f69665d7956c469e3b\",\"name\":\"Radio Ljubu\u0161ki\"}]}<\/script>\n<!-- \/ Yoast SEO plugin. -->","yoast_head_json":{"title":"Branko Ivankovi\u0107 s Omanom \u0161okirao favorizirani Japan - RADIO LJUBU\u0160KI","robots":{"index":"index","follow":"follow","max-snippet":"max-snippet:-1","max-image-preview":"max-image-preview:large","max-video-preview":"max-video-preview:-1"},"canonical":"https:\/\/radioljubuski.ba\/index.php\/2021\/09\/02\/branko-ivankovic-s-omanom-sokirao-favorizirani-japan\/","og_locale":"hr_HR","og_type":"article","og_title":"Branko Ivankovi\u0107 s Omanom \u0161okirao favorizirani Japan - RADIO LJUBU\u0160KI","og_description":"Hrvatski stru\u010dnjak Branko Ivankovi\u0107 na klupi Omana napravio je jedno od najve\u0107ih iznena\u0111enja azijskih kvalifikacija za Svjetsko prvenstvo u Kataru. U prvom kolu skupine B Oman je na gostovanju pobijedio favozirizani Japan 1:0. Strijelac jedinog pogotka bio je\u00a0Issam Al Sabhi\u00a0u 88. minuti, \u010detiri minute nakon \u0161to je u\u0161ao u igru. Oman je trenuta\u010dno 79. reprezentacija [&hellip;]","og_url":"https:\/\/radioljubuski.ba\/index.php\/2021\/09\/02\/branko-ivankovic-s-omanom-sokirao-favorizirani-japan\/","og_site_name":"RADIO LJUBU\u0160KI","article_publisher":"https:\/\/www.facebook.com\/Radiio-Ljubuski-1490835324566332","article_published_time":"2021-09-02T21:39:08+00:00","article_modified_time":"2021-09-02T21:39:09+00:00","og_image":[{"width":1600,"height":1070,"url":"https:\/\/radioljubuski.ba\/wp-content\/uploads\/2021\/09\/pxl-061115-12100461-20210902134121.jpg","type":"image\/jpeg"}],"author":"Radio Ljubu\u0161ki","twitter_card":"summary_large_image","twitter_creator":"@radioljubuski","twitter_site":"@radioljubuski","twitter_misc":{"Napisao\/la":"Radio Ljubu\u0161ki","Procijenjeno vrijeme \u010ditanja":"1 minuta"},"schema":{"@context":"https:\/\/schema.org","@graph":[{"@type":"Article","@id":"https:\/\/radioljubuski.ba\/index.php\/2021\/09\/02\/branko-ivankovic-s-omanom-sokirao-favorizirani-japan\/#article","isPartOf":{"@id":"https:\/\/radioljubuski.ba\/index.php\/2021\/09\/02\/branko-ivankovic-s-omanom-sokirao-favorizirani-japan\/"},"author":{"name":"Radio Ljubu\u0161ki","@id":"https:\/\/radioljubuski.ba\/#\/schema\/person\/19fc700381a780f69665d7956c469e3b"},"headline":"Branko Ivankovi\u0107 s Omanom \u0161okirao favorizirani Japan","datePublished":"2021-09-02T21:39:08+00:00","dateModified":"2021-09-02T21:39:09+00:00","mainEntityOfPage":{"@id":"https:\/\/radioljubuski.ba\/index.php\/2021\/09\/02\/branko-ivankovic-s-omanom-sokirao-favorizirani-japan\/"},"wordCount":132,"publisher":{"@id":"https:\/\/radioljubuski.ba\/#organization"},"image":{"@id":"https:\/\/radioljubuski.ba\/index.php\/2021\/09\/02\/branko-ivankovic-s-omanom-sokirao-favorizirani-japan\/#primaryimage"},"thumbnailUrl":"https:\/\/radioljubuski.ba\/wp-content\/uploads\/2021\/09\/pxl-061115-12100461-20210902134121.jpg","articleSection":["\u0160port"],"inLanguage":"hr"},{"@type":"WebPage","@id":"https:\/\/radioljubuski.ba\/index.php\/2021\/09\/02\/branko-ivankovic-s-omanom-sokirao-favorizirani-japan\/","url":"https:\/\/radioljubuski.ba\/index.php\/2021\/09\/02\/branko-ivankovic-s-omanom-sokirao-favorizirani-japan\/","name":"Branko Ivankovi\u0107 s Omanom \u0161okirao favorizirani Japan - RADIO LJUBU\u0160KI","isPartOf":{"@id":"https:\/\/radioljubuski.ba\/#website"},"primaryImageOfPage":{"@id":"https:\/\/radioljubuski.ba\/index.php\/2021\/09\/02\/branko-ivankovic-s-omanom-sokirao-favorizirani-japan\/#primaryimage"},"image":{"@id":"https:\/\/radioljubuski.ba\/index.php\/2021\/09\/02\/branko-ivankovic-s-omanom-sokirao-favorizirani-japan\/#primaryimage"},"thumbnailUrl":"https:\/\/radioljubuski.ba\/wp-content\/uploads\/2021\/09\/pxl-061115-12100461-20210902134121.jpg","datePublished":"2021-09-02T21:39:08+00:00","dateModified":"2021-09-02T21:39:09+00:00","breadcrumb":{"@id":"https:\/\/radioljubuski.ba\/index.php\/2021\/09\/02\/branko-ivankovic-s-omanom-sokirao-favorizirani-japan\/#breadcrumb"},"inLanguage":"hr","potentialAction":[{"@type":"ReadAction","target":["https:\/\/radioljubuski.ba\/index.php\/2021\/09\/02\/branko-ivankovic-s-omanom-sokirao-favorizirani-japan\/"]}]},{"@type":"ImageObject","inLanguage":"hr","@id":"https:\/\/radioljubuski.ba\/index.php\/2021\/09\/02\/branko-ivankovic-s-omanom-sokirao-favorizirani-japan\/#primaryimage","url":"https:\/\/radioljubuski.ba\/wp-content\/uploads\/2021\/09\/pxl-061115-12100461-20210902134121.jpg","contentUrl":"https:\/\/radioljubuski.ba\/wp-content\/uploads\/2021\/09\/pxl-061115-12100461-20210902134121.jpg","width":1600,"height":1070,"caption":"06.11.2015. Sportski centar TTS, Varazdin - Branko Ivankovic, trener iranskog Persepolis Tehran. Photo: Marko Jurinec\/PIXSELL"},{"@type":"BreadcrumbList","@id":"https:\/\/radioljubuski.ba\/index.php\/2021\/09\/02\/branko-ivankovic-s-omanom-sokirao-favorizirani-japan\/#breadcrumb","itemListElement":[{"@type":"ListItem","position":1,"name":"Po\u010detna stranica","item":"https:\/\/radioljubuski.ba\/"},{"@type":"ListItem","position":2,"name":"Branko Ivankovi\u0107 s Omanom \u0161okirao favorizirani Japan"}]},{"@type":"WebSite","@id":"https:\/\/radioljubuski.ba\/#website","url":"https:\/\/radioljubuski.ba\/","name":"Radio Ljubu\u0161ki","description":"Sun\u010dana frekvencija Hercegovine","publisher":{"@id":"https:\/\/radioljubuski.ba\/#organization"},"potentialAction":[{"@type":"SearchAction","target":{"@type":"EntryPoint","urlTemplate":"https:\/\/radioljubuski.ba\/?s={search_term_string}"},"query-input":{"@type":"PropertyValueSpecification","valueRequired":true,"valueName":"search_term_string"}}],"inLanguage":"hr"},{"@type":"Organization","@id":"https:\/\/radioljubuski.ba\/#organization","name":"Radio Ljubu\u0161ki","url":"https:\/\/radioljubuski.ba\/","logo":{"@type":"ImageObject","inLanguage":"hr","@id":"https:\/\/radioljubuski.ba\/#\/schema\/logo\/image\/","url":"https:\/\/radioljubuski.ba\/wp-content\/uploads\/2021\/02\/cropped-Radio_Ljubuski_logo1.jpg","contentUrl":"https:\/\/radioljubuski.ba\/wp-content\/uploads\/2021\/02\/cropped-Radio_Ljubuski_logo1.jpg","width":512,"height":512,"caption":"Radio Ljubu\u0161ki"},"image":{"@id":"https:\/\/radioljubuski.ba\/#\/schema\/logo\/image\/"},"sameAs":["https:\/\/www.facebook.com\/Radiio-Ljubuski-1490835324566332","https:\/\/x.com\/radioljubuski","https:\/\/hr.linkedin.com\/company\/radio-ljubuski","https:\/\/www.youtube.com\/channel\/UCHYaeO_n0Db3tjNGudGpXyw"]},{"@type":"Person","@id":"https:\/\/radioljubuski.ba\/#\/schema\/person\/19fc700381a780f69665d7956c469e3b","name":"Radio Ljubu\u0161ki"}]}},"_links":{"self":[{"href":"https:\/\/radioljubuski.ba\/index.php\/wp-json\/wp\/v2\/posts\/60398","targetHints":{"allow":["GET"]}}],"collection":[{"href":"https:\/\/radioljubuski.ba\/index.php\/wp-json\/wp\/v2\/posts"}],"about":[{"href":"https:\/\/radioljubuski.ba\/index.php\/wp-json\/wp\/v2\/types\/post"}],"author":[{"embeddable":true,"href":"https:\/\/radioljubuski.ba\/index.php\/wp-json\/wp\/v2\/users\/2"}],"replies":[{"embeddable":true,"href":"https:\/\/radioljubuski.ba\/index.php\/wp-json\/wp\/v2\/comments?post=60398"}],"version-history":[{"count":1,"href":"https:\/\/radioljubuski.ba\/index.php\/wp-json\/wp\/v2\/posts\/60398\/revisions"}],"predecessor-version":[{"id":60400,"href":"https:\/\/radioljubuski.ba\/index.php\/wp-json\/wp\/v2\/posts\/60398\/revisions\/60400"}],"wp:featuredmedia":[{"embeddable":true,"href":"https:\/\/radioljubuski.ba\/index.php\/wp-json\/wp\/v2\/media\/60399"}],"wp:attachment":[{"href":"https:\/\/radioljubuski.ba\/index.php\/wp-json\/wp\/v2\/media?parent=60398"}],"wp:term":[{"taxonomy":"category","embeddable":true,"href":"https:\/\/radioljubuski.ba\/index.php\/wp-json\/wp\/v2\/categories?post=60398"},{"taxonomy":"post_tag","embeddable":true,"href":"https:\/\/radioljubuski.ba\/index.php\/wp-json\/wp\/v2\/tags?post=60398"}],"curies":[{"name":"wp","href":"https:\/\/api.w.org\/{rel}","templated":true}]}}