{"id":60459,"date":"2021-09-02T23:35:58","date_gmt":"2021-09-02T22:35:58","guid":{"rendered":"https:\/\/radioljubuski.ba\/?p=60459"},"modified":"2021-09-02T23:35:58","modified_gmt":"2021-09-02T22:35:58","slug":"putin-bio-na-satu-povijesti-ucenik-ga-ispravio-ravnatelj-opomenuo-ucenika","status":"publish","type":"post","link":"https:\/\/radioljubuski.ba\/index.php\/2021\/09\/02\/putin-bio-na-satu-povijesti-ucenik-ga-ispravio-ravnatelj-opomenuo-ucenika\/","title":{"rendered":"Putin bio na satu povijesti, u\u010denik ga ispravio. Ravnatelj opomenuo u\u010denika"},"content":{"rendered":"\n<p><strong>Kriti\u010dari Kremlja u \u010detvrtak pozdravljaju hrabrog u\u010denika koji je odva\u017eno ispravio ruskog predsjednika Vladimira Putina, koji je iznio pogre\u0161nu \u010dinjenicu pred djecom na satu povijesti.<\/strong><\/p>\n\n\n\n<p>Petar Veliki (1675. \u2013 1725.) nije se borio u Sedmogodi\u0161njem ratu, ve\u0107 u Velikom sjevernom ratu koji je trajao 21 godinu, rekao je dje\u010dak Putinu.<\/p>\n\n\n\n<p>Ruski \u010delnik je zahvalio dje\u010daku na ispravku, ali je u\u010denika ravnatelj \u0161kole opomenuo zbog \u201codre\u0111ene drskosti\u201d, prenose mediji.<\/p>\n\n\n\n<p>Mediji koji kritiziraju Kremlj i oporbeni politi\u010dari pohvalili su u\u010denikov \u017ear.<\/p>\n\n\n\n<p>Kira Jarmu\u0161, glasnogovornica zatvorenog disidenta Alekseja Navalnog, kritizirala je ravnatelja koji vjeruje da \u0161kola ne treba podu\u010davati \u010dinjenice, ve\u0107 \u201cpokornost i servilnost\u201d.<\/p>\n\n\n\n<p>Incident u srijedu, prvog \u0161kolskog dana nakon ljetnih praznika u Rusiji, izazvao je odjek u zemlji i naveo glasnogovornika Kremlja Dmitrija Peskova da se o\u010dituje.<\/p>\n\n\n\n<p>\u201cTo nije bilo drsko. Nipo\u0161to se ne sla\u017eemo s ravnateljem \u0161kole\u201d, rekao je i dodao da se \u201cnada da u\u010denik naknadno ne\u0107e biti ka\u017enjen\u201d.<\/p>\n\n\n\n<p>\/Hina\/HMS\/<\/p>\n","protected":false},"excerpt":{"rendered":"<p>Kriti\u010dari Kremlja u \u010detvrtak pozdravljaju hrabrog u\u010denika koji je odva\u017eno ispravio ruskog predsjednika Vladimira Putina, koji je iznio pogre\u0161nu \u010dinjenicu pred djecom na satu povijesti. Petar Veliki (1675. \u2013 1725.) nije se borio u Sedmogodi\u0161njem ratu, ve\u0107 u Velikom sjevernom ratu koji je trajao 21 godinu, rekao je dje\u010dak Putinu. Ruski \u010delnik je zahvalio dje\u010daku [&hellip;]<\/p>\n","protected":false},"author":2,"featured_media":60460,"comment_status":"closed","ping_status":"closed","sticky":false,"template":"","format":"standard","meta":{"h5ap_radio_sources":[],"footnotes":""},"categories":[1],"tags":[],"class_list":["post-60459","post","type-post","status-publish","format-standard","has-post-thumbnail","hentry","category-bihiregija"],"yoast_head":"<!-- This site is optimized with the Yoast SEO plugin v27.5 - https:\/\/yoast.com\/product\/yoast-seo-wordpress\/ -->\n<title>Putin bio na satu povijesti, u\u010denik ga ispravio. Ravnatelj opomenuo u\u010denika - RADIO LJUBU\u0160KI<\/title>\n<meta name=\"robots\" content=\"index, follow, max-snippet:-1, max-image-preview:large, max-video-preview:-1\" \/>\n<link rel=\"canonical\" href=\"https:\/\/radioljubuski.ba\/index.php\/2021\/09\/02\/putin-bio-na-satu-povijesti-ucenik-ga-ispravio-ravnatelj-opomenuo-ucenika\/\" \/>\n<meta property=\"og:locale\" content=\"hr_HR\" \/>\n<meta property=\"og:type\" content=\"article\" \/>\n<meta property=\"og:title\" content=\"Putin bio na satu povijesti, u\u010denik ga ispravio. Ravnatelj opomenuo u\u010denika - RADIO LJUBU\u0160KI\" \/>\n<meta property=\"og:description\" content=\"Kriti\u010dari Kremlja u \u010detvrtak pozdravljaju hrabrog u\u010denika koji je odva\u017eno ispravio ruskog predsjednika Vladimira Putina, koji je iznio pogre\u0161nu \u010dinjenicu pred djecom na satu povijesti. Petar Veliki (1675. \u2013 1725.) nije se borio u Sedmogodi\u0161njem ratu, ve\u0107 u Velikom sjevernom ratu koji je trajao 21 godinu, rekao je dje\u010dak Putinu. Ruski \u010delnik je zahvalio dje\u010daku [&hellip;]\" \/>\n<meta property=\"og:url\" content=\"https:\/\/radioljubuski.ba\/index.php\/2021\/09\/02\/putin-bio-na-satu-povijesti-ucenik-ga-ispravio-ravnatelj-opomenuo-ucenika\/\" \/>\n<meta property=\"og:site_name\" content=\"RADIO LJUBU\u0160KI\" \/>\n<meta property=\"article:publisher\" content=\"https:\/\/www.facebook.com\/Radiio-Ljubuski-1490835324566332\" \/>\n<meta property=\"article:published_time\" content=\"2021-09-02T22:35:58+00:00\" \/>\n<meta property=\"og:image\" content=\"https:\/\/radioljubuski.ba\/wp-content\/uploads\/2021\/09\/putin-skola.jpg\" \/>\n\t<meta property=\"og:image:width\" content=\"765\" \/>\n\t<meta property=\"og:image:height\" content=\"459\" \/>\n\t<meta property=\"og:image:type\" content=\"image\/jpeg\" \/>\n<meta name=\"author\" content=\"Radio Ljubu\u0161ki\" \/>\n<meta name=\"twitter:card\" content=\"summary_large_image\" \/>\n<meta name=\"twitter:creator\" content=\"@radioljubuski\" \/>\n<meta name=\"twitter:site\" content=\"@radioljubuski\" \/>\n<meta name=\"twitter:label1\" content=\"Napisao\/la\" \/>\n\t<meta name=\"twitter:data1\" content=\"Radio Ljubu\u0161ki\" \/>\n\t<meta name=\"twitter:label2\" content=\"Procijenjeno vrijeme \u010ditanja\" \/>\n\t<meta name=\"twitter:data2\" content=\"1 minuta\" \/>\n<script type=\"application\/ld+json\" class=\"yoast-schema-graph\">{\"@context\":\"https:\\\/\\\/schema.org\",\"@graph\":[{\"@type\":\"Article\",\"@id\":\"https:\\\/\\\/radioljubuski.ba\\\/index.php\\\/2021\\\/09\\\/02\\\/putin-bio-na-satu-povijesti-ucenik-ga-ispravio-ravnatelj-opomenuo-ucenika\\\/#article\",\"isPartOf\":{\"@id\":\"https:\\\/\\\/radioljubuski.ba\\\/index.php\\\/2021\\\/09\\\/02\\\/putin-bio-na-satu-povijesti-ucenik-ga-ispravio-ravnatelj-opomenuo-ucenika\\\/\"},\"author\":{\"name\":\"Radio Ljubu\u0161ki\",\"@id\":\"https:\\\/\\\/radioljubuski.ba\\\/#\\\/schema\\\/person\\\/19fc700381a780f69665d7956c469e3b\"},\"headline\":\"Putin bio na satu povijesti, u\u010denik ga ispravio. Ravnatelj opomenuo u\u010denika\",\"datePublished\":\"2021-09-02T22:35:58+00:00\",\"mainEntityOfPage\":{\"@id\":\"https:\\\/\\\/radioljubuski.ba\\\/index.php\\\/2021\\\/09\\\/02\\\/putin-bio-na-satu-povijesti-ucenik-ga-ispravio-ravnatelj-opomenuo-ucenika\\\/\"},\"wordCount\":179,\"publisher\":{\"@id\":\"https:\\\/\\\/radioljubuski.ba\\\/#organization\"},\"image\":{\"@id\":\"https:\\\/\\\/radioljubuski.ba\\\/index.php\\\/2021\\\/09\\\/02\\\/putin-bio-na-satu-povijesti-ucenik-ga-ispravio-ravnatelj-opomenuo-ucenika\\\/#primaryimage\"},\"thumbnailUrl\":\"https:\\\/\\\/radioljubuski.ba\\\/wp-content\\\/uploads\\\/2021\\\/09\\\/putin-skola.jpg\",\"articleSection\":[\"BIH i regija\"],\"inLanguage\":\"hr\"},{\"@type\":\"WebPage\",\"@id\":\"https:\\\/\\\/radioljubuski.ba\\\/index.php\\\/2021\\\/09\\\/02\\\/putin-bio-na-satu-povijesti-ucenik-ga-ispravio-ravnatelj-opomenuo-ucenika\\\/\",\"url\":\"https:\\\/\\\/radioljubuski.ba\\\/index.php\\\/2021\\\/09\\\/02\\\/putin-bio-na-satu-povijesti-ucenik-ga-ispravio-ravnatelj-opomenuo-ucenika\\\/\",\"name\":\"Putin bio na satu povijesti, u\u010denik ga ispravio. Ravnatelj opomenuo u\u010denika - RADIO LJUBU\u0160KI\",\"isPartOf\":{\"@id\":\"https:\\\/\\\/radioljubuski.ba\\\/#website\"},\"primaryImageOfPage\":{\"@id\":\"https:\\\/\\\/radioljubuski.ba\\\/index.php\\\/2021\\\/09\\\/02\\\/putin-bio-na-satu-povijesti-ucenik-ga-ispravio-ravnatelj-opomenuo-ucenika\\\/#primaryimage\"},\"image\":{\"@id\":\"https:\\\/\\\/radioljubuski.ba\\\/index.php\\\/2021\\\/09\\\/02\\\/putin-bio-na-satu-povijesti-ucenik-ga-ispravio-ravnatelj-opomenuo-ucenika\\\/#primaryimage\"},\"thumbnailUrl\":\"https:\\\/\\\/radioljubuski.ba\\\/wp-content\\\/uploads\\\/2021\\\/09\\\/putin-skola.jpg\",\"datePublished\":\"2021-09-02T22:35:58+00:00\",\"breadcrumb\":{\"@id\":\"https:\\\/\\\/radioljubuski.ba\\\/index.php\\\/2021\\\/09\\\/02\\\/putin-bio-na-satu-povijesti-ucenik-ga-ispravio-ravnatelj-opomenuo-ucenika\\\/#breadcrumb\"},\"inLanguage\":\"hr\",\"potentialAction\":[{\"@type\":\"ReadAction\",\"target\":[\"https:\\\/\\\/radioljubuski.ba\\\/index.php\\\/2021\\\/09\\\/02\\\/putin-bio-na-satu-povijesti-ucenik-ga-ispravio-ravnatelj-opomenuo-ucenika\\\/\"]}]},{\"@type\":\"ImageObject\",\"inLanguage\":\"hr\",\"@id\":\"https:\\\/\\\/radioljubuski.ba\\\/index.php\\\/2021\\\/09\\\/02\\\/putin-bio-na-satu-povijesti-ucenik-ga-ispravio-ravnatelj-opomenuo-ucenika\\\/#primaryimage\",\"url\":\"https:\\\/\\\/radioljubuski.ba\\\/wp-content\\\/uploads\\\/2021\\\/09\\\/putin-skola.jpg\",\"contentUrl\":\"https:\\\/\\\/radioljubuski.ba\\\/wp-content\\\/uploads\\\/2021\\\/09\\\/putin-skola.jpg\",\"width\":765,\"height\":459},{\"@type\":\"BreadcrumbList\",\"@id\":\"https:\\\/\\\/radioljubuski.ba\\\/index.php\\\/2021\\\/09\\\/02\\\/putin-bio-na-satu-povijesti-ucenik-ga-ispravio-ravnatelj-opomenuo-ucenika\\\/#breadcrumb\",\"itemListElement\":[{\"@type\":\"ListItem\",\"position\":1,\"name\":\"Po\u010detna stranica\",\"item\":\"https:\\\/\\\/radioljubuski.ba\\\/\"},{\"@type\":\"ListItem\",\"position\":2,\"name\":\"Putin bio na satu povijesti, u\u010denik ga ispravio. Ravnatelj opomenuo u\u010denika\"}]},{\"@type\":\"WebSite\",\"@id\":\"https:\\\/\\\/radioljubuski.ba\\\/#website\",\"url\":\"https:\\\/\\\/radioljubuski.ba\\\/\",\"name\":\"Radio Ljubu\u0161ki\",\"description\":\"Sun\u010dana frekvencija Hercegovine\",\"publisher\":{\"@id\":\"https:\\\/\\\/radioljubuski.ba\\\/#organization\"},\"potentialAction\":[{\"@type\":\"SearchAction\",\"target\":{\"@type\":\"EntryPoint\",\"urlTemplate\":\"https:\\\/\\\/radioljubuski.ba\\\/?s={search_term_string}\"},\"query-input\":{\"@type\":\"PropertyValueSpecification\",\"valueRequired\":true,\"valueName\":\"search_term_string\"}}],\"inLanguage\":\"hr\"},{\"@type\":\"Organization\",\"@id\":\"https:\\\/\\\/radioljubuski.ba\\\/#organization\",\"name\":\"Radio Ljubu\u0161ki\",\"url\":\"https:\\\/\\\/radioljubuski.ba\\\/\",\"logo\":{\"@type\":\"ImageObject\",\"inLanguage\":\"hr\",\"@id\":\"https:\\\/\\\/radioljubuski.ba\\\/#\\\/schema\\\/logo\\\/image\\\/\",\"url\":\"https:\\\/\\\/radioljubuski.ba\\\/wp-content\\\/uploads\\\/2021\\\/02\\\/cropped-Radio_Ljubuski_logo1.jpg\",\"contentUrl\":\"https:\\\/\\\/radioljubuski.ba\\\/wp-content\\\/uploads\\\/2021\\\/02\\\/cropped-Radio_Ljubuski_logo1.jpg\",\"width\":512,\"height\":512,\"caption\":\"Radio Ljubu\u0161ki\"},\"image\":{\"@id\":\"https:\\\/\\\/radioljubuski.ba\\\/#\\\/schema\\\/logo\\\/image\\\/\"},\"sameAs\":[\"https:\\\/\\\/www.facebook.com\\\/Radiio-Ljubuski-1490835324566332\",\"https:\\\/\\\/x.com\\\/radioljubuski\",\"https:\\\/\\\/hr.linkedin.com\\\/company\\\/radio-ljubuski\",\"https:\\\/\\\/www.youtube.com\\\/channel\\\/UCHYaeO_n0Db3tjNGudGpXyw\"]},{\"@type\":\"Person\",\"@id\":\"https:\\\/\\\/radioljubuski.ba\\\/#\\\/schema\\\/person\\\/19fc700381a780f69665d7956c469e3b\",\"name\":\"Radio Ljubu\u0161ki\"}]}<\/script>\n<!-- \/ Yoast SEO plugin. -->","yoast_head_json":{"title":"Putin bio na satu povijesti, u\u010denik ga ispravio. Ravnatelj opomenuo u\u010denika - RADIO LJUBU\u0160KI","robots":{"index":"index","follow":"follow","max-snippet":"max-snippet:-1","max-image-preview":"max-image-preview:large","max-video-preview":"max-video-preview:-1"},"canonical":"https:\/\/radioljubuski.ba\/index.php\/2021\/09\/02\/putin-bio-na-satu-povijesti-ucenik-ga-ispravio-ravnatelj-opomenuo-ucenika\/","og_locale":"hr_HR","og_type":"article","og_title":"Putin bio na satu povijesti, u\u010denik ga ispravio. Ravnatelj opomenuo u\u010denika - RADIO LJUBU\u0160KI","og_description":"Kriti\u010dari Kremlja u \u010detvrtak pozdravljaju hrabrog u\u010denika koji je odva\u017eno ispravio ruskog predsjednika Vladimira Putina, koji je iznio pogre\u0161nu \u010dinjenicu pred djecom na satu povijesti. Petar Veliki (1675. \u2013 1725.) nije se borio u Sedmogodi\u0161njem ratu, ve\u0107 u Velikom sjevernom ratu koji je trajao 21 godinu, rekao je dje\u010dak Putinu. Ruski \u010delnik je zahvalio dje\u010daku [&hellip;]","og_url":"https:\/\/radioljubuski.ba\/index.php\/2021\/09\/02\/putin-bio-na-satu-povijesti-ucenik-ga-ispravio-ravnatelj-opomenuo-ucenika\/","og_site_name":"RADIO LJUBU\u0160KI","article_publisher":"https:\/\/www.facebook.com\/Radiio-Ljubuski-1490835324566332","article_published_time":"2021-09-02T22:35:58+00:00","og_image":[{"width":765,"height":459,"url":"https:\/\/radioljubuski.ba\/wp-content\/uploads\/2021\/09\/putin-skola.jpg","type":"image\/jpeg"}],"author":"Radio Ljubu\u0161ki","twitter_card":"summary_large_image","twitter_creator":"@radioljubuski","twitter_site":"@radioljubuski","twitter_misc":{"Napisao\/la":"Radio Ljubu\u0161ki","Procijenjeno vrijeme \u010ditanja":"1 minuta"},"schema":{"@context":"https:\/\/schema.org","@graph":[{"@type":"Article","@id":"https:\/\/radioljubuski.ba\/index.php\/2021\/09\/02\/putin-bio-na-satu-povijesti-ucenik-ga-ispravio-ravnatelj-opomenuo-ucenika\/#article","isPartOf":{"@id":"https:\/\/radioljubuski.ba\/index.php\/2021\/09\/02\/putin-bio-na-satu-povijesti-ucenik-ga-ispravio-ravnatelj-opomenuo-ucenika\/"},"author":{"name":"Radio Ljubu\u0161ki","@id":"https:\/\/radioljubuski.ba\/#\/schema\/person\/19fc700381a780f69665d7956c469e3b"},"headline":"Putin bio na satu povijesti, u\u010denik ga ispravio. Ravnatelj opomenuo u\u010denika","datePublished":"2021-09-02T22:35:58+00:00","mainEntityOfPage":{"@id":"https:\/\/radioljubuski.ba\/index.php\/2021\/09\/02\/putin-bio-na-satu-povijesti-ucenik-ga-ispravio-ravnatelj-opomenuo-ucenika\/"},"wordCount":179,"publisher":{"@id":"https:\/\/radioljubuski.ba\/#organization"},"image":{"@id":"https:\/\/radioljubuski.ba\/index.php\/2021\/09\/02\/putin-bio-na-satu-povijesti-ucenik-ga-ispravio-ravnatelj-opomenuo-ucenika\/#primaryimage"},"thumbnailUrl":"https:\/\/radioljubuski.ba\/wp-content\/uploads\/2021\/09\/putin-skola.jpg","articleSection":["BIH i regija"],"inLanguage":"hr"},{"@type":"WebPage","@id":"https:\/\/radioljubuski.ba\/index.php\/2021\/09\/02\/putin-bio-na-satu-povijesti-ucenik-ga-ispravio-ravnatelj-opomenuo-ucenika\/","url":"https:\/\/radioljubuski.ba\/index.php\/2021\/09\/02\/putin-bio-na-satu-povijesti-ucenik-ga-ispravio-ravnatelj-opomenuo-ucenika\/","name":"Putin bio na satu povijesti, u\u010denik ga ispravio. Ravnatelj opomenuo u\u010denika - RADIO LJUBU\u0160KI","isPartOf":{"@id":"https:\/\/radioljubuski.ba\/#website"},"primaryImageOfPage":{"@id":"https:\/\/radioljubuski.ba\/index.php\/2021\/09\/02\/putin-bio-na-satu-povijesti-ucenik-ga-ispravio-ravnatelj-opomenuo-ucenika\/#primaryimage"},"image":{"@id":"https:\/\/radioljubuski.ba\/index.php\/2021\/09\/02\/putin-bio-na-satu-povijesti-ucenik-ga-ispravio-ravnatelj-opomenuo-ucenika\/#primaryimage"},"thumbnailUrl":"https:\/\/radioljubuski.ba\/wp-content\/uploads\/2021\/09\/putin-skola.jpg","datePublished":"2021-09-02T22:35:58+00:00","breadcrumb":{"@id":"https:\/\/radioljubuski.ba\/index.php\/2021\/09\/02\/putin-bio-na-satu-povijesti-ucenik-ga-ispravio-ravnatelj-opomenuo-ucenika\/#breadcrumb"},"inLanguage":"hr","potentialAction":[{"@type":"ReadAction","target":["https:\/\/radioljubuski.ba\/index.php\/2021\/09\/02\/putin-bio-na-satu-povijesti-ucenik-ga-ispravio-ravnatelj-opomenuo-ucenika\/"]}]},{"@type":"ImageObject","inLanguage":"hr","@id":"https:\/\/radioljubuski.ba\/index.php\/2021\/09\/02\/putin-bio-na-satu-povijesti-ucenik-ga-ispravio-ravnatelj-opomenuo-ucenika\/#primaryimage","url":"https:\/\/radioljubuski.ba\/wp-content\/uploads\/2021\/09\/putin-skola.jpg","contentUrl":"https:\/\/radioljubuski.ba\/wp-content\/uploads\/2021\/09\/putin-skola.jpg","width":765,"height":459},{"@type":"BreadcrumbList","@id":"https:\/\/radioljubuski.ba\/index.php\/2021\/09\/02\/putin-bio-na-satu-povijesti-ucenik-ga-ispravio-ravnatelj-opomenuo-ucenika\/#breadcrumb","itemListElement":[{"@type":"ListItem","position":1,"name":"Po\u010detna stranica","item":"https:\/\/radioljubuski.ba\/"},{"@type":"ListItem","position":2,"name":"Putin bio na satu povijesti, u\u010denik ga ispravio. Ravnatelj opomenuo u\u010denika"}]},{"@type":"WebSite","@id":"https:\/\/radioljubuski.ba\/#website","url":"https:\/\/radioljubuski.ba\/","name":"Radio Ljubu\u0161ki","description":"Sun\u010dana frekvencija Hercegovine","publisher":{"@id":"https:\/\/radioljubuski.ba\/#organization"},"potentialAction":[{"@type":"SearchAction","target":{"@type":"EntryPoint","urlTemplate":"https:\/\/radioljubuski.ba\/?s={search_term_string}"},"query-input":{"@type":"PropertyValueSpecification","valueRequired":true,"valueName":"search_term_string"}}],"inLanguage":"hr"},{"@type":"Organization","@id":"https:\/\/radioljubuski.ba\/#organization","name":"Radio Ljubu\u0161ki","url":"https:\/\/radioljubuski.ba\/","logo":{"@type":"ImageObject","inLanguage":"hr","@id":"https:\/\/radioljubuski.ba\/#\/schema\/logo\/image\/","url":"https:\/\/radioljubuski.ba\/wp-content\/uploads\/2021\/02\/cropped-Radio_Ljubuski_logo1.jpg","contentUrl":"https:\/\/radioljubuski.ba\/wp-content\/uploads\/2021\/02\/cropped-Radio_Ljubuski_logo1.jpg","width":512,"height":512,"caption":"Radio Ljubu\u0161ki"},"image":{"@id":"https:\/\/radioljubuski.ba\/#\/schema\/logo\/image\/"},"sameAs":["https:\/\/www.facebook.com\/Radiio-Ljubuski-1490835324566332","https:\/\/x.com\/radioljubuski","https:\/\/hr.linkedin.com\/company\/radio-ljubuski","https:\/\/www.youtube.com\/channel\/UCHYaeO_n0Db3tjNGudGpXyw"]},{"@type":"Person","@id":"https:\/\/radioljubuski.ba\/#\/schema\/person\/19fc700381a780f69665d7956c469e3b","name":"Radio Ljubu\u0161ki"}]}},"_links":{"self":[{"href":"https:\/\/radioljubuski.ba\/index.php\/wp-json\/wp\/v2\/posts\/60459","targetHints":{"allow":["GET"]}}],"collection":[{"href":"https:\/\/radioljubuski.ba\/index.php\/wp-json\/wp\/v2\/posts"}],"about":[{"href":"https:\/\/radioljubuski.ba\/index.php\/wp-json\/wp\/v2\/types\/post"}],"author":[{"embeddable":true,"href":"https:\/\/radioljubuski.ba\/index.php\/wp-json\/wp\/v2\/users\/2"}],"replies":[{"embeddable":true,"href":"https:\/\/radioljubuski.ba\/index.php\/wp-json\/wp\/v2\/comments?post=60459"}],"version-history":[{"count":1,"href":"https:\/\/radioljubuski.ba\/index.php\/wp-json\/wp\/v2\/posts\/60459\/revisions"}],"predecessor-version":[{"id":60461,"href":"https:\/\/radioljubuski.ba\/index.php\/wp-json\/wp\/v2\/posts\/60459\/revisions\/60461"}],"wp:featuredmedia":[{"embeddable":true,"href":"https:\/\/radioljubuski.ba\/index.php\/wp-json\/wp\/v2\/media\/60460"}],"wp:attachment":[{"href":"https:\/\/radioljubuski.ba\/index.php\/wp-json\/wp\/v2\/media?parent=60459"}],"wp:term":[{"taxonomy":"category","embeddable":true,"href":"https:\/\/radioljubuski.ba\/index.php\/wp-json\/wp\/v2\/categories?post=60459"},{"taxonomy":"post_tag","embeddable":true,"href":"https:\/\/radioljubuski.ba\/index.php\/wp-json\/wp\/v2\/tags?post=60459"}],"curies":[{"name":"wp","href":"https:\/\/api.w.org\/{rel}","templated":true}]}}