{"id":605,"date":"2021-03-01T23:51:47","date_gmt":"2021-03-01T23:51:47","guid":{"rendered":"https:\/\/radioljubuski.ba\/?p=605"},"modified":"2021-03-01T23:51:48","modified_gmt":"2021-03-01T23:51:48","slug":"bbb-i-se-oprostili-od-zlatka-kranjcara-zapalite-jednu-plavu-za-cicu","status":"publish","type":"post","link":"https:\/\/radioljubuski.ba\/index.php\/2021\/03\/01\/bbb-i-se-oprostili-od-zlatka-kranjcara-zapalite-jednu-plavu-za-cicu\/","title":{"rendered":"BBB-i se oprostili od Zlatka Kranj\u010dara: Zapalite jednu plavu za Cicu"},"content":{"rendered":"\n<p><strong>Na smrt Zlatka Kranj\u010dara i dalje sti\u017eu brojne reakcije iz Hrvatske i svijeta, objavile su tu\u017enu vijest i slu\u017ebene stranice FIFA-e i UEFA-a, a od Cice su se op\u0161irnom objavom na svojoj slu\u017ebenoj Facebook stranici oprostili i Bad Blue Boysi.<\/strong><\/p>\n\n\n\n<p>Status BBB-a prenosimo u cijelosti:<\/p>\n\n\n\n<p>&#8211;&nbsp;Igra sudbine ili simbolike htjela je da se to dogodi na istom mjestu. Jedan od nas prije osam godina, a Cico danas. Zajedno su kro\u010dili kroz su\u0161ne Dinamove sedamdesete, stariji&nbsp;<strong>Jo\u017ea<\/strong>&nbsp;nije do\u010dekao trofejni niz po\u010detkom osamdesetih, mla\u0111i Cico je pak bio prevaga za te posljednje trenutke sre\u0107e Dinamovaca uo\u010di raspada Juge.<br><br><\/p>\n\n\n\n<p>Prolje\u0107e 1982. godine najljep\u0161a je bajka o Dinamu. Cico se iz vojske vratio u pravom trenutku, na drugi dio prvenstva. To je bilo klju\u010dno, ne zato jer je danas oti\u0161ao, to je neoboriva istina. Godinu dana kasnije odlu\u010dio je finale kupa, bio je to posljednji Dinamov pehar u biv\u0161oj dr\u017eavi.<br><br><\/p>\n\n\n\n<p>Bad Blue Boyse je kao igra\u010d upoznao na najljep\u0161i mogu\u0107i na\u010din. 17. listopada 1990. dosanjao je igranje za hrvatsku reprezentaciju u svom Maksimiru, s trakom oko ruke.<br><br><\/p>\n\n\n\n<p>Karijera u kopa\u010dkama bila je na zalazu, a uslijedila je ona na klupi.<br><br><\/p>\n\n\n\n<p>U svoj Dinamo vratio se kao trener u jesen 1994. godine. Bila su i tada olovna vremena, buktio je sukob zbog imena kluba. Cico je svoju prvu trenersku pobjedu u hrvatskom derbiju do\u010dekao s neopisivom tugom jer ju nije mogao proslaviti s ju\u017enom tribinom. Napustili smo ju u 60. minuti i zapo\u010deli prvi bojkot u povijesti na\u0161e grupe.<br><br><\/p>\n\n\n\n<p>Ni povratak na Maksimir nije pro\u0161ao u ugodnom tonu jer su zbog sumnji na pu\u0161tanje prvenstva Hajduku bili napadani igra\u010di. Cico je to jako te\u0161ko podnosio, \u010dak i te\u017ee nego gubitak oba trofeja.<br><br><\/p>\n\n\n\n<p>U idu\u0107oj sezoni 1995.\/1996. ipak su do\u0161li prvi sretni trenuci za trenera Cicu i osvojena je prva dvostruka kruna u povijesti. Klju\u010dna pobjeda bila je ona u derbiju 4:1, Cicina &#8220;trenerska disertacija&#8221;! Tog 24.03.1996. po prvi put je u Maksimiru osvanuo transparent &#8220;Dinamo Svetinja!&#8221;<br><br><\/p>\n\n\n\n<p>Unato\u010d dvostrukoj kruni Cico je tada bio smijenjen. Te\u0161ko je primio tu vijest ali neo\u010dekivano brzo se vratio ve\u0107 po\u010detkom 1998. godine. Ni tada nije bio do\u010dekan u Maksimiru primjereno svojoj dinamovskoj karizmi jer je pod nikad otkrivenim okolnostima oti\u0161ao&nbsp;<strong>Marijan Vlak<\/strong>, omiljeni mirni \u010dovjek koji je potpisao &#8220;petardiranje&#8221; Partizana. Cicu je tako i u drugom dolasku na plavu klupu do\u010dekao \u0161ok s na\u0161e tribine i to ponovno uz pobjedu u derbiju&#8230; Ide Vlak, ide Vlak&#8230;<br><br><\/p>\n\n\n\n<p>Ponovio je dvostruku krunu, a onda je ispisao povijest i po prvi put doveo Ligu prvaka u Zagreb.<br><br><\/p>\n\n\n\n<p>Nije mu krenulo dobro i nakon tri kola sa samo jednim bodom ponovno je morao napustiti Maksimir. Prepustio je klupu&nbsp;<strong>Zeki<\/strong>.<\/p>\n\n\n\n<p>Po\u010detkom 2005. godine Cico je bio hrvatski izbornik, a njegov sin kapetan Dinama.<br><br><\/p>\n\n\n\n<p>\u0160okantan je bio transfer sina Dinamove ikone u Hajduk. Pred stanom da Dobrom dolu gorjele su plave svije\u0107e za &#8220;umrlu \u010dast&#8221; Dinamovog kapetana. I Cico je tada bio gledan prijekim pogledima, bilo bi neobi\u010dno da nije. Na proslavi Dinamovog naslova 2006. pod&nbsp;<strong>Ku\u017eeovim<\/strong>&nbsp;vodstvom, Cico je trpio uvrede punog Maksimira. Manje zbog sina u bijelom dresu, vi\u0161e zbog nepozivanja<strong>&nbsp;Eduarda<\/strong>&nbsp;u onaj s kvadrati\u0107ima za Svjetsko prvenstvo.<br><br><\/p>\n\n\n\n<p>Pro\u0107i \u0107e od tada puno desetlje\u0107e i puno toga \u0107e se dogoditi prije ponovnog Cicinog dolaska na Dinamovu klupu. Ni tre\u0107a mu nije bila sre\u0107a jer i tada smo bili u bojkotu Maksimira, a na\u0161 povratak na Sjever nije do\u010dekao. Ni demoliranje Hajduka na Poljudu ni novi ulazak u Ligu prvaka nisu ga odr\u017eali na klupi, ali&#8230; znao je i sam s kim je potpisao ugovor&#8230;<br><br><\/p>\n\n\n\n<p>Od Dinama se zauvijek oprostio te\u0161kim porazom od Rijeke. Ku\u017ee je ba\u0161 nakon pobjede nad Rijekom posljednji put mahnuo Sjeveru. Obojica su potpisala blama\u017ee u kupu, jedan u Dugom selu, drugi u Ivani\u0107u.<br><br><\/p>\n\n\n\n<p>Jedan je bio i ostao idol tribine &#8211; Jedan od nas, drugi je imao vi\u0161e problema nego sretnih trenutaka s nama, ali nikad nije izgubio status Dinamove legende.<br><br><\/p>\n\n\n\n<p>I stoga ve\u010deras do\u0111ite na Dobri dol 49\/1 i zapalite jednu plavu za Cicu.<br><br><\/p>\n\n\n\n<p>Povijest je htjela da to ne bude prvi put na toj adresi ali&#8230; i to je Dinamo!<br><br><\/p>\n\n\n\n<p>Cico, nikada te ne smijemo i ne\u0107emo zaboraviti!<br><br><\/p>\n\n\n\n<p>Hvala ti za sve u najdra\u017eem plavom!<br><br><\/p>\n\n\n\n<p>Tvoji Bad Blue Boysi<\/p>\n\n\n\n<p>Izvor:hrt.hr<\/p>\n","protected":false},"excerpt":{"rendered":"<p>Na smrt Zlatka Kranj\u010dara i dalje sti\u017eu brojne reakcije iz Hrvatske i svijeta, objavile su tu\u017enu vijest i slu\u017ebene stranice FIFA-e i UEFA-a, a od Cice su se op\u0161irnom objavom na svojoj slu\u017ebenoj Facebook stranici oprostili i Bad Blue Boysi. Status BBB-a prenosimo u cijelosti: &#8211;&nbsp;Igra sudbine ili simbolike htjela je da se to dogodi [&hellip;]<\/p>\n","protected":false},"author":2,"featured_media":606,"comment_status":"closed","ping_status":"closed","sticky":false,"template":"","format":"standard","meta":{"h5ap_radio_sources":[],"footnotes":""},"categories":[1],"tags":[],"class_list":["post-605","post","type-post","status-publish","format-standard","has-post-thumbnail","hentry","category-bihiregija"],"yoast_head":"<!-- This site is optimized with the Yoast SEO plugin v27.5 - https:\/\/yoast.com\/product\/yoast-seo-wordpress\/ -->\n<title>BBB-i se oprostili od Zlatka Kranj\u010dara: Zapalite jednu plavu za Cicu - RADIO LJUBU\u0160KI<\/title>\n<meta name=\"robots\" content=\"index, follow, max-snippet:-1, max-image-preview:large, max-video-preview:-1\" \/>\n<link rel=\"canonical\" href=\"https:\/\/radioljubuski.ba\/index.php\/2021\/03\/01\/bbb-i-se-oprostili-od-zlatka-kranjcara-zapalite-jednu-plavu-za-cicu\/\" \/>\n<meta property=\"og:locale\" content=\"hr_HR\" \/>\n<meta property=\"og:type\" content=\"article\" \/>\n<meta property=\"og:title\" content=\"BBB-i se oprostili od Zlatka Kranj\u010dara: Zapalite jednu plavu za Cicu - RADIO LJUBU\u0160KI\" \/>\n<meta property=\"og:description\" content=\"Na smrt Zlatka Kranj\u010dara i dalje sti\u017eu brojne reakcije iz Hrvatske i svijeta, objavile su tu\u017enu vijest i slu\u017ebene stranice FIFA-e i UEFA-a, a od Cice su se op\u0161irnom objavom na svojoj slu\u017ebenoj Facebook stranici oprostili i Bad Blue Boysi. Status BBB-a prenosimo u cijelosti: &#8211;&nbsp;Igra sudbine ili simbolike htjela je da se to dogodi [&hellip;]\" \/>\n<meta property=\"og:url\" content=\"https:\/\/radioljubuski.ba\/index.php\/2021\/03\/01\/bbb-i-se-oprostili-od-zlatka-kranjcara-zapalite-jednu-plavu-za-cicu\/\" \/>\n<meta property=\"og:site_name\" content=\"RADIO LJUBU\u0160KI\" \/>\n<meta property=\"article:publisher\" content=\"https:\/\/www.facebook.com\/Radiio-Ljubuski-1490835324566332\" \/>\n<meta property=\"article:published_time\" content=\"2021-03-01T23:51:47+00:00\" \/>\n<meta property=\"article:modified_time\" content=\"2021-03-01T23:51:48+00:00\" \/>\n<meta property=\"og:image\" content=\"https:\/\/radioljubuski.ba\/wp-content\/uploads\/2021\/03\/mural-cico-pxl-010321-32007416-20210301181750.jpg\" \/>\n\t<meta property=\"og:image:width\" content=\"1000\" \/>\n\t<meta property=\"og:image:height\" content=\"604\" \/>\n\t<meta property=\"og:image:type\" content=\"image\/jpeg\" \/>\n<meta name=\"author\" content=\"Radio Ljubu\u0161ki\" \/>\n<meta name=\"twitter:card\" content=\"summary_large_image\" \/>\n<meta name=\"twitter:creator\" content=\"@radioljubuski\" \/>\n<meta name=\"twitter:site\" content=\"@radioljubuski\" \/>\n<meta name=\"twitter:label1\" content=\"Napisao\/la\" \/>\n\t<meta name=\"twitter:data1\" content=\"Radio Ljubu\u0161ki\" \/>\n\t<meta name=\"twitter:label2\" content=\"Procijenjeno vrijeme \u010ditanja\" \/>\n\t<meta name=\"twitter:data2\" content=\"4 minute\" \/>\n<script type=\"application\/ld+json\" class=\"yoast-schema-graph\">{\"@context\":\"https:\\\/\\\/schema.org\",\"@graph\":[{\"@type\":\"Article\",\"@id\":\"https:\\\/\\\/radioljubuski.ba\\\/index.php\\\/2021\\\/03\\\/01\\\/bbb-i-se-oprostili-od-zlatka-kranjcara-zapalite-jednu-plavu-za-cicu\\\/#article\",\"isPartOf\":{\"@id\":\"https:\\\/\\\/radioljubuski.ba\\\/index.php\\\/2021\\\/03\\\/01\\\/bbb-i-se-oprostili-od-zlatka-kranjcara-zapalite-jednu-plavu-za-cicu\\\/\"},\"author\":{\"name\":\"Radio Ljubu\u0161ki\",\"@id\":\"https:\\\/\\\/radioljubuski.ba\\\/#\\\/schema\\\/person\\\/19fc700381a780f69665d7956c469e3b\"},\"headline\":\"BBB-i se oprostili od Zlatka Kranj\u010dara: Zapalite jednu plavu za Cicu\",\"datePublished\":\"2021-03-01T23:51:47+00:00\",\"dateModified\":\"2021-03-01T23:51:48+00:00\",\"mainEntityOfPage\":{\"@id\":\"https:\\\/\\\/radioljubuski.ba\\\/index.php\\\/2021\\\/03\\\/01\\\/bbb-i-se-oprostili-od-zlatka-kranjcara-zapalite-jednu-plavu-za-cicu\\\/\"},\"wordCount\":772,\"publisher\":{\"@id\":\"https:\\\/\\\/radioljubuski.ba\\\/#organization\"},\"image\":{\"@id\":\"https:\\\/\\\/radioljubuski.ba\\\/index.php\\\/2021\\\/03\\\/01\\\/bbb-i-se-oprostili-od-zlatka-kranjcara-zapalite-jednu-plavu-za-cicu\\\/#primaryimage\"},\"thumbnailUrl\":\"https:\\\/\\\/radioljubuski.ba\\\/wp-content\\\/uploads\\\/2021\\\/03\\\/mural-cico-pxl-010321-32007416-20210301181750.jpg\",\"articleSection\":[\"BIH i regija\"],\"inLanguage\":\"hr\"},{\"@type\":\"WebPage\",\"@id\":\"https:\\\/\\\/radioljubuski.ba\\\/index.php\\\/2021\\\/03\\\/01\\\/bbb-i-se-oprostili-od-zlatka-kranjcara-zapalite-jednu-plavu-za-cicu\\\/\",\"url\":\"https:\\\/\\\/radioljubuski.ba\\\/index.php\\\/2021\\\/03\\\/01\\\/bbb-i-se-oprostili-od-zlatka-kranjcara-zapalite-jednu-plavu-za-cicu\\\/\",\"name\":\"BBB-i se oprostili od Zlatka Kranj\u010dara: Zapalite jednu plavu za Cicu - RADIO LJUBU\u0160KI\",\"isPartOf\":{\"@id\":\"https:\\\/\\\/radioljubuski.ba\\\/#website\"},\"primaryImageOfPage\":{\"@id\":\"https:\\\/\\\/radioljubuski.ba\\\/index.php\\\/2021\\\/03\\\/01\\\/bbb-i-se-oprostili-od-zlatka-kranjcara-zapalite-jednu-plavu-za-cicu\\\/#primaryimage\"},\"image\":{\"@id\":\"https:\\\/\\\/radioljubuski.ba\\\/index.php\\\/2021\\\/03\\\/01\\\/bbb-i-se-oprostili-od-zlatka-kranjcara-zapalite-jednu-plavu-za-cicu\\\/#primaryimage\"},\"thumbnailUrl\":\"https:\\\/\\\/radioljubuski.ba\\\/wp-content\\\/uploads\\\/2021\\\/03\\\/mural-cico-pxl-010321-32007416-20210301181750.jpg\",\"datePublished\":\"2021-03-01T23:51:47+00:00\",\"dateModified\":\"2021-03-01T23:51:48+00:00\",\"breadcrumb\":{\"@id\":\"https:\\\/\\\/radioljubuski.ba\\\/index.php\\\/2021\\\/03\\\/01\\\/bbb-i-se-oprostili-od-zlatka-kranjcara-zapalite-jednu-plavu-za-cicu\\\/#breadcrumb\"},\"inLanguage\":\"hr\",\"potentialAction\":[{\"@type\":\"ReadAction\",\"target\":[\"https:\\\/\\\/radioljubuski.ba\\\/index.php\\\/2021\\\/03\\\/01\\\/bbb-i-se-oprostili-od-zlatka-kranjcara-zapalite-jednu-plavu-za-cicu\\\/\"]}]},{\"@type\":\"ImageObject\",\"inLanguage\":\"hr\",\"@id\":\"https:\\\/\\\/radioljubuski.ba\\\/index.php\\\/2021\\\/03\\\/01\\\/bbb-i-se-oprostili-od-zlatka-kranjcara-zapalite-jednu-plavu-za-cicu\\\/#primaryimage\",\"url\":\"https:\\\/\\\/radioljubuski.ba\\\/wp-content\\\/uploads\\\/2021\\\/03\\\/mural-cico-pxl-010321-32007416-20210301181750.jpg\",\"contentUrl\":\"https:\\\/\\\/radioljubuski.ba\\\/wp-content\\\/uploads\\\/2021\\\/03\\\/mural-cico-pxl-010321-32007416-20210301181750.jpg\",\"width\":1000,\"height\":604},{\"@type\":\"BreadcrumbList\",\"@id\":\"https:\\\/\\\/radioljubuski.ba\\\/index.php\\\/2021\\\/03\\\/01\\\/bbb-i-se-oprostili-od-zlatka-kranjcara-zapalite-jednu-plavu-za-cicu\\\/#breadcrumb\",\"itemListElement\":[{\"@type\":\"ListItem\",\"position\":1,\"name\":\"Po\u010detna stranica\",\"item\":\"https:\\\/\\\/radioljubuski.ba\\\/\"},{\"@type\":\"ListItem\",\"position\":2,\"name\":\"BBB-i se oprostili od Zlatka Kranj\u010dara: Zapalite jednu plavu za Cicu\"}]},{\"@type\":\"WebSite\",\"@id\":\"https:\\\/\\\/radioljubuski.ba\\\/#website\",\"url\":\"https:\\\/\\\/radioljubuski.ba\\\/\",\"name\":\"Radio Ljubu\u0161ki\",\"description\":\"Sun\u010dana frekvencija Hercegovine\",\"publisher\":{\"@id\":\"https:\\\/\\\/radioljubuski.ba\\\/#organization\"},\"potentialAction\":[{\"@type\":\"SearchAction\",\"target\":{\"@type\":\"EntryPoint\",\"urlTemplate\":\"https:\\\/\\\/radioljubuski.ba\\\/?s={search_term_string}\"},\"query-input\":{\"@type\":\"PropertyValueSpecification\",\"valueRequired\":true,\"valueName\":\"search_term_string\"}}],\"inLanguage\":\"hr\"},{\"@type\":\"Organization\",\"@id\":\"https:\\\/\\\/radioljubuski.ba\\\/#organization\",\"name\":\"Radio Ljubu\u0161ki\",\"url\":\"https:\\\/\\\/radioljubuski.ba\\\/\",\"logo\":{\"@type\":\"ImageObject\",\"inLanguage\":\"hr\",\"@id\":\"https:\\\/\\\/radioljubuski.ba\\\/#\\\/schema\\\/logo\\\/image\\\/\",\"url\":\"https:\\\/\\\/radioljubuski.ba\\\/wp-content\\\/uploads\\\/2021\\\/02\\\/cropped-Radio_Ljubuski_logo1.jpg\",\"contentUrl\":\"https:\\\/\\\/radioljubuski.ba\\\/wp-content\\\/uploads\\\/2021\\\/02\\\/cropped-Radio_Ljubuski_logo1.jpg\",\"width\":512,\"height\":512,\"caption\":\"Radio Ljubu\u0161ki\"},\"image\":{\"@id\":\"https:\\\/\\\/radioljubuski.ba\\\/#\\\/schema\\\/logo\\\/image\\\/\"},\"sameAs\":[\"https:\\\/\\\/www.facebook.com\\\/Radiio-Ljubuski-1490835324566332\",\"https:\\\/\\\/x.com\\\/radioljubuski\",\"https:\\\/\\\/hr.linkedin.com\\\/company\\\/radio-ljubuski\",\"https:\\\/\\\/www.youtube.com\\\/channel\\\/UCHYaeO_n0Db3tjNGudGpXyw\"]},{\"@type\":\"Person\",\"@id\":\"https:\\\/\\\/radioljubuski.ba\\\/#\\\/schema\\\/person\\\/19fc700381a780f69665d7956c469e3b\",\"name\":\"Radio Ljubu\u0161ki\"}]}<\/script>\n<!-- \/ Yoast SEO plugin. -->","yoast_head_json":{"title":"BBB-i se oprostili od Zlatka Kranj\u010dara: Zapalite jednu plavu za Cicu - RADIO LJUBU\u0160KI","robots":{"index":"index","follow":"follow","max-snippet":"max-snippet:-1","max-image-preview":"max-image-preview:large","max-video-preview":"max-video-preview:-1"},"canonical":"https:\/\/radioljubuski.ba\/index.php\/2021\/03\/01\/bbb-i-se-oprostili-od-zlatka-kranjcara-zapalite-jednu-plavu-za-cicu\/","og_locale":"hr_HR","og_type":"article","og_title":"BBB-i se oprostili od Zlatka Kranj\u010dara: Zapalite jednu plavu za Cicu - RADIO LJUBU\u0160KI","og_description":"Na smrt Zlatka Kranj\u010dara i dalje sti\u017eu brojne reakcije iz Hrvatske i svijeta, objavile su tu\u017enu vijest i slu\u017ebene stranice FIFA-e i UEFA-a, a od Cice su se op\u0161irnom objavom na svojoj slu\u017ebenoj Facebook stranici oprostili i Bad Blue Boysi. Status BBB-a prenosimo u cijelosti: &#8211;&nbsp;Igra sudbine ili simbolike htjela je da se to dogodi [&hellip;]","og_url":"https:\/\/radioljubuski.ba\/index.php\/2021\/03\/01\/bbb-i-se-oprostili-od-zlatka-kranjcara-zapalite-jednu-plavu-za-cicu\/","og_site_name":"RADIO LJUBU\u0160KI","article_publisher":"https:\/\/www.facebook.com\/Radiio-Ljubuski-1490835324566332","article_published_time":"2021-03-01T23:51:47+00:00","article_modified_time":"2021-03-01T23:51:48+00:00","og_image":[{"width":1000,"height":604,"url":"https:\/\/radioljubuski.ba\/wp-content\/uploads\/2021\/03\/mural-cico-pxl-010321-32007416-20210301181750.jpg","type":"image\/jpeg"}],"author":"Radio Ljubu\u0161ki","twitter_card":"summary_large_image","twitter_creator":"@radioljubuski","twitter_site":"@radioljubuski","twitter_misc":{"Napisao\/la":"Radio Ljubu\u0161ki","Procijenjeno vrijeme \u010ditanja":"4 minute"},"schema":{"@context":"https:\/\/schema.org","@graph":[{"@type":"Article","@id":"https:\/\/radioljubuski.ba\/index.php\/2021\/03\/01\/bbb-i-se-oprostili-od-zlatka-kranjcara-zapalite-jednu-plavu-za-cicu\/#article","isPartOf":{"@id":"https:\/\/radioljubuski.ba\/index.php\/2021\/03\/01\/bbb-i-se-oprostili-od-zlatka-kranjcara-zapalite-jednu-plavu-za-cicu\/"},"author":{"name":"Radio Ljubu\u0161ki","@id":"https:\/\/radioljubuski.ba\/#\/schema\/person\/19fc700381a780f69665d7956c469e3b"},"headline":"BBB-i se oprostili od Zlatka Kranj\u010dara: Zapalite jednu plavu za Cicu","datePublished":"2021-03-01T23:51:47+00:00","dateModified":"2021-03-01T23:51:48+00:00","mainEntityOfPage":{"@id":"https:\/\/radioljubuski.ba\/index.php\/2021\/03\/01\/bbb-i-se-oprostili-od-zlatka-kranjcara-zapalite-jednu-plavu-za-cicu\/"},"wordCount":772,"publisher":{"@id":"https:\/\/radioljubuski.ba\/#organization"},"image":{"@id":"https:\/\/radioljubuski.ba\/index.php\/2021\/03\/01\/bbb-i-se-oprostili-od-zlatka-kranjcara-zapalite-jednu-plavu-za-cicu\/#primaryimage"},"thumbnailUrl":"https:\/\/radioljubuski.ba\/wp-content\/uploads\/2021\/03\/mural-cico-pxl-010321-32007416-20210301181750.jpg","articleSection":["BIH i regija"],"inLanguage":"hr"},{"@type":"WebPage","@id":"https:\/\/radioljubuski.ba\/index.php\/2021\/03\/01\/bbb-i-se-oprostili-od-zlatka-kranjcara-zapalite-jednu-plavu-za-cicu\/","url":"https:\/\/radioljubuski.ba\/index.php\/2021\/03\/01\/bbb-i-se-oprostili-od-zlatka-kranjcara-zapalite-jednu-plavu-za-cicu\/","name":"BBB-i se oprostili od Zlatka Kranj\u010dara: Zapalite jednu plavu za Cicu - RADIO LJUBU\u0160KI","isPartOf":{"@id":"https:\/\/radioljubuski.ba\/#website"},"primaryImageOfPage":{"@id":"https:\/\/radioljubuski.ba\/index.php\/2021\/03\/01\/bbb-i-se-oprostili-od-zlatka-kranjcara-zapalite-jednu-plavu-za-cicu\/#primaryimage"},"image":{"@id":"https:\/\/radioljubuski.ba\/index.php\/2021\/03\/01\/bbb-i-se-oprostili-od-zlatka-kranjcara-zapalite-jednu-plavu-za-cicu\/#primaryimage"},"thumbnailUrl":"https:\/\/radioljubuski.ba\/wp-content\/uploads\/2021\/03\/mural-cico-pxl-010321-32007416-20210301181750.jpg","datePublished":"2021-03-01T23:51:47+00:00","dateModified":"2021-03-01T23:51:48+00:00","breadcrumb":{"@id":"https:\/\/radioljubuski.ba\/index.php\/2021\/03\/01\/bbb-i-se-oprostili-od-zlatka-kranjcara-zapalite-jednu-plavu-za-cicu\/#breadcrumb"},"inLanguage":"hr","potentialAction":[{"@type":"ReadAction","target":["https:\/\/radioljubuski.ba\/index.php\/2021\/03\/01\/bbb-i-se-oprostili-od-zlatka-kranjcara-zapalite-jednu-plavu-za-cicu\/"]}]},{"@type":"ImageObject","inLanguage":"hr","@id":"https:\/\/radioljubuski.ba\/index.php\/2021\/03\/01\/bbb-i-se-oprostili-od-zlatka-kranjcara-zapalite-jednu-plavu-za-cicu\/#primaryimage","url":"https:\/\/radioljubuski.ba\/wp-content\/uploads\/2021\/03\/mural-cico-pxl-010321-32007416-20210301181750.jpg","contentUrl":"https:\/\/radioljubuski.ba\/wp-content\/uploads\/2021\/03\/mural-cico-pxl-010321-32007416-20210301181750.jpg","width":1000,"height":604},{"@type":"BreadcrumbList","@id":"https:\/\/radioljubuski.ba\/index.php\/2021\/03\/01\/bbb-i-se-oprostili-od-zlatka-kranjcara-zapalite-jednu-plavu-za-cicu\/#breadcrumb","itemListElement":[{"@type":"ListItem","position":1,"name":"Po\u010detna stranica","item":"https:\/\/radioljubuski.ba\/"},{"@type":"ListItem","position":2,"name":"BBB-i se oprostili od Zlatka Kranj\u010dara: Zapalite jednu plavu za Cicu"}]},{"@type":"WebSite","@id":"https:\/\/radioljubuski.ba\/#website","url":"https:\/\/radioljubuski.ba\/","name":"Radio Ljubu\u0161ki","description":"Sun\u010dana frekvencija Hercegovine","publisher":{"@id":"https:\/\/radioljubuski.ba\/#organization"},"potentialAction":[{"@type":"SearchAction","target":{"@type":"EntryPoint","urlTemplate":"https:\/\/radioljubuski.ba\/?s={search_term_string}"},"query-input":{"@type":"PropertyValueSpecification","valueRequired":true,"valueName":"search_term_string"}}],"inLanguage":"hr"},{"@type":"Organization","@id":"https:\/\/radioljubuski.ba\/#organization","name":"Radio Ljubu\u0161ki","url":"https:\/\/radioljubuski.ba\/","logo":{"@type":"ImageObject","inLanguage":"hr","@id":"https:\/\/radioljubuski.ba\/#\/schema\/logo\/image\/","url":"https:\/\/radioljubuski.ba\/wp-content\/uploads\/2021\/02\/cropped-Radio_Ljubuski_logo1.jpg","contentUrl":"https:\/\/radioljubuski.ba\/wp-content\/uploads\/2021\/02\/cropped-Radio_Ljubuski_logo1.jpg","width":512,"height":512,"caption":"Radio Ljubu\u0161ki"},"image":{"@id":"https:\/\/radioljubuski.ba\/#\/schema\/logo\/image\/"},"sameAs":["https:\/\/www.facebook.com\/Radiio-Ljubuski-1490835324566332","https:\/\/x.com\/radioljubuski","https:\/\/hr.linkedin.com\/company\/radio-ljubuski","https:\/\/www.youtube.com\/channel\/UCHYaeO_n0Db3tjNGudGpXyw"]},{"@type":"Person","@id":"https:\/\/radioljubuski.ba\/#\/schema\/person\/19fc700381a780f69665d7956c469e3b","name":"Radio Ljubu\u0161ki"}]}},"_links":{"self":[{"href":"https:\/\/radioljubuski.ba\/index.php\/wp-json\/wp\/v2\/posts\/605","targetHints":{"allow":["GET"]}}],"collection":[{"href":"https:\/\/radioljubuski.ba\/index.php\/wp-json\/wp\/v2\/posts"}],"about":[{"href":"https:\/\/radioljubuski.ba\/index.php\/wp-json\/wp\/v2\/types\/post"}],"author":[{"embeddable":true,"href":"https:\/\/radioljubuski.ba\/index.php\/wp-json\/wp\/v2\/users\/2"}],"replies":[{"embeddable":true,"href":"https:\/\/radioljubuski.ba\/index.php\/wp-json\/wp\/v2\/comments?post=605"}],"version-history":[{"count":1,"href":"https:\/\/radioljubuski.ba\/index.php\/wp-json\/wp\/v2\/posts\/605\/revisions"}],"predecessor-version":[{"id":607,"href":"https:\/\/radioljubuski.ba\/index.php\/wp-json\/wp\/v2\/posts\/605\/revisions\/607"}],"wp:featuredmedia":[{"embeddable":true,"href":"https:\/\/radioljubuski.ba\/index.php\/wp-json\/wp\/v2\/media\/606"}],"wp:attachment":[{"href":"https:\/\/radioljubuski.ba\/index.php\/wp-json\/wp\/v2\/media?parent=605"}],"wp:term":[{"taxonomy":"category","embeddable":true,"href":"https:\/\/radioljubuski.ba\/index.php\/wp-json\/wp\/v2\/categories?post=605"},{"taxonomy":"post_tag","embeddable":true,"href":"https:\/\/radioljubuski.ba\/index.php\/wp-json\/wp\/v2\/tags?post=605"}],"curies":[{"name":"wp","href":"https:\/\/api.w.org\/{rel}","templated":true}]}}