{"id":6059,"date":"2021-03-23T00:30:08","date_gmt":"2021-03-22T23:30:08","guid":{"rendered":"https:\/\/radioljubuski.ba\/?p=6059"},"modified":"2021-03-23T00:30:08","modified_gmt":"2021-03-22T23:30:08","slug":"spiric-izetbegoviceva-gradanska-snazan-iskorak-ka-islamskoj-bih","status":"publish","type":"post","link":"https:\/\/radioljubuski.ba\/index.php\/2021\/03\/23\/spiric-izetbegoviceva-gradanska-snazan-iskorak-ka-islamskoj-bih\/","title":{"rendered":"\u0160piri\u0107: Izetbegovi\u0107eva gra\u0111anska sna\u017ean iskorak ka islamskoj BiH"},"content":{"rendered":"\n<p><strong>Zamjenik predsjedatelja Doma naroda Parlamenta BiH Nikola \u0160piri\u0107 rekao je Srni da u BiH mora biti postignut dogovor o njenom funkcioniranju, te istaknuo da gra\u0111ansku BiH po vi\u0111enju lidera SDA Bakira Izetbegovi\u0107a Srbi i Hrvati vide kao prvi sna\u017ean iskorak ka islamskoj BiH.<\/strong><\/p>\n\n\n\n<p>\u0160piri\u0107 je naglasio da su izjave Bakira Izetbegovi\u0107a o unitarnom ure\u0111enju i funkcioniranju BiH krajnje neodgovorne.<\/p>\n\n\n\n<p>\u201cPrije \u0107e globalni igra\u010di nad nama posti\u0107i dogovor o nama nego \u0161to \u0107emo mi unutar BiH posti\u0107i dogovor o nama. To potvr\u0111uju i krajnje neodgovorne izjave Bakira Izetbegovi\u0107a u trenucima kada se susre\u0107emo sa stra\u0161nim posljedicama pandemije i kada \u017eivimo u vremenu smrti\u201d, istakao je \u0160piri\u0107.<\/p>\n\n\n\n<p>On je naglasio da bi bilo bolje da se Izetbegovi\u0107 koncentrira na ustavna rje\u0161enja BiH i da ponudi kompromisan dogovor o na\u010dinu boljeg funkcioniranja, ako ni\u0161ta drugo, makar radi spa\u0161avanja \u017eivota gra\u0111ana.<\/p>\n\n\n\n<p>\u201cOstaje za vidjeti \u0161to zna\u010di funkcionalna BiH po vi\u0111enju me\u0111unarodnih staratelja i ima li razlike. Zato je moje upozorenje da moramo prije prona\u0107i odgovor o nama unutar BiH nego \u0161to globalni igra\u010di postignu dogovor nad nama. U suprotnom sve je \u0161uplja pri\u010da\u201d, upozorio je \u0160piri\u0107.<\/p>\n\n\n\n<p>Predsjednik SDA Bakir Izetbegovi\u0107 ju\u010der je u obra\u0107anju na sesiji Kruga 99 o temi \u201cUnutarnje i vanjske silnice u restituciji gra\u0111anskog ure\u0111enja BiH\u201d, rekao da je unitarna ili jednostavna dr\u017eava, kakva je BiH bila do prihva\u0107anja dejtonskog ure\u0111enja i koja funkcionira na bazi gra\u0111anskog principa, prirodni okvir i ure\u0111enje koje \u0161titi i omogu\u0107ava opstanak i razvoj multietni\u010dke zajednice kakva je bila i kakvu te\u017ee da obnove u BiH.<\/p>\n\n\n\n<p>\u201cUnitarno organizirana dr\u017eava BiH nije gu\u0161ila identitet, kulturu, posebnosti i jednakosti etni\u010dkih skupina u BiH\u201d, mi\u0161ljenja je Izetbegovi\u0107.<\/p>\n\n\n\n<p>\/HMS\/<\/p>\n","protected":false},"excerpt":{"rendered":"<p>Zamjenik predsjedatelja Doma naroda Parlamenta BiH Nikola \u0160piri\u0107 rekao je Srni da u BiH mora biti postignut dogovor o njenom funkcioniranju, te istaknuo da gra\u0111ansku BiH po vi\u0111enju lidera SDA Bakira Izetbegovi\u0107a Srbi i Hrvati vide kao prvi sna\u017ean iskorak ka islamskoj BiH. \u0160piri\u0107 je naglasio da su izjave Bakira Izetbegovi\u0107a o unitarnom ure\u0111enju i [&hellip;]<\/p>\n","protected":false},"author":2,"featured_media":6060,"comment_status":"closed","ping_status":"closed","sticky":false,"template":"","format":"standard","meta":{"h5ap_radio_sources":[],"footnotes":""},"categories":[1],"tags":[],"class_list":["post-6059","post","type-post","status-publish","format-standard","has-post-thumbnail","hentry","category-bihiregija"],"yoast_head":"<!-- This site is optimized with the Yoast SEO plugin v27.5 - https:\/\/yoast.com\/product\/yoast-seo-wordpress\/ -->\n<title>\u0160piri\u0107: Izetbegovi\u0107eva gra\u0111anska sna\u017ean iskorak ka islamskoj BiH - RADIO LJUBU\u0160KI<\/title>\n<meta name=\"robots\" content=\"index, follow, max-snippet:-1, max-image-preview:large, max-video-preview:-1\" \/>\n<link rel=\"canonical\" href=\"https:\/\/radioljubuski.ba\/index.php\/2021\/03\/23\/spiric-izetbegoviceva-gradanska-snazan-iskorak-ka-islamskoj-bih\/\" \/>\n<meta property=\"og:locale\" content=\"hr_HR\" \/>\n<meta property=\"og:type\" content=\"article\" \/>\n<meta property=\"og:title\" content=\"\u0160piri\u0107: Izetbegovi\u0107eva gra\u0111anska sna\u017ean iskorak ka islamskoj BiH - RADIO LJUBU\u0160KI\" \/>\n<meta property=\"og:description\" content=\"Zamjenik predsjedatelja Doma naroda Parlamenta BiH Nikola \u0160piri\u0107 rekao je Srni da u BiH mora biti postignut dogovor o njenom funkcioniranju, te istaknuo da gra\u0111ansku BiH po vi\u0111enju lidera SDA Bakira Izetbegovi\u0107a Srbi i Hrvati vide kao prvi sna\u017ean iskorak ka islamskoj BiH. \u0160piri\u0107 je naglasio da su izjave Bakira Izetbegovi\u0107a o unitarnom ure\u0111enju i [&hellip;]\" \/>\n<meta property=\"og:url\" content=\"https:\/\/radioljubuski.ba\/index.php\/2021\/03\/23\/spiric-izetbegoviceva-gradanska-snazan-iskorak-ka-islamskoj-bih\/\" \/>\n<meta property=\"og:site_name\" content=\"RADIO LJUBU\u0160KI\" \/>\n<meta property=\"article:publisher\" content=\"https:\/\/www.facebook.com\/Radiio-Ljubuski-1490835324566332\" \/>\n<meta property=\"article:published_time\" content=\"2021-03-22T23:30:08+00:00\" \/>\n<meta property=\"og:image\" content=\"https:\/\/radioljubuski.ba\/wp-content\/uploads\/2021\/03\/spiric-savjet-ministara-radi-na-baterije-nikolaspiric_5da5ab5a53b49.jpg\" \/>\n\t<meta property=\"og:image:width\" content=\"604\" \/>\n\t<meta property=\"og:image:height\" content=\"345\" \/>\n\t<meta property=\"og:image:type\" content=\"image\/jpeg\" \/>\n<meta name=\"author\" content=\"Radio Ljubu\u0161ki\" \/>\n<meta name=\"twitter:card\" content=\"summary_large_image\" \/>\n<meta name=\"twitter:creator\" content=\"@radioljubuski\" \/>\n<meta name=\"twitter:site\" content=\"@radioljubuski\" \/>\n<meta name=\"twitter:label1\" content=\"Napisao\/la\" \/>\n\t<meta name=\"twitter:data1\" content=\"Radio Ljubu\u0161ki\" \/>\n\t<meta name=\"twitter:label2\" content=\"Procijenjeno vrijeme \u010ditanja\" \/>\n\t<meta name=\"twitter:data2\" content=\"2 minute\" \/>\n<script type=\"application\/ld+json\" class=\"yoast-schema-graph\">{\"@context\":\"https:\\\/\\\/schema.org\",\"@graph\":[{\"@type\":\"Article\",\"@id\":\"https:\\\/\\\/radioljubuski.ba\\\/index.php\\\/2021\\\/03\\\/23\\\/spiric-izetbegoviceva-gradanska-snazan-iskorak-ka-islamskoj-bih\\\/#article\",\"isPartOf\":{\"@id\":\"https:\\\/\\\/radioljubuski.ba\\\/index.php\\\/2021\\\/03\\\/23\\\/spiric-izetbegoviceva-gradanska-snazan-iskorak-ka-islamskoj-bih\\\/\"},\"author\":{\"name\":\"Radio Ljubu\u0161ki\",\"@id\":\"https:\\\/\\\/radioljubuski.ba\\\/#\\\/schema\\\/person\\\/19fc700381a780f69665d7956c469e3b\"},\"headline\":\"\u0160piri\u0107: Izetbegovi\u0107eva gra\u0111anska sna\u017ean iskorak ka islamskoj BiH\",\"datePublished\":\"2021-03-22T23:30:08+00:00\",\"mainEntityOfPage\":{\"@id\":\"https:\\\/\\\/radioljubuski.ba\\\/index.php\\\/2021\\\/03\\\/23\\\/spiric-izetbegoviceva-gradanska-snazan-iskorak-ka-islamskoj-bih\\\/\"},\"wordCount\":319,\"publisher\":{\"@id\":\"https:\\\/\\\/radioljubuski.ba\\\/#organization\"},\"image\":{\"@id\":\"https:\\\/\\\/radioljubuski.ba\\\/index.php\\\/2021\\\/03\\\/23\\\/spiric-izetbegoviceva-gradanska-snazan-iskorak-ka-islamskoj-bih\\\/#primaryimage\"},\"thumbnailUrl\":\"https:\\\/\\\/radioljubuski.ba\\\/wp-content\\\/uploads\\\/2021\\\/03\\\/spiric-savjet-ministara-radi-na-baterije-nikolaspiric_5da5ab5a53b49.jpg\",\"articleSection\":[\"BIH i regija\"],\"inLanguage\":\"hr\"},{\"@type\":\"WebPage\",\"@id\":\"https:\\\/\\\/radioljubuski.ba\\\/index.php\\\/2021\\\/03\\\/23\\\/spiric-izetbegoviceva-gradanska-snazan-iskorak-ka-islamskoj-bih\\\/\",\"url\":\"https:\\\/\\\/radioljubuski.ba\\\/index.php\\\/2021\\\/03\\\/23\\\/spiric-izetbegoviceva-gradanska-snazan-iskorak-ka-islamskoj-bih\\\/\",\"name\":\"\u0160piri\u0107: Izetbegovi\u0107eva gra\u0111anska sna\u017ean iskorak ka islamskoj BiH - RADIO LJUBU\u0160KI\",\"isPartOf\":{\"@id\":\"https:\\\/\\\/radioljubuski.ba\\\/#website\"},\"primaryImageOfPage\":{\"@id\":\"https:\\\/\\\/radioljubuski.ba\\\/index.php\\\/2021\\\/03\\\/23\\\/spiric-izetbegoviceva-gradanska-snazan-iskorak-ka-islamskoj-bih\\\/#primaryimage\"},\"image\":{\"@id\":\"https:\\\/\\\/radioljubuski.ba\\\/index.php\\\/2021\\\/03\\\/23\\\/spiric-izetbegoviceva-gradanska-snazan-iskorak-ka-islamskoj-bih\\\/#primaryimage\"},\"thumbnailUrl\":\"https:\\\/\\\/radioljubuski.ba\\\/wp-content\\\/uploads\\\/2021\\\/03\\\/spiric-savjet-ministara-radi-na-baterije-nikolaspiric_5da5ab5a53b49.jpg\",\"datePublished\":\"2021-03-22T23:30:08+00:00\",\"breadcrumb\":{\"@id\":\"https:\\\/\\\/radioljubuski.ba\\\/index.php\\\/2021\\\/03\\\/23\\\/spiric-izetbegoviceva-gradanska-snazan-iskorak-ka-islamskoj-bih\\\/#breadcrumb\"},\"inLanguage\":\"hr\",\"potentialAction\":[{\"@type\":\"ReadAction\",\"target\":[\"https:\\\/\\\/radioljubuski.ba\\\/index.php\\\/2021\\\/03\\\/23\\\/spiric-izetbegoviceva-gradanska-snazan-iskorak-ka-islamskoj-bih\\\/\"]}]},{\"@type\":\"ImageObject\",\"inLanguage\":\"hr\",\"@id\":\"https:\\\/\\\/radioljubuski.ba\\\/index.php\\\/2021\\\/03\\\/23\\\/spiric-izetbegoviceva-gradanska-snazan-iskorak-ka-islamskoj-bih\\\/#primaryimage\",\"url\":\"https:\\\/\\\/radioljubuski.ba\\\/wp-content\\\/uploads\\\/2021\\\/03\\\/spiric-savjet-ministara-radi-na-baterije-nikolaspiric_5da5ab5a53b49.jpg\",\"contentUrl\":\"https:\\\/\\\/radioljubuski.ba\\\/wp-content\\\/uploads\\\/2021\\\/03\\\/spiric-savjet-ministara-radi-na-baterije-nikolaspiric_5da5ab5a53b49.jpg\",\"width\":604,\"height\":345},{\"@type\":\"BreadcrumbList\",\"@id\":\"https:\\\/\\\/radioljubuski.ba\\\/index.php\\\/2021\\\/03\\\/23\\\/spiric-izetbegoviceva-gradanska-snazan-iskorak-ka-islamskoj-bih\\\/#breadcrumb\",\"itemListElement\":[{\"@type\":\"ListItem\",\"position\":1,\"name\":\"Po\u010detna stranica\",\"item\":\"https:\\\/\\\/radioljubuski.ba\\\/\"},{\"@type\":\"ListItem\",\"position\":2,\"name\":\"\u0160piri\u0107: Izetbegovi\u0107eva gra\u0111anska sna\u017ean iskorak ka islamskoj BiH\"}]},{\"@type\":\"WebSite\",\"@id\":\"https:\\\/\\\/radioljubuski.ba\\\/#website\",\"url\":\"https:\\\/\\\/radioljubuski.ba\\\/\",\"name\":\"Radio Ljubu\u0161ki\",\"description\":\"Sun\u010dana frekvencija Hercegovine\",\"publisher\":{\"@id\":\"https:\\\/\\\/radioljubuski.ba\\\/#organization\"},\"potentialAction\":[{\"@type\":\"SearchAction\",\"target\":{\"@type\":\"EntryPoint\",\"urlTemplate\":\"https:\\\/\\\/radioljubuski.ba\\\/?s={search_term_string}\"},\"query-input\":{\"@type\":\"PropertyValueSpecification\",\"valueRequired\":true,\"valueName\":\"search_term_string\"}}],\"inLanguage\":\"hr\"},{\"@type\":\"Organization\",\"@id\":\"https:\\\/\\\/radioljubuski.ba\\\/#organization\",\"name\":\"Radio Ljubu\u0161ki\",\"url\":\"https:\\\/\\\/radioljubuski.ba\\\/\",\"logo\":{\"@type\":\"ImageObject\",\"inLanguage\":\"hr\",\"@id\":\"https:\\\/\\\/radioljubuski.ba\\\/#\\\/schema\\\/logo\\\/image\\\/\",\"url\":\"https:\\\/\\\/radioljubuski.ba\\\/wp-content\\\/uploads\\\/2021\\\/02\\\/cropped-Radio_Ljubuski_logo1.jpg\",\"contentUrl\":\"https:\\\/\\\/radioljubuski.ba\\\/wp-content\\\/uploads\\\/2021\\\/02\\\/cropped-Radio_Ljubuski_logo1.jpg\",\"width\":512,\"height\":512,\"caption\":\"Radio Ljubu\u0161ki\"},\"image\":{\"@id\":\"https:\\\/\\\/radioljubuski.ba\\\/#\\\/schema\\\/logo\\\/image\\\/\"},\"sameAs\":[\"https:\\\/\\\/www.facebook.com\\\/Radiio-Ljubuski-1490835324566332\",\"https:\\\/\\\/x.com\\\/radioljubuski\",\"https:\\\/\\\/hr.linkedin.com\\\/company\\\/radio-ljubuski\",\"https:\\\/\\\/www.youtube.com\\\/channel\\\/UCHYaeO_n0Db3tjNGudGpXyw\"]},{\"@type\":\"Person\",\"@id\":\"https:\\\/\\\/radioljubuski.ba\\\/#\\\/schema\\\/person\\\/19fc700381a780f69665d7956c469e3b\",\"name\":\"Radio Ljubu\u0161ki\"}]}<\/script>\n<!-- \/ Yoast SEO plugin. -->","yoast_head_json":{"title":"\u0160piri\u0107: Izetbegovi\u0107eva gra\u0111anska sna\u017ean iskorak ka islamskoj BiH - RADIO LJUBU\u0160KI","robots":{"index":"index","follow":"follow","max-snippet":"max-snippet:-1","max-image-preview":"max-image-preview:large","max-video-preview":"max-video-preview:-1"},"canonical":"https:\/\/radioljubuski.ba\/index.php\/2021\/03\/23\/spiric-izetbegoviceva-gradanska-snazan-iskorak-ka-islamskoj-bih\/","og_locale":"hr_HR","og_type":"article","og_title":"\u0160piri\u0107: Izetbegovi\u0107eva gra\u0111anska sna\u017ean iskorak ka islamskoj BiH - RADIO LJUBU\u0160KI","og_description":"Zamjenik predsjedatelja Doma naroda Parlamenta BiH Nikola \u0160piri\u0107 rekao je Srni da u BiH mora biti postignut dogovor o njenom funkcioniranju, te istaknuo da gra\u0111ansku BiH po vi\u0111enju lidera SDA Bakira Izetbegovi\u0107a Srbi i Hrvati vide kao prvi sna\u017ean iskorak ka islamskoj BiH. \u0160piri\u0107 je naglasio da su izjave Bakira Izetbegovi\u0107a o unitarnom ure\u0111enju i [&hellip;]","og_url":"https:\/\/radioljubuski.ba\/index.php\/2021\/03\/23\/spiric-izetbegoviceva-gradanska-snazan-iskorak-ka-islamskoj-bih\/","og_site_name":"RADIO LJUBU\u0160KI","article_publisher":"https:\/\/www.facebook.com\/Radiio-Ljubuski-1490835324566332","article_published_time":"2021-03-22T23:30:08+00:00","og_image":[{"width":604,"height":345,"url":"https:\/\/radioljubuski.ba\/wp-content\/uploads\/2021\/03\/spiric-savjet-ministara-radi-na-baterije-nikolaspiric_5da5ab5a53b49.jpg","type":"image\/jpeg"}],"author":"Radio Ljubu\u0161ki","twitter_card":"summary_large_image","twitter_creator":"@radioljubuski","twitter_site":"@radioljubuski","twitter_misc":{"Napisao\/la":"Radio Ljubu\u0161ki","Procijenjeno vrijeme \u010ditanja":"2 minute"},"schema":{"@context":"https:\/\/schema.org","@graph":[{"@type":"Article","@id":"https:\/\/radioljubuski.ba\/index.php\/2021\/03\/23\/spiric-izetbegoviceva-gradanska-snazan-iskorak-ka-islamskoj-bih\/#article","isPartOf":{"@id":"https:\/\/radioljubuski.ba\/index.php\/2021\/03\/23\/spiric-izetbegoviceva-gradanska-snazan-iskorak-ka-islamskoj-bih\/"},"author":{"name":"Radio Ljubu\u0161ki","@id":"https:\/\/radioljubuski.ba\/#\/schema\/person\/19fc700381a780f69665d7956c469e3b"},"headline":"\u0160piri\u0107: Izetbegovi\u0107eva gra\u0111anska sna\u017ean iskorak ka islamskoj BiH","datePublished":"2021-03-22T23:30:08+00:00","mainEntityOfPage":{"@id":"https:\/\/radioljubuski.ba\/index.php\/2021\/03\/23\/spiric-izetbegoviceva-gradanska-snazan-iskorak-ka-islamskoj-bih\/"},"wordCount":319,"publisher":{"@id":"https:\/\/radioljubuski.ba\/#organization"},"image":{"@id":"https:\/\/radioljubuski.ba\/index.php\/2021\/03\/23\/spiric-izetbegoviceva-gradanska-snazan-iskorak-ka-islamskoj-bih\/#primaryimage"},"thumbnailUrl":"https:\/\/radioljubuski.ba\/wp-content\/uploads\/2021\/03\/spiric-savjet-ministara-radi-na-baterije-nikolaspiric_5da5ab5a53b49.jpg","articleSection":["BIH i regija"],"inLanguage":"hr"},{"@type":"WebPage","@id":"https:\/\/radioljubuski.ba\/index.php\/2021\/03\/23\/spiric-izetbegoviceva-gradanska-snazan-iskorak-ka-islamskoj-bih\/","url":"https:\/\/radioljubuski.ba\/index.php\/2021\/03\/23\/spiric-izetbegoviceva-gradanska-snazan-iskorak-ka-islamskoj-bih\/","name":"\u0160piri\u0107: Izetbegovi\u0107eva gra\u0111anska sna\u017ean iskorak ka islamskoj BiH - RADIO LJUBU\u0160KI","isPartOf":{"@id":"https:\/\/radioljubuski.ba\/#website"},"primaryImageOfPage":{"@id":"https:\/\/radioljubuski.ba\/index.php\/2021\/03\/23\/spiric-izetbegoviceva-gradanska-snazan-iskorak-ka-islamskoj-bih\/#primaryimage"},"image":{"@id":"https:\/\/radioljubuski.ba\/index.php\/2021\/03\/23\/spiric-izetbegoviceva-gradanska-snazan-iskorak-ka-islamskoj-bih\/#primaryimage"},"thumbnailUrl":"https:\/\/radioljubuski.ba\/wp-content\/uploads\/2021\/03\/spiric-savjet-ministara-radi-na-baterije-nikolaspiric_5da5ab5a53b49.jpg","datePublished":"2021-03-22T23:30:08+00:00","breadcrumb":{"@id":"https:\/\/radioljubuski.ba\/index.php\/2021\/03\/23\/spiric-izetbegoviceva-gradanska-snazan-iskorak-ka-islamskoj-bih\/#breadcrumb"},"inLanguage":"hr","potentialAction":[{"@type":"ReadAction","target":["https:\/\/radioljubuski.ba\/index.php\/2021\/03\/23\/spiric-izetbegoviceva-gradanska-snazan-iskorak-ka-islamskoj-bih\/"]}]},{"@type":"ImageObject","inLanguage":"hr","@id":"https:\/\/radioljubuski.ba\/index.php\/2021\/03\/23\/spiric-izetbegoviceva-gradanska-snazan-iskorak-ka-islamskoj-bih\/#primaryimage","url":"https:\/\/radioljubuski.ba\/wp-content\/uploads\/2021\/03\/spiric-savjet-ministara-radi-na-baterije-nikolaspiric_5da5ab5a53b49.jpg","contentUrl":"https:\/\/radioljubuski.ba\/wp-content\/uploads\/2021\/03\/spiric-savjet-ministara-radi-na-baterije-nikolaspiric_5da5ab5a53b49.jpg","width":604,"height":345},{"@type":"BreadcrumbList","@id":"https:\/\/radioljubuski.ba\/index.php\/2021\/03\/23\/spiric-izetbegoviceva-gradanska-snazan-iskorak-ka-islamskoj-bih\/#breadcrumb","itemListElement":[{"@type":"ListItem","position":1,"name":"Po\u010detna stranica","item":"https:\/\/radioljubuski.ba\/"},{"@type":"ListItem","position":2,"name":"\u0160piri\u0107: Izetbegovi\u0107eva gra\u0111anska sna\u017ean iskorak ka islamskoj BiH"}]},{"@type":"WebSite","@id":"https:\/\/radioljubuski.ba\/#website","url":"https:\/\/radioljubuski.ba\/","name":"Radio Ljubu\u0161ki","description":"Sun\u010dana frekvencija Hercegovine","publisher":{"@id":"https:\/\/radioljubuski.ba\/#organization"},"potentialAction":[{"@type":"SearchAction","target":{"@type":"EntryPoint","urlTemplate":"https:\/\/radioljubuski.ba\/?s={search_term_string}"},"query-input":{"@type":"PropertyValueSpecification","valueRequired":true,"valueName":"search_term_string"}}],"inLanguage":"hr"},{"@type":"Organization","@id":"https:\/\/radioljubuski.ba\/#organization","name":"Radio Ljubu\u0161ki","url":"https:\/\/radioljubuski.ba\/","logo":{"@type":"ImageObject","inLanguage":"hr","@id":"https:\/\/radioljubuski.ba\/#\/schema\/logo\/image\/","url":"https:\/\/radioljubuski.ba\/wp-content\/uploads\/2021\/02\/cropped-Radio_Ljubuski_logo1.jpg","contentUrl":"https:\/\/radioljubuski.ba\/wp-content\/uploads\/2021\/02\/cropped-Radio_Ljubuski_logo1.jpg","width":512,"height":512,"caption":"Radio Ljubu\u0161ki"},"image":{"@id":"https:\/\/radioljubuski.ba\/#\/schema\/logo\/image\/"},"sameAs":["https:\/\/www.facebook.com\/Radiio-Ljubuski-1490835324566332","https:\/\/x.com\/radioljubuski","https:\/\/hr.linkedin.com\/company\/radio-ljubuski","https:\/\/www.youtube.com\/channel\/UCHYaeO_n0Db3tjNGudGpXyw"]},{"@type":"Person","@id":"https:\/\/radioljubuski.ba\/#\/schema\/person\/19fc700381a780f69665d7956c469e3b","name":"Radio Ljubu\u0161ki"}]}},"_links":{"self":[{"href":"https:\/\/radioljubuski.ba\/index.php\/wp-json\/wp\/v2\/posts\/6059","targetHints":{"allow":["GET"]}}],"collection":[{"href":"https:\/\/radioljubuski.ba\/index.php\/wp-json\/wp\/v2\/posts"}],"about":[{"href":"https:\/\/radioljubuski.ba\/index.php\/wp-json\/wp\/v2\/types\/post"}],"author":[{"embeddable":true,"href":"https:\/\/radioljubuski.ba\/index.php\/wp-json\/wp\/v2\/users\/2"}],"replies":[{"embeddable":true,"href":"https:\/\/radioljubuski.ba\/index.php\/wp-json\/wp\/v2\/comments?post=6059"}],"version-history":[{"count":1,"href":"https:\/\/radioljubuski.ba\/index.php\/wp-json\/wp\/v2\/posts\/6059\/revisions"}],"predecessor-version":[{"id":6061,"href":"https:\/\/radioljubuski.ba\/index.php\/wp-json\/wp\/v2\/posts\/6059\/revisions\/6061"}],"wp:featuredmedia":[{"embeddable":true,"href":"https:\/\/radioljubuski.ba\/index.php\/wp-json\/wp\/v2\/media\/6060"}],"wp:attachment":[{"href":"https:\/\/radioljubuski.ba\/index.php\/wp-json\/wp\/v2\/media?parent=6059"}],"wp:term":[{"taxonomy":"category","embeddable":true,"href":"https:\/\/radioljubuski.ba\/index.php\/wp-json\/wp\/v2\/categories?post=6059"},{"taxonomy":"post_tag","embeddable":true,"href":"https:\/\/radioljubuski.ba\/index.php\/wp-json\/wp\/v2\/tags?post=6059"}],"curies":[{"name":"wp","href":"https:\/\/api.w.org\/{rel}","templated":true}]}}