{"id":6062,"date":"2021-03-23T00:31:59","date_gmt":"2021-03-22T23:31:59","guid":{"rendered":"https:\/\/radioljubuski.ba\/?p=6062"},"modified":"2021-03-23T00:32:01","modified_gmt":"2021-03-22T23:32:01","slug":"senad-avdic-o-dzemalu-sabicu-krao-automobile-pa-zavrsio-u-zatvoru-gdje-ga-je-radikalizirao-handala-a-onda-postao-direktor-ftv","status":"publish","type":"post","link":"https:\/\/radioljubuski.ba\/index.php\/2021\/03\/23\/senad-avdic-o-dzemalu-sabicu-krao-automobile-pa-zavrsio-u-zatvoru-gdje-ga-je-radikalizirao-handala-a-onda-postao-direktor-ftv\/","title":{"rendered":"Senad Avdi\u0107 o D\u017eemalu \u0160abi\u0107u: Krao automobile pa zavr\u0161io u zatvoru, gdje ga je radikalizirao Handala a onda postao direktor FTV"},"content":{"rendered":"\n<p><strong>U tekstu pod naslovom&nbsp;<a href=\"https:\/\/www.slobodna-bosna.ba\/vijest\/192622\/o_bosnjachkim_jupiterima_i_njihovim_volovima_ko_i_gdje_u_sarajevu_izdaje_uvjerenja_o_podobnosti_lojalnosti_i_patriotizmu.html\" target=\"_blank\" rel=\"noreferrer noopener\">\u201cO bo\u0161nja\u010dkim jupiterima i njihovim volovima\u201d<\/a>&nbsp;glavni urednik portala Slobodna Bosna Senad Avdi\u0107 pi\u0161e i o D\u017eemalu \u0160abi\u0107u, otkrivaju\u0107i \u0161iroj javnosti do sada nepoznatu pro\u0161lost ravnatelja RTV FBiH, prenosi HMS.<\/strong><\/p>\n\n\n\n<p>-Tih sam dana nekako i odnekud dobio iskaz direktora Federalne televizije D\u017eemala \u0160abi\u0107a kojeg je dao (tajnoj) policiji prije skoro 25 godina. \u0160abi\u0107 je saslu\u0161avan kao svjedok, ili kao sau\u010desnik u zavjeri svog zatvorskog kolege Ahmeda Zuhaira Handale, teroriste koji je 1997. godine autobombom sravnio sa zemljom cijeli jedan kvart u (zapadnom) Mostaru. Handala je tijekom boravka u zatvoru Kaonik u srednjoj Bosni uspio radikalizirati svog zatvorskog cimera-brata \u0160abi\u0107a i najaviti mu brutalnu osvetu Hrvatima zbog svog pritvaranja. \u0160abi\u0107 je nakon izlaska iz zatvora okupljao Handalinu teroristi\u010dku bratiju i zajedi\u010dki s njima planirao njegovo nasilno osloba\u0111anje iz zatvora. Otkud uop\u0107e D\u017eemal \u0160abi\u0107 u zatvoru? Krala mom\u010dina automobile pa uhap\u0161en i osu\u0111en, pi\u0161e Avdi\u0107.<\/p>\n\n\n\n<p><strong>Stanica podlugovi Handalinog \u0160abi\u0107a<\/strong><\/p>\n\n\n\n<p>Avdi\u0107 otkriva kako se tijekom saslu\u0161anja u policiji \u0160abi\u0107 sje\u0107ao svojega radikaliziranja i dana provedenih u edukativnim razgovorima s teroristom koji \u0107e 3-4 godine kasnije biti uhi\u0107en negdje na Bliskom istoku i deportiran u Guantanamo.<\/p>\n\n\n\n<p>\u201cDrugi na\u010din kojim bi se on osve\u0107ivao je pominjana mogu\u0107nost postavljanja eksplozivnih naprava u objekte koji su smje\u0161teni u blizini i na linijima razdvajanja ABiH i HVO. Kao dobar primjer naveo je benzinsku pumpu u podru\u010dju Travnika i \u017dep\u010da koje se nalaze na liniji razdvajanja. Postavljanje takvih naprava pod te objekte napravilo bi veliku \u0161tetu \u0161irem rejonu koji je po njegovim rije\u010dima naseljen hrvatskim \u017eivljem. U odnosu na ostala prevozna sredstva u izvr\u0161avanju teroristi\u010dki akcija nagla\u0161avao je prednost motora. Po njemu prednosti se ogledaju u mogu\u0107nosti lak\u0161eg bijega sa lica mjesta zlo\u010dina, te\u017ee mogu\u0107nosti identifikacije izvr\u0161ilaca.\u201d<\/p>\n\n\n\n<p>D\u017eemal \u0160abi\u0107, nakon izdr\u017eane kazne i izlaska iz zatvora, ne upozorava nadle\u017ene vlasti o paklenim planovima svirepog teroriste, nego nastavlja raditi po Handalinim uputama.<\/p>\n\n\n\n<p>\u201c\u2026Iz zatvora sam uspio iznijeti li\u010dne pribilje\u0161ke o doga\u0111anjima u pritvoru i ve\u0107ini razgovora koje sam vodio sa Ahmedom Zuhairom, a \u0161to mi je prona\u0111eno u toku pretresa stana u Podlugovima.\u201d<\/p>\n\n\n\n<p>-Nekoliko godina kasnije, s fakultetskom diplomom, D\u017eemal \u0160abi\u0107 se zapo\u0161ljava na Federalnoj televiziji, snima dokumentarce i maratonske razgovore s muslimanskim intelektualcima, ako se sje\u0107am i s spomenutim Alispahi\u0107em i D\u017eemaludinom Lati\u0107em. S tridesetak godina \u017eivota, 2008., postaje direktor javnog servisa, valjda najmla\u0111i u njegovoj povijesti, i ostaje do dana dana\u0161njeg. Javni servis je (barem je tako bilo u nedemokratsko doba) institucija od najvi\u0161eg dr\u017eavnog i sigurnosnog interesa i pa\u017enje te bi osoba s takvih kaznenim dosjeom i sigurnosno neurednom biografijom morali tra\u017eiti specijalnu propusnicu da u\u0111e u \u201cSivi dom\u201d, a kamoli da se uspentra na njegov organizacijski vrh, pi\u0161e Avdi\u0107 i zaklju\u010duje: -Nije D\u017eemal \u0160abi\u0107 ostvario vrtoglavo brzu karijeru zato \u0161to oni koji su ga imenovali nisu znali za njegove mladala\u010dke grijehe, aktivne simpatije za islamisti\u010dki radikalizam, nego suprotno: zato \u0161to su znali i cijenili to kao doprinos \u201cna\u0161oj stvari\u201d.<\/p>\n\n\n\n<p>\/HMS\/<\/p>\n","protected":false},"excerpt":{"rendered":"<p>U tekstu pod naslovom&nbsp;\u201cO bo\u0161nja\u010dkim jupiterima i njihovim volovima\u201d&nbsp;glavni urednik portala Slobodna Bosna Senad Avdi\u0107 pi\u0161e i o D\u017eemalu \u0160abi\u0107u, otkrivaju\u0107i \u0161iroj javnosti do sada nepoznatu pro\u0161lost ravnatelja RTV FBiH, prenosi HMS. -Tih sam dana nekako i odnekud dobio iskaz direktora Federalne televizije D\u017eemala \u0160abi\u0107a kojeg je dao (tajnoj) policiji prije skoro 25 godina. \u0160abi\u0107 [&hellip;]<\/p>\n","protected":false},"author":2,"featured_media":6063,"comment_status":"closed","ping_status":"closed","sticky":false,"template":"","format":"standard","meta":{"h5ap_radio_sources":[],"footnotes":""},"categories":[1],"tags":[],"class_list":["post-6062","post","type-post","status-publish","format-standard","has-post-thumbnail","hentry","category-bihiregija"],"yoast_head":"<!-- This site is optimized with the Yoast SEO plugin v27.5 - https:\/\/yoast.com\/product\/yoast-seo-wordpress\/ -->\n<title>Senad Avdi\u0107 o D\u017eemalu \u0160abi\u0107u: Krao automobile pa zavr\u0161io u zatvoru, gdje ga je radikalizirao Handala a onda postao direktor FTV - RADIO LJUBU\u0160KI<\/title>\n<meta name=\"robots\" content=\"index, follow, max-snippet:-1, max-image-preview:large, max-video-preview:-1\" \/>\n<link rel=\"canonical\" href=\"https:\/\/radioljubuski.ba\/index.php\/2021\/03\/23\/senad-avdic-o-dzemalu-sabicu-krao-automobile-pa-zavrsio-u-zatvoru-gdje-ga-je-radikalizirao-handala-a-onda-postao-direktor-ftv\/\" \/>\n<meta property=\"og:locale\" content=\"hr_HR\" \/>\n<meta property=\"og:type\" content=\"article\" \/>\n<meta property=\"og:title\" content=\"Senad Avdi\u0107 o D\u017eemalu \u0160abi\u0107u: Krao automobile pa zavr\u0161io u zatvoru, gdje ga je radikalizirao Handala a onda postao direktor FTV - RADIO LJUBU\u0160KI\" \/>\n<meta property=\"og:description\" content=\"U tekstu pod naslovom&nbsp;\u201cO bo\u0161nja\u010dkim jupiterima i njihovim volovima\u201d&nbsp;glavni urednik portala Slobodna Bosna Senad Avdi\u0107 pi\u0161e i o D\u017eemalu \u0160abi\u0107u, otkrivaju\u0107i \u0161iroj javnosti do sada nepoznatu pro\u0161lost ravnatelja RTV FBiH, prenosi HMS. -Tih sam dana nekako i odnekud dobio iskaz direktora Federalne televizije D\u017eemala \u0160abi\u0107a kojeg je dao (tajnoj) policiji prije skoro 25 godina. \u0160abi\u0107 [&hellip;]\" \/>\n<meta property=\"og:url\" content=\"https:\/\/radioljubuski.ba\/index.php\/2021\/03\/23\/senad-avdic-o-dzemalu-sabicu-krao-automobile-pa-zavrsio-u-zatvoru-gdje-ga-je-radikalizirao-handala-a-onda-postao-direktor-ftv\/\" \/>\n<meta property=\"og:site_name\" content=\"RADIO LJUBU\u0160KI\" \/>\n<meta property=\"article:publisher\" content=\"https:\/\/www.facebook.com\/Radiio-Ljubuski-1490835324566332\" \/>\n<meta property=\"article:published_time\" content=\"2021-03-22T23:31:59+00:00\" \/>\n<meta property=\"article:modified_time\" content=\"2021-03-22T23:32:01+00:00\" \/>\n<meta property=\"og:image\" content=\"https:\/\/radioljubuski.ba\/wp-content\/uploads\/2021\/03\/dzemal-sabic.jpg\" \/>\n\t<meta property=\"og:image:width\" content=\"750\" \/>\n\t<meta property=\"og:image:height\" content=\"545\" \/>\n\t<meta property=\"og:image:type\" content=\"image\/jpeg\" \/>\n<meta name=\"author\" content=\"Radio Ljubu\u0161ki\" \/>\n<meta name=\"twitter:card\" content=\"summary_large_image\" \/>\n<meta name=\"twitter:creator\" content=\"@radioljubuski\" \/>\n<meta name=\"twitter:site\" content=\"@radioljubuski\" \/>\n<meta name=\"twitter:label1\" content=\"Napisao\/la\" \/>\n\t<meta name=\"twitter:data1\" content=\"Radio Ljubu\u0161ki\" \/>\n\t<meta name=\"twitter:label2\" content=\"Procijenjeno vrijeme \u010ditanja\" \/>\n\t<meta name=\"twitter:data2\" content=\"3 minute\" \/>\n<script type=\"application\/ld+json\" class=\"yoast-schema-graph\">{\"@context\":\"https:\\\/\\\/schema.org\",\"@graph\":[{\"@type\":\"Article\",\"@id\":\"https:\\\/\\\/radioljubuski.ba\\\/index.php\\\/2021\\\/03\\\/23\\\/senad-avdic-o-dzemalu-sabicu-krao-automobile-pa-zavrsio-u-zatvoru-gdje-ga-je-radikalizirao-handala-a-onda-postao-direktor-ftv\\\/#article\",\"isPartOf\":{\"@id\":\"https:\\\/\\\/radioljubuski.ba\\\/index.php\\\/2021\\\/03\\\/23\\\/senad-avdic-o-dzemalu-sabicu-krao-automobile-pa-zavrsio-u-zatvoru-gdje-ga-je-radikalizirao-handala-a-onda-postao-direktor-ftv\\\/\"},\"author\":{\"name\":\"Radio Ljubu\u0161ki\",\"@id\":\"https:\\\/\\\/radioljubuski.ba\\\/#\\\/schema\\\/person\\\/19fc700381a780f69665d7956c469e3b\"},\"headline\":\"Senad Avdi\u0107 o D\u017eemalu \u0160abi\u0107u: Krao automobile pa zavr\u0161io u zatvoru, gdje ga je radikalizirao Handala a onda postao direktor FTV\",\"datePublished\":\"2021-03-22T23:31:59+00:00\",\"dateModified\":\"2021-03-22T23:32:01+00:00\",\"mainEntityOfPage\":{\"@id\":\"https:\\\/\\\/radioljubuski.ba\\\/index.php\\\/2021\\\/03\\\/23\\\/senad-avdic-o-dzemalu-sabicu-krao-automobile-pa-zavrsio-u-zatvoru-gdje-ga-je-radikalizirao-handala-a-onda-postao-direktor-ftv\\\/\"},\"wordCount\":569,\"publisher\":{\"@id\":\"https:\\\/\\\/radioljubuski.ba\\\/#organization\"},\"image\":{\"@id\":\"https:\\\/\\\/radioljubuski.ba\\\/index.php\\\/2021\\\/03\\\/23\\\/senad-avdic-o-dzemalu-sabicu-krao-automobile-pa-zavrsio-u-zatvoru-gdje-ga-je-radikalizirao-handala-a-onda-postao-direktor-ftv\\\/#primaryimage\"},\"thumbnailUrl\":\"https:\\\/\\\/radioljubuski.ba\\\/wp-content\\\/uploads\\\/2021\\\/03\\\/dzemal-sabic.jpg\",\"articleSection\":[\"BIH i regija\"],\"inLanguage\":\"hr\"},{\"@type\":\"WebPage\",\"@id\":\"https:\\\/\\\/radioljubuski.ba\\\/index.php\\\/2021\\\/03\\\/23\\\/senad-avdic-o-dzemalu-sabicu-krao-automobile-pa-zavrsio-u-zatvoru-gdje-ga-je-radikalizirao-handala-a-onda-postao-direktor-ftv\\\/\",\"url\":\"https:\\\/\\\/radioljubuski.ba\\\/index.php\\\/2021\\\/03\\\/23\\\/senad-avdic-o-dzemalu-sabicu-krao-automobile-pa-zavrsio-u-zatvoru-gdje-ga-je-radikalizirao-handala-a-onda-postao-direktor-ftv\\\/\",\"name\":\"Senad Avdi\u0107 o D\u017eemalu \u0160abi\u0107u: Krao automobile pa zavr\u0161io u zatvoru, gdje ga je radikalizirao Handala a onda postao direktor FTV - RADIO LJUBU\u0160KI\",\"isPartOf\":{\"@id\":\"https:\\\/\\\/radioljubuski.ba\\\/#website\"},\"primaryImageOfPage\":{\"@id\":\"https:\\\/\\\/radioljubuski.ba\\\/index.php\\\/2021\\\/03\\\/23\\\/senad-avdic-o-dzemalu-sabicu-krao-automobile-pa-zavrsio-u-zatvoru-gdje-ga-je-radikalizirao-handala-a-onda-postao-direktor-ftv\\\/#primaryimage\"},\"image\":{\"@id\":\"https:\\\/\\\/radioljubuski.ba\\\/index.php\\\/2021\\\/03\\\/23\\\/senad-avdic-o-dzemalu-sabicu-krao-automobile-pa-zavrsio-u-zatvoru-gdje-ga-je-radikalizirao-handala-a-onda-postao-direktor-ftv\\\/#primaryimage\"},\"thumbnailUrl\":\"https:\\\/\\\/radioljubuski.ba\\\/wp-content\\\/uploads\\\/2021\\\/03\\\/dzemal-sabic.jpg\",\"datePublished\":\"2021-03-22T23:31:59+00:00\",\"dateModified\":\"2021-03-22T23:32:01+00:00\",\"breadcrumb\":{\"@id\":\"https:\\\/\\\/radioljubuski.ba\\\/index.php\\\/2021\\\/03\\\/23\\\/senad-avdic-o-dzemalu-sabicu-krao-automobile-pa-zavrsio-u-zatvoru-gdje-ga-je-radikalizirao-handala-a-onda-postao-direktor-ftv\\\/#breadcrumb\"},\"inLanguage\":\"hr\",\"potentialAction\":[{\"@type\":\"ReadAction\",\"target\":[\"https:\\\/\\\/radioljubuski.ba\\\/index.php\\\/2021\\\/03\\\/23\\\/senad-avdic-o-dzemalu-sabicu-krao-automobile-pa-zavrsio-u-zatvoru-gdje-ga-je-radikalizirao-handala-a-onda-postao-direktor-ftv\\\/\"]}]},{\"@type\":\"ImageObject\",\"inLanguage\":\"hr\",\"@id\":\"https:\\\/\\\/radioljubuski.ba\\\/index.php\\\/2021\\\/03\\\/23\\\/senad-avdic-o-dzemalu-sabicu-krao-automobile-pa-zavrsio-u-zatvoru-gdje-ga-je-radikalizirao-handala-a-onda-postao-direktor-ftv\\\/#primaryimage\",\"url\":\"https:\\\/\\\/radioljubuski.ba\\\/wp-content\\\/uploads\\\/2021\\\/03\\\/dzemal-sabic.jpg\",\"contentUrl\":\"https:\\\/\\\/radioljubuski.ba\\\/wp-content\\\/uploads\\\/2021\\\/03\\\/dzemal-sabic.jpg\",\"width\":750,\"height\":545},{\"@type\":\"BreadcrumbList\",\"@id\":\"https:\\\/\\\/radioljubuski.ba\\\/index.php\\\/2021\\\/03\\\/23\\\/senad-avdic-o-dzemalu-sabicu-krao-automobile-pa-zavrsio-u-zatvoru-gdje-ga-je-radikalizirao-handala-a-onda-postao-direktor-ftv\\\/#breadcrumb\",\"itemListElement\":[{\"@type\":\"ListItem\",\"position\":1,\"name\":\"Po\u010detna stranica\",\"item\":\"https:\\\/\\\/radioljubuski.ba\\\/\"},{\"@type\":\"ListItem\",\"position\":2,\"name\":\"Senad Avdi\u0107 o D\u017eemalu \u0160abi\u0107u: Krao automobile pa zavr\u0161io u zatvoru, gdje ga je radikalizirao Handala a onda postao direktor FTV\"}]},{\"@type\":\"WebSite\",\"@id\":\"https:\\\/\\\/radioljubuski.ba\\\/#website\",\"url\":\"https:\\\/\\\/radioljubuski.ba\\\/\",\"name\":\"Radio Ljubu\u0161ki\",\"description\":\"Sun\u010dana frekvencija Hercegovine\",\"publisher\":{\"@id\":\"https:\\\/\\\/radioljubuski.ba\\\/#organization\"},\"potentialAction\":[{\"@type\":\"SearchAction\",\"target\":{\"@type\":\"EntryPoint\",\"urlTemplate\":\"https:\\\/\\\/radioljubuski.ba\\\/?s={search_term_string}\"},\"query-input\":{\"@type\":\"PropertyValueSpecification\",\"valueRequired\":true,\"valueName\":\"search_term_string\"}}],\"inLanguage\":\"hr\"},{\"@type\":\"Organization\",\"@id\":\"https:\\\/\\\/radioljubuski.ba\\\/#organization\",\"name\":\"Radio Ljubu\u0161ki\",\"url\":\"https:\\\/\\\/radioljubuski.ba\\\/\",\"logo\":{\"@type\":\"ImageObject\",\"inLanguage\":\"hr\",\"@id\":\"https:\\\/\\\/radioljubuski.ba\\\/#\\\/schema\\\/logo\\\/image\\\/\",\"url\":\"https:\\\/\\\/radioljubuski.ba\\\/wp-content\\\/uploads\\\/2021\\\/02\\\/cropped-Radio_Ljubuski_logo1.jpg\",\"contentUrl\":\"https:\\\/\\\/radioljubuski.ba\\\/wp-content\\\/uploads\\\/2021\\\/02\\\/cropped-Radio_Ljubuski_logo1.jpg\",\"width\":512,\"height\":512,\"caption\":\"Radio Ljubu\u0161ki\"},\"image\":{\"@id\":\"https:\\\/\\\/radioljubuski.ba\\\/#\\\/schema\\\/logo\\\/image\\\/\"},\"sameAs\":[\"https:\\\/\\\/www.facebook.com\\\/Radiio-Ljubuski-1490835324566332\",\"https:\\\/\\\/x.com\\\/radioljubuski\",\"https:\\\/\\\/hr.linkedin.com\\\/company\\\/radio-ljubuski\",\"https:\\\/\\\/www.youtube.com\\\/channel\\\/UCHYaeO_n0Db3tjNGudGpXyw\"]},{\"@type\":\"Person\",\"@id\":\"https:\\\/\\\/radioljubuski.ba\\\/#\\\/schema\\\/person\\\/19fc700381a780f69665d7956c469e3b\",\"name\":\"Radio Ljubu\u0161ki\"}]}<\/script>\n<!-- \/ Yoast SEO plugin. -->","yoast_head_json":{"title":"Senad Avdi\u0107 o D\u017eemalu \u0160abi\u0107u: Krao automobile pa zavr\u0161io u zatvoru, gdje ga je radikalizirao Handala a onda postao direktor FTV - RADIO LJUBU\u0160KI","robots":{"index":"index","follow":"follow","max-snippet":"max-snippet:-1","max-image-preview":"max-image-preview:large","max-video-preview":"max-video-preview:-1"},"canonical":"https:\/\/radioljubuski.ba\/index.php\/2021\/03\/23\/senad-avdic-o-dzemalu-sabicu-krao-automobile-pa-zavrsio-u-zatvoru-gdje-ga-je-radikalizirao-handala-a-onda-postao-direktor-ftv\/","og_locale":"hr_HR","og_type":"article","og_title":"Senad Avdi\u0107 o D\u017eemalu \u0160abi\u0107u: Krao automobile pa zavr\u0161io u zatvoru, gdje ga je radikalizirao Handala a onda postao direktor FTV - RADIO LJUBU\u0160KI","og_description":"U tekstu pod naslovom&nbsp;\u201cO bo\u0161nja\u010dkim jupiterima i njihovim volovima\u201d&nbsp;glavni urednik portala Slobodna Bosna Senad Avdi\u0107 pi\u0161e i o D\u017eemalu \u0160abi\u0107u, otkrivaju\u0107i \u0161iroj javnosti do sada nepoznatu pro\u0161lost ravnatelja RTV FBiH, prenosi HMS. -Tih sam dana nekako i odnekud dobio iskaz direktora Federalne televizije D\u017eemala \u0160abi\u0107a kojeg je dao (tajnoj) policiji prije skoro 25 godina. \u0160abi\u0107 [&hellip;]","og_url":"https:\/\/radioljubuski.ba\/index.php\/2021\/03\/23\/senad-avdic-o-dzemalu-sabicu-krao-automobile-pa-zavrsio-u-zatvoru-gdje-ga-je-radikalizirao-handala-a-onda-postao-direktor-ftv\/","og_site_name":"RADIO LJUBU\u0160KI","article_publisher":"https:\/\/www.facebook.com\/Radiio-Ljubuski-1490835324566332","article_published_time":"2021-03-22T23:31:59+00:00","article_modified_time":"2021-03-22T23:32:01+00:00","og_image":[{"width":750,"height":545,"url":"https:\/\/radioljubuski.ba\/wp-content\/uploads\/2021\/03\/dzemal-sabic.jpg","type":"image\/jpeg"}],"author":"Radio Ljubu\u0161ki","twitter_card":"summary_large_image","twitter_creator":"@radioljubuski","twitter_site":"@radioljubuski","twitter_misc":{"Napisao\/la":"Radio Ljubu\u0161ki","Procijenjeno vrijeme \u010ditanja":"3 minute"},"schema":{"@context":"https:\/\/schema.org","@graph":[{"@type":"Article","@id":"https:\/\/radioljubuski.ba\/index.php\/2021\/03\/23\/senad-avdic-o-dzemalu-sabicu-krao-automobile-pa-zavrsio-u-zatvoru-gdje-ga-je-radikalizirao-handala-a-onda-postao-direktor-ftv\/#article","isPartOf":{"@id":"https:\/\/radioljubuski.ba\/index.php\/2021\/03\/23\/senad-avdic-o-dzemalu-sabicu-krao-automobile-pa-zavrsio-u-zatvoru-gdje-ga-je-radikalizirao-handala-a-onda-postao-direktor-ftv\/"},"author":{"name":"Radio Ljubu\u0161ki","@id":"https:\/\/radioljubuski.ba\/#\/schema\/person\/19fc700381a780f69665d7956c469e3b"},"headline":"Senad Avdi\u0107 o D\u017eemalu \u0160abi\u0107u: Krao automobile pa zavr\u0161io u zatvoru, gdje ga je radikalizirao Handala a onda postao direktor FTV","datePublished":"2021-03-22T23:31:59+00:00","dateModified":"2021-03-22T23:32:01+00:00","mainEntityOfPage":{"@id":"https:\/\/radioljubuski.ba\/index.php\/2021\/03\/23\/senad-avdic-o-dzemalu-sabicu-krao-automobile-pa-zavrsio-u-zatvoru-gdje-ga-je-radikalizirao-handala-a-onda-postao-direktor-ftv\/"},"wordCount":569,"publisher":{"@id":"https:\/\/radioljubuski.ba\/#organization"},"image":{"@id":"https:\/\/radioljubuski.ba\/index.php\/2021\/03\/23\/senad-avdic-o-dzemalu-sabicu-krao-automobile-pa-zavrsio-u-zatvoru-gdje-ga-je-radikalizirao-handala-a-onda-postao-direktor-ftv\/#primaryimage"},"thumbnailUrl":"https:\/\/radioljubuski.ba\/wp-content\/uploads\/2021\/03\/dzemal-sabic.jpg","articleSection":["BIH i regija"],"inLanguage":"hr"},{"@type":"WebPage","@id":"https:\/\/radioljubuski.ba\/index.php\/2021\/03\/23\/senad-avdic-o-dzemalu-sabicu-krao-automobile-pa-zavrsio-u-zatvoru-gdje-ga-je-radikalizirao-handala-a-onda-postao-direktor-ftv\/","url":"https:\/\/radioljubuski.ba\/index.php\/2021\/03\/23\/senad-avdic-o-dzemalu-sabicu-krao-automobile-pa-zavrsio-u-zatvoru-gdje-ga-je-radikalizirao-handala-a-onda-postao-direktor-ftv\/","name":"Senad Avdi\u0107 o D\u017eemalu \u0160abi\u0107u: Krao automobile pa zavr\u0161io u zatvoru, gdje ga je radikalizirao Handala a onda postao direktor FTV - RADIO LJUBU\u0160KI","isPartOf":{"@id":"https:\/\/radioljubuski.ba\/#website"},"primaryImageOfPage":{"@id":"https:\/\/radioljubuski.ba\/index.php\/2021\/03\/23\/senad-avdic-o-dzemalu-sabicu-krao-automobile-pa-zavrsio-u-zatvoru-gdje-ga-je-radikalizirao-handala-a-onda-postao-direktor-ftv\/#primaryimage"},"image":{"@id":"https:\/\/radioljubuski.ba\/index.php\/2021\/03\/23\/senad-avdic-o-dzemalu-sabicu-krao-automobile-pa-zavrsio-u-zatvoru-gdje-ga-je-radikalizirao-handala-a-onda-postao-direktor-ftv\/#primaryimage"},"thumbnailUrl":"https:\/\/radioljubuski.ba\/wp-content\/uploads\/2021\/03\/dzemal-sabic.jpg","datePublished":"2021-03-22T23:31:59+00:00","dateModified":"2021-03-22T23:32:01+00:00","breadcrumb":{"@id":"https:\/\/radioljubuski.ba\/index.php\/2021\/03\/23\/senad-avdic-o-dzemalu-sabicu-krao-automobile-pa-zavrsio-u-zatvoru-gdje-ga-je-radikalizirao-handala-a-onda-postao-direktor-ftv\/#breadcrumb"},"inLanguage":"hr","potentialAction":[{"@type":"ReadAction","target":["https:\/\/radioljubuski.ba\/index.php\/2021\/03\/23\/senad-avdic-o-dzemalu-sabicu-krao-automobile-pa-zavrsio-u-zatvoru-gdje-ga-je-radikalizirao-handala-a-onda-postao-direktor-ftv\/"]}]},{"@type":"ImageObject","inLanguage":"hr","@id":"https:\/\/radioljubuski.ba\/index.php\/2021\/03\/23\/senad-avdic-o-dzemalu-sabicu-krao-automobile-pa-zavrsio-u-zatvoru-gdje-ga-je-radikalizirao-handala-a-onda-postao-direktor-ftv\/#primaryimage","url":"https:\/\/radioljubuski.ba\/wp-content\/uploads\/2021\/03\/dzemal-sabic.jpg","contentUrl":"https:\/\/radioljubuski.ba\/wp-content\/uploads\/2021\/03\/dzemal-sabic.jpg","width":750,"height":545},{"@type":"BreadcrumbList","@id":"https:\/\/radioljubuski.ba\/index.php\/2021\/03\/23\/senad-avdic-o-dzemalu-sabicu-krao-automobile-pa-zavrsio-u-zatvoru-gdje-ga-je-radikalizirao-handala-a-onda-postao-direktor-ftv\/#breadcrumb","itemListElement":[{"@type":"ListItem","position":1,"name":"Po\u010detna stranica","item":"https:\/\/radioljubuski.ba\/"},{"@type":"ListItem","position":2,"name":"Senad Avdi\u0107 o D\u017eemalu \u0160abi\u0107u: Krao automobile pa zavr\u0161io u zatvoru, gdje ga je radikalizirao Handala a onda postao direktor FTV"}]},{"@type":"WebSite","@id":"https:\/\/radioljubuski.ba\/#website","url":"https:\/\/radioljubuski.ba\/","name":"Radio Ljubu\u0161ki","description":"Sun\u010dana frekvencija Hercegovine","publisher":{"@id":"https:\/\/radioljubuski.ba\/#organization"},"potentialAction":[{"@type":"SearchAction","target":{"@type":"EntryPoint","urlTemplate":"https:\/\/radioljubuski.ba\/?s={search_term_string}"},"query-input":{"@type":"PropertyValueSpecification","valueRequired":true,"valueName":"search_term_string"}}],"inLanguage":"hr"},{"@type":"Organization","@id":"https:\/\/radioljubuski.ba\/#organization","name":"Radio Ljubu\u0161ki","url":"https:\/\/radioljubuski.ba\/","logo":{"@type":"ImageObject","inLanguage":"hr","@id":"https:\/\/radioljubuski.ba\/#\/schema\/logo\/image\/","url":"https:\/\/radioljubuski.ba\/wp-content\/uploads\/2021\/02\/cropped-Radio_Ljubuski_logo1.jpg","contentUrl":"https:\/\/radioljubuski.ba\/wp-content\/uploads\/2021\/02\/cropped-Radio_Ljubuski_logo1.jpg","width":512,"height":512,"caption":"Radio Ljubu\u0161ki"},"image":{"@id":"https:\/\/radioljubuski.ba\/#\/schema\/logo\/image\/"},"sameAs":["https:\/\/www.facebook.com\/Radiio-Ljubuski-1490835324566332","https:\/\/x.com\/radioljubuski","https:\/\/hr.linkedin.com\/company\/radio-ljubuski","https:\/\/www.youtube.com\/channel\/UCHYaeO_n0Db3tjNGudGpXyw"]},{"@type":"Person","@id":"https:\/\/radioljubuski.ba\/#\/schema\/person\/19fc700381a780f69665d7956c469e3b","name":"Radio Ljubu\u0161ki"}]}},"_links":{"self":[{"href":"https:\/\/radioljubuski.ba\/index.php\/wp-json\/wp\/v2\/posts\/6062","targetHints":{"allow":["GET"]}}],"collection":[{"href":"https:\/\/radioljubuski.ba\/index.php\/wp-json\/wp\/v2\/posts"}],"about":[{"href":"https:\/\/radioljubuski.ba\/index.php\/wp-json\/wp\/v2\/types\/post"}],"author":[{"embeddable":true,"href":"https:\/\/radioljubuski.ba\/index.php\/wp-json\/wp\/v2\/users\/2"}],"replies":[{"embeddable":true,"href":"https:\/\/radioljubuski.ba\/index.php\/wp-json\/wp\/v2\/comments?post=6062"}],"version-history":[{"count":1,"href":"https:\/\/radioljubuski.ba\/index.php\/wp-json\/wp\/v2\/posts\/6062\/revisions"}],"predecessor-version":[{"id":6064,"href":"https:\/\/radioljubuski.ba\/index.php\/wp-json\/wp\/v2\/posts\/6062\/revisions\/6064"}],"wp:featuredmedia":[{"embeddable":true,"href":"https:\/\/radioljubuski.ba\/index.php\/wp-json\/wp\/v2\/media\/6063"}],"wp:attachment":[{"href":"https:\/\/radioljubuski.ba\/index.php\/wp-json\/wp\/v2\/media?parent=6062"}],"wp:term":[{"taxonomy":"category","embeddable":true,"href":"https:\/\/radioljubuski.ba\/index.php\/wp-json\/wp\/v2\/categories?post=6062"},{"taxonomy":"post_tag","embeddable":true,"href":"https:\/\/radioljubuski.ba\/index.php\/wp-json\/wp\/v2\/tags?post=6062"}],"curies":[{"name":"wp","href":"https:\/\/api.w.org\/{rel}","templated":true}]}}