{"id":60666,"date":"2021-09-03T11:07:58","date_gmt":"2021-09-03T10:07:58","guid":{"rendered":"https:\/\/radioljubuski.ba\/?p=60666"},"modified":"2021-09-03T11:09:12","modified_gmt":"2021-09-03T10:09:12","slug":"dino-sinovcic-broncani-na-paraolimpijskim-igrama","status":"publish","type":"post","link":"https:\/\/radioljubuski.ba\/index.php\/2021\/09\/03\/dino-sinovcic-broncani-na-paraolimpijskim-igrama\/","title":{"rendered":"Dino Sinov\u010di\u0107 bron\u010dani na Paraolimpijskim igrama"},"content":{"rendered":"\n<p>Najbolji hrvatski parapliva\u010d Dino Sinov\u010di\u0107 (29) osvojio je tre\u0107e mjesto na 100 m le\u0111no u kategoriji S6 na Paraolimpijskim igrama u Tokiju osvojiv\u0161i \u010detvrtu medalju za Hrvatsku u glavnom gradu Japana.<\/p>\n\n\n\n<p>Sinov\u010di\u0107 je do bronce stigao u dramati\u010dnoj zavr\u0161nici prestigav\u0161i u posljednjim metrima Kineza<strong> Hong Yanga<\/strong>. Dino je na koncu bio tre\u0107i s rezultatom 1:15.74, srebro je osvojio Argentinac<strong> Matiasa de Andrade <\/strong>(1:15.40), dok je zlato osvojio Kinez <strong>Hongguanga Jia <\/strong>(1:12.72). Isti je poredak bio i u jutra\u0161njim kvalifikacijama.<br><br>&#8211; Ovo je ne\u0161to fenomenalno, trenutno nema nitko sretniji od mene. Znam da \u0107e mnogi misliti da to tek bronca, ali treba biti ponosan \u0161to sam uop\u0107e ovjde. Zatim \u0161to sam u\u0161ao u finale, a borit se za medalju i osvojiti je iznad toga nema ni\u0161ta, kazao je pliva\u010d splitskog Mornara.<br><br>Sinov\u010di\u0107 je u Tokio stigao kao aktualni svjetski, biv\u0161i europski i aktualni europski doprvak. I u Tokiju je bio jedan od kandidata za medalju.<br><br>&#8211; To ni\u0161ta ne zna\u010di, jer sam bio svjetski prvak prije dvije godine. Svaka utrka je novo dokazivanje. Osvojiti medalju na natjecanju koje je san svakog sporta\u0161a, za mene je ovo ostvarenje svih snova i da vi\u0161e ne otplivam metra, ja sam svoje odradio.<\/p>\n\n\n\n<blockquote class=\"twitter-tweet\"><p dir=\"ltr\" lang=\"en\">The Rio silver medallist is now the gold medallist in the men&#8217;s 100m backstroke S6 and Croatia wins their 1\u20e3st <a href=\"https:\/\/twitter.com\/hashtag\/Tokyo2020?src=hash&amp;ref_src=twsrc%5Etfw\">#Tokyo2020<\/a> <a href=\"https:\/\/twitter.com\/hashtag\/ParaSwimming?src=hash&amp;ref_src=twsrc%5Etfw\">#ParaSwimming<\/a> medal!<br><br>\ud83e\udd47 Hongguang Jia <a href=\"https:\/\/twitter.com\/hashtag\/CHN?src=hash&amp;ref_src=twsrc%5Etfw\">#CHN<\/a><br>\ud83e\udd48 Matias de Andrade <a href=\"https:\/\/twitter.com\/hashtag\/ARG?src=hash&amp;ref_src=twsrc%5Etfw\">#ARG<\/a><br>\ud83e\udd49 Dino Sinovcic <a href=\"https:\/\/twitter.com\/hashtag\/CRO?src=hash&amp;ref_src=twsrc%5Etfw\">#CRO<\/a><a href=\"https:\/\/twitter.com\/hashtag\/Paralympics?src=hash&amp;ref_src=twsrc%5Etfw\">#Paralympics<\/a> <a href=\"https:\/\/twitter.com\/Paralympics?ref_src=twsrc%5Etfw\">@Paralympics<\/a> <a href=\"https:\/\/twitter.com\/Tokyo2020?ref_src=twsrc%5Etfw\">@Tokyo2020<\/a><\/p>\u2014 #ParaSwimming #Tokyo2020 (@Para_swimming) <a href=\"https:\/\/twitter.com\/Para_swimming\/status\/1433707200963248131?ref_src=twsrc%5Etfw\">September 3, 2021<\/a><\/blockquote> <script async=\"\" src=\"https:\/\/platform.twitter.com\/widgets.js\" charset=\"utf-8\"><\/script>\n\n\n\n<p>Sinov\u010di\u0107 je na okretu bio \u010detvrti i u posljednjih 25 metara je po\u010deo dostizati Kineza. Na koncu je dohvatio broncu, a bio je i blizu srebra.<br><br>&#8211; Ra\u010dunao sam na okretu da \u0107u biti peti jer oni imaju dobar start, ali sam i znao da \u0107u imati snage za drugih 50 m. Plivao sam svoju utrku i nisam sam se obazirao na druge, dodao je.<br><br>Pliva\u010d splitskog Mornara je 2018. osvojio europsko zlato u Dublinu, godinu dana kasnije je u Londonu postao svjetski prvak, a 2020. je bio cilj napasti zlato na paraolimpijskim igrama. No, umije\u0161ala se korona &#8220;zaustaviv\u0161i svijet&#8221;.<br><br>&#8211; Da nije bilo korone sigurno bi ovaj rezultat bio sekundu bolji. Bio sam u vrhunskoj&nbsp; formi, a onda je do\u0161la korona. Sve je poremetila. \u017dalim i \u0161to nije bilo navija\u010da jer mene oni pokre\u010du.<br><br>Na prvom velikom natjecanju nakon povratka u bazen osvojio je srebro na EP u Funchalu u svibnju ove godine.<br><br>&#8211; Spojio sam fantasti\u010dne \u010detiri godine. Da mi je netko to rekao prije nekoliko godina ne bi mu vjerovao niti za jednu od tih medalja, a kamoli za sve ove.<\/p>\n\n\n\n<iframe loading=\"lazy\" src=\"https:\/\/www.facebook.com\/plugins\/video.php?height=476&#038;href=https%3A%2F%2Fwww.facebook.com%2FHRTsport%2Fvideos%2F4548164548548417%2F&#038;show_text=false&#038;width=476&#038;t=0\" width=\"476\" height=\"476\" style=\"border:none;overflow:hidden\" scrolling=\"no\" frameborder=\"0\" allowfullscreen=\"true\" allow=\"autoplay; clipboard-write; encrypted-media; picture-in-picture; web-share\" allowFullScreen=\"true\"><\/iframe>\n\n\n\n<p>Ovo u za njega druge POI. Prvi put je sudjelovao u Rio de Janeiru 2016. godine. Nastupio je pred 10.000 gledatelja, a ugo\u0111aj ga je odu\u0161evio. U Riju je otplivao i najbolje vrijeme u karijeri (1:14:46 min) osvojiv\u0161i peto mjesto.<br><br>&#8211; Kada se vratim bit \u0107e fe\u0161ta u mom malom mjestu Gradac gdje smo ve\u0107 slavili dva puta kada sam bio europski i svjetski prvak. Sve ih sada pozdravljam, molim te napi\u0161i to,&nbsp; dodao je Sinov\u010di\u0107 zahvaliv\u0161i se HPO-u, klubu, obitelji koji su mu bezuvjetna podr\u0161ka, roditeljima, prijateljima..<br><br>&#8211; Kada zna\u0161 koliko je ljudi iza tebe, nema\u0161 opciju iznevjeriti ih, poru\u010dio je.<br><br>Dino od ro\u0111enja ima artrogripozu, rijetku bolest zglobova zbog koje ne mo\u017ee potpuno ni ispru\u017eiti ni saviti noge. Uglavnom je u invalidskim kolicima, ali mo\u017ee i kratko samostalno hodati, a u posebnim situacijama nosi i ortoze.<br><br>Prvu operaciju je imao kao jednogodi\u0161nje dijete, a do 2003. bilo ih je 15. Od 2003. kada je posljednji put operiran njegovo stanje je nepromijenjeno, artrogripoza nije progresivna.<br><br>Po\u010deo je plivati 2004. u sklopu rehabilitacije, a njegov talent su prepoznali treneri iz PK Mornar. Od 2006. je bio \u010dlan pliva\u010dkog kluba za pliva\u010de s invaliditetom Cipal, a potom se vratio u Mornar. Kada ne pliva, voli igrati ko\u0161arku u kolicima. Vozi i automobil, a voza\u010dki ispit polo\u017eio je sa 18 godina iz prvog poku\u0161aja. Jedan je od osniva\u010da KK invalida Split.<br><br>Diplomirao je na Kineziolo\u0161kom fakultetu u Splitu, a nakon paraolimpijade trebao bi po\u010deti raditi kao trener plivanja.<br><br>&#8211; Sada se \u017eelim dobro odmoriti, pro\u0161la godina je bila udarna. Imao sam preko 160 dana priprema izvan Splita, bez natjecanja. Treba mi malo odmora, poru\u010dio je na kraju.<br>Njegov trener Slobodan Glav\u010di\u0107 nije mogao sakriti emocije.<br><br>&#8211; Iza ove medalje stoji jako puno truda, ulo\u017eenog rada, prepreka, ali i lijepih stvari. Ovom medaljom smo naplatili sve \u0161to smo ulo\u017eili, kazao je Glav\u010di\u0107 sa suzama u o\u010dima.<br><br>&#8211; Znali smo da \u0107e utrka biti neizvjesna, No, njegove duge ruke kada ih je raskrilio odradile su posao. Dino je najja\u010di kada je najpotrebnije, dodao je zahvaliv\u0161i se klubu Mornar \u0161to mu je dozvolio da godinu dana radi isklju\u010divio s Dinom.<br><br>Izbornik reprezentacije<strong> Igor Berislavi\u0107 \u010d<\/strong>estitao je Sinov\u010di\u0107u i njegovom treneru na velikim uspjehu.<br><br>&#8211; \u010cestitam Dini, njegovom trener i cijelom stru\u010dnom timu \u0161to su izdr\u017eali veliki pritisak s kojim su se nosili, pogotovo ovu godinu jer je Dino slobio kao jedan od favorita i s tim se nije lako nositi. Odradio je utrku maestralno i ponos je svih nas, kazao je Berislavi\u0107.<\/p>\n\n\n\n<p>Izvor:hrt.hr<\/p>\n","protected":false},"excerpt":{"rendered":"<p>Najbolji hrvatski parapliva\u010d Dino Sinov\u010di\u0107 (29) osvojio je tre\u0107e mjesto na 100 m le\u0111no u kategoriji S6 na Paraolimpijskim igrama u Tokiju osvojiv\u0161i \u010detvrtu medalju za Hrvatsku u glavnom gradu Japana. Sinov\u010di\u0107 je do bronce stigao u dramati\u010dnoj zavr\u0161nici prestigav\u0161i u posljednjim metrima Kineza Hong Yanga. Dino je na koncu bio tre\u0107i s rezultatom 1:15.74, [&hellip;]<\/p>\n","protected":false},"author":2,"featured_media":60669,"comment_status":"closed","ping_status":"closed","sticky":false,"template":"","format":"standard","meta":{"h5ap_radio_sources":[],"footnotes":""},"categories":[7],"tags":[],"class_list":["post-60666","post","type-post","status-publish","format-standard","has-post-thumbnail","hentry","category-sport"],"yoast_head":"<!-- This site is optimized with the Yoast SEO plugin v27.5 - https:\/\/yoast.com\/product\/yoast-seo-wordpress\/ -->\n<title>Dino Sinov\u010di\u0107 bron\u010dani na Paraolimpijskim igrama - RADIO LJUBU\u0160KI<\/title>\n<meta name=\"robots\" content=\"index, follow, max-snippet:-1, max-image-preview:large, max-video-preview:-1\" \/>\n<link rel=\"canonical\" href=\"https:\/\/radioljubuski.ba\/index.php\/2021\/09\/03\/dino-sinovcic-broncani-na-paraolimpijskim-igrama\/\" \/>\n<meta property=\"og:locale\" content=\"hr_HR\" \/>\n<meta property=\"og:type\" content=\"article\" \/>\n<meta property=\"og:title\" content=\"Dino Sinov\u010di\u0107 bron\u010dani na Paraolimpijskim igrama - RADIO LJUBU\u0160KI\" \/>\n<meta property=\"og:description\" content=\"Najbolji hrvatski parapliva\u010d Dino Sinov\u010di\u0107 (29) osvojio je tre\u0107e mjesto na 100 m le\u0111no u kategoriji S6 na Paraolimpijskim igrama u Tokiju osvojiv\u0161i \u010detvrtu medalju za Hrvatsku u glavnom gradu Japana. Sinov\u010di\u0107 je do bronce stigao u dramati\u010dnoj zavr\u0161nici prestigav\u0161i u posljednjim metrima Kineza Hong Yanga. Dino je na koncu bio tre\u0107i s rezultatom 1:15.74, [&hellip;]\" \/>\n<meta property=\"og:url\" content=\"https:\/\/radioljubuski.ba\/index.php\/2021\/09\/03\/dino-sinovcic-broncani-na-paraolimpijskim-igrama\/\" \/>\n<meta property=\"og:site_name\" content=\"RADIO LJUBU\u0160KI\" \/>\n<meta property=\"article:publisher\" content=\"https:\/\/www.facebook.com\/Radiio-Ljubuski-1490835324566332\" \/>\n<meta property=\"article:published_time\" content=\"2021-09-03T10:07:58+00:00\" \/>\n<meta property=\"article:modified_time\" content=\"2021-09-03T10:09:12+00:00\" \/>\n<meta property=\"og:image\" content=\"https:\/\/radioljubuski.ba\/wp-content\/uploads\/2021\/09\/1524711.jpeg\" \/>\n\t<meta property=\"og:image:width\" content=\"900\" \/>\n\t<meta property=\"og:image:height\" content=\"540\" \/>\n\t<meta property=\"og:image:type\" content=\"image\/jpeg\" \/>\n<meta name=\"author\" content=\"Radio Ljubu\u0161ki\" \/>\n<meta name=\"twitter:card\" content=\"summary_large_image\" \/>\n<meta name=\"twitter:creator\" content=\"@radioljubuski\" \/>\n<meta name=\"twitter:site\" content=\"@radioljubuski\" \/>\n<meta name=\"twitter:label1\" content=\"Napisao\/la\" \/>\n\t<meta name=\"twitter:data1\" content=\"Radio Ljubu\u0161ki\" \/>\n\t<meta name=\"twitter:label2\" content=\"Procijenjeno vrijeme \u010ditanja\" \/>\n\t<meta name=\"twitter:data2\" content=\"4 minute\" \/>\n<script type=\"application\/ld+json\" class=\"yoast-schema-graph\">{\"@context\":\"https:\\\/\\\/schema.org\",\"@graph\":[{\"@type\":\"Article\",\"@id\":\"https:\\\/\\\/radioljubuski.ba\\\/index.php\\\/2021\\\/09\\\/03\\\/dino-sinovcic-broncani-na-paraolimpijskim-igrama\\\/#article\",\"isPartOf\":{\"@id\":\"https:\\\/\\\/radioljubuski.ba\\\/index.php\\\/2021\\\/09\\\/03\\\/dino-sinovcic-broncani-na-paraolimpijskim-igrama\\\/\"},\"author\":{\"name\":\"Radio Ljubu\u0161ki\",\"@id\":\"https:\\\/\\\/radioljubuski.ba\\\/#\\\/schema\\\/person\\\/19fc700381a780f69665d7956c469e3b\"},\"headline\":\"Dino Sinov\u010di\u0107 bron\u010dani na Paraolimpijskim igrama\",\"datePublished\":\"2021-09-03T10:07:58+00:00\",\"dateModified\":\"2021-09-03T10:09:12+00:00\",\"mainEntityOfPage\":{\"@id\":\"https:\\\/\\\/radioljubuski.ba\\\/index.php\\\/2021\\\/09\\\/03\\\/dino-sinovcic-broncani-na-paraolimpijskim-igrama\\\/\"},\"wordCount\":902,\"publisher\":{\"@id\":\"https:\\\/\\\/radioljubuski.ba\\\/#organization\"},\"image\":{\"@id\":\"https:\\\/\\\/radioljubuski.ba\\\/index.php\\\/2021\\\/09\\\/03\\\/dino-sinovcic-broncani-na-paraolimpijskim-igrama\\\/#primaryimage\"},\"thumbnailUrl\":\"https:\\\/\\\/radioljubuski.ba\\\/wp-content\\\/uploads\\\/2021\\\/09\\\/1524711.jpeg\",\"articleSection\":[\"\u0160port\"],\"inLanguage\":\"hr\"},{\"@type\":\"WebPage\",\"@id\":\"https:\\\/\\\/radioljubuski.ba\\\/index.php\\\/2021\\\/09\\\/03\\\/dino-sinovcic-broncani-na-paraolimpijskim-igrama\\\/\",\"url\":\"https:\\\/\\\/radioljubuski.ba\\\/index.php\\\/2021\\\/09\\\/03\\\/dino-sinovcic-broncani-na-paraolimpijskim-igrama\\\/\",\"name\":\"Dino Sinov\u010di\u0107 bron\u010dani na Paraolimpijskim igrama - RADIO LJUBU\u0160KI\",\"isPartOf\":{\"@id\":\"https:\\\/\\\/radioljubuski.ba\\\/#website\"},\"primaryImageOfPage\":{\"@id\":\"https:\\\/\\\/radioljubuski.ba\\\/index.php\\\/2021\\\/09\\\/03\\\/dino-sinovcic-broncani-na-paraolimpijskim-igrama\\\/#primaryimage\"},\"image\":{\"@id\":\"https:\\\/\\\/radioljubuski.ba\\\/index.php\\\/2021\\\/09\\\/03\\\/dino-sinovcic-broncani-na-paraolimpijskim-igrama\\\/#primaryimage\"},\"thumbnailUrl\":\"https:\\\/\\\/radioljubuski.ba\\\/wp-content\\\/uploads\\\/2021\\\/09\\\/1524711.jpeg\",\"datePublished\":\"2021-09-03T10:07:58+00:00\",\"dateModified\":\"2021-09-03T10:09:12+00:00\",\"breadcrumb\":{\"@id\":\"https:\\\/\\\/radioljubuski.ba\\\/index.php\\\/2021\\\/09\\\/03\\\/dino-sinovcic-broncani-na-paraolimpijskim-igrama\\\/#breadcrumb\"},\"inLanguage\":\"hr\",\"potentialAction\":[{\"@type\":\"ReadAction\",\"target\":[\"https:\\\/\\\/radioljubuski.ba\\\/index.php\\\/2021\\\/09\\\/03\\\/dino-sinovcic-broncani-na-paraolimpijskim-igrama\\\/\"]}]},{\"@type\":\"ImageObject\",\"inLanguage\":\"hr\",\"@id\":\"https:\\\/\\\/radioljubuski.ba\\\/index.php\\\/2021\\\/09\\\/03\\\/dino-sinovcic-broncani-na-paraolimpijskim-igrama\\\/#primaryimage\",\"url\":\"https:\\\/\\\/radioljubuski.ba\\\/wp-content\\\/uploads\\\/2021\\\/09\\\/1524711.jpeg\",\"contentUrl\":\"https:\\\/\\\/radioljubuski.ba\\\/wp-content\\\/uploads\\\/2021\\\/09\\\/1524711.jpeg\",\"width\":900,\"height\":540},{\"@type\":\"BreadcrumbList\",\"@id\":\"https:\\\/\\\/radioljubuski.ba\\\/index.php\\\/2021\\\/09\\\/03\\\/dino-sinovcic-broncani-na-paraolimpijskim-igrama\\\/#breadcrumb\",\"itemListElement\":[{\"@type\":\"ListItem\",\"position\":1,\"name\":\"Po\u010detna stranica\",\"item\":\"https:\\\/\\\/radioljubuski.ba\\\/\"},{\"@type\":\"ListItem\",\"position\":2,\"name\":\"Dino Sinov\u010di\u0107 bron\u010dani na Paraolimpijskim igrama\"}]},{\"@type\":\"WebSite\",\"@id\":\"https:\\\/\\\/radioljubuski.ba\\\/#website\",\"url\":\"https:\\\/\\\/radioljubuski.ba\\\/\",\"name\":\"Radio Ljubu\u0161ki\",\"description\":\"Sun\u010dana frekvencija Hercegovine\",\"publisher\":{\"@id\":\"https:\\\/\\\/radioljubuski.ba\\\/#organization\"},\"potentialAction\":[{\"@type\":\"SearchAction\",\"target\":{\"@type\":\"EntryPoint\",\"urlTemplate\":\"https:\\\/\\\/radioljubuski.ba\\\/?s={search_term_string}\"},\"query-input\":{\"@type\":\"PropertyValueSpecification\",\"valueRequired\":true,\"valueName\":\"search_term_string\"}}],\"inLanguage\":\"hr\"},{\"@type\":\"Organization\",\"@id\":\"https:\\\/\\\/radioljubuski.ba\\\/#organization\",\"name\":\"Radio Ljubu\u0161ki\",\"url\":\"https:\\\/\\\/radioljubuski.ba\\\/\",\"logo\":{\"@type\":\"ImageObject\",\"inLanguage\":\"hr\",\"@id\":\"https:\\\/\\\/radioljubuski.ba\\\/#\\\/schema\\\/logo\\\/image\\\/\",\"url\":\"https:\\\/\\\/radioljubuski.ba\\\/wp-content\\\/uploads\\\/2021\\\/02\\\/cropped-Radio_Ljubuski_logo1.jpg\",\"contentUrl\":\"https:\\\/\\\/radioljubuski.ba\\\/wp-content\\\/uploads\\\/2021\\\/02\\\/cropped-Radio_Ljubuski_logo1.jpg\",\"width\":512,\"height\":512,\"caption\":\"Radio Ljubu\u0161ki\"},\"image\":{\"@id\":\"https:\\\/\\\/radioljubuski.ba\\\/#\\\/schema\\\/logo\\\/image\\\/\"},\"sameAs\":[\"https:\\\/\\\/www.facebook.com\\\/Radiio-Ljubuski-1490835324566332\",\"https:\\\/\\\/x.com\\\/radioljubuski\",\"https:\\\/\\\/hr.linkedin.com\\\/company\\\/radio-ljubuski\",\"https:\\\/\\\/www.youtube.com\\\/channel\\\/UCHYaeO_n0Db3tjNGudGpXyw\"]},{\"@type\":\"Person\",\"@id\":\"https:\\\/\\\/radioljubuski.ba\\\/#\\\/schema\\\/person\\\/19fc700381a780f69665d7956c469e3b\",\"name\":\"Radio Ljubu\u0161ki\"}]}<\/script>\n<!-- \/ Yoast SEO plugin. -->","yoast_head_json":{"title":"Dino Sinov\u010di\u0107 bron\u010dani na Paraolimpijskim igrama - RADIO LJUBU\u0160KI","robots":{"index":"index","follow":"follow","max-snippet":"max-snippet:-1","max-image-preview":"max-image-preview:large","max-video-preview":"max-video-preview:-1"},"canonical":"https:\/\/radioljubuski.ba\/index.php\/2021\/09\/03\/dino-sinovcic-broncani-na-paraolimpijskim-igrama\/","og_locale":"hr_HR","og_type":"article","og_title":"Dino Sinov\u010di\u0107 bron\u010dani na Paraolimpijskim igrama - RADIO LJUBU\u0160KI","og_description":"Najbolji hrvatski parapliva\u010d Dino Sinov\u010di\u0107 (29) osvojio je tre\u0107e mjesto na 100 m le\u0111no u kategoriji S6 na Paraolimpijskim igrama u Tokiju osvojiv\u0161i \u010detvrtu medalju za Hrvatsku u glavnom gradu Japana. Sinov\u010di\u0107 je do bronce stigao u dramati\u010dnoj zavr\u0161nici prestigav\u0161i u posljednjim metrima Kineza Hong Yanga. Dino je na koncu bio tre\u0107i s rezultatom 1:15.74, [&hellip;]","og_url":"https:\/\/radioljubuski.ba\/index.php\/2021\/09\/03\/dino-sinovcic-broncani-na-paraolimpijskim-igrama\/","og_site_name":"RADIO LJUBU\u0160KI","article_publisher":"https:\/\/www.facebook.com\/Radiio-Ljubuski-1490835324566332","article_published_time":"2021-09-03T10:07:58+00:00","article_modified_time":"2021-09-03T10:09:12+00:00","og_image":[{"width":900,"height":540,"url":"https:\/\/radioljubuski.ba\/wp-content\/uploads\/2021\/09\/1524711.jpeg","type":"image\/jpeg"}],"author":"Radio Ljubu\u0161ki","twitter_card":"summary_large_image","twitter_creator":"@radioljubuski","twitter_site":"@radioljubuski","twitter_misc":{"Napisao\/la":"Radio Ljubu\u0161ki","Procijenjeno vrijeme \u010ditanja":"4 minute"},"schema":{"@context":"https:\/\/schema.org","@graph":[{"@type":"Article","@id":"https:\/\/radioljubuski.ba\/index.php\/2021\/09\/03\/dino-sinovcic-broncani-na-paraolimpijskim-igrama\/#article","isPartOf":{"@id":"https:\/\/radioljubuski.ba\/index.php\/2021\/09\/03\/dino-sinovcic-broncani-na-paraolimpijskim-igrama\/"},"author":{"name":"Radio Ljubu\u0161ki","@id":"https:\/\/radioljubuski.ba\/#\/schema\/person\/19fc700381a780f69665d7956c469e3b"},"headline":"Dino Sinov\u010di\u0107 bron\u010dani na Paraolimpijskim igrama","datePublished":"2021-09-03T10:07:58+00:00","dateModified":"2021-09-03T10:09:12+00:00","mainEntityOfPage":{"@id":"https:\/\/radioljubuski.ba\/index.php\/2021\/09\/03\/dino-sinovcic-broncani-na-paraolimpijskim-igrama\/"},"wordCount":902,"publisher":{"@id":"https:\/\/radioljubuski.ba\/#organization"},"image":{"@id":"https:\/\/radioljubuski.ba\/index.php\/2021\/09\/03\/dino-sinovcic-broncani-na-paraolimpijskim-igrama\/#primaryimage"},"thumbnailUrl":"https:\/\/radioljubuski.ba\/wp-content\/uploads\/2021\/09\/1524711.jpeg","articleSection":["\u0160port"],"inLanguage":"hr"},{"@type":"WebPage","@id":"https:\/\/radioljubuski.ba\/index.php\/2021\/09\/03\/dino-sinovcic-broncani-na-paraolimpijskim-igrama\/","url":"https:\/\/radioljubuski.ba\/index.php\/2021\/09\/03\/dino-sinovcic-broncani-na-paraolimpijskim-igrama\/","name":"Dino Sinov\u010di\u0107 bron\u010dani na Paraolimpijskim igrama - RADIO LJUBU\u0160KI","isPartOf":{"@id":"https:\/\/radioljubuski.ba\/#website"},"primaryImageOfPage":{"@id":"https:\/\/radioljubuski.ba\/index.php\/2021\/09\/03\/dino-sinovcic-broncani-na-paraolimpijskim-igrama\/#primaryimage"},"image":{"@id":"https:\/\/radioljubuski.ba\/index.php\/2021\/09\/03\/dino-sinovcic-broncani-na-paraolimpijskim-igrama\/#primaryimage"},"thumbnailUrl":"https:\/\/radioljubuski.ba\/wp-content\/uploads\/2021\/09\/1524711.jpeg","datePublished":"2021-09-03T10:07:58+00:00","dateModified":"2021-09-03T10:09:12+00:00","breadcrumb":{"@id":"https:\/\/radioljubuski.ba\/index.php\/2021\/09\/03\/dino-sinovcic-broncani-na-paraolimpijskim-igrama\/#breadcrumb"},"inLanguage":"hr","potentialAction":[{"@type":"ReadAction","target":["https:\/\/radioljubuski.ba\/index.php\/2021\/09\/03\/dino-sinovcic-broncani-na-paraolimpijskim-igrama\/"]}]},{"@type":"ImageObject","inLanguage":"hr","@id":"https:\/\/radioljubuski.ba\/index.php\/2021\/09\/03\/dino-sinovcic-broncani-na-paraolimpijskim-igrama\/#primaryimage","url":"https:\/\/radioljubuski.ba\/wp-content\/uploads\/2021\/09\/1524711.jpeg","contentUrl":"https:\/\/radioljubuski.ba\/wp-content\/uploads\/2021\/09\/1524711.jpeg","width":900,"height":540},{"@type":"BreadcrumbList","@id":"https:\/\/radioljubuski.ba\/index.php\/2021\/09\/03\/dino-sinovcic-broncani-na-paraolimpijskim-igrama\/#breadcrumb","itemListElement":[{"@type":"ListItem","position":1,"name":"Po\u010detna stranica","item":"https:\/\/radioljubuski.ba\/"},{"@type":"ListItem","position":2,"name":"Dino Sinov\u010di\u0107 bron\u010dani na Paraolimpijskim igrama"}]},{"@type":"WebSite","@id":"https:\/\/radioljubuski.ba\/#website","url":"https:\/\/radioljubuski.ba\/","name":"Radio Ljubu\u0161ki","description":"Sun\u010dana frekvencija Hercegovine","publisher":{"@id":"https:\/\/radioljubuski.ba\/#organization"},"potentialAction":[{"@type":"SearchAction","target":{"@type":"EntryPoint","urlTemplate":"https:\/\/radioljubuski.ba\/?s={search_term_string}"},"query-input":{"@type":"PropertyValueSpecification","valueRequired":true,"valueName":"search_term_string"}}],"inLanguage":"hr"},{"@type":"Organization","@id":"https:\/\/radioljubuski.ba\/#organization","name":"Radio Ljubu\u0161ki","url":"https:\/\/radioljubuski.ba\/","logo":{"@type":"ImageObject","inLanguage":"hr","@id":"https:\/\/radioljubuski.ba\/#\/schema\/logo\/image\/","url":"https:\/\/radioljubuski.ba\/wp-content\/uploads\/2021\/02\/cropped-Radio_Ljubuski_logo1.jpg","contentUrl":"https:\/\/radioljubuski.ba\/wp-content\/uploads\/2021\/02\/cropped-Radio_Ljubuski_logo1.jpg","width":512,"height":512,"caption":"Radio Ljubu\u0161ki"},"image":{"@id":"https:\/\/radioljubuski.ba\/#\/schema\/logo\/image\/"},"sameAs":["https:\/\/www.facebook.com\/Radiio-Ljubuski-1490835324566332","https:\/\/x.com\/radioljubuski","https:\/\/hr.linkedin.com\/company\/radio-ljubuski","https:\/\/www.youtube.com\/channel\/UCHYaeO_n0Db3tjNGudGpXyw"]},{"@type":"Person","@id":"https:\/\/radioljubuski.ba\/#\/schema\/person\/19fc700381a780f69665d7956c469e3b","name":"Radio Ljubu\u0161ki"}]}},"_links":{"self":[{"href":"https:\/\/radioljubuski.ba\/index.php\/wp-json\/wp\/v2\/posts\/60666","targetHints":{"allow":["GET"]}}],"collection":[{"href":"https:\/\/radioljubuski.ba\/index.php\/wp-json\/wp\/v2\/posts"}],"about":[{"href":"https:\/\/radioljubuski.ba\/index.php\/wp-json\/wp\/v2\/types\/post"}],"author":[{"embeddable":true,"href":"https:\/\/radioljubuski.ba\/index.php\/wp-json\/wp\/v2\/users\/2"}],"replies":[{"embeddable":true,"href":"https:\/\/radioljubuski.ba\/index.php\/wp-json\/wp\/v2\/comments?post=60666"}],"version-history":[{"count":2,"href":"https:\/\/radioljubuski.ba\/index.php\/wp-json\/wp\/v2\/posts\/60666\/revisions"}],"predecessor-version":[{"id":60670,"href":"https:\/\/radioljubuski.ba\/index.php\/wp-json\/wp\/v2\/posts\/60666\/revisions\/60670"}],"wp:featuredmedia":[{"embeddable":true,"href":"https:\/\/radioljubuski.ba\/index.php\/wp-json\/wp\/v2\/media\/60669"}],"wp:attachment":[{"href":"https:\/\/radioljubuski.ba\/index.php\/wp-json\/wp\/v2\/media?parent=60666"}],"wp:term":[{"taxonomy":"category","embeddable":true,"href":"https:\/\/radioljubuski.ba\/index.php\/wp-json\/wp\/v2\/categories?post=60666"},{"taxonomy":"post_tag","embeddable":true,"href":"https:\/\/radioljubuski.ba\/index.php\/wp-json\/wp\/v2\/tags?post=60666"}],"curies":[{"name":"wp","href":"https:\/\/api.w.org\/{rel}","templated":true}]}}