{"id":60689,"date":"2021-09-03T12:06:12","date_gmt":"2021-09-03T11:06:12","guid":{"rendered":"https:\/\/radioljubuski.ba\/?p=60689"},"modified":"2021-09-03T12:06:13","modified_gmt":"2021-09-03T11:06:13","slug":"hrvati-u-svijetu-lily-garafulic","status":"publish","type":"post","link":"https:\/\/radioljubuski.ba\/index.php\/2021\/09\/03\/hrvati-u-svijetu-lily-garafulic\/","title":{"rendered":"Hrvati u svijetu: Lily Garafuli\u0107"},"content":{"rendered":"\n<p><em>Hrvati i njihovi potomci rasuti su po svijetu kao zvijezde po nebeskom svodu. Neki od njih vidljiviji su od drugih, kao i zvijezde, barem za neko vrijeme. Za vas sam prikupio crtice iz \u017eivota onih koje sam tako rekav\u0161i \u201eu hodu\u201c zapazio i o njima iz raznih izvora pone\u0161to zabilje\u017eio. Poneke sam od njih i poznavao. A ovdje ih vi mo\u017eete sve upoznati i vidjeti da u tom na\u0161em rodu i narodu ima stvarno nadarenih, radi\u0161nih i uspje\u0161nih pojedinaca diljem kugle zemaljske. Lijepo je (do)znati tko su ti na\u0161i sunarodnjaci i biti ponosan na njih. Svatko je od njih na svoj na\u010din obogatio svijet&#8230;<\/em><\/p>\n\n\n\n<p><em>Me\u0111u ovim kratkim \u017eivotopisima pro\u010ditat \u0107ete o ljudima vrlo razli\u010ditih zvanja i iz raznih krajeva svijeta. Ali sve ih povezuju hrvatski korijeni. Svi su bili ponosni na ono \u0161to su ponijeli iz domovine ili naslijedili od svojih roditelja, djedova i baka \u2013 od doma\u0107ih jela i obiteljskih tradicija do hrvatske kulture op\u0107enito. Ali ima i jo\u0161 ne\u0161to \u0161to oni imaju zajedni\u010dko: prepoznali su svoje talente i imali \u017eivotne ciljeve, te bili radi\u0161ni, strpljivi i uporni u njihovu ostvarenju. Znali su da prirodna nadarenost nije dovoljna za velika postignu\u0107a. To je samo temelj na kojemu treba graditi, ustrajno rade\u0107i, ono \u0161to \u017eelimo u \u017eivotu posti\u0107i. Bili oni znanstvenici, glumci, pjeva\u010di, \u0161porta\u0161i&#8230; njihova je zvijezda zasjala i postala vidljiva jer su \u201ebrusili\u201c sami sebe, i to uz velike napore i \u017ertve.<\/em><\/p>\n\n\n\n<p>Ante \u010cuvalo,&nbsp;<em>Hrvati u svijetu \u2013 101 \u017eivotopis za \u0161kolarce (i roditelje)<\/em>, CroLibertas Publishers, 2017.<\/p>\n\n\n\n<h1 class=\"wp-block-heading\">Lily Garafuli\u0107 (1914. \u2012 2012.)<br>umjetnica<\/h1>\n\n\n\n<p>Papa Ivan Pavao II. je 1999. napisao: \u201eUmjetnici, dru\u0161tvo vas treba. Dru\u0161tvu u kojem \u017eivimo potrebna je ljepota kako ne bi o\u010dajavalo. Ljepota, ba\u0161 kao i istina, donosi radost \u010dovjekovu srcu.\u201c\u00a0Osoba koja se puno prije ovog papina poziva odazvala glasu Bo\u017ejem i donosila radost ljudskim srcima bila je i vrlo poznata \u010dileanska umjetnica hrvatskih korijena Lily Garafuli\u0107.<\/p>\n\n\n\n<p>Ro\u0111ena je u Antofagasti 14. svibnja 1914. Bila je deveto i najmla\u0111e dijete Petra Garafuli\u0107a i majke Margarite ro\u0111ene Jankovi\u0107, koji su se po\u010detkom dvadesetog stolje\u0107a, da bi pre\u017eivjeli, odselili u \u010cile, nakon \u0161to je bolest peronospore opusto\u0161ila vinograde rodnog im Nere\u017ei\u0161\u0107a na otoku Bra\u010du, kao i u ostalim krajevima hrvatskog juga.<\/p>\n\n\n\n<p>Umjetnost je studirala na Escueli de Bellas Artes \/ \u0160kola lijepih umjetnosti u Santiagu kod poznatog \u010dileanskog kipara Lorenza Domingueza. Diplomirala je 1938. i odmah zatim provela godinu dana u Parizu. Godine 1944.\/45. bila je u New Yorku kao stipendistica poznate zaklade Guggenheim. Dvije godine kasnije po\u010dinje predavati umjetnosti na Universidad de Chile, a 1951. postala je redovita profesorica na katedri za kiparstvo na istom sveu\u010dili\u0161tu. Godine 1957. postaje \u010dlanica udru\u017eenja za plasti\u010dnu umjetnost UNESCO-a. Boravila je u Italiji, Gr\u010dkoj, Egiptu, Hrvatskoj, Peruu, na Uskr\u0161njim otocima i drugdje, u\u010de\u0107i i usavr\u0161avaju\u0107i svoje umjetni\u010dke sposobnosti. Bila je uvijek svjesna da Bog daruje talente, a ljudi su du\u017eni umno\u017eiti ih, te obogatiti sebe i svijet u kojem \u017eive.<\/p>\n\n\n\n<p>Njezini najpoznatiji radovi (kipovi 16 proroka) nalaze se na vrhu bazilike Gospe Lurdske u Santiagu, koju je projektirao njezin prezimenjak, tako\u0111er bra\u010dkih korijena, poznati \u010dileanski arhitekt i pisac Andres Garafuli\u0107.<\/p>\n\n\n\n<p>Ona je stvorila vi\u0161e stotina skulptura i bila je jedna od prvih \u017eena koja je oblikovala djela monumentalnih omjera.<\/p>\n\n\n\n<p>Od 1973. do 1977. Lily je bila ravnateljica Muzeja lijepih umjetnosti u Santiagu, prva \u017eena u \u010cileu koja je obna\u0161ala tu du\u017enost, i to vrlo uspje\u0161no. Godine 1995. dobila je \u010cileansku nacionalnu nagradu za umjetnost i postala je profesorica emerita na Universidad de Chile.<\/p>\n\n\n\n<p>Dok sve po\u010dasti dolaze i prolaze, njezina umjetni\u010dka djela ostaju i svjedo\u010de njezinu umjetni\u010dku veli\u010dinu. Umrla je 15. o\u017eujka 2012. godine. \u010cileansko veleposlanstvo u Washingtonu uprili\u010dilo je 2014. godine izlo\u017ebu prigodom 100. obljetnice ro\u0111enja Lily Garafuli\u0107, pa neka i ovaj \u010dlan\u010di\u0107 bude u \u010dast \u010dileansko-hrvatske slavne umjetnice koja je uvijek bila ponosna na rodnu hrvatsku grudu svojih roditelja.<\/p>\n\n\n\n<p><a href=\"https:\/\/www.hkv.hr\/hkvpedija\/iseljenistvo\/37324-hrvati-u-svijetu-lily-garafulic.html\">Izvor: HKV.hr<\/a><\/p>\n","protected":false},"excerpt":{"rendered":"<p>Hrvati i njihovi potomci rasuti su po svijetu kao zvijezde po nebeskom svodu. Neki od njih vidljiviji su od drugih, kao i zvijezde, barem za neko vrijeme. Za vas sam prikupio crtice iz \u017eivota onih koje sam tako rekav\u0161i \u201eu hodu\u201c zapazio i o njima iz raznih izvora pone\u0161to zabilje\u017eio. Poneke sam od njih i [&hellip;]<\/p>\n","protected":false},"author":2,"featured_media":60690,"comment_status":"closed","ping_status":"closed","sticky":false,"template":"","format":"standard","meta":{"h5ap_radio_sources":[],"footnotes":""},"categories":[1],"tags":[],"class_list":["post-60689","post","type-post","status-publish","format-standard","has-post-thumbnail","hentry","category-bihiregija"],"yoast_head":"<!-- This site is optimized with the Yoast SEO plugin v27.5 - https:\/\/yoast.com\/product\/yoast-seo-wordpress\/ -->\n<title>Hrvati u svijetu: Lily Garafuli\u0107 - RADIO LJUBU\u0160KI<\/title>\n<meta name=\"robots\" content=\"index, follow, max-snippet:-1, max-image-preview:large, max-video-preview:-1\" \/>\n<link rel=\"canonical\" href=\"https:\/\/radioljubuski.ba\/index.php\/2021\/09\/03\/hrvati-u-svijetu-lily-garafulic\/\" \/>\n<meta property=\"og:locale\" content=\"hr_HR\" \/>\n<meta property=\"og:type\" content=\"article\" \/>\n<meta property=\"og:title\" content=\"Hrvati u svijetu: Lily Garafuli\u0107 - RADIO LJUBU\u0160KI\" \/>\n<meta property=\"og:description\" content=\"Hrvati i njihovi potomci rasuti su po svijetu kao zvijezde po nebeskom svodu. Neki od njih vidljiviji su od drugih, kao i zvijezde, barem za neko vrijeme. Za vas sam prikupio crtice iz \u017eivota onih koje sam tako rekav\u0161i \u201eu hodu\u201c zapazio i o njima iz raznih izvora pone\u0161to zabilje\u017eio. Poneke sam od njih i [&hellip;]\" \/>\n<meta property=\"og:url\" content=\"https:\/\/radioljubuski.ba\/index.php\/2021\/09\/03\/hrvati-u-svijetu-lily-garafulic\/\" \/>\n<meta property=\"og:site_name\" content=\"RADIO LJUBU\u0160KI\" \/>\n<meta property=\"article:publisher\" content=\"https:\/\/www.facebook.com\/Radiio-Ljubuski-1490835324566332\" \/>\n<meta property=\"article:published_time\" content=\"2021-09-03T11:06:12+00:00\" \/>\n<meta property=\"article:modified_time\" content=\"2021-09-03T11:06:13+00:00\" \/>\n<meta property=\"og:image\" content=\"https:\/\/radioljubuski.ba\/wp-content\/uploads\/2021\/09\/lily.jpeg\" \/>\n\t<meta property=\"og:image:width\" content=\"960\" \/>\n\t<meta property=\"og:image:height\" content=\"960\" \/>\n\t<meta property=\"og:image:type\" content=\"image\/jpeg\" \/>\n<meta name=\"author\" content=\"Radio Ljubu\u0161ki\" \/>\n<meta name=\"twitter:card\" content=\"summary_large_image\" \/>\n<meta name=\"twitter:creator\" content=\"@radioljubuski\" \/>\n<meta name=\"twitter:site\" content=\"@radioljubuski\" \/>\n<meta name=\"twitter:label1\" content=\"Napisao\/la\" \/>\n\t<meta name=\"twitter:data1\" content=\"Radio Ljubu\u0161ki\" \/>\n\t<meta name=\"twitter:label2\" content=\"Procijenjeno vrijeme \u010ditanja\" \/>\n\t<meta name=\"twitter:data2\" content=\"3 minute\" \/>\n<script type=\"application\/ld+json\" class=\"yoast-schema-graph\">{\"@context\":\"https:\\\/\\\/schema.org\",\"@graph\":[{\"@type\":\"Article\",\"@id\":\"https:\\\/\\\/radioljubuski.ba\\\/index.php\\\/2021\\\/09\\\/03\\\/hrvati-u-svijetu-lily-garafulic\\\/#article\",\"isPartOf\":{\"@id\":\"https:\\\/\\\/radioljubuski.ba\\\/index.php\\\/2021\\\/09\\\/03\\\/hrvati-u-svijetu-lily-garafulic\\\/\"},\"author\":{\"name\":\"Radio Ljubu\u0161ki\",\"@id\":\"https:\\\/\\\/radioljubuski.ba\\\/#\\\/schema\\\/person\\\/19fc700381a780f69665d7956c469e3b\"},\"headline\":\"Hrvati u svijetu: Lily Garafuli\u0107\",\"datePublished\":\"2021-09-03T11:06:12+00:00\",\"dateModified\":\"2021-09-03T11:06:13+00:00\",\"mainEntityOfPage\":{\"@id\":\"https:\\\/\\\/radioljubuski.ba\\\/index.php\\\/2021\\\/09\\\/03\\\/hrvati-u-svijetu-lily-garafulic\\\/\"},\"wordCount\":685,\"publisher\":{\"@id\":\"https:\\\/\\\/radioljubuski.ba\\\/#organization\"},\"image\":{\"@id\":\"https:\\\/\\\/radioljubuski.ba\\\/index.php\\\/2021\\\/09\\\/03\\\/hrvati-u-svijetu-lily-garafulic\\\/#primaryimage\"},\"thumbnailUrl\":\"https:\\\/\\\/radioljubuski.ba\\\/wp-content\\\/uploads\\\/2021\\\/09\\\/lily.jpeg\",\"articleSection\":[\"BIH i regija\"],\"inLanguage\":\"hr\"},{\"@type\":\"WebPage\",\"@id\":\"https:\\\/\\\/radioljubuski.ba\\\/index.php\\\/2021\\\/09\\\/03\\\/hrvati-u-svijetu-lily-garafulic\\\/\",\"url\":\"https:\\\/\\\/radioljubuski.ba\\\/index.php\\\/2021\\\/09\\\/03\\\/hrvati-u-svijetu-lily-garafulic\\\/\",\"name\":\"Hrvati u svijetu: Lily Garafuli\u0107 - RADIO LJUBU\u0160KI\",\"isPartOf\":{\"@id\":\"https:\\\/\\\/radioljubuski.ba\\\/#website\"},\"primaryImageOfPage\":{\"@id\":\"https:\\\/\\\/radioljubuski.ba\\\/index.php\\\/2021\\\/09\\\/03\\\/hrvati-u-svijetu-lily-garafulic\\\/#primaryimage\"},\"image\":{\"@id\":\"https:\\\/\\\/radioljubuski.ba\\\/index.php\\\/2021\\\/09\\\/03\\\/hrvati-u-svijetu-lily-garafulic\\\/#primaryimage\"},\"thumbnailUrl\":\"https:\\\/\\\/radioljubuski.ba\\\/wp-content\\\/uploads\\\/2021\\\/09\\\/lily.jpeg\",\"datePublished\":\"2021-09-03T11:06:12+00:00\",\"dateModified\":\"2021-09-03T11:06:13+00:00\",\"breadcrumb\":{\"@id\":\"https:\\\/\\\/radioljubuski.ba\\\/index.php\\\/2021\\\/09\\\/03\\\/hrvati-u-svijetu-lily-garafulic\\\/#breadcrumb\"},\"inLanguage\":\"hr\",\"potentialAction\":[{\"@type\":\"ReadAction\",\"target\":[\"https:\\\/\\\/radioljubuski.ba\\\/index.php\\\/2021\\\/09\\\/03\\\/hrvati-u-svijetu-lily-garafulic\\\/\"]}]},{\"@type\":\"ImageObject\",\"inLanguage\":\"hr\",\"@id\":\"https:\\\/\\\/radioljubuski.ba\\\/index.php\\\/2021\\\/09\\\/03\\\/hrvati-u-svijetu-lily-garafulic\\\/#primaryimage\",\"url\":\"https:\\\/\\\/radioljubuski.ba\\\/wp-content\\\/uploads\\\/2021\\\/09\\\/lily.jpeg\",\"contentUrl\":\"https:\\\/\\\/radioljubuski.ba\\\/wp-content\\\/uploads\\\/2021\\\/09\\\/lily.jpeg\",\"width\":960,\"height\":960},{\"@type\":\"BreadcrumbList\",\"@id\":\"https:\\\/\\\/radioljubuski.ba\\\/index.php\\\/2021\\\/09\\\/03\\\/hrvati-u-svijetu-lily-garafulic\\\/#breadcrumb\",\"itemListElement\":[{\"@type\":\"ListItem\",\"position\":1,\"name\":\"Po\u010detna stranica\",\"item\":\"https:\\\/\\\/radioljubuski.ba\\\/\"},{\"@type\":\"ListItem\",\"position\":2,\"name\":\"Hrvati u svijetu: Lily Garafuli\u0107\"}]},{\"@type\":\"WebSite\",\"@id\":\"https:\\\/\\\/radioljubuski.ba\\\/#website\",\"url\":\"https:\\\/\\\/radioljubuski.ba\\\/\",\"name\":\"Radio Ljubu\u0161ki\",\"description\":\"Sun\u010dana frekvencija Hercegovine\",\"publisher\":{\"@id\":\"https:\\\/\\\/radioljubuski.ba\\\/#organization\"},\"potentialAction\":[{\"@type\":\"SearchAction\",\"target\":{\"@type\":\"EntryPoint\",\"urlTemplate\":\"https:\\\/\\\/radioljubuski.ba\\\/?s={search_term_string}\"},\"query-input\":{\"@type\":\"PropertyValueSpecification\",\"valueRequired\":true,\"valueName\":\"search_term_string\"}}],\"inLanguage\":\"hr\"},{\"@type\":\"Organization\",\"@id\":\"https:\\\/\\\/radioljubuski.ba\\\/#organization\",\"name\":\"Radio Ljubu\u0161ki\",\"url\":\"https:\\\/\\\/radioljubuski.ba\\\/\",\"logo\":{\"@type\":\"ImageObject\",\"inLanguage\":\"hr\",\"@id\":\"https:\\\/\\\/radioljubuski.ba\\\/#\\\/schema\\\/logo\\\/image\\\/\",\"url\":\"https:\\\/\\\/radioljubuski.ba\\\/wp-content\\\/uploads\\\/2021\\\/02\\\/cropped-Radio_Ljubuski_logo1.jpg\",\"contentUrl\":\"https:\\\/\\\/radioljubuski.ba\\\/wp-content\\\/uploads\\\/2021\\\/02\\\/cropped-Radio_Ljubuski_logo1.jpg\",\"width\":512,\"height\":512,\"caption\":\"Radio Ljubu\u0161ki\"},\"image\":{\"@id\":\"https:\\\/\\\/radioljubuski.ba\\\/#\\\/schema\\\/logo\\\/image\\\/\"},\"sameAs\":[\"https:\\\/\\\/www.facebook.com\\\/Radiio-Ljubuski-1490835324566332\",\"https:\\\/\\\/x.com\\\/radioljubuski\",\"https:\\\/\\\/hr.linkedin.com\\\/company\\\/radio-ljubuski\",\"https:\\\/\\\/www.youtube.com\\\/channel\\\/UCHYaeO_n0Db3tjNGudGpXyw\"]},{\"@type\":\"Person\",\"@id\":\"https:\\\/\\\/radioljubuski.ba\\\/#\\\/schema\\\/person\\\/19fc700381a780f69665d7956c469e3b\",\"name\":\"Radio Ljubu\u0161ki\"}]}<\/script>\n<!-- \/ Yoast SEO plugin. -->","yoast_head_json":{"title":"Hrvati u svijetu: Lily Garafuli\u0107 - RADIO LJUBU\u0160KI","robots":{"index":"index","follow":"follow","max-snippet":"max-snippet:-1","max-image-preview":"max-image-preview:large","max-video-preview":"max-video-preview:-1"},"canonical":"https:\/\/radioljubuski.ba\/index.php\/2021\/09\/03\/hrvati-u-svijetu-lily-garafulic\/","og_locale":"hr_HR","og_type":"article","og_title":"Hrvati u svijetu: Lily Garafuli\u0107 - RADIO LJUBU\u0160KI","og_description":"Hrvati i njihovi potomci rasuti su po svijetu kao zvijezde po nebeskom svodu. Neki od njih vidljiviji su od drugih, kao i zvijezde, barem za neko vrijeme. Za vas sam prikupio crtice iz \u017eivota onih koje sam tako rekav\u0161i \u201eu hodu\u201c zapazio i o njima iz raznih izvora pone\u0161to zabilje\u017eio. Poneke sam od njih i [&hellip;]","og_url":"https:\/\/radioljubuski.ba\/index.php\/2021\/09\/03\/hrvati-u-svijetu-lily-garafulic\/","og_site_name":"RADIO LJUBU\u0160KI","article_publisher":"https:\/\/www.facebook.com\/Radiio-Ljubuski-1490835324566332","article_published_time":"2021-09-03T11:06:12+00:00","article_modified_time":"2021-09-03T11:06:13+00:00","og_image":[{"width":960,"height":960,"url":"https:\/\/radioljubuski.ba\/wp-content\/uploads\/2021\/09\/lily.jpeg","type":"image\/jpeg"}],"author":"Radio Ljubu\u0161ki","twitter_card":"summary_large_image","twitter_creator":"@radioljubuski","twitter_site":"@radioljubuski","twitter_misc":{"Napisao\/la":"Radio Ljubu\u0161ki","Procijenjeno vrijeme \u010ditanja":"3 minute"},"schema":{"@context":"https:\/\/schema.org","@graph":[{"@type":"Article","@id":"https:\/\/radioljubuski.ba\/index.php\/2021\/09\/03\/hrvati-u-svijetu-lily-garafulic\/#article","isPartOf":{"@id":"https:\/\/radioljubuski.ba\/index.php\/2021\/09\/03\/hrvati-u-svijetu-lily-garafulic\/"},"author":{"name":"Radio Ljubu\u0161ki","@id":"https:\/\/radioljubuski.ba\/#\/schema\/person\/19fc700381a780f69665d7956c469e3b"},"headline":"Hrvati u svijetu: Lily Garafuli\u0107","datePublished":"2021-09-03T11:06:12+00:00","dateModified":"2021-09-03T11:06:13+00:00","mainEntityOfPage":{"@id":"https:\/\/radioljubuski.ba\/index.php\/2021\/09\/03\/hrvati-u-svijetu-lily-garafulic\/"},"wordCount":685,"publisher":{"@id":"https:\/\/radioljubuski.ba\/#organization"},"image":{"@id":"https:\/\/radioljubuski.ba\/index.php\/2021\/09\/03\/hrvati-u-svijetu-lily-garafulic\/#primaryimage"},"thumbnailUrl":"https:\/\/radioljubuski.ba\/wp-content\/uploads\/2021\/09\/lily.jpeg","articleSection":["BIH i regija"],"inLanguage":"hr"},{"@type":"WebPage","@id":"https:\/\/radioljubuski.ba\/index.php\/2021\/09\/03\/hrvati-u-svijetu-lily-garafulic\/","url":"https:\/\/radioljubuski.ba\/index.php\/2021\/09\/03\/hrvati-u-svijetu-lily-garafulic\/","name":"Hrvati u svijetu: Lily Garafuli\u0107 - RADIO LJUBU\u0160KI","isPartOf":{"@id":"https:\/\/radioljubuski.ba\/#website"},"primaryImageOfPage":{"@id":"https:\/\/radioljubuski.ba\/index.php\/2021\/09\/03\/hrvati-u-svijetu-lily-garafulic\/#primaryimage"},"image":{"@id":"https:\/\/radioljubuski.ba\/index.php\/2021\/09\/03\/hrvati-u-svijetu-lily-garafulic\/#primaryimage"},"thumbnailUrl":"https:\/\/radioljubuski.ba\/wp-content\/uploads\/2021\/09\/lily.jpeg","datePublished":"2021-09-03T11:06:12+00:00","dateModified":"2021-09-03T11:06:13+00:00","breadcrumb":{"@id":"https:\/\/radioljubuski.ba\/index.php\/2021\/09\/03\/hrvati-u-svijetu-lily-garafulic\/#breadcrumb"},"inLanguage":"hr","potentialAction":[{"@type":"ReadAction","target":["https:\/\/radioljubuski.ba\/index.php\/2021\/09\/03\/hrvati-u-svijetu-lily-garafulic\/"]}]},{"@type":"ImageObject","inLanguage":"hr","@id":"https:\/\/radioljubuski.ba\/index.php\/2021\/09\/03\/hrvati-u-svijetu-lily-garafulic\/#primaryimage","url":"https:\/\/radioljubuski.ba\/wp-content\/uploads\/2021\/09\/lily.jpeg","contentUrl":"https:\/\/radioljubuski.ba\/wp-content\/uploads\/2021\/09\/lily.jpeg","width":960,"height":960},{"@type":"BreadcrumbList","@id":"https:\/\/radioljubuski.ba\/index.php\/2021\/09\/03\/hrvati-u-svijetu-lily-garafulic\/#breadcrumb","itemListElement":[{"@type":"ListItem","position":1,"name":"Po\u010detna stranica","item":"https:\/\/radioljubuski.ba\/"},{"@type":"ListItem","position":2,"name":"Hrvati u svijetu: Lily Garafuli\u0107"}]},{"@type":"WebSite","@id":"https:\/\/radioljubuski.ba\/#website","url":"https:\/\/radioljubuski.ba\/","name":"Radio Ljubu\u0161ki","description":"Sun\u010dana frekvencija Hercegovine","publisher":{"@id":"https:\/\/radioljubuski.ba\/#organization"},"potentialAction":[{"@type":"SearchAction","target":{"@type":"EntryPoint","urlTemplate":"https:\/\/radioljubuski.ba\/?s={search_term_string}"},"query-input":{"@type":"PropertyValueSpecification","valueRequired":true,"valueName":"search_term_string"}}],"inLanguage":"hr"},{"@type":"Organization","@id":"https:\/\/radioljubuski.ba\/#organization","name":"Radio Ljubu\u0161ki","url":"https:\/\/radioljubuski.ba\/","logo":{"@type":"ImageObject","inLanguage":"hr","@id":"https:\/\/radioljubuski.ba\/#\/schema\/logo\/image\/","url":"https:\/\/radioljubuski.ba\/wp-content\/uploads\/2021\/02\/cropped-Radio_Ljubuski_logo1.jpg","contentUrl":"https:\/\/radioljubuski.ba\/wp-content\/uploads\/2021\/02\/cropped-Radio_Ljubuski_logo1.jpg","width":512,"height":512,"caption":"Radio Ljubu\u0161ki"},"image":{"@id":"https:\/\/radioljubuski.ba\/#\/schema\/logo\/image\/"},"sameAs":["https:\/\/www.facebook.com\/Radiio-Ljubuski-1490835324566332","https:\/\/x.com\/radioljubuski","https:\/\/hr.linkedin.com\/company\/radio-ljubuski","https:\/\/www.youtube.com\/channel\/UCHYaeO_n0Db3tjNGudGpXyw"]},{"@type":"Person","@id":"https:\/\/radioljubuski.ba\/#\/schema\/person\/19fc700381a780f69665d7956c469e3b","name":"Radio Ljubu\u0161ki"}]}},"_links":{"self":[{"href":"https:\/\/radioljubuski.ba\/index.php\/wp-json\/wp\/v2\/posts\/60689","targetHints":{"allow":["GET"]}}],"collection":[{"href":"https:\/\/radioljubuski.ba\/index.php\/wp-json\/wp\/v2\/posts"}],"about":[{"href":"https:\/\/radioljubuski.ba\/index.php\/wp-json\/wp\/v2\/types\/post"}],"author":[{"embeddable":true,"href":"https:\/\/radioljubuski.ba\/index.php\/wp-json\/wp\/v2\/users\/2"}],"replies":[{"embeddable":true,"href":"https:\/\/radioljubuski.ba\/index.php\/wp-json\/wp\/v2\/comments?post=60689"}],"version-history":[{"count":1,"href":"https:\/\/radioljubuski.ba\/index.php\/wp-json\/wp\/v2\/posts\/60689\/revisions"}],"predecessor-version":[{"id":60691,"href":"https:\/\/radioljubuski.ba\/index.php\/wp-json\/wp\/v2\/posts\/60689\/revisions\/60691"}],"wp:featuredmedia":[{"embeddable":true,"href":"https:\/\/radioljubuski.ba\/index.php\/wp-json\/wp\/v2\/media\/60690"}],"wp:attachment":[{"href":"https:\/\/radioljubuski.ba\/index.php\/wp-json\/wp\/v2\/media?parent=60689"}],"wp:term":[{"taxonomy":"category","embeddable":true,"href":"https:\/\/radioljubuski.ba\/index.php\/wp-json\/wp\/v2\/categories?post=60689"},{"taxonomy":"post_tag","embeddable":true,"href":"https:\/\/radioljubuski.ba\/index.php\/wp-json\/wp\/v2\/tags?post=60689"}],"curies":[{"name":"wp","href":"https:\/\/api.w.org\/{rel}","templated":true}]}}