{"id":60718,"date":"2021-09-03T12:46:27","date_gmt":"2021-09-03T11:46:27","guid":{"rendered":"https:\/\/radioljubuski.ba\/?p=60718"},"modified":"2021-09-03T12:46:28","modified_gmt":"2021-09-03T11:46:28","slug":"je-li-zeljko-komsic-zapravo-zagovornik-treceg-entiteta","status":"publish","type":"post","link":"https:\/\/radioljubuski.ba\/index.php\/2021\/09\/03\/je-li-zeljko-komsic-zapravo-zagovornik-treceg-entiteta\/","title":{"rendered":"Je li \u017deljko Kom\u0161i\u0107, zapravo, zagovornik tre\u0107eg entiteta"},"content":{"rendered":"\n<p><strong>\u010clan Predsjedni\u0161tva BiH \u017deljko Kom\u0161i\u0107 se ponekad pona\u0161a kao veliki zagovornik tre\u0107eg entiteta.<\/strong><\/p>\n\n\n\n<p>Ne, on to ne radi tako \u0161to \u0107e on, eto, naljutiti Hrvate jer Bo\u0161njacima slu\u017ei kao mehanizam kojim \u0107e oni preglasati Hrvate pa \u0107e se Hrvati pobuniti pa \u0107e\u2026. I eto tre\u0107eg entiteta. Ne!<\/p>\n\n\n\n<p><strong>Pi\u0161e: Ivan Crnjac, <a href=\"https:\/\/www.bild.ba\/nase-price\/je-li-zeljko-komsic-zapravo-zagovornik-treceg-entiteta\/\">Bild.ba<\/a><\/strong><\/p>\n\n\n\n<p>Ka\u017eu da su se tijekom velikih ljetnih vru\u0107ina Mostarci i \u010capljinci voljeli natjecati u tomu tko \u0107e posti\u0107i ve\u0107u dnevnu temperaturu. Boris \u010cerku\u010d je nedavno na Bljesku imao genijalan tekst o tom. Jednom je, kada je \u010capljina bila vru\u0107a, neki Mostarac rekao \u2013 i tako zauvijek postao ovda\u0161nja legenda: \u2018ta \u0107e bola\u2019 \u0106apljina.<\/p>\n\n\n\n<p>Isto je i sada, samo nije Mostarac, nego bh. Hrvat: \u2018ta \u0107e se bola\u2019 on pobunit. Ne radi se tu o, dakle, pobuni, nekom \u0161infinitizmu ili modernom pokretu otpora, ne\u0107e se, nasre\u0107u ili na\u017ealost, skupiti tisu\u0107u Hrvata pa zapjevati Bella Ciao i zajurtati na Sarajevo da proglase samoupravu, ne\u0107e Kom\u0161i\u0107, da dalje ne obja\u0161njavam, potaknuti tu promjenu na takav na\u010din. Ponovimo: \u2018ta \u0107e bola\u2019 Hrvati.<\/p>\n\n\n\n<p>To je narod koji 30 godina u bh. boluje od akutnog mediokritetstva na svim razinama.<\/p>\n\n\n\n<p>Ovdje se radi o tome da je \u017deljko Kom\u0161i\u0107, nenamjerno, dakako, kroz zagovor gra\u0111anske BiH postao istinski i stvarni zagovaratelj tre\u0107eg entiteta. Jer su\u0161tina je tre\u0107eg entiteta \u2013 gra\u0111anska dr\u017eava! Ili druk\u010dije re\u010deno \u2013 su\u0161tina gra\u0111anske dr\u017eave je \u2013 tre\u0107i entitet.<\/p>\n\n\n\n<p>Ako Kom\u0161i\u0107 \u017eeli ukinuti konstitutivnost kao takvu, ako se \u017eeli ta, kako je zovu on i sljedbenici mu \u0161to ga prate kao statisti u Buffy ubojici vampira, segregacija, onda je tre\u0107i entitet rje\u0161enje. Vi\u0161e samouprave \u2013 manje dr\u017eavne uprave.<\/p>\n\n\n\n<p>U trima bosanskohercegova\u010dkim samoupravama, koje bi bile dominantno etni\u010dke, vladao bi gra\u0111anski princip, potom bi se taj isti princip prelio i na sredi\u0161nju dr\u017eavnu vlast. Sve tri samouprave bi tako\u0111er bile gra\u0111anske. Odluku u njima bi donosili gra\u0111ani entiteta, a za sve pozicije bi se mogli kandidirati \u2013 svi gra\u0111ani.<\/p>\n\n\n\n<p>Nacionalno pitanje bi se rije\u0161ilo na razini samouprava i nitko ne bi mario oko toga tko \u0107e biti predsjednik, tko premijer i kako \u0107e funkcionirati vlada. Neki \u010dinovni\u010di\u0107 u dr\u017eavnoj vladi vi\u0161e ne bi mogao bojkotirati ne\u0161to samo zato \u0161to je Bo\u0161njak, Hrvat ili Srbin.<\/p>\n\n\n\n<p>A da ne govorimo o tome kako bi se tek rasteretio sustav. Koliko bi sve bilo jeftinije. Ne bi bilo stotine ministara kao danas, nego njih sedam \u2013 osam, ne bi bilo 13 vlada i premijera \u2013 nego jedna, programska vlada, a nju bi skupa sastavljali pobjednici na razini entiteta, programski, a ne etni\u010dki, oporba bi bila jaka i mo\u017eda bi se \u201custa\u0161e\u201d iz \u0160irokog ujedinile s \u201cmud\u017eahedinima\u201d iz Grada\u010dca pa stvarale veliku muku svojim sunarodnjacima iz vladaju\u0107e koalicije po pitanju nekih trivijalnih stvari kojima se mi nikad ne bavimo, kao \u0161to su, naprimjer, dje\u010dji vrti\u0107i, porodiljne naknadne, manji porezi, probiznis politike, prochoice\/prolife politike\u2026<\/p>\n\n\n\n<p>Zamislite ortodoksnog \u201c\u010detnika\u201d, \u201cbaliju\u201d i \u201custa\u0161u\u201d kako se zajedno sva\u0111aju s liberalnim \u201custa\u0161om\u201d, \u201c\u010detnikom\u201d i \u201cbalijom\u201d oko abortusa ili sadnje marihuane?<\/p>\n\n\n\n<p>Zamislite neku predizbornu koaliciju neke stranke iz Biha\u0107a i Posu\u0161ja, recimo, neka ASDA i neki HSS koji imaju slogan \u2013 d\u017eihad do Herceg \u2013 Bosne? I to ne zato \u0161to \u017eele d\u017eihad nego \u0161to se zezaju, a politke su im zelene i svaka svojoj bira\u010dkoj bazi nagovije\u0161tava s kim \u0107e nakon izbora koalirati.<\/p>\n\n\n\n<p>Vlada bi se, istina, malo te\u017ee sastavila, ali se malo te\u017ee sastavi i u jednoj \u2013 Belgiji, pa ljudi opet dobro \u017eive.<\/p>\n\n\n\n<p>Tri entiteta bi potaknula i ono \u0161to kod nas nikad nije potaknuto, a to je istinska konsocijacija, koja mo\u017ee postojati i funkcionirati jedino ako ju \u017eele svi akteri, a ovdje bi je \u017eeljeli jer bi jedan od uvjeta uspostave vlasti, opet, bio velika koalicija bo\u0161nja\u010dkog, srpskog i hrvatskog pobjednika u pojedinom entitetu. A velika koalicija je, znaju oni koji su Lajpharta sreli makar i slu\u010dajno, jedna od glavnih odlika konsocijacije.<\/p>\n\n\n\n<p>Ova sada\u0161nja situacija je \u0161izofrena. Kom\u0161i\u0107 danas ne \u017eeli ukinuti konstitutivnost, to su floskule i gluposti, \u2018ta \u0107e bola\u2019 on ukinut, on \u017eeli izvrgavanjem konstitutivnosti ruglu brati njene plodove i sjedit na poziciji na kojoj sjedi samo zato jer se izjasnio tako kako se izjasnio.<\/p>\n\n\n\n<p>Kao \u0161to \u017eele i prevaranti, koji su formalno ili manje formalno aktivni u drugim (pro)bo\u0161nja\u010dkim strankama pa odavno po tviterima donose \u201canalize\u201d o tome kako na Op\u0107im izborima 2022., ako ih bude, uzeti Hrvatima pe\u0161es mjesta u Domu naroda federalnog parlamenta pa namjestiti vlast, potpuno nesposobnu i li\u0161enu svakog karaktera, kao \u0161to je bila Platforma. To nije put u gra\u0111ansku dr\u017eavu, to je put u propast svake ideje mogu\u0107e BiH.<\/p>\n\n\n\n<p>Jedini istinski put prema gra\u0111anskoj dr\u017eavi je put triju entiteta, onih, o kojima se nekad govorilo puno, a pisalo jo\u0161 vi\u0161e, a o kojima se danas ne govori gotovo nikako, a i pi\u0161e sve manje.<\/p>\n\n\n\n<p>\/HMS\/<\/p>\n","protected":false},"excerpt":{"rendered":"<p>\u010clan Predsjedni\u0161tva BiH \u017deljko Kom\u0161i\u0107 se ponekad pona\u0161a kao veliki zagovornik tre\u0107eg entiteta. Ne, on to ne radi tako \u0161to \u0107e on, eto, naljutiti Hrvate jer Bo\u0161njacima slu\u017ei kao mehanizam kojim \u0107e oni preglasati Hrvate pa \u0107e se Hrvati pobuniti pa \u0107e\u2026. I eto tre\u0107eg entiteta. Ne! Pi\u0161e: Ivan Crnjac, Bild.ba Ka\u017eu da su se [&hellip;]<\/p>\n","protected":false},"author":2,"featured_media":0,"comment_status":"closed","ping_status":"closed","sticky":false,"template":"","format":"standard","meta":{"h5ap_radio_sources":[],"footnotes":""},"categories":[1],"tags":[],"class_list":["post-60718","post","type-post","status-publish","format-standard","hentry","category-bihiregija"],"yoast_head":"<!-- This site is optimized with the Yoast SEO plugin v27.5 - https:\/\/yoast.com\/product\/yoast-seo-wordpress\/ -->\n<title>Je li \u017deljko Kom\u0161i\u0107, zapravo, zagovornik tre\u0107eg entiteta - RADIO LJUBU\u0160KI<\/title>\n<meta name=\"robots\" content=\"index, follow, max-snippet:-1, max-image-preview:large, max-video-preview:-1\" \/>\n<link rel=\"canonical\" href=\"https:\/\/radioljubuski.ba\/index.php\/2021\/09\/03\/je-li-zeljko-komsic-zapravo-zagovornik-treceg-entiteta\/\" \/>\n<meta property=\"og:locale\" content=\"hr_HR\" \/>\n<meta property=\"og:type\" content=\"article\" \/>\n<meta property=\"og:title\" content=\"Je li \u017deljko Kom\u0161i\u0107, zapravo, zagovornik tre\u0107eg entiteta - RADIO LJUBU\u0160KI\" \/>\n<meta property=\"og:description\" content=\"\u010clan Predsjedni\u0161tva BiH \u017deljko Kom\u0161i\u0107 se ponekad pona\u0161a kao veliki zagovornik tre\u0107eg entiteta. Ne, on to ne radi tako \u0161to \u0107e on, eto, naljutiti Hrvate jer Bo\u0161njacima slu\u017ei kao mehanizam kojim \u0107e oni preglasati Hrvate pa \u0107e se Hrvati pobuniti pa \u0107e\u2026. I eto tre\u0107eg entiteta. Ne! Pi\u0161e: Ivan Crnjac, Bild.ba Ka\u017eu da su se [&hellip;]\" \/>\n<meta property=\"og:url\" content=\"https:\/\/radioljubuski.ba\/index.php\/2021\/09\/03\/je-li-zeljko-komsic-zapravo-zagovornik-treceg-entiteta\/\" \/>\n<meta property=\"og:site_name\" content=\"RADIO LJUBU\u0160KI\" \/>\n<meta property=\"article:publisher\" content=\"https:\/\/www.facebook.com\/Radiio-Ljubuski-1490835324566332\" \/>\n<meta property=\"article:published_time\" content=\"2021-09-03T11:46:27+00:00\" \/>\n<meta property=\"article:modified_time\" content=\"2021-09-03T11:46:28+00:00\" \/>\n<meta property=\"og:image\" content=\"https:\/\/radioljubuski.ba\/wp-content\/uploads\/2021\/09\/210619zeljko_komsic3.jpeg\" \/>\n\t<meta property=\"og:image:width\" content=\"800\" \/>\n\t<meta property=\"og:image:height\" content=\"550\" \/>\n\t<meta property=\"og:image:type\" content=\"image\/jpeg\" \/>\n<meta name=\"author\" content=\"Radio Ljubu\u0161ki\" \/>\n<meta name=\"twitter:card\" content=\"summary_large_image\" \/>\n<meta name=\"twitter:creator\" content=\"@radioljubuski\" \/>\n<meta name=\"twitter:site\" content=\"@radioljubuski\" \/>\n<meta name=\"twitter:label1\" content=\"Napisao\/la\" \/>\n\t<meta name=\"twitter:data1\" content=\"Radio Ljubu\u0161ki\" \/>\n\t<meta name=\"twitter:label2\" content=\"Procijenjeno vrijeme \u010ditanja\" \/>\n\t<meta name=\"twitter:data2\" content=\"4 minute\" \/>\n<script type=\"application\/ld+json\" class=\"yoast-schema-graph\">{\"@context\":\"https:\\\/\\\/schema.org\",\"@graph\":[{\"@type\":\"Article\",\"@id\":\"https:\\\/\\\/radioljubuski.ba\\\/index.php\\\/2021\\\/09\\\/03\\\/je-li-zeljko-komsic-zapravo-zagovornik-treceg-entiteta\\\/#article\",\"isPartOf\":{\"@id\":\"https:\\\/\\\/radioljubuski.ba\\\/index.php\\\/2021\\\/09\\\/03\\\/je-li-zeljko-komsic-zapravo-zagovornik-treceg-entiteta\\\/\"},\"author\":{\"name\":\"Radio Ljubu\u0161ki\",\"@id\":\"https:\\\/\\\/radioljubuski.ba\\\/#\\\/schema\\\/person\\\/19fc700381a780f69665d7956c469e3b\"},\"headline\":\"Je li \u017deljko Kom\u0161i\u0107, zapravo, zagovornik tre\u0107eg entiteta\",\"datePublished\":\"2021-09-03T11:46:27+00:00\",\"dateModified\":\"2021-09-03T11:46:28+00:00\",\"mainEntityOfPage\":{\"@id\":\"https:\\\/\\\/radioljubuski.ba\\\/index.php\\\/2021\\\/09\\\/03\\\/je-li-zeljko-komsic-zapravo-zagovornik-treceg-entiteta\\\/\"},\"wordCount\":871,\"publisher\":{\"@id\":\"https:\\\/\\\/radioljubuski.ba\\\/#organization\"},\"articleSection\":[\"BIH i regija\"],\"inLanguage\":\"hr\"},{\"@type\":\"WebPage\",\"@id\":\"https:\\\/\\\/radioljubuski.ba\\\/index.php\\\/2021\\\/09\\\/03\\\/je-li-zeljko-komsic-zapravo-zagovornik-treceg-entiteta\\\/\",\"url\":\"https:\\\/\\\/radioljubuski.ba\\\/index.php\\\/2021\\\/09\\\/03\\\/je-li-zeljko-komsic-zapravo-zagovornik-treceg-entiteta\\\/\",\"name\":\"Je li \u017deljko Kom\u0161i\u0107, zapravo, zagovornik tre\u0107eg entiteta - RADIO LJUBU\u0160KI\",\"isPartOf\":{\"@id\":\"https:\\\/\\\/radioljubuski.ba\\\/#website\"},\"datePublished\":\"2021-09-03T11:46:27+00:00\",\"dateModified\":\"2021-09-03T11:46:28+00:00\",\"breadcrumb\":{\"@id\":\"https:\\\/\\\/radioljubuski.ba\\\/index.php\\\/2021\\\/09\\\/03\\\/je-li-zeljko-komsic-zapravo-zagovornik-treceg-entiteta\\\/#breadcrumb\"},\"inLanguage\":\"hr\",\"potentialAction\":[{\"@type\":\"ReadAction\",\"target\":[\"https:\\\/\\\/radioljubuski.ba\\\/index.php\\\/2021\\\/09\\\/03\\\/je-li-zeljko-komsic-zapravo-zagovornik-treceg-entiteta\\\/\"]}]},{\"@type\":\"BreadcrumbList\",\"@id\":\"https:\\\/\\\/radioljubuski.ba\\\/index.php\\\/2021\\\/09\\\/03\\\/je-li-zeljko-komsic-zapravo-zagovornik-treceg-entiteta\\\/#breadcrumb\",\"itemListElement\":[{\"@type\":\"ListItem\",\"position\":1,\"name\":\"Po\u010detna stranica\",\"item\":\"https:\\\/\\\/radioljubuski.ba\\\/\"},{\"@type\":\"ListItem\",\"position\":2,\"name\":\"Je li \u017deljko Kom\u0161i\u0107, zapravo, zagovornik tre\u0107eg entiteta\"}]},{\"@type\":\"WebSite\",\"@id\":\"https:\\\/\\\/radioljubuski.ba\\\/#website\",\"url\":\"https:\\\/\\\/radioljubuski.ba\\\/\",\"name\":\"Radio Ljubu\u0161ki\",\"description\":\"Sun\u010dana frekvencija Hercegovine\",\"publisher\":{\"@id\":\"https:\\\/\\\/radioljubuski.ba\\\/#organization\"},\"potentialAction\":[{\"@type\":\"SearchAction\",\"target\":{\"@type\":\"EntryPoint\",\"urlTemplate\":\"https:\\\/\\\/radioljubuski.ba\\\/?s={search_term_string}\"},\"query-input\":{\"@type\":\"PropertyValueSpecification\",\"valueRequired\":true,\"valueName\":\"search_term_string\"}}],\"inLanguage\":\"hr\"},{\"@type\":\"Organization\",\"@id\":\"https:\\\/\\\/radioljubuski.ba\\\/#organization\",\"name\":\"Radio Ljubu\u0161ki\",\"url\":\"https:\\\/\\\/radioljubuski.ba\\\/\",\"logo\":{\"@type\":\"ImageObject\",\"inLanguage\":\"hr\",\"@id\":\"https:\\\/\\\/radioljubuski.ba\\\/#\\\/schema\\\/logo\\\/image\\\/\",\"url\":\"https:\\\/\\\/radioljubuski.ba\\\/wp-content\\\/uploads\\\/2021\\\/02\\\/cropped-Radio_Ljubuski_logo1.jpg\",\"contentUrl\":\"https:\\\/\\\/radioljubuski.ba\\\/wp-content\\\/uploads\\\/2021\\\/02\\\/cropped-Radio_Ljubuski_logo1.jpg\",\"width\":512,\"height\":512,\"caption\":\"Radio Ljubu\u0161ki\"},\"image\":{\"@id\":\"https:\\\/\\\/radioljubuski.ba\\\/#\\\/schema\\\/logo\\\/image\\\/\"},\"sameAs\":[\"https:\\\/\\\/www.facebook.com\\\/Radiio-Ljubuski-1490835324566332\",\"https:\\\/\\\/x.com\\\/radioljubuski\",\"https:\\\/\\\/hr.linkedin.com\\\/company\\\/radio-ljubuski\",\"https:\\\/\\\/www.youtube.com\\\/channel\\\/UCHYaeO_n0Db3tjNGudGpXyw\"]},{\"@type\":\"Person\",\"@id\":\"https:\\\/\\\/radioljubuski.ba\\\/#\\\/schema\\\/person\\\/19fc700381a780f69665d7956c469e3b\",\"name\":\"Radio Ljubu\u0161ki\"}]}<\/script>\n<!-- \/ Yoast SEO plugin. -->","yoast_head_json":{"title":"Je li \u017deljko Kom\u0161i\u0107, zapravo, zagovornik tre\u0107eg entiteta - RADIO LJUBU\u0160KI","robots":{"index":"index","follow":"follow","max-snippet":"max-snippet:-1","max-image-preview":"max-image-preview:large","max-video-preview":"max-video-preview:-1"},"canonical":"https:\/\/radioljubuski.ba\/index.php\/2021\/09\/03\/je-li-zeljko-komsic-zapravo-zagovornik-treceg-entiteta\/","og_locale":"hr_HR","og_type":"article","og_title":"Je li \u017deljko Kom\u0161i\u0107, zapravo, zagovornik tre\u0107eg entiteta - RADIO LJUBU\u0160KI","og_description":"\u010clan Predsjedni\u0161tva BiH \u017deljko Kom\u0161i\u0107 se ponekad pona\u0161a kao veliki zagovornik tre\u0107eg entiteta. Ne, on to ne radi tako \u0161to \u0107e on, eto, naljutiti Hrvate jer Bo\u0161njacima slu\u017ei kao mehanizam kojim \u0107e oni preglasati Hrvate pa \u0107e se Hrvati pobuniti pa \u0107e\u2026. I eto tre\u0107eg entiteta. Ne! Pi\u0161e: Ivan Crnjac, Bild.ba Ka\u017eu da su se [&hellip;]","og_url":"https:\/\/radioljubuski.ba\/index.php\/2021\/09\/03\/je-li-zeljko-komsic-zapravo-zagovornik-treceg-entiteta\/","og_site_name":"RADIO LJUBU\u0160KI","article_publisher":"https:\/\/www.facebook.com\/Radiio-Ljubuski-1490835324566332","article_published_time":"2021-09-03T11:46:27+00:00","article_modified_time":"2021-09-03T11:46:28+00:00","og_image":[{"width":800,"height":550,"url":"https:\/\/radioljubuski.ba\/wp-content\/uploads\/2021\/09\/210619zeljko_komsic3.jpeg","type":"image\/jpeg"}],"author":"Radio Ljubu\u0161ki","twitter_card":"summary_large_image","twitter_creator":"@radioljubuski","twitter_site":"@radioljubuski","twitter_misc":{"Napisao\/la":"Radio Ljubu\u0161ki","Procijenjeno vrijeme \u010ditanja":"4 minute"},"schema":{"@context":"https:\/\/schema.org","@graph":[{"@type":"Article","@id":"https:\/\/radioljubuski.ba\/index.php\/2021\/09\/03\/je-li-zeljko-komsic-zapravo-zagovornik-treceg-entiteta\/#article","isPartOf":{"@id":"https:\/\/radioljubuski.ba\/index.php\/2021\/09\/03\/je-li-zeljko-komsic-zapravo-zagovornik-treceg-entiteta\/"},"author":{"name":"Radio Ljubu\u0161ki","@id":"https:\/\/radioljubuski.ba\/#\/schema\/person\/19fc700381a780f69665d7956c469e3b"},"headline":"Je li \u017deljko Kom\u0161i\u0107, zapravo, zagovornik tre\u0107eg entiteta","datePublished":"2021-09-03T11:46:27+00:00","dateModified":"2021-09-03T11:46:28+00:00","mainEntityOfPage":{"@id":"https:\/\/radioljubuski.ba\/index.php\/2021\/09\/03\/je-li-zeljko-komsic-zapravo-zagovornik-treceg-entiteta\/"},"wordCount":871,"publisher":{"@id":"https:\/\/radioljubuski.ba\/#organization"},"articleSection":["BIH i regija"],"inLanguage":"hr"},{"@type":"WebPage","@id":"https:\/\/radioljubuski.ba\/index.php\/2021\/09\/03\/je-li-zeljko-komsic-zapravo-zagovornik-treceg-entiteta\/","url":"https:\/\/radioljubuski.ba\/index.php\/2021\/09\/03\/je-li-zeljko-komsic-zapravo-zagovornik-treceg-entiteta\/","name":"Je li \u017deljko Kom\u0161i\u0107, zapravo, zagovornik tre\u0107eg entiteta - RADIO LJUBU\u0160KI","isPartOf":{"@id":"https:\/\/radioljubuski.ba\/#website"},"datePublished":"2021-09-03T11:46:27+00:00","dateModified":"2021-09-03T11:46:28+00:00","breadcrumb":{"@id":"https:\/\/radioljubuski.ba\/index.php\/2021\/09\/03\/je-li-zeljko-komsic-zapravo-zagovornik-treceg-entiteta\/#breadcrumb"},"inLanguage":"hr","potentialAction":[{"@type":"ReadAction","target":["https:\/\/radioljubuski.ba\/index.php\/2021\/09\/03\/je-li-zeljko-komsic-zapravo-zagovornik-treceg-entiteta\/"]}]},{"@type":"BreadcrumbList","@id":"https:\/\/radioljubuski.ba\/index.php\/2021\/09\/03\/je-li-zeljko-komsic-zapravo-zagovornik-treceg-entiteta\/#breadcrumb","itemListElement":[{"@type":"ListItem","position":1,"name":"Po\u010detna stranica","item":"https:\/\/radioljubuski.ba\/"},{"@type":"ListItem","position":2,"name":"Je li \u017deljko Kom\u0161i\u0107, zapravo, zagovornik tre\u0107eg entiteta"}]},{"@type":"WebSite","@id":"https:\/\/radioljubuski.ba\/#website","url":"https:\/\/radioljubuski.ba\/","name":"Radio Ljubu\u0161ki","description":"Sun\u010dana frekvencija Hercegovine","publisher":{"@id":"https:\/\/radioljubuski.ba\/#organization"},"potentialAction":[{"@type":"SearchAction","target":{"@type":"EntryPoint","urlTemplate":"https:\/\/radioljubuski.ba\/?s={search_term_string}"},"query-input":{"@type":"PropertyValueSpecification","valueRequired":true,"valueName":"search_term_string"}}],"inLanguage":"hr"},{"@type":"Organization","@id":"https:\/\/radioljubuski.ba\/#organization","name":"Radio Ljubu\u0161ki","url":"https:\/\/radioljubuski.ba\/","logo":{"@type":"ImageObject","inLanguage":"hr","@id":"https:\/\/radioljubuski.ba\/#\/schema\/logo\/image\/","url":"https:\/\/radioljubuski.ba\/wp-content\/uploads\/2021\/02\/cropped-Radio_Ljubuski_logo1.jpg","contentUrl":"https:\/\/radioljubuski.ba\/wp-content\/uploads\/2021\/02\/cropped-Radio_Ljubuski_logo1.jpg","width":512,"height":512,"caption":"Radio Ljubu\u0161ki"},"image":{"@id":"https:\/\/radioljubuski.ba\/#\/schema\/logo\/image\/"},"sameAs":["https:\/\/www.facebook.com\/Radiio-Ljubuski-1490835324566332","https:\/\/x.com\/radioljubuski","https:\/\/hr.linkedin.com\/company\/radio-ljubuski","https:\/\/www.youtube.com\/channel\/UCHYaeO_n0Db3tjNGudGpXyw"]},{"@type":"Person","@id":"https:\/\/radioljubuski.ba\/#\/schema\/person\/19fc700381a780f69665d7956c469e3b","name":"Radio Ljubu\u0161ki"}]}},"_links":{"self":[{"href":"https:\/\/radioljubuski.ba\/index.php\/wp-json\/wp\/v2\/posts\/60718","targetHints":{"allow":["GET"]}}],"collection":[{"href":"https:\/\/radioljubuski.ba\/index.php\/wp-json\/wp\/v2\/posts"}],"about":[{"href":"https:\/\/radioljubuski.ba\/index.php\/wp-json\/wp\/v2\/types\/post"}],"author":[{"embeddable":true,"href":"https:\/\/radioljubuski.ba\/index.php\/wp-json\/wp\/v2\/users\/2"}],"replies":[{"embeddable":true,"href":"https:\/\/radioljubuski.ba\/index.php\/wp-json\/wp\/v2\/comments?post=60718"}],"version-history":[{"count":1,"href":"https:\/\/radioljubuski.ba\/index.php\/wp-json\/wp\/v2\/posts\/60718\/revisions"}],"predecessor-version":[{"id":60720,"href":"https:\/\/radioljubuski.ba\/index.php\/wp-json\/wp\/v2\/posts\/60718\/revisions\/60720"}],"wp:attachment":[{"href":"https:\/\/radioljubuski.ba\/index.php\/wp-json\/wp\/v2\/media?parent=60718"}],"wp:term":[{"taxonomy":"category","embeddable":true,"href":"https:\/\/radioljubuski.ba\/index.php\/wp-json\/wp\/v2\/categories?post=60718"},{"taxonomy":"post_tag","embeddable":true,"href":"https:\/\/radioljubuski.ba\/index.php\/wp-json\/wp\/v2\/tags?post=60718"}],"curies":[{"name":"wp","href":"https:\/\/api.w.org\/{rel}","templated":true}]}}