{"id":60756,"date":"2021-09-03T13:45:37","date_gmt":"2021-09-03T12:45:37","guid":{"rendered":"https:\/\/radioljubuski.ba\/?p=60756"},"modified":"2021-09-03T13:45:39","modified_gmt":"2021-09-03T12:45:39","slug":"priopcenje-hss-a-o-neprenosenju-sjednica-ov-posusje","status":"publish","type":"post","link":"https:\/\/radioljubuski.ba\/index.php\/2021\/09\/03\/priopcenje-hss-a-o-neprenosenju-sjednica-ov-posusje\/","title":{"rendered":"Priop\u0107enje HSS-a o nepreno\u0161enju sjednica OV Posu\u0161je"},"content":{"rendered":"\n<h5 class=\"wp-block-heading\">U \u010detvrtak (02. rujna) odr\u017eana je 7. sjednica op\u0107inskog vije\u0107a op\u0107ine Posu\u0161je.<\/h5>\n\n\n\n<p>A o nepreno\u0161enju sjednica&nbsp;<strong>OV Posu\u0161je<\/strong>&nbsp;putem radio valova JP Radija Posu\u0161je oglasio se&nbsp;<strong>Op\u0107inski odbor HSS-a.<\/strong>&nbsp;Njihovo priop\u0107enje prenosimo u cijelosti.<\/p>\n\n\n\n<p>U prvoj to\u010dki dnevnog reda \u201cVije\u0107ni\u010dka pitanja, primjedbe i prijedlozi\u201d vije\u0107nik HSS-a u Posu\u0161ju,\u00a0<strong>Darko Poli\u0107<\/strong>\u00a0pitao je predsjednika vije\u0107a OV (op- Ivana Lona\u010dara) i na\u010delnika op\u0107ine (op. a. Antu Begi\u0107a)<strong>\u00a0za\u0161to nije dostavljen odgovor JP Radio Posu\u0161je<\/strong>\u00a0o tehni\u010dkim mogu\u0107nostima prijenosa sjednica, budu\u0107i je HSS isti zatra\u017eio pismeno na pro\u0161loj sjednici.<\/p>\n\n\n\n<p>Predsjednik OV-a je odgovorio da su odlu\u010dili kako \u0107e s<strong>nimka sjednice i\u0107i u popodnevnim satima u 16:05 na radio Posu\u0161ju<\/strong>, ali nije \u017eelio odgovoriti ho\u0107e li biti&nbsp;<strong>cenzurirani sa\u017eetak<\/strong>&nbsp;ili cjelokupna sjednica.<\/p>\n\n\n\n<p>Na pitanje zbog \u010dega se, ukoliko&nbsp;<strong>JP Radio Posu\u0161je<\/strong>&nbsp;nije u mogu\u0107nosti prenositi sjednice, ne organiziraju dijalo\u0161ke emisije nakon istih, predsjednik OV Posu\u0161je je rekao da \u0107e biti jedna dijalo\u0161ka emisija vije\u0107nika jednom godi\u0161nje prije samog dono\u0161enja prora\u010duna op\u0107ine Posu\u0161je.&nbsp;<strong>Da nije \u017ealosno bilo bi smije\u0161no<\/strong>.<\/p>\n\n\n\n<p>Nakon \u0161to je gospodin Poli\u0107 zatra\u017eio raspravu predsjedavaju\u0107i OV Posu\u0161je mu je oduzeo rije\u010d, te&nbsp;<strong>najavio prekid sjednice ukoliko HSS dalje bude insistirao na tomu<\/strong>&nbsp;nakon \u010dega su vije\u0107nici HSS -a&nbsp;<strong>napustili sjednicu.<\/strong><\/p>\n\n\n\n<p>\u010cak je i u vrijeme vladavine koalicije<strong>&nbsp;HSP BIH \u2013 HDZ 1990<\/strong>&nbsp;u Posu\u0161ju na radiju bilo dijalo\u0161kih emisija, a na \u010demu je najvi\u0161e upravo izinstirao upravo HSS i tada\u0161nji HDZ BiH.<\/p>\n\n\n\n<p>HSS i danas tra\u017ei \u0161to i tada,<strong>&nbsp;punu transparentnost rada OV<\/strong>&nbsp;i mogu\u0107nost da \u017eitelji Posu\u0161ja znaju \u0161to i kako rade oni koje su birali.<br>HDZ BiH kada je u opoziciji dijalo\u0161ke emisije su po\u017eeljne, a kada je na vlasti,&nbsp;<strong>zabranjen je bilo kakav objektivni izvje\u0161taj<\/strong>&nbsp;sa sjednica ili o radu op\u0107inskih organa kao i bilo kakvo razmi\u0161ljanje koje ne odgovara \u010dlanovima vladaju\u0107e partije.<\/p>\n\n\n\n<p>HSS \u0107e naravno i dalje tra\u017eiti punu transparentnost i mogu\u0107nost pristupa javnosti sjednicama OV Posu\u0161je, te \u0107e i<strong>&nbsp;dalje propitkivati vladaju\u0107i HDZ<\/strong>&nbsp;zbog \u010dega su ne\u0161to uradili, ili zbog \u010dega nisu, koliko god to njima smetalo.<\/p>\n\n\n\n<p>Ukoliko vladaju\u0107i HDZ&nbsp;<strong>ne izna\u0111e modalitet<\/strong>&nbsp;po komu \u0107e javnost biti upoznata sa radom OV Posu\u0161je, HSS \u0107e prona\u0107i na\u010din da istu izvijesti o svim doga\u0111anjima na sjednicama.<\/p>\n\n\n\n<p><strong>Zbog \u010dega posu\u0161ki HDZ BiH obmanjuje javnost<\/strong>\u00a0i cenzurira sjednice Op\u0107inskog Vije\u0107a najbolje znaju oni sami, a to saznanje im o\u010dito ne slu\u017ei na \u010dast, stoji u priop\u0107enju OO HSS Posu\u0161je.<\/p>\n","protected":false},"excerpt":{"rendered":"<p>U \u010detvrtak (02. rujna) odr\u017eana je 7. sjednica op\u0107inskog vije\u0107a op\u0107ine Posu\u0161je. A o nepreno\u0161enju sjednica&nbsp;OV Posu\u0161je&nbsp;putem radio valova JP Radija Posu\u0161je oglasio se&nbsp;Op\u0107inski odbor HSS-a.&nbsp;Njihovo priop\u0107enje prenosimo u cijelosti. U prvoj to\u010dki dnevnog reda \u201cVije\u0107ni\u010dka pitanja, primjedbe i prijedlozi\u201d vije\u0107nik HSS-a u Posu\u0161ju,\u00a0Darko Poli\u0107\u00a0pitao je predsjednika vije\u0107a OV (op- Ivana Lona\u010dara) i na\u010delnika op\u0107ine [&hellip;]<\/p>\n","protected":false},"author":2,"featured_media":60757,"comment_status":"closed","ping_status":"closed","sticky":false,"template":"","format":"standard","meta":{"h5ap_radio_sources":[],"footnotes":""},"categories":[1],"tags":[],"class_list":["post-60756","post","type-post","status-publish","format-standard","has-post-thumbnail","hentry","category-bihiregija"],"yoast_head":"<!-- This site is optimized with the Yoast SEO plugin v27.5 - https:\/\/yoast.com\/product\/yoast-seo-wordpress\/ -->\n<title>Priop\u0107enje HSS-a o nepreno\u0161enju sjednica OV Posu\u0161je - RADIO LJUBU\u0160KI<\/title>\n<meta name=\"robots\" content=\"index, follow, max-snippet:-1, max-image-preview:large, max-video-preview:-1\" \/>\n<link rel=\"canonical\" href=\"https:\/\/radioljubuski.ba\/index.php\/2021\/09\/03\/priopcenje-hss-a-o-neprenosenju-sjednica-ov-posusje\/\" \/>\n<meta property=\"og:locale\" content=\"hr_HR\" \/>\n<meta property=\"og:type\" content=\"article\" \/>\n<meta property=\"og:title\" content=\"Priop\u0107enje HSS-a o nepreno\u0161enju sjednica OV Posu\u0161je - RADIO LJUBU\u0160KI\" \/>\n<meta property=\"og:description\" content=\"U \u010detvrtak (02. rujna) odr\u017eana je 7. sjednica op\u0107inskog vije\u0107a op\u0107ine Posu\u0161je. A o nepreno\u0161enju sjednica&nbsp;OV Posu\u0161je&nbsp;putem radio valova JP Radija Posu\u0161je oglasio se&nbsp;Op\u0107inski odbor HSS-a.&nbsp;Njihovo priop\u0107enje prenosimo u cijelosti. U prvoj to\u010dki dnevnog reda \u201cVije\u0107ni\u010dka pitanja, primjedbe i prijedlozi\u201d vije\u0107nik HSS-a u Posu\u0161ju,\u00a0Darko Poli\u0107\u00a0pitao je predsjednika vije\u0107a OV (op- Ivana Lona\u010dara) i na\u010delnika op\u0107ine [&hellip;]\" \/>\n<meta property=\"og:url\" content=\"https:\/\/radioljubuski.ba\/index.php\/2021\/09\/03\/priopcenje-hss-a-o-neprenosenju-sjednica-ov-posusje\/\" \/>\n<meta property=\"og:site_name\" content=\"RADIO LJUBU\u0160KI\" \/>\n<meta property=\"article:publisher\" content=\"https:\/\/www.facebook.com\/Radiio-Ljubuski-1490835324566332\" \/>\n<meta property=\"article:published_time\" content=\"2021-09-03T12:45:37+00:00\" \/>\n<meta property=\"article:modified_time\" content=\"2021-09-03T12:45:39+00:00\" \/>\n<meta property=\"og:image\" content=\"https:\/\/radioljubuski.ba\/wp-content\/uploads\/2021\/09\/posusje.jpg\" \/>\n\t<meta property=\"og:image:width\" content=\"810\" \/>\n\t<meta property=\"og:image:height\" content=\"543\" \/>\n\t<meta property=\"og:image:type\" content=\"image\/jpeg\" \/>\n<meta name=\"author\" content=\"Radio Ljubu\u0161ki\" \/>\n<meta name=\"twitter:card\" content=\"summary_large_image\" \/>\n<meta name=\"twitter:creator\" content=\"@radioljubuski\" \/>\n<meta name=\"twitter:site\" content=\"@radioljubuski\" \/>\n<meta name=\"twitter:label1\" content=\"Napisao\/la\" \/>\n\t<meta name=\"twitter:data1\" content=\"Radio Ljubu\u0161ki\" \/>\n\t<meta name=\"twitter:label2\" content=\"Procijenjeno vrijeme \u010ditanja\" \/>\n\t<meta name=\"twitter:data2\" content=\"2 minute\" \/>\n<script type=\"application\/ld+json\" class=\"yoast-schema-graph\">{\"@context\":\"https:\\\/\\\/schema.org\",\"@graph\":[{\"@type\":\"Article\",\"@id\":\"https:\\\/\\\/radioljubuski.ba\\\/index.php\\\/2021\\\/09\\\/03\\\/priopcenje-hss-a-o-neprenosenju-sjednica-ov-posusje\\\/#article\",\"isPartOf\":{\"@id\":\"https:\\\/\\\/radioljubuski.ba\\\/index.php\\\/2021\\\/09\\\/03\\\/priopcenje-hss-a-o-neprenosenju-sjednica-ov-posusje\\\/\"},\"author\":{\"name\":\"Radio Ljubu\u0161ki\",\"@id\":\"https:\\\/\\\/radioljubuski.ba\\\/#\\\/schema\\\/person\\\/19fc700381a780f69665d7956c469e3b\"},\"headline\":\"Priop\u0107enje HSS-a o nepreno\u0161enju sjednica OV Posu\u0161je\",\"datePublished\":\"2021-09-03T12:45:37+00:00\",\"dateModified\":\"2021-09-03T12:45:39+00:00\",\"mainEntityOfPage\":{\"@id\":\"https:\\\/\\\/radioljubuski.ba\\\/index.php\\\/2021\\\/09\\\/03\\\/priopcenje-hss-a-o-neprenosenju-sjednica-ov-posusje\\\/\"},\"wordCount\":494,\"publisher\":{\"@id\":\"https:\\\/\\\/radioljubuski.ba\\\/#organization\"},\"image\":{\"@id\":\"https:\\\/\\\/radioljubuski.ba\\\/index.php\\\/2021\\\/09\\\/03\\\/priopcenje-hss-a-o-neprenosenju-sjednica-ov-posusje\\\/#primaryimage\"},\"thumbnailUrl\":\"https:\\\/\\\/radioljubuski.ba\\\/wp-content\\\/uploads\\\/2021\\\/09\\\/posusje.jpg\",\"articleSection\":[\"BIH i regija\"],\"inLanguage\":\"hr\"},{\"@type\":\"WebPage\",\"@id\":\"https:\\\/\\\/radioljubuski.ba\\\/index.php\\\/2021\\\/09\\\/03\\\/priopcenje-hss-a-o-neprenosenju-sjednica-ov-posusje\\\/\",\"url\":\"https:\\\/\\\/radioljubuski.ba\\\/index.php\\\/2021\\\/09\\\/03\\\/priopcenje-hss-a-o-neprenosenju-sjednica-ov-posusje\\\/\",\"name\":\"Priop\u0107enje HSS-a o nepreno\u0161enju sjednica OV Posu\u0161je - RADIO LJUBU\u0160KI\",\"isPartOf\":{\"@id\":\"https:\\\/\\\/radioljubuski.ba\\\/#website\"},\"primaryImageOfPage\":{\"@id\":\"https:\\\/\\\/radioljubuski.ba\\\/index.php\\\/2021\\\/09\\\/03\\\/priopcenje-hss-a-o-neprenosenju-sjednica-ov-posusje\\\/#primaryimage\"},\"image\":{\"@id\":\"https:\\\/\\\/radioljubuski.ba\\\/index.php\\\/2021\\\/09\\\/03\\\/priopcenje-hss-a-o-neprenosenju-sjednica-ov-posusje\\\/#primaryimage\"},\"thumbnailUrl\":\"https:\\\/\\\/radioljubuski.ba\\\/wp-content\\\/uploads\\\/2021\\\/09\\\/posusje.jpg\",\"datePublished\":\"2021-09-03T12:45:37+00:00\",\"dateModified\":\"2021-09-03T12:45:39+00:00\",\"breadcrumb\":{\"@id\":\"https:\\\/\\\/radioljubuski.ba\\\/index.php\\\/2021\\\/09\\\/03\\\/priopcenje-hss-a-o-neprenosenju-sjednica-ov-posusje\\\/#breadcrumb\"},\"inLanguage\":\"hr\",\"potentialAction\":[{\"@type\":\"ReadAction\",\"target\":[\"https:\\\/\\\/radioljubuski.ba\\\/index.php\\\/2021\\\/09\\\/03\\\/priopcenje-hss-a-o-neprenosenju-sjednica-ov-posusje\\\/\"]}]},{\"@type\":\"ImageObject\",\"inLanguage\":\"hr\",\"@id\":\"https:\\\/\\\/radioljubuski.ba\\\/index.php\\\/2021\\\/09\\\/03\\\/priopcenje-hss-a-o-neprenosenju-sjednica-ov-posusje\\\/#primaryimage\",\"url\":\"https:\\\/\\\/radioljubuski.ba\\\/wp-content\\\/uploads\\\/2021\\\/09\\\/posusje.jpg\",\"contentUrl\":\"https:\\\/\\\/radioljubuski.ba\\\/wp-content\\\/uploads\\\/2021\\\/09\\\/posusje.jpg\",\"width\":810,\"height\":543},{\"@type\":\"BreadcrumbList\",\"@id\":\"https:\\\/\\\/radioljubuski.ba\\\/index.php\\\/2021\\\/09\\\/03\\\/priopcenje-hss-a-o-neprenosenju-sjednica-ov-posusje\\\/#breadcrumb\",\"itemListElement\":[{\"@type\":\"ListItem\",\"position\":1,\"name\":\"Po\u010detna stranica\",\"item\":\"https:\\\/\\\/radioljubuski.ba\\\/\"},{\"@type\":\"ListItem\",\"position\":2,\"name\":\"Priop\u0107enje HSS-a o nepreno\u0161enju sjednica OV Posu\u0161je\"}]},{\"@type\":\"WebSite\",\"@id\":\"https:\\\/\\\/radioljubuski.ba\\\/#website\",\"url\":\"https:\\\/\\\/radioljubuski.ba\\\/\",\"name\":\"Radio Ljubu\u0161ki\",\"description\":\"Sun\u010dana frekvencija Hercegovine\",\"publisher\":{\"@id\":\"https:\\\/\\\/radioljubuski.ba\\\/#organization\"},\"potentialAction\":[{\"@type\":\"SearchAction\",\"target\":{\"@type\":\"EntryPoint\",\"urlTemplate\":\"https:\\\/\\\/radioljubuski.ba\\\/?s={search_term_string}\"},\"query-input\":{\"@type\":\"PropertyValueSpecification\",\"valueRequired\":true,\"valueName\":\"search_term_string\"}}],\"inLanguage\":\"hr\"},{\"@type\":\"Organization\",\"@id\":\"https:\\\/\\\/radioljubuski.ba\\\/#organization\",\"name\":\"Radio Ljubu\u0161ki\",\"url\":\"https:\\\/\\\/radioljubuski.ba\\\/\",\"logo\":{\"@type\":\"ImageObject\",\"inLanguage\":\"hr\",\"@id\":\"https:\\\/\\\/radioljubuski.ba\\\/#\\\/schema\\\/logo\\\/image\\\/\",\"url\":\"https:\\\/\\\/radioljubuski.ba\\\/wp-content\\\/uploads\\\/2021\\\/02\\\/cropped-Radio_Ljubuski_logo1.jpg\",\"contentUrl\":\"https:\\\/\\\/radioljubuski.ba\\\/wp-content\\\/uploads\\\/2021\\\/02\\\/cropped-Radio_Ljubuski_logo1.jpg\",\"width\":512,\"height\":512,\"caption\":\"Radio Ljubu\u0161ki\"},\"image\":{\"@id\":\"https:\\\/\\\/radioljubuski.ba\\\/#\\\/schema\\\/logo\\\/image\\\/\"},\"sameAs\":[\"https:\\\/\\\/www.facebook.com\\\/Radiio-Ljubuski-1490835324566332\",\"https:\\\/\\\/x.com\\\/radioljubuski\",\"https:\\\/\\\/hr.linkedin.com\\\/company\\\/radio-ljubuski\",\"https:\\\/\\\/www.youtube.com\\\/channel\\\/UCHYaeO_n0Db3tjNGudGpXyw\"]},{\"@type\":\"Person\",\"@id\":\"https:\\\/\\\/radioljubuski.ba\\\/#\\\/schema\\\/person\\\/19fc700381a780f69665d7956c469e3b\",\"name\":\"Radio Ljubu\u0161ki\"}]}<\/script>\n<!-- \/ Yoast SEO plugin. -->","yoast_head_json":{"title":"Priop\u0107enje HSS-a o nepreno\u0161enju sjednica OV Posu\u0161je - RADIO LJUBU\u0160KI","robots":{"index":"index","follow":"follow","max-snippet":"max-snippet:-1","max-image-preview":"max-image-preview:large","max-video-preview":"max-video-preview:-1"},"canonical":"https:\/\/radioljubuski.ba\/index.php\/2021\/09\/03\/priopcenje-hss-a-o-neprenosenju-sjednica-ov-posusje\/","og_locale":"hr_HR","og_type":"article","og_title":"Priop\u0107enje HSS-a o nepreno\u0161enju sjednica OV Posu\u0161je - RADIO LJUBU\u0160KI","og_description":"U \u010detvrtak (02. rujna) odr\u017eana je 7. sjednica op\u0107inskog vije\u0107a op\u0107ine Posu\u0161je. A o nepreno\u0161enju sjednica&nbsp;OV Posu\u0161je&nbsp;putem radio valova JP Radija Posu\u0161je oglasio se&nbsp;Op\u0107inski odbor HSS-a.&nbsp;Njihovo priop\u0107enje prenosimo u cijelosti. U prvoj to\u010dki dnevnog reda \u201cVije\u0107ni\u010dka pitanja, primjedbe i prijedlozi\u201d vije\u0107nik HSS-a u Posu\u0161ju,\u00a0Darko Poli\u0107\u00a0pitao je predsjednika vije\u0107a OV (op- Ivana Lona\u010dara) i na\u010delnika op\u0107ine [&hellip;]","og_url":"https:\/\/radioljubuski.ba\/index.php\/2021\/09\/03\/priopcenje-hss-a-o-neprenosenju-sjednica-ov-posusje\/","og_site_name":"RADIO LJUBU\u0160KI","article_publisher":"https:\/\/www.facebook.com\/Radiio-Ljubuski-1490835324566332","article_published_time":"2021-09-03T12:45:37+00:00","article_modified_time":"2021-09-03T12:45:39+00:00","og_image":[{"width":810,"height":543,"url":"https:\/\/radioljubuski.ba\/wp-content\/uploads\/2021\/09\/posusje.jpg","type":"image\/jpeg"}],"author":"Radio Ljubu\u0161ki","twitter_card":"summary_large_image","twitter_creator":"@radioljubuski","twitter_site":"@radioljubuski","twitter_misc":{"Napisao\/la":"Radio Ljubu\u0161ki","Procijenjeno vrijeme \u010ditanja":"2 minute"},"schema":{"@context":"https:\/\/schema.org","@graph":[{"@type":"Article","@id":"https:\/\/radioljubuski.ba\/index.php\/2021\/09\/03\/priopcenje-hss-a-o-neprenosenju-sjednica-ov-posusje\/#article","isPartOf":{"@id":"https:\/\/radioljubuski.ba\/index.php\/2021\/09\/03\/priopcenje-hss-a-o-neprenosenju-sjednica-ov-posusje\/"},"author":{"name":"Radio Ljubu\u0161ki","@id":"https:\/\/radioljubuski.ba\/#\/schema\/person\/19fc700381a780f69665d7956c469e3b"},"headline":"Priop\u0107enje HSS-a o nepreno\u0161enju sjednica OV Posu\u0161je","datePublished":"2021-09-03T12:45:37+00:00","dateModified":"2021-09-03T12:45:39+00:00","mainEntityOfPage":{"@id":"https:\/\/radioljubuski.ba\/index.php\/2021\/09\/03\/priopcenje-hss-a-o-neprenosenju-sjednica-ov-posusje\/"},"wordCount":494,"publisher":{"@id":"https:\/\/radioljubuski.ba\/#organization"},"image":{"@id":"https:\/\/radioljubuski.ba\/index.php\/2021\/09\/03\/priopcenje-hss-a-o-neprenosenju-sjednica-ov-posusje\/#primaryimage"},"thumbnailUrl":"https:\/\/radioljubuski.ba\/wp-content\/uploads\/2021\/09\/posusje.jpg","articleSection":["BIH i regija"],"inLanguage":"hr"},{"@type":"WebPage","@id":"https:\/\/radioljubuski.ba\/index.php\/2021\/09\/03\/priopcenje-hss-a-o-neprenosenju-sjednica-ov-posusje\/","url":"https:\/\/radioljubuski.ba\/index.php\/2021\/09\/03\/priopcenje-hss-a-o-neprenosenju-sjednica-ov-posusje\/","name":"Priop\u0107enje HSS-a o nepreno\u0161enju sjednica OV Posu\u0161je - RADIO LJUBU\u0160KI","isPartOf":{"@id":"https:\/\/radioljubuski.ba\/#website"},"primaryImageOfPage":{"@id":"https:\/\/radioljubuski.ba\/index.php\/2021\/09\/03\/priopcenje-hss-a-o-neprenosenju-sjednica-ov-posusje\/#primaryimage"},"image":{"@id":"https:\/\/radioljubuski.ba\/index.php\/2021\/09\/03\/priopcenje-hss-a-o-neprenosenju-sjednica-ov-posusje\/#primaryimage"},"thumbnailUrl":"https:\/\/radioljubuski.ba\/wp-content\/uploads\/2021\/09\/posusje.jpg","datePublished":"2021-09-03T12:45:37+00:00","dateModified":"2021-09-03T12:45:39+00:00","breadcrumb":{"@id":"https:\/\/radioljubuski.ba\/index.php\/2021\/09\/03\/priopcenje-hss-a-o-neprenosenju-sjednica-ov-posusje\/#breadcrumb"},"inLanguage":"hr","potentialAction":[{"@type":"ReadAction","target":["https:\/\/radioljubuski.ba\/index.php\/2021\/09\/03\/priopcenje-hss-a-o-neprenosenju-sjednica-ov-posusje\/"]}]},{"@type":"ImageObject","inLanguage":"hr","@id":"https:\/\/radioljubuski.ba\/index.php\/2021\/09\/03\/priopcenje-hss-a-o-neprenosenju-sjednica-ov-posusje\/#primaryimage","url":"https:\/\/radioljubuski.ba\/wp-content\/uploads\/2021\/09\/posusje.jpg","contentUrl":"https:\/\/radioljubuski.ba\/wp-content\/uploads\/2021\/09\/posusje.jpg","width":810,"height":543},{"@type":"BreadcrumbList","@id":"https:\/\/radioljubuski.ba\/index.php\/2021\/09\/03\/priopcenje-hss-a-o-neprenosenju-sjednica-ov-posusje\/#breadcrumb","itemListElement":[{"@type":"ListItem","position":1,"name":"Po\u010detna stranica","item":"https:\/\/radioljubuski.ba\/"},{"@type":"ListItem","position":2,"name":"Priop\u0107enje HSS-a o nepreno\u0161enju sjednica OV Posu\u0161je"}]},{"@type":"WebSite","@id":"https:\/\/radioljubuski.ba\/#website","url":"https:\/\/radioljubuski.ba\/","name":"Radio Ljubu\u0161ki","description":"Sun\u010dana frekvencija Hercegovine","publisher":{"@id":"https:\/\/radioljubuski.ba\/#organization"},"potentialAction":[{"@type":"SearchAction","target":{"@type":"EntryPoint","urlTemplate":"https:\/\/radioljubuski.ba\/?s={search_term_string}"},"query-input":{"@type":"PropertyValueSpecification","valueRequired":true,"valueName":"search_term_string"}}],"inLanguage":"hr"},{"@type":"Organization","@id":"https:\/\/radioljubuski.ba\/#organization","name":"Radio Ljubu\u0161ki","url":"https:\/\/radioljubuski.ba\/","logo":{"@type":"ImageObject","inLanguage":"hr","@id":"https:\/\/radioljubuski.ba\/#\/schema\/logo\/image\/","url":"https:\/\/radioljubuski.ba\/wp-content\/uploads\/2021\/02\/cropped-Radio_Ljubuski_logo1.jpg","contentUrl":"https:\/\/radioljubuski.ba\/wp-content\/uploads\/2021\/02\/cropped-Radio_Ljubuski_logo1.jpg","width":512,"height":512,"caption":"Radio Ljubu\u0161ki"},"image":{"@id":"https:\/\/radioljubuski.ba\/#\/schema\/logo\/image\/"},"sameAs":["https:\/\/www.facebook.com\/Radiio-Ljubuski-1490835324566332","https:\/\/x.com\/radioljubuski","https:\/\/hr.linkedin.com\/company\/radio-ljubuski","https:\/\/www.youtube.com\/channel\/UCHYaeO_n0Db3tjNGudGpXyw"]},{"@type":"Person","@id":"https:\/\/radioljubuski.ba\/#\/schema\/person\/19fc700381a780f69665d7956c469e3b","name":"Radio Ljubu\u0161ki"}]}},"_links":{"self":[{"href":"https:\/\/radioljubuski.ba\/index.php\/wp-json\/wp\/v2\/posts\/60756","targetHints":{"allow":["GET"]}}],"collection":[{"href":"https:\/\/radioljubuski.ba\/index.php\/wp-json\/wp\/v2\/posts"}],"about":[{"href":"https:\/\/radioljubuski.ba\/index.php\/wp-json\/wp\/v2\/types\/post"}],"author":[{"embeddable":true,"href":"https:\/\/radioljubuski.ba\/index.php\/wp-json\/wp\/v2\/users\/2"}],"replies":[{"embeddable":true,"href":"https:\/\/radioljubuski.ba\/index.php\/wp-json\/wp\/v2\/comments?post=60756"}],"version-history":[{"count":1,"href":"https:\/\/radioljubuski.ba\/index.php\/wp-json\/wp\/v2\/posts\/60756\/revisions"}],"predecessor-version":[{"id":60758,"href":"https:\/\/radioljubuski.ba\/index.php\/wp-json\/wp\/v2\/posts\/60756\/revisions\/60758"}],"wp:featuredmedia":[{"embeddable":true,"href":"https:\/\/radioljubuski.ba\/index.php\/wp-json\/wp\/v2\/media\/60757"}],"wp:attachment":[{"href":"https:\/\/radioljubuski.ba\/index.php\/wp-json\/wp\/v2\/media?parent=60756"}],"wp:term":[{"taxonomy":"category","embeddable":true,"href":"https:\/\/radioljubuski.ba\/index.php\/wp-json\/wp\/v2\/categories?post=60756"},{"taxonomy":"post_tag","embeddable":true,"href":"https:\/\/radioljubuski.ba\/index.php\/wp-json\/wp\/v2\/tags?post=60756"}],"curies":[{"name":"wp","href":"https:\/\/api.w.org\/{rel}","templated":true}]}}