{"id":60929,"date":"2021-09-03T23:24:20","date_gmt":"2021-09-03T22:24:20","guid":{"rendered":"https:\/\/radioljubuski.ba\/?p=60929"},"modified":"2021-09-03T23:24:21","modified_gmt":"2021-09-03T22:24:21","slug":"zagrijavanje-arktika-povezano-s-hladnijim-zimama","status":"publish","type":"post","link":"https:\/\/radioljubuski.ba\/index.php\/2021\/09\/03\/zagrijavanje-arktika-povezano-s-hladnijim-zimama\/","title":{"rendered":"Zagrijavanje Arktika povezano s hladnijim zimama"},"content":{"rendered":"\n<p><strong>Nova ameri\u010dka studija ukazuje na to da su sve ekstremniji vremenski uvjeti u nekim dijelovima Sjedinjenih Dr\u017eava povezani s ubrzanim zagrijavanjem Arktika.<\/strong><\/p>\n\n\n\n<p>Naime, znanstvenici su ustanovili da je zagrijavanje u toj regiji u kona\u010dnici poremetilo kru\u017eni obrazac vjetrova poznat kao polarni vrtlog, \u0161to je omogu\u0107ilo da se hladniji zimski uvjeti spuste u ni\u017ee dijelove&nbsp;<strong>Sjedinjenih Dr\u017eava<\/strong>, osobito za vrijeme hladnog vala koji je u velja\u010di zahvatio&nbsp;<strong>Teksas<\/strong>.<\/p>\n\n\n\n<p>Autori studije smatraju da \u0107e zagrijavanje rezultirati jo\u0161 hladnijim zimama u nekim podru\u010djima. U proteklih \u010detrdeset godina satelitski su zapisi pokazali da globalno pove\u0107anje temperatura ima golem utjecaj na Arktik.<\/p>\n\n\n\n<p>Zagrijavanje u spomenutoj regiji daleko je izra\u017eenije nego u ostatku svijeta te je prouzro\u010dilo ubrzano smanjenje arkti\u010dkoga ljetnog morskog leda. Znanstvenici su ve\u0107 dugo zabrinuti zbog utjecaja ovakvih pove\u0107anih globalnih promjena na ostatak planeta.<\/p>\n\n\n\n<p>Nova studija pokazuje da zagrijavanje Arktika zna\u010dajno utje\u010de na vrijeme tijekom zime u&nbsp;<strong>Sjevernoj Americi&nbsp;<\/strong>i u isto\u010dnoj&nbsp;<strong>Aziji<\/strong>.&nbsp;Znanstvenici vjeruju da je spomenuti polarni vrtlog rezultirao iznimno hladnim valom u Teksasu u velja\u010di ove godine.<\/p>\n\n\n\n<p>&#8211;&nbsp;Smatramo da otapanje leda na sjeverozapadu&nbsp;<strong>Euroazije<\/strong>, zajedno s poja\u010danim snje\u017enim padavinama diljem&nbsp;<strong>Sibira&nbsp;<\/strong>rezultira pove\u0107anjem temperaturne razlike od zapada prema istoku diljem euroazijskog kontinenta.&nbsp;Poznato nam je da, kad se ta temperaturna razlika pove\u0107a, dolazi do ve\u0107ih poreme\u0107aja polarnog vrtloga, a kad se ona smanji imamo ekstremnije zimske vremenske prilike, poput hladnog vala u Teksasu u velja\u010di, pojasnio je glavni autor studije, dr.&nbsp;<strong>Judah Cohen&nbsp;<\/strong>s MIT-ja (Massachusetts Institute of Technology).<\/p>\n\n\n\n<p>Istra\u017eiva\u010di ka\u017eu da se njihovi nalazi temelje na opa\u017eanjima i modeliranju te ukazuju na fizi\u010dku povezanost izme\u0111u klimatskih promjena na Arktiku, protezanja polarnog vrtloga i utjecaja na tlo. Autori studije vjeruju da bi njihov rad mogao utjecati na to da se uspje\u0161nije predvidi po\u010detak ekstremno hladnih zima.<\/p>\n\n\n\n<p>&#8211; Jedna od prednosti ove studije je da, ako prepoznate sve \u0161to bi moglo prethoditi vremenskim prilikama i ako znate \u0161to na njih utje\u010de, mo\u017eete dobiti na vremenu za predvi\u0111anje i djelovati na vrijeme. Ljudi su se u Teksasu u velja\u010di sigurno mogli bolje pripremiti za ono \u0161to dolazi da su bili upozoreni. Neki su umrli od posljedica smrzavanja u svojim domovima, a da su bili upozoreni mogli su potra\u017eiti skloni\u0161te, rekao je dr. Cohen.<\/p>\n\n\n\n<p>Studija je objavljena u \u010dasopisu&nbsp;<strong>Science<\/strong>.<\/p>\n\n\n\n<p>Izvor:hrt.hr<\/p>\n","protected":false},"excerpt":{"rendered":"<p>Nova ameri\u010dka studija ukazuje na to da su sve ekstremniji vremenski uvjeti u nekim dijelovima Sjedinjenih Dr\u017eava povezani s ubrzanim zagrijavanjem Arktika. Naime, znanstvenici su ustanovili da je zagrijavanje u toj regiji u kona\u010dnici poremetilo kru\u017eni obrazac vjetrova poznat kao polarni vrtlog, \u0161to je omogu\u0107ilo da se hladniji zimski uvjeti spuste u ni\u017ee dijelove&nbsp;Sjedinjenih Dr\u017eava, [&hellip;]<\/p>\n","protected":false},"author":2,"featured_media":60930,"comment_status":"closed","ping_status":"closed","sticky":false,"template":"","format":"standard","meta":{"h5ap_radio_sources":[],"footnotes":""},"categories":[1],"tags":[],"class_list":["post-60929","post","type-post","status-publish","format-standard","has-post-thumbnail","hentry","category-bihiregija"],"yoast_head":"<!-- This site is optimized with the Yoast SEO plugin v27.5 - https:\/\/yoast.com\/product\/yoast-seo-wordpress\/ -->\n<title>Zagrijavanje Arktika povezano s hladnijim zimama - RADIO LJUBU\u0160KI<\/title>\n<meta name=\"robots\" content=\"index, follow, max-snippet:-1, max-image-preview:large, max-video-preview:-1\" \/>\n<link rel=\"canonical\" href=\"https:\/\/radioljubuski.ba\/index.php\/2021\/09\/03\/zagrijavanje-arktika-povezano-s-hladnijim-zimama\/\" \/>\n<meta property=\"og:locale\" content=\"hr_HR\" \/>\n<meta property=\"og:type\" content=\"article\" \/>\n<meta property=\"og:title\" content=\"Zagrijavanje Arktika povezano s hladnijim zimama - RADIO LJUBU\u0160KI\" \/>\n<meta property=\"og:description\" content=\"Nova ameri\u010dka studija ukazuje na to da su sve ekstremniji vremenski uvjeti u nekim dijelovima Sjedinjenih Dr\u017eava povezani s ubrzanim zagrijavanjem Arktika. Naime, znanstvenici su ustanovili da je zagrijavanje u toj regiji u kona\u010dnici poremetilo kru\u017eni obrazac vjetrova poznat kao polarni vrtlog, \u0161to je omogu\u0107ilo da se hladniji zimski uvjeti spuste u ni\u017ee dijelove&nbsp;Sjedinjenih Dr\u017eava, [&hellip;]\" \/>\n<meta property=\"og:url\" content=\"https:\/\/radioljubuski.ba\/index.php\/2021\/09\/03\/zagrijavanje-arktika-povezano-s-hladnijim-zimama\/\" \/>\n<meta property=\"og:site_name\" content=\"RADIO LJUBU\u0160KI\" \/>\n<meta property=\"article:publisher\" content=\"https:\/\/www.facebook.com\/Radiio-Ljubuski-1490835324566332\" \/>\n<meta property=\"article:published_time\" content=\"2021-09-03T22:24:20+00:00\" \/>\n<meta property=\"article:modified_time\" content=\"2021-09-03T22:24:21+00:00\" \/>\n<meta property=\"og:image\" content=\"https:\/\/radioljubuski.ba\/wp-content\/uploads\/2021\/09\/shutterstock-1579683568-20210903112932.jpg\" \/>\n\t<meta property=\"og:image:width\" content=\"500\" \/>\n\t<meta property=\"og:image:height\" content=\"250\" \/>\n\t<meta property=\"og:image:type\" content=\"image\/jpeg\" \/>\n<meta name=\"author\" content=\"Radio Ljubu\u0161ki\" \/>\n<meta name=\"twitter:card\" content=\"summary_large_image\" \/>\n<meta name=\"twitter:creator\" content=\"@radioljubuski\" \/>\n<meta name=\"twitter:site\" content=\"@radioljubuski\" \/>\n<meta name=\"twitter:label1\" content=\"Napisao\/la\" \/>\n\t<meta name=\"twitter:data1\" content=\"Radio Ljubu\u0161ki\" \/>\n\t<meta name=\"twitter:label2\" content=\"Procijenjeno vrijeme \u010ditanja\" \/>\n\t<meta name=\"twitter:data2\" content=\"2 minute\" \/>\n<script type=\"application\/ld+json\" class=\"yoast-schema-graph\">{\"@context\":\"https:\\\/\\\/schema.org\",\"@graph\":[{\"@type\":\"Article\",\"@id\":\"https:\\\/\\\/radioljubuski.ba\\\/index.php\\\/2021\\\/09\\\/03\\\/zagrijavanje-arktika-povezano-s-hladnijim-zimama\\\/#article\",\"isPartOf\":{\"@id\":\"https:\\\/\\\/radioljubuski.ba\\\/index.php\\\/2021\\\/09\\\/03\\\/zagrijavanje-arktika-povezano-s-hladnijim-zimama\\\/\"},\"author\":{\"name\":\"Radio Ljubu\u0161ki\",\"@id\":\"https:\\\/\\\/radioljubuski.ba\\\/#\\\/schema\\\/person\\\/19fc700381a780f69665d7956c469e3b\"},\"headline\":\"Zagrijavanje Arktika povezano s hladnijim zimama\",\"datePublished\":\"2021-09-03T22:24:20+00:00\",\"dateModified\":\"2021-09-03T22:24:21+00:00\",\"mainEntityOfPage\":{\"@id\":\"https:\\\/\\\/radioljubuski.ba\\\/index.php\\\/2021\\\/09\\\/03\\\/zagrijavanje-arktika-povezano-s-hladnijim-zimama\\\/\"},\"wordCount\":430,\"publisher\":{\"@id\":\"https:\\\/\\\/radioljubuski.ba\\\/#organization\"},\"image\":{\"@id\":\"https:\\\/\\\/radioljubuski.ba\\\/index.php\\\/2021\\\/09\\\/03\\\/zagrijavanje-arktika-povezano-s-hladnijim-zimama\\\/#primaryimage\"},\"thumbnailUrl\":\"https:\\\/\\\/radioljubuski.ba\\\/wp-content\\\/uploads\\\/2021\\\/09\\\/shutterstock-1579683568-20210903112932.jpg\",\"articleSection\":[\"BIH i regija\"],\"inLanguage\":\"hr\"},{\"@type\":\"WebPage\",\"@id\":\"https:\\\/\\\/radioljubuski.ba\\\/index.php\\\/2021\\\/09\\\/03\\\/zagrijavanje-arktika-povezano-s-hladnijim-zimama\\\/\",\"url\":\"https:\\\/\\\/radioljubuski.ba\\\/index.php\\\/2021\\\/09\\\/03\\\/zagrijavanje-arktika-povezano-s-hladnijim-zimama\\\/\",\"name\":\"Zagrijavanje Arktika povezano s hladnijim zimama - RADIO LJUBU\u0160KI\",\"isPartOf\":{\"@id\":\"https:\\\/\\\/radioljubuski.ba\\\/#website\"},\"primaryImageOfPage\":{\"@id\":\"https:\\\/\\\/radioljubuski.ba\\\/index.php\\\/2021\\\/09\\\/03\\\/zagrijavanje-arktika-povezano-s-hladnijim-zimama\\\/#primaryimage\"},\"image\":{\"@id\":\"https:\\\/\\\/radioljubuski.ba\\\/index.php\\\/2021\\\/09\\\/03\\\/zagrijavanje-arktika-povezano-s-hladnijim-zimama\\\/#primaryimage\"},\"thumbnailUrl\":\"https:\\\/\\\/radioljubuski.ba\\\/wp-content\\\/uploads\\\/2021\\\/09\\\/shutterstock-1579683568-20210903112932.jpg\",\"datePublished\":\"2021-09-03T22:24:20+00:00\",\"dateModified\":\"2021-09-03T22:24:21+00:00\",\"breadcrumb\":{\"@id\":\"https:\\\/\\\/radioljubuski.ba\\\/index.php\\\/2021\\\/09\\\/03\\\/zagrijavanje-arktika-povezano-s-hladnijim-zimama\\\/#breadcrumb\"},\"inLanguage\":\"hr\",\"potentialAction\":[{\"@type\":\"ReadAction\",\"target\":[\"https:\\\/\\\/radioljubuski.ba\\\/index.php\\\/2021\\\/09\\\/03\\\/zagrijavanje-arktika-povezano-s-hladnijim-zimama\\\/\"]}]},{\"@type\":\"ImageObject\",\"inLanguage\":\"hr\",\"@id\":\"https:\\\/\\\/radioljubuski.ba\\\/index.php\\\/2021\\\/09\\\/03\\\/zagrijavanje-arktika-povezano-s-hladnijim-zimama\\\/#primaryimage\",\"url\":\"https:\\\/\\\/radioljubuski.ba\\\/wp-content\\\/uploads\\\/2021\\\/09\\\/shutterstock-1579683568-20210903112932.jpg\",\"contentUrl\":\"https:\\\/\\\/radioljubuski.ba\\\/wp-content\\\/uploads\\\/2021\\\/09\\\/shutterstock-1579683568-20210903112932.jpg\",\"width\":500,\"height\":250},{\"@type\":\"BreadcrumbList\",\"@id\":\"https:\\\/\\\/radioljubuski.ba\\\/index.php\\\/2021\\\/09\\\/03\\\/zagrijavanje-arktika-povezano-s-hladnijim-zimama\\\/#breadcrumb\",\"itemListElement\":[{\"@type\":\"ListItem\",\"position\":1,\"name\":\"Po\u010detna stranica\",\"item\":\"https:\\\/\\\/radioljubuski.ba\\\/\"},{\"@type\":\"ListItem\",\"position\":2,\"name\":\"Zagrijavanje Arktika povezano s hladnijim zimama\"}]},{\"@type\":\"WebSite\",\"@id\":\"https:\\\/\\\/radioljubuski.ba\\\/#website\",\"url\":\"https:\\\/\\\/radioljubuski.ba\\\/\",\"name\":\"Radio Ljubu\u0161ki\",\"description\":\"Sun\u010dana frekvencija Hercegovine\",\"publisher\":{\"@id\":\"https:\\\/\\\/radioljubuski.ba\\\/#organization\"},\"potentialAction\":[{\"@type\":\"SearchAction\",\"target\":{\"@type\":\"EntryPoint\",\"urlTemplate\":\"https:\\\/\\\/radioljubuski.ba\\\/?s={search_term_string}\"},\"query-input\":{\"@type\":\"PropertyValueSpecification\",\"valueRequired\":true,\"valueName\":\"search_term_string\"}}],\"inLanguage\":\"hr\"},{\"@type\":\"Organization\",\"@id\":\"https:\\\/\\\/radioljubuski.ba\\\/#organization\",\"name\":\"Radio Ljubu\u0161ki\",\"url\":\"https:\\\/\\\/radioljubuski.ba\\\/\",\"logo\":{\"@type\":\"ImageObject\",\"inLanguage\":\"hr\",\"@id\":\"https:\\\/\\\/radioljubuski.ba\\\/#\\\/schema\\\/logo\\\/image\\\/\",\"url\":\"https:\\\/\\\/radioljubuski.ba\\\/wp-content\\\/uploads\\\/2021\\\/02\\\/cropped-Radio_Ljubuski_logo1.jpg\",\"contentUrl\":\"https:\\\/\\\/radioljubuski.ba\\\/wp-content\\\/uploads\\\/2021\\\/02\\\/cropped-Radio_Ljubuski_logo1.jpg\",\"width\":512,\"height\":512,\"caption\":\"Radio Ljubu\u0161ki\"},\"image\":{\"@id\":\"https:\\\/\\\/radioljubuski.ba\\\/#\\\/schema\\\/logo\\\/image\\\/\"},\"sameAs\":[\"https:\\\/\\\/www.facebook.com\\\/Radiio-Ljubuski-1490835324566332\",\"https:\\\/\\\/x.com\\\/radioljubuski\",\"https:\\\/\\\/hr.linkedin.com\\\/company\\\/radio-ljubuski\",\"https:\\\/\\\/www.youtube.com\\\/channel\\\/UCHYaeO_n0Db3tjNGudGpXyw\"]},{\"@type\":\"Person\",\"@id\":\"https:\\\/\\\/radioljubuski.ba\\\/#\\\/schema\\\/person\\\/19fc700381a780f69665d7956c469e3b\",\"name\":\"Radio Ljubu\u0161ki\"}]}<\/script>\n<!-- \/ Yoast SEO plugin. -->","yoast_head_json":{"title":"Zagrijavanje Arktika povezano s hladnijim zimama - RADIO LJUBU\u0160KI","robots":{"index":"index","follow":"follow","max-snippet":"max-snippet:-1","max-image-preview":"max-image-preview:large","max-video-preview":"max-video-preview:-1"},"canonical":"https:\/\/radioljubuski.ba\/index.php\/2021\/09\/03\/zagrijavanje-arktika-povezano-s-hladnijim-zimama\/","og_locale":"hr_HR","og_type":"article","og_title":"Zagrijavanje Arktika povezano s hladnijim zimama - RADIO LJUBU\u0160KI","og_description":"Nova ameri\u010dka studija ukazuje na to da su sve ekstremniji vremenski uvjeti u nekim dijelovima Sjedinjenih Dr\u017eava povezani s ubrzanim zagrijavanjem Arktika. Naime, znanstvenici su ustanovili da je zagrijavanje u toj regiji u kona\u010dnici poremetilo kru\u017eni obrazac vjetrova poznat kao polarni vrtlog, \u0161to je omogu\u0107ilo da se hladniji zimski uvjeti spuste u ni\u017ee dijelove&nbsp;Sjedinjenih Dr\u017eava, [&hellip;]","og_url":"https:\/\/radioljubuski.ba\/index.php\/2021\/09\/03\/zagrijavanje-arktika-povezano-s-hladnijim-zimama\/","og_site_name":"RADIO LJUBU\u0160KI","article_publisher":"https:\/\/www.facebook.com\/Radiio-Ljubuski-1490835324566332","article_published_time":"2021-09-03T22:24:20+00:00","article_modified_time":"2021-09-03T22:24:21+00:00","og_image":[{"width":500,"height":250,"url":"https:\/\/radioljubuski.ba\/wp-content\/uploads\/2021\/09\/shutterstock-1579683568-20210903112932.jpg","type":"image\/jpeg"}],"author":"Radio Ljubu\u0161ki","twitter_card":"summary_large_image","twitter_creator":"@radioljubuski","twitter_site":"@radioljubuski","twitter_misc":{"Napisao\/la":"Radio Ljubu\u0161ki","Procijenjeno vrijeme \u010ditanja":"2 minute"},"schema":{"@context":"https:\/\/schema.org","@graph":[{"@type":"Article","@id":"https:\/\/radioljubuski.ba\/index.php\/2021\/09\/03\/zagrijavanje-arktika-povezano-s-hladnijim-zimama\/#article","isPartOf":{"@id":"https:\/\/radioljubuski.ba\/index.php\/2021\/09\/03\/zagrijavanje-arktika-povezano-s-hladnijim-zimama\/"},"author":{"name":"Radio Ljubu\u0161ki","@id":"https:\/\/radioljubuski.ba\/#\/schema\/person\/19fc700381a780f69665d7956c469e3b"},"headline":"Zagrijavanje Arktika povezano s hladnijim zimama","datePublished":"2021-09-03T22:24:20+00:00","dateModified":"2021-09-03T22:24:21+00:00","mainEntityOfPage":{"@id":"https:\/\/radioljubuski.ba\/index.php\/2021\/09\/03\/zagrijavanje-arktika-povezano-s-hladnijim-zimama\/"},"wordCount":430,"publisher":{"@id":"https:\/\/radioljubuski.ba\/#organization"},"image":{"@id":"https:\/\/radioljubuski.ba\/index.php\/2021\/09\/03\/zagrijavanje-arktika-povezano-s-hladnijim-zimama\/#primaryimage"},"thumbnailUrl":"https:\/\/radioljubuski.ba\/wp-content\/uploads\/2021\/09\/shutterstock-1579683568-20210903112932.jpg","articleSection":["BIH i regija"],"inLanguage":"hr"},{"@type":"WebPage","@id":"https:\/\/radioljubuski.ba\/index.php\/2021\/09\/03\/zagrijavanje-arktika-povezano-s-hladnijim-zimama\/","url":"https:\/\/radioljubuski.ba\/index.php\/2021\/09\/03\/zagrijavanje-arktika-povezano-s-hladnijim-zimama\/","name":"Zagrijavanje Arktika povezano s hladnijim zimama - RADIO LJUBU\u0160KI","isPartOf":{"@id":"https:\/\/radioljubuski.ba\/#website"},"primaryImageOfPage":{"@id":"https:\/\/radioljubuski.ba\/index.php\/2021\/09\/03\/zagrijavanje-arktika-povezano-s-hladnijim-zimama\/#primaryimage"},"image":{"@id":"https:\/\/radioljubuski.ba\/index.php\/2021\/09\/03\/zagrijavanje-arktika-povezano-s-hladnijim-zimama\/#primaryimage"},"thumbnailUrl":"https:\/\/radioljubuski.ba\/wp-content\/uploads\/2021\/09\/shutterstock-1579683568-20210903112932.jpg","datePublished":"2021-09-03T22:24:20+00:00","dateModified":"2021-09-03T22:24:21+00:00","breadcrumb":{"@id":"https:\/\/radioljubuski.ba\/index.php\/2021\/09\/03\/zagrijavanje-arktika-povezano-s-hladnijim-zimama\/#breadcrumb"},"inLanguage":"hr","potentialAction":[{"@type":"ReadAction","target":["https:\/\/radioljubuski.ba\/index.php\/2021\/09\/03\/zagrijavanje-arktika-povezano-s-hladnijim-zimama\/"]}]},{"@type":"ImageObject","inLanguage":"hr","@id":"https:\/\/radioljubuski.ba\/index.php\/2021\/09\/03\/zagrijavanje-arktika-povezano-s-hladnijim-zimama\/#primaryimage","url":"https:\/\/radioljubuski.ba\/wp-content\/uploads\/2021\/09\/shutterstock-1579683568-20210903112932.jpg","contentUrl":"https:\/\/radioljubuski.ba\/wp-content\/uploads\/2021\/09\/shutterstock-1579683568-20210903112932.jpg","width":500,"height":250},{"@type":"BreadcrumbList","@id":"https:\/\/radioljubuski.ba\/index.php\/2021\/09\/03\/zagrijavanje-arktika-povezano-s-hladnijim-zimama\/#breadcrumb","itemListElement":[{"@type":"ListItem","position":1,"name":"Po\u010detna stranica","item":"https:\/\/radioljubuski.ba\/"},{"@type":"ListItem","position":2,"name":"Zagrijavanje Arktika povezano s hladnijim zimama"}]},{"@type":"WebSite","@id":"https:\/\/radioljubuski.ba\/#website","url":"https:\/\/radioljubuski.ba\/","name":"Radio Ljubu\u0161ki","description":"Sun\u010dana frekvencija Hercegovine","publisher":{"@id":"https:\/\/radioljubuski.ba\/#organization"},"potentialAction":[{"@type":"SearchAction","target":{"@type":"EntryPoint","urlTemplate":"https:\/\/radioljubuski.ba\/?s={search_term_string}"},"query-input":{"@type":"PropertyValueSpecification","valueRequired":true,"valueName":"search_term_string"}}],"inLanguage":"hr"},{"@type":"Organization","@id":"https:\/\/radioljubuski.ba\/#organization","name":"Radio Ljubu\u0161ki","url":"https:\/\/radioljubuski.ba\/","logo":{"@type":"ImageObject","inLanguage":"hr","@id":"https:\/\/radioljubuski.ba\/#\/schema\/logo\/image\/","url":"https:\/\/radioljubuski.ba\/wp-content\/uploads\/2021\/02\/cropped-Radio_Ljubuski_logo1.jpg","contentUrl":"https:\/\/radioljubuski.ba\/wp-content\/uploads\/2021\/02\/cropped-Radio_Ljubuski_logo1.jpg","width":512,"height":512,"caption":"Radio Ljubu\u0161ki"},"image":{"@id":"https:\/\/radioljubuski.ba\/#\/schema\/logo\/image\/"},"sameAs":["https:\/\/www.facebook.com\/Radiio-Ljubuski-1490835324566332","https:\/\/x.com\/radioljubuski","https:\/\/hr.linkedin.com\/company\/radio-ljubuski","https:\/\/www.youtube.com\/channel\/UCHYaeO_n0Db3tjNGudGpXyw"]},{"@type":"Person","@id":"https:\/\/radioljubuski.ba\/#\/schema\/person\/19fc700381a780f69665d7956c469e3b","name":"Radio Ljubu\u0161ki"}]}},"_links":{"self":[{"href":"https:\/\/radioljubuski.ba\/index.php\/wp-json\/wp\/v2\/posts\/60929","targetHints":{"allow":["GET"]}}],"collection":[{"href":"https:\/\/radioljubuski.ba\/index.php\/wp-json\/wp\/v2\/posts"}],"about":[{"href":"https:\/\/radioljubuski.ba\/index.php\/wp-json\/wp\/v2\/types\/post"}],"author":[{"embeddable":true,"href":"https:\/\/radioljubuski.ba\/index.php\/wp-json\/wp\/v2\/users\/2"}],"replies":[{"embeddable":true,"href":"https:\/\/radioljubuski.ba\/index.php\/wp-json\/wp\/v2\/comments?post=60929"}],"version-history":[{"count":1,"href":"https:\/\/radioljubuski.ba\/index.php\/wp-json\/wp\/v2\/posts\/60929\/revisions"}],"predecessor-version":[{"id":60931,"href":"https:\/\/radioljubuski.ba\/index.php\/wp-json\/wp\/v2\/posts\/60929\/revisions\/60931"}],"wp:featuredmedia":[{"embeddable":true,"href":"https:\/\/radioljubuski.ba\/index.php\/wp-json\/wp\/v2\/media\/60930"}],"wp:attachment":[{"href":"https:\/\/radioljubuski.ba\/index.php\/wp-json\/wp\/v2\/media?parent=60929"}],"wp:term":[{"taxonomy":"category","embeddable":true,"href":"https:\/\/radioljubuski.ba\/index.php\/wp-json\/wp\/v2\/categories?post=60929"},{"taxonomy":"post_tag","embeddable":true,"href":"https:\/\/radioljubuski.ba\/index.php\/wp-json\/wp\/v2\/tags?post=60929"}],"curies":[{"name":"wp","href":"https:\/\/api.w.org\/{rel}","templated":true}]}}