{"id":60976,"date":"2021-09-04T00:18:46","date_gmt":"2021-09-03T23:18:46","guid":{"rendered":"https:\/\/radioljubuski.ba\/?p=60976"},"modified":"2021-09-04T00:18:47","modified_gmt":"2021-09-03T23:18:47","slug":"opozvano-cak-10-tona-kobasica-hrvatskog-proizvodaca-u-mesnoj-industriji-su-ogorceni-nisu-uzeli-niti-jedan-uzorak","status":"publish","type":"post","link":"https:\/\/radioljubuski.ba\/index.php\/2021\/09\/04\/opozvano-cak-10-tona-kobasica-hrvatskog-proizvodaca-u-mesnoj-industriji-su-ogorceni-nisu-uzeli-niti-jedan-uzorak\/","title":{"rendered":"Opozvano \u010dak 10 tona kobasica hrvatskog proizvo\u0111a\u010da, u mesnoj industriji su ogor\u010deni: \u2018Nisu uzeli niti jedan uzorak&#8230;\u2018"},"content":{"rendered":"\n<p>Iako je polovinom kolovoza Ministarstvo poljoprivrede izvijestilo da mesna industrija Kudeli\u0107 d.o.o. iz Bedenice mora povu\u0107i desetke svojih proizvoda iz prodaje &#8220;zbog utvr\u0111enog pesticida etilen oksida u aditivu koji se koristio u proizvodnji za\u010dina kori\u0161tenog u proizvodnji mesnih proizvoda&#8221;, jo\u0161 nisu razja\u0161njene sve okolnosti oko opoziva i povla\u010denja spornih mesnih prera\u0111evina, pi\u0161e&nbsp;<a href=\"https:\/\/www.jutarnji.hr\/vijesti\/hrvatska\/popularne-mesnice-povukle-10-tona-kobasica-nadzor-je-trajao-tri-dana-a-nisu-ni-uzeli-uzorak-15099467\">Jutarnji list.&nbsp;<\/a><\/p>\n\n\n\n<p>U svojoj medijskoj objavi iz Kudeli\u0107a su se po\u017ealili kako inspekcija nije uzela ni jedan uzorak iz njihove mesnice kako bi provjerila ima li u njihovim proizvoda spornog etilen oksida.<\/p>\n\n\n\n<p>I to nije sve, nakon \u0161to su kobasice poslali na analizu u neovisni laboratorij za kontrolu hrane specijaliziran za kontrolu pesticida, Eurofins iz Hamburga nije otkrio prisutnost pesticida ni u jednom proizvodu poslanom na analizu tvrtke Kudeli\u0107.<\/p>\n\n\n\n<p>Vodstvu tvrtke Kudeli\u0107 u po\u010detku je bilo neobi\u010dno \u0161to tijekom &#8220;nadzora koji je trajao \u010dak tri dana nije uzet niti jedan uzorak za analizu bilo kojeg gotovog proizvoda, niti bilo koje sirovine, za\u010dina ili aditiva koji se koristi u proizvodnji na\u0161ih proizvoda, niti je izvr\u0161ena bilo kakva laboratorijska analiza kako bi se objektivno utvrdilo \u010dinjeni\u010dno stanje&#8221;.<\/p>\n\n\n\n<p>Me\u0111utim, oni su ispo\u0161tovali odluku o povla\u010denju proizvoda pod obrazlo\u017eenjem kako &#8220;nisu u skladu s europskom uredbom o maksimalnim razinama ostataka pesticida u ili na hrani&#8221;.<\/p>\n\n\n\n<p>No, tu je i najve\u0107i problem oko spomenute uredbe koja uvodi novosti u kontrolu hrane i za etilen oksid nije propisala kolika je najmanja dozvoljena koncentracija nego je i 0,00001 posto dovoljni alarm za povla\u010denje.<\/p>\n\n\n\n<p>Pesticid koji je dozvoljen u tre\u0107im zemljama poput Indije tako je postao krivac za veliki val povla\u010denja koji je stigao kod nas i od po\u010detka godine opozvano je vi\u0161e od 70 razli\u010ditih proizvoda.<\/p>\n\n\n\n<p>To su u svom poja\u0161njenju potvrdili iz Dr\u017eavnog inspektorata; naveli su kako je preko europskog sustava za alarmiranje (RASFF) Ministarstvo poljoprivrede dobilo obavijest o povla\u010denju proizvoda s etilen oksidom, a na distribucijskoj listi proizvo\u0111a\u010da koji koriste etilen oksid na\u0161la se i spomenuta mesnica.<\/p>\n\n\n\n<p>U Kudeli\u0107u je opozvano manje od 10 tona, a prodano je i pojedeno, po njihovim procjenama, vi\u0161e od 100 tona. Na sre\u0107u, radilo se o potpuno ispravnoj hrani, ali \u0161to bi bilo da je stvarno opasna? Iz Kudeli\u0107a se pitaju koliko je sporne hrane uop\u0107e pojedeno.<\/p>\n\n\n\n<p>Iz Ministarstva poljoprivrede pojasnili su nam kako su koli\u010dine aditiva koje se primjenjuju u proizvodnji vrlo male, pa se mo\u017ee o\u010dekivati da se u kona\u010dnim proizvodima mo\u017eda i ne\u0107e mo\u0107i utvrditi etilen oksid.<\/p>\n\n\n\n<p>&#8211; Mogu\u0107e da takvi proizvodi pri uobi\u010dajenom kori\u0161tenju ne\u0107e izazvati \u0161tetne posljedice po zdravlje ljudi, ali bez osnovnih parametara za izra\u010dun rizika isto nije mogu\u0107e potvrditi pa se primjenjuje zaklju\u010dak Komisije kao najve\u0107a mogu\u0107a razina za\u0161tite potro\u0161a\u010da &#8211; poru\u010duju iz Ministarstva ne ulaze\u0107i u procjenu koliko je takve hrane moglo biti pojedeno prije povla\u010denja.<\/p>\n\n\n\n<p>Na primjedbu iz Kudeli\u0107a za\u0161to u trodnevnoj kontroli nisu proveli uzorkovanje kona\u010dnih proizvoda ni laboratorijsku analizu na etilen oksid, navode kako je &#8220;Hrvatska agencija za poljoprivredu i hranu, institucija za procjenu rizika za potro\u0161a\u010de na nacionalnoj razini, donijela zaklju\u010dak kako se ne mo\u017ee s dovoljnom razinom sigurnosti isklju\u010diti mogu\u0107i rizik za zdravlje potro\u0161a\u010da konzumacijom proizvoda kod kojih je utvr\u0111ena prisutnost aditiva &#8211; guma od roga\u010da (E410) u kojem je etilen oksid&#8221;.<\/p>\n\n\n\n<p>Dodaju kako \u0107e nadle\u017ene inspekcije nastaviti poja\u010dane nadzore spornog proizvoda na tr\u017ei\u0161tu, a s obzirom na to da su subjekti odgovorni da hrana koja se stavlja na tr\u017ei\u0161te bude sigurna, uvoznici i dobavlja\u010di spornog aditiva kao i proizvo\u0111a\u010di koji te sirovine koriste u svojoj proizvodnji pove\u0107ali su broj svojih samokontrola.<\/p>\n\n\n\n<p>&#8211; Najve\u0107i broj opoziva koje smo do sada imali odnose se upravo na rezultate samokontrola, a rizik za zdravlje je minimalan &#8211; zaklju\u010duju.<\/p>\n\n\n\n<p><strong>PI\u0160E&nbsp;<\/strong>ZLATKO \u0160IMI\u0106\/JL<\/p>\n","protected":false},"excerpt":{"rendered":"<p>Iako je polovinom kolovoza Ministarstvo poljoprivrede izvijestilo da mesna industrija Kudeli\u0107 d.o.o. iz Bedenice mora povu\u0107i desetke svojih proizvoda iz prodaje &#8220;zbog utvr\u0111enog pesticida etilen oksida u aditivu koji se koristio u proizvodnji za\u010dina kori\u0161tenog u proizvodnji mesnih proizvoda&#8221;, jo\u0161 nisu razja\u0161njene sve okolnosti oko opoziva i povla\u010denja spornih mesnih prera\u0111evina, pi\u0161e&nbsp;Jutarnji list.&nbsp; U svojoj [&hellip;]<\/p>\n","protected":false},"author":2,"featured_media":60977,"comment_status":"closed","ping_status":"closed","sticky":false,"template":"","format":"standard","meta":{"h5ap_radio_sources":[],"footnotes":""},"categories":[1],"tags":[],"class_list":["post-60976","post","type-post","status-publish","format-standard","has-post-thumbnail","hentry","category-bihiregija"],"yoast_head":"<!-- This site is optimized with the Yoast SEO plugin v27.5 - https:\/\/yoast.com\/product\/yoast-seo-wordpress\/ -->\n<title>Opozvano \u010dak 10 tona kobasica hrvatskog proizvo\u0111a\u010da, u mesnoj industriji su ogor\u010deni: \u2018Nisu uzeli niti jedan uzorak...\u2018 - RADIO LJUBU\u0160KI<\/title>\n<meta name=\"robots\" content=\"index, follow, max-snippet:-1, max-image-preview:large, max-video-preview:-1\" \/>\n<link rel=\"canonical\" href=\"https:\/\/radioljubuski.ba\/index.php\/2021\/09\/04\/opozvano-cak-10-tona-kobasica-hrvatskog-proizvodaca-u-mesnoj-industriji-su-ogorceni-nisu-uzeli-niti-jedan-uzorak\/\" \/>\n<meta property=\"og:locale\" content=\"hr_HR\" \/>\n<meta property=\"og:type\" content=\"article\" \/>\n<meta property=\"og:title\" content=\"Opozvano \u010dak 10 tona kobasica hrvatskog proizvo\u0111a\u010da, u mesnoj industriji su ogor\u010deni: \u2018Nisu uzeli niti jedan uzorak...\u2018 - RADIO LJUBU\u0160KI\" \/>\n<meta property=\"og:description\" content=\"Iako je polovinom kolovoza Ministarstvo poljoprivrede izvijestilo da mesna industrija Kudeli\u0107 d.o.o. iz Bedenice mora povu\u0107i desetke svojih proizvoda iz prodaje &#8220;zbog utvr\u0111enog pesticida etilen oksida u aditivu koji se koristio u proizvodnji za\u010dina kori\u0161tenog u proizvodnji mesnih proizvoda&#8221;, jo\u0161 nisu razja\u0161njene sve okolnosti oko opoziva i povla\u010denja spornih mesnih prera\u0111evina, pi\u0161e&nbsp;Jutarnji list.&nbsp; U svojoj [&hellip;]\" \/>\n<meta property=\"og:url\" content=\"https:\/\/radioljubuski.ba\/index.php\/2021\/09\/04\/opozvano-cak-10-tona-kobasica-hrvatskog-proizvodaca-u-mesnoj-industriji-su-ogorceni-nisu-uzeli-niti-jedan-uzorak\/\" \/>\n<meta property=\"og:site_name\" content=\"RADIO LJUBU\u0160KI\" \/>\n<meta property=\"article:publisher\" content=\"https:\/\/www.facebook.com\/Radiio-Ljubuski-1490835324566332\" \/>\n<meta property=\"article:published_time\" content=\"2021-09-03T23:18:46+00:00\" \/>\n<meta property=\"article:modified_time\" content=\"2021-09-03T23:18:47+00:00\" \/>\n<meta property=\"og:image\" content=\"https:\/\/radioljubuski.ba\/wp-content\/uploads\/2021\/09\/o_19194228_1024.jpg\" \/>\n\t<meta property=\"og:image:width\" content=\"1024\" \/>\n\t<meta property=\"og:image:height\" content=\"682\" \/>\n\t<meta property=\"og:image:type\" content=\"image\/jpeg\" \/>\n<meta name=\"author\" content=\"Radio Ljubu\u0161ki\" \/>\n<meta name=\"twitter:card\" content=\"summary_large_image\" \/>\n<meta name=\"twitter:creator\" content=\"@radioljubuski\" \/>\n<meta name=\"twitter:site\" content=\"@radioljubuski\" \/>\n<meta name=\"twitter:label1\" content=\"Napisao\/la\" \/>\n\t<meta name=\"twitter:data1\" content=\"Radio Ljubu\u0161ki\" \/>\n\t<meta name=\"twitter:label2\" content=\"Procijenjeno vrijeme \u010ditanja\" \/>\n\t<meta name=\"twitter:data2\" content=\"3 minute\" \/>\n<script type=\"application\/ld+json\" class=\"yoast-schema-graph\">{\"@context\":\"https:\\\/\\\/schema.org\",\"@graph\":[{\"@type\":\"Article\",\"@id\":\"https:\\\/\\\/radioljubuski.ba\\\/index.php\\\/2021\\\/09\\\/04\\\/opozvano-cak-10-tona-kobasica-hrvatskog-proizvodaca-u-mesnoj-industriji-su-ogorceni-nisu-uzeli-niti-jedan-uzorak\\\/#article\",\"isPartOf\":{\"@id\":\"https:\\\/\\\/radioljubuski.ba\\\/index.php\\\/2021\\\/09\\\/04\\\/opozvano-cak-10-tona-kobasica-hrvatskog-proizvodaca-u-mesnoj-industriji-su-ogorceni-nisu-uzeli-niti-jedan-uzorak\\\/\"},\"author\":{\"name\":\"Radio Ljubu\u0161ki\",\"@id\":\"https:\\\/\\\/radioljubuski.ba\\\/#\\\/schema\\\/person\\\/19fc700381a780f69665d7956c469e3b\"},\"headline\":\"Opozvano \u010dak 10 tona kobasica hrvatskog proizvo\u0111a\u010da, u mesnoj industriji su ogor\u010deni: \u2018Nisu uzeli niti jedan uzorak&#8230;\u2018\",\"datePublished\":\"2021-09-03T23:18:46+00:00\",\"dateModified\":\"2021-09-03T23:18:47+00:00\",\"mainEntityOfPage\":{\"@id\":\"https:\\\/\\\/radioljubuski.ba\\\/index.php\\\/2021\\\/09\\\/04\\\/opozvano-cak-10-tona-kobasica-hrvatskog-proizvodaca-u-mesnoj-industriji-su-ogorceni-nisu-uzeli-niti-jedan-uzorak\\\/\"},\"wordCount\":701,\"publisher\":{\"@id\":\"https:\\\/\\\/radioljubuski.ba\\\/#organization\"},\"image\":{\"@id\":\"https:\\\/\\\/radioljubuski.ba\\\/index.php\\\/2021\\\/09\\\/04\\\/opozvano-cak-10-tona-kobasica-hrvatskog-proizvodaca-u-mesnoj-industriji-su-ogorceni-nisu-uzeli-niti-jedan-uzorak\\\/#primaryimage\"},\"thumbnailUrl\":\"https:\\\/\\\/radioljubuski.ba\\\/wp-content\\\/uploads\\\/2021\\\/09\\\/o_19194228_1024.jpg\",\"articleSection\":[\"BIH i regija\"],\"inLanguage\":\"hr\"},{\"@type\":\"WebPage\",\"@id\":\"https:\\\/\\\/radioljubuski.ba\\\/index.php\\\/2021\\\/09\\\/04\\\/opozvano-cak-10-tona-kobasica-hrvatskog-proizvodaca-u-mesnoj-industriji-su-ogorceni-nisu-uzeli-niti-jedan-uzorak\\\/\",\"url\":\"https:\\\/\\\/radioljubuski.ba\\\/index.php\\\/2021\\\/09\\\/04\\\/opozvano-cak-10-tona-kobasica-hrvatskog-proizvodaca-u-mesnoj-industriji-su-ogorceni-nisu-uzeli-niti-jedan-uzorak\\\/\",\"name\":\"Opozvano \u010dak 10 tona kobasica hrvatskog proizvo\u0111a\u010da, u mesnoj industriji su ogor\u010deni: \u2018Nisu uzeli niti jedan uzorak...\u2018 - RADIO LJUBU\u0160KI\",\"isPartOf\":{\"@id\":\"https:\\\/\\\/radioljubuski.ba\\\/#website\"},\"primaryImageOfPage\":{\"@id\":\"https:\\\/\\\/radioljubuski.ba\\\/index.php\\\/2021\\\/09\\\/04\\\/opozvano-cak-10-tona-kobasica-hrvatskog-proizvodaca-u-mesnoj-industriji-su-ogorceni-nisu-uzeli-niti-jedan-uzorak\\\/#primaryimage\"},\"image\":{\"@id\":\"https:\\\/\\\/radioljubuski.ba\\\/index.php\\\/2021\\\/09\\\/04\\\/opozvano-cak-10-tona-kobasica-hrvatskog-proizvodaca-u-mesnoj-industriji-su-ogorceni-nisu-uzeli-niti-jedan-uzorak\\\/#primaryimage\"},\"thumbnailUrl\":\"https:\\\/\\\/radioljubuski.ba\\\/wp-content\\\/uploads\\\/2021\\\/09\\\/o_19194228_1024.jpg\",\"datePublished\":\"2021-09-03T23:18:46+00:00\",\"dateModified\":\"2021-09-03T23:18:47+00:00\",\"breadcrumb\":{\"@id\":\"https:\\\/\\\/radioljubuski.ba\\\/index.php\\\/2021\\\/09\\\/04\\\/opozvano-cak-10-tona-kobasica-hrvatskog-proizvodaca-u-mesnoj-industriji-su-ogorceni-nisu-uzeli-niti-jedan-uzorak\\\/#breadcrumb\"},\"inLanguage\":\"hr\",\"potentialAction\":[{\"@type\":\"ReadAction\",\"target\":[\"https:\\\/\\\/radioljubuski.ba\\\/index.php\\\/2021\\\/09\\\/04\\\/opozvano-cak-10-tona-kobasica-hrvatskog-proizvodaca-u-mesnoj-industriji-su-ogorceni-nisu-uzeli-niti-jedan-uzorak\\\/\"]}]},{\"@type\":\"ImageObject\",\"inLanguage\":\"hr\",\"@id\":\"https:\\\/\\\/radioljubuski.ba\\\/index.php\\\/2021\\\/09\\\/04\\\/opozvano-cak-10-tona-kobasica-hrvatskog-proizvodaca-u-mesnoj-industriji-su-ogorceni-nisu-uzeli-niti-jedan-uzorak\\\/#primaryimage\",\"url\":\"https:\\\/\\\/radioljubuski.ba\\\/wp-content\\\/uploads\\\/2021\\\/09\\\/o_19194228_1024.jpg\",\"contentUrl\":\"https:\\\/\\\/radioljubuski.ba\\\/wp-content\\\/uploads\\\/2021\\\/09\\\/o_19194228_1024.jpg\",\"width\":1024,\"height\":682},{\"@type\":\"BreadcrumbList\",\"@id\":\"https:\\\/\\\/radioljubuski.ba\\\/index.php\\\/2021\\\/09\\\/04\\\/opozvano-cak-10-tona-kobasica-hrvatskog-proizvodaca-u-mesnoj-industriji-su-ogorceni-nisu-uzeli-niti-jedan-uzorak\\\/#breadcrumb\",\"itemListElement\":[{\"@type\":\"ListItem\",\"position\":1,\"name\":\"Po\u010detna stranica\",\"item\":\"https:\\\/\\\/radioljubuski.ba\\\/\"},{\"@type\":\"ListItem\",\"position\":2,\"name\":\"Opozvano \u010dak 10 tona kobasica hrvatskog proizvo\u0111a\u010da, u mesnoj industriji su ogor\u010deni: \u2018Nisu uzeli niti jedan uzorak&#8230;\u2018\"}]},{\"@type\":\"WebSite\",\"@id\":\"https:\\\/\\\/radioljubuski.ba\\\/#website\",\"url\":\"https:\\\/\\\/radioljubuski.ba\\\/\",\"name\":\"Radio Ljubu\u0161ki\",\"description\":\"Sun\u010dana frekvencija Hercegovine\",\"publisher\":{\"@id\":\"https:\\\/\\\/radioljubuski.ba\\\/#organization\"},\"potentialAction\":[{\"@type\":\"SearchAction\",\"target\":{\"@type\":\"EntryPoint\",\"urlTemplate\":\"https:\\\/\\\/radioljubuski.ba\\\/?s={search_term_string}\"},\"query-input\":{\"@type\":\"PropertyValueSpecification\",\"valueRequired\":true,\"valueName\":\"search_term_string\"}}],\"inLanguage\":\"hr\"},{\"@type\":\"Organization\",\"@id\":\"https:\\\/\\\/radioljubuski.ba\\\/#organization\",\"name\":\"Radio Ljubu\u0161ki\",\"url\":\"https:\\\/\\\/radioljubuski.ba\\\/\",\"logo\":{\"@type\":\"ImageObject\",\"inLanguage\":\"hr\",\"@id\":\"https:\\\/\\\/radioljubuski.ba\\\/#\\\/schema\\\/logo\\\/image\\\/\",\"url\":\"https:\\\/\\\/radioljubuski.ba\\\/wp-content\\\/uploads\\\/2021\\\/02\\\/cropped-Radio_Ljubuski_logo1.jpg\",\"contentUrl\":\"https:\\\/\\\/radioljubuski.ba\\\/wp-content\\\/uploads\\\/2021\\\/02\\\/cropped-Radio_Ljubuski_logo1.jpg\",\"width\":512,\"height\":512,\"caption\":\"Radio Ljubu\u0161ki\"},\"image\":{\"@id\":\"https:\\\/\\\/radioljubuski.ba\\\/#\\\/schema\\\/logo\\\/image\\\/\"},\"sameAs\":[\"https:\\\/\\\/www.facebook.com\\\/Radiio-Ljubuski-1490835324566332\",\"https:\\\/\\\/x.com\\\/radioljubuski\",\"https:\\\/\\\/hr.linkedin.com\\\/company\\\/radio-ljubuski\",\"https:\\\/\\\/www.youtube.com\\\/channel\\\/UCHYaeO_n0Db3tjNGudGpXyw\"]},{\"@type\":\"Person\",\"@id\":\"https:\\\/\\\/radioljubuski.ba\\\/#\\\/schema\\\/person\\\/19fc700381a780f69665d7956c469e3b\",\"name\":\"Radio Ljubu\u0161ki\"}]}<\/script>\n<!-- \/ Yoast SEO plugin. -->","yoast_head_json":{"title":"Opozvano \u010dak 10 tona kobasica hrvatskog proizvo\u0111a\u010da, u mesnoj industriji su ogor\u010deni: \u2018Nisu uzeli niti jedan uzorak...\u2018 - RADIO LJUBU\u0160KI","robots":{"index":"index","follow":"follow","max-snippet":"max-snippet:-1","max-image-preview":"max-image-preview:large","max-video-preview":"max-video-preview:-1"},"canonical":"https:\/\/radioljubuski.ba\/index.php\/2021\/09\/04\/opozvano-cak-10-tona-kobasica-hrvatskog-proizvodaca-u-mesnoj-industriji-su-ogorceni-nisu-uzeli-niti-jedan-uzorak\/","og_locale":"hr_HR","og_type":"article","og_title":"Opozvano \u010dak 10 tona kobasica hrvatskog proizvo\u0111a\u010da, u mesnoj industriji su ogor\u010deni: \u2018Nisu uzeli niti jedan uzorak...\u2018 - RADIO LJUBU\u0160KI","og_description":"Iako je polovinom kolovoza Ministarstvo poljoprivrede izvijestilo da mesna industrija Kudeli\u0107 d.o.o. iz Bedenice mora povu\u0107i desetke svojih proizvoda iz prodaje &#8220;zbog utvr\u0111enog pesticida etilen oksida u aditivu koji se koristio u proizvodnji za\u010dina kori\u0161tenog u proizvodnji mesnih proizvoda&#8221;, jo\u0161 nisu razja\u0161njene sve okolnosti oko opoziva i povla\u010denja spornih mesnih prera\u0111evina, pi\u0161e&nbsp;Jutarnji list.&nbsp; U svojoj [&hellip;]","og_url":"https:\/\/radioljubuski.ba\/index.php\/2021\/09\/04\/opozvano-cak-10-tona-kobasica-hrvatskog-proizvodaca-u-mesnoj-industriji-su-ogorceni-nisu-uzeli-niti-jedan-uzorak\/","og_site_name":"RADIO LJUBU\u0160KI","article_publisher":"https:\/\/www.facebook.com\/Radiio-Ljubuski-1490835324566332","article_published_time":"2021-09-03T23:18:46+00:00","article_modified_time":"2021-09-03T23:18:47+00:00","og_image":[{"width":1024,"height":682,"url":"https:\/\/radioljubuski.ba\/wp-content\/uploads\/2021\/09\/o_19194228_1024.jpg","type":"image\/jpeg"}],"author":"Radio Ljubu\u0161ki","twitter_card":"summary_large_image","twitter_creator":"@radioljubuski","twitter_site":"@radioljubuski","twitter_misc":{"Napisao\/la":"Radio Ljubu\u0161ki","Procijenjeno vrijeme \u010ditanja":"3 minute"},"schema":{"@context":"https:\/\/schema.org","@graph":[{"@type":"Article","@id":"https:\/\/radioljubuski.ba\/index.php\/2021\/09\/04\/opozvano-cak-10-tona-kobasica-hrvatskog-proizvodaca-u-mesnoj-industriji-su-ogorceni-nisu-uzeli-niti-jedan-uzorak\/#article","isPartOf":{"@id":"https:\/\/radioljubuski.ba\/index.php\/2021\/09\/04\/opozvano-cak-10-tona-kobasica-hrvatskog-proizvodaca-u-mesnoj-industriji-su-ogorceni-nisu-uzeli-niti-jedan-uzorak\/"},"author":{"name":"Radio Ljubu\u0161ki","@id":"https:\/\/radioljubuski.ba\/#\/schema\/person\/19fc700381a780f69665d7956c469e3b"},"headline":"Opozvano \u010dak 10 tona kobasica hrvatskog proizvo\u0111a\u010da, u mesnoj industriji su ogor\u010deni: \u2018Nisu uzeli niti jedan uzorak&#8230;\u2018","datePublished":"2021-09-03T23:18:46+00:00","dateModified":"2021-09-03T23:18:47+00:00","mainEntityOfPage":{"@id":"https:\/\/radioljubuski.ba\/index.php\/2021\/09\/04\/opozvano-cak-10-tona-kobasica-hrvatskog-proizvodaca-u-mesnoj-industriji-su-ogorceni-nisu-uzeli-niti-jedan-uzorak\/"},"wordCount":701,"publisher":{"@id":"https:\/\/radioljubuski.ba\/#organization"},"image":{"@id":"https:\/\/radioljubuski.ba\/index.php\/2021\/09\/04\/opozvano-cak-10-tona-kobasica-hrvatskog-proizvodaca-u-mesnoj-industriji-su-ogorceni-nisu-uzeli-niti-jedan-uzorak\/#primaryimage"},"thumbnailUrl":"https:\/\/radioljubuski.ba\/wp-content\/uploads\/2021\/09\/o_19194228_1024.jpg","articleSection":["BIH i regija"],"inLanguage":"hr"},{"@type":"WebPage","@id":"https:\/\/radioljubuski.ba\/index.php\/2021\/09\/04\/opozvano-cak-10-tona-kobasica-hrvatskog-proizvodaca-u-mesnoj-industriji-su-ogorceni-nisu-uzeli-niti-jedan-uzorak\/","url":"https:\/\/radioljubuski.ba\/index.php\/2021\/09\/04\/opozvano-cak-10-tona-kobasica-hrvatskog-proizvodaca-u-mesnoj-industriji-su-ogorceni-nisu-uzeli-niti-jedan-uzorak\/","name":"Opozvano \u010dak 10 tona kobasica hrvatskog proizvo\u0111a\u010da, u mesnoj industriji su ogor\u010deni: \u2018Nisu uzeli niti jedan uzorak...\u2018 - RADIO LJUBU\u0160KI","isPartOf":{"@id":"https:\/\/radioljubuski.ba\/#website"},"primaryImageOfPage":{"@id":"https:\/\/radioljubuski.ba\/index.php\/2021\/09\/04\/opozvano-cak-10-tona-kobasica-hrvatskog-proizvodaca-u-mesnoj-industriji-su-ogorceni-nisu-uzeli-niti-jedan-uzorak\/#primaryimage"},"image":{"@id":"https:\/\/radioljubuski.ba\/index.php\/2021\/09\/04\/opozvano-cak-10-tona-kobasica-hrvatskog-proizvodaca-u-mesnoj-industriji-su-ogorceni-nisu-uzeli-niti-jedan-uzorak\/#primaryimage"},"thumbnailUrl":"https:\/\/radioljubuski.ba\/wp-content\/uploads\/2021\/09\/o_19194228_1024.jpg","datePublished":"2021-09-03T23:18:46+00:00","dateModified":"2021-09-03T23:18:47+00:00","breadcrumb":{"@id":"https:\/\/radioljubuski.ba\/index.php\/2021\/09\/04\/opozvano-cak-10-tona-kobasica-hrvatskog-proizvodaca-u-mesnoj-industriji-su-ogorceni-nisu-uzeli-niti-jedan-uzorak\/#breadcrumb"},"inLanguage":"hr","potentialAction":[{"@type":"ReadAction","target":["https:\/\/radioljubuski.ba\/index.php\/2021\/09\/04\/opozvano-cak-10-tona-kobasica-hrvatskog-proizvodaca-u-mesnoj-industriji-su-ogorceni-nisu-uzeli-niti-jedan-uzorak\/"]}]},{"@type":"ImageObject","inLanguage":"hr","@id":"https:\/\/radioljubuski.ba\/index.php\/2021\/09\/04\/opozvano-cak-10-tona-kobasica-hrvatskog-proizvodaca-u-mesnoj-industriji-su-ogorceni-nisu-uzeli-niti-jedan-uzorak\/#primaryimage","url":"https:\/\/radioljubuski.ba\/wp-content\/uploads\/2021\/09\/o_19194228_1024.jpg","contentUrl":"https:\/\/radioljubuski.ba\/wp-content\/uploads\/2021\/09\/o_19194228_1024.jpg","width":1024,"height":682},{"@type":"BreadcrumbList","@id":"https:\/\/radioljubuski.ba\/index.php\/2021\/09\/04\/opozvano-cak-10-tona-kobasica-hrvatskog-proizvodaca-u-mesnoj-industriji-su-ogorceni-nisu-uzeli-niti-jedan-uzorak\/#breadcrumb","itemListElement":[{"@type":"ListItem","position":1,"name":"Po\u010detna stranica","item":"https:\/\/radioljubuski.ba\/"},{"@type":"ListItem","position":2,"name":"Opozvano \u010dak 10 tona kobasica hrvatskog proizvo\u0111a\u010da, u mesnoj industriji su ogor\u010deni: \u2018Nisu uzeli niti jedan uzorak&#8230;\u2018"}]},{"@type":"WebSite","@id":"https:\/\/radioljubuski.ba\/#website","url":"https:\/\/radioljubuski.ba\/","name":"Radio Ljubu\u0161ki","description":"Sun\u010dana frekvencija Hercegovine","publisher":{"@id":"https:\/\/radioljubuski.ba\/#organization"},"potentialAction":[{"@type":"SearchAction","target":{"@type":"EntryPoint","urlTemplate":"https:\/\/radioljubuski.ba\/?s={search_term_string}"},"query-input":{"@type":"PropertyValueSpecification","valueRequired":true,"valueName":"search_term_string"}}],"inLanguage":"hr"},{"@type":"Organization","@id":"https:\/\/radioljubuski.ba\/#organization","name":"Radio Ljubu\u0161ki","url":"https:\/\/radioljubuski.ba\/","logo":{"@type":"ImageObject","inLanguage":"hr","@id":"https:\/\/radioljubuski.ba\/#\/schema\/logo\/image\/","url":"https:\/\/radioljubuski.ba\/wp-content\/uploads\/2021\/02\/cropped-Radio_Ljubuski_logo1.jpg","contentUrl":"https:\/\/radioljubuski.ba\/wp-content\/uploads\/2021\/02\/cropped-Radio_Ljubuski_logo1.jpg","width":512,"height":512,"caption":"Radio Ljubu\u0161ki"},"image":{"@id":"https:\/\/radioljubuski.ba\/#\/schema\/logo\/image\/"},"sameAs":["https:\/\/www.facebook.com\/Radiio-Ljubuski-1490835324566332","https:\/\/x.com\/radioljubuski","https:\/\/hr.linkedin.com\/company\/radio-ljubuski","https:\/\/www.youtube.com\/channel\/UCHYaeO_n0Db3tjNGudGpXyw"]},{"@type":"Person","@id":"https:\/\/radioljubuski.ba\/#\/schema\/person\/19fc700381a780f69665d7956c469e3b","name":"Radio Ljubu\u0161ki"}]}},"_links":{"self":[{"href":"https:\/\/radioljubuski.ba\/index.php\/wp-json\/wp\/v2\/posts\/60976","targetHints":{"allow":["GET"]}}],"collection":[{"href":"https:\/\/radioljubuski.ba\/index.php\/wp-json\/wp\/v2\/posts"}],"about":[{"href":"https:\/\/radioljubuski.ba\/index.php\/wp-json\/wp\/v2\/types\/post"}],"author":[{"embeddable":true,"href":"https:\/\/radioljubuski.ba\/index.php\/wp-json\/wp\/v2\/users\/2"}],"replies":[{"embeddable":true,"href":"https:\/\/radioljubuski.ba\/index.php\/wp-json\/wp\/v2\/comments?post=60976"}],"version-history":[{"count":1,"href":"https:\/\/radioljubuski.ba\/index.php\/wp-json\/wp\/v2\/posts\/60976\/revisions"}],"predecessor-version":[{"id":60978,"href":"https:\/\/radioljubuski.ba\/index.php\/wp-json\/wp\/v2\/posts\/60976\/revisions\/60978"}],"wp:featuredmedia":[{"embeddable":true,"href":"https:\/\/radioljubuski.ba\/index.php\/wp-json\/wp\/v2\/media\/60977"}],"wp:attachment":[{"href":"https:\/\/radioljubuski.ba\/index.php\/wp-json\/wp\/v2\/media?parent=60976"}],"wp:term":[{"taxonomy":"category","embeddable":true,"href":"https:\/\/radioljubuski.ba\/index.php\/wp-json\/wp\/v2\/categories?post=60976"},{"taxonomy":"post_tag","embeddable":true,"href":"https:\/\/radioljubuski.ba\/index.php\/wp-json\/wp\/v2\/tags?post=60976"}],"curies":[{"name":"wp","href":"https:\/\/api.w.org\/{rel}","templated":true}]}}