{"id":61317,"date":"2021-09-04T23:22:31","date_gmt":"2021-09-04T22:22:31","guid":{"rendered":"https:\/\/radioljubuski.ba\/?p=61317"},"modified":"2021-09-06T16:33:28","modified_gmt":"2021-09-06T15:33:28","slug":"prve-razrede-osnovnih-i-srednjih-skola-u-ljubuskom-pohadat-ce-455-ucenika","status":"publish","type":"post","link":"https:\/\/radioljubuski.ba\/index.php\/2021\/09\/04\/prve-razrede-osnovnih-i-srednjih-skola-u-ljubuskom-pohadat-ce-455-ucenika\/","title":{"rendered":"Prve razrede osnovnih i srednjih \u0161kola u Ljubu\u0161kom poha\u0111at \u0107e 455 u\u010denika"},"content":{"rendered":"\n<p>Nova \u0161kolska 2021.\/2022. godina u osnovnim i srednjim \u0161kolama u pojedinim \u017eupanijama u FBiH zapo\u010dela je 1. rujna, a u Zapadnohercegova\u010dkoj \u017eupaniji i jo\u0161 nekoliko njih u\u010denici \u0107e u \u0161kolske klupe sjesti 6. rujna.<br>Kada je rije\u010d o Ljubu\u0161kom, u prve razrede osnovnih i srednjih \u0161kola ukupno je upisano 455 u\u010denika.<\/p>\n\n\n\n<p>U O\u0160 Tina Ujevi\u0107a upisan je 41 prva\u0161i\u0107, u O\u0160 Ivane Brli\u0107-Ma\u017eurani\u0107 55, dok je u O\u0160 Marka Maruli\u0107a upisan 101 prva\u0161i\u0107. \u0160to se ti\u010de srednjih \u0161kola, u Gimnaziju Ljubu\u0161ki u prve razrede upisano je 75 u\u010denika, a u SS\u0160 Ru\u0111era Bo\u0161kovi\u0107a njih 143. U prve razrede Glazbene \u0161kole Ljubu\u0161ki upisano je, pak, 40 u\u010denika.<\/p>\n\n\n\n<p>Ako usporedimo podatke iz protekle \u0161kolske godine, nema zna\u010dajnih odstupanja po broju u\u010denika koji poha\u0111aju prve razrede, osim u O\u0160 Marka Maruli\u0107a \u2013 33 u\u010denika manje.<br>U svim \u0161kolama radi se na unaprje\u0111enju kvalitete nastave, a u O\u0160 Marka Maruli\u0107a mogu se pohvaliti s pilot projektom cjelodnevnog boravka u podru\u010dnoj \u0161koli u Cernu, kako \u0161kola ne bi ostala bez u\u010denika. U\u010denici od prvog do petog razreda, osim u\u010denja nastavnog gradiva, imat \u0107e i osiguran obrok do odlaska svojim domovima.<\/p>\n\n\n\n<p>U ZH\u017d-u, kao i u svim ostalim \u017eupanijama, planirano je odvijanje nastave u u\u010dionicama, po redovnom nastavnom planu i programu te uz po\u0161tivanje va\u017ee\u0107ih higijensko-epidemiolo\u0161kih naredbi i preporuka nadle\u017enih organa i institucija.<\/p>\n\n\n\n<p>Kako isti\u010du iz Federalnog ministarstva obrazovanja i znanosti, kontinuirano \u0107e se pratiti epidemiolo\u0161ka situacija na osnovu koje \u0107e se donositi potrebne odluke, a nadle\u017ena \u017eupanijska ministarstva obrazovanja su spremna i na druge modele, ako do\u0111e do pogor\u0161anja epidemiolo\u0161ke situacije.<\/p>\n\n\n\n<p>Izvor:ljportal.com<\/p>\n","protected":false},"excerpt":{"rendered":"<p>Nova \u0161kolska 2021.\/2022. godina u osnovnim i srednjim \u0161kolama u pojedinim \u017eupanijama u FBiH zapo\u010dela je 1. rujna, a u Zapadnohercegova\u010dkoj \u017eupaniji i jo\u0161 nekoliko njih u\u010denici \u0107e u \u0161kolske klupe sjesti 6. rujna.Kada je rije\u010d o Ljubu\u0161kom, u prve razrede osnovnih i srednjih \u0161kola ukupno je upisano 455 u\u010denika. U O\u0160 Tina Ujevi\u0107a upisan [&hellip;]<\/p>\n","protected":false},"author":2,"featured_media":61318,"comment_status":"closed","ping_status":"closed","sticky":false,"template":"","format":"standard","meta":{"h5ap_radio_sources":[],"footnotes":""},"categories":[3],"tags":[],"class_list":["post-61317","post","type-post","status-publish","format-standard","has-post-thumbnail","hentry","category-ljubuski"],"yoast_head":"<!-- This site is optimized with the Yoast SEO plugin v27.5 - https:\/\/yoast.com\/product\/yoast-seo-wordpress\/ -->\n<title>Prve razrede osnovnih i srednjih \u0161kola u Ljubu\u0161kom poha\u0111at \u0107e 455 u\u010denika - RADIO LJUBU\u0160KI<\/title>\n<meta name=\"robots\" content=\"index, follow, max-snippet:-1, max-image-preview:large, max-video-preview:-1\" \/>\n<link rel=\"canonical\" href=\"https:\/\/radioljubuski.ba\/index.php\/2021\/09\/04\/prve-razrede-osnovnih-i-srednjih-skola-u-ljubuskom-pohadat-ce-455-ucenika\/\" \/>\n<meta property=\"og:locale\" content=\"hr_HR\" \/>\n<meta property=\"og:type\" content=\"article\" \/>\n<meta property=\"og:title\" content=\"Prve razrede osnovnih i srednjih \u0161kola u Ljubu\u0161kom poha\u0111at \u0107e 455 u\u010denika - RADIO LJUBU\u0160KI\" \/>\n<meta property=\"og:description\" content=\"Nova \u0161kolska 2021.\/2022. godina u osnovnim i srednjim \u0161kolama u pojedinim \u017eupanijama u FBiH zapo\u010dela je 1. rujna, a u Zapadnohercegova\u010dkoj \u017eupaniji i jo\u0161 nekoliko njih u\u010denici \u0107e u \u0161kolske klupe sjesti 6. rujna.Kada je rije\u010d o Ljubu\u0161kom, u prve razrede osnovnih i srednjih \u0161kola ukupno je upisano 455 u\u010denika. U O\u0160 Tina Ujevi\u0107a upisan [&hellip;]\" \/>\n<meta property=\"og:url\" content=\"https:\/\/radioljubuski.ba\/index.php\/2021\/09\/04\/prve-razrede-osnovnih-i-srednjih-skola-u-ljubuskom-pohadat-ce-455-ucenika\/\" \/>\n<meta property=\"og:site_name\" content=\"RADIO LJUBU\u0160KI\" \/>\n<meta property=\"article:publisher\" content=\"https:\/\/www.facebook.com\/Radiio-Ljubuski-1490835324566332\" \/>\n<meta property=\"article:published_time\" content=\"2021-09-04T22:22:31+00:00\" \/>\n<meta property=\"article:modified_time\" content=\"2021-09-06T15:33:28+00:00\" \/>\n<meta property=\"og:image\" content=\"https:\/\/radioljubuski.ba\/wp-content\/uploads\/2021\/09\/djeca-skola-1992016.jpg\" \/>\n\t<meta property=\"og:image:width\" content=\"800\" \/>\n\t<meta property=\"og:image:height\" content=\"600\" \/>\n\t<meta property=\"og:image:type\" content=\"image\/jpeg\" \/>\n<meta name=\"author\" content=\"Radio Ljubu\u0161ki\" \/>\n<meta name=\"twitter:card\" content=\"summary_large_image\" \/>\n<meta name=\"twitter:creator\" content=\"@radioljubuski\" \/>\n<meta name=\"twitter:site\" content=\"@radioljubuski\" \/>\n<meta name=\"twitter:label1\" content=\"Napisao\/la\" \/>\n\t<meta name=\"twitter:data1\" content=\"Radio Ljubu\u0161ki\" \/>\n\t<meta name=\"twitter:label2\" content=\"Procijenjeno vrijeme \u010ditanja\" \/>\n\t<meta name=\"twitter:data2\" content=\"2 minute\" \/>\n<script type=\"application\/ld+json\" class=\"yoast-schema-graph\">{\"@context\":\"https:\\\/\\\/schema.org\",\"@graph\":[{\"@type\":\"Article\",\"@id\":\"https:\\\/\\\/radioljubuski.ba\\\/index.php\\\/2021\\\/09\\\/04\\\/prve-razrede-osnovnih-i-srednjih-skola-u-ljubuskom-pohadat-ce-455-ucenika\\\/#article\",\"isPartOf\":{\"@id\":\"https:\\\/\\\/radioljubuski.ba\\\/index.php\\\/2021\\\/09\\\/04\\\/prve-razrede-osnovnih-i-srednjih-skola-u-ljubuskom-pohadat-ce-455-ucenika\\\/\"},\"author\":{\"name\":\"Radio Ljubu\u0161ki\",\"@id\":\"https:\\\/\\\/radioljubuski.ba\\\/#\\\/schema\\\/person\\\/19fc700381a780f69665d7956c469e3b\"},\"headline\":\"Prve razrede osnovnih i srednjih \u0161kola u Ljubu\u0161kom poha\u0111at \u0107e 455 u\u010denika\",\"datePublished\":\"2021-09-04T22:22:31+00:00\",\"dateModified\":\"2021-09-06T15:33:28+00:00\",\"mainEntityOfPage\":{\"@id\":\"https:\\\/\\\/radioljubuski.ba\\\/index.php\\\/2021\\\/09\\\/04\\\/prve-razrede-osnovnih-i-srednjih-skola-u-ljubuskom-pohadat-ce-455-ucenika\\\/\"},\"wordCount\":304,\"publisher\":{\"@id\":\"https:\\\/\\\/radioljubuski.ba\\\/#organization\"},\"image\":{\"@id\":\"https:\\\/\\\/radioljubuski.ba\\\/index.php\\\/2021\\\/09\\\/04\\\/prve-razrede-osnovnih-i-srednjih-skola-u-ljubuskom-pohadat-ce-455-ucenika\\\/#primaryimage\"},\"thumbnailUrl\":\"https:\\\/\\\/radioljubuski.ba\\\/wp-content\\\/uploads\\\/2021\\\/09\\\/djeca-skola-1992016.jpg\",\"articleSection\":[\"Ljubu\u0161ki\"],\"inLanguage\":\"hr\"},{\"@type\":\"WebPage\",\"@id\":\"https:\\\/\\\/radioljubuski.ba\\\/index.php\\\/2021\\\/09\\\/04\\\/prve-razrede-osnovnih-i-srednjih-skola-u-ljubuskom-pohadat-ce-455-ucenika\\\/\",\"url\":\"https:\\\/\\\/radioljubuski.ba\\\/index.php\\\/2021\\\/09\\\/04\\\/prve-razrede-osnovnih-i-srednjih-skola-u-ljubuskom-pohadat-ce-455-ucenika\\\/\",\"name\":\"Prve razrede osnovnih i srednjih \u0161kola u Ljubu\u0161kom poha\u0111at \u0107e 455 u\u010denika - RADIO LJUBU\u0160KI\",\"isPartOf\":{\"@id\":\"https:\\\/\\\/radioljubuski.ba\\\/#website\"},\"primaryImageOfPage\":{\"@id\":\"https:\\\/\\\/radioljubuski.ba\\\/index.php\\\/2021\\\/09\\\/04\\\/prve-razrede-osnovnih-i-srednjih-skola-u-ljubuskom-pohadat-ce-455-ucenika\\\/#primaryimage\"},\"image\":{\"@id\":\"https:\\\/\\\/radioljubuski.ba\\\/index.php\\\/2021\\\/09\\\/04\\\/prve-razrede-osnovnih-i-srednjih-skola-u-ljubuskom-pohadat-ce-455-ucenika\\\/#primaryimage\"},\"thumbnailUrl\":\"https:\\\/\\\/radioljubuski.ba\\\/wp-content\\\/uploads\\\/2021\\\/09\\\/djeca-skola-1992016.jpg\",\"datePublished\":\"2021-09-04T22:22:31+00:00\",\"dateModified\":\"2021-09-06T15:33:28+00:00\",\"breadcrumb\":{\"@id\":\"https:\\\/\\\/radioljubuski.ba\\\/index.php\\\/2021\\\/09\\\/04\\\/prve-razrede-osnovnih-i-srednjih-skola-u-ljubuskom-pohadat-ce-455-ucenika\\\/#breadcrumb\"},\"inLanguage\":\"hr\",\"potentialAction\":[{\"@type\":\"ReadAction\",\"target\":[\"https:\\\/\\\/radioljubuski.ba\\\/index.php\\\/2021\\\/09\\\/04\\\/prve-razrede-osnovnih-i-srednjih-skola-u-ljubuskom-pohadat-ce-455-ucenika\\\/\"]}]},{\"@type\":\"ImageObject\",\"inLanguage\":\"hr\",\"@id\":\"https:\\\/\\\/radioljubuski.ba\\\/index.php\\\/2021\\\/09\\\/04\\\/prve-razrede-osnovnih-i-srednjih-skola-u-ljubuskom-pohadat-ce-455-ucenika\\\/#primaryimage\",\"url\":\"https:\\\/\\\/radioljubuski.ba\\\/wp-content\\\/uploads\\\/2021\\\/09\\\/djeca-skola-1992016.jpg\",\"contentUrl\":\"https:\\\/\\\/radioljubuski.ba\\\/wp-content\\\/uploads\\\/2021\\\/09\\\/djeca-skola-1992016.jpg\",\"width\":800,\"height\":600,\"caption\":\"OLYMPUS DIGITAL CAMERA\"},{\"@type\":\"BreadcrumbList\",\"@id\":\"https:\\\/\\\/radioljubuski.ba\\\/index.php\\\/2021\\\/09\\\/04\\\/prve-razrede-osnovnih-i-srednjih-skola-u-ljubuskom-pohadat-ce-455-ucenika\\\/#breadcrumb\",\"itemListElement\":[{\"@type\":\"ListItem\",\"position\":1,\"name\":\"Po\u010detna stranica\",\"item\":\"https:\\\/\\\/radioljubuski.ba\\\/\"},{\"@type\":\"ListItem\",\"position\":2,\"name\":\"Prve razrede osnovnih i srednjih \u0161kola u Ljubu\u0161kom poha\u0111at \u0107e 455 u\u010denika\"}]},{\"@type\":\"WebSite\",\"@id\":\"https:\\\/\\\/radioljubuski.ba\\\/#website\",\"url\":\"https:\\\/\\\/radioljubuski.ba\\\/\",\"name\":\"Radio Ljubu\u0161ki\",\"description\":\"Sun\u010dana frekvencija Hercegovine\",\"publisher\":{\"@id\":\"https:\\\/\\\/radioljubuski.ba\\\/#organization\"},\"potentialAction\":[{\"@type\":\"SearchAction\",\"target\":{\"@type\":\"EntryPoint\",\"urlTemplate\":\"https:\\\/\\\/radioljubuski.ba\\\/?s={search_term_string}\"},\"query-input\":{\"@type\":\"PropertyValueSpecification\",\"valueRequired\":true,\"valueName\":\"search_term_string\"}}],\"inLanguage\":\"hr\"},{\"@type\":\"Organization\",\"@id\":\"https:\\\/\\\/radioljubuski.ba\\\/#organization\",\"name\":\"Radio Ljubu\u0161ki\",\"url\":\"https:\\\/\\\/radioljubuski.ba\\\/\",\"logo\":{\"@type\":\"ImageObject\",\"inLanguage\":\"hr\",\"@id\":\"https:\\\/\\\/radioljubuski.ba\\\/#\\\/schema\\\/logo\\\/image\\\/\",\"url\":\"https:\\\/\\\/radioljubuski.ba\\\/wp-content\\\/uploads\\\/2021\\\/02\\\/cropped-Radio_Ljubuski_logo1.jpg\",\"contentUrl\":\"https:\\\/\\\/radioljubuski.ba\\\/wp-content\\\/uploads\\\/2021\\\/02\\\/cropped-Radio_Ljubuski_logo1.jpg\",\"width\":512,\"height\":512,\"caption\":\"Radio Ljubu\u0161ki\"},\"image\":{\"@id\":\"https:\\\/\\\/radioljubuski.ba\\\/#\\\/schema\\\/logo\\\/image\\\/\"},\"sameAs\":[\"https:\\\/\\\/www.facebook.com\\\/Radiio-Ljubuski-1490835324566332\",\"https:\\\/\\\/x.com\\\/radioljubuski\",\"https:\\\/\\\/hr.linkedin.com\\\/company\\\/radio-ljubuski\",\"https:\\\/\\\/www.youtube.com\\\/channel\\\/UCHYaeO_n0Db3tjNGudGpXyw\"]},{\"@type\":\"Person\",\"@id\":\"https:\\\/\\\/radioljubuski.ba\\\/#\\\/schema\\\/person\\\/19fc700381a780f69665d7956c469e3b\",\"name\":\"Radio Ljubu\u0161ki\"}]}<\/script>\n<!-- \/ Yoast SEO plugin. -->","yoast_head_json":{"title":"Prve razrede osnovnih i srednjih \u0161kola u Ljubu\u0161kom poha\u0111at \u0107e 455 u\u010denika - RADIO LJUBU\u0160KI","robots":{"index":"index","follow":"follow","max-snippet":"max-snippet:-1","max-image-preview":"max-image-preview:large","max-video-preview":"max-video-preview:-1"},"canonical":"https:\/\/radioljubuski.ba\/index.php\/2021\/09\/04\/prve-razrede-osnovnih-i-srednjih-skola-u-ljubuskom-pohadat-ce-455-ucenika\/","og_locale":"hr_HR","og_type":"article","og_title":"Prve razrede osnovnih i srednjih \u0161kola u Ljubu\u0161kom poha\u0111at \u0107e 455 u\u010denika - RADIO LJUBU\u0160KI","og_description":"Nova \u0161kolska 2021.\/2022. godina u osnovnim i srednjim \u0161kolama u pojedinim \u017eupanijama u FBiH zapo\u010dela je 1. rujna, a u Zapadnohercegova\u010dkoj \u017eupaniji i jo\u0161 nekoliko njih u\u010denici \u0107e u \u0161kolske klupe sjesti 6. rujna.Kada je rije\u010d o Ljubu\u0161kom, u prve razrede osnovnih i srednjih \u0161kola ukupno je upisano 455 u\u010denika. U O\u0160 Tina Ujevi\u0107a upisan [&hellip;]","og_url":"https:\/\/radioljubuski.ba\/index.php\/2021\/09\/04\/prve-razrede-osnovnih-i-srednjih-skola-u-ljubuskom-pohadat-ce-455-ucenika\/","og_site_name":"RADIO LJUBU\u0160KI","article_publisher":"https:\/\/www.facebook.com\/Radiio-Ljubuski-1490835324566332","article_published_time":"2021-09-04T22:22:31+00:00","article_modified_time":"2021-09-06T15:33:28+00:00","og_image":[{"width":800,"height":600,"url":"https:\/\/radioljubuski.ba\/wp-content\/uploads\/2021\/09\/djeca-skola-1992016.jpg","type":"image\/jpeg"}],"author":"Radio Ljubu\u0161ki","twitter_card":"summary_large_image","twitter_creator":"@radioljubuski","twitter_site":"@radioljubuski","twitter_misc":{"Napisao\/la":"Radio Ljubu\u0161ki","Procijenjeno vrijeme \u010ditanja":"2 minute"},"schema":{"@context":"https:\/\/schema.org","@graph":[{"@type":"Article","@id":"https:\/\/radioljubuski.ba\/index.php\/2021\/09\/04\/prve-razrede-osnovnih-i-srednjih-skola-u-ljubuskom-pohadat-ce-455-ucenika\/#article","isPartOf":{"@id":"https:\/\/radioljubuski.ba\/index.php\/2021\/09\/04\/prve-razrede-osnovnih-i-srednjih-skola-u-ljubuskom-pohadat-ce-455-ucenika\/"},"author":{"name":"Radio Ljubu\u0161ki","@id":"https:\/\/radioljubuski.ba\/#\/schema\/person\/19fc700381a780f69665d7956c469e3b"},"headline":"Prve razrede osnovnih i srednjih \u0161kola u Ljubu\u0161kom poha\u0111at \u0107e 455 u\u010denika","datePublished":"2021-09-04T22:22:31+00:00","dateModified":"2021-09-06T15:33:28+00:00","mainEntityOfPage":{"@id":"https:\/\/radioljubuski.ba\/index.php\/2021\/09\/04\/prve-razrede-osnovnih-i-srednjih-skola-u-ljubuskom-pohadat-ce-455-ucenika\/"},"wordCount":304,"publisher":{"@id":"https:\/\/radioljubuski.ba\/#organization"},"image":{"@id":"https:\/\/radioljubuski.ba\/index.php\/2021\/09\/04\/prve-razrede-osnovnih-i-srednjih-skola-u-ljubuskom-pohadat-ce-455-ucenika\/#primaryimage"},"thumbnailUrl":"https:\/\/radioljubuski.ba\/wp-content\/uploads\/2021\/09\/djeca-skola-1992016.jpg","articleSection":["Ljubu\u0161ki"],"inLanguage":"hr"},{"@type":"WebPage","@id":"https:\/\/radioljubuski.ba\/index.php\/2021\/09\/04\/prve-razrede-osnovnih-i-srednjih-skola-u-ljubuskom-pohadat-ce-455-ucenika\/","url":"https:\/\/radioljubuski.ba\/index.php\/2021\/09\/04\/prve-razrede-osnovnih-i-srednjih-skola-u-ljubuskom-pohadat-ce-455-ucenika\/","name":"Prve razrede osnovnih i srednjih \u0161kola u Ljubu\u0161kom poha\u0111at \u0107e 455 u\u010denika - RADIO LJUBU\u0160KI","isPartOf":{"@id":"https:\/\/radioljubuski.ba\/#website"},"primaryImageOfPage":{"@id":"https:\/\/radioljubuski.ba\/index.php\/2021\/09\/04\/prve-razrede-osnovnih-i-srednjih-skola-u-ljubuskom-pohadat-ce-455-ucenika\/#primaryimage"},"image":{"@id":"https:\/\/radioljubuski.ba\/index.php\/2021\/09\/04\/prve-razrede-osnovnih-i-srednjih-skola-u-ljubuskom-pohadat-ce-455-ucenika\/#primaryimage"},"thumbnailUrl":"https:\/\/radioljubuski.ba\/wp-content\/uploads\/2021\/09\/djeca-skola-1992016.jpg","datePublished":"2021-09-04T22:22:31+00:00","dateModified":"2021-09-06T15:33:28+00:00","breadcrumb":{"@id":"https:\/\/radioljubuski.ba\/index.php\/2021\/09\/04\/prve-razrede-osnovnih-i-srednjih-skola-u-ljubuskom-pohadat-ce-455-ucenika\/#breadcrumb"},"inLanguage":"hr","potentialAction":[{"@type":"ReadAction","target":["https:\/\/radioljubuski.ba\/index.php\/2021\/09\/04\/prve-razrede-osnovnih-i-srednjih-skola-u-ljubuskom-pohadat-ce-455-ucenika\/"]}]},{"@type":"ImageObject","inLanguage":"hr","@id":"https:\/\/radioljubuski.ba\/index.php\/2021\/09\/04\/prve-razrede-osnovnih-i-srednjih-skola-u-ljubuskom-pohadat-ce-455-ucenika\/#primaryimage","url":"https:\/\/radioljubuski.ba\/wp-content\/uploads\/2021\/09\/djeca-skola-1992016.jpg","contentUrl":"https:\/\/radioljubuski.ba\/wp-content\/uploads\/2021\/09\/djeca-skola-1992016.jpg","width":800,"height":600,"caption":"OLYMPUS DIGITAL CAMERA"},{"@type":"BreadcrumbList","@id":"https:\/\/radioljubuski.ba\/index.php\/2021\/09\/04\/prve-razrede-osnovnih-i-srednjih-skola-u-ljubuskom-pohadat-ce-455-ucenika\/#breadcrumb","itemListElement":[{"@type":"ListItem","position":1,"name":"Po\u010detna stranica","item":"https:\/\/radioljubuski.ba\/"},{"@type":"ListItem","position":2,"name":"Prve razrede osnovnih i srednjih \u0161kola u Ljubu\u0161kom poha\u0111at \u0107e 455 u\u010denika"}]},{"@type":"WebSite","@id":"https:\/\/radioljubuski.ba\/#website","url":"https:\/\/radioljubuski.ba\/","name":"Radio Ljubu\u0161ki","description":"Sun\u010dana frekvencija Hercegovine","publisher":{"@id":"https:\/\/radioljubuski.ba\/#organization"},"potentialAction":[{"@type":"SearchAction","target":{"@type":"EntryPoint","urlTemplate":"https:\/\/radioljubuski.ba\/?s={search_term_string}"},"query-input":{"@type":"PropertyValueSpecification","valueRequired":true,"valueName":"search_term_string"}}],"inLanguage":"hr"},{"@type":"Organization","@id":"https:\/\/radioljubuski.ba\/#organization","name":"Radio Ljubu\u0161ki","url":"https:\/\/radioljubuski.ba\/","logo":{"@type":"ImageObject","inLanguage":"hr","@id":"https:\/\/radioljubuski.ba\/#\/schema\/logo\/image\/","url":"https:\/\/radioljubuski.ba\/wp-content\/uploads\/2021\/02\/cropped-Radio_Ljubuski_logo1.jpg","contentUrl":"https:\/\/radioljubuski.ba\/wp-content\/uploads\/2021\/02\/cropped-Radio_Ljubuski_logo1.jpg","width":512,"height":512,"caption":"Radio Ljubu\u0161ki"},"image":{"@id":"https:\/\/radioljubuski.ba\/#\/schema\/logo\/image\/"},"sameAs":["https:\/\/www.facebook.com\/Radiio-Ljubuski-1490835324566332","https:\/\/x.com\/radioljubuski","https:\/\/hr.linkedin.com\/company\/radio-ljubuski","https:\/\/www.youtube.com\/channel\/UCHYaeO_n0Db3tjNGudGpXyw"]},{"@type":"Person","@id":"https:\/\/radioljubuski.ba\/#\/schema\/person\/19fc700381a780f69665d7956c469e3b","name":"Radio Ljubu\u0161ki"}]}},"_links":{"self":[{"href":"https:\/\/radioljubuski.ba\/index.php\/wp-json\/wp\/v2\/posts\/61317","targetHints":{"allow":["GET"]}}],"collection":[{"href":"https:\/\/radioljubuski.ba\/index.php\/wp-json\/wp\/v2\/posts"}],"about":[{"href":"https:\/\/radioljubuski.ba\/index.php\/wp-json\/wp\/v2\/types\/post"}],"author":[{"embeddable":true,"href":"https:\/\/radioljubuski.ba\/index.php\/wp-json\/wp\/v2\/users\/2"}],"replies":[{"embeddable":true,"href":"https:\/\/radioljubuski.ba\/index.php\/wp-json\/wp\/v2\/comments?post=61317"}],"version-history":[{"count":1,"href":"https:\/\/radioljubuski.ba\/index.php\/wp-json\/wp\/v2\/posts\/61317\/revisions"}],"predecessor-version":[{"id":61319,"href":"https:\/\/radioljubuski.ba\/index.php\/wp-json\/wp\/v2\/posts\/61317\/revisions\/61319"}],"wp:featuredmedia":[{"embeddable":true,"href":"https:\/\/radioljubuski.ba\/index.php\/wp-json\/wp\/v2\/media\/61318"}],"wp:attachment":[{"href":"https:\/\/radioljubuski.ba\/index.php\/wp-json\/wp\/v2\/media?parent=61317"}],"wp:term":[{"taxonomy":"category","embeddable":true,"href":"https:\/\/radioljubuski.ba\/index.php\/wp-json\/wp\/v2\/categories?post=61317"},{"taxonomy":"post_tag","embeddable":true,"href":"https:\/\/radioljubuski.ba\/index.php\/wp-json\/wp\/v2\/tags?post=61317"}],"curies":[{"name":"wp","href":"https:\/\/api.w.org\/{rel}","templated":true}]}}