{"id":61330,"date":"2021-09-04T23:28:05","date_gmt":"2021-09-04T22:28:05","guid":{"rendered":"https:\/\/radioljubuski.ba\/?p=61330"},"modified":"2021-09-04T23:28:06","modified_gmt":"2021-09-04T22:28:06","slug":"saudijska-arabija-okrenula-leda-talibanima-ali-stvara-se-neocekivani-savez","status":"publish","type":"post","link":"https:\/\/radioljubuski.ba\/index.php\/2021\/09\/04\/saudijska-arabija-okrenula-leda-talibanima-ali-stvara-se-neocekivani-savez\/","title":{"rendered":"Saudijska Arabija okrenula le\u0111a talibanima, ali stvara se neo\u010dekivani savez"},"content":{"rendered":"\n<p>Prekretnica u odnosu dva re\u017eima bili su teroristi\u010dki napadi na Blizance 11. rujna 2001. godine Kada su talibani vladali Afganistanom izme\u0111u 1996. i 2001. godine, Saudijska Arabija je bila jedna od samo tri dr\u017eave koje su priznale njihovu vladu. Osim nje to su u\u010dinili jo\u0161 samo Pakistan i Ujedinjeni Arapski Emirati. Me\u0111utim, kako pi\u0161e Deutsche Welle &#8211; stvari su se promijenile.<\/p>\n\n\n\n<p>Saudijska Arabija je tada godinama odr\u017eavala intenzivne odnose s talibanima. Ona je primjerice u Pakistanu financirala vjerske \u0161kole, takozvane medrese, iz kojih su regrutirani bezbrojni prista\u0161e talibanskog pokreta, kako u Pakistanu tako i u Afganistanu. Dodu\u0161e, u\u010denje iz medresa o sunitskom islamu razlikuje se djelomi\u010dno od dr\u017eavne saudijske religije vehabizma. No zajedni\u010dko im je ultrakonzervativno tuma\u010denje islamskih pisanih izvora. U 80-im godinama pro\u0161log stolje\u0107a \u2013 kada su u Afganistan umar\u0161irale sovjetske postrojbe \u2013 Saudijska Arabija je podr\u017eavala borbu vjerski motiviranih afganistanskih ratnika mud\u017eahedina protiv Sovjetskog Saveza.<\/p>\n\n\n\n<p>Tu je Saudijska Arabija sura\u0111ivala sa Sjedinjenim Ameri\u010dkim Dr\u017eavama i Pakistanom. Dok je SAD \u017eelio suzbiti \u0161irenje komunizma u Afganistanu, Saudijci su \u017eeljeli braniti islam. Procjenjuje se da su obje zemlje na taj rat potro\u0161ile po \u010detiri milijarde dolara. Nakon povla\u010denja sovjetske vojske i za vrijeme gra\u0111anskog rata koji je potom izbio 90-ih godina, Saudijska Arabija je, prvenstveno u financijskom smislu, postala jedna od najva\u017enijih saveznica talibana koji su nastali iz mud\u017eahedina. Osim toga, UN je optu\u017eio Saudijsku Arabiju za isporuku oru\u017eja talibanima unato\u010d me\u0111unarodnom embargu.<\/p>\n\n\n\n<p>11. rujna kao prekretnica<\/p>\n\n\n\n<p>No ta podr\u0161ka je naglo okon\u010dana nakon napada od 11. rujna 2001. Toga su dana pripadnici teroristi\u010dke organizacije Al-Kaide napali vi\u0161e ciljeva u SAD-u. U samoubila\u010dkim napadima ubijeno je vi\u0161e od 3.000 ljudi. Pritisak iz Washingtona je naveo vladu u Rijadu da prekine veze s talibanima, budu\u0107i da su oni davali uto\u010di\u0161te Al-Kaidi. Ali na ni\u017eim razinama je i dalje postojala povezanost izme\u0111u dr\u017eavnih, vjerskih i privatnih \u010dimbenika. Danas se Saudijska Arabija distancira od svojih biv\u0161ih partnera. \u010cak je odustala od posredni\u010dke uloge u pregovorima izme\u0111u talibana i smijenjene afganistanske vlade. Tu je ulogu u me\u0111uvremenu preuzeo Katar. Nakon \u0161to su talibani sredinom kolovoza osvojili Kabul, saudijsko Ministarstvo vanjskih poslova je objavilo: \u201eKraljevstvo stoji iza odluka koje donosi afganistanski narod.&#8221; To drugim rije\u010dima zna\u010di da se Saudijska Arabija vi\u0161e ne \u017eeli kao prije mije\u0161ati u unutarnju afganistansku politiku. Ali i da vi\u0161e ne\u0107e utjecati na talibane po \u017eelji zapadnih partnera, pi\u0161e Deutsche Welle. I stvarno, malo toga govori u prilog o\u017eivljavanju nekada\u0161njeg saudijskog utjecaja na talibane. Rijad je naime saveznik SAD-a, prema kojem talibani imaju vrlo distancirani odnos. Osim toga, tu su i mjere modernizacije koje u zadnje vrijeme provodi prijestolonasljednik Mohamed bin Salman. Njegova ideja o barem djelomice liberalnoj i otvorenoj Saudijskoj Arabiji nije u skladu s podr\u017eavanjem islamisti\u010dkih ekstremista u drugim zemljama.<\/p>\n\n\n\n<p>Novi saveznik Iran<\/p>\n\n\n\n<p>Talibani su danas znatno bliskiji s jednom drugom dr\u017eavom: s Iranom. I to bez obzira na vjerske razlike: Iran se smatra \u0161ijitskom dr\u017eavom dok su talibani sunitski pokret. Jo\u0161 pro\u0161le godine je politolog Vinay Kaura iz trusta mozgova The Middle East iz Washingtona upozorio: \u201eTaj novi razvoj je u jakom kontrastu prema eri biv\u0161eg talibanskog re\u017eima koji je podupirala Saudijska Arabija, zakleti protivnik Irana.&#8221; Politolog Kristian Coates Ulrichsen sa sveu\u010dili\u0161ta Rice University u Teksasu je u razgovoru za DW ocijenio da su i dalje mogu\u0107i kontakti izme\u0111u saudijskih i afganistanskih vjerskih mre\u017ea: \u201eAli nije vjerojatno da \u0107e do\u0107i do slu\u017ebene pomo\u0107i ili priznanja na na\u010din kako je to bilo u pro\u0161losti.&#8221;<\/p>\n\n\n\n<p>\u201eZa Saudijce bi bio znatan rizik za njihovu reputaciju kada bi poku\u0161ali pru\u017eati financijsku pomo\u0107 Afganistanu koja nije potpuno transparentna i uskla\u0111ena s me\u0111unarodnim i multilateralnim partnerima&#8221;, pretpostavlja Coates Ulrichsen. I dodaje s pogledom na skoru godi\u0161njicu napada od 11. rujna: \u201eSaudijci \u0107e se upravo oko tog datuma pokazati suzdr\u017eanima.&#8221;<\/p>\n\n\n\n<p>Izvor:dw<\/p>\n","protected":false},"excerpt":{"rendered":"<p>Prekretnica u odnosu dva re\u017eima bili su teroristi\u010dki napadi na Blizance 11. rujna 2001. godine Kada su talibani vladali Afganistanom izme\u0111u 1996. i 2001. godine, Saudijska Arabija je bila jedna od samo tri dr\u017eave koje su priznale njihovu vladu. Osim nje to su u\u010dinili jo\u0161 samo Pakistan i Ujedinjeni Arapski Emirati. Me\u0111utim, kako pi\u0161e Deutsche [&hellip;]<\/p>\n","protected":false},"author":2,"featured_media":61331,"comment_status":"closed","ping_status":"closed","sticky":false,"template":"","format":"standard","meta":{"h5ap_radio_sources":[],"footnotes":""},"categories":[1],"tags":[],"class_list":["post-61330","post","type-post","status-publish","format-standard","has-post-thumbnail","hentry","category-bihiregija"],"yoast_head":"<!-- This site is optimized with the Yoast SEO plugin v27.4 - https:\/\/yoast.com\/product\/yoast-seo-wordpress\/ -->\n<title>Saudijska Arabija okrenula le\u0111a talibanima, ali stvara se neo\u010dekivani savez - RADIO LJUBU\u0160KI<\/title>\n<meta name=\"robots\" content=\"index, follow, max-snippet:-1, max-image-preview:large, max-video-preview:-1\" \/>\n<link rel=\"canonical\" href=\"https:\/\/radioljubuski.ba\/index.php\/2021\/09\/04\/saudijska-arabija-okrenula-leda-talibanima-ali-stvara-se-neocekivani-savez\/\" \/>\n<meta property=\"og:locale\" content=\"hr_HR\" \/>\n<meta property=\"og:type\" content=\"article\" \/>\n<meta property=\"og:title\" content=\"Saudijska Arabija okrenula le\u0111a talibanima, ali stvara se neo\u010dekivani savez - RADIO LJUBU\u0160KI\" \/>\n<meta property=\"og:description\" content=\"Prekretnica u odnosu dva re\u017eima bili su teroristi\u010dki napadi na Blizance 11. rujna 2001. godine Kada su talibani vladali Afganistanom izme\u0111u 1996. i 2001. godine, Saudijska Arabija je bila jedna od samo tri dr\u017eave koje su priznale njihovu vladu. Osim nje to su u\u010dinili jo\u0161 samo Pakistan i Ujedinjeni Arapski Emirati. Me\u0111utim, kako pi\u0161e Deutsche [&hellip;]\" \/>\n<meta property=\"og:url\" content=\"https:\/\/radioljubuski.ba\/index.php\/2021\/09\/04\/saudijska-arabija-okrenula-leda-talibanima-ali-stvara-se-neocekivani-savez\/\" \/>\n<meta property=\"og:site_name\" content=\"RADIO LJUBU\u0160KI\" \/>\n<meta property=\"article:publisher\" content=\"https:\/\/www.facebook.com\/Radiio-Ljubuski-1490835324566332\" \/>\n<meta property=\"article:published_time\" content=\"2021-09-04T22:28:05+00:00\" \/>\n<meta property=\"article:modified_time\" content=\"2021-09-04T22:28:06+00:00\" \/>\n<meta property=\"og:image\" content=\"https:\/\/radioljubuski.ba\/wp-content\/uploads\/2021\/09\/3-2021-08-16-07-41-09-talibani.jpg\" \/>\n\t<meta property=\"og:image:width\" content=\"1000\" \/>\n\t<meta property=\"og:image:height\" content=\"625\" \/>\n\t<meta property=\"og:image:type\" content=\"image\/jpeg\" \/>\n<meta name=\"author\" content=\"Radio Ljubu\u0161ki\" \/>\n<meta name=\"twitter:card\" content=\"summary_large_image\" \/>\n<meta name=\"twitter:creator\" content=\"@radioljubuski\" \/>\n<meta name=\"twitter:site\" content=\"@radioljubuski\" \/>\n<meta name=\"twitter:label1\" content=\"Napisao\/la\" \/>\n\t<meta name=\"twitter:data1\" content=\"Radio Ljubu\u0161ki\" \/>\n\t<meta name=\"twitter:label2\" content=\"Procijenjeno vrijeme \u010ditanja\" \/>\n\t<meta name=\"twitter:data2\" content=\"3 minute\" \/>\n<script type=\"application\/ld+json\" class=\"yoast-schema-graph\">{\"@context\":\"https:\\\/\\\/schema.org\",\"@graph\":[{\"@type\":\"Article\",\"@id\":\"https:\\\/\\\/radioljubuski.ba\\\/index.php\\\/2021\\\/09\\\/04\\\/saudijska-arabija-okrenula-leda-talibanima-ali-stvara-se-neocekivani-savez\\\/#article\",\"isPartOf\":{\"@id\":\"https:\\\/\\\/radioljubuski.ba\\\/index.php\\\/2021\\\/09\\\/04\\\/saudijska-arabija-okrenula-leda-talibanima-ali-stvara-se-neocekivani-savez\\\/\"},\"author\":{\"name\":\"Radio Ljubu\u0161ki\",\"@id\":\"https:\\\/\\\/radioljubuski.ba\\\/#\\\/schema\\\/person\\\/19fc700381a780f69665d7956c469e3b\"},\"headline\":\"Saudijska Arabija okrenula le\u0111a talibanima, ali stvara se neo\u010dekivani savez\",\"datePublished\":\"2021-09-04T22:28:05+00:00\",\"dateModified\":\"2021-09-04T22:28:06+00:00\",\"mainEntityOfPage\":{\"@id\":\"https:\\\/\\\/radioljubuski.ba\\\/index.php\\\/2021\\\/09\\\/04\\\/saudijska-arabija-okrenula-leda-talibanima-ali-stvara-se-neocekivani-savez\\\/\"},\"wordCount\":697,\"publisher\":{\"@id\":\"https:\\\/\\\/radioljubuski.ba\\\/#organization\"},\"image\":{\"@id\":\"https:\\\/\\\/radioljubuski.ba\\\/index.php\\\/2021\\\/09\\\/04\\\/saudijska-arabija-okrenula-leda-talibanima-ali-stvara-se-neocekivani-savez\\\/#primaryimage\"},\"thumbnailUrl\":\"https:\\\/\\\/radioljubuski.ba\\\/wp-content\\\/uploads\\\/2021\\\/09\\\/3-2021-08-16-07-41-09-talibani.jpg\",\"articleSection\":[\"BIH i regija\"],\"inLanguage\":\"hr\"},{\"@type\":\"WebPage\",\"@id\":\"https:\\\/\\\/radioljubuski.ba\\\/index.php\\\/2021\\\/09\\\/04\\\/saudijska-arabija-okrenula-leda-talibanima-ali-stvara-se-neocekivani-savez\\\/\",\"url\":\"https:\\\/\\\/radioljubuski.ba\\\/index.php\\\/2021\\\/09\\\/04\\\/saudijska-arabija-okrenula-leda-talibanima-ali-stvara-se-neocekivani-savez\\\/\",\"name\":\"Saudijska Arabija okrenula le\u0111a talibanima, ali stvara se neo\u010dekivani savez - RADIO LJUBU\u0160KI\",\"isPartOf\":{\"@id\":\"https:\\\/\\\/radioljubuski.ba\\\/#website\"},\"primaryImageOfPage\":{\"@id\":\"https:\\\/\\\/radioljubuski.ba\\\/index.php\\\/2021\\\/09\\\/04\\\/saudijska-arabija-okrenula-leda-talibanima-ali-stvara-se-neocekivani-savez\\\/#primaryimage\"},\"image\":{\"@id\":\"https:\\\/\\\/radioljubuski.ba\\\/index.php\\\/2021\\\/09\\\/04\\\/saudijska-arabija-okrenula-leda-talibanima-ali-stvara-se-neocekivani-savez\\\/#primaryimage\"},\"thumbnailUrl\":\"https:\\\/\\\/radioljubuski.ba\\\/wp-content\\\/uploads\\\/2021\\\/09\\\/3-2021-08-16-07-41-09-talibani.jpg\",\"datePublished\":\"2021-09-04T22:28:05+00:00\",\"dateModified\":\"2021-09-04T22:28:06+00:00\",\"breadcrumb\":{\"@id\":\"https:\\\/\\\/radioljubuski.ba\\\/index.php\\\/2021\\\/09\\\/04\\\/saudijska-arabija-okrenula-leda-talibanima-ali-stvara-se-neocekivani-savez\\\/#breadcrumb\"},\"inLanguage\":\"hr\",\"potentialAction\":[{\"@type\":\"ReadAction\",\"target\":[\"https:\\\/\\\/radioljubuski.ba\\\/index.php\\\/2021\\\/09\\\/04\\\/saudijska-arabija-okrenula-leda-talibanima-ali-stvara-se-neocekivani-savez\\\/\"]}]},{\"@type\":\"ImageObject\",\"inLanguage\":\"hr\",\"@id\":\"https:\\\/\\\/radioljubuski.ba\\\/index.php\\\/2021\\\/09\\\/04\\\/saudijska-arabija-okrenula-leda-talibanima-ali-stvara-se-neocekivani-savez\\\/#primaryimage\",\"url\":\"https:\\\/\\\/radioljubuski.ba\\\/wp-content\\\/uploads\\\/2021\\\/09\\\/3-2021-08-16-07-41-09-talibani.jpg\",\"contentUrl\":\"https:\\\/\\\/radioljubuski.ba\\\/wp-content\\\/uploads\\\/2021\\\/09\\\/3-2021-08-16-07-41-09-talibani.jpg\",\"width\":1000,\"height\":625},{\"@type\":\"BreadcrumbList\",\"@id\":\"https:\\\/\\\/radioljubuski.ba\\\/index.php\\\/2021\\\/09\\\/04\\\/saudijska-arabija-okrenula-leda-talibanima-ali-stvara-se-neocekivani-savez\\\/#breadcrumb\",\"itemListElement\":[{\"@type\":\"ListItem\",\"position\":1,\"name\":\"Po\u010detna stranica\",\"item\":\"https:\\\/\\\/radioljubuski.ba\\\/\"},{\"@type\":\"ListItem\",\"position\":2,\"name\":\"Saudijska Arabija okrenula le\u0111a talibanima, ali stvara se neo\u010dekivani savez\"}]},{\"@type\":\"WebSite\",\"@id\":\"https:\\\/\\\/radioljubuski.ba\\\/#website\",\"url\":\"https:\\\/\\\/radioljubuski.ba\\\/\",\"name\":\"Radio Ljubu\u0161ki\",\"description\":\"Sun\u010dana frekvencija Hercegovine\",\"publisher\":{\"@id\":\"https:\\\/\\\/radioljubuski.ba\\\/#organization\"},\"potentialAction\":[{\"@type\":\"SearchAction\",\"target\":{\"@type\":\"EntryPoint\",\"urlTemplate\":\"https:\\\/\\\/radioljubuski.ba\\\/?s={search_term_string}\"},\"query-input\":{\"@type\":\"PropertyValueSpecification\",\"valueRequired\":true,\"valueName\":\"search_term_string\"}}],\"inLanguage\":\"hr\"},{\"@type\":\"Organization\",\"@id\":\"https:\\\/\\\/radioljubuski.ba\\\/#organization\",\"name\":\"Radio Ljubu\u0161ki\",\"url\":\"https:\\\/\\\/radioljubuski.ba\\\/\",\"logo\":{\"@type\":\"ImageObject\",\"inLanguage\":\"hr\",\"@id\":\"https:\\\/\\\/radioljubuski.ba\\\/#\\\/schema\\\/logo\\\/image\\\/\",\"url\":\"https:\\\/\\\/radioljubuski.ba\\\/wp-content\\\/uploads\\\/2021\\\/02\\\/cropped-Radio_Ljubuski_logo1.jpg\",\"contentUrl\":\"https:\\\/\\\/radioljubuski.ba\\\/wp-content\\\/uploads\\\/2021\\\/02\\\/cropped-Radio_Ljubuski_logo1.jpg\",\"width\":512,\"height\":512,\"caption\":\"Radio Ljubu\u0161ki\"},\"image\":{\"@id\":\"https:\\\/\\\/radioljubuski.ba\\\/#\\\/schema\\\/logo\\\/image\\\/\"},\"sameAs\":[\"https:\\\/\\\/www.facebook.com\\\/Radiio-Ljubuski-1490835324566332\",\"https:\\\/\\\/x.com\\\/radioljubuski\",\"https:\\\/\\\/hr.linkedin.com\\\/company\\\/radio-ljubuski\",\"https:\\\/\\\/www.youtube.com\\\/channel\\\/UCHYaeO_n0Db3tjNGudGpXyw\"]},{\"@type\":\"Person\",\"@id\":\"https:\\\/\\\/radioljubuski.ba\\\/#\\\/schema\\\/person\\\/19fc700381a780f69665d7956c469e3b\",\"name\":\"Radio Ljubu\u0161ki\"}]}<\/script>\n<!-- \/ Yoast SEO plugin. -->","yoast_head_json":{"title":"Saudijska Arabija okrenula le\u0111a talibanima, ali stvara se neo\u010dekivani savez - RADIO LJUBU\u0160KI","robots":{"index":"index","follow":"follow","max-snippet":"max-snippet:-1","max-image-preview":"max-image-preview:large","max-video-preview":"max-video-preview:-1"},"canonical":"https:\/\/radioljubuski.ba\/index.php\/2021\/09\/04\/saudijska-arabija-okrenula-leda-talibanima-ali-stvara-se-neocekivani-savez\/","og_locale":"hr_HR","og_type":"article","og_title":"Saudijska Arabija okrenula le\u0111a talibanima, ali stvara se neo\u010dekivani savez - RADIO LJUBU\u0160KI","og_description":"Prekretnica u odnosu dva re\u017eima bili su teroristi\u010dki napadi na Blizance 11. rujna 2001. godine Kada su talibani vladali Afganistanom izme\u0111u 1996. i 2001. godine, Saudijska Arabija je bila jedna od samo tri dr\u017eave koje su priznale njihovu vladu. Osim nje to su u\u010dinili jo\u0161 samo Pakistan i Ujedinjeni Arapski Emirati. Me\u0111utim, kako pi\u0161e Deutsche [&hellip;]","og_url":"https:\/\/radioljubuski.ba\/index.php\/2021\/09\/04\/saudijska-arabija-okrenula-leda-talibanima-ali-stvara-se-neocekivani-savez\/","og_site_name":"RADIO LJUBU\u0160KI","article_publisher":"https:\/\/www.facebook.com\/Radiio-Ljubuski-1490835324566332","article_published_time":"2021-09-04T22:28:05+00:00","article_modified_time":"2021-09-04T22:28:06+00:00","og_image":[{"width":1000,"height":625,"url":"https:\/\/radioljubuski.ba\/wp-content\/uploads\/2021\/09\/3-2021-08-16-07-41-09-talibani.jpg","type":"image\/jpeg"}],"author":"Radio Ljubu\u0161ki","twitter_card":"summary_large_image","twitter_creator":"@radioljubuski","twitter_site":"@radioljubuski","twitter_misc":{"Napisao\/la":"Radio Ljubu\u0161ki","Procijenjeno vrijeme \u010ditanja":"3 minute"},"schema":{"@context":"https:\/\/schema.org","@graph":[{"@type":"Article","@id":"https:\/\/radioljubuski.ba\/index.php\/2021\/09\/04\/saudijska-arabija-okrenula-leda-talibanima-ali-stvara-se-neocekivani-savez\/#article","isPartOf":{"@id":"https:\/\/radioljubuski.ba\/index.php\/2021\/09\/04\/saudijska-arabija-okrenula-leda-talibanima-ali-stvara-se-neocekivani-savez\/"},"author":{"name":"Radio Ljubu\u0161ki","@id":"https:\/\/radioljubuski.ba\/#\/schema\/person\/19fc700381a780f69665d7956c469e3b"},"headline":"Saudijska Arabija okrenula le\u0111a talibanima, ali stvara se neo\u010dekivani savez","datePublished":"2021-09-04T22:28:05+00:00","dateModified":"2021-09-04T22:28:06+00:00","mainEntityOfPage":{"@id":"https:\/\/radioljubuski.ba\/index.php\/2021\/09\/04\/saudijska-arabija-okrenula-leda-talibanima-ali-stvara-se-neocekivani-savez\/"},"wordCount":697,"publisher":{"@id":"https:\/\/radioljubuski.ba\/#organization"},"image":{"@id":"https:\/\/radioljubuski.ba\/index.php\/2021\/09\/04\/saudijska-arabija-okrenula-leda-talibanima-ali-stvara-se-neocekivani-savez\/#primaryimage"},"thumbnailUrl":"https:\/\/radioljubuski.ba\/wp-content\/uploads\/2021\/09\/3-2021-08-16-07-41-09-talibani.jpg","articleSection":["BIH i regija"],"inLanguage":"hr"},{"@type":"WebPage","@id":"https:\/\/radioljubuski.ba\/index.php\/2021\/09\/04\/saudijska-arabija-okrenula-leda-talibanima-ali-stvara-se-neocekivani-savez\/","url":"https:\/\/radioljubuski.ba\/index.php\/2021\/09\/04\/saudijska-arabija-okrenula-leda-talibanima-ali-stvara-se-neocekivani-savez\/","name":"Saudijska Arabija okrenula le\u0111a talibanima, ali stvara se neo\u010dekivani savez - RADIO LJUBU\u0160KI","isPartOf":{"@id":"https:\/\/radioljubuski.ba\/#website"},"primaryImageOfPage":{"@id":"https:\/\/radioljubuski.ba\/index.php\/2021\/09\/04\/saudijska-arabija-okrenula-leda-talibanima-ali-stvara-se-neocekivani-savez\/#primaryimage"},"image":{"@id":"https:\/\/radioljubuski.ba\/index.php\/2021\/09\/04\/saudijska-arabija-okrenula-leda-talibanima-ali-stvara-se-neocekivani-savez\/#primaryimage"},"thumbnailUrl":"https:\/\/radioljubuski.ba\/wp-content\/uploads\/2021\/09\/3-2021-08-16-07-41-09-talibani.jpg","datePublished":"2021-09-04T22:28:05+00:00","dateModified":"2021-09-04T22:28:06+00:00","breadcrumb":{"@id":"https:\/\/radioljubuski.ba\/index.php\/2021\/09\/04\/saudijska-arabija-okrenula-leda-talibanima-ali-stvara-se-neocekivani-savez\/#breadcrumb"},"inLanguage":"hr","potentialAction":[{"@type":"ReadAction","target":["https:\/\/radioljubuski.ba\/index.php\/2021\/09\/04\/saudijska-arabija-okrenula-leda-talibanima-ali-stvara-se-neocekivani-savez\/"]}]},{"@type":"ImageObject","inLanguage":"hr","@id":"https:\/\/radioljubuski.ba\/index.php\/2021\/09\/04\/saudijska-arabija-okrenula-leda-talibanima-ali-stvara-se-neocekivani-savez\/#primaryimage","url":"https:\/\/radioljubuski.ba\/wp-content\/uploads\/2021\/09\/3-2021-08-16-07-41-09-talibani.jpg","contentUrl":"https:\/\/radioljubuski.ba\/wp-content\/uploads\/2021\/09\/3-2021-08-16-07-41-09-talibani.jpg","width":1000,"height":625},{"@type":"BreadcrumbList","@id":"https:\/\/radioljubuski.ba\/index.php\/2021\/09\/04\/saudijska-arabija-okrenula-leda-talibanima-ali-stvara-se-neocekivani-savez\/#breadcrumb","itemListElement":[{"@type":"ListItem","position":1,"name":"Po\u010detna stranica","item":"https:\/\/radioljubuski.ba\/"},{"@type":"ListItem","position":2,"name":"Saudijska Arabija okrenula le\u0111a talibanima, ali stvara se neo\u010dekivani savez"}]},{"@type":"WebSite","@id":"https:\/\/radioljubuski.ba\/#website","url":"https:\/\/radioljubuski.ba\/","name":"Radio Ljubu\u0161ki","description":"Sun\u010dana frekvencija Hercegovine","publisher":{"@id":"https:\/\/radioljubuski.ba\/#organization"},"potentialAction":[{"@type":"SearchAction","target":{"@type":"EntryPoint","urlTemplate":"https:\/\/radioljubuski.ba\/?s={search_term_string}"},"query-input":{"@type":"PropertyValueSpecification","valueRequired":true,"valueName":"search_term_string"}}],"inLanguage":"hr"},{"@type":"Organization","@id":"https:\/\/radioljubuski.ba\/#organization","name":"Radio Ljubu\u0161ki","url":"https:\/\/radioljubuski.ba\/","logo":{"@type":"ImageObject","inLanguage":"hr","@id":"https:\/\/radioljubuski.ba\/#\/schema\/logo\/image\/","url":"https:\/\/radioljubuski.ba\/wp-content\/uploads\/2021\/02\/cropped-Radio_Ljubuski_logo1.jpg","contentUrl":"https:\/\/radioljubuski.ba\/wp-content\/uploads\/2021\/02\/cropped-Radio_Ljubuski_logo1.jpg","width":512,"height":512,"caption":"Radio Ljubu\u0161ki"},"image":{"@id":"https:\/\/radioljubuski.ba\/#\/schema\/logo\/image\/"},"sameAs":["https:\/\/www.facebook.com\/Radiio-Ljubuski-1490835324566332","https:\/\/x.com\/radioljubuski","https:\/\/hr.linkedin.com\/company\/radio-ljubuski","https:\/\/www.youtube.com\/channel\/UCHYaeO_n0Db3tjNGudGpXyw"]},{"@type":"Person","@id":"https:\/\/radioljubuski.ba\/#\/schema\/person\/19fc700381a780f69665d7956c469e3b","name":"Radio Ljubu\u0161ki"}]}},"_links":{"self":[{"href":"https:\/\/radioljubuski.ba\/index.php\/wp-json\/wp\/v2\/posts\/61330","targetHints":{"allow":["GET"]}}],"collection":[{"href":"https:\/\/radioljubuski.ba\/index.php\/wp-json\/wp\/v2\/posts"}],"about":[{"href":"https:\/\/radioljubuski.ba\/index.php\/wp-json\/wp\/v2\/types\/post"}],"author":[{"embeddable":true,"href":"https:\/\/radioljubuski.ba\/index.php\/wp-json\/wp\/v2\/users\/2"}],"replies":[{"embeddable":true,"href":"https:\/\/radioljubuski.ba\/index.php\/wp-json\/wp\/v2\/comments?post=61330"}],"version-history":[{"count":1,"href":"https:\/\/radioljubuski.ba\/index.php\/wp-json\/wp\/v2\/posts\/61330\/revisions"}],"predecessor-version":[{"id":61332,"href":"https:\/\/radioljubuski.ba\/index.php\/wp-json\/wp\/v2\/posts\/61330\/revisions\/61332"}],"wp:featuredmedia":[{"embeddable":true,"href":"https:\/\/radioljubuski.ba\/index.php\/wp-json\/wp\/v2\/media\/61331"}],"wp:attachment":[{"href":"https:\/\/radioljubuski.ba\/index.php\/wp-json\/wp\/v2\/media?parent=61330"}],"wp:term":[{"taxonomy":"category","embeddable":true,"href":"https:\/\/radioljubuski.ba\/index.php\/wp-json\/wp\/v2\/categories?post=61330"},{"taxonomy":"post_tag","embeddable":true,"href":"https:\/\/radioljubuski.ba\/index.php\/wp-json\/wp\/v2\/tags?post=61330"}],"curies":[{"name":"wp","href":"https:\/\/api.w.org\/{rel}","templated":true}]}}