{"id":61338,"date":"2021-09-04T23:50:57","date_gmt":"2021-09-04T22:50:57","guid":{"rendered":"https:\/\/radioljubuski.ba\/?p=61338"},"modified":"2021-09-04T23:50:58","modified_gmt":"2021-09-04T22:50:58","slug":"vukanovic-stvarno-nije-lako-biti-srbin-na-cetinju-to-su-gradani-drugog-reda","status":"publish","type":"post","link":"https:\/\/radioljubuski.ba\/index.php\/2021\/09\/04\/vukanovic-stvarno-nije-lako-biti-srbin-na-cetinju-to-su-gradani-drugog-reda\/","title":{"rendered":"Vukanovi\u0107: \u201cStvarno nije lako biti Srbin na Cetinju, to su gra\u0111ani drugog reda\u201d"},"content":{"rendered":"\n<p><strong>Neboj\u0161a Vukanovi\u0107, zastupnik u Narodnoj skup\u0161tini Republike Srpske objavio je video na svom kanalu na Youtube, gdje tvrdi da su ga na Cetinju napali crnogorski \u201cKomiti\u201d.<\/strong><\/p>\n\n\n\n<iframe loading=\"lazy\" title=\"Posle napada i batina na Cetinju i saslu\u0161anja u policiji\" width=\"640\" height=\"360\" src=\"https:\/\/www.youtube.com\/embed\/uMnRGsNLx-4?feature=oembed\" frameborder=\"0\" allow=\"accelerometer; autoplay; clipboard-write; encrypted-media; gyroscope; picture-in-picture; web-share\" referrerpolicy=\"strict-origin-when-cross-origin\" allowfullscreen><\/iframe>\n\n\n\n<p>\u201cDanas ne\u0161to poslije 17 sati, dok sam \u0161etao Cetinjem, prepoznala me je grupa radikalnih crnogorskih ekstremista, tzv. komita, te povikali \u201eevo ovog Srbina\u201c i pitali \u201e\u0161to tra\u017ei\u0161 ovdje Vukanovi\u0107u, mar\u0161 u Trebinje Srbine, gdje ti je Dra\u0161ko Stanivukovi\u0107, gdje ti je Dodik\u201c, te me uz psovke na nacionalnoj osnovi po\u010deli udarati pesnicama, koljenima i nogama\u201d, ispri\u010dao je Vukanovi\u0107.<\/p>\n\n\n\n<p>Sre\u0107om, dodao je, blizu je bila policija, pa je uspio udarce izdr\u017eati na nogama.<\/p>\n\n\n\n<p>\u201cNisam pao na pod, pa me nisu \u0161utirali, ali su mi oduzeli oba telefona kako bi provjerili \u0161to sam snimao. Uporno su psovali, te vrije\u0111ali na nacionalnoj osnovi, ali me policija uspjela uvu\u0107i u policijsko auto, nakon \u010dega sam oti\u0161ao u policijsku stanicu da dam izjavu nakon \u0161to su shvatili da se radi o narodnom zastupniku iz Republike Srpske\u201d, naveo je Vukanovi\u0107.<\/p>\n\n\n\n<p>U videozapisu je rekao i da je o\u010dito bio kolateralna \u0161teta ove napetosti.<\/p>\n\n\n\n<p>\u201cStvarno nije lako biti Srbin na Cetinju, to su gra\u0111ani drugog reda\u201d, rekao je Vukanovi\u0107.<\/p>\n\n\n\n<p>\/HMS\/<\/p>\n","protected":false},"excerpt":{"rendered":"<p>Neboj\u0161a Vukanovi\u0107, zastupnik u Narodnoj skup\u0161tini Republike Srpske objavio je video na svom kanalu na Youtube, gdje tvrdi da su ga na Cetinju napali crnogorski \u201cKomiti\u201d. \u201cDanas ne\u0161to poslije 17 sati, dok sam \u0161etao Cetinjem, prepoznala me je grupa radikalnih crnogorskih ekstremista, tzv. komita, te povikali \u201eevo ovog Srbina\u201c i pitali \u201e\u0161to tra\u017ei\u0161 ovdje Vukanovi\u0107u, [&hellip;]<\/p>\n","protected":false},"author":2,"featured_media":61339,"comment_status":"closed","ping_status":"closed","sticky":false,"template":"","format":"standard","meta":{"h5ap_radio_sources":[],"footnotes":""},"categories":[1],"tags":[],"class_list":["post-61338","post","type-post","status-publish","format-standard","has-post-thumbnail","hentry","category-bihiregija"],"yoast_head":"<!-- This site is optimized with the Yoast SEO plugin v27.5 - https:\/\/yoast.com\/product\/yoast-seo-wordpress\/ -->\n<title>Vukanovi\u0107: \u201cStvarno nije lako biti Srbin na Cetinju, to su gra\u0111ani drugog reda\u201d - RADIO LJUBU\u0160KI<\/title>\n<meta name=\"robots\" content=\"index, follow, max-snippet:-1, max-image-preview:large, max-video-preview:-1\" \/>\n<link rel=\"canonical\" href=\"https:\/\/radioljubuski.ba\/index.php\/2021\/09\/04\/vukanovic-stvarno-nije-lako-biti-srbin-na-cetinju-to-su-gradani-drugog-reda\/\" \/>\n<meta property=\"og:locale\" content=\"hr_HR\" \/>\n<meta property=\"og:type\" content=\"article\" \/>\n<meta property=\"og:title\" content=\"Vukanovi\u0107: \u201cStvarno nije lako biti Srbin na Cetinju, to su gra\u0111ani drugog reda\u201d - RADIO LJUBU\u0160KI\" \/>\n<meta property=\"og:description\" content=\"Neboj\u0161a Vukanovi\u0107, zastupnik u Narodnoj skup\u0161tini Republike Srpske objavio je video na svom kanalu na Youtube, gdje tvrdi da su ga na Cetinju napali crnogorski \u201cKomiti\u201d. \u201cDanas ne\u0161to poslije 17 sati, dok sam \u0161etao Cetinjem, prepoznala me je grupa radikalnih crnogorskih ekstremista, tzv. komita, te povikali \u201eevo ovog Srbina\u201c i pitali \u201e\u0161to tra\u017ei\u0161 ovdje Vukanovi\u0107u, [&hellip;]\" \/>\n<meta property=\"og:url\" content=\"https:\/\/radioljubuski.ba\/index.php\/2021\/09\/04\/vukanovic-stvarno-nije-lako-biti-srbin-na-cetinju-to-su-gradani-drugog-reda\/\" \/>\n<meta property=\"og:site_name\" content=\"RADIO LJUBU\u0160KI\" \/>\n<meta property=\"article:publisher\" content=\"https:\/\/www.facebook.com\/Radiio-Ljubuski-1490835324566332\" \/>\n<meta property=\"article:published_time\" content=\"2021-09-04T22:50:57+00:00\" \/>\n<meta property=\"article:modified_time\" content=\"2021-09-04T22:50:58+00:00\" \/>\n<meta property=\"og:image\" content=\"https:\/\/radioljubuski.ba\/wp-content\/uploads\/2021\/09\/Nebojsa-Vukanovic-Cetinje-Foto-Nebojsa-Vukanovic-YouTube-Screenshot-427x285-1.jpg\" \/>\n\t<meta property=\"og:image:width\" content=\"427\" \/>\n\t<meta property=\"og:image:height\" content=\"285\" \/>\n\t<meta property=\"og:image:type\" content=\"image\/jpeg\" \/>\n<meta name=\"author\" content=\"Radio Ljubu\u0161ki\" \/>\n<meta name=\"twitter:card\" content=\"summary_large_image\" \/>\n<meta name=\"twitter:creator\" content=\"@radioljubuski\" \/>\n<meta name=\"twitter:site\" content=\"@radioljubuski\" \/>\n<meta name=\"twitter:label1\" content=\"Napisao\/la\" \/>\n\t<meta name=\"twitter:data1\" content=\"Radio Ljubu\u0161ki\" \/>\n\t<meta name=\"twitter:label2\" content=\"Procijenjeno vrijeme \u010ditanja\" \/>\n\t<meta name=\"twitter:data2\" content=\"1 minuta\" \/>\n<script type=\"application\/ld+json\" class=\"yoast-schema-graph\">{\"@context\":\"https:\\\/\\\/schema.org\",\"@graph\":[{\"@type\":\"Article\",\"@id\":\"https:\\\/\\\/radioljubuski.ba\\\/index.php\\\/2021\\\/09\\\/04\\\/vukanovic-stvarno-nije-lako-biti-srbin-na-cetinju-to-su-gradani-drugog-reda\\\/#article\",\"isPartOf\":{\"@id\":\"https:\\\/\\\/radioljubuski.ba\\\/index.php\\\/2021\\\/09\\\/04\\\/vukanovic-stvarno-nije-lako-biti-srbin-na-cetinju-to-su-gradani-drugog-reda\\\/\"},\"author\":{\"name\":\"Radio Ljubu\u0161ki\",\"@id\":\"https:\\\/\\\/radioljubuski.ba\\\/#\\\/schema\\\/person\\\/19fc700381a780f69665d7956c469e3b\"},\"headline\":\"Vukanovi\u0107: \u201cStvarno nije lako biti Srbin na Cetinju, to su gra\u0111ani drugog reda\u201d\",\"datePublished\":\"2021-09-04T22:50:57+00:00\",\"dateModified\":\"2021-09-04T22:50:58+00:00\",\"mainEntityOfPage\":{\"@id\":\"https:\\\/\\\/radioljubuski.ba\\\/index.php\\\/2021\\\/09\\\/04\\\/vukanovic-stvarno-nije-lako-biti-srbin-na-cetinju-to-su-gradani-drugog-reda\\\/\"},\"wordCount\":224,\"publisher\":{\"@id\":\"https:\\\/\\\/radioljubuski.ba\\\/#organization\"},\"image\":{\"@id\":\"https:\\\/\\\/radioljubuski.ba\\\/index.php\\\/2021\\\/09\\\/04\\\/vukanovic-stvarno-nije-lako-biti-srbin-na-cetinju-to-su-gradani-drugog-reda\\\/#primaryimage\"},\"thumbnailUrl\":\"https:\\\/\\\/radioljubuski.ba\\\/wp-content\\\/uploads\\\/2021\\\/09\\\/Nebojsa-Vukanovic-Cetinje-Foto-Nebojsa-Vukanovic-YouTube-Screenshot-427x285-1.jpg\",\"articleSection\":[\"BIH i regija\"],\"inLanguage\":\"hr\"},{\"@type\":\"WebPage\",\"@id\":\"https:\\\/\\\/radioljubuski.ba\\\/index.php\\\/2021\\\/09\\\/04\\\/vukanovic-stvarno-nije-lako-biti-srbin-na-cetinju-to-su-gradani-drugog-reda\\\/\",\"url\":\"https:\\\/\\\/radioljubuski.ba\\\/index.php\\\/2021\\\/09\\\/04\\\/vukanovic-stvarno-nije-lako-biti-srbin-na-cetinju-to-su-gradani-drugog-reda\\\/\",\"name\":\"Vukanovi\u0107: \u201cStvarno nije lako biti Srbin na Cetinju, to su gra\u0111ani drugog reda\u201d - RADIO LJUBU\u0160KI\",\"isPartOf\":{\"@id\":\"https:\\\/\\\/radioljubuski.ba\\\/#website\"},\"primaryImageOfPage\":{\"@id\":\"https:\\\/\\\/radioljubuski.ba\\\/index.php\\\/2021\\\/09\\\/04\\\/vukanovic-stvarno-nije-lako-biti-srbin-na-cetinju-to-su-gradani-drugog-reda\\\/#primaryimage\"},\"image\":{\"@id\":\"https:\\\/\\\/radioljubuski.ba\\\/index.php\\\/2021\\\/09\\\/04\\\/vukanovic-stvarno-nije-lako-biti-srbin-na-cetinju-to-su-gradani-drugog-reda\\\/#primaryimage\"},\"thumbnailUrl\":\"https:\\\/\\\/radioljubuski.ba\\\/wp-content\\\/uploads\\\/2021\\\/09\\\/Nebojsa-Vukanovic-Cetinje-Foto-Nebojsa-Vukanovic-YouTube-Screenshot-427x285-1.jpg\",\"datePublished\":\"2021-09-04T22:50:57+00:00\",\"dateModified\":\"2021-09-04T22:50:58+00:00\",\"breadcrumb\":{\"@id\":\"https:\\\/\\\/radioljubuski.ba\\\/index.php\\\/2021\\\/09\\\/04\\\/vukanovic-stvarno-nije-lako-biti-srbin-na-cetinju-to-su-gradani-drugog-reda\\\/#breadcrumb\"},\"inLanguage\":\"hr\",\"potentialAction\":[{\"@type\":\"ReadAction\",\"target\":[\"https:\\\/\\\/radioljubuski.ba\\\/index.php\\\/2021\\\/09\\\/04\\\/vukanovic-stvarno-nije-lako-biti-srbin-na-cetinju-to-su-gradani-drugog-reda\\\/\"]}]},{\"@type\":\"ImageObject\",\"inLanguage\":\"hr\",\"@id\":\"https:\\\/\\\/radioljubuski.ba\\\/index.php\\\/2021\\\/09\\\/04\\\/vukanovic-stvarno-nije-lako-biti-srbin-na-cetinju-to-su-gradani-drugog-reda\\\/#primaryimage\",\"url\":\"https:\\\/\\\/radioljubuski.ba\\\/wp-content\\\/uploads\\\/2021\\\/09\\\/Nebojsa-Vukanovic-Cetinje-Foto-Nebojsa-Vukanovic-YouTube-Screenshot-427x285-1.jpg\",\"contentUrl\":\"https:\\\/\\\/radioljubuski.ba\\\/wp-content\\\/uploads\\\/2021\\\/09\\\/Nebojsa-Vukanovic-Cetinje-Foto-Nebojsa-Vukanovic-YouTube-Screenshot-427x285-1.jpg\",\"width\":427,\"height\":285},{\"@type\":\"BreadcrumbList\",\"@id\":\"https:\\\/\\\/radioljubuski.ba\\\/index.php\\\/2021\\\/09\\\/04\\\/vukanovic-stvarno-nije-lako-biti-srbin-na-cetinju-to-su-gradani-drugog-reda\\\/#breadcrumb\",\"itemListElement\":[{\"@type\":\"ListItem\",\"position\":1,\"name\":\"Po\u010detna stranica\",\"item\":\"https:\\\/\\\/radioljubuski.ba\\\/\"},{\"@type\":\"ListItem\",\"position\":2,\"name\":\"Vukanovi\u0107: \u201cStvarno nije lako biti Srbin na Cetinju, to su gra\u0111ani drugog reda\u201d\"}]},{\"@type\":\"WebSite\",\"@id\":\"https:\\\/\\\/radioljubuski.ba\\\/#website\",\"url\":\"https:\\\/\\\/radioljubuski.ba\\\/\",\"name\":\"Radio Ljubu\u0161ki\",\"description\":\"Sun\u010dana frekvencija Hercegovine\",\"publisher\":{\"@id\":\"https:\\\/\\\/radioljubuski.ba\\\/#organization\"},\"potentialAction\":[{\"@type\":\"SearchAction\",\"target\":{\"@type\":\"EntryPoint\",\"urlTemplate\":\"https:\\\/\\\/radioljubuski.ba\\\/?s={search_term_string}\"},\"query-input\":{\"@type\":\"PropertyValueSpecification\",\"valueRequired\":true,\"valueName\":\"search_term_string\"}}],\"inLanguage\":\"hr\"},{\"@type\":\"Organization\",\"@id\":\"https:\\\/\\\/radioljubuski.ba\\\/#organization\",\"name\":\"Radio Ljubu\u0161ki\",\"url\":\"https:\\\/\\\/radioljubuski.ba\\\/\",\"logo\":{\"@type\":\"ImageObject\",\"inLanguage\":\"hr\",\"@id\":\"https:\\\/\\\/radioljubuski.ba\\\/#\\\/schema\\\/logo\\\/image\\\/\",\"url\":\"https:\\\/\\\/radioljubuski.ba\\\/wp-content\\\/uploads\\\/2021\\\/02\\\/cropped-Radio_Ljubuski_logo1.jpg\",\"contentUrl\":\"https:\\\/\\\/radioljubuski.ba\\\/wp-content\\\/uploads\\\/2021\\\/02\\\/cropped-Radio_Ljubuski_logo1.jpg\",\"width\":512,\"height\":512,\"caption\":\"Radio Ljubu\u0161ki\"},\"image\":{\"@id\":\"https:\\\/\\\/radioljubuski.ba\\\/#\\\/schema\\\/logo\\\/image\\\/\"},\"sameAs\":[\"https:\\\/\\\/www.facebook.com\\\/Radiio-Ljubuski-1490835324566332\",\"https:\\\/\\\/x.com\\\/radioljubuski\",\"https:\\\/\\\/hr.linkedin.com\\\/company\\\/radio-ljubuski\",\"https:\\\/\\\/www.youtube.com\\\/channel\\\/UCHYaeO_n0Db3tjNGudGpXyw\"]},{\"@type\":\"Person\",\"@id\":\"https:\\\/\\\/radioljubuski.ba\\\/#\\\/schema\\\/person\\\/19fc700381a780f69665d7956c469e3b\",\"name\":\"Radio Ljubu\u0161ki\"}]}<\/script>\n<!-- \/ Yoast SEO plugin. -->","yoast_head_json":{"title":"Vukanovi\u0107: \u201cStvarno nije lako biti Srbin na Cetinju, to su gra\u0111ani drugog reda\u201d - RADIO LJUBU\u0160KI","robots":{"index":"index","follow":"follow","max-snippet":"max-snippet:-1","max-image-preview":"max-image-preview:large","max-video-preview":"max-video-preview:-1"},"canonical":"https:\/\/radioljubuski.ba\/index.php\/2021\/09\/04\/vukanovic-stvarno-nije-lako-biti-srbin-na-cetinju-to-su-gradani-drugog-reda\/","og_locale":"hr_HR","og_type":"article","og_title":"Vukanovi\u0107: \u201cStvarno nije lako biti Srbin na Cetinju, to su gra\u0111ani drugog reda\u201d - RADIO LJUBU\u0160KI","og_description":"Neboj\u0161a Vukanovi\u0107, zastupnik u Narodnoj skup\u0161tini Republike Srpske objavio je video na svom kanalu na Youtube, gdje tvrdi da su ga na Cetinju napali crnogorski \u201cKomiti\u201d. \u201cDanas ne\u0161to poslije 17 sati, dok sam \u0161etao Cetinjem, prepoznala me je grupa radikalnih crnogorskih ekstremista, tzv. komita, te povikali \u201eevo ovog Srbina\u201c i pitali \u201e\u0161to tra\u017ei\u0161 ovdje Vukanovi\u0107u, [&hellip;]","og_url":"https:\/\/radioljubuski.ba\/index.php\/2021\/09\/04\/vukanovic-stvarno-nije-lako-biti-srbin-na-cetinju-to-su-gradani-drugog-reda\/","og_site_name":"RADIO LJUBU\u0160KI","article_publisher":"https:\/\/www.facebook.com\/Radiio-Ljubuski-1490835324566332","article_published_time":"2021-09-04T22:50:57+00:00","article_modified_time":"2021-09-04T22:50:58+00:00","og_image":[{"width":427,"height":285,"url":"https:\/\/radioljubuski.ba\/wp-content\/uploads\/2021\/09\/Nebojsa-Vukanovic-Cetinje-Foto-Nebojsa-Vukanovic-YouTube-Screenshot-427x285-1.jpg","type":"image\/jpeg"}],"author":"Radio Ljubu\u0161ki","twitter_card":"summary_large_image","twitter_creator":"@radioljubuski","twitter_site":"@radioljubuski","twitter_misc":{"Napisao\/la":"Radio Ljubu\u0161ki","Procijenjeno vrijeme \u010ditanja":"1 minuta"},"schema":{"@context":"https:\/\/schema.org","@graph":[{"@type":"Article","@id":"https:\/\/radioljubuski.ba\/index.php\/2021\/09\/04\/vukanovic-stvarno-nije-lako-biti-srbin-na-cetinju-to-su-gradani-drugog-reda\/#article","isPartOf":{"@id":"https:\/\/radioljubuski.ba\/index.php\/2021\/09\/04\/vukanovic-stvarno-nije-lako-biti-srbin-na-cetinju-to-su-gradani-drugog-reda\/"},"author":{"name":"Radio Ljubu\u0161ki","@id":"https:\/\/radioljubuski.ba\/#\/schema\/person\/19fc700381a780f69665d7956c469e3b"},"headline":"Vukanovi\u0107: \u201cStvarno nije lako biti Srbin na Cetinju, to su gra\u0111ani drugog reda\u201d","datePublished":"2021-09-04T22:50:57+00:00","dateModified":"2021-09-04T22:50:58+00:00","mainEntityOfPage":{"@id":"https:\/\/radioljubuski.ba\/index.php\/2021\/09\/04\/vukanovic-stvarno-nije-lako-biti-srbin-na-cetinju-to-su-gradani-drugog-reda\/"},"wordCount":224,"publisher":{"@id":"https:\/\/radioljubuski.ba\/#organization"},"image":{"@id":"https:\/\/radioljubuski.ba\/index.php\/2021\/09\/04\/vukanovic-stvarno-nije-lako-biti-srbin-na-cetinju-to-su-gradani-drugog-reda\/#primaryimage"},"thumbnailUrl":"https:\/\/radioljubuski.ba\/wp-content\/uploads\/2021\/09\/Nebojsa-Vukanovic-Cetinje-Foto-Nebojsa-Vukanovic-YouTube-Screenshot-427x285-1.jpg","articleSection":["BIH i regija"],"inLanguage":"hr"},{"@type":"WebPage","@id":"https:\/\/radioljubuski.ba\/index.php\/2021\/09\/04\/vukanovic-stvarno-nije-lako-biti-srbin-na-cetinju-to-su-gradani-drugog-reda\/","url":"https:\/\/radioljubuski.ba\/index.php\/2021\/09\/04\/vukanovic-stvarno-nije-lako-biti-srbin-na-cetinju-to-su-gradani-drugog-reda\/","name":"Vukanovi\u0107: \u201cStvarno nije lako biti Srbin na Cetinju, to su gra\u0111ani drugog reda\u201d - RADIO LJUBU\u0160KI","isPartOf":{"@id":"https:\/\/radioljubuski.ba\/#website"},"primaryImageOfPage":{"@id":"https:\/\/radioljubuski.ba\/index.php\/2021\/09\/04\/vukanovic-stvarno-nije-lako-biti-srbin-na-cetinju-to-su-gradani-drugog-reda\/#primaryimage"},"image":{"@id":"https:\/\/radioljubuski.ba\/index.php\/2021\/09\/04\/vukanovic-stvarno-nije-lako-biti-srbin-na-cetinju-to-su-gradani-drugog-reda\/#primaryimage"},"thumbnailUrl":"https:\/\/radioljubuski.ba\/wp-content\/uploads\/2021\/09\/Nebojsa-Vukanovic-Cetinje-Foto-Nebojsa-Vukanovic-YouTube-Screenshot-427x285-1.jpg","datePublished":"2021-09-04T22:50:57+00:00","dateModified":"2021-09-04T22:50:58+00:00","breadcrumb":{"@id":"https:\/\/radioljubuski.ba\/index.php\/2021\/09\/04\/vukanovic-stvarno-nije-lako-biti-srbin-na-cetinju-to-su-gradani-drugog-reda\/#breadcrumb"},"inLanguage":"hr","potentialAction":[{"@type":"ReadAction","target":["https:\/\/radioljubuski.ba\/index.php\/2021\/09\/04\/vukanovic-stvarno-nije-lako-biti-srbin-na-cetinju-to-su-gradani-drugog-reda\/"]}]},{"@type":"ImageObject","inLanguage":"hr","@id":"https:\/\/radioljubuski.ba\/index.php\/2021\/09\/04\/vukanovic-stvarno-nije-lako-biti-srbin-na-cetinju-to-su-gradani-drugog-reda\/#primaryimage","url":"https:\/\/radioljubuski.ba\/wp-content\/uploads\/2021\/09\/Nebojsa-Vukanovic-Cetinje-Foto-Nebojsa-Vukanovic-YouTube-Screenshot-427x285-1.jpg","contentUrl":"https:\/\/radioljubuski.ba\/wp-content\/uploads\/2021\/09\/Nebojsa-Vukanovic-Cetinje-Foto-Nebojsa-Vukanovic-YouTube-Screenshot-427x285-1.jpg","width":427,"height":285},{"@type":"BreadcrumbList","@id":"https:\/\/radioljubuski.ba\/index.php\/2021\/09\/04\/vukanovic-stvarno-nije-lako-biti-srbin-na-cetinju-to-su-gradani-drugog-reda\/#breadcrumb","itemListElement":[{"@type":"ListItem","position":1,"name":"Po\u010detna stranica","item":"https:\/\/radioljubuski.ba\/"},{"@type":"ListItem","position":2,"name":"Vukanovi\u0107: \u201cStvarno nije lako biti Srbin na Cetinju, to su gra\u0111ani drugog reda\u201d"}]},{"@type":"WebSite","@id":"https:\/\/radioljubuski.ba\/#website","url":"https:\/\/radioljubuski.ba\/","name":"Radio Ljubu\u0161ki","description":"Sun\u010dana frekvencija Hercegovine","publisher":{"@id":"https:\/\/radioljubuski.ba\/#organization"},"potentialAction":[{"@type":"SearchAction","target":{"@type":"EntryPoint","urlTemplate":"https:\/\/radioljubuski.ba\/?s={search_term_string}"},"query-input":{"@type":"PropertyValueSpecification","valueRequired":true,"valueName":"search_term_string"}}],"inLanguage":"hr"},{"@type":"Organization","@id":"https:\/\/radioljubuski.ba\/#organization","name":"Radio Ljubu\u0161ki","url":"https:\/\/radioljubuski.ba\/","logo":{"@type":"ImageObject","inLanguage":"hr","@id":"https:\/\/radioljubuski.ba\/#\/schema\/logo\/image\/","url":"https:\/\/radioljubuski.ba\/wp-content\/uploads\/2021\/02\/cropped-Radio_Ljubuski_logo1.jpg","contentUrl":"https:\/\/radioljubuski.ba\/wp-content\/uploads\/2021\/02\/cropped-Radio_Ljubuski_logo1.jpg","width":512,"height":512,"caption":"Radio Ljubu\u0161ki"},"image":{"@id":"https:\/\/radioljubuski.ba\/#\/schema\/logo\/image\/"},"sameAs":["https:\/\/www.facebook.com\/Radiio-Ljubuski-1490835324566332","https:\/\/x.com\/radioljubuski","https:\/\/hr.linkedin.com\/company\/radio-ljubuski","https:\/\/www.youtube.com\/channel\/UCHYaeO_n0Db3tjNGudGpXyw"]},{"@type":"Person","@id":"https:\/\/radioljubuski.ba\/#\/schema\/person\/19fc700381a780f69665d7956c469e3b","name":"Radio Ljubu\u0161ki"}]}},"_links":{"self":[{"href":"https:\/\/radioljubuski.ba\/index.php\/wp-json\/wp\/v2\/posts\/61338","targetHints":{"allow":["GET"]}}],"collection":[{"href":"https:\/\/radioljubuski.ba\/index.php\/wp-json\/wp\/v2\/posts"}],"about":[{"href":"https:\/\/radioljubuski.ba\/index.php\/wp-json\/wp\/v2\/types\/post"}],"author":[{"embeddable":true,"href":"https:\/\/radioljubuski.ba\/index.php\/wp-json\/wp\/v2\/users\/2"}],"replies":[{"embeddable":true,"href":"https:\/\/radioljubuski.ba\/index.php\/wp-json\/wp\/v2\/comments?post=61338"}],"version-history":[{"count":1,"href":"https:\/\/radioljubuski.ba\/index.php\/wp-json\/wp\/v2\/posts\/61338\/revisions"}],"predecessor-version":[{"id":61340,"href":"https:\/\/radioljubuski.ba\/index.php\/wp-json\/wp\/v2\/posts\/61338\/revisions\/61340"}],"wp:featuredmedia":[{"embeddable":true,"href":"https:\/\/radioljubuski.ba\/index.php\/wp-json\/wp\/v2\/media\/61339"}],"wp:attachment":[{"href":"https:\/\/radioljubuski.ba\/index.php\/wp-json\/wp\/v2\/media?parent=61338"}],"wp:term":[{"taxonomy":"category","embeddable":true,"href":"https:\/\/radioljubuski.ba\/index.php\/wp-json\/wp\/v2\/categories?post=61338"},{"taxonomy":"post_tag","embeddable":true,"href":"https:\/\/radioljubuski.ba\/index.php\/wp-json\/wp\/v2\/tags?post=61338"}],"curies":[{"name":"wp","href":"https:\/\/api.w.org\/{rel}","templated":true}]}}