{"id":61344,"date":"2021-09-04T23:54:03","date_gmt":"2021-09-04T22:54:03","guid":{"rendered":"https:\/\/radioljubuski.ba\/?p=61344"},"modified":"2021-09-04T23:54:04","modified_gmt":"2021-09-04T22:54:04","slug":"manchester-united-danas-pustio-u-prodaju-planuli-dresovi-cristiana-ronalda","status":"publish","type":"post","link":"https:\/\/radioljubuski.ba\/index.php\/2021\/09\/04\/manchester-united-danas-pustio-u-prodaju-planuli-dresovi-cristiana-ronalda\/","title":{"rendered":"Manchester United danas pustio u prodaju: Planuli dresovi Cristiana Ronalda"},"content":{"rendered":"\n<p><strong>Povratak Cristiana Ronalda u Manchester United nakon 12 godina izazvao je ludnicu me\u0111u navija\u010dima.<\/strong><\/p>\n\n\n\n<p>Portugalac je stigao na Old Trafford iz Juventusa za 25 milijuna eura, a potpisao je ugovor na dvije godine uz godi\u0161nju pla\u0107u ne\u0161to manju od 30 milijuna eura.<\/p>\n\n\n\n<p>Manchester United je danas pustio u prodaju njegov dres u fan shopovima po Engleskoj, a ispred Old Trafforda snimljeni su golemi redovi navija\u010da koji su ga \u017eeljeli kupiti. Zbog toga je United upao u velike probleme jer ne\u0107e mo\u0107i zadovoljiti ogromnu potra\u017enju. Naime, prvi kontingent dresova u prodavnicama i u internetskoj trgovini je planuo. Iako je klub ubrzo omogu\u0107io nove koli\u010dine navija\u010dima, Daily Mail pi\u0161e kako \u0107e do\u0107i do nesta\u0161ice, prenosi SCsport.ba.<\/p>\n\n\n\n<p>Naime, najve\u0107a Adidasova tvornica dresova u Vijetnamu je zatvorena zbog epidemije koronavirusa, zbog \u010dega kasni isporuka dresova koji su Unitedu potrebniji nego ikad. United je na svojoj stranici objavio da jedan dio dresova koji je naru\u010den online ne\u0107e biti isporu\u010den prije novembra.<\/p>\n\n\n\n<p>\u201c<strong>U suradnji s Manchester Unitedom poku\u0161avamo sve kako bismo zadovoljili golemu potra\u017enju, ali je potpuno jasno da \u0107e neke isporuke kasniti<\/strong>\u201c, rekao je Adidasov glasnogovornik.<\/p>\n\n\n\n<p>Ronaldovi dresovi stoje od 80 do 115 funti, ovisno o verziji, no klub od njih ne\u0107e previ\u0161e zaraditi. Prema aktuelnom ugovoru s Adidasom, Unitedu ide samo sedam posto od svakog prodanog dresa. U prijevodu, da proda milion Ronaldovih dresova po cijeni od 100 funti, Manchester United zaradio bi tek sedam miliona funti, odnosno \u010detvrtinu njegove godi\u0161nje pla\u0107e. Juventus je, usporedbe radi, dobivao 18 posto od svakog prodanog dresa.<\/p>\n\n\n\n<p>Ina\u010de, Ronaldo je ve\u0107 stigao u Englesku iako njegovu reprezentaciju u sljede\u0107ih nekoliko dana \u010deka prijateljska utakmica s Katarom i kvalifikacijska s Azerbejd\u017eanom.<\/p>\n\n\n\n<p>\/HMS\/<\/p>\n","protected":false},"excerpt":{"rendered":"<p>Povratak Cristiana Ronalda u Manchester United nakon 12 godina izazvao je ludnicu me\u0111u navija\u010dima. Portugalac je stigao na Old Trafford iz Juventusa za 25 milijuna eura, a potpisao je ugovor na dvije godine uz godi\u0161nju pla\u0107u ne\u0161to manju od 30 milijuna eura. Manchester United je danas pustio u prodaju njegov dres u fan shopovima po [&hellip;]<\/p>\n","protected":false},"author":2,"featured_media":61345,"comment_status":"closed","ping_status":"closed","sticky":false,"template":"","format":"standard","meta":{"h5ap_radio_sources":[],"footnotes":""},"categories":[7],"tags":[],"class_list":["post-61344","post","type-post","status-publish","format-standard","has-post-thumbnail","hentry","category-sport"],"yoast_head":"<!-- This site is optimized with the Yoast SEO plugin v27.5 - https:\/\/yoast.com\/product\/yoast-seo-wordpress\/ -->\n<title>Manchester United danas pustio u prodaju: Planuli dresovi Cristiana Ronalda - RADIO LJUBU\u0160KI<\/title>\n<meta name=\"robots\" content=\"index, follow, max-snippet:-1, max-image-preview:large, max-video-preview:-1\" \/>\n<link rel=\"canonical\" href=\"https:\/\/radioljubuski.ba\/index.php\/2021\/09\/04\/manchester-united-danas-pustio-u-prodaju-planuli-dresovi-cristiana-ronalda\/\" \/>\n<meta property=\"og:locale\" content=\"hr_HR\" \/>\n<meta property=\"og:type\" content=\"article\" \/>\n<meta property=\"og:title\" content=\"Manchester United danas pustio u prodaju: Planuli dresovi Cristiana Ronalda - RADIO LJUBU\u0160KI\" \/>\n<meta property=\"og:description\" content=\"Povratak Cristiana Ronalda u Manchester United nakon 12 godina izazvao je ludnicu me\u0111u navija\u010dima. Portugalac je stigao na Old Trafford iz Juventusa za 25 milijuna eura, a potpisao je ugovor na dvije godine uz godi\u0161nju pla\u0107u ne\u0161to manju od 30 milijuna eura. Manchester United je danas pustio u prodaju njegov dres u fan shopovima po [&hellip;]\" \/>\n<meta property=\"og:url\" content=\"https:\/\/radioljubuski.ba\/index.php\/2021\/09\/04\/manchester-united-danas-pustio-u-prodaju-planuli-dresovi-cristiana-ronalda\/\" \/>\n<meta property=\"og:site_name\" content=\"RADIO LJUBU\u0160KI\" \/>\n<meta property=\"article:publisher\" content=\"https:\/\/www.facebook.com\/Radiio-Ljubuski-1490835324566332\" \/>\n<meta property=\"article:published_time\" content=\"2021-09-04T22:54:03+00:00\" \/>\n<meta property=\"article:modified_time\" content=\"2021-09-04T22:54:04+00:00\" \/>\n<meta property=\"og:image\" content=\"https:\/\/radioljubuski.ba\/wp-content\/uploads\/2021\/09\/ron-dres.jpg\" \/>\n\t<meta property=\"og:image:width\" content=\"869\" \/>\n\t<meta property=\"og:image:height\" content=\"464\" \/>\n\t<meta property=\"og:image:type\" content=\"image\/jpeg\" \/>\n<meta name=\"author\" content=\"Radio Ljubu\u0161ki\" \/>\n<meta name=\"twitter:card\" content=\"summary_large_image\" \/>\n<meta name=\"twitter:creator\" content=\"@radioljubuski\" \/>\n<meta name=\"twitter:site\" content=\"@radioljubuski\" \/>\n<meta name=\"twitter:label1\" content=\"Napisao\/la\" \/>\n\t<meta name=\"twitter:data1\" content=\"Radio Ljubu\u0161ki\" \/>\n\t<meta name=\"twitter:label2\" content=\"Procijenjeno vrijeme \u010ditanja\" \/>\n\t<meta name=\"twitter:data2\" content=\"2 minute\" \/>\n<script type=\"application\/ld+json\" class=\"yoast-schema-graph\">{\"@context\":\"https:\\\/\\\/schema.org\",\"@graph\":[{\"@type\":\"Article\",\"@id\":\"https:\\\/\\\/radioljubuski.ba\\\/index.php\\\/2021\\\/09\\\/04\\\/manchester-united-danas-pustio-u-prodaju-planuli-dresovi-cristiana-ronalda\\\/#article\",\"isPartOf\":{\"@id\":\"https:\\\/\\\/radioljubuski.ba\\\/index.php\\\/2021\\\/09\\\/04\\\/manchester-united-danas-pustio-u-prodaju-planuli-dresovi-cristiana-ronalda\\\/\"},\"author\":{\"name\":\"Radio Ljubu\u0161ki\",\"@id\":\"https:\\\/\\\/radioljubuski.ba\\\/#\\\/schema\\\/person\\\/19fc700381a780f69665d7956c469e3b\"},\"headline\":\"Manchester United danas pustio u prodaju: Planuli dresovi Cristiana Ronalda\",\"datePublished\":\"2021-09-04T22:54:03+00:00\",\"dateModified\":\"2021-09-04T22:54:04+00:00\",\"mainEntityOfPage\":{\"@id\":\"https:\\\/\\\/radioljubuski.ba\\\/index.php\\\/2021\\\/09\\\/04\\\/manchester-united-danas-pustio-u-prodaju-planuli-dresovi-cristiana-ronalda\\\/\"},\"wordCount\":305,\"publisher\":{\"@id\":\"https:\\\/\\\/radioljubuski.ba\\\/#organization\"},\"image\":{\"@id\":\"https:\\\/\\\/radioljubuski.ba\\\/index.php\\\/2021\\\/09\\\/04\\\/manchester-united-danas-pustio-u-prodaju-planuli-dresovi-cristiana-ronalda\\\/#primaryimage\"},\"thumbnailUrl\":\"https:\\\/\\\/radioljubuski.ba\\\/wp-content\\\/uploads\\\/2021\\\/09\\\/ron-dres.jpg\",\"articleSection\":[\"\u0160port\"],\"inLanguage\":\"hr\"},{\"@type\":\"WebPage\",\"@id\":\"https:\\\/\\\/radioljubuski.ba\\\/index.php\\\/2021\\\/09\\\/04\\\/manchester-united-danas-pustio-u-prodaju-planuli-dresovi-cristiana-ronalda\\\/\",\"url\":\"https:\\\/\\\/radioljubuski.ba\\\/index.php\\\/2021\\\/09\\\/04\\\/manchester-united-danas-pustio-u-prodaju-planuli-dresovi-cristiana-ronalda\\\/\",\"name\":\"Manchester United danas pustio u prodaju: Planuli dresovi Cristiana Ronalda - RADIO LJUBU\u0160KI\",\"isPartOf\":{\"@id\":\"https:\\\/\\\/radioljubuski.ba\\\/#website\"},\"primaryImageOfPage\":{\"@id\":\"https:\\\/\\\/radioljubuski.ba\\\/index.php\\\/2021\\\/09\\\/04\\\/manchester-united-danas-pustio-u-prodaju-planuli-dresovi-cristiana-ronalda\\\/#primaryimage\"},\"image\":{\"@id\":\"https:\\\/\\\/radioljubuski.ba\\\/index.php\\\/2021\\\/09\\\/04\\\/manchester-united-danas-pustio-u-prodaju-planuli-dresovi-cristiana-ronalda\\\/#primaryimage\"},\"thumbnailUrl\":\"https:\\\/\\\/radioljubuski.ba\\\/wp-content\\\/uploads\\\/2021\\\/09\\\/ron-dres.jpg\",\"datePublished\":\"2021-09-04T22:54:03+00:00\",\"dateModified\":\"2021-09-04T22:54:04+00:00\",\"breadcrumb\":{\"@id\":\"https:\\\/\\\/radioljubuski.ba\\\/index.php\\\/2021\\\/09\\\/04\\\/manchester-united-danas-pustio-u-prodaju-planuli-dresovi-cristiana-ronalda\\\/#breadcrumb\"},\"inLanguage\":\"hr\",\"potentialAction\":[{\"@type\":\"ReadAction\",\"target\":[\"https:\\\/\\\/radioljubuski.ba\\\/index.php\\\/2021\\\/09\\\/04\\\/manchester-united-danas-pustio-u-prodaju-planuli-dresovi-cristiana-ronalda\\\/\"]}]},{\"@type\":\"ImageObject\",\"inLanguage\":\"hr\",\"@id\":\"https:\\\/\\\/radioljubuski.ba\\\/index.php\\\/2021\\\/09\\\/04\\\/manchester-united-danas-pustio-u-prodaju-planuli-dresovi-cristiana-ronalda\\\/#primaryimage\",\"url\":\"https:\\\/\\\/radioljubuski.ba\\\/wp-content\\\/uploads\\\/2021\\\/09\\\/ron-dres.jpg\",\"contentUrl\":\"https:\\\/\\\/radioljubuski.ba\\\/wp-content\\\/uploads\\\/2021\\\/09\\\/ron-dres.jpg\",\"width\":869,\"height\":464},{\"@type\":\"BreadcrumbList\",\"@id\":\"https:\\\/\\\/radioljubuski.ba\\\/index.php\\\/2021\\\/09\\\/04\\\/manchester-united-danas-pustio-u-prodaju-planuli-dresovi-cristiana-ronalda\\\/#breadcrumb\",\"itemListElement\":[{\"@type\":\"ListItem\",\"position\":1,\"name\":\"Po\u010detna stranica\",\"item\":\"https:\\\/\\\/radioljubuski.ba\\\/\"},{\"@type\":\"ListItem\",\"position\":2,\"name\":\"Manchester United danas pustio u prodaju: Planuli dresovi Cristiana Ronalda\"}]},{\"@type\":\"WebSite\",\"@id\":\"https:\\\/\\\/radioljubuski.ba\\\/#website\",\"url\":\"https:\\\/\\\/radioljubuski.ba\\\/\",\"name\":\"Radio Ljubu\u0161ki\",\"description\":\"Sun\u010dana frekvencija Hercegovine\",\"publisher\":{\"@id\":\"https:\\\/\\\/radioljubuski.ba\\\/#organization\"},\"potentialAction\":[{\"@type\":\"SearchAction\",\"target\":{\"@type\":\"EntryPoint\",\"urlTemplate\":\"https:\\\/\\\/radioljubuski.ba\\\/?s={search_term_string}\"},\"query-input\":{\"@type\":\"PropertyValueSpecification\",\"valueRequired\":true,\"valueName\":\"search_term_string\"}}],\"inLanguage\":\"hr\"},{\"@type\":\"Organization\",\"@id\":\"https:\\\/\\\/radioljubuski.ba\\\/#organization\",\"name\":\"Radio Ljubu\u0161ki\",\"url\":\"https:\\\/\\\/radioljubuski.ba\\\/\",\"logo\":{\"@type\":\"ImageObject\",\"inLanguage\":\"hr\",\"@id\":\"https:\\\/\\\/radioljubuski.ba\\\/#\\\/schema\\\/logo\\\/image\\\/\",\"url\":\"https:\\\/\\\/radioljubuski.ba\\\/wp-content\\\/uploads\\\/2021\\\/02\\\/cropped-Radio_Ljubuski_logo1.jpg\",\"contentUrl\":\"https:\\\/\\\/radioljubuski.ba\\\/wp-content\\\/uploads\\\/2021\\\/02\\\/cropped-Radio_Ljubuski_logo1.jpg\",\"width\":512,\"height\":512,\"caption\":\"Radio Ljubu\u0161ki\"},\"image\":{\"@id\":\"https:\\\/\\\/radioljubuski.ba\\\/#\\\/schema\\\/logo\\\/image\\\/\"},\"sameAs\":[\"https:\\\/\\\/www.facebook.com\\\/Radiio-Ljubuski-1490835324566332\",\"https:\\\/\\\/x.com\\\/radioljubuski\",\"https:\\\/\\\/hr.linkedin.com\\\/company\\\/radio-ljubuski\",\"https:\\\/\\\/www.youtube.com\\\/channel\\\/UCHYaeO_n0Db3tjNGudGpXyw\"]},{\"@type\":\"Person\",\"@id\":\"https:\\\/\\\/radioljubuski.ba\\\/#\\\/schema\\\/person\\\/19fc700381a780f69665d7956c469e3b\",\"name\":\"Radio Ljubu\u0161ki\"}]}<\/script>\n<!-- \/ Yoast SEO plugin. -->","yoast_head_json":{"title":"Manchester United danas pustio u prodaju: Planuli dresovi Cristiana Ronalda - RADIO LJUBU\u0160KI","robots":{"index":"index","follow":"follow","max-snippet":"max-snippet:-1","max-image-preview":"max-image-preview:large","max-video-preview":"max-video-preview:-1"},"canonical":"https:\/\/radioljubuski.ba\/index.php\/2021\/09\/04\/manchester-united-danas-pustio-u-prodaju-planuli-dresovi-cristiana-ronalda\/","og_locale":"hr_HR","og_type":"article","og_title":"Manchester United danas pustio u prodaju: Planuli dresovi Cristiana Ronalda - RADIO LJUBU\u0160KI","og_description":"Povratak Cristiana Ronalda u Manchester United nakon 12 godina izazvao je ludnicu me\u0111u navija\u010dima. Portugalac je stigao na Old Trafford iz Juventusa za 25 milijuna eura, a potpisao je ugovor na dvije godine uz godi\u0161nju pla\u0107u ne\u0161to manju od 30 milijuna eura. Manchester United je danas pustio u prodaju njegov dres u fan shopovima po [&hellip;]","og_url":"https:\/\/radioljubuski.ba\/index.php\/2021\/09\/04\/manchester-united-danas-pustio-u-prodaju-planuli-dresovi-cristiana-ronalda\/","og_site_name":"RADIO LJUBU\u0160KI","article_publisher":"https:\/\/www.facebook.com\/Radiio-Ljubuski-1490835324566332","article_published_time":"2021-09-04T22:54:03+00:00","article_modified_time":"2021-09-04T22:54:04+00:00","og_image":[{"width":869,"height":464,"url":"https:\/\/radioljubuski.ba\/wp-content\/uploads\/2021\/09\/ron-dres.jpg","type":"image\/jpeg"}],"author":"Radio Ljubu\u0161ki","twitter_card":"summary_large_image","twitter_creator":"@radioljubuski","twitter_site":"@radioljubuski","twitter_misc":{"Napisao\/la":"Radio Ljubu\u0161ki","Procijenjeno vrijeme \u010ditanja":"2 minute"},"schema":{"@context":"https:\/\/schema.org","@graph":[{"@type":"Article","@id":"https:\/\/radioljubuski.ba\/index.php\/2021\/09\/04\/manchester-united-danas-pustio-u-prodaju-planuli-dresovi-cristiana-ronalda\/#article","isPartOf":{"@id":"https:\/\/radioljubuski.ba\/index.php\/2021\/09\/04\/manchester-united-danas-pustio-u-prodaju-planuli-dresovi-cristiana-ronalda\/"},"author":{"name":"Radio Ljubu\u0161ki","@id":"https:\/\/radioljubuski.ba\/#\/schema\/person\/19fc700381a780f69665d7956c469e3b"},"headline":"Manchester United danas pustio u prodaju: Planuli dresovi Cristiana Ronalda","datePublished":"2021-09-04T22:54:03+00:00","dateModified":"2021-09-04T22:54:04+00:00","mainEntityOfPage":{"@id":"https:\/\/radioljubuski.ba\/index.php\/2021\/09\/04\/manchester-united-danas-pustio-u-prodaju-planuli-dresovi-cristiana-ronalda\/"},"wordCount":305,"publisher":{"@id":"https:\/\/radioljubuski.ba\/#organization"},"image":{"@id":"https:\/\/radioljubuski.ba\/index.php\/2021\/09\/04\/manchester-united-danas-pustio-u-prodaju-planuli-dresovi-cristiana-ronalda\/#primaryimage"},"thumbnailUrl":"https:\/\/radioljubuski.ba\/wp-content\/uploads\/2021\/09\/ron-dres.jpg","articleSection":["\u0160port"],"inLanguage":"hr"},{"@type":"WebPage","@id":"https:\/\/radioljubuski.ba\/index.php\/2021\/09\/04\/manchester-united-danas-pustio-u-prodaju-planuli-dresovi-cristiana-ronalda\/","url":"https:\/\/radioljubuski.ba\/index.php\/2021\/09\/04\/manchester-united-danas-pustio-u-prodaju-planuli-dresovi-cristiana-ronalda\/","name":"Manchester United danas pustio u prodaju: Planuli dresovi Cristiana Ronalda - RADIO LJUBU\u0160KI","isPartOf":{"@id":"https:\/\/radioljubuski.ba\/#website"},"primaryImageOfPage":{"@id":"https:\/\/radioljubuski.ba\/index.php\/2021\/09\/04\/manchester-united-danas-pustio-u-prodaju-planuli-dresovi-cristiana-ronalda\/#primaryimage"},"image":{"@id":"https:\/\/radioljubuski.ba\/index.php\/2021\/09\/04\/manchester-united-danas-pustio-u-prodaju-planuli-dresovi-cristiana-ronalda\/#primaryimage"},"thumbnailUrl":"https:\/\/radioljubuski.ba\/wp-content\/uploads\/2021\/09\/ron-dres.jpg","datePublished":"2021-09-04T22:54:03+00:00","dateModified":"2021-09-04T22:54:04+00:00","breadcrumb":{"@id":"https:\/\/radioljubuski.ba\/index.php\/2021\/09\/04\/manchester-united-danas-pustio-u-prodaju-planuli-dresovi-cristiana-ronalda\/#breadcrumb"},"inLanguage":"hr","potentialAction":[{"@type":"ReadAction","target":["https:\/\/radioljubuski.ba\/index.php\/2021\/09\/04\/manchester-united-danas-pustio-u-prodaju-planuli-dresovi-cristiana-ronalda\/"]}]},{"@type":"ImageObject","inLanguage":"hr","@id":"https:\/\/radioljubuski.ba\/index.php\/2021\/09\/04\/manchester-united-danas-pustio-u-prodaju-planuli-dresovi-cristiana-ronalda\/#primaryimage","url":"https:\/\/radioljubuski.ba\/wp-content\/uploads\/2021\/09\/ron-dres.jpg","contentUrl":"https:\/\/radioljubuski.ba\/wp-content\/uploads\/2021\/09\/ron-dres.jpg","width":869,"height":464},{"@type":"BreadcrumbList","@id":"https:\/\/radioljubuski.ba\/index.php\/2021\/09\/04\/manchester-united-danas-pustio-u-prodaju-planuli-dresovi-cristiana-ronalda\/#breadcrumb","itemListElement":[{"@type":"ListItem","position":1,"name":"Po\u010detna stranica","item":"https:\/\/radioljubuski.ba\/"},{"@type":"ListItem","position":2,"name":"Manchester United danas pustio u prodaju: Planuli dresovi Cristiana Ronalda"}]},{"@type":"WebSite","@id":"https:\/\/radioljubuski.ba\/#website","url":"https:\/\/radioljubuski.ba\/","name":"Radio Ljubu\u0161ki","description":"Sun\u010dana frekvencija Hercegovine","publisher":{"@id":"https:\/\/radioljubuski.ba\/#organization"},"potentialAction":[{"@type":"SearchAction","target":{"@type":"EntryPoint","urlTemplate":"https:\/\/radioljubuski.ba\/?s={search_term_string}"},"query-input":{"@type":"PropertyValueSpecification","valueRequired":true,"valueName":"search_term_string"}}],"inLanguage":"hr"},{"@type":"Organization","@id":"https:\/\/radioljubuski.ba\/#organization","name":"Radio Ljubu\u0161ki","url":"https:\/\/radioljubuski.ba\/","logo":{"@type":"ImageObject","inLanguage":"hr","@id":"https:\/\/radioljubuski.ba\/#\/schema\/logo\/image\/","url":"https:\/\/radioljubuski.ba\/wp-content\/uploads\/2021\/02\/cropped-Radio_Ljubuski_logo1.jpg","contentUrl":"https:\/\/radioljubuski.ba\/wp-content\/uploads\/2021\/02\/cropped-Radio_Ljubuski_logo1.jpg","width":512,"height":512,"caption":"Radio Ljubu\u0161ki"},"image":{"@id":"https:\/\/radioljubuski.ba\/#\/schema\/logo\/image\/"},"sameAs":["https:\/\/www.facebook.com\/Radiio-Ljubuski-1490835324566332","https:\/\/x.com\/radioljubuski","https:\/\/hr.linkedin.com\/company\/radio-ljubuski","https:\/\/www.youtube.com\/channel\/UCHYaeO_n0Db3tjNGudGpXyw"]},{"@type":"Person","@id":"https:\/\/radioljubuski.ba\/#\/schema\/person\/19fc700381a780f69665d7956c469e3b","name":"Radio Ljubu\u0161ki"}]}},"_links":{"self":[{"href":"https:\/\/radioljubuski.ba\/index.php\/wp-json\/wp\/v2\/posts\/61344","targetHints":{"allow":["GET"]}}],"collection":[{"href":"https:\/\/radioljubuski.ba\/index.php\/wp-json\/wp\/v2\/posts"}],"about":[{"href":"https:\/\/radioljubuski.ba\/index.php\/wp-json\/wp\/v2\/types\/post"}],"author":[{"embeddable":true,"href":"https:\/\/radioljubuski.ba\/index.php\/wp-json\/wp\/v2\/users\/2"}],"replies":[{"embeddable":true,"href":"https:\/\/radioljubuski.ba\/index.php\/wp-json\/wp\/v2\/comments?post=61344"}],"version-history":[{"count":1,"href":"https:\/\/radioljubuski.ba\/index.php\/wp-json\/wp\/v2\/posts\/61344\/revisions"}],"predecessor-version":[{"id":61346,"href":"https:\/\/radioljubuski.ba\/index.php\/wp-json\/wp\/v2\/posts\/61344\/revisions\/61346"}],"wp:featuredmedia":[{"embeddable":true,"href":"https:\/\/radioljubuski.ba\/index.php\/wp-json\/wp\/v2\/media\/61345"}],"wp:attachment":[{"href":"https:\/\/radioljubuski.ba\/index.php\/wp-json\/wp\/v2\/media?parent=61344"}],"wp:term":[{"taxonomy":"category","embeddable":true,"href":"https:\/\/radioljubuski.ba\/index.php\/wp-json\/wp\/v2\/categories?post=61344"},{"taxonomy":"post_tag","embeddable":true,"href":"https:\/\/radioljubuski.ba\/index.php\/wp-json\/wp\/v2\/tags?post=61344"}],"curies":[{"name":"wp","href":"https:\/\/api.w.org\/{rel}","templated":true}]}}