{"id":61353,"date":"2021-09-05T00:01:18","date_gmt":"2021-09-04T23:01:18","guid":{"rendered":"https:\/\/radioljubuski.ba\/?p=61353"},"modified":"2021-09-05T00:01:19","modified_gmt":"2021-09-04T23:01:19","slug":"teksas-namjerava-proglasiti-operacije-za-promjenu-spola-na-maloljetnicima-zlostavljanjem-djece","status":"publish","type":"post","link":"https:\/\/radioljubuski.ba\/index.php\/2021\/09\/05\/teksas-namjerava-proglasiti-operacije-za-promjenu-spola-na-maloljetnicima-zlostavljanjem-djece\/","title":{"rendered":"Teksas namjerava proglasiti operacije za \u2018promjenu spola\u2019 na maloljetnicima zlostavljanjem djece"},"content":{"rendered":"\n<p>\u2018Osaka\u0107ivanje spolnih organa djeteta operacijom, zlostavljanje je djece, podlo\u017eno je sankcijama i kaznama koje se odnose na zlostavljanje djece\u2019, rekao je u&nbsp;<strong>sredinom kolovoza voditelj Odjela<\/strong><strong>&nbsp;za za\u0161titu djece i obitelji<\/strong><strong>&nbsp;<\/strong>u Teksasu.<\/p>\n\n\n\n<p><strong>Teksa\u0161ki Odjel za za\u0161titu djece i obitelji (DFPS)<\/strong>&nbsp;objavio je da izvo\u0111enje operacija s ciljem promjene spola na djeci predstavlja&nbsp;<strong>zlostavljanje djece<\/strong>&nbsp;i da mo\u017ee dovesti do&nbsp;<strong>kaznenog progona,&nbsp;<\/strong>prenosi&nbsp;<a href=\"https:\/\/www.lifesitenews.com\/news\/texas-declares-transgender-surgeries-on-children-to-be-illegal-child-abuse\/?utm_source=featured&amp;utm_campaign=usa\">LifeSiteNews.<\/a><\/p>\n\n\n\n<p>\u201cOsaka\u0107ivanje genitalija djeteta, zlostavljanje je djece, podlo\u017eno svim sankcijama i kaznama koje se odnose na zlostavljanje djece\u201d, napisala je&nbsp;<strong>povjerenica DFPS -a Jaime Masters&nbsp;<\/strong>u pismu&nbsp;<strong>republikanskom guverneru Gregu Abbottu<\/strong>.<\/p>\n\n\n\n<p>Guverner je po\u010detkom kolovoza zatra\u017eio da preispita mogu li se operacije \u2018promjene spola\u2019 klasificirati kao zlostavljanje maloljetnih osoba.<\/p>\n\n\n\n<p>\u201cKao \u0161to ste opisali, ovaj&nbsp;<strong>kirur\u0161ki zahvat fizi\u010dki mijenja dje\u010dje genitalije u nemedicinske svrhe<\/strong>&nbsp;potencijalno nanose\u0107i nepopravljivu \u0161tetu dje\u010djim tijelima\u201d, navodi se u izvje\u0161\u0107u. \u201cOp\u0107enito,&nbsp;<strong>djeca&nbsp;<\/strong>u roditeljskoj skrbi i skrbni\u0161tvu&nbsp;<strong>nemaju pravne sposobnosti pristati na kirur\u0161ke zahvate<\/strong>, \u0161to ih \u010dini ranjivijima.\u201d<\/p>\n\n\n\n<p>Stru\u010dnjaci koji s razlogom vjeruju da je dijete pretrpjelo zlostavljanje&nbsp;<strong>du\u017eni&nbsp;<\/strong>su prema teksa\u0161kom zakonu kontaktirati DFPS u roku od dva dana nakon \u0161to su prvi put posumnjali na zlostavljanje.<\/p>\n\n\n\n<p>\u201c<strong>Neprijavljivanje je prekr\u0161aj klase A<\/strong>&nbsp;koji se ka\u017enjava&nbsp;<strong>zatvorom do jedne godine, kaznom do 4.000 dolara, ili oboje.<\/strong>\u201d<\/p>\n\n\n\n<p>\u201cKona\u010dno, optu\u017ebe o genitalnom saka\u0107enju djeteta operacijom bit \u0107e odmah i temeljito istra\u017eene i poduzet \u0107e se sve odgovaraju\u0107e radnje\u201d, navela je&nbsp;<strong>Masters.<\/strong><\/p>\n\n\n\n<p><strong>Guverner Abbot<\/strong>&nbsp;poru\u010dio je na&nbsp;<strong>Twitteru<\/strong>&nbsp;da je smjernica Odjela \u201cna snazi \u200b\u200bodmah\u201d. U pismu je Abbott pozvao DFPS da donese odluku o tome predstavlja li \u201cgenitalno saka\u0107enje djeteta u svrhu&nbsp;<em>rodne tranzicije<\/em>\u201d&nbsp;<strong>zlostavljanje djece<\/strong>.<\/p>\n\n\n\n<p>\u201cPodvrgavanje djeteta saka\u0107enju spolnih organa ostavlja zna\u010dajnu \u0161tetu na djetetu.\u201d, napisao je.<\/p>\n\n\n\n<p>Abbott je istaknuo da bi \u201cdefinicija\u201d zlostavljanja \u201ctrebala obuhvatiti kirur\u0161ki zahvat koji \u0107e sterilizirati dijete, poput orhiektomije ili histerektomije, ili ukloniti ina\u010de zdrave dijelove tijela, poput penektomije ili mastektomije.\u201d Dr\u017eava je ve\u0107 zabranila saka\u0107enje genitalija djevoj\u010dica, istaknuo je.<\/p>\n\n\n\n<p>Kirur\u0161ko saka\u0107enje maloljetnika s ciljem&nbsp;<em>rodne tranzicije<\/em>&nbsp;posljednjih je godina dokumentirano diljem SAD -a. U studiji objavljenoj 2018. prikazano je vi\u0161e od trideset djevoj\u010dica mla\u0111ih od osamnaest godina koje su bile podvrgnute mastektomiji zbog rodne disforije. Kalifornija \u010dak zahtijeva od privatnih osiguravatelja da pokriju postupke prema maloljetnim transrodnim osobama.<\/p>\n\n\n\n<p><strong>Masterova direktiva \u010dini Teksas tre\u0107om dr\u017eavom koja je ove godine poduzela mjere protiv transrodnih procedura za maloljetnike, nakon Arkansasa i Tennesseeja<\/strong>.<\/p>\n\n\n\n<p><strong>Guverner Floride Ron DeSantis<\/strong>&nbsp;rekao je u lipnju da je zainteresiran za dono\u0161enje sli\u010dnih mjera.<\/p>\n\n\n\n<p><em>Izvor: narod.hr\/lifesitenews.com<\/em><\/p>\n","protected":false},"excerpt":{"rendered":"<p>\u2018Osaka\u0107ivanje spolnih organa djeteta operacijom, zlostavljanje je djece, podlo\u017eno je sankcijama i kaznama koje se odnose na zlostavljanje djece\u2019, rekao je u&nbsp;sredinom kolovoza voditelj Odjela&nbsp;za za\u0161titu djece i obitelji&nbsp;u Teksasu. Teksa\u0161ki Odjel za za\u0161titu djece i obitelji (DFPS)&nbsp;objavio je da izvo\u0111enje operacija s ciljem promjene spola na djeci predstavlja&nbsp;zlostavljanje djece&nbsp;i da mo\u017ee dovesti do&nbsp;kaznenog progona,&nbsp;prenosi&nbsp;LifeSiteNews. [&hellip;]<\/p>\n","protected":false},"author":2,"featured_media":61354,"comment_status":"closed","ping_status":"closed","sticky":false,"template":"","format":"standard","meta":{"h5ap_radio_sources":[],"footnotes":""},"categories":[1],"tags":[],"class_list":["post-61353","post","type-post","status-publish","format-standard","has-post-thumbnail","hentry","category-bihiregija"],"yoast_head":"<!-- This site is optimized with the Yoast SEO plugin v27.5 - https:\/\/yoast.com\/product\/yoast-seo-wordpress\/ -->\n<title>Teksas namjerava proglasiti operacije za \u2018promjenu spola\u2019 na maloljetnicima zlostavljanjem djece - RADIO LJUBU\u0160KI<\/title>\n<meta name=\"robots\" content=\"index, follow, max-snippet:-1, max-image-preview:large, max-video-preview:-1\" \/>\n<link rel=\"canonical\" href=\"https:\/\/radioljubuski.ba\/index.php\/2021\/09\/05\/teksas-namjerava-proglasiti-operacije-za-promjenu-spola-na-maloljetnicima-zlostavljanjem-djece\/\" \/>\n<meta property=\"og:locale\" content=\"hr_HR\" \/>\n<meta property=\"og:type\" content=\"article\" \/>\n<meta property=\"og:title\" content=\"Teksas namjerava proglasiti operacije za \u2018promjenu spola\u2019 na maloljetnicima zlostavljanjem djece - RADIO LJUBU\u0160KI\" \/>\n<meta property=\"og:description\" content=\"\u2018Osaka\u0107ivanje spolnih organa djeteta operacijom, zlostavljanje je djece, podlo\u017eno je sankcijama i kaznama koje se odnose na zlostavljanje djece\u2019, rekao je u&nbsp;sredinom kolovoza voditelj Odjela&nbsp;za za\u0161titu djece i obitelji&nbsp;u Teksasu. Teksa\u0161ki Odjel za za\u0161titu djece i obitelji (DFPS)&nbsp;objavio je da izvo\u0111enje operacija s ciljem promjene spola na djeci predstavlja&nbsp;zlostavljanje djece&nbsp;i da mo\u017ee dovesti do&nbsp;kaznenog progona,&nbsp;prenosi&nbsp;LifeSiteNews. [&hellip;]\" \/>\n<meta property=\"og:url\" content=\"https:\/\/radioljubuski.ba\/index.php\/2021\/09\/05\/teksas-namjerava-proglasiti-operacije-za-promjenu-spola-na-maloljetnicima-zlostavljanjem-djece\/\" \/>\n<meta property=\"og:site_name\" content=\"RADIO LJUBU\u0160KI\" \/>\n<meta property=\"article:publisher\" content=\"https:\/\/www.facebook.com\/Radiio-Ljubuski-1490835324566332\" \/>\n<meta property=\"article:published_time\" content=\"2021-09-04T23:01:18+00:00\" \/>\n<meta property=\"article:modified_time\" content=\"2021-09-04T23:01:19+00:00\" \/>\n<meta property=\"og:image\" content=\"https:\/\/radioljubuski.ba\/wp-content\/uploads\/2021\/09\/Depositphotos_112875776_s-2019-696x457-1.jpg\" \/>\n\t<meta property=\"og:image:width\" content=\"696\" \/>\n\t<meta property=\"og:image:height\" content=\"457\" \/>\n\t<meta property=\"og:image:type\" content=\"image\/jpeg\" \/>\n<meta name=\"author\" content=\"Radio Ljubu\u0161ki\" \/>\n<meta name=\"twitter:card\" content=\"summary_large_image\" \/>\n<meta name=\"twitter:creator\" content=\"@radioljubuski\" \/>\n<meta name=\"twitter:site\" content=\"@radioljubuski\" \/>\n<meta name=\"twitter:label1\" content=\"Napisao\/la\" \/>\n\t<meta name=\"twitter:data1\" content=\"Radio Ljubu\u0161ki\" \/>\n\t<meta name=\"twitter:label2\" content=\"Procijenjeno vrijeme \u010ditanja\" \/>\n\t<meta name=\"twitter:data2\" content=\"2 minute\" \/>\n<script type=\"application\/ld+json\" class=\"yoast-schema-graph\">{\"@context\":\"https:\\\/\\\/schema.org\",\"@graph\":[{\"@type\":\"Article\",\"@id\":\"https:\\\/\\\/radioljubuski.ba\\\/index.php\\\/2021\\\/09\\\/05\\\/teksas-namjerava-proglasiti-operacije-za-promjenu-spola-na-maloljetnicima-zlostavljanjem-djece\\\/#article\",\"isPartOf\":{\"@id\":\"https:\\\/\\\/radioljubuski.ba\\\/index.php\\\/2021\\\/09\\\/05\\\/teksas-namjerava-proglasiti-operacije-za-promjenu-spola-na-maloljetnicima-zlostavljanjem-djece\\\/\"},\"author\":{\"name\":\"Radio Ljubu\u0161ki\",\"@id\":\"https:\\\/\\\/radioljubuski.ba\\\/#\\\/schema\\\/person\\\/19fc700381a780f69665d7956c469e3b\"},\"headline\":\"Teksas namjerava proglasiti operacije za \u2018promjenu spola\u2019 na maloljetnicima zlostavljanjem djece\",\"datePublished\":\"2021-09-04T23:01:18+00:00\",\"dateModified\":\"2021-09-04T23:01:19+00:00\",\"mainEntityOfPage\":{\"@id\":\"https:\\\/\\\/radioljubuski.ba\\\/index.php\\\/2021\\\/09\\\/05\\\/teksas-namjerava-proglasiti-operacije-za-promjenu-spola-na-maloljetnicima-zlostavljanjem-djece\\\/\"},\"wordCount\":487,\"publisher\":{\"@id\":\"https:\\\/\\\/radioljubuski.ba\\\/#organization\"},\"image\":{\"@id\":\"https:\\\/\\\/radioljubuski.ba\\\/index.php\\\/2021\\\/09\\\/05\\\/teksas-namjerava-proglasiti-operacije-za-promjenu-spola-na-maloljetnicima-zlostavljanjem-djece\\\/#primaryimage\"},\"thumbnailUrl\":\"https:\\\/\\\/radioljubuski.ba\\\/wp-content\\\/uploads\\\/2021\\\/09\\\/Depositphotos_112875776_s-2019-696x457-1.jpg\",\"articleSection\":[\"BIH i regija\"],\"inLanguage\":\"hr\"},{\"@type\":\"WebPage\",\"@id\":\"https:\\\/\\\/radioljubuski.ba\\\/index.php\\\/2021\\\/09\\\/05\\\/teksas-namjerava-proglasiti-operacije-za-promjenu-spola-na-maloljetnicima-zlostavljanjem-djece\\\/\",\"url\":\"https:\\\/\\\/radioljubuski.ba\\\/index.php\\\/2021\\\/09\\\/05\\\/teksas-namjerava-proglasiti-operacije-za-promjenu-spola-na-maloljetnicima-zlostavljanjem-djece\\\/\",\"name\":\"Teksas namjerava proglasiti operacije za \u2018promjenu spola\u2019 na maloljetnicima zlostavljanjem djece - RADIO LJUBU\u0160KI\",\"isPartOf\":{\"@id\":\"https:\\\/\\\/radioljubuski.ba\\\/#website\"},\"primaryImageOfPage\":{\"@id\":\"https:\\\/\\\/radioljubuski.ba\\\/index.php\\\/2021\\\/09\\\/05\\\/teksas-namjerava-proglasiti-operacije-za-promjenu-spola-na-maloljetnicima-zlostavljanjem-djece\\\/#primaryimage\"},\"image\":{\"@id\":\"https:\\\/\\\/radioljubuski.ba\\\/index.php\\\/2021\\\/09\\\/05\\\/teksas-namjerava-proglasiti-operacije-za-promjenu-spola-na-maloljetnicima-zlostavljanjem-djece\\\/#primaryimage\"},\"thumbnailUrl\":\"https:\\\/\\\/radioljubuski.ba\\\/wp-content\\\/uploads\\\/2021\\\/09\\\/Depositphotos_112875776_s-2019-696x457-1.jpg\",\"datePublished\":\"2021-09-04T23:01:18+00:00\",\"dateModified\":\"2021-09-04T23:01:19+00:00\",\"breadcrumb\":{\"@id\":\"https:\\\/\\\/radioljubuski.ba\\\/index.php\\\/2021\\\/09\\\/05\\\/teksas-namjerava-proglasiti-operacije-za-promjenu-spola-na-maloljetnicima-zlostavljanjem-djece\\\/#breadcrumb\"},\"inLanguage\":\"hr\",\"potentialAction\":[{\"@type\":\"ReadAction\",\"target\":[\"https:\\\/\\\/radioljubuski.ba\\\/index.php\\\/2021\\\/09\\\/05\\\/teksas-namjerava-proglasiti-operacije-za-promjenu-spola-na-maloljetnicima-zlostavljanjem-djece\\\/\"]}]},{\"@type\":\"ImageObject\",\"inLanguage\":\"hr\",\"@id\":\"https:\\\/\\\/radioljubuski.ba\\\/index.php\\\/2021\\\/09\\\/05\\\/teksas-namjerava-proglasiti-operacije-za-promjenu-spola-na-maloljetnicima-zlostavljanjem-djece\\\/#primaryimage\",\"url\":\"https:\\\/\\\/radioljubuski.ba\\\/wp-content\\\/uploads\\\/2021\\\/09\\\/Depositphotos_112875776_s-2019-696x457-1.jpg\",\"contentUrl\":\"https:\\\/\\\/radioljubuski.ba\\\/wp-content\\\/uploads\\\/2021\\\/09\\\/Depositphotos_112875776_s-2019-696x457-1.jpg\",\"width\":696,\"height\":457},{\"@type\":\"BreadcrumbList\",\"@id\":\"https:\\\/\\\/radioljubuski.ba\\\/index.php\\\/2021\\\/09\\\/05\\\/teksas-namjerava-proglasiti-operacije-za-promjenu-spola-na-maloljetnicima-zlostavljanjem-djece\\\/#breadcrumb\",\"itemListElement\":[{\"@type\":\"ListItem\",\"position\":1,\"name\":\"Po\u010detna stranica\",\"item\":\"https:\\\/\\\/radioljubuski.ba\\\/\"},{\"@type\":\"ListItem\",\"position\":2,\"name\":\"Teksas namjerava proglasiti operacije za \u2018promjenu spola\u2019 na maloljetnicima zlostavljanjem djece\"}]},{\"@type\":\"WebSite\",\"@id\":\"https:\\\/\\\/radioljubuski.ba\\\/#website\",\"url\":\"https:\\\/\\\/radioljubuski.ba\\\/\",\"name\":\"Radio Ljubu\u0161ki\",\"description\":\"Sun\u010dana frekvencija Hercegovine\",\"publisher\":{\"@id\":\"https:\\\/\\\/radioljubuski.ba\\\/#organization\"},\"potentialAction\":[{\"@type\":\"SearchAction\",\"target\":{\"@type\":\"EntryPoint\",\"urlTemplate\":\"https:\\\/\\\/radioljubuski.ba\\\/?s={search_term_string}\"},\"query-input\":{\"@type\":\"PropertyValueSpecification\",\"valueRequired\":true,\"valueName\":\"search_term_string\"}}],\"inLanguage\":\"hr\"},{\"@type\":\"Organization\",\"@id\":\"https:\\\/\\\/radioljubuski.ba\\\/#organization\",\"name\":\"Radio Ljubu\u0161ki\",\"url\":\"https:\\\/\\\/radioljubuski.ba\\\/\",\"logo\":{\"@type\":\"ImageObject\",\"inLanguage\":\"hr\",\"@id\":\"https:\\\/\\\/radioljubuski.ba\\\/#\\\/schema\\\/logo\\\/image\\\/\",\"url\":\"https:\\\/\\\/radioljubuski.ba\\\/wp-content\\\/uploads\\\/2021\\\/02\\\/cropped-Radio_Ljubuski_logo1.jpg\",\"contentUrl\":\"https:\\\/\\\/radioljubuski.ba\\\/wp-content\\\/uploads\\\/2021\\\/02\\\/cropped-Radio_Ljubuski_logo1.jpg\",\"width\":512,\"height\":512,\"caption\":\"Radio Ljubu\u0161ki\"},\"image\":{\"@id\":\"https:\\\/\\\/radioljubuski.ba\\\/#\\\/schema\\\/logo\\\/image\\\/\"},\"sameAs\":[\"https:\\\/\\\/www.facebook.com\\\/Radiio-Ljubuski-1490835324566332\",\"https:\\\/\\\/x.com\\\/radioljubuski\",\"https:\\\/\\\/hr.linkedin.com\\\/company\\\/radio-ljubuski\",\"https:\\\/\\\/www.youtube.com\\\/channel\\\/UCHYaeO_n0Db3tjNGudGpXyw\"]},{\"@type\":\"Person\",\"@id\":\"https:\\\/\\\/radioljubuski.ba\\\/#\\\/schema\\\/person\\\/19fc700381a780f69665d7956c469e3b\",\"name\":\"Radio Ljubu\u0161ki\"}]}<\/script>\n<!-- \/ Yoast SEO plugin. -->","yoast_head_json":{"title":"Teksas namjerava proglasiti operacije za \u2018promjenu spola\u2019 na maloljetnicima zlostavljanjem djece - RADIO LJUBU\u0160KI","robots":{"index":"index","follow":"follow","max-snippet":"max-snippet:-1","max-image-preview":"max-image-preview:large","max-video-preview":"max-video-preview:-1"},"canonical":"https:\/\/radioljubuski.ba\/index.php\/2021\/09\/05\/teksas-namjerava-proglasiti-operacije-za-promjenu-spola-na-maloljetnicima-zlostavljanjem-djece\/","og_locale":"hr_HR","og_type":"article","og_title":"Teksas namjerava proglasiti operacije za \u2018promjenu spola\u2019 na maloljetnicima zlostavljanjem djece - RADIO LJUBU\u0160KI","og_description":"\u2018Osaka\u0107ivanje spolnih organa djeteta operacijom, zlostavljanje je djece, podlo\u017eno je sankcijama i kaznama koje se odnose na zlostavljanje djece\u2019, rekao je u&nbsp;sredinom kolovoza voditelj Odjela&nbsp;za za\u0161titu djece i obitelji&nbsp;u Teksasu. Teksa\u0161ki Odjel za za\u0161titu djece i obitelji (DFPS)&nbsp;objavio je da izvo\u0111enje operacija s ciljem promjene spola na djeci predstavlja&nbsp;zlostavljanje djece&nbsp;i da mo\u017ee dovesti do&nbsp;kaznenog progona,&nbsp;prenosi&nbsp;LifeSiteNews. [&hellip;]","og_url":"https:\/\/radioljubuski.ba\/index.php\/2021\/09\/05\/teksas-namjerava-proglasiti-operacije-za-promjenu-spola-na-maloljetnicima-zlostavljanjem-djece\/","og_site_name":"RADIO LJUBU\u0160KI","article_publisher":"https:\/\/www.facebook.com\/Radiio-Ljubuski-1490835324566332","article_published_time":"2021-09-04T23:01:18+00:00","article_modified_time":"2021-09-04T23:01:19+00:00","og_image":[{"width":696,"height":457,"url":"https:\/\/radioljubuski.ba\/wp-content\/uploads\/2021\/09\/Depositphotos_112875776_s-2019-696x457-1.jpg","type":"image\/jpeg"}],"author":"Radio Ljubu\u0161ki","twitter_card":"summary_large_image","twitter_creator":"@radioljubuski","twitter_site":"@radioljubuski","twitter_misc":{"Napisao\/la":"Radio Ljubu\u0161ki","Procijenjeno vrijeme \u010ditanja":"2 minute"},"schema":{"@context":"https:\/\/schema.org","@graph":[{"@type":"Article","@id":"https:\/\/radioljubuski.ba\/index.php\/2021\/09\/05\/teksas-namjerava-proglasiti-operacije-za-promjenu-spola-na-maloljetnicima-zlostavljanjem-djece\/#article","isPartOf":{"@id":"https:\/\/radioljubuski.ba\/index.php\/2021\/09\/05\/teksas-namjerava-proglasiti-operacije-za-promjenu-spola-na-maloljetnicima-zlostavljanjem-djece\/"},"author":{"name":"Radio Ljubu\u0161ki","@id":"https:\/\/radioljubuski.ba\/#\/schema\/person\/19fc700381a780f69665d7956c469e3b"},"headline":"Teksas namjerava proglasiti operacije za \u2018promjenu spola\u2019 na maloljetnicima zlostavljanjem djece","datePublished":"2021-09-04T23:01:18+00:00","dateModified":"2021-09-04T23:01:19+00:00","mainEntityOfPage":{"@id":"https:\/\/radioljubuski.ba\/index.php\/2021\/09\/05\/teksas-namjerava-proglasiti-operacije-za-promjenu-spola-na-maloljetnicima-zlostavljanjem-djece\/"},"wordCount":487,"publisher":{"@id":"https:\/\/radioljubuski.ba\/#organization"},"image":{"@id":"https:\/\/radioljubuski.ba\/index.php\/2021\/09\/05\/teksas-namjerava-proglasiti-operacije-za-promjenu-spola-na-maloljetnicima-zlostavljanjem-djece\/#primaryimage"},"thumbnailUrl":"https:\/\/radioljubuski.ba\/wp-content\/uploads\/2021\/09\/Depositphotos_112875776_s-2019-696x457-1.jpg","articleSection":["BIH i regija"],"inLanguage":"hr"},{"@type":"WebPage","@id":"https:\/\/radioljubuski.ba\/index.php\/2021\/09\/05\/teksas-namjerava-proglasiti-operacije-za-promjenu-spola-na-maloljetnicima-zlostavljanjem-djece\/","url":"https:\/\/radioljubuski.ba\/index.php\/2021\/09\/05\/teksas-namjerava-proglasiti-operacije-za-promjenu-spola-na-maloljetnicima-zlostavljanjem-djece\/","name":"Teksas namjerava proglasiti operacije za \u2018promjenu spola\u2019 na maloljetnicima zlostavljanjem djece - RADIO LJUBU\u0160KI","isPartOf":{"@id":"https:\/\/radioljubuski.ba\/#website"},"primaryImageOfPage":{"@id":"https:\/\/radioljubuski.ba\/index.php\/2021\/09\/05\/teksas-namjerava-proglasiti-operacije-za-promjenu-spola-na-maloljetnicima-zlostavljanjem-djece\/#primaryimage"},"image":{"@id":"https:\/\/radioljubuski.ba\/index.php\/2021\/09\/05\/teksas-namjerava-proglasiti-operacije-za-promjenu-spola-na-maloljetnicima-zlostavljanjem-djece\/#primaryimage"},"thumbnailUrl":"https:\/\/radioljubuski.ba\/wp-content\/uploads\/2021\/09\/Depositphotos_112875776_s-2019-696x457-1.jpg","datePublished":"2021-09-04T23:01:18+00:00","dateModified":"2021-09-04T23:01:19+00:00","breadcrumb":{"@id":"https:\/\/radioljubuski.ba\/index.php\/2021\/09\/05\/teksas-namjerava-proglasiti-operacije-za-promjenu-spola-na-maloljetnicima-zlostavljanjem-djece\/#breadcrumb"},"inLanguage":"hr","potentialAction":[{"@type":"ReadAction","target":["https:\/\/radioljubuski.ba\/index.php\/2021\/09\/05\/teksas-namjerava-proglasiti-operacije-za-promjenu-spola-na-maloljetnicima-zlostavljanjem-djece\/"]}]},{"@type":"ImageObject","inLanguage":"hr","@id":"https:\/\/radioljubuski.ba\/index.php\/2021\/09\/05\/teksas-namjerava-proglasiti-operacije-za-promjenu-spola-na-maloljetnicima-zlostavljanjem-djece\/#primaryimage","url":"https:\/\/radioljubuski.ba\/wp-content\/uploads\/2021\/09\/Depositphotos_112875776_s-2019-696x457-1.jpg","contentUrl":"https:\/\/radioljubuski.ba\/wp-content\/uploads\/2021\/09\/Depositphotos_112875776_s-2019-696x457-1.jpg","width":696,"height":457},{"@type":"BreadcrumbList","@id":"https:\/\/radioljubuski.ba\/index.php\/2021\/09\/05\/teksas-namjerava-proglasiti-operacije-za-promjenu-spola-na-maloljetnicima-zlostavljanjem-djece\/#breadcrumb","itemListElement":[{"@type":"ListItem","position":1,"name":"Po\u010detna stranica","item":"https:\/\/radioljubuski.ba\/"},{"@type":"ListItem","position":2,"name":"Teksas namjerava proglasiti operacije za \u2018promjenu spola\u2019 na maloljetnicima zlostavljanjem djece"}]},{"@type":"WebSite","@id":"https:\/\/radioljubuski.ba\/#website","url":"https:\/\/radioljubuski.ba\/","name":"Radio Ljubu\u0161ki","description":"Sun\u010dana frekvencija Hercegovine","publisher":{"@id":"https:\/\/radioljubuski.ba\/#organization"},"potentialAction":[{"@type":"SearchAction","target":{"@type":"EntryPoint","urlTemplate":"https:\/\/radioljubuski.ba\/?s={search_term_string}"},"query-input":{"@type":"PropertyValueSpecification","valueRequired":true,"valueName":"search_term_string"}}],"inLanguage":"hr"},{"@type":"Organization","@id":"https:\/\/radioljubuski.ba\/#organization","name":"Radio Ljubu\u0161ki","url":"https:\/\/radioljubuski.ba\/","logo":{"@type":"ImageObject","inLanguage":"hr","@id":"https:\/\/radioljubuski.ba\/#\/schema\/logo\/image\/","url":"https:\/\/radioljubuski.ba\/wp-content\/uploads\/2021\/02\/cropped-Radio_Ljubuski_logo1.jpg","contentUrl":"https:\/\/radioljubuski.ba\/wp-content\/uploads\/2021\/02\/cropped-Radio_Ljubuski_logo1.jpg","width":512,"height":512,"caption":"Radio Ljubu\u0161ki"},"image":{"@id":"https:\/\/radioljubuski.ba\/#\/schema\/logo\/image\/"},"sameAs":["https:\/\/www.facebook.com\/Radiio-Ljubuski-1490835324566332","https:\/\/x.com\/radioljubuski","https:\/\/hr.linkedin.com\/company\/radio-ljubuski","https:\/\/www.youtube.com\/channel\/UCHYaeO_n0Db3tjNGudGpXyw"]},{"@type":"Person","@id":"https:\/\/radioljubuski.ba\/#\/schema\/person\/19fc700381a780f69665d7956c469e3b","name":"Radio Ljubu\u0161ki"}]}},"_links":{"self":[{"href":"https:\/\/radioljubuski.ba\/index.php\/wp-json\/wp\/v2\/posts\/61353","targetHints":{"allow":["GET"]}}],"collection":[{"href":"https:\/\/radioljubuski.ba\/index.php\/wp-json\/wp\/v2\/posts"}],"about":[{"href":"https:\/\/radioljubuski.ba\/index.php\/wp-json\/wp\/v2\/types\/post"}],"author":[{"embeddable":true,"href":"https:\/\/radioljubuski.ba\/index.php\/wp-json\/wp\/v2\/users\/2"}],"replies":[{"embeddable":true,"href":"https:\/\/radioljubuski.ba\/index.php\/wp-json\/wp\/v2\/comments?post=61353"}],"version-history":[{"count":1,"href":"https:\/\/radioljubuski.ba\/index.php\/wp-json\/wp\/v2\/posts\/61353\/revisions"}],"predecessor-version":[{"id":61355,"href":"https:\/\/radioljubuski.ba\/index.php\/wp-json\/wp\/v2\/posts\/61353\/revisions\/61355"}],"wp:featuredmedia":[{"embeddable":true,"href":"https:\/\/radioljubuski.ba\/index.php\/wp-json\/wp\/v2\/media\/61354"}],"wp:attachment":[{"href":"https:\/\/radioljubuski.ba\/index.php\/wp-json\/wp\/v2\/media?parent=61353"}],"wp:term":[{"taxonomy":"category","embeddable":true,"href":"https:\/\/radioljubuski.ba\/index.php\/wp-json\/wp\/v2\/categories?post=61353"},{"taxonomy":"post_tag","embeddable":true,"href":"https:\/\/radioljubuski.ba\/index.php\/wp-json\/wp\/v2\/tags?post=61353"}],"curies":[{"name":"wp","href":"https:\/\/api.w.org\/{rel}","templated":true}]}}