{"id":61356,"date":"2021-09-05T00:02:32","date_gmt":"2021-09-04T23:02:32","guid":{"rendered":"https:\/\/radioljubuski.ba\/?p=61356"},"modified":"2021-09-05T00:02:33","modified_gmt":"2021-09-04T23:02:33","slug":"zupa-bl-alojzija-stepinca-na-savici-ostaje-na-cesti-grad-zagreb-nam-je-ostao-duzan","status":"publish","type":"post","link":"https:\/\/radioljubuski.ba\/index.php\/2021\/09\/05\/zupa-bl-alojzija-stepinca-na-savici-ostaje-na-cesti-grad-zagreb-nam-je-ostao-duzan\/","title":{"rendered":"\u017dupa bl. Alojzija Stepinca na Savici ostaje na cesti? \u2018Grad Zagreb nam je ostao du\u017ean\u2019"},"content":{"rendered":"\n<p>O sudbini \u017dupe bl. Alojzija Stepinca na Trnjanskoj Savici u Aktualnom Hrvatskoga katoli\u010dkoga radija u \u010detvrtak 2. rujna govorio je \u017eupnik Antun Vukmani\u0107, prenosi&nbsp;<a href=\"https:\/\/ika.hkm.hr\/novosti\/aktualno-ostaje-li-zupa-bl-alojzija-stepinca-na-trnjanskoj-savici-na-cesti\/\">IKA.<\/a><\/p>\n\n\n\n<p>Prva \u017eupa bl. Alojzija Stepinca u Zagreba\u010dkoj nadbiskupiji, njemu posve\u0107ena nakon beatifikacije, nalazi se na Trnjanskoj Savici. Premda postoji 22 godine, do danas nema \u017eupnu crkvu. Ove nedjelje izlazi i iz osnovne \u0161kole Jure Ka\u0161telana koja je vi\u0161e od dva desetlje\u0107a bila privremeno rje\u0161enje za nedjeljna i blagdanska liturgijska slavlja, no sada se obnavlja i dogra\u0111uje.<\/p>\n\n\n\n<p>\u017dupnik Vukmani\u0107 istaknuo je da \u0107e se liturgijski \u017eivot za oko 7 tisu\u0107a vjernika sada poku\u0161ati organizirati u Pastoralnom centru. Taj je prostor ure\u0111en prije deset godina financiranjem Zagreba\u010dke nadbiskupije. Ima kapelicu s 50 sjede\u0107ih mjesta, vjeronau\u010dnu dvoranu, \u017eupni ured i sakristiju, no prostor je premalen i neprimjeren za ve\u0107a liturgijska slavlja. Naime, otkupljena su tri poslovna prostora i preure\u0111ena u pastoralni centar. Stoga je unutarnja organizacija neadekvatna \u2013 zbog slije\u0111enja gra\u0111evinskih normi nisu se naprimjer mogli pomicati zidovi ili otvarati nova vrata, a vanjski su zidovi kao izlog, \u0161to je moralo biti zadr\u017eano, pa je prostor neprikladan i za svakodnevne pastoralne potrebe. Poslu\u017eio je za tjedna bogoslu\u017eja, \u017eupne kateheze, rad \u017eupnih vije\u0107a i \u017eupnog ureda, ali zbog veli\u010dine kapele nije prikladan za nedjeljne mise.<\/p>\n\n\n\n<p>Stoga \u0107e, kako je istaknuo vl\u010d. Vukmani\u0107, u prilago\u0111avanju novim okolnostima prvo pove\u0107ati broj nedjeljnih misnih slavlja \u2013 s postoje\u0107e tri na pet, a ako bude mogu\u0107e i ako bude sve\u0107enika na raspolaganju, i na \u0161est \u2013 sedam. Dosad su se mise slavile u 9, 11 i 18.30 sati, a sada \u0107e se dodati dvije prijepodne pa \u0107e se slaviti u 7.30, 8.45, 10 i 11.15 sati. Nedostaje im jo\u0161 sve\u0107enik koji bi slavio misu oko 4 ili 5 sati poslijepodne.<\/p>\n\n\n\n<p>U tom malom prostoru prije pandemije na blagdane ili zornice okupilo se i 120 ljudi, no danas je potrebno po\u0161tivati epidemiolo\u0161ke mjere pa \u0107e odre\u0111eni broj vjernika morati misu pratiti na balkonu ili u prolazu ispred ulaza u \u017eupni ured, rekao je \u017eupnik Vukmani\u0107, napomenuv\u0161i da im se treba omogu\u0107iti da \u010duju ili posredstvom ekrana vide \u0161to se doga\u0111a na oltaru i sudjeluju u misi.<\/p>\n\n\n\n<p>\u017dupnik Vukmani\u0107 podsjetio je da su pri osnutku \u017dupe 1999. godine dobili dopu\u0161tenje Gradskog ureda za odgoj i obrazovanje da se do izgradnje \u017eupne crkve nedjeljne mise mogu slaviti u predvorju \u0161kole. Tada nitko nije o\u010dekivao da se u 22 godine ne\u0107e uspjeti na\u0107i rje\u0161enje za izgradnju crkve na Savici, i da \u0107e \u017eupljani sve te godine ostati nedjeljni podstanari u \u0161koli. Jo\u0161 jednom je zahvalio \u0161koli, biv\u0161em i sada\u0161njem ravnatelju i svim djelatnicima na gostoprimstvu sve ove godine, kao i djeci koja su cijeli tjedan poha\u0111ala nastavu a onda nedjeljom dolazila u isti prostor slaviti misu, tako da je gotovo cijeli njihov \u017eivot vezan uz njega. Neki su se \u010dak u njemu i vjen\u010dali, a slavljeno je i vi\u0161e mladih misa. Vl\u010d. Vukmani\u0107 ponosno isti\u010de da su \u0161estorica sve\u0107enika danas s podru\u010dja te \u017eupe.<\/p>\n\n\n\n<p>Kada je \u017dupa osnovana 1999. godine, nekoliko mjeseci nakon Stepin\u010deve beatifikacije, vladalo je veliko odu\u0161evljenje, osnutak \u017dupe je bila naravna stvar \u2013 bl. Stepinac zaslu\u017euje takvu crkvu i mislilo se da \u0107e to sve biti jednostavno ostvariti. \u017dupnik Vukmani\u0107 izlo\u017eio je zatim proces koji je pratio nastojanja za izgradnjom vlastite crkve koji je postao vrlo slo\u017een. Nadbiskupski duhovni stol 1. rujna je zbog istinitoga informiranja vjernika i javnosti o odre\u0111enim s tim povezanim pitanjima dao iscrpne podatke.<\/p>\n\n\n\n<p>Vl\u010d. Vukmani\u0107 napomenuo je da u novoj gradskoj upravi ta tema jo\u0161 nije do\u0161la na red. Sada su prisiljeni povu\u0107i se u Pastoralni centar i napraviti \u0161to je mogu\u0107e. To nije dobro rje\u0161enje i ne mo\u017ee biti dugotrajno, i poku\u0161at \u0107e s novom gradskom upravom vidjeti imaju li prijedlog za novu lokaciju i na koji na\u010din Grad Zagreb misli vratiti ono \u0161to je ostao du\u017ean, rekao je \u017eupnik.<\/p>\n\n\n\n<p>Premda \u017eupa nije uspjela realizirati ugovor iz 2007. godine, \u017eupna zajednica ipak \u017eivi, prisutna je s Tijelovskim procesijama, molitvom na zelenoj povr\u0161ini, aktivno\u0161\u0107u molitvenih zajednica \u2013 u kona\u010dnici su to zapravo vapaji Bogu da se rije\u0161i pitanje izgradnje Crkve. Sve su te nevolje zapravo potaknule unutarnju snagu i ustrajnost u molitvi i okupljanju u nemogu\u0107im okolnostima, kazao je \u017eupnik, dodav\u0161i da ostaju vjerni uz Stepin\u010devo geslo \u201eU tebe se Gospodine uzdam\u201d.<\/p>\n\n\n\n<p>Vl\u010d. Vukmani\u0107 izrazio je nadu da \u0107e uspjeti rije\u0161iti pitanje zemlji\u0161ta koje \u0107e biti dovoljno veliko za izgradnju pastoralnoga centra, a na kojem bi uz potrebnu gra\u0111evinsku operativu za vrijeme izvo\u0111enja projekta bilo i mjesta na kojem bi se moglo postaviti privremeni oltar i organizirati okupljali\u0161te, pod \u0161atorom ili vedrim nebom, ali da mogu biti \u201esvoj na svome\u201d uz Gospodina.<\/p>\n\n\n\n<p><em>Izvor: narod.hr\/ika.hkm.hr<\/em><\/p>\n","protected":false},"excerpt":{"rendered":"<p>O sudbini \u017dupe bl. Alojzija Stepinca na Trnjanskoj Savici u Aktualnom Hrvatskoga katoli\u010dkoga radija u \u010detvrtak 2. rujna govorio je \u017eupnik Antun Vukmani\u0107, prenosi&nbsp;IKA. Prva \u017eupa bl. Alojzija Stepinca u Zagreba\u010dkoj nadbiskupiji, njemu posve\u0107ena nakon beatifikacije, nalazi se na Trnjanskoj Savici. Premda postoji 22 godine, do danas nema \u017eupnu crkvu. Ove nedjelje izlazi i iz [&hellip;]<\/p>\n","protected":false},"author":2,"featured_media":61357,"comment_status":"closed","ping_status":"closed","sticky":false,"template":"","format":"standard","meta":{"h5ap_radio_sources":[],"footnotes":""},"categories":[1],"tags":[],"class_list":["post-61356","post","type-post","status-publish","format-standard","has-post-thumbnail","hentry","category-bihiregija"],"yoast_head":"<!-- This site is optimized with the Yoast SEO plugin v27.5 - https:\/\/yoast.com\/product\/yoast-seo-wordpress\/ -->\n<title>\u017dupa bl. Alojzija Stepinca na Savici ostaje na cesti? \u2018Grad Zagreb nam je ostao du\u017ean\u2019 - RADIO LJUBU\u0160KI<\/title>\n<meta name=\"robots\" content=\"index, follow, max-snippet:-1, max-image-preview:large, max-video-preview:-1\" \/>\n<link rel=\"canonical\" href=\"https:\/\/radioljubuski.ba\/index.php\/2021\/09\/05\/zupa-bl-alojzija-stepinca-na-savici-ostaje-na-cesti-grad-zagreb-nam-je-ostao-duzan\/\" \/>\n<meta property=\"og:locale\" content=\"hr_HR\" \/>\n<meta property=\"og:type\" content=\"article\" \/>\n<meta property=\"og:title\" content=\"\u017dupa bl. Alojzija Stepinca na Savici ostaje na cesti? \u2018Grad Zagreb nam je ostao du\u017ean\u2019 - RADIO LJUBU\u0160KI\" \/>\n<meta property=\"og:description\" content=\"O sudbini \u017dupe bl. Alojzija Stepinca na Trnjanskoj Savici u Aktualnom Hrvatskoga katoli\u010dkoga radija u \u010detvrtak 2. rujna govorio je \u017eupnik Antun Vukmani\u0107, prenosi&nbsp;IKA. Prva \u017eupa bl. Alojzija Stepinca u Zagreba\u010dkoj nadbiskupiji, njemu posve\u0107ena nakon beatifikacije, nalazi se na Trnjanskoj Savici. Premda postoji 22 godine, do danas nema \u017eupnu crkvu. Ove nedjelje izlazi i iz [&hellip;]\" \/>\n<meta property=\"og:url\" content=\"https:\/\/radioljubuski.ba\/index.php\/2021\/09\/05\/zupa-bl-alojzija-stepinca-na-savici-ostaje-na-cesti-grad-zagreb-nam-je-ostao-duzan\/\" \/>\n<meta property=\"og:site_name\" content=\"RADIO LJUBU\u0160KI\" \/>\n<meta property=\"article:publisher\" content=\"https:\/\/www.facebook.com\/Radiio-Ljubuski-1490835324566332\" \/>\n<meta property=\"article:published_time\" content=\"2021-09-04T23:02:32+00:00\" \/>\n<meta property=\"article:modified_time\" content=\"2021-09-04T23:02:33+00:00\" \/>\n<meta property=\"og:image\" content=\"https:\/\/radioljubuski.ba\/wp-content\/uploads\/2021\/09\/HKR-696x497-1.jpg\" \/>\n\t<meta property=\"og:image:width\" content=\"696\" \/>\n\t<meta property=\"og:image:height\" content=\"497\" \/>\n\t<meta property=\"og:image:type\" content=\"image\/jpeg\" \/>\n<meta name=\"author\" content=\"Radio Ljubu\u0161ki\" \/>\n<meta name=\"twitter:card\" content=\"summary_large_image\" \/>\n<meta name=\"twitter:creator\" content=\"@radioljubuski\" \/>\n<meta name=\"twitter:site\" content=\"@radioljubuski\" \/>\n<meta name=\"twitter:label1\" content=\"Napisao\/la\" \/>\n\t<meta name=\"twitter:data1\" content=\"Radio Ljubu\u0161ki\" \/>\n\t<meta name=\"twitter:label2\" content=\"Procijenjeno vrijeme \u010ditanja\" \/>\n\t<meta name=\"twitter:data2\" content=\"4 minute\" \/>\n<script type=\"application\/ld+json\" class=\"yoast-schema-graph\">{\"@context\":\"https:\\\/\\\/schema.org\",\"@graph\":[{\"@type\":\"Article\",\"@id\":\"https:\\\/\\\/radioljubuski.ba\\\/index.php\\\/2021\\\/09\\\/05\\\/zupa-bl-alojzija-stepinca-na-savici-ostaje-na-cesti-grad-zagreb-nam-je-ostao-duzan\\\/#article\",\"isPartOf\":{\"@id\":\"https:\\\/\\\/radioljubuski.ba\\\/index.php\\\/2021\\\/09\\\/05\\\/zupa-bl-alojzija-stepinca-na-savici-ostaje-na-cesti-grad-zagreb-nam-je-ostao-duzan\\\/\"},\"author\":{\"name\":\"Radio Ljubu\u0161ki\",\"@id\":\"https:\\\/\\\/radioljubuski.ba\\\/#\\\/schema\\\/person\\\/19fc700381a780f69665d7956c469e3b\"},\"headline\":\"\u017dupa bl. Alojzija Stepinca na Savici ostaje na cesti? \u2018Grad Zagreb nam je ostao du\u017ean\u2019\",\"datePublished\":\"2021-09-04T23:02:32+00:00\",\"dateModified\":\"2021-09-04T23:02:33+00:00\",\"mainEntityOfPage\":{\"@id\":\"https:\\\/\\\/radioljubuski.ba\\\/index.php\\\/2021\\\/09\\\/05\\\/zupa-bl-alojzija-stepinca-na-savici-ostaje-na-cesti-grad-zagreb-nam-je-ostao-duzan\\\/\"},\"wordCount\":836,\"publisher\":{\"@id\":\"https:\\\/\\\/radioljubuski.ba\\\/#organization\"},\"image\":{\"@id\":\"https:\\\/\\\/radioljubuski.ba\\\/index.php\\\/2021\\\/09\\\/05\\\/zupa-bl-alojzija-stepinca-na-savici-ostaje-na-cesti-grad-zagreb-nam-je-ostao-duzan\\\/#primaryimage\"},\"thumbnailUrl\":\"https:\\\/\\\/radioljubuski.ba\\\/wp-content\\\/uploads\\\/2021\\\/09\\\/HKR-696x497-1.jpg\",\"articleSection\":[\"BIH i regija\"],\"inLanguage\":\"hr\"},{\"@type\":\"WebPage\",\"@id\":\"https:\\\/\\\/radioljubuski.ba\\\/index.php\\\/2021\\\/09\\\/05\\\/zupa-bl-alojzija-stepinca-na-savici-ostaje-na-cesti-grad-zagreb-nam-je-ostao-duzan\\\/\",\"url\":\"https:\\\/\\\/radioljubuski.ba\\\/index.php\\\/2021\\\/09\\\/05\\\/zupa-bl-alojzija-stepinca-na-savici-ostaje-na-cesti-grad-zagreb-nam-je-ostao-duzan\\\/\",\"name\":\"\u017dupa bl. Alojzija Stepinca na Savici ostaje na cesti? \u2018Grad Zagreb nam je ostao du\u017ean\u2019 - RADIO LJUBU\u0160KI\",\"isPartOf\":{\"@id\":\"https:\\\/\\\/radioljubuski.ba\\\/#website\"},\"primaryImageOfPage\":{\"@id\":\"https:\\\/\\\/radioljubuski.ba\\\/index.php\\\/2021\\\/09\\\/05\\\/zupa-bl-alojzija-stepinca-na-savici-ostaje-na-cesti-grad-zagreb-nam-je-ostao-duzan\\\/#primaryimage\"},\"image\":{\"@id\":\"https:\\\/\\\/radioljubuski.ba\\\/index.php\\\/2021\\\/09\\\/05\\\/zupa-bl-alojzija-stepinca-na-savici-ostaje-na-cesti-grad-zagreb-nam-je-ostao-duzan\\\/#primaryimage\"},\"thumbnailUrl\":\"https:\\\/\\\/radioljubuski.ba\\\/wp-content\\\/uploads\\\/2021\\\/09\\\/HKR-696x497-1.jpg\",\"datePublished\":\"2021-09-04T23:02:32+00:00\",\"dateModified\":\"2021-09-04T23:02:33+00:00\",\"breadcrumb\":{\"@id\":\"https:\\\/\\\/radioljubuski.ba\\\/index.php\\\/2021\\\/09\\\/05\\\/zupa-bl-alojzija-stepinca-na-savici-ostaje-na-cesti-grad-zagreb-nam-je-ostao-duzan\\\/#breadcrumb\"},\"inLanguage\":\"hr\",\"potentialAction\":[{\"@type\":\"ReadAction\",\"target\":[\"https:\\\/\\\/radioljubuski.ba\\\/index.php\\\/2021\\\/09\\\/05\\\/zupa-bl-alojzija-stepinca-na-savici-ostaje-na-cesti-grad-zagreb-nam-je-ostao-duzan\\\/\"]}]},{\"@type\":\"ImageObject\",\"inLanguage\":\"hr\",\"@id\":\"https:\\\/\\\/radioljubuski.ba\\\/index.php\\\/2021\\\/09\\\/05\\\/zupa-bl-alojzija-stepinca-na-savici-ostaje-na-cesti-grad-zagreb-nam-je-ostao-duzan\\\/#primaryimage\",\"url\":\"https:\\\/\\\/radioljubuski.ba\\\/wp-content\\\/uploads\\\/2021\\\/09\\\/HKR-696x497-1.jpg\",\"contentUrl\":\"https:\\\/\\\/radioljubuski.ba\\\/wp-content\\\/uploads\\\/2021\\\/09\\\/HKR-696x497-1.jpg\",\"width\":696,\"height\":497},{\"@type\":\"BreadcrumbList\",\"@id\":\"https:\\\/\\\/radioljubuski.ba\\\/index.php\\\/2021\\\/09\\\/05\\\/zupa-bl-alojzija-stepinca-na-savici-ostaje-na-cesti-grad-zagreb-nam-je-ostao-duzan\\\/#breadcrumb\",\"itemListElement\":[{\"@type\":\"ListItem\",\"position\":1,\"name\":\"Po\u010detna stranica\",\"item\":\"https:\\\/\\\/radioljubuski.ba\\\/\"},{\"@type\":\"ListItem\",\"position\":2,\"name\":\"\u017dupa bl. Alojzija Stepinca na Savici ostaje na cesti? \u2018Grad Zagreb nam je ostao du\u017ean\u2019\"}]},{\"@type\":\"WebSite\",\"@id\":\"https:\\\/\\\/radioljubuski.ba\\\/#website\",\"url\":\"https:\\\/\\\/radioljubuski.ba\\\/\",\"name\":\"Radio Ljubu\u0161ki\",\"description\":\"Sun\u010dana frekvencija Hercegovine\",\"publisher\":{\"@id\":\"https:\\\/\\\/radioljubuski.ba\\\/#organization\"},\"potentialAction\":[{\"@type\":\"SearchAction\",\"target\":{\"@type\":\"EntryPoint\",\"urlTemplate\":\"https:\\\/\\\/radioljubuski.ba\\\/?s={search_term_string}\"},\"query-input\":{\"@type\":\"PropertyValueSpecification\",\"valueRequired\":true,\"valueName\":\"search_term_string\"}}],\"inLanguage\":\"hr\"},{\"@type\":\"Organization\",\"@id\":\"https:\\\/\\\/radioljubuski.ba\\\/#organization\",\"name\":\"Radio Ljubu\u0161ki\",\"url\":\"https:\\\/\\\/radioljubuski.ba\\\/\",\"logo\":{\"@type\":\"ImageObject\",\"inLanguage\":\"hr\",\"@id\":\"https:\\\/\\\/radioljubuski.ba\\\/#\\\/schema\\\/logo\\\/image\\\/\",\"url\":\"https:\\\/\\\/radioljubuski.ba\\\/wp-content\\\/uploads\\\/2021\\\/02\\\/cropped-Radio_Ljubuski_logo1.jpg\",\"contentUrl\":\"https:\\\/\\\/radioljubuski.ba\\\/wp-content\\\/uploads\\\/2021\\\/02\\\/cropped-Radio_Ljubuski_logo1.jpg\",\"width\":512,\"height\":512,\"caption\":\"Radio Ljubu\u0161ki\"},\"image\":{\"@id\":\"https:\\\/\\\/radioljubuski.ba\\\/#\\\/schema\\\/logo\\\/image\\\/\"},\"sameAs\":[\"https:\\\/\\\/www.facebook.com\\\/Radiio-Ljubuski-1490835324566332\",\"https:\\\/\\\/x.com\\\/radioljubuski\",\"https:\\\/\\\/hr.linkedin.com\\\/company\\\/radio-ljubuski\",\"https:\\\/\\\/www.youtube.com\\\/channel\\\/UCHYaeO_n0Db3tjNGudGpXyw\"]},{\"@type\":\"Person\",\"@id\":\"https:\\\/\\\/radioljubuski.ba\\\/#\\\/schema\\\/person\\\/19fc700381a780f69665d7956c469e3b\",\"name\":\"Radio Ljubu\u0161ki\"}]}<\/script>\n<!-- \/ Yoast SEO plugin. -->","yoast_head_json":{"title":"\u017dupa bl. Alojzija Stepinca na Savici ostaje na cesti? \u2018Grad Zagreb nam je ostao du\u017ean\u2019 - RADIO LJUBU\u0160KI","robots":{"index":"index","follow":"follow","max-snippet":"max-snippet:-1","max-image-preview":"max-image-preview:large","max-video-preview":"max-video-preview:-1"},"canonical":"https:\/\/radioljubuski.ba\/index.php\/2021\/09\/05\/zupa-bl-alojzija-stepinca-na-savici-ostaje-na-cesti-grad-zagreb-nam-je-ostao-duzan\/","og_locale":"hr_HR","og_type":"article","og_title":"\u017dupa bl. Alojzija Stepinca na Savici ostaje na cesti? \u2018Grad Zagreb nam je ostao du\u017ean\u2019 - RADIO LJUBU\u0160KI","og_description":"O sudbini \u017dupe bl. Alojzija Stepinca na Trnjanskoj Savici u Aktualnom Hrvatskoga katoli\u010dkoga radija u \u010detvrtak 2. rujna govorio je \u017eupnik Antun Vukmani\u0107, prenosi&nbsp;IKA. Prva \u017eupa bl. Alojzija Stepinca u Zagreba\u010dkoj nadbiskupiji, njemu posve\u0107ena nakon beatifikacije, nalazi se na Trnjanskoj Savici. Premda postoji 22 godine, do danas nema \u017eupnu crkvu. Ove nedjelje izlazi i iz [&hellip;]","og_url":"https:\/\/radioljubuski.ba\/index.php\/2021\/09\/05\/zupa-bl-alojzija-stepinca-na-savici-ostaje-na-cesti-grad-zagreb-nam-je-ostao-duzan\/","og_site_name":"RADIO LJUBU\u0160KI","article_publisher":"https:\/\/www.facebook.com\/Radiio-Ljubuski-1490835324566332","article_published_time":"2021-09-04T23:02:32+00:00","article_modified_time":"2021-09-04T23:02:33+00:00","og_image":[{"width":696,"height":497,"url":"https:\/\/radioljubuski.ba\/wp-content\/uploads\/2021\/09\/HKR-696x497-1.jpg","type":"image\/jpeg"}],"author":"Radio Ljubu\u0161ki","twitter_card":"summary_large_image","twitter_creator":"@radioljubuski","twitter_site":"@radioljubuski","twitter_misc":{"Napisao\/la":"Radio Ljubu\u0161ki","Procijenjeno vrijeme \u010ditanja":"4 minute"},"schema":{"@context":"https:\/\/schema.org","@graph":[{"@type":"Article","@id":"https:\/\/radioljubuski.ba\/index.php\/2021\/09\/05\/zupa-bl-alojzija-stepinca-na-savici-ostaje-na-cesti-grad-zagreb-nam-je-ostao-duzan\/#article","isPartOf":{"@id":"https:\/\/radioljubuski.ba\/index.php\/2021\/09\/05\/zupa-bl-alojzija-stepinca-na-savici-ostaje-na-cesti-grad-zagreb-nam-je-ostao-duzan\/"},"author":{"name":"Radio Ljubu\u0161ki","@id":"https:\/\/radioljubuski.ba\/#\/schema\/person\/19fc700381a780f69665d7956c469e3b"},"headline":"\u017dupa bl. Alojzija Stepinca na Savici ostaje na cesti? \u2018Grad Zagreb nam je ostao du\u017ean\u2019","datePublished":"2021-09-04T23:02:32+00:00","dateModified":"2021-09-04T23:02:33+00:00","mainEntityOfPage":{"@id":"https:\/\/radioljubuski.ba\/index.php\/2021\/09\/05\/zupa-bl-alojzija-stepinca-na-savici-ostaje-na-cesti-grad-zagreb-nam-je-ostao-duzan\/"},"wordCount":836,"publisher":{"@id":"https:\/\/radioljubuski.ba\/#organization"},"image":{"@id":"https:\/\/radioljubuski.ba\/index.php\/2021\/09\/05\/zupa-bl-alojzija-stepinca-na-savici-ostaje-na-cesti-grad-zagreb-nam-je-ostao-duzan\/#primaryimage"},"thumbnailUrl":"https:\/\/radioljubuski.ba\/wp-content\/uploads\/2021\/09\/HKR-696x497-1.jpg","articleSection":["BIH i regija"],"inLanguage":"hr"},{"@type":"WebPage","@id":"https:\/\/radioljubuski.ba\/index.php\/2021\/09\/05\/zupa-bl-alojzija-stepinca-na-savici-ostaje-na-cesti-grad-zagreb-nam-je-ostao-duzan\/","url":"https:\/\/radioljubuski.ba\/index.php\/2021\/09\/05\/zupa-bl-alojzija-stepinca-na-savici-ostaje-na-cesti-grad-zagreb-nam-je-ostao-duzan\/","name":"\u017dupa bl. Alojzija Stepinca na Savici ostaje na cesti? \u2018Grad Zagreb nam je ostao du\u017ean\u2019 - RADIO LJUBU\u0160KI","isPartOf":{"@id":"https:\/\/radioljubuski.ba\/#website"},"primaryImageOfPage":{"@id":"https:\/\/radioljubuski.ba\/index.php\/2021\/09\/05\/zupa-bl-alojzija-stepinca-na-savici-ostaje-na-cesti-grad-zagreb-nam-je-ostao-duzan\/#primaryimage"},"image":{"@id":"https:\/\/radioljubuski.ba\/index.php\/2021\/09\/05\/zupa-bl-alojzija-stepinca-na-savici-ostaje-na-cesti-grad-zagreb-nam-je-ostao-duzan\/#primaryimage"},"thumbnailUrl":"https:\/\/radioljubuski.ba\/wp-content\/uploads\/2021\/09\/HKR-696x497-1.jpg","datePublished":"2021-09-04T23:02:32+00:00","dateModified":"2021-09-04T23:02:33+00:00","breadcrumb":{"@id":"https:\/\/radioljubuski.ba\/index.php\/2021\/09\/05\/zupa-bl-alojzija-stepinca-na-savici-ostaje-na-cesti-grad-zagreb-nam-je-ostao-duzan\/#breadcrumb"},"inLanguage":"hr","potentialAction":[{"@type":"ReadAction","target":["https:\/\/radioljubuski.ba\/index.php\/2021\/09\/05\/zupa-bl-alojzija-stepinca-na-savici-ostaje-na-cesti-grad-zagreb-nam-je-ostao-duzan\/"]}]},{"@type":"ImageObject","inLanguage":"hr","@id":"https:\/\/radioljubuski.ba\/index.php\/2021\/09\/05\/zupa-bl-alojzija-stepinca-na-savici-ostaje-na-cesti-grad-zagreb-nam-je-ostao-duzan\/#primaryimage","url":"https:\/\/radioljubuski.ba\/wp-content\/uploads\/2021\/09\/HKR-696x497-1.jpg","contentUrl":"https:\/\/radioljubuski.ba\/wp-content\/uploads\/2021\/09\/HKR-696x497-1.jpg","width":696,"height":497},{"@type":"BreadcrumbList","@id":"https:\/\/radioljubuski.ba\/index.php\/2021\/09\/05\/zupa-bl-alojzija-stepinca-na-savici-ostaje-na-cesti-grad-zagreb-nam-je-ostao-duzan\/#breadcrumb","itemListElement":[{"@type":"ListItem","position":1,"name":"Po\u010detna stranica","item":"https:\/\/radioljubuski.ba\/"},{"@type":"ListItem","position":2,"name":"\u017dupa bl. Alojzija Stepinca na Savici ostaje na cesti? \u2018Grad Zagreb nam je ostao du\u017ean\u2019"}]},{"@type":"WebSite","@id":"https:\/\/radioljubuski.ba\/#website","url":"https:\/\/radioljubuski.ba\/","name":"Radio Ljubu\u0161ki","description":"Sun\u010dana frekvencija Hercegovine","publisher":{"@id":"https:\/\/radioljubuski.ba\/#organization"},"potentialAction":[{"@type":"SearchAction","target":{"@type":"EntryPoint","urlTemplate":"https:\/\/radioljubuski.ba\/?s={search_term_string}"},"query-input":{"@type":"PropertyValueSpecification","valueRequired":true,"valueName":"search_term_string"}}],"inLanguage":"hr"},{"@type":"Organization","@id":"https:\/\/radioljubuski.ba\/#organization","name":"Radio Ljubu\u0161ki","url":"https:\/\/radioljubuski.ba\/","logo":{"@type":"ImageObject","inLanguage":"hr","@id":"https:\/\/radioljubuski.ba\/#\/schema\/logo\/image\/","url":"https:\/\/radioljubuski.ba\/wp-content\/uploads\/2021\/02\/cropped-Radio_Ljubuski_logo1.jpg","contentUrl":"https:\/\/radioljubuski.ba\/wp-content\/uploads\/2021\/02\/cropped-Radio_Ljubuski_logo1.jpg","width":512,"height":512,"caption":"Radio Ljubu\u0161ki"},"image":{"@id":"https:\/\/radioljubuski.ba\/#\/schema\/logo\/image\/"},"sameAs":["https:\/\/www.facebook.com\/Radiio-Ljubuski-1490835324566332","https:\/\/x.com\/radioljubuski","https:\/\/hr.linkedin.com\/company\/radio-ljubuski","https:\/\/www.youtube.com\/channel\/UCHYaeO_n0Db3tjNGudGpXyw"]},{"@type":"Person","@id":"https:\/\/radioljubuski.ba\/#\/schema\/person\/19fc700381a780f69665d7956c469e3b","name":"Radio Ljubu\u0161ki"}]}},"_links":{"self":[{"href":"https:\/\/radioljubuski.ba\/index.php\/wp-json\/wp\/v2\/posts\/61356","targetHints":{"allow":["GET"]}}],"collection":[{"href":"https:\/\/radioljubuski.ba\/index.php\/wp-json\/wp\/v2\/posts"}],"about":[{"href":"https:\/\/radioljubuski.ba\/index.php\/wp-json\/wp\/v2\/types\/post"}],"author":[{"embeddable":true,"href":"https:\/\/radioljubuski.ba\/index.php\/wp-json\/wp\/v2\/users\/2"}],"replies":[{"embeddable":true,"href":"https:\/\/radioljubuski.ba\/index.php\/wp-json\/wp\/v2\/comments?post=61356"}],"version-history":[{"count":1,"href":"https:\/\/radioljubuski.ba\/index.php\/wp-json\/wp\/v2\/posts\/61356\/revisions"}],"predecessor-version":[{"id":61358,"href":"https:\/\/radioljubuski.ba\/index.php\/wp-json\/wp\/v2\/posts\/61356\/revisions\/61358"}],"wp:featuredmedia":[{"embeddable":true,"href":"https:\/\/radioljubuski.ba\/index.php\/wp-json\/wp\/v2\/media\/61357"}],"wp:attachment":[{"href":"https:\/\/radioljubuski.ba\/index.php\/wp-json\/wp\/v2\/media?parent=61356"}],"wp:term":[{"taxonomy":"category","embeddable":true,"href":"https:\/\/radioljubuski.ba\/index.php\/wp-json\/wp\/v2\/categories?post=61356"},{"taxonomy":"post_tag","embeddable":true,"href":"https:\/\/radioljubuski.ba\/index.php\/wp-json\/wp\/v2\/tags?post=61356"}],"curies":[{"name":"wp","href":"https:\/\/api.w.org\/{rel}","templated":true}]}}