{"id":61359,"date":"2021-09-05T00:04:19","date_gmt":"2021-09-04T23:04:19","guid":{"rendered":"https:\/\/radioljubuski.ba\/?p=61359"},"modified":"2021-09-05T00:04:21","modified_gmt":"2021-09-04T23:04:21","slug":"njemacka-zadrzano-7-afganistanskih-migranata-zbog-krivotvorenih-dokumenata-i-prethodnih-deportacija","status":"publish","type":"post","link":"https:\/\/radioljubuski.ba\/index.php\/2021\/09\/05\/njemacka-zadrzano-7-afganistanskih-migranata-zbog-krivotvorenih-dokumenata-i-prethodnih-deportacija\/","title":{"rendered":"Njema\u010dka: Zadr\u017eano 7 afganistanskih migranata zbog krivotvorenih dokumenata i prethodnih deportacija"},"content":{"rendered":"\n<p>Sedam afganistanskih migranata zadr\u017eano je u Njema\u010dkoj nakon \u0161to je otkriveno da trojica imaju la\u017ene dokumente, a da su \u010detvorica prethodno deportirani zbog po\u010dinjenih kriminalnih djela \u2013 prenosi njema\u010dki Deutsche Welle.<\/p>\n\n\n\n<p>\u2013 Sedam Afganistanaca zadr\u017eano je nakon \u0161to su evakuirani u Njema\u010dku \u2013 rekao je njema\u010dki ministar unutarnjih poslova za novine Bild i Sonntag.<\/p>\n\n\n\n<p>\u201cJedan je priveden, dvojicu je policija zadr\u017eala u zra\u010dnoj luci. Trojica su imali krivotvorene dokumente a \u010detvorica su prethodno deportirana iz Njema\u010dke u Afganistan kao kriminalci. To su bili ozbiljni zlo\u010dini.\u201d \u2013 rekao je Seehofer.<\/p>\n\n\n\n<p>\u0160to se ti\u010de primanja afganistanskih migranata u Njema\u010dku ve\u0107ina analiti\u010dara se sla\u017ee da \u0107e se te\u0161ko ponoviti situacija iz 2015. kad je na stotine tisu\u0107a ljudi u\u0161lo u Njema\u010dku predstavljaju\u0107i se kao izbjeglice iz Afganistana.<\/p>\n\n\n\n<p>Njema\u010dka kancelarka Angela Merkel je u vezi toga nedavno komentirala: \u201eGorko, dramati\u010dno i stra\u0161no je to \u0161to se doga\u0111a, naro\u010dito za ljude u Afganistanu.\u201d Ona je priznala da je situacija dugo bila pogre\u0161no procijenjena. I jasno stavila do znanja da njema\u010dka vlada ne planira primiti ve\u0107i broj izbjeglica u Njema\u010dku. \u201eNa\u0161 glavni cilj je ponuditi perspektivu onima koji su nam direktno pomagali\u201d, istaknula je. Ona \u017eeli da se u okviru akcije evakuacije iz Afganistana izvu\u010de 10.000 pomaga\u010da i njihovih najbli\u017eih.<\/p>\n\n\n\n<p>Ostale izbjeglice bi se trebale pobrinuti \u201eda prona\u0111u sigurno mjesto\u201d u regiji. Njema\u010dka \u0107e pritom brzo ponuditi podr\u0161ku susjednim zemljama Afganistana koje primaju izbjeglice, obe\u0107ala je kancelarka \u2013 prenosi&nbsp;<a href=\"https:\/\/www.dw.com\/hr\/je-li-ponovo-mogu%C4%87a-drama-s-izbjeglicama-u-njema%C4%8Dkoj\/a-58907618\">DW<\/a>.<\/p>\n\n\n\n<p><em>Izvor: narod.hr\/dw.com<\/em><\/p>\n","protected":false},"excerpt":{"rendered":"<p>Sedam afganistanskih migranata zadr\u017eano je u Njema\u010dkoj nakon \u0161to je otkriveno da trojica imaju la\u017ene dokumente, a da su \u010detvorica prethodno deportirani zbog po\u010dinjenih kriminalnih djela \u2013 prenosi njema\u010dki Deutsche Welle. \u2013 Sedam Afganistanaca zadr\u017eano je nakon \u0161to su evakuirani u Njema\u010dku \u2013 rekao je njema\u010dki ministar unutarnjih poslova za novine Bild i Sonntag. \u201cJedan [&hellip;]<\/p>\n","protected":false},"author":2,"featured_media":61360,"comment_status":"closed","ping_status":"closed","sticky":false,"template":"","format":"standard","meta":{"h5ap_radio_sources":[],"footnotes":""},"categories":[1],"tags":[],"class_list":["post-61359","post","type-post","status-publish","format-standard","has-post-thumbnail","hentry","category-bihiregija"],"yoast_head":"<!-- This site is optimized with the Yoast SEO plugin v27.5 - https:\/\/yoast.com\/product\/yoast-seo-wordpress\/ -->\n<title>Njema\u010dka: Zadr\u017eano 7 afganistanskih migranata zbog krivotvorenih dokumenata i prethodnih deportacija - RADIO LJUBU\u0160KI<\/title>\n<meta name=\"robots\" content=\"index, follow, max-snippet:-1, max-image-preview:large, max-video-preview:-1\" \/>\n<link rel=\"canonical\" href=\"https:\/\/radioljubuski.ba\/index.php\/2021\/09\/05\/njemacka-zadrzano-7-afganistanskih-migranata-zbog-krivotvorenih-dokumenata-i-prethodnih-deportacija\/\" \/>\n<meta property=\"og:locale\" content=\"hr_HR\" \/>\n<meta property=\"og:type\" content=\"article\" \/>\n<meta property=\"og:title\" content=\"Njema\u010dka: Zadr\u017eano 7 afganistanskih migranata zbog krivotvorenih dokumenata i prethodnih deportacija - RADIO LJUBU\u0160KI\" \/>\n<meta property=\"og:description\" content=\"Sedam afganistanskih migranata zadr\u017eano je u Njema\u010dkoj nakon \u0161to je otkriveno da trojica imaju la\u017ene dokumente, a da su \u010detvorica prethodno deportirani zbog po\u010dinjenih kriminalnih djela \u2013 prenosi njema\u010dki Deutsche Welle. \u2013 Sedam Afganistanaca zadr\u017eano je nakon \u0161to su evakuirani u Njema\u010dku \u2013 rekao je njema\u010dki ministar unutarnjih poslova za novine Bild i Sonntag. \u201cJedan [&hellip;]\" \/>\n<meta property=\"og:url\" content=\"https:\/\/radioljubuski.ba\/index.php\/2021\/09\/05\/njemacka-zadrzano-7-afganistanskih-migranata-zbog-krivotvorenih-dokumenata-i-prethodnih-deportacija\/\" \/>\n<meta property=\"og:site_name\" content=\"RADIO LJUBU\u0160KI\" \/>\n<meta property=\"article:publisher\" content=\"https:\/\/www.facebook.com\/Radiio-Ljubuski-1490835324566332\" \/>\n<meta property=\"article:published_time\" content=\"2021-09-04T23:04:19+00:00\" \/>\n<meta property=\"article:modified_time\" content=\"2021-09-04T23:04:21+00:00\" \/>\n<meta property=\"og:image\" content=\"https:\/\/radioljubuski.ba\/wp-content\/uploads\/2021\/09\/HN20210830174319-696x436-1.jpg\" \/>\n\t<meta property=\"og:image:width\" content=\"696\" \/>\n\t<meta property=\"og:image:height\" content=\"436\" \/>\n\t<meta property=\"og:image:type\" content=\"image\/jpeg\" \/>\n<meta name=\"author\" content=\"Radio Ljubu\u0161ki\" \/>\n<meta name=\"twitter:card\" content=\"summary_large_image\" \/>\n<meta name=\"twitter:creator\" content=\"@radioljubuski\" \/>\n<meta name=\"twitter:site\" content=\"@radioljubuski\" \/>\n<meta name=\"twitter:label1\" content=\"Napisao\/la\" \/>\n\t<meta name=\"twitter:data1\" content=\"Radio Ljubu\u0161ki\" \/>\n\t<meta name=\"twitter:label2\" content=\"Procijenjeno vrijeme \u010ditanja\" \/>\n\t<meta name=\"twitter:data2\" content=\"2 minute\" \/>\n<script type=\"application\/ld+json\" class=\"yoast-schema-graph\">{\"@context\":\"https:\\\/\\\/schema.org\",\"@graph\":[{\"@type\":\"Article\",\"@id\":\"https:\\\/\\\/radioljubuski.ba\\\/index.php\\\/2021\\\/09\\\/05\\\/njemacka-zadrzano-7-afganistanskih-migranata-zbog-krivotvorenih-dokumenata-i-prethodnih-deportacija\\\/#article\",\"isPartOf\":{\"@id\":\"https:\\\/\\\/radioljubuski.ba\\\/index.php\\\/2021\\\/09\\\/05\\\/njemacka-zadrzano-7-afganistanskih-migranata-zbog-krivotvorenih-dokumenata-i-prethodnih-deportacija\\\/\"},\"author\":{\"name\":\"Radio Ljubu\u0161ki\",\"@id\":\"https:\\\/\\\/radioljubuski.ba\\\/#\\\/schema\\\/person\\\/19fc700381a780f69665d7956c469e3b\"},\"headline\":\"Njema\u010dka: Zadr\u017eano 7 afganistanskih migranata zbog krivotvorenih dokumenata i prethodnih deportacija\",\"datePublished\":\"2021-09-04T23:04:19+00:00\",\"dateModified\":\"2021-09-04T23:04:21+00:00\",\"mainEntityOfPage\":{\"@id\":\"https:\\\/\\\/radioljubuski.ba\\\/index.php\\\/2021\\\/09\\\/05\\\/njemacka-zadrzano-7-afganistanskih-migranata-zbog-krivotvorenih-dokumenata-i-prethodnih-deportacija\\\/\"},\"wordCount\":283,\"publisher\":{\"@id\":\"https:\\\/\\\/radioljubuski.ba\\\/#organization\"},\"image\":{\"@id\":\"https:\\\/\\\/radioljubuski.ba\\\/index.php\\\/2021\\\/09\\\/05\\\/njemacka-zadrzano-7-afganistanskih-migranata-zbog-krivotvorenih-dokumenata-i-prethodnih-deportacija\\\/#primaryimage\"},\"thumbnailUrl\":\"https:\\\/\\\/radioljubuski.ba\\\/wp-content\\\/uploads\\\/2021\\\/09\\\/HN20210830174319-696x436-1.jpg\",\"articleSection\":[\"BIH i regija\"],\"inLanguage\":\"hr\"},{\"@type\":\"WebPage\",\"@id\":\"https:\\\/\\\/radioljubuski.ba\\\/index.php\\\/2021\\\/09\\\/05\\\/njemacka-zadrzano-7-afganistanskih-migranata-zbog-krivotvorenih-dokumenata-i-prethodnih-deportacija\\\/\",\"url\":\"https:\\\/\\\/radioljubuski.ba\\\/index.php\\\/2021\\\/09\\\/05\\\/njemacka-zadrzano-7-afganistanskih-migranata-zbog-krivotvorenih-dokumenata-i-prethodnih-deportacija\\\/\",\"name\":\"Njema\u010dka: Zadr\u017eano 7 afganistanskih migranata zbog krivotvorenih dokumenata i prethodnih deportacija - RADIO LJUBU\u0160KI\",\"isPartOf\":{\"@id\":\"https:\\\/\\\/radioljubuski.ba\\\/#website\"},\"primaryImageOfPage\":{\"@id\":\"https:\\\/\\\/radioljubuski.ba\\\/index.php\\\/2021\\\/09\\\/05\\\/njemacka-zadrzano-7-afganistanskih-migranata-zbog-krivotvorenih-dokumenata-i-prethodnih-deportacija\\\/#primaryimage\"},\"image\":{\"@id\":\"https:\\\/\\\/radioljubuski.ba\\\/index.php\\\/2021\\\/09\\\/05\\\/njemacka-zadrzano-7-afganistanskih-migranata-zbog-krivotvorenih-dokumenata-i-prethodnih-deportacija\\\/#primaryimage\"},\"thumbnailUrl\":\"https:\\\/\\\/radioljubuski.ba\\\/wp-content\\\/uploads\\\/2021\\\/09\\\/HN20210830174319-696x436-1.jpg\",\"datePublished\":\"2021-09-04T23:04:19+00:00\",\"dateModified\":\"2021-09-04T23:04:21+00:00\",\"breadcrumb\":{\"@id\":\"https:\\\/\\\/radioljubuski.ba\\\/index.php\\\/2021\\\/09\\\/05\\\/njemacka-zadrzano-7-afganistanskih-migranata-zbog-krivotvorenih-dokumenata-i-prethodnih-deportacija\\\/#breadcrumb\"},\"inLanguage\":\"hr\",\"potentialAction\":[{\"@type\":\"ReadAction\",\"target\":[\"https:\\\/\\\/radioljubuski.ba\\\/index.php\\\/2021\\\/09\\\/05\\\/njemacka-zadrzano-7-afganistanskih-migranata-zbog-krivotvorenih-dokumenata-i-prethodnih-deportacija\\\/\"]}]},{\"@type\":\"ImageObject\",\"inLanguage\":\"hr\",\"@id\":\"https:\\\/\\\/radioljubuski.ba\\\/index.php\\\/2021\\\/09\\\/05\\\/njemacka-zadrzano-7-afganistanskih-migranata-zbog-krivotvorenih-dokumenata-i-prethodnih-deportacija\\\/#primaryimage\",\"url\":\"https:\\\/\\\/radioljubuski.ba\\\/wp-content\\\/uploads\\\/2021\\\/09\\\/HN20210830174319-696x436-1.jpg\",\"contentUrl\":\"https:\\\/\\\/radioljubuski.ba\\\/wp-content\\\/uploads\\\/2021\\\/09\\\/HN20210830174319-696x436-1.jpg\",\"width\":696,\"height\":436},{\"@type\":\"BreadcrumbList\",\"@id\":\"https:\\\/\\\/radioljubuski.ba\\\/index.php\\\/2021\\\/09\\\/05\\\/njemacka-zadrzano-7-afganistanskih-migranata-zbog-krivotvorenih-dokumenata-i-prethodnih-deportacija\\\/#breadcrumb\",\"itemListElement\":[{\"@type\":\"ListItem\",\"position\":1,\"name\":\"Po\u010detna stranica\",\"item\":\"https:\\\/\\\/radioljubuski.ba\\\/\"},{\"@type\":\"ListItem\",\"position\":2,\"name\":\"Njema\u010dka: Zadr\u017eano 7 afganistanskih migranata zbog krivotvorenih dokumenata i prethodnih deportacija\"}]},{\"@type\":\"WebSite\",\"@id\":\"https:\\\/\\\/radioljubuski.ba\\\/#website\",\"url\":\"https:\\\/\\\/radioljubuski.ba\\\/\",\"name\":\"Radio Ljubu\u0161ki\",\"description\":\"Sun\u010dana frekvencija Hercegovine\",\"publisher\":{\"@id\":\"https:\\\/\\\/radioljubuski.ba\\\/#organization\"},\"potentialAction\":[{\"@type\":\"SearchAction\",\"target\":{\"@type\":\"EntryPoint\",\"urlTemplate\":\"https:\\\/\\\/radioljubuski.ba\\\/?s={search_term_string}\"},\"query-input\":{\"@type\":\"PropertyValueSpecification\",\"valueRequired\":true,\"valueName\":\"search_term_string\"}}],\"inLanguage\":\"hr\"},{\"@type\":\"Organization\",\"@id\":\"https:\\\/\\\/radioljubuski.ba\\\/#organization\",\"name\":\"Radio Ljubu\u0161ki\",\"url\":\"https:\\\/\\\/radioljubuski.ba\\\/\",\"logo\":{\"@type\":\"ImageObject\",\"inLanguage\":\"hr\",\"@id\":\"https:\\\/\\\/radioljubuski.ba\\\/#\\\/schema\\\/logo\\\/image\\\/\",\"url\":\"https:\\\/\\\/radioljubuski.ba\\\/wp-content\\\/uploads\\\/2021\\\/02\\\/cropped-Radio_Ljubuski_logo1.jpg\",\"contentUrl\":\"https:\\\/\\\/radioljubuski.ba\\\/wp-content\\\/uploads\\\/2021\\\/02\\\/cropped-Radio_Ljubuski_logo1.jpg\",\"width\":512,\"height\":512,\"caption\":\"Radio Ljubu\u0161ki\"},\"image\":{\"@id\":\"https:\\\/\\\/radioljubuski.ba\\\/#\\\/schema\\\/logo\\\/image\\\/\"},\"sameAs\":[\"https:\\\/\\\/www.facebook.com\\\/Radiio-Ljubuski-1490835324566332\",\"https:\\\/\\\/x.com\\\/radioljubuski\",\"https:\\\/\\\/hr.linkedin.com\\\/company\\\/radio-ljubuski\",\"https:\\\/\\\/www.youtube.com\\\/channel\\\/UCHYaeO_n0Db3tjNGudGpXyw\"]},{\"@type\":\"Person\",\"@id\":\"https:\\\/\\\/radioljubuski.ba\\\/#\\\/schema\\\/person\\\/19fc700381a780f69665d7956c469e3b\",\"name\":\"Radio Ljubu\u0161ki\"}]}<\/script>\n<!-- \/ Yoast SEO plugin. -->","yoast_head_json":{"title":"Njema\u010dka: Zadr\u017eano 7 afganistanskih migranata zbog krivotvorenih dokumenata i prethodnih deportacija - RADIO LJUBU\u0160KI","robots":{"index":"index","follow":"follow","max-snippet":"max-snippet:-1","max-image-preview":"max-image-preview:large","max-video-preview":"max-video-preview:-1"},"canonical":"https:\/\/radioljubuski.ba\/index.php\/2021\/09\/05\/njemacka-zadrzano-7-afganistanskih-migranata-zbog-krivotvorenih-dokumenata-i-prethodnih-deportacija\/","og_locale":"hr_HR","og_type":"article","og_title":"Njema\u010dka: Zadr\u017eano 7 afganistanskih migranata zbog krivotvorenih dokumenata i prethodnih deportacija - RADIO LJUBU\u0160KI","og_description":"Sedam afganistanskih migranata zadr\u017eano je u Njema\u010dkoj nakon \u0161to je otkriveno da trojica imaju la\u017ene dokumente, a da su \u010detvorica prethodno deportirani zbog po\u010dinjenih kriminalnih djela \u2013 prenosi njema\u010dki Deutsche Welle. \u2013 Sedam Afganistanaca zadr\u017eano je nakon \u0161to su evakuirani u Njema\u010dku \u2013 rekao je njema\u010dki ministar unutarnjih poslova za novine Bild i Sonntag. \u201cJedan [&hellip;]","og_url":"https:\/\/radioljubuski.ba\/index.php\/2021\/09\/05\/njemacka-zadrzano-7-afganistanskih-migranata-zbog-krivotvorenih-dokumenata-i-prethodnih-deportacija\/","og_site_name":"RADIO LJUBU\u0160KI","article_publisher":"https:\/\/www.facebook.com\/Radiio-Ljubuski-1490835324566332","article_published_time":"2021-09-04T23:04:19+00:00","article_modified_time":"2021-09-04T23:04:21+00:00","og_image":[{"width":696,"height":436,"url":"https:\/\/radioljubuski.ba\/wp-content\/uploads\/2021\/09\/HN20210830174319-696x436-1.jpg","type":"image\/jpeg"}],"author":"Radio Ljubu\u0161ki","twitter_card":"summary_large_image","twitter_creator":"@radioljubuski","twitter_site":"@radioljubuski","twitter_misc":{"Napisao\/la":"Radio Ljubu\u0161ki","Procijenjeno vrijeme \u010ditanja":"2 minute"},"schema":{"@context":"https:\/\/schema.org","@graph":[{"@type":"Article","@id":"https:\/\/radioljubuski.ba\/index.php\/2021\/09\/05\/njemacka-zadrzano-7-afganistanskih-migranata-zbog-krivotvorenih-dokumenata-i-prethodnih-deportacija\/#article","isPartOf":{"@id":"https:\/\/radioljubuski.ba\/index.php\/2021\/09\/05\/njemacka-zadrzano-7-afganistanskih-migranata-zbog-krivotvorenih-dokumenata-i-prethodnih-deportacija\/"},"author":{"name":"Radio Ljubu\u0161ki","@id":"https:\/\/radioljubuski.ba\/#\/schema\/person\/19fc700381a780f69665d7956c469e3b"},"headline":"Njema\u010dka: Zadr\u017eano 7 afganistanskih migranata zbog krivotvorenih dokumenata i prethodnih deportacija","datePublished":"2021-09-04T23:04:19+00:00","dateModified":"2021-09-04T23:04:21+00:00","mainEntityOfPage":{"@id":"https:\/\/radioljubuski.ba\/index.php\/2021\/09\/05\/njemacka-zadrzano-7-afganistanskih-migranata-zbog-krivotvorenih-dokumenata-i-prethodnih-deportacija\/"},"wordCount":283,"publisher":{"@id":"https:\/\/radioljubuski.ba\/#organization"},"image":{"@id":"https:\/\/radioljubuski.ba\/index.php\/2021\/09\/05\/njemacka-zadrzano-7-afganistanskih-migranata-zbog-krivotvorenih-dokumenata-i-prethodnih-deportacija\/#primaryimage"},"thumbnailUrl":"https:\/\/radioljubuski.ba\/wp-content\/uploads\/2021\/09\/HN20210830174319-696x436-1.jpg","articleSection":["BIH i regija"],"inLanguage":"hr"},{"@type":"WebPage","@id":"https:\/\/radioljubuski.ba\/index.php\/2021\/09\/05\/njemacka-zadrzano-7-afganistanskih-migranata-zbog-krivotvorenih-dokumenata-i-prethodnih-deportacija\/","url":"https:\/\/radioljubuski.ba\/index.php\/2021\/09\/05\/njemacka-zadrzano-7-afganistanskih-migranata-zbog-krivotvorenih-dokumenata-i-prethodnih-deportacija\/","name":"Njema\u010dka: Zadr\u017eano 7 afganistanskih migranata zbog krivotvorenih dokumenata i prethodnih deportacija - RADIO LJUBU\u0160KI","isPartOf":{"@id":"https:\/\/radioljubuski.ba\/#website"},"primaryImageOfPage":{"@id":"https:\/\/radioljubuski.ba\/index.php\/2021\/09\/05\/njemacka-zadrzano-7-afganistanskih-migranata-zbog-krivotvorenih-dokumenata-i-prethodnih-deportacija\/#primaryimage"},"image":{"@id":"https:\/\/radioljubuski.ba\/index.php\/2021\/09\/05\/njemacka-zadrzano-7-afganistanskih-migranata-zbog-krivotvorenih-dokumenata-i-prethodnih-deportacija\/#primaryimage"},"thumbnailUrl":"https:\/\/radioljubuski.ba\/wp-content\/uploads\/2021\/09\/HN20210830174319-696x436-1.jpg","datePublished":"2021-09-04T23:04:19+00:00","dateModified":"2021-09-04T23:04:21+00:00","breadcrumb":{"@id":"https:\/\/radioljubuski.ba\/index.php\/2021\/09\/05\/njemacka-zadrzano-7-afganistanskih-migranata-zbog-krivotvorenih-dokumenata-i-prethodnih-deportacija\/#breadcrumb"},"inLanguage":"hr","potentialAction":[{"@type":"ReadAction","target":["https:\/\/radioljubuski.ba\/index.php\/2021\/09\/05\/njemacka-zadrzano-7-afganistanskih-migranata-zbog-krivotvorenih-dokumenata-i-prethodnih-deportacija\/"]}]},{"@type":"ImageObject","inLanguage":"hr","@id":"https:\/\/radioljubuski.ba\/index.php\/2021\/09\/05\/njemacka-zadrzano-7-afganistanskih-migranata-zbog-krivotvorenih-dokumenata-i-prethodnih-deportacija\/#primaryimage","url":"https:\/\/radioljubuski.ba\/wp-content\/uploads\/2021\/09\/HN20210830174319-696x436-1.jpg","contentUrl":"https:\/\/radioljubuski.ba\/wp-content\/uploads\/2021\/09\/HN20210830174319-696x436-1.jpg","width":696,"height":436},{"@type":"BreadcrumbList","@id":"https:\/\/radioljubuski.ba\/index.php\/2021\/09\/05\/njemacka-zadrzano-7-afganistanskih-migranata-zbog-krivotvorenih-dokumenata-i-prethodnih-deportacija\/#breadcrumb","itemListElement":[{"@type":"ListItem","position":1,"name":"Po\u010detna stranica","item":"https:\/\/radioljubuski.ba\/"},{"@type":"ListItem","position":2,"name":"Njema\u010dka: Zadr\u017eano 7 afganistanskih migranata zbog krivotvorenih dokumenata i prethodnih deportacija"}]},{"@type":"WebSite","@id":"https:\/\/radioljubuski.ba\/#website","url":"https:\/\/radioljubuski.ba\/","name":"Radio Ljubu\u0161ki","description":"Sun\u010dana frekvencija Hercegovine","publisher":{"@id":"https:\/\/radioljubuski.ba\/#organization"},"potentialAction":[{"@type":"SearchAction","target":{"@type":"EntryPoint","urlTemplate":"https:\/\/radioljubuski.ba\/?s={search_term_string}"},"query-input":{"@type":"PropertyValueSpecification","valueRequired":true,"valueName":"search_term_string"}}],"inLanguage":"hr"},{"@type":"Organization","@id":"https:\/\/radioljubuski.ba\/#organization","name":"Radio Ljubu\u0161ki","url":"https:\/\/radioljubuski.ba\/","logo":{"@type":"ImageObject","inLanguage":"hr","@id":"https:\/\/radioljubuski.ba\/#\/schema\/logo\/image\/","url":"https:\/\/radioljubuski.ba\/wp-content\/uploads\/2021\/02\/cropped-Radio_Ljubuski_logo1.jpg","contentUrl":"https:\/\/radioljubuski.ba\/wp-content\/uploads\/2021\/02\/cropped-Radio_Ljubuski_logo1.jpg","width":512,"height":512,"caption":"Radio Ljubu\u0161ki"},"image":{"@id":"https:\/\/radioljubuski.ba\/#\/schema\/logo\/image\/"},"sameAs":["https:\/\/www.facebook.com\/Radiio-Ljubuski-1490835324566332","https:\/\/x.com\/radioljubuski","https:\/\/hr.linkedin.com\/company\/radio-ljubuski","https:\/\/www.youtube.com\/channel\/UCHYaeO_n0Db3tjNGudGpXyw"]},{"@type":"Person","@id":"https:\/\/radioljubuski.ba\/#\/schema\/person\/19fc700381a780f69665d7956c469e3b","name":"Radio Ljubu\u0161ki"}]}},"_links":{"self":[{"href":"https:\/\/radioljubuski.ba\/index.php\/wp-json\/wp\/v2\/posts\/61359","targetHints":{"allow":["GET"]}}],"collection":[{"href":"https:\/\/radioljubuski.ba\/index.php\/wp-json\/wp\/v2\/posts"}],"about":[{"href":"https:\/\/radioljubuski.ba\/index.php\/wp-json\/wp\/v2\/types\/post"}],"author":[{"embeddable":true,"href":"https:\/\/radioljubuski.ba\/index.php\/wp-json\/wp\/v2\/users\/2"}],"replies":[{"embeddable":true,"href":"https:\/\/radioljubuski.ba\/index.php\/wp-json\/wp\/v2\/comments?post=61359"}],"version-history":[{"count":1,"href":"https:\/\/radioljubuski.ba\/index.php\/wp-json\/wp\/v2\/posts\/61359\/revisions"}],"predecessor-version":[{"id":61361,"href":"https:\/\/radioljubuski.ba\/index.php\/wp-json\/wp\/v2\/posts\/61359\/revisions\/61361"}],"wp:featuredmedia":[{"embeddable":true,"href":"https:\/\/radioljubuski.ba\/index.php\/wp-json\/wp\/v2\/media\/61360"}],"wp:attachment":[{"href":"https:\/\/radioljubuski.ba\/index.php\/wp-json\/wp\/v2\/media?parent=61359"}],"wp:term":[{"taxonomy":"category","embeddable":true,"href":"https:\/\/radioljubuski.ba\/index.php\/wp-json\/wp\/v2\/categories?post=61359"},{"taxonomy":"post_tag","embeddable":true,"href":"https:\/\/radioljubuski.ba\/index.php\/wp-json\/wp\/v2\/tags?post=61359"}],"curies":[{"name":"wp","href":"https:\/\/api.w.org\/{rel}","templated":true}]}}