{"id":61365,"date":"2021-09-05T00:10:39","date_gmt":"2021-09-04T23:10:39","guid":{"rendered":"https:\/\/radioljubuski.ba\/?p=61365"},"modified":"2021-09-05T00:10:41","modified_gmt":"2021-09-04T23:10:41","slug":"fuchs-covid-potvrde-nece-trebati-za-roditeljske-sastanke-ako-to-ravnatelji-ne-narede","status":"publish","type":"post","link":"https:\/\/radioljubuski.ba\/index.php\/2021\/09\/05\/fuchs-covid-potvrde-nece-trebati-za-roditeljske-sastanke-ako-to-ravnatelji-ne-narede\/","title":{"rendered":"Fuchs: COVID-potvrde ne\u0107e trebati za roditeljske sastanke, ako to ravnatelji ne narede"},"content":{"rendered":"\n<p>Velik je interes nastao nakon najave zagreba\u010dkog gradona\u010delnika o uvo\u0111enju gra\u0111anskog odgoja. O tome, ali i o svim drugim temama uo\u010di po\u010detka \u0161kolske godine s ministrom su razgovarali na&nbsp;<a href=\"https:\/\/dnevnik.hr\/vijesti\/koronavirus\/ministar-obrazovanja-radovan-fuchs-o-pocetku-nastave-reformi-obrazovanja-i-gradjanskom-odgoju-u-skolama---665384.html\">Dnevniku Nove TV.<\/a><\/p>\n\n\n\n<p>Ministar znanosti i obrazovanja, Radovan Fuchs, osvrnuo se na uvo\u0111enje gra\u0111anskog odgoja, po\u010detak nastave, mjere za novu akademsku godinu i na reformu obrazovanja.<\/p>\n\n\n\n<p>Kada je zagreba\u010dki gradona\u010delnik najavio uvo\u0111enje&nbsp;<strong>gra\u0111anskog odgoja<\/strong>&nbsp;u \u0161kole \u2013 nije nai\u0161ao na pretjeranu potporu. Me\u0111u onima koji nisu za to jest i sam ministar. Rijeka, primjerice, ima ve\u0107 nekoliko godina gra\u0111anski odgoj u \u0161koli kao izvannastavni predmet.<\/p>\n\n\n\n<p>\u201cRijeka je po\u010dela davno prije nego \u0161to je gra\u0111anski odgoj kao me\u0111upredmetna tema uop\u0107e uveden kao obavezni, odnosno me\u0111upredmet u sustav obrazovanja u Hrvatskoj\u201d, rekao je ministar reporterki Dnevnika Nove TV.<\/p>\n\n\n\n<div style=\"width: 640px;\" class=\"wp-video\"><video class=\"wp-video-shortcode\" id=\"video-61365-1\" width=\"640\" height=\"360\" preload=\"metadata\" controls=\"controls\"><source type=\"video\/mp4\" src=\"https:\/\/video.dnevnik.hr\/\/2021\/\/09\/\/03\/\/61325f5a42b90_62149373-2.mp4?_=1\" \/><a href=\"https:\/\/video.dnevnik.hr\/\/2021\/\/09\/\/03\/\/61325f5a42b90_62149373-2.mp4\">https:\/\/video.dnevnik.hr\/\/2021\/\/09\/\/03\/\/61325f5a42b90_62149373-2.mp4<\/a><\/video><\/div>\n\n\n\n<p><strong>Sljede\u0107i tjedan po\u010dinje nastava<\/strong><\/p>\n\n\n\n<p>Uskoro po\u010dinje nastava u osnovnim i srednjim \u0161kolama. Me\u0111imurska \u017eupanija, primjerice, ne\u0107e zahtijevati da u\u010denici nose za\u0161titne maske jer su uspjeli osigurati dovoljan fizi\u010dki razmak.<\/p>\n\n\n\n<p>\u201cU uputama jasno pi\u0161e da sva djeca koja sjede na na\u010din da je osiguran razmak, govorim od petog razreda na vi\u0161e, da mogu na nastavi biti bez maski\u201d, objasnio je.<\/p>\n\n\n\n<p>Ministar je iznio nove podatke o procijepljenosti prosvjetara. \u201cPodaci su se popravili i ja se nadam da \u0107e biti jo\u0161 bolji. Sad smo kod gimnazijskih profesora na 60 posto, srednje \u0161kole i strukovne su negdje na 58 posto\u201d, rekao je i dodao da nije zadovoljan jer bi procijepljenost trebala biti vi\u0161a.<\/p>\n\n\n\n<p><strong>COVID potvrde za roditelje?<\/strong><\/p>\n\n\n\n<p>COVID potvrde se ne\u0107e uvoditi za u\u010ditelje, ali mo\u017eda \u0107e biti potrebne roditeljima. \u201cCOVID potvrde se ne\u0107e koristiti za roditeljske sastanke, ako to ravnatelji ne narede\u201d, objasnio je.<\/p>\n\n\n\n<p>Po pitanju mentalnog zdravlja u\u010denika \u2013 ministar obja\u0161njava da \u0107e se posljedice \u201cterapirati\u201d te \u0107e to raditi ljudi koji su stru\u010dni u tom podru\u010dju. \u201cImamo li ih dosta, to je dobro pitanje. Vi znate da je u Austriji Klinika za dje\u010dju psihologija \u2013 ima listu \u010dekanja. Mislim da smo mi na\u0161im pristupom, da su djeca bila online svega pet tjedana, napravili jako puno u prevenciji\u201d, naveo je ministar.<\/p>\n\n\n\n<p>Ako se pogor\u0161a epidemiolo\u0161ka situacija \u0161kole se vjerojatno ne\u0107e zatvoriti. \u201cJa \u0107u se boriti i zalagati da \u0161kole ostanu otvorene\u201d, dodao je.<\/p>\n\n\n\n<p>Ove se godine uvode nacionalni ispiti, tzv. mala matura. Oni se ne\u0107e ocjenjivati zbog u\u010denika. \u201cOni \u0107e se ocjenjivati zbog nas. Provest \u0107e se u 80 \u0161kola \u2013 5. i 8. razredi. Kao prvi korak u implementaciju op\u0107ih nacionalnih ispita i nacionalni ispiti u prvom redu slu\u017ee kao provjera sustava \u0161to \u0161tima ili ne \u0161tima\u201d, rekao je.<\/p>\n\n\n\n<p><strong>Fakulteti mogu nastavu odr\u017eavati vani\u2026<\/strong><\/p>\n\n\n\n<p>Objavljene su nove upute za odr\u017eavanje nastave na fakultetima. Jedna od preporuka je da se nastava, gdje je mogu\u0107e, odr\u017ei na otvorenom. No, ve\u0107ina fakulteta nije u mogu\u0107nosti tako odra\u0111ivati nastavu. \u201cNa Kineziologiji na primjer. Mo\u017ee se vjerojatno organizirati neka mogu\u0107a predavanja vani. Mogu se grupirati u grupe studenata koji imaju COVID potvrde \u2013 ne moraju dr\u017eati distancu\u201d, izjavio je.<\/p>\n\n\n\n<p>Na pitanje novinarke mogu li profesori i u\u010ditelji odre\u0111enog predmeta skinuti maske ako su cijepljeni, ministar je odgovorio \u2013 \u201cMogu\u201d.<\/p>\n\n\n\n<p>Kurikulna reforma trenutno stoji u mjestu zbog pandemije koja je poremetila planove. Plan je da bi za nekoliko godina sve \u0161kole trajale od osam ujutro do 15 sati. \u201cTime \u0107e se napraviti ogroman prostor za dodatno provo\u0111enje nastave, bit \u0107e dovoljno vremena za utvr\u0111ivanje, ponavljanje, ocjenjivanje\u201d, komentirao je Fuchs.<\/p>\n\n\n\n<p><em>Izvor: narod.hr\/dnevnik.hr<\/em><\/p>\n","protected":false},"excerpt":{"rendered":"<p>Velik je interes nastao nakon najave zagreba\u010dkog gradona\u010delnika o uvo\u0111enju gra\u0111anskog odgoja. O tome, ali i o svim drugim temama uo\u010di po\u010detka \u0161kolske godine s ministrom su razgovarali na&nbsp;Dnevniku Nove TV. Ministar znanosti i obrazovanja, Radovan Fuchs, osvrnuo se na uvo\u0111enje gra\u0111anskog odgoja, po\u010detak nastave, mjere za novu akademsku godinu i na reformu obrazovanja. Kada [&hellip;]<\/p>\n","protected":false},"author":2,"featured_media":60850,"comment_status":"closed","ping_status":"closed","sticky":false,"template":"","format":"standard","meta":{"h5ap_radio_sources":[],"footnotes":""},"categories":[1],"tags":[],"class_list":["post-61365","post","type-post","status-publish","format-standard","has-post-thumbnail","hentry","category-bihiregija"],"yoast_head":"<!-- This site is optimized with the Yoast SEO plugin v27.5 - https:\/\/yoast.com\/product\/yoast-seo-wordpress\/ -->\n<title>Fuchs: COVID-potvrde ne\u0107e trebati za roditeljske sastanke, ako to ravnatelji ne narede - RADIO LJUBU\u0160KI<\/title>\n<meta name=\"robots\" content=\"index, follow, max-snippet:-1, max-image-preview:large, max-video-preview:-1\" \/>\n<link rel=\"canonical\" href=\"https:\/\/radioljubuski.ba\/index.php\/2021\/09\/05\/fuchs-covid-potvrde-nece-trebati-za-roditeljske-sastanke-ako-to-ravnatelji-ne-narede\/\" \/>\n<meta property=\"og:locale\" content=\"hr_HR\" \/>\n<meta property=\"og:type\" content=\"article\" \/>\n<meta property=\"og:title\" content=\"Fuchs: COVID-potvrde ne\u0107e trebati za roditeljske sastanke, ako to ravnatelji ne narede - RADIO LJUBU\u0160KI\" \/>\n<meta property=\"og:description\" content=\"Velik je interes nastao nakon najave zagreba\u010dkog gradona\u010delnika o uvo\u0111enju gra\u0111anskog odgoja. O tome, ali i o svim drugim temama uo\u010di po\u010detka \u0161kolske godine s ministrom su razgovarali na&nbsp;Dnevniku Nove TV. Ministar znanosti i obrazovanja, Radovan Fuchs, osvrnuo se na uvo\u0111enje gra\u0111anskog odgoja, po\u010detak nastave, mjere za novu akademsku godinu i na reformu obrazovanja. Kada [&hellip;]\" \/>\n<meta property=\"og:url\" content=\"https:\/\/radioljubuski.ba\/index.php\/2021\/09\/05\/fuchs-covid-potvrde-nece-trebati-za-roditeljske-sastanke-ako-to-ravnatelji-ne-narede\/\" \/>\n<meta property=\"og:site_name\" content=\"RADIO LJUBU\u0160KI\" \/>\n<meta property=\"article:publisher\" content=\"https:\/\/www.facebook.com\/Radiio-Ljubuski-1490835324566332\" \/>\n<meta property=\"article:published_time\" content=\"2021-09-04T23:10:39+00:00\" \/>\n<meta property=\"article:modified_time\" content=\"2021-09-04T23:10:41+00:00\" \/>\n<meta property=\"og:image\" content=\"https:\/\/radioljubuski.ba\/wp-content\/uploads\/2021\/09\/Radovan-Fuchs-696x542-1.jpg\" \/>\n\t<meta property=\"og:image:width\" content=\"696\" \/>\n\t<meta property=\"og:image:height\" content=\"542\" \/>\n\t<meta property=\"og:image:type\" content=\"image\/jpeg\" \/>\n<meta name=\"author\" content=\"Radio Ljubu\u0161ki\" \/>\n<meta name=\"twitter:card\" content=\"summary_large_image\" \/>\n<meta name=\"twitter:creator\" content=\"@radioljubuski\" \/>\n<meta name=\"twitter:site\" content=\"@radioljubuski\" \/>\n<meta name=\"twitter:label1\" content=\"Napisao\/la\" \/>\n\t<meta name=\"twitter:data1\" content=\"Radio Ljubu\u0161ki\" \/>\n\t<meta name=\"twitter:label2\" content=\"Procijenjeno vrijeme \u010ditanja\" \/>\n\t<meta name=\"twitter:data2\" content=\"3 minute\" \/>\n<script type=\"application\/ld+json\" class=\"yoast-schema-graph\">{\"@context\":\"https:\\\/\\\/schema.org\",\"@graph\":[{\"@type\":\"Article\",\"@id\":\"https:\\\/\\\/radioljubuski.ba\\\/index.php\\\/2021\\\/09\\\/05\\\/fuchs-covid-potvrde-nece-trebati-za-roditeljske-sastanke-ako-to-ravnatelji-ne-narede\\\/#article\",\"isPartOf\":{\"@id\":\"https:\\\/\\\/radioljubuski.ba\\\/index.php\\\/2021\\\/09\\\/05\\\/fuchs-covid-potvrde-nece-trebati-za-roditeljske-sastanke-ako-to-ravnatelji-ne-narede\\\/\"},\"author\":{\"name\":\"Radio Ljubu\u0161ki\",\"@id\":\"https:\\\/\\\/radioljubuski.ba\\\/#\\\/schema\\\/person\\\/19fc700381a780f69665d7956c469e3b\"},\"headline\":\"Fuchs: COVID-potvrde ne\u0107e trebati za roditeljske sastanke, ako to ravnatelji ne narede\",\"datePublished\":\"2021-09-04T23:10:39+00:00\",\"dateModified\":\"2021-09-04T23:10:41+00:00\",\"mainEntityOfPage\":{\"@id\":\"https:\\\/\\\/radioljubuski.ba\\\/index.php\\\/2021\\\/09\\\/05\\\/fuchs-covid-potvrde-nece-trebati-za-roditeljske-sastanke-ako-to-ravnatelji-ne-narede\\\/\"},\"wordCount\":630,\"publisher\":{\"@id\":\"https:\\\/\\\/radioljubuski.ba\\\/#organization\"},\"image\":{\"@id\":\"https:\\\/\\\/radioljubuski.ba\\\/index.php\\\/2021\\\/09\\\/05\\\/fuchs-covid-potvrde-nece-trebati-za-roditeljske-sastanke-ako-to-ravnatelji-ne-narede\\\/#primaryimage\"},\"thumbnailUrl\":\"https:\\\/\\\/radioljubuski.ba\\\/wp-content\\\/uploads\\\/2021\\\/09\\\/Radovan-Fuchs-696x542-1.jpg\",\"articleSection\":[\"BIH i regija\"],\"inLanguage\":\"hr\"},{\"@type\":\"WebPage\",\"@id\":\"https:\\\/\\\/radioljubuski.ba\\\/index.php\\\/2021\\\/09\\\/05\\\/fuchs-covid-potvrde-nece-trebati-za-roditeljske-sastanke-ako-to-ravnatelji-ne-narede\\\/\",\"url\":\"https:\\\/\\\/radioljubuski.ba\\\/index.php\\\/2021\\\/09\\\/05\\\/fuchs-covid-potvrde-nece-trebati-za-roditeljske-sastanke-ako-to-ravnatelji-ne-narede\\\/\",\"name\":\"Fuchs: COVID-potvrde ne\u0107e trebati za roditeljske sastanke, ako to ravnatelji ne narede - RADIO LJUBU\u0160KI\",\"isPartOf\":{\"@id\":\"https:\\\/\\\/radioljubuski.ba\\\/#website\"},\"primaryImageOfPage\":{\"@id\":\"https:\\\/\\\/radioljubuski.ba\\\/index.php\\\/2021\\\/09\\\/05\\\/fuchs-covid-potvrde-nece-trebati-za-roditeljske-sastanke-ako-to-ravnatelji-ne-narede\\\/#primaryimage\"},\"image\":{\"@id\":\"https:\\\/\\\/radioljubuski.ba\\\/index.php\\\/2021\\\/09\\\/05\\\/fuchs-covid-potvrde-nece-trebati-za-roditeljske-sastanke-ako-to-ravnatelji-ne-narede\\\/#primaryimage\"},\"thumbnailUrl\":\"https:\\\/\\\/radioljubuski.ba\\\/wp-content\\\/uploads\\\/2021\\\/09\\\/Radovan-Fuchs-696x542-1.jpg\",\"datePublished\":\"2021-09-04T23:10:39+00:00\",\"dateModified\":\"2021-09-04T23:10:41+00:00\",\"breadcrumb\":{\"@id\":\"https:\\\/\\\/radioljubuski.ba\\\/index.php\\\/2021\\\/09\\\/05\\\/fuchs-covid-potvrde-nece-trebati-za-roditeljske-sastanke-ako-to-ravnatelji-ne-narede\\\/#breadcrumb\"},\"inLanguage\":\"hr\",\"potentialAction\":[{\"@type\":\"ReadAction\",\"target\":[\"https:\\\/\\\/radioljubuski.ba\\\/index.php\\\/2021\\\/09\\\/05\\\/fuchs-covid-potvrde-nece-trebati-za-roditeljske-sastanke-ako-to-ravnatelji-ne-narede\\\/\"]}]},{\"@type\":\"ImageObject\",\"inLanguage\":\"hr\",\"@id\":\"https:\\\/\\\/radioljubuski.ba\\\/index.php\\\/2021\\\/09\\\/05\\\/fuchs-covid-potvrde-nece-trebati-za-roditeljske-sastanke-ako-to-ravnatelji-ne-narede\\\/#primaryimage\",\"url\":\"https:\\\/\\\/radioljubuski.ba\\\/wp-content\\\/uploads\\\/2021\\\/09\\\/Radovan-Fuchs-696x542-1.jpg\",\"contentUrl\":\"https:\\\/\\\/radioljubuski.ba\\\/wp-content\\\/uploads\\\/2021\\\/09\\\/Radovan-Fuchs-696x542-1.jpg\",\"width\":696,\"height\":542},{\"@type\":\"BreadcrumbList\",\"@id\":\"https:\\\/\\\/radioljubuski.ba\\\/index.php\\\/2021\\\/09\\\/05\\\/fuchs-covid-potvrde-nece-trebati-za-roditeljske-sastanke-ako-to-ravnatelji-ne-narede\\\/#breadcrumb\",\"itemListElement\":[{\"@type\":\"ListItem\",\"position\":1,\"name\":\"Po\u010detna stranica\",\"item\":\"https:\\\/\\\/radioljubuski.ba\\\/\"},{\"@type\":\"ListItem\",\"position\":2,\"name\":\"Fuchs: COVID-potvrde ne\u0107e trebati za roditeljske sastanke, ako to ravnatelji ne narede\"}]},{\"@type\":\"WebSite\",\"@id\":\"https:\\\/\\\/radioljubuski.ba\\\/#website\",\"url\":\"https:\\\/\\\/radioljubuski.ba\\\/\",\"name\":\"Radio Ljubu\u0161ki\",\"description\":\"Sun\u010dana frekvencija Hercegovine\",\"publisher\":{\"@id\":\"https:\\\/\\\/radioljubuski.ba\\\/#organization\"},\"potentialAction\":[{\"@type\":\"SearchAction\",\"target\":{\"@type\":\"EntryPoint\",\"urlTemplate\":\"https:\\\/\\\/radioljubuski.ba\\\/?s={search_term_string}\"},\"query-input\":{\"@type\":\"PropertyValueSpecification\",\"valueRequired\":true,\"valueName\":\"search_term_string\"}}],\"inLanguage\":\"hr\"},{\"@type\":\"Organization\",\"@id\":\"https:\\\/\\\/radioljubuski.ba\\\/#organization\",\"name\":\"Radio Ljubu\u0161ki\",\"url\":\"https:\\\/\\\/radioljubuski.ba\\\/\",\"logo\":{\"@type\":\"ImageObject\",\"inLanguage\":\"hr\",\"@id\":\"https:\\\/\\\/radioljubuski.ba\\\/#\\\/schema\\\/logo\\\/image\\\/\",\"url\":\"https:\\\/\\\/radioljubuski.ba\\\/wp-content\\\/uploads\\\/2021\\\/02\\\/cropped-Radio_Ljubuski_logo1.jpg\",\"contentUrl\":\"https:\\\/\\\/radioljubuski.ba\\\/wp-content\\\/uploads\\\/2021\\\/02\\\/cropped-Radio_Ljubuski_logo1.jpg\",\"width\":512,\"height\":512,\"caption\":\"Radio Ljubu\u0161ki\"},\"image\":{\"@id\":\"https:\\\/\\\/radioljubuski.ba\\\/#\\\/schema\\\/logo\\\/image\\\/\"},\"sameAs\":[\"https:\\\/\\\/www.facebook.com\\\/Radiio-Ljubuski-1490835324566332\",\"https:\\\/\\\/x.com\\\/radioljubuski\",\"https:\\\/\\\/hr.linkedin.com\\\/company\\\/radio-ljubuski\",\"https:\\\/\\\/www.youtube.com\\\/channel\\\/UCHYaeO_n0Db3tjNGudGpXyw\"]},{\"@type\":\"Person\",\"@id\":\"https:\\\/\\\/radioljubuski.ba\\\/#\\\/schema\\\/person\\\/19fc700381a780f69665d7956c469e3b\",\"name\":\"Radio Ljubu\u0161ki\"}]}<\/script>\n<!-- \/ Yoast SEO plugin. -->","yoast_head_json":{"title":"Fuchs: COVID-potvrde ne\u0107e trebati za roditeljske sastanke, ako to ravnatelji ne narede - RADIO LJUBU\u0160KI","robots":{"index":"index","follow":"follow","max-snippet":"max-snippet:-1","max-image-preview":"max-image-preview:large","max-video-preview":"max-video-preview:-1"},"canonical":"https:\/\/radioljubuski.ba\/index.php\/2021\/09\/05\/fuchs-covid-potvrde-nece-trebati-za-roditeljske-sastanke-ako-to-ravnatelji-ne-narede\/","og_locale":"hr_HR","og_type":"article","og_title":"Fuchs: COVID-potvrde ne\u0107e trebati za roditeljske sastanke, ako to ravnatelji ne narede - RADIO LJUBU\u0160KI","og_description":"Velik je interes nastao nakon najave zagreba\u010dkog gradona\u010delnika o uvo\u0111enju gra\u0111anskog odgoja. O tome, ali i o svim drugim temama uo\u010di po\u010detka \u0161kolske godine s ministrom su razgovarali na&nbsp;Dnevniku Nove TV. Ministar znanosti i obrazovanja, Radovan Fuchs, osvrnuo se na uvo\u0111enje gra\u0111anskog odgoja, po\u010detak nastave, mjere za novu akademsku godinu i na reformu obrazovanja. Kada [&hellip;]","og_url":"https:\/\/radioljubuski.ba\/index.php\/2021\/09\/05\/fuchs-covid-potvrde-nece-trebati-za-roditeljske-sastanke-ako-to-ravnatelji-ne-narede\/","og_site_name":"RADIO LJUBU\u0160KI","article_publisher":"https:\/\/www.facebook.com\/Radiio-Ljubuski-1490835324566332","article_published_time":"2021-09-04T23:10:39+00:00","article_modified_time":"2021-09-04T23:10:41+00:00","og_image":[{"width":696,"height":542,"url":"https:\/\/radioljubuski.ba\/wp-content\/uploads\/2021\/09\/Radovan-Fuchs-696x542-1.jpg","type":"image\/jpeg"}],"author":"Radio Ljubu\u0161ki","twitter_card":"summary_large_image","twitter_creator":"@radioljubuski","twitter_site":"@radioljubuski","twitter_misc":{"Napisao\/la":"Radio Ljubu\u0161ki","Procijenjeno vrijeme \u010ditanja":"3 minute"},"schema":{"@context":"https:\/\/schema.org","@graph":[{"@type":"Article","@id":"https:\/\/radioljubuski.ba\/index.php\/2021\/09\/05\/fuchs-covid-potvrde-nece-trebati-za-roditeljske-sastanke-ako-to-ravnatelji-ne-narede\/#article","isPartOf":{"@id":"https:\/\/radioljubuski.ba\/index.php\/2021\/09\/05\/fuchs-covid-potvrde-nece-trebati-za-roditeljske-sastanke-ako-to-ravnatelji-ne-narede\/"},"author":{"name":"Radio Ljubu\u0161ki","@id":"https:\/\/radioljubuski.ba\/#\/schema\/person\/19fc700381a780f69665d7956c469e3b"},"headline":"Fuchs: COVID-potvrde ne\u0107e trebati za roditeljske sastanke, ako to ravnatelji ne narede","datePublished":"2021-09-04T23:10:39+00:00","dateModified":"2021-09-04T23:10:41+00:00","mainEntityOfPage":{"@id":"https:\/\/radioljubuski.ba\/index.php\/2021\/09\/05\/fuchs-covid-potvrde-nece-trebati-za-roditeljske-sastanke-ako-to-ravnatelji-ne-narede\/"},"wordCount":630,"publisher":{"@id":"https:\/\/radioljubuski.ba\/#organization"},"image":{"@id":"https:\/\/radioljubuski.ba\/index.php\/2021\/09\/05\/fuchs-covid-potvrde-nece-trebati-za-roditeljske-sastanke-ako-to-ravnatelji-ne-narede\/#primaryimage"},"thumbnailUrl":"https:\/\/radioljubuski.ba\/wp-content\/uploads\/2021\/09\/Radovan-Fuchs-696x542-1.jpg","articleSection":["BIH i regija"],"inLanguage":"hr"},{"@type":"WebPage","@id":"https:\/\/radioljubuski.ba\/index.php\/2021\/09\/05\/fuchs-covid-potvrde-nece-trebati-za-roditeljske-sastanke-ako-to-ravnatelji-ne-narede\/","url":"https:\/\/radioljubuski.ba\/index.php\/2021\/09\/05\/fuchs-covid-potvrde-nece-trebati-za-roditeljske-sastanke-ako-to-ravnatelji-ne-narede\/","name":"Fuchs: COVID-potvrde ne\u0107e trebati za roditeljske sastanke, ako to ravnatelji ne narede - RADIO LJUBU\u0160KI","isPartOf":{"@id":"https:\/\/radioljubuski.ba\/#website"},"primaryImageOfPage":{"@id":"https:\/\/radioljubuski.ba\/index.php\/2021\/09\/05\/fuchs-covid-potvrde-nece-trebati-za-roditeljske-sastanke-ako-to-ravnatelji-ne-narede\/#primaryimage"},"image":{"@id":"https:\/\/radioljubuski.ba\/index.php\/2021\/09\/05\/fuchs-covid-potvrde-nece-trebati-za-roditeljske-sastanke-ako-to-ravnatelji-ne-narede\/#primaryimage"},"thumbnailUrl":"https:\/\/radioljubuski.ba\/wp-content\/uploads\/2021\/09\/Radovan-Fuchs-696x542-1.jpg","datePublished":"2021-09-04T23:10:39+00:00","dateModified":"2021-09-04T23:10:41+00:00","breadcrumb":{"@id":"https:\/\/radioljubuski.ba\/index.php\/2021\/09\/05\/fuchs-covid-potvrde-nece-trebati-za-roditeljske-sastanke-ako-to-ravnatelji-ne-narede\/#breadcrumb"},"inLanguage":"hr","potentialAction":[{"@type":"ReadAction","target":["https:\/\/radioljubuski.ba\/index.php\/2021\/09\/05\/fuchs-covid-potvrde-nece-trebati-za-roditeljske-sastanke-ako-to-ravnatelji-ne-narede\/"]}]},{"@type":"ImageObject","inLanguage":"hr","@id":"https:\/\/radioljubuski.ba\/index.php\/2021\/09\/05\/fuchs-covid-potvrde-nece-trebati-za-roditeljske-sastanke-ako-to-ravnatelji-ne-narede\/#primaryimage","url":"https:\/\/radioljubuski.ba\/wp-content\/uploads\/2021\/09\/Radovan-Fuchs-696x542-1.jpg","contentUrl":"https:\/\/radioljubuski.ba\/wp-content\/uploads\/2021\/09\/Radovan-Fuchs-696x542-1.jpg","width":696,"height":542},{"@type":"BreadcrumbList","@id":"https:\/\/radioljubuski.ba\/index.php\/2021\/09\/05\/fuchs-covid-potvrde-nece-trebati-za-roditeljske-sastanke-ako-to-ravnatelji-ne-narede\/#breadcrumb","itemListElement":[{"@type":"ListItem","position":1,"name":"Po\u010detna stranica","item":"https:\/\/radioljubuski.ba\/"},{"@type":"ListItem","position":2,"name":"Fuchs: COVID-potvrde ne\u0107e trebati za roditeljske sastanke, ako to ravnatelji ne narede"}]},{"@type":"WebSite","@id":"https:\/\/radioljubuski.ba\/#website","url":"https:\/\/radioljubuski.ba\/","name":"Radio Ljubu\u0161ki","description":"Sun\u010dana frekvencija Hercegovine","publisher":{"@id":"https:\/\/radioljubuski.ba\/#organization"},"potentialAction":[{"@type":"SearchAction","target":{"@type":"EntryPoint","urlTemplate":"https:\/\/radioljubuski.ba\/?s={search_term_string}"},"query-input":{"@type":"PropertyValueSpecification","valueRequired":true,"valueName":"search_term_string"}}],"inLanguage":"hr"},{"@type":"Organization","@id":"https:\/\/radioljubuski.ba\/#organization","name":"Radio Ljubu\u0161ki","url":"https:\/\/radioljubuski.ba\/","logo":{"@type":"ImageObject","inLanguage":"hr","@id":"https:\/\/radioljubuski.ba\/#\/schema\/logo\/image\/","url":"https:\/\/radioljubuski.ba\/wp-content\/uploads\/2021\/02\/cropped-Radio_Ljubuski_logo1.jpg","contentUrl":"https:\/\/radioljubuski.ba\/wp-content\/uploads\/2021\/02\/cropped-Radio_Ljubuski_logo1.jpg","width":512,"height":512,"caption":"Radio Ljubu\u0161ki"},"image":{"@id":"https:\/\/radioljubuski.ba\/#\/schema\/logo\/image\/"},"sameAs":["https:\/\/www.facebook.com\/Radiio-Ljubuski-1490835324566332","https:\/\/x.com\/radioljubuski","https:\/\/hr.linkedin.com\/company\/radio-ljubuski","https:\/\/www.youtube.com\/channel\/UCHYaeO_n0Db3tjNGudGpXyw"]},{"@type":"Person","@id":"https:\/\/radioljubuski.ba\/#\/schema\/person\/19fc700381a780f69665d7956c469e3b","name":"Radio Ljubu\u0161ki"}]}},"_links":{"self":[{"href":"https:\/\/radioljubuski.ba\/index.php\/wp-json\/wp\/v2\/posts\/61365","targetHints":{"allow":["GET"]}}],"collection":[{"href":"https:\/\/radioljubuski.ba\/index.php\/wp-json\/wp\/v2\/posts"}],"about":[{"href":"https:\/\/radioljubuski.ba\/index.php\/wp-json\/wp\/v2\/types\/post"}],"author":[{"embeddable":true,"href":"https:\/\/radioljubuski.ba\/index.php\/wp-json\/wp\/v2\/users\/2"}],"replies":[{"embeddable":true,"href":"https:\/\/radioljubuski.ba\/index.php\/wp-json\/wp\/v2\/comments?post=61365"}],"version-history":[{"count":1,"href":"https:\/\/radioljubuski.ba\/index.php\/wp-json\/wp\/v2\/posts\/61365\/revisions"}],"predecessor-version":[{"id":61366,"href":"https:\/\/radioljubuski.ba\/index.php\/wp-json\/wp\/v2\/posts\/61365\/revisions\/61366"}],"wp:featuredmedia":[{"embeddable":true,"href":"https:\/\/radioljubuski.ba\/index.php\/wp-json\/wp\/v2\/media\/60850"}],"wp:attachment":[{"href":"https:\/\/radioljubuski.ba\/index.php\/wp-json\/wp\/v2\/media?parent=61365"}],"wp:term":[{"taxonomy":"category","embeddable":true,"href":"https:\/\/radioljubuski.ba\/index.php\/wp-json\/wp\/v2\/categories?post=61365"},{"taxonomy":"post_tag","embeddable":true,"href":"https:\/\/radioljubuski.ba\/index.php\/wp-json\/wp\/v2\/tags?post=61365"}],"curies":[{"name":"wp","href":"https:\/\/api.w.org\/{rel}","templated":true}]}}