{"id":61367,"date":"2021-09-05T00:14:00","date_gmt":"2021-09-04T23:14:00","guid":{"rendered":"https:\/\/radioljubuski.ba\/?p=61367"},"modified":"2021-09-05T00:14:02","modified_gmt":"2021-09-04T23:14:02","slug":"je-li-puljak-obmanuo-javnost-ili-mu-je-netko-lagao","status":"publish","type":"post","link":"https:\/\/radioljubuski.ba\/index.php\/2021\/09\/05\/je-li-puljak-obmanuo-javnost-ili-mu-je-netko-lagao\/","title":{"rendered":"Je li Puljak obmanuo javnost ili mu je netko lagao?"},"content":{"rendered":"\n<p><strong>U javnost je procurila snimka sjednice Upravnog vije\u0107a Javne ustanove \u0161portski objekti, koja kompromitira splitskog gradona\u010delnika Ivicu Puljka. Upravno vije\u0107e te ustanove, u kojem ve\u0107inu dr\u017ee ljudi koje je osobno imenovao Puljak &#8211; jednoglasno je odbilo produljiti ugovor o radu \u010dista\u010dici s 80-postotnim invaliditetom i majci dvoje maloljetne djece.<\/strong><\/p>\n\n\n\n<p>Razlog &#8211; gospo\u0111a nosi isto prezime kao i \u010dovjek koji radi u tvrtki \u010diji je vlasnik bio na listi\u00a0<strong>\u017deljka Keruma<\/strong>\u00a0na posljednjim lokalnim izborima, a ujedno je poslovni partner navedene ustanove. Snimka dovodi u pitanje tvrdnju splitskog gradona\u010delnika Ivice Puljka da je odluka o tome da se ugovor ne produlji &#8211; bila jednoglasna. Puljkov najbli\u017ei suradnik\u00a0<strong>Igor Skoko<\/strong>\u00a0sve opovrgava.<br><br>&#8211; Svih 9 \u010dlanova Upravnog vije\u0107a bilo je &#8216;za&#8217;. \u017delim samo naglasiti da u trenutku dono\u0161enja odluke nitko nije znao da se radi o osobi s invaliditetom. \u010cak ni predsjednik Radni\u010dkog vije\u0107a to nije znao, a ako je znao, nije nam rekao. To je veliki problem. Naime, Javna ustanova \u0160portski objekti ve\u0107 godinama pla\u0107a kazne jer nema dovoljno zaposlenih osoba s invaliditetom. Da je ta osoba pri zapo\u0161ljavanju donijela potvrdu da je osoba s invaliditetom, Javna ustanova bi pla\u0107ala manju kaznu, kazao je.<\/p>\n\n\n\n<div style=\"width: 640px;\" class=\"wp-video\"><video class=\"wp-video-shortcode\" id=\"video-61367-1\" width=\"640\" height=\"360\" preload=\"metadata\" controls=\"controls\"><source type=\"video\/mp4\" src=\"https:\/\/api.hrt.hr\/media\/6e\/bd\/v17-040921-tonskoko-20210904155129.mp4?_=1\" \/><a href=\"https:\/\/api.hrt.hr\/media\/6e\/bd\/v17-040921-tonskoko-20210904155129.mp4\">https:\/\/api.hrt.hr\/media\/6e\/bd\/v17-040921-tonskoko-20210904155129.mp4<\/a><\/video><\/div>\n\n\n\n<p>Je li gradona\u010delnik obmanuo javnost ili je netko njemu lagao? Jo\u0161 u \u010detvrtak novinarima je rekao: &#8220;Postoji dokument koji potvr\u0111uje da je odluka donesena jednoglasno&#8221;.&nbsp;A onda je u javnost procurila snimka koja mu ne ide u prilog. Sa sjednice Upravnog vije\u0107a javne ustanove sportski objekti, na kojoj se trebao verificirati zapisnik, me\u0111u ostalim i o spornom otkazu.&nbsp;Spominje se manipuliranje zapisnicima, politi\u010dka odmazda, a svi se pitaju kako je mogu\u0107e da je od osamnaest djelatnika na ugovoru o djelu bez posla ostala \u010dista\u010dica s 80-postotnim invaliditetom, majka dvoje djece.&nbsp;<br><br><strong>Ante Piplovi\u0107<\/strong>, predstavnik radnika, ka\u017ee kako je ona zaposlena uz jo\u0161 dva domara. Pita se kako otkaz nisu dobili oni.&nbsp;<br><br>&#8211; To je zbog prezimena. Ima isto prezime kao direktor parkinga, tvrdi.<\/p>\n\n\n\n<p><strong>Oporba likuje, partneri u vlasti oprezni<\/strong><br><br>&#8211; Gospodin gradona\u010delnik nije dorastao funkciji koju obna\u0161a. Na\u017ealost, izgubili smo dobrog fizi\u010dara, a dobili neozbiljnog gradona\u010delnika, rekao je HDZ-ov\u00a0<strong>Vice Mihanovi\u0107<\/strong>\u00a0(HDZ).<br><br><strong>Josip Markoti\u0107<\/strong>\u00a0iz Mosta ka\u017ee kako ova situacija naru\u0161ava kredibilitet i povjerenje. Ne \u017eeli, dodaje, spekulirati, a Most \u0107e se javno pozicionirati tek nakon razgovora s gradona\u010delnikom.\u00a0<br><br>Nova vlast &#8211; nova pravila igre, to je, ka\u017eu, razlog neproduljivanju ugovora.\u00a0<strong>Skoko<\/strong>\u00a0tvrdi kako se do njihovog dolaska na vlast u Splitu zapo\u0161ljavalo po strana\u010dkoj iskaznici i rodbinskim vezama, a od sada se, dodaje &#8211; nitko ne\u0107e zapo\u0161ljavati bez natje\u010daja.<br><br>\u017divi bili, pa vidjeli.<\/p>\n\n\n\n<div style=\"width: 640px;\" class=\"wp-video\"><video class=\"wp-video-shortcode\" id=\"video-61367-2\" width=\"640\" height=\"360\" preload=\"metadata\" controls=\"controls\"><source type=\"video\/mp4\" src=\"https:\/\/api.hrt.hr\/media\/b4\/ad\/tvd2-otkaz-split-20210904175815.mp4?_=2\" \/><a href=\"https:\/\/api.hrt.hr\/media\/b4\/ad\/tvd2-otkaz-split-20210904175815.mp4\">https:\/\/api.hrt.hr\/media\/b4\/ad\/tvd2-otkaz-split-20210904175815.mp4<\/a><\/video><\/div>\n\n\n\n<p>Izvor:hrt.hr<\/p>\n","protected":false},"excerpt":{"rendered":"<p>U javnost je procurila snimka sjednice Upravnog vije\u0107a Javne ustanove \u0161portski objekti, koja kompromitira splitskog gradona\u010delnika Ivicu Puljka. Upravno vije\u0107e te ustanove, u kojem ve\u0107inu dr\u017ee ljudi koje je osobno imenovao Puljak &#8211; jednoglasno je odbilo produljiti ugovor o radu \u010dista\u010dici s 80-postotnim invaliditetom i majci dvoje maloljetne djece. Razlog &#8211; gospo\u0111a nosi isto prezime [&hellip;]<\/p>\n","protected":false},"author":2,"featured_media":61368,"comment_status":"closed","ping_status":"closed","sticky":false,"template":"","format":"standard","meta":{"h5ap_radio_sources":[],"footnotes":""},"categories":[1],"tags":[],"class_list":["post-61367","post","type-post","status-publish","format-standard","has-post-thumbnail","hentry","category-bihiregija"],"yoast_head":"<!-- This site is optimized with the Yoast SEO plugin v27.5 - https:\/\/yoast.com\/product\/yoast-seo-wordpress\/ -->\n<title>Je li Puljak obmanuo javnost ili mu je netko lagao? - RADIO LJUBU\u0160KI<\/title>\n<meta name=\"robots\" content=\"index, follow, max-snippet:-1, max-image-preview:large, max-video-preview:-1\" \/>\n<link rel=\"canonical\" href=\"https:\/\/radioljubuski.ba\/index.php\/2021\/09\/05\/je-li-puljak-obmanuo-javnost-ili-mu-je-netko-lagao\/\" \/>\n<meta property=\"og:locale\" content=\"hr_HR\" \/>\n<meta property=\"og:type\" content=\"article\" \/>\n<meta property=\"og:title\" content=\"Je li Puljak obmanuo javnost ili mu je netko lagao? - RADIO LJUBU\u0160KI\" \/>\n<meta property=\"og:description\" content=\"U javnost je procurila snimka sjednice Upravnog vije\u0107a Javne ustanove \u0161portski objekti, koja kompromitira splitskog gradona\u010delnika Ivicu Puljka. Upravno vije\u0107e te ustanove, u kojem ve\u0107inu dr\u017ee ljudi koje je osobno imenovao Puljak &#8211; jednoglasno je odbilo produljiti ugovor o radu \u010dista\u010dici s 80-postotnim invaliditetom i majci dvoje maloljetne djece. Razlog &#8211; gospo\u0111a nosi isto prezime [&hellip;]\" \/>\n<meta property=\"og:url\" content=\"https:\/\/radioljubuski.ba\/index.php\/2021\/09\/05\/je-li-puljak-obmanuo-javnost-ili-mu-je-netko-lagao\/\" \/>\n<meta property=\"og:site_name\" content=\"RADIO LJUBU\u0160KI\" \/>\n<meta property=\"article:publisher\" content=\"https:\/\/www.facebook.com\/Radiio-Ljubuski-1490835324566332\" \/>\n<meta property=\"article:published_time\" content=\"2021-09-04T23:14:00+00:00\" \/>\n<meta property=\"article:modified_time\" content=\"2021-09-04T23:14:02+00:00\" \/>\n<meta property=\"og:image\" content=\"https:\/\/radioljubuski.ba\/wp-content\/uploads\/2021\/09\/preuzmi-11.jpg\" \/>\n\t<meta property=\"og:image:width\" content=\"303\" \/>\n\t<meta property=\"og:image:height\" content=\"167\" \/>\n\t<meta property=\"og:image:type\" content=\"image\/jpeg\" \/>\n<meta name=\"author\" content=\"Radio Ljubu\u0161ki\" \/>\n<meta name=\"twitter:card\" content=\"summary_large_image\" \/>\n<meta name=\"twitter:creator\" content=\"@radioljubuski\" \/>\n<meta name=\"twitter:site\" content=\"@radioljubuski\" \/>\n<meta name=\"twitter:label1\" content=\"Napisao\/la\" \/>\n\t<meta name=\"twitter:data1\" content=\"Radio Ljubu\u0161ki\" \/>\n\t<meta name=\"twitter:label2\" content=\"Procijenjeno vrijeme \u010ditanja\" \/>\n\t<meta name=\"twitter:data2\" content=\"2 minute\" \/>\n<script type=\"application\/ld+json\" class=\"yoast-schema-graph\">{\"@context\":\"https:\\\/\\\/schema.org\",\"@graph\":[{\"@type\":\"Article\",\"@id\":\"https:\\\/\\\/radioljubuski.ba\\\/index.php\\\/2021\\\/09\\\/05\\\/je-li-puljak-obmanuo-javnost-ili-mu-je-netko-lagao\\\/#article\",\"isPartOf\":{\"@id\":\"https:\\\/\\\/radioljubuski.ba\\\/index.php\\\/2021\\\/09\\\/05\\\/je-li-puljak-obmanuo-javnost-ili-mu-je-netko-lagao\\\/\"},\"author\":{\"name\":\"Radio Ljubu\u0161ki\",\"@id\":\"https:\\\/\\\/radioljubuski.ba\\\/#\\\/schema\\\/person\\\/19fc700381a780f69665d7956c469e3b\"},\"headline\":\"Je li Puljak obmanuo javnost ili mu je netko lagao?\",\"datePublished\":\"2021-09-04T23:14:00+00:00\",\"dateModified\":\"2021-09-04T23:14:02+00:00\",\"mainEntityOfPage\":{\"@id\":\"https:\\\/\\\/radioljubuski.ba\\\/index.php\\\/2021\\\/09\\\/05\\\/je-li-puljak-obmanuo-javnost-ili-mu-je-netko-lagao\\\/\"},\"wordCount\":491,\"publisher\":{\"@id\":\"https:\\\/\\\/radioljubuski.ba\\\/#organization\"},\"image\":{\"@id\":\"https:\\\/\\\/radioljubuski.ba\\\/index.php\\\/2021\\\/09\\\/05\\\/je-li-puljak-obmanuo-javnost-ili-mu-je-netko-lagao\\\/#primaryimage\"},\"thumbnailUrl\":\"https:\\\/\\\/radioljubuski.ba\\\/wp-content\\\/uploads\\\/2021\\\/09\\\/preuzmi-11.jpg\",\"articleSection\":[\"BIH i regija\"],\"inLanguage\":\"hr\"},{\"@type\":\"WebPage\",\"@id\":\"https:\\\/\\\/radioljubuski.ba\\\/index.php\\\/2021\\\/09\\\/05\\\/je-li-puljak-obmanuo-javnost-ili-mu-je-netko-lagao\\\/\",\"url\":\"https:\\\/\\\/radioljubuski.ba\\\/index.php\\\/2021\\\/09\\\/05\\\/je-li-puljak-obmanuo-javnost-ili-mu-je-netko-lagao\\\/\",\"name\":\"Je li Puljak obmanuo javnost ili mu je netko lagao? - RADIO LJUBU\u0160KI\",\"isPartOf\":{\"@id\":\"https:\\\/\\\/radioljubuski.ba\\\/#website\"},\"primaryImageOfPage\":{\"@id\":\"https:\\\/\\\/radioljubuski.ba\\\/index.php\\\/2021\\\/09\\\/05\\\/je-li-puljak-obmanuo-javnost-ili-mu-je-netko-lagao\\\/#primaryimage\"},\"image\":{\"@id\":\"https:\\\/\\\/radioljubuski.ba\\\/index.php\\\/2021\\\/09\\\/05\\\/je-li-puljak-obmanuo-javnost-ili-mu-je-netko-lagao\\\/#primaryimage\"},\"thumbnailUrl\":\"https:\\\/\\\/radioljubuski.ba\\\/wp-content\\\/uploads\\\/2021\\\/09\\\/preuzmi-11.jpg\",\"datePublished\":\"2021-09-04T23:14:00+00:00\",\"dateModified\":\"2021-09-04T23:14:02+00:00\",\"breadcrumb\":{\"@id\":\"https:\\\/\\\/radioljubuski.ba\\\/index.php\\\/2021\\\/09\\\/05\\\/je-li-puljak-obmanuo-javnost-ili-mu-je-netko-lagao\\\/#breadcrumb\"},\"inLanguage\":\"hr\",\"potentialAction\":[{\"@type\":\"ReadAction\",\"target\":[\"https:\\\/\\\/radioljubuski.ba\\\/index.php\\\/2021\\\/09\\\/05\\\/je-li-puljak-obmanuo-javnost-ili-mu-je-netko-lagao\\\/\"]}]},{\"@type\":\"ImageObject\",\"inLanguage\":\"hr\",\"@id\":\"https:\\\/\\\/radioljubuski.ba\\\/index.php\\\/2021\\\/09\\\/05\\\/je-li-puljak-obmanuo-javnost-ili-mu-je-netko-lagao\\\/#primaryimage\",\"url\":\"https:\\\/\\\/radioljubuski.ba\\\/wp-content\\\/uploads\\\/2021\\\/09\\\/preuzmi-11.jpg\",\"contentUrl\":\"https:\\\/\\\/radioljubuski.ba\\\/wp-content\\\/uploads\\\/2021\\\/09\\\/preuzmi-11.jpg\",\"width\":303,\"height\":167},{\"@type\":\"BreadcrumbList\",\"@id\":\"https:\\\/\\\/radioljubuski.ba\\\/index.php\\\/2021\\\/09\\\/05\\\/je-li-puljak-obmanuo-javnost-ili-mu-je-netko-lagao\\\/#breadcrumb\",\"itemListElement\":[{\"@type\":\"ListItem\",\"position\":1,\"name\":\"Po\u010detna stranica\",\"item\":\"https:\\\/\\\/radioljubuski.ba\\\/\"},{\"@type\":\"ListItem\",\"position\":2,\"name\":\"Je li Puljak obmanuo javnost ili mu je netko lagao?\"}]},{\"@type\":\"WebSite\",\"@id\":\"https:\\\/\\\/radioljubuski.ba\\\/#website\",\"url\":\"https:\\\/\\\/radioljubuski.ba\\\/\",\"name\":\"Radio Ljubu\u0161ki\",\"description\":\"Sun\u010dana frekvencija Hercegovine\",\"publisher\":{\"@id\":\"https:\\\/\\\/radioljubuski.ba\\\/#organization\"},\"potentialAction\":[{\"@type\":\"SearchAction\",\"target\":{\"@type\":\"EntryPoint\",\"urlTemplate\":\"https:\\\/\\\/radioljubuski.ba\\\/?s={search_term_string}\"},\"query-input\":{\"@type\":\"PropertyValueSpecification\",\"valueRequired\":true,\"valueName\":\"search_term_string\"}}],\"inLanguage\":\"hr\"},{\"@type\":\"Organization\",\"@id\":\"https:\\\/\\\/radioljubuski.ba\\\/#organization\",\"name\":\"Radio Ljubu\u0161ki\",\"url\":\"https:\\\/\\\/radioljubuski.ba\\\/\",\"logo\":{\"@type\":\"ImageObject\",\"inLanguage\":\"hr\",\"@id\":\"https:\\\/\\\/radioljubuski.ba\\\/#\\\/schema\\\/logo\\\/image\\\/\",\"url\":\"https:\\\/\\\/radioljubuski.ba\\\/wp-content\\\/uploads\\\/2021\\\/02\\\/cropped-Radio_Ljubuski_logo1.jpg\",\"contentUrl\":\"https:\\\/\\\/radioljubuski.ba\\\/wp-content\\\/uploads\\\/2021\\\/02\\\/cropped-Radio_Ljubuski_logo1.jpg\",\"width\":512,\"height\":512,\"caption\":\"Radio Ljubu\u0161ki\"},\"image\":{\"@id\":\"https:\\\/\\\/radioljubuski.ba\\\/#\\\/schema\\\/logo\\\/image\\\/\"},\"sameAs\":[\"https:\\\/\\\/www.facebook.com\\\/Radiio-Ljubuski-1490835324566332\",\"https:\\\/\\\/x.com\\\/radioljubuski\",\"https:\\\/\\\/hr.linkedin.com\\\/company\\\/radio-ljubuski\",\"https:\\\/\\\/www.youtube.com\\\/channel\\\/UCHYaeO_n0Db3tjNGudGpXyw\"]},{\"@type\":\"Person\",\"@id\":\"https:\\\/\\\/radioljubuski.ba\\\/#\\\/schema\\\/person\\\/19fc700381a780f69665d7956c469e3b\",\"name\":\"Radio Ljubu\u0161ki\"}]}<\/script>\n<!-- \/ Yoast SEO plugin. -->","yoast_head_json":{"title":"Je li Puljak obmanuo javnost ili mu je netko lagao? - RADIO LJUBU\u0160KI","robots":{"index":"index","follow":"follow","max-snippet":"max-snippet:-1","max-image-preview":"max-image-preview:large","max-video-preview":"max-video-preview:-1"},"canonical":"https:\/\/radioljubuski.ba\/index.php\/2021\/09\/05\/je-li-puljak-obmanuo-javnost-ili-mu-je-netko-lagao\/","og_locale":"hr_HR","og_type":"article","og_title":"Je li Puljak obmanuo javnost ili mu je netko lagao? - RADIO LJUBU\u0160KI","og_description":"U javnost je procurila snimka sjednice Upravnog vije\u0107a Javne ustanove \u0161portski objekti, koja kompromitira splitskog gradona\u010delnika Ivicu Puljka. Upravno vije\u0107e te ustanove, u kojem ve\u0107inu dr\u017ee ljudi koje je osobno imenovao Puljak &#8211; jednoglasno je odbilo produljiti ugovor o radu \u010dista\u010dici s 80-postotnim invaliditetom i majci dvoje maloljetne djece. Razlog &#8211; gospo\u0111a nosi isto prezime [&hellip;]","og_url":"https:\/\/radioljubuski.ba\/index.php\/2021\/09\/05\/je-li-puljak-obmanuo-javnost-ili-mu-je-netko-lagao\/","og_site_name":"RADIO LJUBU\u0160KI","article_publisher":"https:\/\/www.facebook.com\/Radiio-Ljubuski-1490835324566332","article_published_time":"2021-09-04T23:14:00+00:00","article_modified_time":"2021-09-04T23:14:02+00:00","og_image":[{"width":303,"height":167,"url":"https:\/\/radioljubuski.ba\/wp-content\/uploads\/2021\/09\/preuzmi-11.jpg","type":"image\/jpeg"}],"author":"Radio Ljubu\u0161ki","twitter_card":"summary_large_image","twitter_creator":"@radioljubuski","twitter_site":"@radioljubuski","twitter_misc":{"Napisao\/la":"Radio Ljubu\u0161ki","Procijenjeno vrijeme \u010ditanja":"2 minute"},"schema":{"@context":"https:\/\/schema.org","@graph":[{"@type":"Article","@id":"https:\/\/radioljubuski.ba\/index.php\/2021\/09\/05\/je-li-puljak-obmanuo-javnost-ili-mu-je-netko-lagao\/#article","isPartOf":{"@id":"https:\/\/radioljubuski.ba\/index.php\/2021\/09\/05\/je-li-puljak-obmanuo-javnost-ili-mu-je-netko-lagao\/"},"author":{"name":"Radio Ljubu\u0161ki","@id":"https:\/\/radioljubuski.ba\/#\/schema\/person\/19fc700381a780f69665d7956c469e3b"},"headline":"Je li Puljak obmanuo javnost ili mu je netko lagao?","datePublished":"2021-09-04T23:14:00+00:00","dateModified":"2021-09-04T23:14:02+00:00","mainEntityOfPage":{"@id":"https:\/\/radioljubuski.ba\/index.php\/2021\/09\/05\/je-li-puljak-obmanuo-javnost-ili-mu-je-netko-lagao\/"},"wordCount":491,"publisher":{"@id":"https:\/\/radioljubuski.ba\/#organization"},"image":{"@id":"https:\/\/radioljubuski.ba\/index.php\/2021\/09\/05\/je-li-puljak-obmanuo-javnost-ili-mu-je-netko-lagao\/#primaryimage"},"thumbnailUrl":"https:\/\/radioljubuski.ba\/wp-content\/uploads\/2021\/09\/preuzmi-11.jpg","articleSection":["BIH i regija"],"inLanguage":"hr"},{"@type":"WebPage","@id":"https:\/\/radioljubuski.ba\/index.php\/2021\/09\/05\/je-li-puljak-obmanuo-javnost-ili-mu-je-netko-lagao\/","url":"https:\/\/radioljubuski.ba\/index.php\/2021\/09\/05\/je-li-puljak-obmanuo-javnost-ili-mu-je-netko-lagao\/","name":"Je li Puljak obmanuo javnost ili mu je netko lagao? - RADIO LJUBU\u0160KI","isPartOf":{"@id":"https:\/\/radioljubuski.ba\/#website"},"primaryImageOfPage":{"@id":"https:\/\/radioljubuski.ba\/index.php\/2021\/09\/05\/je-li-puljak-obmanuo-javnost-ili-mu-je-netko-lagao\/#primaryimage"},"image":{"@id":"https:\/\/radioljubuski.ba\/index.php\/2021\/09\/05\/je-li-puljak-obmanuo-javnost-ili-mu-je-netko-lagao\/#primaryimage"},"thumbnailUrl":"https:\/\/radioljubuski.ba\/wp-content\/uploads\/2021\/09\/preuzmi-11.jpg","datePublished":"2021-09-04T23:14:00+00:00","dateModified":"2021-09-04T23:14:02+00:00","breadcrumb":{"@id":"https:\/\/radioljubuski.ba\/index.php\/2021\/09\/05\/je-li-puljak-obmanuo-javnost-ili-mu-je-netko-lagao\/#breadcrumb"},"inLanguage":"hr","potentialAction":[{"@type":"ReadAction","target":["https:\/\/radioljubuski.ba\/index.php\/2021\/09\/05\/je-li-puljak-obmanuo-javnost-ili-mu-je-netko-lagao\/"]}]},{"@type":"ImageObject","inLanguage":"hr","@id":"https:\/\/radioljubuski.ba\/index.php\/2021\/09\/05\/je-li-puljak-obmanuo-javnost-ili-mu-je-netko-lagao\/#primaryimage","url":"https:\/\/radioljubuski.ba\/wp-content\/uploads\/2021\/09\/preuzmi-11.jpg","contentUrl":"https:\/\/radioljubuski.ba\/wp-content\/uploads\/2021\/09\/preuzmi-11.jpg","width":303,"height":167},{"@type":"BreadcrumbList","@id":"https:\/\/radioljubuski.ba\/index.php\/2021\/09\/05\/je-li-puljak-obmanuo-javnost-ili-mu-je-netko-lagao\/#breadcrumb","itemListElement":[{"@type":"ListItem","position":1,"name":"Po\u010detna stranica","item":"https:\/\/radioljubuski.ba\/"},{"@type":"ListItem","position":2,"name":"Je li Puljak obmanuo javnost ili mu je netko lagao?"}]},{"@type":"WebSite","@id":"https:\/\/radioljubuski.ba\/#website","url":"https:\/\/radioljubuski.ba\/","name":"Radio Ljubu\u0161ki","description":"Sun\u010dana frekvencija Hercegovine","publisher":{"@id":"https:\/\/radioljubuski.ba\/#organization"},"potentialAction":[{"@type":"SearchAction","target":{"@type":"EntryPoint","urlTemplate":"https:\/\/radioljubuski.ba\/?s={search_term_string}"},"query-input":{"@type":"PropertyValueSpecification","valueRequired":true,"valueName":"search_term_string"}}],"inLanguage":"hr"},{"@type":"Organization","@id":"https:\/\/radioljubuski.ba\/#organization","name":"Radio Ljubu\u0161ki","url":"https:\/\/radioljubuski.ba\/","logo":{"@type":"ImageObject","inLanguage":"hr","@id":"https:\/\/radioljubuski.ba\/#\/schema\/logo\/image\/","url":"https:\/\/radioljubuski.ba\/wp-content\/uploads\/2021\/02\/cropped-Radio_Ljubuski_logo1.jpg","contentUrl":"https:\/\/radioljubuski.ba\/wp-content\/uploads\/2021\/02\/cropped-Radio_Ljubuski_logo1.jpg","width":512,"height":512,"caption":"Radio Ljubu\u0161ki"},"image":{"@id":"https:\/\/radioljubuski.ba\/#\/schema\/logo\/image\/"},"sameAs":["https:\/\/www.facebook.com\/Radiio-Ljubuski-1490835324566332","https:\/\/x.com\/radioljubuski","https:\/\/hr.linkedin.com\/company\/radio-ljubuski","https:\/\/www.youtube.com\/channel\/UCHYaeO_n0Db3tjNGudGpXyw"]},{"@type":"Person","@id":"https:\/\/radioljubuski.ba\/#\/schema\/person\/19fc700381a780f69665d7956c469e3b","name":"Radio Ljubu\u0161ki"}]}},"_links":{"self":[{"href":"https:\/\/radioljubuski.ba\/index.php\/wp-json\/wp\/v2\/posts\/61367","targetHints":{"allow":["GET"]}}],"collection":[{"href":"https:\/\/radioljubuski.ba\/index.php\/wp-json\/wp\/v2\/posts"}],"about":[{"href":"https:\/\/radioljubuski.ba\/index.php\/wp-json\/wp\/v2\/types\/post"}],"author":[{"embeddable":true,"href":"https:\/\/radioljubuski.ba\/index.php\/wp-json\/wp\/v2\/users\/2"}],"replies":[{"embeddable":true,"href":"https:\/\/radioljubuski.ba\/index.php\/wp-json\/wp\/v2\/comments?post=61367"}],"version-history":[{"count":1,"href":"https:\/\/radioljubuski.ba\/index.php\/wp-json\/wp\/v2\/posts\/61367\/revisions"}],"predecessor-version":[{"id":61369,"href":"https:\/\/radioljubuski.ba\/index.php\/wp-json\/wp\/v2\/posts\/61367\/revisions\/61369"}],"wp:featuredmedia":[{"embeddable":true,"href":"https:\/\/radioljubuski.ba\/index.php\/wp-json\/wp\/v2\/media\/61368"}],"wp:attachment":[{"href":"https:\/\/radioljubuski.ba\/index.php\/wp-json\/wp\/v2\/media?parent=61367"}],"wp:term":[{"taxonomy":"category","embeddable":true,"href":"https:\/\/radioljubuski.ba\/index.php\/wp-json\/wp\/v2\/categories?post=61367"},{"taxonomy":"post_tag","embeddable":true,"href":"https:\/\/radioljubuski.ba\/index.php\/wp-json\/wp\/v2\/tags?post=61367"}],"curies":[{"name":"wp","href":"https:\/\/api.w.org\/{rel}","templated":true}]}}