{"id":61373,"date":"2021-09-05T00:17:37","date_gmt":"2021-09-04T23:17:37","guid":{"rendered":"https:\/\/radioljubuski.ba\/?p=61373"},"modified":"2021-09-05T00:17:38","modified_gmt":"2021-09-04T23:17:38","slug":"zarazeno-30-korisnika-doma-za-starije-cetvero-hospitaliziranih","status":"publish","type":"post","link":"https:\/\/radioljubuski.ba\/index.php\/2021\/09\/05\/zarazeno-30-korisnika-doma-za-starije-cetvero-hospitaliziranih\/","title":{"rendered":"Zara\u017eeno 30 korisnika Doma za starije, \u010detvero hospitaliziranih"},"content":{"rendered":"\n<p><strong>Znatno se ubrzava rast broja novozara\u017eenih u \u010detvrtom valu epidemije u Hrvatskoj. Danas imamo 882 nova slu\u010daja zaraze, \u0161to je gotovo 50% vi\u0161e u odnosu na pro\u0161lu subotu. Trenuta\u010dno oboljelih ve\u0107 je gotovo 4500.&nbsp;&nbsp;<\/strong><\/p>\n\n\n\n<p>O\u010dekivano, s rastom broja novozara\u017eenih te i dalje nedovoljnom procijepljeno\u0161\u0107u, ponovno ja\u010da pritisak na zdravstveni sustav. U bolnicama je 469 oboljelih, gotovo stotinu vi\u0161e nego pro\u0161le subote. Na respiratoru je 59 najte\u017eih slu\u010dajeva, tako\u0111er znatno vi\u0161e nego prije tjedan dana.<\/p>\n\n\n\n<p>U posljednja 24 sata jo\u0161 je sedmero preminulih s COVID-om. U \u0161est dana ovoga tjedna ukupno je umrlo 37 oboljelih. Cijeli pro\u0161li tjedan imali smo 24 \u017ertve epidemije.<\/p>\n\n\n\n<p><strong>30 zara\u017eenih i zagreba\u010dkom Domu za starije osobe<\/strong><\/p>\n\n\n\n<p>Klupe prazne, posjeti zabranjeni. U Domu za starije osobe Pe\u0161\u010denica u Zagrebu 30 korisnika zara\u017eeno je koronavirusom, \u010detvero je hospitaliziranih.&nbsp;<\/p>\n\n\n\n<p>&#8211; Tu se radi o jednom ozbiljnijem komorbiditetu op\u0107enito kod tih osoba, i malo o starosnoj dobi. Recimo, jedna gospo\u0111a koja je u KB-u Dubrava ima 102 godine, ka\u017ee ravnateljica doma mr. sc.&nbsp;<strong>Marija Orli\u0107<\/strong>.<\/p>\n\n\n\n<p>&#8211; Izuzev dva korisnika su svi bili cijepljeni, dodaje i poru\u010duje:<\/p>\n\n\n\n<p>&#8211; Nema nikakve panike, simptomi su slabiji i na\u0161i korisnici osje\u0107aju se sigurno.<\/p>\n\n\n\n<p>Izvor zaraze, ka\u017ee, te\u0161ko je utvrditi.<\/p>\n\n\n\n<p>&#8211; Oni su odlazili u svoje familije, na more, vikendice, jednostavno su se uklju\u010dili u gra\u0111anstvo, u du\u0107an i ostalo, i sad je vrlo te\u0161ko utvrditi gdje je to po\u010delo, ka\u017ee Orli\u0107.<br><br><strong>Necijepljeni naj\u010de\u0161\u0107e zavr\u0161avaju u bolnicama<\/strong><\/p>\n\n\n\n<p>S druge strane velik broj posjetitelja, ali i cijepni punkt na Jesenskom me\u0111unarodnom sto\u010darskom sajmu u Gudovcu pokraj Bjelovara.<\/p>\n\n\n\n<p>&#8211; Bitno je da je pru\u017eena mogu\u0107nost da svi koji \u017eele mogu do\u0107i i iskoristiti tu mogu\u0107nost da se na jednostavan na\u010din cijepe, tako da smo mi tu za njih spremni i pripravni, poru\u010duje dr. med.&nbsp;<strong>Zlata Ilekovi\u0107 Peji\u0107<\/strong>, ravnateljica Zavoda za hitnu medicinu Bjelovarsko-bilogorske \u017eupanije.<\/p>\n\n\n\n<p>Necijepljeni naj\u010de\u0161\u0107e zavr\u0161avaju u bolnicama.<\/p>\n\n\n\n<p>&#8211; Preko 85 posto do 90 posto su necijepljeni, ka\u017ee dr. sc.&nbsp;<strong>\u017deljko Zub\u010di\u0107<\/strong>, ravnatelj KBC-a Osijek.<\/p>\n\n\n\n<p>&#8211; Imamo 25 bolesnika kojima je registriran COVID, od toga je dvoje na respiratoru, dodaje.<\/p>\n\n\n\n<p>Na COVID-odjelu u KBC-u Rijeka 28 je oboljelih od kojih je 5 na respiratoru. Broj zara\u017eenih sve je ve\u0107i.<\/p>\n\n\n\n<p>&#8211; Na dana\u0161nji smo dan s 93 novooboljela u ovome valu do\u017eivjeli svojevrsni dnevni rekord, u odnosu na ju\u010dera\u0161nji dan to je dvostruko vi\u0161e, ka\u017ee dr. med.&nbsp;<strong>Dobrica Ron\u010devi\u0107<\/strong>, epidemiolog NZJZ-a Primorsko-goranske \u017eupanije.<\/p>\n\n\n\n<p>Vi\u0161e oboljelih vodi prema ve\u0107em broju hospitaliziranih, a da virus ne miruje pokazuje i najnovija mi-varijanta koja prijeti i u Europi.<\/p>\n\n\n\n<div style=\"width: 640px;\" class=\"wp-video\"><video class=\"wp-video-shortcode\" id=\"video-61373-1\" width=\"640\" height=\"360\" preload=\"metadata\" controls=\"controls\"><source type=\"video\/mp4\" src=\"https:\/\/api.hrt.hr\/media\/a1\/b6\/tvd2-koronavirus03-20210904175436.mp4?_=1\" \/><a href=\"https:\/\/api.hrt.hr\/media\/a1\/b6\/tvd2-koronavirus03-20210904175436.mp4\">https:\/\/api.hrt.hr\/media\/a1\/b6\/tvd2-koronavirus03-20210904175436.mp4<\/a><\/video><\/div>\n\n\n\n<p>Izvor:hrt.hr<\/p>\n","protected":false},"excerpt":{"rendered":"<p>Znatno se ubrzava rast broja novozara\u017eenih u \u010detvrtom valu epidemije u Hrvatskoj. Danas imamo 882 nova slu\u010daja zaraze, \u0161to je gotovo 50% vi\u0161e u odnosu na pro\u0161lu subotu. Trenuta\u010dno oboljelih ve\u0107 je gotovo 4500.&nbsp;&nbsp; O\u010dekivano, s rastom broja novozara\u017eenih te i dalje nedovoljnom procijepljeno\u0161\u0107u, ponovno ja\u010da pritisak na zdravstveni sustav. U bolnicama je 469 oboljelih, [&hellip;]<\/p>\n","protected":false},"author":2,"featured_media":61374,"comment_status":"closed","ping_status":"closed","sticky":false,"template":"","format":"standard","meta":{"h5ap_radio_sources":[],"footnotes":""},"categories":[1],"tags":[],"class_list":["post-61373","post","type-post","status-publish","format-standard","has-post-thumbnail","hentry","category-bihiregija"],"yoast_head":"<!-- This site is optimized with the Yoast SEO plugin v27.5 - https:\/\/yoast.com\/product\/yoast-seo-wordpress\/ -->\n<title>Zara\u017eeno 30 korisnika Doma za starije, \u010detvero hospitaliziranih - RADIO LJUBU\u0160KI<\/title>\n<meta name=\"robots\" content=\"index, follow, max-snippet:-1, max-image-preview:large, max-video-preview:-1\" \/>\n<link rel=\"canonical\" href=\"https:\/\/radioljubuski.ba\/index.php\/2021\/09\/05\/zarazeno-30-korisnika-doma-za-starije-cetvero-hospitaliziranih\/\" \/>\n<meta property=\"og:locale\" content=\"hr_HR\" \/>\n<meta property=\"og:type\" content=\"article\" \/>\n<meta property=\"og:title\" content=\"Zara\u017eeno 30 korisnika Doma za starije, \u010detvero hospitaliziranih - RADIO LJUBU\u0160KI\" \/>\n<meta property=\"og:description\" content=\"Znatno se ubrzava rast broja novozara\u017eenih u \u010detvrtom valu epidemije u Hrvatskoj. Danas imamo 882 nova slu\u010daja zaraze, \u0161to je gotovo 50% vi\u0161e u odnosu na pro\u0161lu subotu. Trenuta\u010dno oboljelih ve\u0107 je gotovo 4500.&nbsp;&nbsp; O\u010dekivano, s rastom broja novozara\u017eenih te i dalje nedovoljnom procijepljeno\u0161\u0107u, ponovno ja\u010da pritisak na zdravstveni sustav. U bolnicama je 469 oboljelih, [&hellip;]\" \/>\n<meta property=\"og:url\" content=\"https:\/\/radioljubuski.ba\/index.php\/2021\/09\/05\/zarazeno-30-korisnika-doma-za-starije-cetvero-hospitaliziranih\/\" \/>\n<meta property=\"og:site_name\" content=\"RADIO LJUBU\u0160KI\" \/>\n<meta property=\"article:publisher\" content=\"https:\/\/www.facebook.com\/Radiio-Ljubuski-1490835324566332\" \/>\n<meta property=\"article:published_time\" content=\"2021-09-04T23:17:37+00:00\" \/>\n<meta property=\"article:modified_time\" content=\"2021-09-04T23:17:38+00:00\" \/>\n<meta property=\"og:image\" content=\"https:\/\/radioljubuski.ba\/wp-content\/uploads\/2021\/09\/koronavirustransfer-frame-46-20210904170030.jpg\" \/>\n\t<meta property=\"og:image:width\" content=\"1920\" \/>\n\t<meta property=\"og:image:height\" content=\"1080\" \/>\n\t<meta property=\"og:image:type\" content=\"image\/jpeg\" \/>\n<meta name=\"author\" content=\"Radio Ljubu\u0161ki\" \/>\n<meta name=\"twitter:card\" content=\"summary_large_image\" \/>\n<meta name=\"twitter:creator\" content=\"@radioljubuski\" \/>\n<meta name=\"twitter:site\" content=\"@radioljubuski\" \/>\n<meta name=\"twitter:label1\" content=\"Napisao\/la\" \/>\n\t<meta name=\"twitter:data1\" content=\"Radio Ljubu\u0161ki\" \/>\n\t<meta name=\"twitter:label2\" content=\"Procijenjeno vrijeme \u010ditanja\" \/>\n\t<meta name=\"twitter:data2\" content=\"2 minute\" \/>\n<script type=\"application\/ld+json\" class=\"yoast-schema-graph\">{\"@context\":\"https:\\\/\\\/schema.org\",\"@graph\":[{\"@type\":\"Article\",\"@id\":\"https:\\\/\\\/radioljubuski.ba\\\/index.php\\\/2021\\\/09\\\/05\\\/zarazeno-30-korisnika-doma-za-starije-cetvero-hospitaliziranih\\\/#article\",\"isPartOf\":{\"@id\":\"https:\\\/\\\/radioljubuski.ba\\\/index.php\\\/2021\\\/09\\\/05\\\/zarazeno-30-korisnika-doma-za-starije-cetvero-hospitaliziranih\\\/\"},\"author\":{\"name\":\"Radio Ljubu\u0161ki\",\"@id\":\"https:\\\/\\\/radioljubuski.ba\\\/#\\\/schema\\\/person\\\/19fc700381a780f69665d7956c469e3b\"},\"headline\":\"Zara\u017eeno 30 korisnika Doma za starije, \u010detvero hospitaliziranih\",\"datePublished\":\"2021-09-04T23:17:37+00:00\",\"dateModified\":\"2021-09-04T23:17:38+00:00\",\"mainEntityOfPage\":{\"@id\":\"https:\\\/\\\/radioljubuski.ba\\\/index.php\\\/2021\\\/09\\\/05\\\/zarazeno-30-korisnika-doma-za-starije-cetvero-hospitaliziranih\\\/\"},\"wordCount\":480,\"publisher\":{\"@id\":\"https:\\\/\\\/radioljubuski.ba\\\/#organization\"},\"image\":{\"@id\":\"https:\\\/\\\/radioljubuski.ba\\\/index.php\\\/2021\\\/09\\\/05\\\/zarazeno-30-korisnika-doma-za-starije-cetvero-hospitaliziranih\\\/#primaryimage\"},\"thumbnailUrl\":\"https:\\\/\\\/radioljubuski.ba\\\/wp-content\\\/uploads\\\/2021\\\/09\\\/koronavirustransfer-frame-46-20210904170030.jpg\",\"articleSection\":[\"BIH i regija\"],\"inLanguage\":\"hr\"},{\"@type\":\"WebPage\",\"@id\":\"https:\\\/\\\/radioljubuski.ba\\\/index.php\\\/2021\\\/09\\\/05\\\/zarazeno-30-korisnika-doma-za-starije-cetvero-hospitaliziranih\\\/\",\"url\":\"https:\\\/\\\/radioljubuski.ba\\\/index.php\\\/2021\\\/09\\\/05\\\/zarazeno-30-korisnika-doma-za-starije-cetvero-hospitaliziranih\\\/\",\"name\":\"Zara\u017eeno 30 korisnika Doma za starije, \u010detvero hospitaliziranih - RADIO LJUBU\u0160KI\",\"isPartOf\":{\"@id\":\"https:\\\/\\\/radioljubuski.ba\\\/#website\"},\"primaryImageOfPage\":{\"@id\":\"https:\\\/\\\/radioljubuski.ba\\\/index.php\\\/2021\\\/09\\\/05\\\/zarazeno-30-korisnika-doma-za-starije-cetvero-hospitaliziranih\\\/#primaryimage\"},\"image\":{\"@id\":\"https:\\\/\\\/radioljubuski.ba\\\/index.php\\\/2021\\\/09\\\/05\\\/zarazeno-30-korisnika-doma-za-starije-cetvero-hospitaliziranih\\\/#primaryimage\"},\"thumbnailUrl\":\"https:\\\/\\\/radioljubuski.ba\\\/wp-content\\\/uploads\\\/2021\\\/09\\\/koronavirustransfer-frame-46-20210904170030.jpg\",\"datePublished\":\"2021-09-04T23:17:37+00:00\",\"dateModified\":\"2021-09-04T23:17:38+00:00\",\"breadcrumb\":{\"@id\":\"https:\\\/\\\/radioljubuski.ba\\\/index.php\\\/2021\\\/09\\\/05\\\/zarazeno-30-korisnika-doma-za-starije-cetvero-hospitaliziranih\\\/#breadcrumb\"},\"inLanguage\":\"hr\",\"potentialAction\":[{\"@type\":\"ReadAction\",\"target\":[\"https:\\\/\\\/radioljubuski.ba\\\/index.php\\\/2021\\\/09\\\/05\\\/zarazeno-30-korisnika-doma-za-starije-cetvero-hospitaliziranih\\\/\"]}]},{\"@type\":\"ImageObject\",\"inLanguage\":\"hr\",\"@id\":\"https:\\\/\\\/radioljubuski.ba\\\/index.php\\\/2021\\\/09\\\/05\\\/zarazeno-30-korisnika-doma-za-starije-cetvero-hospitaliziranih\\\/#primaryimage\",\"url\":\"https:\\\/\\\/radioljubuski.ba\\\/wp-content\\\/uploads\\\/2021\\\/09\\\/koronavirustransfer-frame-46-20210904170030.jpg\",\"contentUrl\":\"https:\\\/\\\/radioljubuski.ba\\\/wp-content\\\/uploads\\\/2021\\\/09\\\/koronavirustransfer-frame-46-20210904170030.jpg\",\"width\":1920,\"height\":1080},{\"@type\":\"BreadcrumbList\",\"@id\":\"https:\\\/\\\/radioljubuski.ba\\\/index.php\\\/2021\\\/09\\\/05\\\/zarazeno-30-korisnika-doma-za-starije-cetvero-hospitaliziranih\\\/#breadcrumb\",\"itemListElement\":[{\"@type\":\"ListItem\",\"position\":1,\"name\":\"Po\u010detna stranica\",\"item\":\"https:\\\/\\\/radioljubuski.ba\\\/\"},{\"@type\":\"ListItem\",\"position\":2,\"name\":\"Zara\u017eeno 30 korisnika Doma za starije, \u010detvero hospitaliziranih\"}]},{\"@type\":\"WebSite\",\"@id\":\"https:\\\/\\\/radioljubuski.ba\\\/#website\",\"url\":\"https:\\\/\\\/radioljubuski.ba\\\/\",\"name\":\"Radio Ljubu\u0161ki\",\"description\":\"Sun\u010dana frekvencija Hercegovine\",\"publisher\":{\"@id\":\"https:\\\/\\\/radioljubuski.ba\\\/#organization\"},\"potentialAction\":[{\"@type\":\"SearchAction\",\"target\":{\"@type\":\"EntryPoint\",\"urlTemplate\":\"https:\\\/\\\/radioljubuski.ba\\\/?s={search_term_string}\"},\"query-input\":{\"@type\":\"PropertyValueSpecification\",\"valueRequired\":true,\"valueName\":\"search_term_string\"}}],\"inLanguage\":\"hr\"},{\"@type\":\"Organization\",\"@id\":\"https:\\\/\\\/radioljubuski.ba\\\/#organization\",\"name\":\"Radio Ljubu\u0161ki\",\"url\":\"https:\\\/\\\/radioljubuski.ba\\\/\",\"logo\":{\"@type\":\"ImageObject\",\"inLanguage\":\"hr\",\"@id\":\"https:\\\/\\\/radioljubuski.ba\\\/#\\\/schema\\\/logo\\\/image\\\/\",\"url\":\"https:\\\/\\\/radioljubuski.ba\\\/wp-content\\\/uploads\\\/2021\\\/02\\\/cropped-Radio_Ljubuski_logo1.jpg\",\"contentUrl\":\"https:\\\/\\\/radioljubuski.ba\\\/wp-content\\\/uploads\\\/2021\\\/02\\\/cropped-Radio_Ljubuski_logo1.jpg\",\"width\":512,\"height\":512,\"caption\":\"Radio Ljubu\u0161ki\"},\"image\":{\"@id\":\"https:\\\/\\\/radioljubuski.ba\\\/#\\\/schema\\\/logo\\\/image\\\/\"},\"sameAs\":[\"https:\\\/\\\/www.facebook.com\\\/Radiio-Ljubuski-1490835324566332\",\"https:\\\/\\\/x.com\\\/radioljubuski\",\"https:\\\/\\\/hr.linkedin.com\\\/company\\\/radio-ljubuski\",\"https:\\\/\\\/www.youtube.com\\\/channel\\\/UCHYaeO_n0Db3tjNGudGpXyw\"]},{\"@type\":\"Person\",\"@id\":\"https:\\\/\\\/radioljubuski.ba\\\/#\\\/schema\\\/person\\\/19fc700381a780f69665d7956c469e3b\",\"name\":\"Radio Ljubu\u0161ki\"}]}<\/script>\n<!-- \/ Yoast SEO plugin. -->","yoast_head_json":{"title":"Zara\u017eeno 30 korisnika Doma za starije, \u010detvero hospitaliziranih - RADIO LJUBU\u0160KI","robots":{"index":"index","follow":"follow","max-snippet":"max-snippet:-1","max-image-preview":"max-image-preview:large","max-video-preview":"max-video-preview:-1"},"canonical":"https:\/\/radioljubuski.ba\/index.php\/2021\/09\/05\/zarazeno-30-korisnika-doma-za-starije-cetvero-hospitaliziranih\/","og_locale":"hr_HR","og_type":"article","og_title":"Zara\u017eeno 30 korisnika Doma za starije, \u010detvero hospitaliziranih - RADIO LJUBU\u0160KI","og_description":"Znatno se ubrzava rast broja novozara\u017eenih u \u010detvrtom valu epidemije u Hrvatskoj. Danas imamo 882 nova slu\u010daja zaraze, \u0161to je gotovo 50% vi\u0161e u odnosu na pro\u0161lu subotu. Trenuta\u010dno oboljelih ve\u0107 je gotovo 4500.&nbsp;&nbsp; O\u010dekivano, s rastom broja novozara\u017eenih te i dalje nedovoljnom procijepljeno\u0161\u0107u, ponovno ja\u010da pritisak na zdravstveni sustav. U bolnicama je 469 oboljelih, [&hellip;]","og_url":"https:\/\/radioljubuski.ba\/index.php\/2021\/09\/05\/zarazeno-30-korisnika-doma-za-starije-cetvero-hospitaliziranih\/","og_site_name":"RADIO LJUBU\u0160KI","article_publisher":"https:\/\/www.facebook.com\/Radiio-Ljubuski-1490835324566332","article_published_time":"2021-09-04T23:17:37+00:00","article_modified_time":"2021-09-04T23:17:38+00:00","og_image":[{"width":1920,"height":1080,"url":"https:\/\/radioljubuski.ba\/wp-content\/uploads\/2021\/09\/koronavirustransfer-frame-46-20210904170030.jpg","type":"image\/jpeg"}],"author":"Radio Ljubu\u0161ki","twitter_card":"summary_large_image","twitter_creator":"@radioljubuski","twitter_site":"@radioljubuski","twitter_misc":{"Napisao\/la":"Radio Ljubu\u0161ki","Procijenjeno vrijeme \u010ditanja":"2 minute"},"schema":{"@context":"https:\/\/schema.org","@graph":[{"@type":"Article","@id":"https:\/\/radioljubuski.ba\/index.php\/2021\/09\/05\/zarazeno-30-korisnika-doma-za-starije-cetvero-hospitaliziranih\/#article","isPartOf":{"@id":"https:\/\/radioljubuski.ba\/index.php\/2021\/09\/05\/zarazeno-30-korisnika-doma-za-starije-cetvero-hospitaliziranih\/"},"author":{"name":"Radio Ljubu\u0161ki","@id":"https:\/\/radioljubuski.ba\/#\/schema\/person\/19fc700381a780f69665d7956c469e3b"},"headline":"Zara\u017eeno 30 korisnika Doma za starije, \u010detvero hospitaliziranih","datePublished":"2021-09-04T23:17:37+00:00","dateModified":"2021-09-04T23:17:38+00:00","mainEntityOfPage":{"@id":"https:\/\/radioljubuski.ba\/index.php\/2021\/09\/05\/zarazeno-30-korisnika-doma-za-starije-cetvero-hospitaliziranih\/"},"wordCount":480,"publisher":{"@id":"https:\/\/radioljubuski.ba\/#organization"},"image":{"@id":"https:\/\/radioljubuski.ba\/index.php\/2021\/09\/05\/zarazeno-30-korisnika-doma-za-starije-cetvero-hospitaliziranih\/#primaryimage"},"thumbnailUrl":"https:\/\/radioljubuski.ba\/wp-content\/uploads\/2021\/09\/koronavirustransfer-frame-46-20210904170030.jpg","articleSection":["BIH i regija"],"inLanguage":"hr"},{"@type":"WebPage","@id":"https:\/\/radioljubuski.ba\/index.php\/2021\/09\/05\/zarazeno-30-korisnika-doma-za-starije-cetvero-hospitaliziranih\/","url":"https:\/\/radioljubuski.ba\/index.php\/2021\/09\/05\/zarazeno-30-korisnika-doma-za-starije-cetvero-hospitaliziranih\/","name":"Zara\u017eeno 30 korisnika Doma za starije, \u010detvero hospitaliziranih - RADIO LJUBU\u0160KI","isPartOf":{"@id":"https:\/\/radioljubuski.ba\/#website"},"primaryImageOfPage":{"@id":"https:\/\/radioljubuski.ba\/index.php\/2021\/09\/05\/zarazeno-30-korisnika-doma-za-starije-cetvero-hospitaliziranih\/#primaryimage"},"image":{"@id":"https:\/\/radioljubuski.ba\/index.php\/2021\/09\/05\/zarazeno-30-korisnika-doma-za-starije-cetvero-hospitaliziranih\/#primaryimage"},"thumbnailUrl":"https:\/\/radioljubuski.ba\/wp-content\/uploads\/2021\/09\/koronavirustransfer-frame-46-20210904170030.jpg","datePublished":"2021-09-04T23:17:37+00:00","dateModified":"2021-09-04T23:17:38+00:00","breadcrumb":{"@id":"https:\/\/radioljubuski.ba\/index.php\/2021\/09\/05\/zarazeno-30-korisnika-doma-za-starije-cetvero-hospitaliziranih\/#breadcrumb"},"inLanguage":"hr","potentialAction":[{"@type":"ReadAction","target":["https:\/\/radioljubuski.ba\/index.php\/2021\/09\/05\/zarazeno-30-korisnika-doma-za-starije-cetvero-hospitaliziranih\/"]}]},{"@type":"ImageObject","inLanguage":"hr","@id":"https:\/\/radioljubuski.ba\/index.php\/2021\/09\/05\/zarazeno-30-korisnika-doma-za-starije-cetvero-hospitaliziranih\/#primaryimage","url":"https:\/\/radioljubuski.ba\/wp-content\/uploads\/2021\/09\/koronavirustransfer-frame-46-20210904170030.jpg","contentUrl":"https:\/\/radioljubuski.ba\/wp-content\/uploads\/2021\/09\/koronavirustransfer-frame-46-20210904170030.jpg","width":1920,"height":1080},{"@type":"BreadcrumbList","@id":"https:\/\/radioljubuski.ba\/index.php\/2021\/09\/05\/zarazeno-30-korisnika-doma-za-starije-cetvero-hospitaliziranih\/#breadcrumb","itemListElement":[{"@type":"ListItem","position":1,"name":"Po\u010detna stranica","item":"https:\/\/radioljubuski.ba\/"},{"@type":"ListItem","position":2,"name":"Zara\u017eeno 30 korisnika Doma za starije, \u010detvero hospitaliziranih"}]},{"@type":"WebSite","@id":"https:\/\/radioljubuski.ba\/#website","url":"https:\/\/radioljubuski.ba\/","name":"Radio Ljubu\u0161ki","description":"Sun\u010dana frekvencija Hercegovine","publisher":{"@id":"https:\/\/radioljubuski.ba\/#organization"},"potentialAction":[{"@type":"SearchAction","target":{"@type":"EntryPoint","urlTemplate":"https:\/\/radioljubuski.ba\/?s={search_term_string}"},"query-input":{"@type":"PropertyValueSpecification","valueRequired":true,"valueName":"search_term_string"}}],"inLanguage":"hr"},{"@type":"Organization","@id":"https:\/\/radioljubuski.ba\/#organization","name":"Radio Ljubu\u0161ki","url":"https:\/\/radioljubuski.ba\/","logo":{"@type":"ImageObject","inLanguage":"hr","@id":"https:\/\/radioljubuski.ba\/#\/schema\/logo\/image\/","url":"https:\/\/radioljubuski.ba\/wp-content\/uploads\/2021\/02\/cropped-Radio_Ljubuski_logo1.jpg","contentUrl":"https:\/\/radioljubuski.ba\/wp-content\/uploads\/2021\/02\/cropped-Radio_Ljubuski_logo1.jpg","width":512,"height":512,"caption":"Radio Ljubu\u0161ki"},"image":{"@id":"https:\/\/radioljubuski.ba\/#\/schema\/logo\/image\/"},"sameAs":["https:\/\/www.facebook.com\/Radiio-Ljubuski-1490835324566332","https:\/\/x.com\/radioljubuski","https:\/\/hr.linkedin.com\/company\/radio-ljubuski","https:\/\/www.youtube.com\/channel\/UCHYaeO_n0Db3tjNGudGpXyw"]},{"@type":"Person","@id":"https:\/\/radioljubuski.ba\/#\/schema\/person\/19fc700381a780f69665d7956c469e3b","name":"Radio Ljubu\u0161ki"}]}},"_links":{"self":[{"href":"https:\/\/radioljubuski.ba\/index.php\/wp-json\/wp\/v2\/posts\/61373","targetHints":{"allow":["GET"]}}],"collection":[{"href":"https:\/\/radioljubuski.ba\/index.php\/wp-json\/wp\/v2\/posts"}],"about":[{"href":"https:\/\/radioljubuski.ba\/index.php\/wp-json\/wp\/v2\/types\/post"}],"author":[{"embeddable":true,"href":"https:\/\/radioljubuski.ba\/index.php\/wp-json\/wp\/v2\/users\/2"}],"replies":[{"embeddable":true,"href":"https:\/\/radioljubuski.ba\/index.php\/wp-json\/wp\/v2\/comments?post=61373"}],"version-history":[{"count":1,"href":"https:\/\/radioljubuski.ba\/index.php\/wp-json\/wp\/v2\/posts\/61373\/revisions"}],"predecessor-version":[{"id":61375,"href":"https:\/\/radioljubuski.ba\/index.php\/wp-json\/wp\/v2\/posts\/61373\/revisions\/61375"}],"wp:featuredmedia":[{"embeddable":true,"href":"https:\/\/radioljubuski.ba\/index.php\/wp-json\/wp\/v2\/media\/61374"}],"wp:attachment":[{"href":"https:\/\/radioljubuski.ba\/index.php\/wp-json\/wp\/v2\/media?parent=61373"}],"wp:term":[{"taxonomy":"category","embeddable":true,"href":"https:\/\/radioljubuski.ba\/index.php\/wp-json\/wp\/v2\/categories?post=61373"},{"taxonomy":"post_tag","embeddable":true,"href":"https:\/\/radioljubuski.ba\/index.php\/wp-json\/wp\/v2\/tags?post=61373"}],"curies":[{"name":"wp","href":"https:\/\/api.w.org\/{rel}","templated":true}]}}