{"id":61376,"date":"2021-09-05T00:19:32","date_gmt":"2021-09-04T23:19:32","guid":{"rendered":"https:\/\/radioljubuski.ba\/?p=61376"},"modified":"2021-09-05T00:19:33","modified_gmt":"2021-09-04T23:19:33","slug":"puljak-cistacici-nije-produljen-ugovor-jer-je-to-radno-mjesto-nepotrebno","status":"publish","type":"post","link":"https:\/\/radioljubuski.ba\/index.php\/2021\/09\/05\/puljak-cistacici-nije-produljen-ugovor-jer-je-to-radno-mjesto-nepotrebno\/","title":{"rendered":"Puljak: \u010cista\u010dici nije produljen ugovor jer je to radno mjesto nepotrebno"},"content":{"rendered":"\n<p><strong>Splitski gradona\u010delnik&nbsp;Ivica Puljak&nbsp;rekao je ve\u010deras u HTV-ovom Dnevniku kako ugovor o radu \u010dista\u010dici s 80-postotnim invaliditetom nije produljen jer se radi o radnom mjestu koje je &#8220;u principu nepotrebno&#8221;, pri \u010demu je naglasio da nitko nije znao da se radi o osobi s invaliditetom. Poru\u010dio je kako je do\u0161ao kraj nepotrebnom zapo\u0161ljavanju, za \u0161to je optu\u017eio ekipu HDZ-a i&nbsp;\u017deljka Keruma.<\/strong><\/p>\n\n\n\n<p>Upravno vije\u0107e Javne ustanove \u0161portski objekti odbilo je produljiti ugovor \u010dista\u010dici s 80-postotnim invaliditetom koja je i majka dvoje djece, a predstavnik radnika rekao je da je otkaz dobila jer ima isto prezime kao direktor parkinga.<\/p>\n\n\n\n<p>Puljak je u Dnevniku rekao da je izme\u0111u dva izborna kruga ekipa HDZ-a i nekada\u0161njeg gradona\u010delnika \u017deljka Keruma jedan parking u Splitu dala u ruke privatniku umjesto da po\u0161tuju odluku Gradskog vije\u0107a, dodav\u0161i da se radi o potencijalnoj \u0161teti od nekoliko milijuna kuna.<\/p>\n\n\n\n<p>Na pitanje HTV-ove novinarke&nbsp;<strong>Zrinke Grancari\u0107<\/strong>&nbsp;koja je poveznica izme\u0111u sprema\u010dice i direktora parkinga na Gripama&nbsp;<strong>Ton\u0107ija Omr\u010dena<\/strong>, Puljak je rekao da su ih gra\u0111ani izabrali da uvedu red i zaustave nepotizam, korupciju i netransparentno tro\u0161enje javnog novca te da to i rade, a da oni koji se tome opiru i bune u javnosti &#8220;gube svoje pozicije i di\u017eu graju&#8221;.<\/p>\n\n\n\n<p>&#8211; Ali nas to ne\u0107e impresionirati, nastavit \u0107emo i dalje s uvo\u0111enjem reda jer to gra\u0111ani od nas o\u010dekuju, rekao je Puljak.<\/p>\n\n\n\n<p>Na ponovljeno pitanje koja je poveznica izme\u0111u Omr\u010dena i sprema\u010dice, Puljak je odgovorio da sprema\u010dici ugovor nije produljen jer je to radno mjesto u principu nepotrebno.<\/p>\n\n\n\n<p>&#8211; HDZ i Kerum su uveli na stotine nepotrebnih radnih mjesta, dodao je.<br><br>Puljak je rekao kako je vrlo va\u017eno re\u0107i da nitko nije znao da je sprema\u010dica osoba s invaliditetom te da je ravnatelj to tek kasnije saznao.<\/p>\n\n\n\n<p>&#8211; A neproduljivanja nepotrebnih ugovora bit \u0107e jo\u0161 vi\u0161e u budu\u0107nosti. Mi ne\u0107emo nastaviti niti jedan nepotrebni ugovor. HDZ i Kerum su nepotrebno zaposlili na stotine ljudi, poru\u010dio je Puljak, dodav\u0161i da je to istina, a da su sve ostalo politi\u010dka podmetanja.<\/p>\n\n\n\n<div style=\"width: 640px;\" class=\"wp-video\"><video class=\"wp-video-shortcode\" id=\"video-61376-1\" width=\"640\" height=\"360\" preload=\"metadata\" controls=\"controls\"><source type=\"video\/mp4\" src=\"https:\/\/api.hrt.hr\/media\/27\/cb\/tvd2-duplex-sarajevo-20210904180211.mp4?_=1\" \/><a href=\"https:\/\/api.hrt.hr\/media\/27\/cb\/tvd2-duplex-sarajevo-20210904180211.mp4\">https:\/\/api.hrt.hr\/media\/27\/cb\/tvd2-duplex-sarajevo-20210904180211.mp4<\/a><\/video><\/div>\n\n\n\n<p>Izvor:hrt.hr<\/p>\n","protected":false},"excerpt":{"rendered":"<p>Splitski gradona\u010delnik&nbsp;Ivica Puljak&nbsp;rekao je ve\u010deras u HTV-ovom Dnevniku kako ugovor o radu \u010dista\u010dici s 80-postotnim invaliditetom nije produljen jer se radi o radnom mjestu koje je &#8220;u principu nepotrebno&#8221;, pri \u010demu je naglasio da nitko nije znao da se radi o osobi s invaliditetom. Poru\u010dio je kako je do\u0161ao kraj nepotrebnom zapo\u0161ljavanju, za \u0161to je [&hellip;]<\/p>\n","protected":false},"author":2,"featured_media":61377,"comment_status":"closed","ping_status":"closed","sticky":false,"template":"","format":"standard","meta":{"h5ap_radio_sources":[],"footnotes":""},"categories":[1],"tags":[],"class_list":["post-61376","post","type-post","status-publish","format-standard","has-post-thumbnail","hentry","category-bihiregija"],"yoast_head":"<!-- This site is optimized with the Yoast SEO plugin v27.5 - https:\/\/yoast.com\/product\/yoast-seo-wordpress\/ -->\n<title>Puljak: \u010cista\u010dici nije produljen ugovor jer je to radno mjesto nepotrebno - RADIO LJUBU\u0160KI<\/title>\n<meta name=\"robots\" content=\"index, follow, max-snippet:-1, max-image-preview:large, max-video-preview:-1\" \/>\n<link rel=\"canonical\" href=\"https:\/\/radioljubuski.ba\/index.php\/2021\/09\/05\/puljak-cistacici-nije-produljen-ugovor-jer-je-to-radno-mjesto-nepotrebno\/\" \/>\n<meta property=\"og:locale\" content=\"hr_HR\" \/>\n<meta property=\"og:type\" content=\"article\" \/>\n<meta property=\"og:title\" content=\"Puljak: \u010cista\u010dici nije produljen ugovor jer je to radno mjesto nepotrebno - RADIO LJUBU\u0160KI\" \/>\n<meta property=\"og:description\" content=\"Splitski gradona\u010delnik&nbsp;Ivica Puljak&nbsp;rekao je ve\u010deras u HTV-ovom Dnevniku kako ugovor o radu \u010dista\u010dici s 80-postotnim invaliditetom nije produljen jer se radi o radnom mjestu koje je &#8220;u principu nepotrebno&#8221;, pri \u010demu je naglasio da nitko nije znao da se radi o osobi s invaliditetom. Poru\u010dio je kako je do\u0161ao kraj nepotrebnom zapo\u0161ljavanju, za \u0161to je [&hellip;]\" \/>\n<meta property=\"og:url\" content=\"https:\/\/radioljubuski.ba\/index.php\/2021\/09\/05\/puljak-cistacici-nije-produljen-ugovor-jer-je-to-radno-mjesto-nepotrebno\/\" \/>\n<meta property=\"og:site_name\" content=\"RADIO LJUBU\u0160KI\" \/>\n<meta property=\"article:publisher\" content=\"https:\/\/www.facebook.com\/Radiio-Ljubuski-1490835324566332\" \/>\n<meta property=\"article:published_time\" content=\"2021-09-04T23:19:32+00:00\" \/>\n<meta property=\"article:modified_time\" content=\"2021-09-04T23:19:33+00:00\" \/>\n<meta property=\"og:image\" content=\"https:\/\/radioljubuski.ba\/wp-content\/uploads\/2021\/09\/Ivica-Puljak.jpg\" \/>\n\t<meta property=\"og:image:width\" content=\"700\" \/>\n\t<meta property=\"og:image:height\" content=\"382\" \/>\n\t<meta property=\"og:image:type\" content=\"image\/jpeg\" \/>\n<meta name=\"author\" content=\"Radio Ljubu\u0161ki\" \/>\n<meta name=\"twitter:card\" content=\"summary_large_image\" \/>\n<meta name=\"twitter:creator\" content=\"@radioljubuski\" \/>\n<meta name=\"twitter:site\" content=\"@radioljubuski\" \/>\n<meta name=\"twitter:label1\" content=\"Napisao\/la\" \/>\n\t<meta name=\"twitter:data1\" content=\"Radio Ljubu\u0161ki\" \/>\n\t<meta name=\"twitter:label2\" content=\"Procijenjeno vrijeme \u010ditanja\" \/>\n\t<meta name=\"twitter:data2\" content=\"2 minute\" \/>\n<script type=\"application\/ld+json\" class=\"yoast-schema-graph\">{\"@context\":\"https:\\\/\\\/schema.org\",\"@graph\":[{\"@type\":\"Article\",\"@id\":\"https:\\\/\\\/radioljubuski.ba\\\/index.php\\\/2021\\\/09\\\/05\\\/puljak-cistacici-nije-produljen-ugovor-jer-je-to-radno-mjesto-nepotrebno\\\/#article\",\"isPartOf\":{\"@id\":\"https:\\\/\\\/radioljubuski.ba\\\/index.php\\\/2021\\\/09\\\/05\\\/puljak-cistacici-nije-produljen-ugovor-jer-je-to-radno-mjesto-nepotrebno\\\/\"},\"author\":{\"name\":\"Radio Ljubu\u0161ki\",\"@id\":\"https:\\\/\\\/radioljubuski.ba\\\/#\\\/schema\\\/person\\\/19fc700381a780f69665d7956c469e3b\"},\"headline\":\"Puljak: \u010cista\u010dici nije produljen ugovor jer je to radno mjesto nepotrebno\",\"datePublished\":\"2021-09-04T23:19:32+00:00\",\"dateModified\":\"2021-09-04T23:19:33+00:00\",\"mainEntityOfPage\":{\"@id\":\"https:\\\/\\\/radioljubuski.ba\\\/index.php\\\/2021\\\/09\\\/05\\\/puljak-cistacici-nije-produljen-ugovor-jer-je-to-radno-mjesto-nepotrebno\\\/\"},\"wordCount\":400,\"publisher\":{\"@id\":\"https:\\\/\\\/radioljubuski.ba\\\/#organization\"},\"image\":{\"@id\":\"https:\\\/\\\/radioljubuski.ba\\\/index.php\\\/2021\\\/09\\\/05\\\/puljak-cistacici-nije-produljen-ugovor-jer-je-to-radno-mjesto-nepotrebno\\\/#primaryimage\"},\"thumbnailUrl\":\"https:\\\/\\\/radioljubuski.ba\\\/wp-content\\\/uploads\\\/2021\\\/09\\\/Ivica-Puljak.jpg\",\"articleSection\":[\"BIH i regija\"],\"inLanguage\":\"hr\"},{\"@type\":\"WebPage\",\"@id\":\"https:\\\/\\\/radioljubuski.ba\\\/index.php\\\/2021\\\/09\\\/05\\\/puljak-cistacici-nije-produljen-ugovor-jer-je-to-radno-mjesto-nepotrebno\\\/\",\"url\":\"https:\\\/\\\/radioljubuski.ba\\\/index.php\\\/2021\\\/09\\\/05\\\/puljak-cistacici-nije-produljen-ugovor-jer-je-to-radno-mjesto-nepotrebno\\\/\",\"name\":\"Puljak: \u010cista\u010dici nije produljen ugovor jer je to radno mjesto nepotrebno - RADIO LJUBU\u0160KI\",\"isPartOf\":{\"@id\":\"https:\\\/\\\/radioljubuski.ba\\\/#website\"},\"primaryImageOfPage\":{\"@id\":\"https:\\\/\\\/radioljubuski.ba\\\/index.php\\\/2021\\\/09\\\/05\\\/puljak-cistacici-nije-produljen-ugovor-jer-je-to-radno-mjesto-nepotrebno\\\/#primaryimage\"},\"image\":{\"@id\":\"https:\\\/\\\/radioljubuski.ba\\\/index.php\\\/2021\\\/09\\\/05\\\/puljak-cistacici-nije-produljen-ugovor-jer-je-to-radno-mjesto-nepotrebno\\\/#primaryimage\"},\"thumbnailUrl\":\"https:\\\/\\\/radioljubuski.ba\\\/wp-content\\\/uploads\\\/2021\\\/09\\\/Ivica-Puljak.jpg\",\"datePublished\":\"2021-09-04T23:19:32+00:00\",\"dateModified\":\"2021-09-04T23:19:33+00:00\",\"breadcrumb\":{\"@id\":\"https:\\\/\\\/radioljubuski.ba\\\/index.php\\\/2021\\\/09\\\/05\\\/puljak-cistacici-nije-produljen-ugovor-jer-je-to-radno-mjesto-nepotrebno\\\/#breadcrumb\"},\"inLanguage\":\"hr\",\"potentialAction\":[{\"@type\":\"ReadAction\",\"target\":[\"https:\\\/\\\/radioljubuski.ba\\\/index.php\\\/2021\\\/09\\\/05\\\/puljak-cistacici-nije-produljen-ugovor-jer-je-to-radno-mjesto-nepotrebno\\\/\"]}]},{\"@type\":\"ImageObject\",\"inLanguage\":\"hr\",\"@id\":\"https:\\\/\\\/radioljubuski.ba\\\/index.php\\\/2021\\\/09\\\/05\\\/puljak-cistacici-nije-produljen-ugovor-jer-je-to-radno-mjesto-nepotrebno\\\/#primaryimage\",\"url\":\"https:\\\/\\\/radioljubuski.ba\\\/wp-content\\\/uploads\\\/2021\\\/09\\\/Ivica-Puljak.jpg\",\"contentUrl\":\"https:\\\/\\\/radioljubuski.ba\\\/wp-content\\\/uploads\\\/2021\\\/09\\\/Ivica-Puljak.jpg\",\"width\":700,\"height\":382},{\"@type\":\"BreadcrumbList\",\"@id\":\"https:\\\/\\\/radioljubuski.ba\\\/index.php\\\/2021\\\/09\\\/05\\\/puljak-cistacici-nije-produljen-ugovor-jer-je-to-radno-mjesto-nepotrebno\\\/#breadcrumb\",\"itemListElement\":[{\"@type\":\"ListItem\",\"position\":1,\"name\":\"Po\u010detna stranica\",\"item\":\"https:\\\/\\\/radioljubuski.ba\\\/\"},{\"@type\":\"ListItem\",\"position\":2,\"name\":\"Puljak: \u010cista\u010dici nije produljen ugovor jer je to radno mjesto nepotrebno\"}]},{\"@type\":\"WebSite\",\"@id\":\"https:\\\/\\\/radioljubuski.ba\\\/#website\",\"url\":\"https:\\\/\\\/radioljubuski.ba\\\/\",\"name\":\"Radio Ljubu\u0161ki\",\"description\":\"Sun\u010dana frekvencija Hercegovine\",\"publisher\":{\"@id\":\"https:\\\/\\\/radioljubuski.ba\\\/#organization\"},\"potentialAction\":[{\"@type\":\"SearchAction\",\"target\":{\"@type\":\"EntryPoint\",\"urlTemplate\":\"https:\\\/\\\/radioljubuski.ba\\\/?s={search_term_string}\"},\"query-input\":{\"@type\":\"PropertyValueSpecification\",\"valueRequired\":true,\"valueName\":\"search_term_string\"}}],\"inLanguage\":\"hr\"},{\"@type\":\"Organization\",\"@id\":\"https:\\\/\\\/radioljubuski.ba\\\/#organization\",\"name\":\"Radio Ljubu\u0161ki\",\"url\":\"https:\\\/\\\/radioljubuski.ba\\\/\",\"logo\":{\"@type\":\"ImageObject\",\"inLanguage\":\"hr\",\"@id\":\"https:\\\/\\\/radioljubuski.ba\\\/#\\\/schema\\\/logo\\\/image\\\/\",\"url\":\"https:\\\/\\\/radioljubuski.ba\\\/wp-content\\\/uploads\\\/2021\\\/02\\\/cropped-Radio_Ljubuski_logo1.jpg\",\"contentUrl\":\"https:\\\/\\\/radioljubuski.ba\\\/wp-content\\\/uploads\\\/2021\\\/02\\\/cropped-Radio_Ljubuski_logo1.jpg\",\"width\":512,\"height\":512,\"caption\":\"Radio Ljubu\u0161ki\"},\"image\":{\"@id\":\"https:\\\/\\\/radioljubuski.ba\\\/#\\\/schema\\\/logo\\\/image\\\/\"},\"sameAs\":[\"https:\\\/\\\/www.facebook.com\\\/Radiio-Ljubuski-1490835324566332\",\"https:\\\/\\\/x.com\\\/radioljubuski\",\"https:\\\/\\\/hr.linkedin.com\\\/company\\\/radio-ljubuski\",\"https:\\\/\\\/www.youtube.com\\\/channel\\\/UCHYaeO_n0Db3tjNGudGpXyw\"]},{\"@type\":\"Person\",\"@id\":\"https:\\\/\\\/radioljubuski.ba\\\/#\\\/schema\\\/person\\\/19fc700381a780f69665d7956c469e3b\",\"name\":\"Radio Ljubu\u0161ki\"}]}<\/script>\n<!-- \/ Yoast SEO plugin. -->","yoast_head_json":{"title":"Puljak: \u010cista\u010dici nije produljen ugovor jer je to radno mjesto nepotrebno - RADIO LJUBU\u0160KI","robots":{"index":"index","follow":"follow","max-snippet":"max-snippet:-1","max-image-preview":"max-image-preview:large","max-video-preview":"max-video-preview:-1"},"canonical":"https:\/\/radioljubuski.ba\/index.php\/2021\/09\/05\/puljak-cistacici-nije-produljen-ugovor-jer-je-to-radno-mjesto-nepotrebno\/","og_locale":"hr_HR","og_type":"article","og_title":"Puljak: \u010cista\u010dici nije produljen ugovor jer je to radno mjesto nepotrebno - RADIO LJUBU\u0160KI","og_description":"Splitski gradona\u010delnik&nbsp;Ivica Puljak&nbsp;rekao je ve\u010deras u HTV-ovom Dnevniku kako ugovor o radu \u010dista\u010dici s 80-postotnim invaliditetom nije produljen jer se radi o radnom mjestu koje je &#8220;u principu nepotrebno&#8221;, pri \u010demu je naglasio da nitko nije znao da se radi o osobi s invaliditetom. Poru\u010dio je kako je do\u0161ao kraj nepotrebnom zapo\u0161ljavanju, za \u0161to je [&hellip;]","og_url":"https:\/\/radioljubuski.ba\/index.php\/2021\/09\/05\/puljak-cistacici-nije-produljen-ugovor-jer-je-to-radno-mjesto-nepotrebno\/","og_site_name":"RADIO LJUBU\u0160KI","article_publisher":"https:\/\/www.facebook.com\/Radiio-Ljubuski-1490835324566332","article_published_time":"2021-09-04T23:19:32+00:00","article_modified_time":"2021-09-04T23:19:33+00:00","og_image":[{"width":700,"height":382,"url":"https:\/\/radioljubuski.ba\/wp-content\/uploads\/2021\/09\/Ivica-Puljak.jpg","type":"image\/jpeg"}],"author":"Radio Ljubu\u0161ki","twitter_card":"summary_large_image","twitter_creator":"@radioljubuski","twitter_site":"@radioljubuski","twitter_misc":{"Napisao\/la":"Radio Ljubu\u0161ki","Procijenjeno vrijeme \u010ditanja":"2 minute"},"schema":{"@context":"https:\/\/schema.org","@graph":[{"@type":"Article","@id":"https:\/\/radioljubuski.ba\/index.php\/2021\/09\/05\/puljak-cistacici-nije-produljen-ugovor-jer-je-to-radno-mjesto-nepotrebno\/#article","isPartOf":{"@id":"https:\/\/radioljubuski.ba\/index.php\/2021\/09\/05\/puljak-cistacici-nije-produljen-ugovor-jer-je-to-radno-mjesto-nepotrebno\/"},"author":{"name":"Radio Ljubu\u0161ki","@id":"https:\/\/radioljubuski.ba\/#\/schema\/person\/19fc700381a780f69665d7956c469e3b"},"headline":"Puljak: \u010cista\u010dici nije produljen ugovor jer je to radno mjesto nepotrebno","datePublished":"2021-09-04T23:19:32+00:00","dateModified":"2021-09-04T23:19:33+00:00","mainEntityOfPage":{"@id":"https:\/\/radioljubuski.ba\/index.php\/2021\/09\/05\/puljak-cistacici-nije-produljen-ugovor-jer-je-to-radno-mjesto-nepotrebno\/"},"wordCount":400,"publisher":{"@id":"https:\/\/radioljubuski.ba\/#organization"},"image":{"@id":"https:\/\/radioljubuski.ba\/index.php\/2021\/09\/05\/puljak-cistacici-nije-produljen-ugovor-jer-je-to-radno-mjesto-nepotrebno\/#primaryimage"},"thumbnailUrl":"https:\/\/radioljubuski.ba\/wp-content\/uploads\/2021\/09\/Ivica-Puljak.jpg","articleSection":["BIH i regija"],"inLanguage":"hr"},{"@type":"WebPage","@id":"https:\/\/radioljubuski.ba\/index.php\/2021\/09\/05\/puljak-cistacici-nije-produljen-ugovor-jer-je-to-radno-mjesto-nepotrebno\/","url":"https:\/\/radioljubuski.ba\/index.php\/2021\/09\/05\/puljak-cistacici-nije-produljen-ugovor-jer-je-to-radno-mjesto-nepotrebno\/","name":"Puljak: \u010cista\u010dici nije produljen ugovor jer je to radno mjesto nepotrebno - RADIO LJUBU\u0160KI","isPartOf":{"@id":"https:\/\/radioljubuski.ba\/#website"},"primaryImageOfPage":{"@id":"https:\/\/radioljubuski.ba\/index.php\/2021\/09\/05\/puljak-cistacici-nije-produljen-ugovor-jer-je-to-radno-mjesto-nepotrebno\/#primaryimage"},"image":{"@id":"https:\/\/radioljubuski.ba\/index.php\/2021\/09\/05\/puljak-cistacici-nije-produljen-ugovor-jer-je-to-radno-mjesto-nepotrebno\/#primaryimage"},"thumbnailUrl":"https:\/\/radioljubuski.ba\/wp-content\/uploads\/2021\/09\/Ivica-Puljak.jpg","datePublished":"2021-09-04T23:19:32+00:00","dateModified":"2021-09-04T23:19:33+00:00","breadcrumb":{"@id":"https:\/\/radioljubuski.ba\/index.php\/2021\/09\/05\/puljak-cistacici-nije-produljen-ugovor-jer-je-to-radno-mjesto-nepotrebno\/#breadcrumb"},"inLanguage":"hr","potentialAction":[{"@type":"ReadAction","target":["https:\/\/radioljubuski.ba\/index.php\/2021\/09\/05\/puljak-cistacici-nije-produljen-ugovor-jer-je-to-radno-mjesto-nepotrebno\/"]}]},{"@type":"ImageObject","inLanguage":"hr","@id":"https:\/\/radioljubuski.ba\/index.php\/2021\/09\/05\/puljak-cistacici-nije-produljen-ugovor-jer-je-to-radno-mjesto-nepotrebno\/#primaryimage","url":"https:\/\/radioljubuski.ba\/wp-content\/uploads\/2021\/09\/Ivica-Puljak.jpg","contentUrl":"https:\/\/radioljubuski.ba\/wp-content\/uploads\/2021\/09\/Ivica-Puljak.jpg","width":700,"height":382},{"@type":"BreadcrumbList","@id":"https:\/\/radioljubuski.ba\/index.php\/2021\/09\/05\/puljak-cistacici-nije-produljen-ugovor-jer-je-to-radno-mjesto-nepotrebno\/#breadcrumb","itemListElement":[{"@type":"ListItem","position":1,"name":"Po\u010detna stranica","item":"https:\/\/radioljubuski.ba\/"},{"@type":"ListItem","position":2,"name":"Puljak: \u010cista\u010dici nije produljen ugovor jer je to radno mjesto nepotrebno"}]},{"@type":"WebSite","@id":"https:\/\/radioljubuski.ba\/#website","url":"https:\/\/radioljubuski.ba\/","name":"Radio Ljubu\u0161ki","description":"Sun\u010dana frekvencija Hercegovine","publisher":{"@id":"https:\/\/radioljubuski.ba\/#organization"},"potentialAction":[{"@type":"SearchAction","target":{"@type":"EntryPoint","urlTemplate":"https:\/\/radioljubuski.ba\/?s={search_term_string}"},"query-input":{"@type":"PropertyValueSpecification","valueRequired":true,"valueName":"search_term_string"}}],"inLanguage":"hr"},{"@type":"Organization","@id":"https:\/\/radioljubuski.ba\/#organization","name":"Radio Ljubu\u0161ki","url":"https:\/\/radioljubuski.ba\/","logo":{"@type":"ImageObject","inLanguage":"hr","@id":"https:\/\/radioljubuski.ba\/#\/schema\/logo\/image\/","url":"https:\/\/radioljubuski.ba\/wp-content\/uploads\/2021\/02\/cropped-Radio_Ljubuski_logo1.jpg","contentUrl":"https:\/\/radioljubuski.ba\/wp-content\/uploads\/2021\/02\/cropped-Radio_Ljubuski_logo1.jpg","width":512,"height":512,"caption":"Radio Ljubu\u0161ki"},"image":{"@id":"https:\/\/radioljubuski.ba\/#\/schema\/logo\/image\/"},"sameAs":["https:\/\/www.facebook.com\/Radiio-Ljubuski-1490835324566332","https:\/\/x.com\/radioljubuski","https:\/\/hr.linkedin.com\/company\/radio-ljubuski","https:\/\/www.youtube.com\/channel\/UCHYaeO_n0Db3tjNGudGpXyw"]},{"@type":"Person","@id":"https:\/\/radioljubuski.ba\/#\/schema\/person\/19fc700381a780f69665d7956c469e3b","name":"Radio Ljubu\u0161ki"}]}},"_links":{"self":[{"href":"https:\/\/radioljubuski.ba\/index.php\/wp-json\/wp\/v2\/posts\/61376","targetHints":{"allow":["GET"]}}],"collection":[{"href":"https:\/\/radioljubuski.ba\/index.php\/wp-json\/wp\/v2\/posts"}],"about":[{"href":"https:\/\/radioljubuski.ba\/index.php\/wp-json\/wp\/v2\/types\/post"}],"author":[{"embeddable":true,"href":"https:\/\/radioljubuski.ba\/index.php\/wp-json\/wp\/v2\/users\/2"}],"replies":[{"embeddable":true,"href":"https:\/\/radioljubuski.ba\/index.php\/wp-json\/wp\/v2\/comments?post=61376"}],"version-history":[{"count":1,"href":"https:\/\/radioljubuski.ba\/index.php\/wp-json\/wp\/v2\/posts\/61376\/revisions"}],"predecessor-version":[{"id":61378,"href":"https:\/\/radioljubuski.ba\/index.php\/wp-json\/wp\/v2\/posts\/61376\/revisions\/61378"}],"wp:featuredmedia":[{"embeddable":true,"href":"https:\/\/radioljubuski.ba\/index.php\/wp-json\/wp\/v2\/media\/61377"}],"wp:attachment":[{"href":"https:\/\/radioljubuski.ba\/index.php\/wp-json\/wp\/v2\/media?parent=61376"}],"wp:term":[{"taxonomy":"category","embeddable":true,"href":"https:\/\/radioljubuski.ba\/index.php\/wp-json\/wp\/v2\/categories?post=61376"},{"taxonomy":"post_tag","embeddable":true,"href":"https:\/\/radioljubuski.ba\/index.php\/wp-json\/wp\/v2\/tags?post=61376"}],"curies":[{"name":"wp","href":"https:\/\/api.w.org\/{rel}","templated":true}]}}