{"id":61386,"date":"2021-09-05T00:25:40","date_gmt":"2021-09-04T23:25:40","guid":{"rendered":"https:\/\/radioljubuski.ba\/?p=61386"},"modified":"2021-09-05T00:25:41","modified_gmt":"2021-09-04T23:25:41","slug":"utrka-s-vremenom-protiv-delta-soja","status":"publish","type":"post","link":"https:\/\/radioljubuski.ba\/index.php\/2021\/09\/05\/utrka-s-vremenom-protiv-delta-soja\/","title":{"rendered":"Utrka s vremenom protiv delta soja"},"content":{"rendered":"\n<p><strong>Europa ulazi u jesen s velikom dozom opreza zbog visokozaraznog delta-soja, ali i s mnogo bla\u017eim mjerama nego lani u ovo doba, kada nismo imali dostupna cjepiva, osobito za one s COVID potvrdama. Istodobno, ja\u010da i otpor onih koji se i dalje protive cijepljenju i mjerama koje se uvode za necijepljene. U Ljubljani je sino\u0107 skupina protivnika cijepljenja nasilno upala u prostorije televizije Slovenije.<\/strong><\/p>\n\n\n\n<p>Sino\u0107 &#8211; prava drama na TV Sloveniji &#8211; kada je, nakon vi\u0161emjese\u010dnih prosvjeda, manja skupina protivnika cijepljenja upala u zgradu tra\u017ee\u0107i prijenos u\u017eivo. Ladislav Troha, vo\u0111a pokreta &#8220;Osvije\u0161teni gra\u0111ani Slovenije&#8221; poru\u010dio je kako je vrijeme da &#8216;oslobode RTV Sloveniju kako bi sve objasnili uz prave novinare, koje \u0107e moratidovesti izvana&#8217;.<br><br>Generalni direktor RTV Slovenije<strong>\u00a0Andrej Grah Whatmough<\/strong>\u00a0poru\u010dio je kako se radi o ozbiljnom napadu na javne medije. Da takvi potezi nemaju nikakve veze sa slobodom govora &#8211; poru\u010dio je slovenski premijer\u00a0<strong>Janez Jan\u0161a<\/strong>. Slovenija je u crvenom, ima gotovo 750 novozara\u017eenih u jednom danu, a dvije su osobe preminule.<br><br><strong>Dio zgrade SKB Mostar ponovno pretvoren u covid bolnicu<\/strong><br><br>U Bosni i Hercegovini, poglavito u Hercegova\u010dko-neretvanskoj \u017eupaniji sa sjedi\u0161tem u Mostaru, poraslo je zanimanje za cijepljenje nakon rasta broja novozara\u017eenih. U Mostaru je tako zbog koronavirusa hospitalizirano 88 osoba, a jedna je \u017eena preminula u posljednja 24 sata.<br><br>Sveu\u010dili\u0161na klini\u010dka bolnica (SKB) u Mostaru je nakon vi\u0161e mjeseci peti kat u glavnoj bolni\u010dkoj zgradi pretvorila u covid odjel zbog pove\u0107anog broja osoba koje zbog zaraze koronavirusom trebaju hospitalizaciju.\u00a0Rezultat je to nepo\u0161tivanja mjera i razmjerno malene procijepljenosti gra\u0111ana, tvrde u bolnici u Mostaru. Bolnica prelazi na drugi re\u017eim rada u kojemu se odga\u0111aju svi zahvati koji nisu \u017eurni.<br><br>Tijekom ljeta smo propustili priliku da se cijepimo i sada smo ponovo u istoj situaciji kao prije nekoliko mjeseci. Ovakvu situaciju smo mogli izbje\u0107i, naveli su iz SKB Mostara i dodali da se me\u0111u hospitaliziranima nalaze i mla\u0111i gra\u0111ani.<br><br><strong>U Gradi\u0161\u0107u lutrija za cijepljene<\/strong><br><br>Utrka s vremenom vodi se u Srbiji, gdje je cijepljeno oko 52 posto punoljetnog stanovni\u0161tva. U austrijskom Gradi\u0161\u0107u organizirali su lutriju kako bi stanovni\u0161tvo potaknuli na cijepljenje. Trebalo bi to stanovnicima Gradi\u0161\u0107a osigurati dobru godinu, a nekima i velik zgoditak.<\/p>\n\n\n\n<div style=\"width: 640px;\" class=\"wp-video\"><video class=\"wp-video-shortcode\" id=\"video-61386-1\" width=\"640\" height=\"360\" preload=\"metadata\" controls=\"controls\"><source type=\"video\/mp4\" src=\"https:\/\/api.hrt.hr\/media\/35\/69\/tvd2-korona-europa-20210904175529.mp4?_=1\" \/><a href=\"https:\/\/api.hrt.hr\/media\/35\/69\/tvd2-korona-europa-20210904175529.mp4\">https:\/\/api.hrt.hr\/media\/35\/69\/tvd2-korona-europa-20210904175529.mp4<\/a><\/video><\/div>\n\n\n\n<p>Izvor:hrt.hr<\/p>\n","protected":false},"excerpt":{"rendered":"<p>Europa ulazi u jesen s velikom dozom opreza zbog visokozaraznog delta-soja, ali i s mnogo bla\u017eim mjerama nego lani u ovo doba, kada nismo imali dostupna cjepiva, osobito za one s COVID potvrdama. Istodobno, ja\u010da i otpor onih koji se i dalje protive cijepljenju i mjerama koje se uvode za necijepljene. U Ljubljani je sino\u0107 [&hellip;]<\/p>\n","protected":false},"author":2,"featured_media":61387,"comment_status":"closed","ping_status":"closed","sticky":false,"template":"","format":"standard","meta":{"h5ap_radio_sources":[],"footnotes":""},"categories":[1],"tags":[],"class_list":["post-61386","post","type-post","status-publish","format-standard","has-post-thumbnail","hentry","category-bihiregija"],"yoast_head":"<!-- This site is optimized with the Yoast SEO plugin v27.5 - https:\/\/yoast.com\/product\/yoast-seo-wordpress\/ -->\n<title>Utrka s vremenom protiv delta soja - RADIO LJUBU\u0160KI<\/title>\n<meta name=\"robots\" content=\"index, follow, max-snippet:-1, max-image-preview:large, max-video-preview:-1\" \/>\n<link rel=\"canonical\" href=\"https:\/\/radioljubuski.ba\/index.php\/2021\/09\/05\/utrka-s-vremenom-protiv-delta-soja\/\" \/>\n<meta property=\"og:locale\" content=\"hr_HR\" \/>\n<meta property=\"og:type\" content=\"article\" \/>\n<meta property=\"og:title\" content=\"Utrka s vremenom protiv delta soja - RADIO LJUBU\u0160KI\" \/>\n<meta property=\"og:description\" content=\"Europa ulazi u jesen s velikom dozom opreza zbog visokozaraznog delta-soja, ali i s mnogo bla\u017eim mjerama nego lani u ovo doba, kada nismo imali dostupna cjepiva, osobito za one s COVID potvrdama. Istodobno, ja\u010da i otpor onih koji se i dalje protive cijepljenju i mjerama koje se uvode za necijepljene. U Ljubljani je sino\u0107 [&hellip;]\" \/>\n<meta property=\"og:url\" content=\"https:\/\/radioljubuski.ba\/index.php\/2021\/09\/05\/utrka-s-vremenom-protiv-delta-soja\/\" \/>\n<meta property=\"og:site_name\" content=\"RADIO LJUBU\u0160KI\" \/>\n<meta property=\"article:publisher\" content=\"https:\/\/www.facebook.com\/Radiio-Ljubuski-1490835324566332\" \/>\n<meta property=\"article:published_time\" content=\"2021-09-04T23:25:40+00:00\" \/>\n<meta property=\"article:modified_time\" content=\"2021-09-04T23:25:41+00:00\" \/>\n<meta property=\"og:image\" content=\"https:\/\/radioljubuski.ba\/wp-content\/uploads\/2021\/09\/vlcsnap-2021-09-04-21h48m38s405-20210904194912.jpg\" \/>\n\t<meta property=\"og:image:width\" content=\"1280\" \/>\n\t<meta property=\"og:image:height\" content=\"720\" \/>\n\t<meta property=\"og:image:type\" content=\"image\/jpeg\" \/>\n<meta name=\"author\" content=\"Radio Ljubu\u0161ki\" \/>\n<meta name=\"twitter:card\" content=\"summary_large_image\" \/>\n<meta name=\"twitter:creator\" content=\"@radioljubuski\" \/>\n<meta name=\"twitter:site\" content=\"@radioljubuski\" \/>\n<meta name=\"twitter:label1\" content=\"Napisao\/la\" \/>\n\t<meta name=\"twitter:data1\" content=\"Radio Ljubu\u0161ki\" \/>\n\t<meta name=\"twitter:label2\" content=\"Procijenjeno vrijeme \u010ditanja\" \/>\n\t<meta name=\"twitter:data2\" content=\"2 minute\" \/>\n<script type=\"application\/ld+json\" class=\"yoast-schema-graph\">{\"@context\":\"https:\\\/\\\/schema.org\",\"@graph\":[{\"@type\":\"Article\",\"@id\":\"https:\\\/\\\/radioljubuski.ba\\\/index.php\\\/2021\\\/09\\\/05\\\/utrka-s-vremenom-protiv-delta-soja\\\/#article\",\"isPartOf\":{\"@id\":\"https:\\\/\\\/radioljubuski.ba\\\/index.php\\\/2021\\\/09\\\/05\\\/utrka-s-vremenom-protiv-delta-soja\\\/\"},\"author\":{\"name\":\"Radio Ljubu\u0161ki\",\"@id\":\"https:\\\/\\\/radioljubuski.ba\\\/#\\\/schema\\\/person\\\/19fc700381a780f69665d7956c469e3b\"},\"headline\":\"Utrka s vremenom protiv delta soja\",\"datePublished\":\"2021-09-04T23:25:40+00:00\",\"dateModified\":\"2021-09-04T23:25:41+00:00\",\"mainEntityOfPage\":{\"@id\":\"https:\\\/\\\/radioljubuski.ba\\\/index.php\\\/2021\\\/09\\\/05\\\/utrka-s-vremenom-protiv-delta-soja\\\/\"},\"wordCount\":406,\"publisher\":{\"@id\":\"https:\\\/\\\/radioljubuski.ba\\\/#organization\"},\"image\":{\"@id\":\"https:\\\/\\\/radioljubuski.ba\\\/index.php\\\/2021\\\/09\\\/05\\\/utrka-s-vremenom-protiv-delta-soja\\\/#primaryimage\"},\"thumbnailUrl\":\"https:\\\/\\\/radioljubuski.ba\\\/wp-content\\\/uploads\\\/2021\\\/09\\\/vlcsnap-2021-09-04-21h48m38s405-20210904194912.jpg\",\"articleSection\":[\"BIH i regija\"],\"inLanguage\":\"hr\"},{\"@type\":\"WebPage\",\"@id\":\"https:\\\/\\\/radioljubuski.ba\\\/index.php\\\/2021\\\/09\\\/05\\\/utrka-s-vremenom-protiv-delta-soja\\\/\",\"url\":\"https:\\\/\\\/radioljubuski.ba\\\/index.php\\\/2021\\\/09\\\/05\\\/utrka-s-vremenom-protiv-delta-soja\\\/\",\"name\":\"Utrka s vremenom protiv delta soja - RADIO LJUBU\u0160KI\",\"isPartOf\":{\"@id\":\"https:\\\/\\\/radioljubuski.ba\\\/#website\"},\"primaryImageOfPage\":{\"@id\":\"https:\\\/\\\/radioljubuski.ba\\\/index.php\\\/2021\\\/09\\\/05\\\/utrka-s-vremenom-protiv-delta-soja\\\/#primaryimage\"},\"image\":{\"@id\":\"https:\\\/\\\/radioljubuski.ba\\\/index.php\\\/2021\\\/09\\\/05\\\/utrka-s-vremenom-protiv-delta-soja\\\/#primaryimage\"},\"thumbnailUrl\":\"https:\\\/\\\/radioljubuski.ba\\\/wp-content\\\/uploads\\\/2021\\\/09\\\/vlcsnap-2021-09-04-21h48m38s405-20210904194912.jpg\",\"datePublished\":\"2021-09-04T23:25:40+00:00\",\"dateModified\":\"2021-09-04T23:25:41+00:00\",\"breadcrumb\":{\"@id\":\"https:\\\/\\\/radioljubuski.ba\\\/index.php\\\/2021\\\/09\\\/05\\\/utrka-s-vremenom-protiv-delta-soja\\\/#breadcrumb\"},\"inLanguage\":\"hr\",\"potentialAction\":[{\"@type\":\"ReadAction\",\"target\":[\"https:\\\/\\\/radioljubuski.ba\\\/index.php\\\/2021\\\/09\\\/05\\\/utrka-s-vremenom-protiv-delta-soja\\\/\"]}]},{\"@type\":\"ImageObject\",\"inLanguage\":\"hr\",\"@id\":\"https:\\\/\\\/radioljubuski.ba\\\/index.php\\\/2021\\\/09\\\/05\\\/utrka-s-vremenom-protiv-delta-soja\\\/#primaryimage\",\"url\":\"https:\\\/\\\/radioljubuski.ba\\\/wp-content\\\/uploads\\\/2021\\\/09\\\/vlcsnap-2021-09-04-21h48m38s405-20210904194912.jpg\",\"contentUrl\":\"https:\\\/\\\/radioljubuski.ba\\\/wp-content\\\/uploads\\\/2021\\\/09\\\/vlcsnap-2021-09-04-21h48m38s405-20210904194912.jpg\",\"width\":1280,\"height\":720},{\"@type\":\"BreadcrumbList\",\"@id\":\"https:\\\/\\\/radioljubuski.ba\\\/index.php\\\/2021\\\/09\\\/05\\\/utrka-s-vremenom-protiv-delta-soja\\\/#breadcrumb\",\"itemListElement\":[{\"@type\":\"ListItem\",\"position\":1,\"name\":\"Po\u010detna stranica\",\"item\":\"https:\\\/\\\/radioljubuski.ba\\\/\"},{\"@type\":\"ListItem\",\"position\":2,\"name\":\"Utrka s vremenom protiv delta soja\"}]},{\"@type\":\"WebSite\",\"@id\":\"https:\\\/\\\/radioljubuski.ba\\\/#website\",\"url\":\"https:\\\/\\\/radioljubuski.ba\\\/\",\"name\":\"Radio Ljubu\u0161ki\",\"description\":\"Sun\u010dana frekvencija Hercegovine\",\"publisher\":{\"@id\":\"https:\\\/\\\/radioljubuski.ba\\\/#organization\"},\"potentialAction\":[{\"@type\":\"SearchAction\",\"target\":{\"@type\":\"EntryPoint\",\"urlTemplate\":\"https:\\\/\\\/radioljubuski.ba\\\/?s={search_term_string}\"},\"query-input\":{\"@type\":\"PropertyValueSpecification\",\"valueRequired\":true,\"valueName\":\"search_term_string\"}}],\"inLanguage\":\"hr\"},{\"@type\":\"Organization\",\"@id\":\"https:\\\/\\\/radioljubuski.ba\\\/#organization\",\"name\":\"Radio Ljubu\u0161ki\",\"url\":\"https:\\\/\\\/radioljubuski.ba\\\/\",\"logo\":{\"@type\":\"ImageObject\",\"inLanguage\":\"hr\",\"@id\":\"https:\\\/\\\/radioljubuski.ba\\\/#\\\/schema\\\/logo\\\/image\\\/\",\"url\":\"https:\\\/\\\/radioljubuski.ba\\\/wp-content\\\/uploads\\\/2021\\\/02\\\/cropped-Radio_Ljubuski_logo1.jpg\",\"contentUrl\":\"https:\\\/\\\/radioljubuski.ba\\\/wp-content\\\/uploads\\\/2021\\\/02\\\/cropped-Radio_Ljubuski_logo1.jpg\",\"width\":512,\"height\":512,\"caption\":\"Radio Ljubu\u0161ki\"},\"image\":{\"@id\":\"https:\\\/\\\/radioljubuski.ba\\\/#\\\/schema\\\/logo\\\/image\\\/\"},\"sameAs\":[\"https:\\\/\\\/www.facebook.com\\\/Radiio-Ljubuski-1490835324566332\",\"https:\\\/\\\/x.com\\\/radioljubuski\",\"https:\\\/\\\/hr.linkedin.com\\\/company\\\/radio-ljubuski\",\"https:\\\/\\\/www.youtube.com\\\/channel\\\/UCHYaeO_n0Db3tjNGudGpXyw\"]},{\"@type\":\"Person\",\"@id\":\"https:\\\/\\\/radioljubuski.ba\\\/#\\\/schema\\\/person\\\/19fc700381a780f69665d7956c469e3b\",\"name\":\"Radio Ljubu\u0161ki\"}]}<\/script>\n<!-- \/ Yoast SEO plugin. -->","yoast_head_json":{"title":"Utrka s vremenom protiv delta soja - RADIO LJUBU\u0160KI","robots":{"index":"index","follow":"follow","max-snippet":"max-snippet:-1","max-image-preview":"max-image-preview:large","max-video-preview":"max-video-preview:-1"},"canonical":"https:\/\/radioljubuski.ba\/index.php\/2021\/09\/05\/utrka-s-vremenom-protiv-delta-soja\/","og_locale":"hr_HR","og_type":"article","og_title":"Utrka s vremenom protiv delta soja - RADIO LJUBU\u0160KI","og_description":"Europa ulazi u jesen s velikom dozom opreza zbog visokozaraznog delta-soja, ali i s mnogo bla\u017eim mjerama nego lani u ovo doba, kada nismo imali dostupna cjepiva, osobito za one s COVID potvrdama. Istodobno, ja\u010da i otpor onih koji se i dalje protive cijepljenju i mjerama koje se uvode za necijepljene. U Ljubljani je sino\u0107 [&hellip;]","og_url":"https:\/\/radioljubuski.ba\/index.php\/2021\/09\/05\/utrka-s-vremenom-protiv-delta-soja\/","og_site_name":"RADIO LJUBU\u0160KI","article_publisher":"https:\/\/www.facebook.com\/Radiio-Ljubuski-1490835324566332","article_published_time":"2021-09-04T23:25:40+00:00","article_modified_time":"2021-09-04T23:25:41+00:00","og_image":[{"width":1280,"height":720,"url":"https:\/\/radioljubuski.ba\/wp-content\/uploads\/2021\/09\/vlcsnap-2021-09-04-21h48m38s405-20210904194912.jpg","type":"image\/jpeg"}],"author":"Radio Ljubu\u0161ki","twitter_card":"summary_large_image","twitter_creator":"@radioljubuski","twitter_site":"@radioljubuski","twitter_misc":{"Napisao\/la":"Radio Ljubu\u0161ki","Procijenjeno vrijeme \u010ditanja":"2 minute"},"schema":{"@context":"https:\/\/schema.org","@graph":[{"@type":"Article","@id":"https:\/\/radioljubuski.ba\/index.php\/2021\/09\/05\/utrka-s-vremenom-protiv-delta-soja\/#article","isPartOf":{"@id":"https:\/\/radioljubuski.ba\/index.php\/2021\/09\/05\/utrka-s-vremenom-protiv-delta-soja\/"},"author":{"name":"Radio Ljubu\u0161ki","@id":"https:\/\/radioljubuski.ba\/#\/schema\/person\/19fc700381a780f69665d7956c469e3b"},"headline":"Utrka s vremenom protiv delta soja","datePublished":"2021-09-04T23:25:40+00:00","dateModified":"2021-09-04T23:25:41+00:00","mainEntityOfPage":{"@id":"https:\/\/radioljubuski.ba\/index.php\/2021\/09\/05\/utrka-s-vremenom-protiv-delta-soja\/"},"wordCount":406,"publisher":{"@id":"https:\/\/radioljubuski.ba\/#organization"},"image":{"@id":"https:\/\/radioljubuski.ba\/index.php\/2021\/09\/05\/utrka-s-vremenom-protiv-delta-soja\/#primaryimage"},"thumbnailUrl":"https:\/\/radioljubuski.ba\/wp-content\/uploads\/2021\/09\/vlcsnap-2021-09-04-21h48m38s405-20210904194912.jpg","articleSection":["BIH i regija"],"inLanguage":"hr"},{"@type":"WebPage","@id":"https:\/\/radioljubuski.ba\/index.php\/2021\/09\/05\/utrka-s-vremenom-protiv-delta-soja\/","url":"https:\/\/radioljubuski.ba\/index.php\/2021\/09\/05\/utrka-s-vremenom-protiv-delta-soja\/","name":"Utrka s vremenom protiv delta soja - RADIO LJUBU\u0160KI","isPartOf":{"@id":"https:\/\/radioljubuski.ba\/#website"},"primaryImageOfPage":{"@id":"https:\/\/radioljubuski.ba\/index.php\/2021\/09\/05\/utrka-s-vremenom-protiv-delta-soja\/#primaryimage"},"image":{"@id":"https:\/\/radioljubuski.ba\/index.php\/2021\/09\/05\/utrka-s-vremenom-protiv-delta-soja\/#primaryimage"},"thumbnailUrl":"https:\/\/radioljubuski.ba\/wp-content\/uploads\/2021\/09\/vlcsnap-2021-09-04-21h48m38s405-20210904194912.jpg","datePublished":"2021-09-04T23:25:40+00:00","dateModified":"2021-09-04T23:25:41+00:00","breadcrumb":{"@id":"https:\/\/radioljubuski.ba\/index.php\/2021\/09\/05\/utrka-s-vremenom-protiv-delta-soja\/#breadcrumb"},"inLanguage":"hr","potentialAction":[{"@type":"ReadAction","target":["https:\/\/radioljubuski.ba\/index.php\/2021\/09\/05\/utrka-s-vremenom-protiv-delta-soja\/"]}]},{"@type":"ImageObject","inLanguage":"hr","@id":"https:\/\/radioljubuski.ba\/index.php\/2021\/09\/05\/utrka-s-vremenom-protiv-delta-soja\/#primaryimage","url":"https:\/\/radioljubuski.ba\/wp-content\/uploads\/2021\/09\/vlcsnap-2021-09-04-21h48m38s405-20210904194912.jpg","contentUrl":"https:\/\/radioljubuski.ba\/wp-content\/uploads\/2021\/09\/vlcsnap-2021-09-04-21h48m38s405-20210904194912.jpg","width":1280,"height":720},{"@type":"BreadcrumbList","@id":"https:\/\/radioljubuski.ba\/index.php\/2021\/09\/05\/utrka-s-vremenom-protiv-delta-soja\/#breadcrumb","itemListElement":[{"@type":"ListItem","position":1,"name":"Po\u010detna stranica","item":"https:\/\/radioljubuski.ba\/"},{"@type":"ListItem","position":2,"name":"Utrka s vremenom protiv delta soja"}]},{"@type":"WebSite","@id":"https:\/\/radioljubuski.ba\/#website","url":"https:\/\/radioljubuski.ba\/","name":"Radio Ljubu\u0161ki","description":"Sun\u010dana frekvencija Hercegovine","publisher":{"@id":"https:\/\/radioljubuski.ba\/#organization"},"potentialAction":[{"@type":"SearchAction","target":{"@type":"EntryPoint","urlTemplate":"https:\/\/radioljubuski.ba\/?s={search_term_string}"},"query-input":{"@type":"PropertyValueSpecification","valueRequired":true,"valueName":"search_term_string"}}],"inLanguage":"hr"},{"@type":"Organization","@id":"https:\/\/radioljubuski.ba\/#organization","name":"Radio Ljubu\u0161ki","url":"https:\/\/radioljubuski.ba\/","logo":{"@type":"ImageObject","inLanguage":"hr","@id":"https:\/\/radioljubuski.ba\/#\/schema\/logo\/image\/","url":"https:\/\/radioljubuski.ba\/wp-content\/uploads\/2021\/02\/cropped-Radio_Ljubuski_logo1.jpg","contentUrl":"https:\/\/radioljubuski.ba\/wp-content\/uploads\/2021\/02\/cropped-Radio_Ljubuski_logo1.jpg","width":512,"height":512,"caption":"Radio Ljubu\u0161ki"},"image":{"@id":"https:\/\/radioljubuski.ba\/#\/schema\/logo\/image\/"},"sameAs":["https:\/\/www.facebook.com\/Radiio-Ljubuski-1490835324566332","https:\/\/x.com\/radioljubuski","https:\/\/hr.linkedin.com\/company\/radio-ljubuski","https:\/\/www.youtube.com\/channel\/UCHYaeO_n0Db3tjNGudGpXyw"]},{"@type":"Person","@id":"https:\/\/radioljubuski.ba\/#\/schema\/person\/19fc700381a780f69665d7956c469e3b","name":"Radio Ljubu\u0161ki"}]}},"_links":{"self":[{"href":"https:\/\/radioljubuski.ba\/index.php\/wp-json\/wp\/v2\/posts\/61386","targetHints":{"allow":["GET"]}}],"collection":[{"href":"https:\/\/radioljubuski.ba\/index.php\/wp-json\/wp\/v2\/posts"}],"about":[{"href":"https:\/\/radioljubuski.ba\/index.php\/wp-json\/wp\/v2\/types\/post"}],"author":[{"embeddable":true,"href":"https:\/\/radioljubuski.ba\/index.php\/wp-json\/wp\/v2\/users\/2"}],"replies":[{"embeddable":true,"href":"https:\/\/radioljubuski.ba\/index.php\/wp-json\/wp\/v2\/comments?post=61386"}],"version-history":[{"count":1,"href":"https:\/\/radioljubuski.ba\/index.php\/wp-json\/wp\/v2\/posts\/61386\/revisions"}],"predecessor-version":[{"id":61388,"href":"https:\/\/radioljubuski.ba\/index.php\/wp-json\/wp\/v2\/posts\/61386\/revisions\/61388"}],"wp:featuredmedia":[{"embeddable":true,"href":"https:\/\/radioljubuski.ba\/index.php\/wp-json\/wp\/v2\/media\/61387"}],"wp:attachment":[{"href":"https:\/\/radioljubuski.ba\/index.php\/wp-json\/wp\/v2\/media?parent=61386"}],"wp:term":[{"taxonomy":"category","embeddable":true,"href":"https:\/\/radioljubuski.ba\/index.php\/wp-json\/wp\/v2\/categories?post=61386"},{"taxonomy":"post_tag","embeddable":true,"href":"https:\/\/radioljubuski.ba\/index.php\/wp-json\/wp\/v2\/tags?post=61386"}],"curies":[{"name":"wp","href":"https:\/\/api.w.org\/{rel}","templated":true}]}}