{"id":61392,"date":"2021-09-05T00:31:02","date_gmt":"2021-09-04T23:31:02","guid":{"rendered":"https:\/\/radioljubuski.ba\/?p=61392"},"modified":"2021-09-05T00:31:02","modified_gmt":"2021-09-04T23:31:02","slug":"u-kaosu-u-crnoj-gori-pobjedu-su-odnijeli-prosvjednici-joanikije-u-nedjelju-nece-biti-ustolicen-na-cetinju","status":"publish","type":"post","link":"https:\/\/radioljubuski.ba\/index.php\/2021\/09\/05\/u-kaosu-u-crnoj-gori-pobjedu-su-odnijeli-prosvjednici-joanikije-u-nedjelju-nece-biti-ustolicen-na-cetinju\/","title":{"rendered":"U kaosu u Crnoj Gori pobjedu su odnijeli prosvjednici: Joanikije u nedjelju ne\u0107e biti ustoli\u010den na Cetinju!"},"content":{"rendered":"\n<p>Napetost u Crnoj Gori u subotu se mogla rezati no\u017eem. Rezultat cijele pri\u010de na kraju je da vladika Joanikije u nedjelju ipak ne\u0107e biti ustoli\u010den u Cetinju, gradu koji je cijelo popodne bio u blokadi. Tanjug javlja da je crnogorski premijer Zdravko Krivokapi\u0107 urigirao kod vrha SPC-a i postigao dogovor da se ceremonija ne odr\u017ei u povijesnoj prijestolnici Crne Gore. Slu\u017ebena potvrda te informacije u subotu nave\u010der jo\u0161 nije stigla, ali prenijeli su je svi vode\u0107i srpski mediji, pi\u0161e&nbsp;<a href=\"https:\/\/www.jutarnji.hr\/vijesti\/svijet\/pobjeda-prosvjednika-u-crnoj-gori-joanikije-u-nedjelju-nece-biti-ustolicen-na-cetinju-15099909\">Jutarnji list.&nbsp;<\/a><\/p>\n\n\n\n<p>U subotu je situacija u jednom trenutku kulminirala, me\u0111u ostalim, sukobima prosvjednika i policije, a sve zbog ustoli\u010denja novog mitropolita Srpske pravoslavne crkve u Crnoj Gori.<\/p>\n\n\n\n<p>Protivnici ustoli\u010denja u tom gradu tvrde da bi se ono trebalo odr\u017eati na nekom drugom mjestu. \u010cin ustoli\u010denja u tom gradu, tvrde, provocira i omalova\u017eava Crnogorce.<\/p>\n\n\n\n<p>Subota je bila sve samo ne mirna. Protivnici ustoli\u010denja u jednom su trenutku probili policijske blokade na ulazu u Cetinje prilikom \u010dega su se sukobili s policijom, a zatim su postavili i svoje. Namjera im je, smatra se, onemogu\u0107iti crkvenim dostojanstvenicima da do\u0111u do manastira, odnosno sprije\u010diti odr\u017eavanje \u010dina ustoli\u010denja. Jo\u0161 ranije tijekom dana su isto tako uklonili \u017ei\u010dane ograde koje je policija prethodno postavila oko samog manastira, u poku\u0161aju da protivnike zadr\u017ei podalje od tog objekta.<\/p>\n\n\n\n<p>Prema pisanju medija, skupina gra\u0111ana je blokirala prometnicu koja Cetinje povezuje s Podgoricom kao i kru\u017eni tok na ulazu u Cetinje. Na snimkama prosvjeda zabilje\u017eeni su kamenje i prevrnuti kontejneri, a prosvjednici su, prenosi se, ga\u0111ali policiju razli\u010ditim predmetima. Policija je na njihove napade odgovorila suzavcem. Prosvjednici su vikali &#8220;Ovo nije Srbija&#8221; i &#8220;\u017divjela Crna Gora&#8221;.<\/p>\n\n\n\n<figure class=\"wp-block-image\"><img decoding=\"async\" src=\"https:\/\/static.slobodnadalmacija.hr\/images\/slike\/2021\/09\/04\/19205740.jpg?1630791839\" alt=\"image\"\/><\/figure>\n\n\n\n<p>Svemu ovome prethodili su dani javnog prepucavanja. Predsjedni\u0161tvo Demokratske stranke socijalista&nbsp;Mila \u0110ukanovi\u0107a, predsjednika Crne Gore, pozvalo je SPC da, ako \u017eeli mir u Crnoj Gori, izmjesti ustoli\u010denje Joanikija iz Cetinjskog manastira. Najavili su da \u0107e zastupnici DPS-a prisustvovati prosvjedima. Sudjelovanje u prosvjedima najavio je i sam \u0110ukanovi\u0107, koji je stigao na Cetinje te crnogorskom premijeru&nbsp;Zdravku Krivokapi\u0107u&nbsp;poru\u010dio &#8220;da osudi poku\u0161aj velikosrpskog pokoravanja Crne Gore i stane u njezinu obranu&#8221;.<\/p>\n\n\n\n<p>U SPC-u su jo\u0161 ranije rekli kako nemaju namjeru izmje\u0161tati ustoli\u010denje negdje drugdje. Pritom su vjernicima poru\u010dili da ne dolaze na Cetinje i da \u0107e se obred odr\u017eati isklju\u010divo u prisustvu sve\u0107enika i patrijarha Porfirija, koji je stigao u Podgoricu.<\/p>\n\n\n\n<p>Sergej Sekulovi\u0107, crnogorski ministar unutarnjih poslova pozvao je na smirivanje napetosti.<\/p>\n\n\n\n<p>&#8220;Ni\u0161ta nije vrijedno ljudskih \u017eivota, pogotovo ne zbog politi\u010dkih razlika. Sve \u0107emo u\u010diniti da skupovi pro\u0111u mirno, vjerujte nam na rije\u010d&#8221;, napisao je na Twitteru. U petak je, nakon sjednice Vije\u0107a za nacionalnu sigurnost, izrazio zabrinutost zbog napete situacije te gra\u0111anima poru\u010dio da \u0107e policija \u010duvati ustavna prava i slobode stanovnika.<\/p>\n\n\n\n<figure class=\"wp-block-image\"><img decoding=\"async\" src=\"https:\/\/static.slobodnadalmacija.hr\/images\/slike\/2021\/09\/04\/19203384.jpg?1630791839\" alt=\"image\"\/><\/figure>\n\n\n\n<p>Javnosti se obratio i crnogorski premijer Zdravko Krivokapi\u0107. Sve crnogorske gra\u0111ane je pozvao da ne nasjedaju na provokacije, isti\u010du\u0107i da \u0107e dr\u017eava svima zajam\u010diti sigurnost. Istaknuo je kako tenzije izazivaju &#8220;politi\u010dko-kriminalne strukture koje strahuju od reformi u crnogorskom pravosu\u0111u&#8221;.<\/p>\n\n\n\n<p>&#8220;Kao premjer Crne Gore du\u017ean sam upozoriti sve \u010dasne i po\u0161tene crnogorske gra\u0111ane da ne nasjedaju na manipulacije onih koji su radi osobne koristi i privilegija spremni i ro\u0111enu bra\u0107u gurnuti u sukob&#8221;, rekao je.<\/p>\n\n\n\n<figure class=\"wp-block-image\"><img decoding=\"async\" src=\"https:\/\/static.slobodnadalmacija.hr\/images\/slike\/2021\/09\/04\/19203334.jpg?1630791839\" alt=\"image\"\/><\/figure>\n\n\n\n<p>Joanikije je za mitropolita izabran u svibnju. Zamijenit \u0107e&nbsp;Amfilohija&nbsp;koji je lani preminuo od posljedica infekcije koronavirusom.<\/p>\n\n\n\n<p><strong>PI\u0160E&nbsp;<\/strong>MARTINA HRUPI\u0106\/JL<\/p>\n","protected":false},"excerpt":{"rendered":"<p>Napetost u Crnoj Gori u subotu se mogla rezati no\u017eem. Rezultat cijele pri\u010de na kraju je da vladika Joanikije u nedjelju ipak ne\u0107e biti ustoli\u010den u Cetinju, gradu koji je cijelo popodne bio u blokadi. Tanjug javlja da je crnogorski premijer Zdravko Krivokapi\u0107 urigirao kod vrha SPC-a i postigao dogovor da se ceremonija ne odr\u017ei [&hellip;]<\/p>\n","protected":false},"author":2,"featured_media":61393,"comment_status":"closed","ping_status":"closed","sticky":false,"template":"","format":"standard","meta":{"h5ap_radio_sources":[],"footnotes":""},"categories":[1],"tags":[],"class_list":["post-61392","post","type-post","status-publish","format-standard","has-post-thumbnail","hentry","category-bihiregija"],"yoast_head":"<!-- This site is optimized with the Yoast SEO plugin v27.5 - https:\/\/yoast.com\/product\/yoast-seo-wordpress\/ -->\n<title>U kaosu u Crnoj Gori pobjedu su odnijeli prosvjednici: Joanikije u nedjelju ne\u0107e biti ustoli\u010den na Cetinju! - RADIO LJUBU\u0160KI<\/title>\n<meta name=\"robots\" content=\"index, follow, max-snippet:-1, max-image-preview:large, max-video-preview:-1\" \/>\n<link rel=\"canonical\" href=\"https:\/\/radioljubuski.ba\/index.php\/2021\/09\/05\/u-kaosu-u-crnoj-gori-pobjedu-su-odnijeli-prosvjednici-joanikije-u-nedjelju-nece-biti-ustolicen-na-cetinju\/\" \/>\n<meta property=\"og:locale\" content=\"hr_HR\" \/>\n<meta property=\"og:type\" content=\"article\" \/>\n<meta property=\"og:title\" content=\"U kaosu u Crnoj Gori pobjedu su odnijeli prosvjednici: Joanikije u nedjelju ne\u0107e biti ustoli\u010den na Cetinju! - RADIO LJUBU\u0160KI\" \/>\n<meta property=\"og:description\" content=\"Napetost u Crnoj Gori u subotu se mogla rezati no\u017eem. Rezultat cijele pri\u010de na kraju je da vladika Joanikije u nedjelju ipak ne\u0107e biti ustoli\u010den u Cetinju, gradu koji je cijelo popodne bio u blokadi. Tanjug javlja da je crnogorski premijer Zdravko Krivokapi\u0107 urigirao kod vrha SPC-a i postigao dogovor da se ceremonija ne odr\u017ei [&hellip;]\" \/>\n<meta property=\"og:url\" content=\"https:\/\/radioljubuski.ba\/index.php\/2021\/09\/05\/u-kaosu-u-crnoj-gori-pobjedu-su-odnijeli-prosvjednici-joanikije-u-nedjelju-nece-biti-ustolicen-na-cetinju\/\" \/>\n<meta property=\"og:site_name\" content=\"RADIO LJUBU\u0160KI\" \/>\n<meta property=\"article:publisher\" content=\"https:\/\/www.facebook.com\/Radiio-Ljubuski-1490835324566332\" \/>\n<meta property=\"article:published_time\" content=\"2021-09-04T23:31:02+00:00\" \/>\n<meta property=\"og:image\" content=\"https:\/\/radioljubuski.ba\/wp-content\/uploads\/2021\/09\/o_19203382_1024.jpg\" \/>\n\t<meta property=\"og:image:width\" content=\"1024\" \/>\n\t<meta property=\"og:image:height\" content=\"605\" \/>\n\t<meta property=\"og:image:type\" content=\"image\/jpeg\" \/>\n<meta name=\"author\" content=\"Radio Ljubu\u0161ki\" \/>\n<meta name=\"twitter:card\" content=\"summary_large_image\" \/>\n<meta name=\"twitter:creator\" content=\"@radioljubuski\" \/>\n<meta name=\"twitter:site\" content=\"@radioljubuski\" \/>\n<meta name=\"twitter:label1\" content=\"Napisao\/la\" \/>\n\t<meta name=\"twitter:data1\" content=\"Radio Ljubu\u0161ki\" \/>\n\t<meta name=\"twitter:label2\" content=\"Procijenjeno vrijeme \u010ditanja\" \/>\n\t<meta name=\"twitter:data2\" content=\"3 minute\" \/>\n<script type=\"application\/ld+json\" class=\"yoast-schema-graph\">{\"@context\":\"https:\\\/\\\/schema.org\",\"@graph\":[{\"@type\":\"Article\",\"@id\":\"https:\\\/\\\/radioljubuski.ba\\\/index.php\\\/2021\\\/09\\\/05\\\/u-kaosu-u-crnoj-gori-pobjedu-su-odnijeli-prosvjednici-joanikije-u-nedjelju-nece-biti-ustolicen-na-cetinju\\\/#article\",\"isPartOf\":{\"@id\":\"https:\\\/\\\/radioljubuski.ba\\\/index.php\\\/2021\\\/09\\\/05\\\/u-kaosu-u-crnoj-gori-pobjedu-su-odnijeli-prosvjednici-joanikije-u-nedjelju-nece-biti-ustolicen-na-cetinju\\\/\"},\"author\":{\"name\":\"Radio Ljubu\u0161ki\",\"@id\":\"https:\\\/\\\/radioljubuski.ba\\\/#\\\/schema\\\/person\\\/19fc700381a780f69665d7956c469e3b\"},\"headline\":\"U kaosu u Crnoj Gori pobjedu su odnijeli prosvjednici: Joanikije u nedjelju ne\u0107e biti ustoli\u010den na Cetinju!\",\"datePublished\":\"2021-09-04T23:31:02+00:00\",\"mainEntityOfPage\":{\"@id\":\"https:\\\/\\\/radioljubuski.ba\\\/index.php\\\/2021\\\/09\\\/05\\\/u-kaosu-u-crnoj-gori-pobjedu-su-odnijeli-prosvjednici-joanikije-u-nedjelju-nece-biti-ustolicen-na-cetinju\\\/\"},\"wordCount\":623,\"publisher\":{\"@id\":\"https:\\\/\\\/radioljubuski.ba\\\/#organization\"},\"image\":{\"@id\":\"https:\\\/\\\/radioljubuski.ba\\\/index.php\\\/2021\\\/09\\\/05\\\/u-kaosu-u-crnoj-gori-pobjedu-su-odnijeli-prosvjednici-joanikije-u-nedjelju-nece-biti-ustolicen-na-cetinju\\\/#primaryimage\"},\"thumbnailUrl\":\"https:\\\/\\\/radioljubuski.ba\\\/wp-content\\\/uploads\\\/2021\\\/09\\\/o_19203382_1024.jpg\",\"articleSection\":[\"BIH i regija\"],\"inLanguage\":\"hr\"},{\"@type\":\"WebPage\",\"@id\":\"https:\\\/\\\/radioljubuski.ba\\\/index.php\\\/2021\\\/09\\\/05\\\/u-kaosu-u-crnoj-gori-pobjedu-su-odnijeli-prosvjednici-joanikije-u-nedjelju-nece-biti-ustolicen-na-cetinju\\\/\",\"url\":\"https:\\\/\\\/radioljubuski.ba\\\/index.php\\\/2021\\\/09\\\/05\\\/u-kaosu-u-crnoj-gori-pobjedu-su-odnijeli-prosvjednici-joanikije-u-nedjelju-nece-biti-ustolicen-na-cetinju\\\/\",\"name\":\"U kaosu u Crnoj Gori pobjedu su odnijeli prosvjednici: Joanikije u nedjelju ne\u0107e biti ustoli\u010den na Cetinju! - RADIO LJUBU\u0160KI\",\"isPartOf\":{\"@id\":\"https:\\\/\\\/radioljubuski.ba\\\/#website\"},\"primaryImageOfPage\":{\"@id\":\"https:\\\/\\\/radioljubuski.ba\\\/index.php\\\/2021\\\/09\\\/05\\\/u-kaosu-u-crnoj-gori-pobjedu-su-odnijeli-prosvjednici-joanikije-u-nedjelju-nece-biti-ustolicen-na-cetinju\\\/#primaryimage\"},\"image\":{\"@id\":\"https:\\\/\\\/radioljubuski.ba\\\/index.php\\\/2021\\\/09\\\/05\\\/u-kaosu-u-crnoj-gori-pobjedu-su-odnijeli-prosvjednici-joanikije-u-nedjelju-nece-biti-ustolicen-na-cetinju\\\/#primaryimage\"},\"thumbnailUrl\":\"https:\\\/\\\/radioljubuski.ba\\\/wp-content\\\/uploads\\\/2021\\\/09\\\/o_19203382_1024.jpg\",\"datePublished\":\"2021-09-04T23:31:02+00:00\",\"breadcrumb\":{\"@id\":\"https:\\\/\\\/radioljubuski.ba\\\/index.php\\\/2021\\\/09\\\/05\\\/u-kaosu-u-crnoj-gori-pobjedu-su-odnijeli-prosvjednici-joanikije-u-nedjelju-nece-biti-ustolicen-na-cetinju\\\/#breadcrumb\"},\"inLanguage\":\"hr\",\"potentialAction\":[{\"@type\":\"ReadAction\",\"target\":[\"https:\\\/\\\/radioljubuski.ba\\\/index.php\\\/2021\\\/09\\\/05\\\/u-kaosu-u-crnoj-gori-pobjedu-su-odnijeli-prosvjednici-joanikije-u-nedjelju-nece-biti-ustolicen-na-cetinju\\\/\"]}]},{\"@type\":\"ImageObject\",\"inLanguage\":\"hr\",\"@id\":\"https:\\\/\\\/radioljubuski.ba\\\/index.php\\\/2021\\\/09\\\/05\\\/u-kaosu-u-crnoj-gori-pobjedu-su-odnijeli-prosvjednici-joanikije-u-nedjelju-nece-biti-ustolicen-na-cetinju\\\/#primaryimage\",\"url\":\"https:\\\/\\\/radioljubuski.ba\\\/wp-content\\\/uploads\\\/2021\\\/09\\\/o_19203382_1024.jpg\",\"contentUrl\":\"https:\\\/\\\/radioljubuski.ba\\\/wp-content\\\/uploads\\\/2021\\\/09\\\/o_19203382_1024.jpg\",\"width\":1024,\"height\":605},{\"@type\":\"BreadcrumbList\",\"@id\":\"https:\\\/\\\/radioljubuski.ba\\\/index.php\\\/2021\\\/09\\\/05\\\/u-kaosu-u-crnoj-gori-pobjedu-su-odnijeli-prosvjednici-joanikije-u-nedjelju-nece-biti-ustolicen-na-cetinju\\\/#breadcrumb\",\"itemListElement\":[{\"@type\":\"ListItem\",\"position\":1,\"name\":\"Po\u010detna stranica\",\"item\":\"https:\\\/\\\/radioljubuski.ba\\\/\"},{\"@type\":\"ListItem\",\"position\":2,\"name\":\"U kaosu u Crnoj Gori pobjedu su odnijeli prosvjednici: Joanikije u nedjelju ne\u0107e biti ustoli\u010den na Cetinju!\"}]},{\"@type\":\"WebSite\",\"@id\":\"https:\\\/\\\/radioljubuski.ba\\\/#website\",\"url\":\"https:\\\/\\\/radioljubuski.ba\\\/\",\"name\":\"Radio Ljubu\u0161ki\",\"description\":\"Sun\u010dana frekvencija Hercegovine\",\"publisher\":{\"@id\":\"https:\\\/\\\/radioljubuski.ba\\\/#organization\"},\"potentialAction\":[{\"@type\":\"SearchAction\",\"target\":{\"@type\":\"EntryPoint\",\"urlTemplate\":\"https:\\\/\\\/radioljubuski.ba\\\/?s={search_term_string}\"},\"query-input\":{\"@type\":\"PropertyValueSpecification\",\"valueRequired\":true,\"valueName\":\"search_term_string\"}}],\"inLanguage\":\"hr\"},{\"@type\":\"Organization\",\"@id\":\"https:\\\/\\\/radioljubuski.ba\\\/#organization\",\"name\":\"Radio Ljubu\u0161ki\",\"url\":\"https:\\\/\\\/radioljubuski.ba\\\/\",\"logo\":{\"@type\":\"ImageObject\",\"inLanguage\":\"hr\",\"@id\":\"https:\\\/\\\/radioljubuski.ba\\\/#\\\/schema\\\/logo\\\/image\\\/\",\"url\":\"https:\\\/\\\/radioljubuski.ba\\\/wp-content\\\/uploads\\\/2021\\\/02\\\/cropped-Radio_Ljubuski_logo1.jpg\",\"contentUrl\":\"https:\\\/\\\/radioljubuski.ba\\\/wp-content\\\/uploads\\\/2021\\\/02\\\/cropped-Radio_Ljubuski_logo1.jpg\",\"width\":512,\"height\":512,\"caption\":\"Radio Ljubu\u0161ki\"},\"image\":{\"@id\":\"https:\\\/\\\/radioljubuski.ba\\\/#\\\/schema\\\/logo\\\/image\\\/\"},\"sameAs\":[\"https:\\\/\\\/www.facebook.com\\\/Radiio-Ljubuski-1490835324566332\",\"https:\\\/\\\/x.com\\\/radioljubuski\",\"https:\\\/\\\/hr.linkedin.com\\\/company\\\/radio-ljubuski\",\"https:\\\/\\\/www.youtube.com\\\/channel\\\/UCHYaeO_n0Db3tjNGudGpXyw\"]},{\"@type\":\"Person\",\"@id\":\"https:\\\/\\\/radioljubuski.ba\\\/#\\\/schema\\\/person\\\/19fc700381a780f69665d7956c469e3b\",\"name\":\"Radio Ljubu\u0161ki\"}]}<\/script>\n<!-- \/ Yoast SEO plugin. -->","yoast_head_json":{"title":"U kaosu u Crnoj Gori pobjedu su odnijeli prosvjednici: Joanikije u nedjelju ne\u0107e biti ustoli\u010den na Cetinju! - RADIO LJUBU\u0160KI","robots":{"index":"index","follow":"follow","max-snippet":"max-snippet:-1","max-image-preview":"max-image-preview:large","max-video-preview":"max-video-preview:-1"},"canonical":"https:\/\/radioljubuski.ba\/index.php\/2021\/09\/05\/u-kaosu-u-crnoj-gori-pobjedu-su-odnijeli-prosvjednici-joanikije-u-nedjelju-nece-biti-ustolicen-na-cetinju\/","og_locale":"hr_HR","og_type":"article","og_title":"U kaosu u Crnoj Gori pobjedu su odnijeli prosvjednici: Joanikije u nedjelju ne\u0107e biti ustoli\u010den na Cetinju! - RADIO LJUBU\u0160KI","og_description":"Napetost u Crnoj Gori u subotu se mogla rezati no\u017eem. Rezultat cijele pri\u010de na kraju je da vladika Joanikije u nedjelju ipak ne\u0107e biti ustoli\u010den u Cetinju, gradu koji je cijelo popodne bio u blokadi. Tanjug javlja da je crnogorski premijer Zdravko Krivokapi\u0107 urigirao kod vrha SPC-a i postigao dogovor da se ceremonija ne odr\u017ei [&hellip;]","og_url":"https:\/\/radioljubuski.ba\/index.php\/2021\/09\/05\/u-kaosu-u-crnoj-gori-pobjedu-su-odnijeli-prosvjednici-joanikije-u-nedjelju-nece-biti-ustolicen-na-cetinju\/","og_site_name":"RADIO LJUBU\u0160KI","article_publisher":"https:\/\/www.facebook.com\/Radiio-Ljubuski-1490835324566332","article_published_time":"2021-09-04T23:31:02+00:00","og_image":[{"width":1024,"height":605,"url":"https:\/\/radioljubuski.ba\/wp-content\/uploads\/2021\/09\/o_19203382_1024.jpg","type":"image\/jpeg"}],"author":"Radio Ljubu\u0161ki","twitter_card":"summary_large_image","twitter_creator":"@radioljubuski","twitter_site":"@radioljubuski","twitter_misc":{"Napisao\/la":"Radio Ljubu\u0161ki","Procijenjeno vrijeme \u010ditanja":"3 minute"},"schema":{"@context":"https:\/\/schema.org","@graph":[{"@type":"Article","@id":"https:\/\/radioljubuski.ba\/index.php\/2021\/09\/05\/u-kaosu-u-crnoj-gori-pobjedu-su-odnijeli-prosvjednici-joanikije-u-nedjelju-nece-biti-ustolicen-na-cetinju\/#article","isPartOf":{"@id":"https:\/\/radioljubuski.ba\/index.php\/2021\/09\/05\/u-kaosu-u-crnoj-gori-pobjedu-su-odnijeli-prosvjednici-joanikije-u-nedjelju-nece-biti-ustolicen-na-cetinju\/"},"author":{"name":"Radio Ljubu\u0161ki","@id":"https:\/\/radioljubuski.ba\/#\/schema\/person\/19fc700381a780f69665d7956c469e3b"},"headline":"U kaosu u Crnoj Gori pobjedu su odnijeli prosvjednici: Joanikije u nedjelju ne\u0107e biti ustoli\u010den na Cetinju!","datePublished":"2021-09-04T23:31:02+00:00","mainEntityOfPage":{"@id":"https:\/\/radioljubuski.ba\/index.php\/2021\/09\/05\/u-kaosu-u-crnoj-gori-pobjedu-su-odnijeli-prosvjednici-joanikije-u-nedjelju-nece-biti-ustolicen-na-cetinju\/"},"wordCount":623,"publisher":{"@id":"https:\/\/radioljubuski.ba\/#organization"},"image":{"@id":"https:\/\/radioljubuski.ba\/index.php\/2021\/09\/05\/u-kaosu-u-crnoj-gori-pobjedu-su-odnijeli-prosvjednici-joanikije-u-nedjelju-nece-biti-ustolicen-na-cetinju\/#primaryimage"},"thumbnailUrl":"https:\/\/radioljubuski.ba\/wp-content\/uploads\/2021\/09\/o_19203382_1024.jpg","articleSection":["BIH i regija"],"inLanguage":"hr"},{"@type":"WebPage","@id":"https:\/\/radioljubuski.ba\/index.php\/2021\/09\/05\/u-kaosu-u-crnoj-gori-pobjedu-su-odnijeli-prosvjednici-joanikije-u-nedjelju-nece-biti-ustolicen-na-cetinju\/","url":"https:\/\/radioljubuski.ba\/index.php\/2021\/09\/05\/u-kaosu-u-crnoj-gori-pobjedu-su-odnijeli-prosvjednici-joanikije-u-nedjelju-nece-biti-ustolicen-na-cetinju\/","name":"U kaosu u Crnoj Gori pobjedu su odnijeli prosvjednici: Joanikije u nedjelju ne\u0107e biti ustoli\u010den na Cetinju! - RADIO LJUBU\u0160KI","isPartOf":{"@id":"https:\/\/radioljubuski.ba\/#website"},"primaryImageOfPage":{"@id":"https:\/\/radioljubuski.ba\/index.php\/2021\/09\/05\/u-kaosu-u-crnoj-gori-pobjedu-su-odnijeli-prosvjednici-joanikije-u-nedjelju-nece-biti-ustolicen-na-cetinju\/#primaryimage"},"image":{"@id":"https:\/\/radioljubuski.ba\/index.php\/2021\/09\/05\/u-kaosu-u-crnoj-gori-pobjedu-su-odnijeli-prosvjednici-joanikije-u-nedjelju-nece-biti-ustolicen-na-cetinju\/#primaryimage"},"thumbnailUrl":"https:\/\/radioljubuski.ba\/wp-content\/uploads\/2021\/09\/o_19203382_1024.jpg","datePublished":"2021-09-04T23:31:02+00:00","breadcrumb":{"@id":"https:\/\/radioljubuski.ba\/index.php\/2021\/09\/05\/u-kaosu-u-crnoj-gori-pobjedu-su-odnijeli-prosvjednici-joanikije-u-nedjelju-nece-biti-ustolicen-na-cetinju\/#breadcrumb"},"inLanguage":"hr","potentialAction":[{"@type":"ReadAction","target":["https:\/\/radioljubuski.ba\/index.php\/2021\/09\/05\/u-kaosu-u-crnoj-gori-pobjedu-su-odnijeli-prosvjednici-joanikije-u-nedjelju-nece-biti-ustolicen-na-cetinju\/"]}]},{"@type":"ImageObject","inLanguage":"hr","@id":"https:\/\/radioljubuski.ba\/index.php\/2021\/09\/05\/u-kaosu-u-crnoj-gori-pobjedu-su-odnijeli-prosvjednici-joanikije-u-nedjelju-nece-biti-ustolicen-na-cetinju\/#primaryimage","url":"https:\/\/radioljubuski.ba\/wp-content\/uploads\/2021\/09\/o_19203382_1024.jpg","contentUrl":"https:\/\/radioljubuski.ba\/wp-content\/uploads\/2021\/09\/o_19203382_1024.jpg","width":1024,"height":605},{"@type":"BreadcrumbList","@id":"https:\/\/radioljubuski.ba\/index.php\/2021\/09\/05\/u-kaosu-u-crnoj-gori-pobjedu-su-odnijeli-prosvjednici-joanikije-u-nedjelju-nece-biti-ustolicen-na-cetinju\/#breadcrumb","itemListElement":[{"@type":"ListItem","position":1,"name":"Po\u010detna stranica","item":"https:\/\/radioljubuski.ba\/"},{"@type":"ListItem","position":2,"name":"U kaosu u Crnoj Gori pobjedu su odnijeli prosvjednici: Joanikije u nedjelju ne\u0107e biti ustoli\u010den na Cetinju!"}]},{"@type":"WebSite","@id":"https:\/\/radioljubuski.ba\/#website","url":"https:\/\/radioljubuski.ba\/","name":"Radio Ljubu\u0161ki","description":"Sun\u010dana frekvencija Hercegovine","publisher":{"@id":"https:\/\/radioljubuski.ba\/#organization"},"potentialAction":[{"@type":"SearchAction","target":{"@type":"EntryPoint","urlTemplate":"https:\/\/radioljubuski.ba\/?s={search_term_string}"},"query-input":{"@type":"PropertyValueSpecification","valueRequired":true,"valueName":"search_term_string"}}],"inLanguage":"hr"},{"@type":"Organization","@id":"https:\/\/radioljubuski.ba\/#organization","name":"Radio Ljubu\u0161ki","url":"https:\/\/radioljubuski.ba\/","logo":{"@type":"ImageObject","inLanguage":"hr","@id":"https:\/\/radioljubuski.ba\/#\/schema\/logo\/image\/","url":"https:\/\/radioljubuski.ba\/wp-content\/uploads\/2021\/02\/cropped-Radio_Ljubuski_logo1.jpg","contentUrl":"https:\/\/radioljubuski.ba\/wp-content\/uploads\/2021\/02\/cropped-Radio_Ljubuski_logo1.jpg","width":512,"height":512,"caption":"Radio Ljubu\u0161ki"},"image":{"@id":"https:\/\/radioljubuski.ba\/#\/schema\/logo\/image\/"},"sameAs":["https:\/\/www.facebook.com\/Radiio-Ljubuski-1490835324566332","https:\/\/x.com\/radioljubuski","https:\/\/hr.linkedin.com\/company\/radio-ljubuski","https:\/\/www.youtube.com\/channel\/UCHYaeO_n0Db3tjNGudGpXyw"]},{"@type":"Person","@id":"https:\/\/radioljubuski.ba\/#\/schema\/person\/19fc700381a780f69665d7956c469e3b","name":"Radio Ljubu\u0161ki"}]}},"_links":{"self":[{"href":"https:\/\/radioljubuski.ba\/index.php\/wp-json\/wp\/v2\/posts\/61392","targetHints":{"allow":["GET"]}}],"collection":[{"href":"https:\/\/radioljubuski.ba\/index.php\/wp-json\/wp\/v2\/posts"}],"about":[{"href":"https:\/\/radioljubuski.ba\/index.php\/wp-json\/wp\/v2\/types\/post"}],"author":[{"embeddable":true,"href":"https:\/\/radioljubuski.ba\/index.php\/wp-json\/wp\/v2\/users\/2"}],"replies":[{"embeddable":true,"href":"https:\/\/radioljubuski.ba\/index.php\/wp-json\/wp\/v2\/comments?post=61392"}],"version-history":[{"count":1,"href":"https:\/\/radioljubuski.ba\/index.php\/wp-json\/wp\/v2\/posts\/61392\/revisions"}],"predecessor-version":[{"id":61394,"href":"https:\/\/radioljubuski.ba\/index.php\/wp-json\/wp\/v2\/posts\/61392\/revisions\/61394"}],"wp:featuredmedia":[{"embeddable":true,"href":"https:\/\/radioljubuski.ba\/index.php\/wp-json\/wp\/v2\/media\/61393"}],"wp:attachment":[{"href":"https:\/\/radioljubuski.ba\/index.php\/wp-json\/wp\/v2\/media?parent=61392"}],"wp:term":[{"taxonomy":"category","embeddable":true,"href":"https:\/\/radioljubuski.ba\/index.php\/wp-json\/wp\/v2\/categories?post=61392"},{"taxonomy":"post_tag","embeddable":true,"href":"https:\/\/radioljubuski.ba\/index.php\/wp-json\/wp\/v2\/tags?post=61392"}],"curies":[{"name":"wp","href":"https:\/\/api.w.org\/{rel}","templated":true}]}}