{"id":61398,"date":"2021-09-05T00:35:04","date_gmt":"2021-09-04T23:35:04","guid":{"rendered":"https:\/\/radioljubuski.ba\/?p=61398"},"modified":"2021-09-05T00:35:04","modified_gmt":"2021-09-04T23:35:04","slug":"katic-debitirao-u-dresu-hajduka-ovakve-su-utakmice-uvijek-teske-osjecam-se-super-i-fizicki-sam-spreman-veselim-se-nadolazecim-utakmicama","status":"publish","type":"post","link":"https:\/\/radioljubuski.ba\/index.php\/2021\/09\/05\/katic-debitirao-u-dresu-hajduka-ovakve-su-utakmice-uvijek-teske-osjecam-se-super-i-fizicki-sam-spreman-veselim-se-nadolazecim-utakmicama\/","title":{"rendered":"Kati\u0107 debitirao u dresu Hajduka: Ovakve su utakmice uvijek te\u0161ke. Osje\u0107am se super i fizi\u010dki sam spreman, veselim se nadolaze\u0107im utakmicama"},"content":{"rendered":"\n<p>Nikola Kati\u0107 je debitirao za Hajduk, nastupio je prvi put u dolasku iz Glasgow Rangersa, a poznato vam je zacijelo da je iza njega dugi proces rehabilitacije nakon ozljede. U Makarskoj nam je rekao, odmah poslije susreta protiv Zmaja \u0161to ga je Hajduk dobio sa 2:0:<\/p>\n\n\n\n<p>&#8211; Jako sam sretan \u0161to sam upisao 60 minuta koje mi jako puno zna\u010de, bilo je to prvi put&#8230; Napravio sam samo par treninga prije ove utakmice, tako da mi je drago da sam upoznao svoje suigra\u010de, vidio malo vi\u0161e svega toga, iako sam gledao ja to na televiziji, ali u\u017eivo je to potpuno druga\u010dije.<\/p>\n\n\n\n<p>Nastavio je:<\/p>\n\n\n\n<p>&#8211; Ovakve su utakmice uvijek te\u0161ke, na terenu na koji nismo navikli i koji nije u idealnim uvjetima, sa doma\u0107inom koji uvijek \u017eeli pokazati da ima kvalitetu, tako da mislim da smo odradili dobro i najbitnije je da je pro\u0161lo bez ozljeda za sve igra\u010de. Sretan sam \u0161to sam upisao ovaj nastup.<\/p>\n\n\n\n<p>Jeste li spremni za natjecateljske utakmice, za nastavak HNL-a? Kako se osje\u0107ate?<\/p>\n\n\n\n<p>&#8211; Osje\u0107am se super i fizi\u010dki sam spreman. Ve\u0107 tri-\u010detiri mjeseca radim punom snagom i ljetnu pauzu sam iskoristio da se dovedem na \u0161to bolji nivo, odigrao sam neke pripremne utakmice gore (u \u0160kotskoj, op. a.), tako da sigurno se veselim nadolaze\u0107im susretima i nadam se da \u0107u pomo\u0107i Hajduku da ostvari \u0161to bolji rezultat.<\/p>\n\n\n\n<p>Dva dana u Makarskoj sigurno su vam dobro do\u0161la da se \u0161to bolje upoznate sa stru\u010dnim sto\u017eerom i suigra\u010dima? Vidjeli ste i koliko ljudi ovdje u Makarskoj vole Hajduk, sigurno vam je bilo ugodno?<\/p>\n\n\n\n<p>&#8211; U Dalmaciji se na svakom koraku osjeti koliki je respekt prema Hajduku i koliko ljudi po\u0161tuju klub i igra\u010de i koliko \u017eive za klub, ajmo re\u0107, uvijek je lijepo tu do\u0107. Ja sam tu u Makarsku dolazio i dok sam bio junior, lijepo se vratiti i nakon \u0160kotske do\u0107i opet me\u0111u svoje ljude, tu je i moja obitelj jako blizu, a ja sam sretan \u0161to sam postao dio Hajduka&nbsp;&#8211; naglasio je stasiti Nikola Kati\u0107.&nbsp;&nbsp;<\/p>\n\n\n\n<p><a href=\"https:\/\/slobodnadalmacija.hr\/autor\/slaven-alfirevic-3212\"><strong>PI\u0160E&nbsp;<\/strong>SLAVEN ALFIREVI\u0106<\/a>\/slobodnadalmacija.hr<\/p>\n","protected":false},"excerpt":{"rendered":"<p>Nikola Kati\u0107 je debitirao za Hajduk, nastupio je prvi put u dolasku iz Glasgow Rangersa, a poznato vam je zacijelo da je iza njega dugi proces rehabilitacije nakon ozljede. U Makarskoj nam je rekao, odmah poslije susreta protiv Zmaja \u0161to ga je Hajduk dobio sa 2:0: &#8211; Jako sam sretan \u0161to sam upisao 60 minuta [&hellip;]<\/p>\n","protected":false},"author":2,"featured_media":61399,"comment_status":"closed","ping_status":"closed","sticky":false,"template":"","format":"standard","meta":{"h5ap_radio_sources":[],"footnotes":""},"categories":[7],"tags":[],"class_list":["post-61398","post","type-post","status-publish","format-standard","has-post-thumbnail","hentry","category-sport"],"yoast_head":"<!-- This site is optimized with the Yoast SEO plugin v27.5 - https:\/\/yoast.com\/product\/yoast-seo-wordpress\/ -->\n<title>Kati\u0107 debitirao u dresu Hajduka: Ovakve su utakmice uvijek te\u0161ke. Osje\u0107am se super i fizi\u010dki sam spreman, veselim se nadolaze\u0107im utakmicama - RADIO LJUBU\u0160KI<\/title>\n<meta name=\"robots\" content=\"index, follow, max-snippet:-1, max-image-preview:large, max-video-preview:-1\" \/>\n<link rel=\"canonical\" href=\"https:\/\/radioljubuski.ba\/index.php\/2021\/09\/05\/katic-debitirao-u-dresu-hajduka-ovakve-su-utakmice-uvijek-teske-osjecam-se-super-i-fizicki-sam-spreman-veselim-se-nadolazecim-utakmicama\/\" \/>\n<meta property=\"og:locale\" content=\"hr_HR\" \/>\n<meta property=\"og:type\" content=\"article\" \/>\n<meta property=\"og:title\" content=\"Kati\u0107 debitirao u dresu Hajduka: Ovakve su utakmice uvijek te\u0161ke. Osje\u0107am se super i fizi\u010dki sam spreman, veselim se nadolaze\u0107im utakmicama - RADIO LJUBU\u0160KI\" \/>\n<meta property=\"og:description\" content=\"Nikola Kati\u0107 je debitirao za Hajduk, nastupio je prvi put u dolasku iz Glasgow Rangersa, a poznato vam je zacijelo da je iza njega dugi proces rehabilitacije nakon ozljede. U Makarskoj nam je rekao, odmah poslije susreta protiv Zmaja \u0161to ga je Hajduk dobio sa 2:0: &#8211; Jako sam sretan \u0161to sam upisao 60 minuta [&hellip;]\" \/>\n<meta property=\"og:url\" content=\"https:\/\/radioljubuski.ba\/index.php\/2021\/09\/05\/katic-debitirao-u-dresu-hajduka-ovakve-su-utakmice-uvijek-teske-osjecam-se-super-i-fizicki-sam-spreman-veselim-se-nadolazecim-utakmicama\/\" \/>\n<meta property=\"og:site_name\" content=\"RADIO LJUBU\u0160KI\" \/>\n<meta property=\"article:publisher\" content=\"https:\/\/www.facebook.com\/Radiio-Ljubuski-1490835324566332\" \/>\n<meta property=\"article:published_time\" content=\"2021-09-04T23:35:04+00:00\" \/>\n<meta property=\"og:image\" content=\"https:\/\/radioljubuski.ba\/wp-content\/uploads\/2021\/09\/o_19202672_1024.jpg\" \/>\n\t<meta property=\"og:image:width\" content=\"1024\" \/>\n\t<meta property=\"og:image:height\" content=\"682\" \/>\n\t<meta property=\"og:image:type\" content=\"image\/jpeg\" \/>\n<meta name=\"author\" content=\"Radio Ljubu\u0161ki\" \/>\n<meta name=\"twitter:card\" content=\"summary_large_image\" \/>\n<meta name=\"twitter:creator\" content=\"@radioljubuski\" \/>\n<meta name=\"twitter:site\" content=\"@radioljubuski\" \/>\n<meta name=\"twitter:label1\" content=\"Napisao\/la\" \/>\n\t<meta name=\"twitter:data1\" content=\"Radio Ljubu\u0161ki\" \/>\n\t<meta name=\"twitter:label2\" content=\"Procijenjeno vrijeme \u010ditanja\" \/>\n\t<meta name=\"twitter:data2\" content=\"2 minute\" \/>\n<script type=\"application\/ld+json\" class=\"yoast-schema-graph\">{\"@context\":\"https:\\\/\\\/schema.org\",\"@graph\":[{\"@type\":\"Article\",\"@id\":\"https:\\\/\\\/radioljubuski.ba\\\/index.php\\\/2021\\\/09\\\/05\\\/katic-debitirao-u-dresu-hajduka-ovakve-su-utakmice-uvijek-teske-osjecam-se-super-i-fizicki-sam-spreman-veselim-se-nadolazecim-utakmicama\\\/#article\",\"isPartOf\":{\"@id\":\"https:\\\/\\\/radioljubuski.ba\\\/index.php\\\/2021\\\/09\\\/05\\\/katic-debitirao-u-dresu-hajduka-ovakve-su-utakmice-uvijek-teske-osjecam-se-super-i-fizicki-sam-spreman-veselim-se-nadolazecim-utakmicama\\\/\"},\"author\":{\"name\":\"Radio Ljubu\u0161ki\",\"@id\":\"https:\\\/\\\/radioljubuski.ba\\\/#\\\/schema\\\/person\\\/19fc700381a780f69665d7956c469e3b\"},\"headline\":\"Kati\u0107 debitirao u dresu Hajduka: Ovakve su utakmice uvijek te\u0161ke. Osje\u0107am se super i fizi\u010dki sam spreman, veselim se nadolaze\u0107im utakmicama\",\"datePublished\":\"2021-09-04T23:35:04+00:00\",\"mainEntityOfPage\":{\"@id\":\"https:\\\/\\\/radioljubuski.ba\\\/index.php\\\/2021\\\/09\\\/05\\\/katic-debitirao-u-dresu-hajduka-ovakve-su-utakmice-uvijek-teske-osjecam-se-super-i-fizicki-sam-spreman-veselim-se-nadolazecim-utakmicama\\\/\"},\"wordCount\":388,\"publisher\":{\"@id\":\"https:\\\/\\\/radioljubuski.ba\\\/#organization\"},\"image\":{\"@id\":\"https:\\\/\\\/radioljubuski.ba\\\/index.php\\\/2021\\\/09\\\/05\\\/katic-debitirao-u-dresu-hajduka-ovakve-su-utakmice-uvijek-teske-osjecam-se-super-i-fizicki-sam-spreman-veselim-se-nadolazecim-utakmicama\\\/#primaryimage\"},\"thumbnailUrl\":\"https:\\\/\\\/radioljubuski.ba\\\/wp-content\\\/uploads\\\/2021\\\/09\\\/o_19202672_1024.jpg\",\"articleSection\":[\"\u0160port\"],\"inLanguage\":\"hr\"},{\"@type\":\"WebPage\",\"@id\":\"https:\\\/\\\/radioljubuski.ba\\\/index.php\\\/2021\\\/09\\\/05\\\/katic-debitirao-u-dresu-hajduka-ovakve-su-utakmice-uvijek-teske-osjecam-se-super-i-fizicki-sam-spreman-veselim-se-nadolazecim-utakmicama\\\/\",\"url\":\"https:\\\/\\\/radioljubuski.ba\\\/index.php\\\/2021\\\/09\\\/05\\\/katic-debitirao-u-dresu-hajduka-ovakve-su-utakmice-uvijek-teske-osjecam-se-super-i-fizicki-sam-spreman-veselim-se-nadolazecim-utakmicama\\\/\",\"name\":\"Kati\u0107 debitirao u dresu Hajduka: Ovakve su utakmice uvijek te\u0161ke. Osje\u0107am se super i fizi\u010dki sam spreman, veselim se nadolaze\u0107im utakmicama - RADIO LJUBU\u0160KI\",\"isPartOf\":{\"@id\":\"https:\\\/\\\/radioljubuski.ba\\\/#website\"},\"primaryImageOfPage\":{\"@id\":\"https:\\\/\\\/radioljubuski.ba\\\/index.php\\\/2021\\\/09\\\/05\\\/katic-debitirao-u-dresu-hajduka-ovakve-su-utakmice-uvijek-teske-osjecam-se-super-i-fizicki-sam-spreman-veselim-se-nadolazecim-utakmicama\\\/#primaryimage\"},\"image\":{\"@id\":\"https:\\\/\\\/radioljubuski.ba\\\/index.php\\\/2021\\\/09\\\/05\\\/katic-debitirao-u-dresu-hajduka-ovakve-su-utakmice-uvijek-teske-osjecam-se-super-i-fizicki-sam-spreman-veselim-se-nadolazecim-utakmicama\\\/#primaryimage\"},\"thumbnailUrl\":\"https:\\\/\\\/radioljubuski.ba\\\/wp-content\\\/uploads\\\/2021\\\/09\\\/o_19202672_1024.jpg\",\"datePublished\":\"2021-09-04T23:35:04+00:00\",\"breadcrumb\":{\"@id\":\"https:\\\/\\\/radioljubuski.ba\\\/index.php\\\/2021\\\/09\\\/05\\\/katic-debitirao-u-dresu-hajduka-ovakve-su-utakmice-uvijek-teske-osjecam-se-super-i-fizicki-sam-spreman-veselim-se-nadolazecim-utakmicama\\\/#breadcrumb\"},\"inLanguage\":\"hr\",\"potentialAction\":[{\"@type\":\"ReadAction\",\"target\":[\"https:\\\/\\\/radioljubuski.ba\\\/index.php\\\/2021\\\/09\\\/05\\\/katic-debitirao-u-dresu-hajduka-ovakve-su-utakmice-uvijek-teske-osjecam-se-super-i-fizicki-sam-spreman-veselim-se-nadolazecim-utakmicama\\\/\"]}]},{\"@type\":\"ImageObject\",\"inLanguage\":\"hr\",\"@id\":\"https:\\\/\\\/radioljubuski.ba\\\/index.php\\\/2021\\\/09\\\/05\\\/katic-debitirao-u-dresu-hajduka-ovakve-su-utakmice-uvijek-teske-osjecam-se-super-i-fizicki-sam-spreman-veselim-se-nadolazecim-utakmicama\\\/#primaryimage\",\"url\":\"https:\\\/\\\/radioljubuski.ba\\\/wp-content\\\/uploads\\\/2021\\\/09\\\/o_19202672_1024.jpg\",\"contentUrl\":\"https:\\\/\\\/radioljubuski.ba\\\/wp-content\\\/uploads\\\/2021\\\/09\\\/o_19202672_1024.jpg\",\"width\":1024,\"height\":682},{\"@type\":\"BreadcrumbList\",\"@id\":\"https:\\\/\\\/radioljubuski.ba\\\/index.php\\\/2021\\\/09\\\/05\\\/katic-debitirao-u-dresu-hajduka-ovakve-su-utakmice-uvijek-teske-osjecam-se-super-i-fizicki-sam-spreman-veselim-se-nadolazecim-utakmicama\\\/#breadcrumb\",\"itemListElement\":[{\"@type\":\"ListItem\",\"position\":1,\"name\":\"Po\u010detna stranica\",\"item\":\"https:\\\/\\\/radioljubuski.ba\\\/\"},{\"@type\":\"ListItem\",\"position\":2,\"name\":\"Kati\u0107 debitirao u dresu Hajduka: Ovakve su utakmice uvijek te\u0161ke. Osje\u0107am se super i fizi\u010dki sam spreman, veselim se nadolaze\u0107im utakmicama\"}]},{\"@type\":\"WebSite\",\"@id\":\"https:\\\/\\\/radioljubuski.ba\\\/#website\",\"url\":\"https:\\\/\\\/radioljubuski.ba\\\/\",\"name\":\"Radio Ljubu\u0161ki\",\"description\":\"Sun\u010dana frekvencija Hercegovine\",\"publisher\":{\"@id\":\"https:\\\/\\\/radioljubuski.ba\\\/#organization\"},\"potentialAction\":[{\"@type\":\"SearchAction\",\"target\":{\"@type\":\"EntryPoint\",\"urlTemplate\":\"https:\\\/\\\/radioljubuski.ba\\\/?s={search_term_string}\"},\"query-input\":{\"@type\":\"PropertyValueSpecification\",\"valueRequired\":true,\"valueName\":\"search_term_string\"}}],\"inLanguage\":\"hr\"},{\"@type\":\"Organization\",\"@id\":\"https:\\\/\\\/radioljubuski.ba\\\/#organization\",\"name\":\"Radio Ljubu\u0161ki\",\"url\":\"https:\\\/\\\/radioljubuski.ba\\\/\",\"logo\":{\"@type\":\"ImageObject\",\"inLanguage\":\"hr\",\"@id\":\"https:\\\/\\\/radioljubuski.ba\\\/#\\\/schema\\\/logo\\\/image\\\/\",\"url\":\"https:\\\/\\\/radioljubuski.ba\\\/wp-content\\\/uploads\\\/2021\\\/02\\\/cropped-Radio_Ljubuski_logo1.jpg\",\"contentUrl\":\"https:\\\/\\\/radioljubuski.ba\\\/wp-content\\\/uploads\\\/2021\\\/02\\\/cropped-Radio_Ljubuski_logo1.jpg\",\"width\":512,\"height\":512,\"caption\":\"Radio Ljubu\u0161ki\"},\"image\":{\"@id\":\"https:\\\/\\\/radioljubuski.ba\\\/#\\\/schema\\\/logo\\\/image\\\/\"},\"sameAs\":[\"https:\\\/\\\/www.facebook.com\\\/Radiio-Ljubuski-1490835324566332\",\"https:\\\/\\\/x.com\\\/radioljubuski\",\"https:\\\/\\\/hr.linkedin.com\\\/company\\\/radio-ljubuski\",\"https:\\\/\\\/www.youtube.com\\\/channel\\\/UCHYaeO_n0Db3tjNGudGpXyw\"]},{\"@type\":\"Person\",\"@id\":\"https:\\\/\\\/radioljubuski.ba\\\/#\\\/schema\\\/person\\\/19fc700381a780f69665d7956c469e3b\",\"name\":\"Radio Ljubu\u0161ki\"}]}<\/script>\n<!-- \/ Yoast SEO plugin. -->","yoast_head_json":{"title":"Kati\u0107 debitirao u dresu Hajduka: Ovakve su utakmice uvijek te\u0161ke. Osje\u0107am se super i fizi\u010dki sam spreman, veselim se nadolaze\u0107im utakmicama - RADIO LJUBU\u0160KI","robots":{"index":"index","follow":"follow","max-snippet":"max-snippet:-1","max-image-preview":"max-image-preview:large","max-video-preview":"max-video-preview:-1"},"canonical":"https:\/\/radioljubuski.ba\/index.php\/2021\/09\/05\/katic-debitirao-u-dresu-hajduka-ovakve-su-utakmice-uvijek-teske-osjecam-se-super-i-fizicki-sam-spreman-veselim-se-nadolazecim-utakmicama\/","og_locale":"hr_HR","og_type":"article","og_title":"Kati\u0107 debitirao u dresu Hajduka: Ovakve su utakmice uvijek te\u0161ke. Osje\u0107am se super i fizi\u010dki sam spreman, veselim se nadolaze\u0107im utakmicama - RADIO LJUBU\u0160KI","og_description":"Nikola Kati\u0107 je debitirao za Hajduk, nastupio je prvi put u dolasku iz Glasgow Rangersa, a poznato vam je zacijelo da je iza njega dugi proces rehabilitacije nakon ozljede. U Makarskoj nam je rekao, odmah poslije susreta protiv Zmaja \u0161to ga je Hajduk dobio sa 2:0: &#8211; Jako sam sretan \u0161to sam upisao 60 minuta [&hellip;]","og_url":"https:\/\/radioljubuski.ba\/index.php\/2021\/09\/05\/katic-debitirao-u-dresu-hajduka-ovakve-su-utakmice-uvijek-teske-osjecam-se-super-i-fizicki-sam-spreman-veselim-se-nadolazecim-utakmicama\/","og_site_name":"RADIO LJUBU\u0160KI","article_publisher":"https:\/\/www.facebook.com\/Radiio-Ljubuski-1490835324566332","article_published_time":"2021-09-04T23:35:04+00:00","og_image":[{"width":1024,"height":682,"url":"https:\/\/radioljubuski.ba\/wp-content\/uploads\/2021\/09\/o_19202672_1024.jpg","type":"image\/jpeg"}],"author":"Radio Ljubu\u0161ki","twitter_card":"summary_large_image","twitter_creator":"@radioljubuski","twitter_site":"@radioljubuski","twitter_misc":{"Napisao\/la":"Radio Ljubu\u0161ki","Procijenjeno vrijeme \u010ditanja":"2 minute"},"schema":{"@context":"https:\/\/schema.org","@graph":[{"@type":"Article","@id":"https:\/\/radioljubuski.ba\/index.php\/2021\/09\/05\/katic-debitirao-u-dresu-hajduka-ovakve-su-utakmice-uvijek-teske-osjecam-se-super-i-fizicki-sam-spreman-veselim-se-nadolazecim-utakmicama\/#article","isPartOf":{"@id":"https:\/\/radioljubuski.ba\/index.php\/2021\/09\/05\/katic-debitirao-u-dresu-hajduka-ovakve-su-utakmice-uvijek-teske-osjecam-se-super-i-fizicki-sam-spreman-veselim-se-nadolazecim-utakmicama\/"},"author":{"name":"Radio Ljubu\u0161ki","@id":"https:\/\/radioljubuski.ba\/#\/schema\/person\/19fc700381a780f69665d7956c469e3b"},"headline":"Kati\u0107 debitirao u dresu Hajduka: Ovakve su utakmice uvijek te\u0161ke. Osje\u0107am se super i fizi\u010dki sam spreman, veselim se nadolaze\u0107im utakmicama","datePublished":"2021-09-04T23:35:04+00:00","mainEntityOfPage":{"@id":"https:\/\/radioljubuski.ba\/index.php\/2021\/09\/05\/katic-debitirao-u-dresu-hajduka-ovakve-su-utakmice-uvijek-teske-osjecam-se-super-i-fizicki-sam-spreman-veselim-se-nadolazecim-utakmicama\/"},"wordCount":388,"publisher":{"@id":"https:\/\/radioljubuski.ba\/#organization"},"image":{"@id":"https:\/\/radioljubuski.ba\/index.php\/2021\/09\/05\/katic-debitirao-u-dresu-hajduka-ovakve-su-utakmice-uvijek-teske-osjecam-se-super-i-fizicki-sam-spreman-veselim-se-nadolazecim-utakmicama\/#primaryimage"},"thumbnailUrl":"https:\/\/radioljubuski.ba\/wp-content\/uploads\/2021\/09\/o_19202672_1024.jpg","articleSection":["\u0160port"],"inLanguage":"hr"},{"@type":"WebPage","@id":"https:\/\/radioljubuski.ba\/index.php\/2021\/09\/05\/katic-debitirao-u-dresu-hajduka-ovakve-su-utakmice-uvijek-teske-osjecam-se-super-i-fizicki-sam-spreman-veselim-se-nadolazecim-utakmicama\/","url":"https:\/\/radioljubuski.ba\/index.php\/2021\/09\/05\/katic-debitirao-u-dresu-hajduka-ovakve-su-utakmice-uvijek-teske-osjecam-se-super-i-fizicki-sam-spreman-veselim-se-nadolazecim-utakmicama\/","name":"Kati\u0107 debitirao u dresu Hajduka: Ovakve su utakmice uvijek te\u0161ke. Osje\u0107am se super i fizi\u010dki sam spreman, veselim se nadolaze\u0107im utakmicama - RADIO LJUBU\u0160KI","isPartOf":{"@id":"https:\/\/radioljubuski.ba\/#website"},"primaryImageOfPage":{"@id":"https:\/\/radioljubuski.ba\/index.php\/2021\/09\/05\/katic-debitirao-u-dresu-hajduka-ovakve-su-utakmice-uvijek-teske-osjecam-se-super-i-fizicki-sam-spreman-veselim-se-nadolazecim-utakmicama\/#primaryimage"},"image":{"@id":"https:\/\/radioljubuski.ba\/index.php\/2021\/09\/05\/katic-debitirao-u-dresu-hajduka-ovakve-su-utakmice-uvijek-teske-osjecam-se-super-i-fizicki-sam-spreman-veselim-se-nadolazecim-utakmicama\/#primaryimage"},"thumbnailUrl":"https:\/\/radioljubuski.ba\/wp-content\/uploads\/2021\/09\/o_19202672_1024.jpg","datePublished":"2021-09-04T23:35:04+00:00","breadcrumb":{"@id":"https:\/\/radioljubuski.ba\/index.php\/2021\/09\/05\/katic-debitirao-u-dresu-hajduka-ovakve-su-utakmice-uvijek-teske-osjecam-se-super-i-fizicki-sam-spreman-veselim-se-nadolazecim-utakmicama\/#breadcrumb"},"inLanguage":"hr","potentialAction":[{"@type":"ReadAction","target":["https:\/\/radioljubuski.ba\/index.php\/2021\/09\/05\/katic-debitirao-u-dresu-hajduka-ovakve-su-utakmice-uvijek-teske-osjecam-se-super-i-fizicki-sam-spreman-veselim-se-nadolazecim-utakmicama\/"]}]},{"@type":"ImageObject","inLanguage":"hr","@id":"https:\/\/radioljubuski.ba\/index.php\/2021\/09\/05\/katic-debitirao-u-dresu-hajduka-ovakve-su-utakmice-uvijek-teske-osjecam-se-super-i-fizicki-sam-spreman-veselim-se-nadolazecim-utakmicama\/#primaryimage","url":"https:\/\/radioljubuski.ba\/wp-content\/uploads\/2021\/09\/o_19202672_1024.jpg","contentUrl":"https:\/\/radioljubuski.ba\/wp-content\/uploads\/2021\/09\/o_19202672_1024.jpg","width":1024,"height":682},{"@type":"BreadcrumbList","@id":"https:\/\/radioljubuski.ba\/index.php\/2021\/09\/05\/katic-debitirao-u-dresu-hajduka-ovakve-su-utakmice-uvijek-teske-osjecam-se-super-i-fizicki-sam-spreman-veselim-se-nadolazecim-utakmicama\/#breadcrumb","itemListElement":[{"@type":"ListItem","position":1,"name":"Po\u010detna stranica","item":"https:\/\/radioljubuski.ba\/"},{"@type":"ListItem","position":2,"name":"Kati\u0107 debitirao u dresu Hajduka: Ovakve su utakmice uvijek te\u0161ke. Osje\u0107am se super i fizi\u010dki sam spreman, veselim se nadolaze\u0107im utakmicama"}]},{"@type":"WebSite","@id":"https:\/\/radioljubuski.ba\/#website","url":"https:\/\/radioljubuski.ba\/","name":"Radio Ljubu\u0161ki","description":"Sun\u010dana frekvencija Hercegovine","publisher":{"@id":"https:\/\/radioljubuski.ba\/#organization"},"potentialAction":[{"@type":"SearchAction","target":{"@type":"EntryPoint","urlTemplate":"https:\/\/radioljubuski.ba\/?s={search_term_string}"},"query-input":{"@type":"PropertyValueSpecification","valueRequired":true,"valueName":"search_term_string"}}],"inLanguage":"hr"},{"@type":"Organization","@id":"https:\/\/radioljubuski.ba\/#organization","name":"Radio Ljubu\u0161ki","url":"https:\/\/radioljubuski.ba\/","logo":{"@type":"ImageObject","inLanguage":"hr","@id":"https:\/\/radioljubuski.ba\/#\/schema\/logo\/image\/","url":"https:\/\/radioljubuski.ba\/wp-content\/uploads\/2021\/02\/cropped-Radio_Ljubuski_logo1.jpg","contentUrl":"https:\/\/radioljubuski.ba\/wp-content\/uploads\/2021\/02\/cropped-Radio_Ljubuski_logo1.jpg","width":512,"height":512,"caption":"Radio Ljubu\u0161ki"},"image":{"@id":"https:\/\/radioljubuski.ba\/#\/schema\/logo\/image\/"},"sameAs":["https:\/\/www.facebook.com\/Radiio-Ljubuski-1490835324566332","https:\/\/x.com\/radioljubuski","https:\/\/hr.linkedin.com\/company\/radio-ljubuski","https:\/\/www.youtube.com\/channel\/UCHYaeO_n0Db3tjNGudGpXyw"]},{"@type":"Person","@id":"https:\/\/radioljubuski.ba\/#\/schema\/person\/19fc700381a780f69665d7956c469e3b","name":"Radio Ljubu\u0161ki"}]}},"_links":{"self":[{"href":"https:\/\/radioljubuski.ba\/index.php\/wp-json\/wp\/v2\/posts\/61398","targetHints":{"allow":["GET"]}}],"collection":[{"href":"https:\/\/radioljubuski.ba\/index.php\/wp-json\/wp\/v2\/posts"}],"about":[{"href":"https:\/\/radioljubuski.ba\/index.php\/wp-json\/wp\/v2\/types\/post"}],"author":[{"embeddable":true,"href":"https:\/\/radioljubuski.ba\/index.php\/wp-json\/wp\/v2\/users\/2"}],"replies":[{"embeddable":true,"href":"https:\/\/radioljubuski.ba\/index.php\/wp-json\/wp\/v2\/comments?post=61398"}],"version-history":[{"count":1,"href":"https:\/\/radioljubuski.ba\/index.php\/wp-json\/wp\/v2\/posts\/61398\/revisions"}],"predecessor-version":[{"id":61400,"href":"https:\/\/radioljubuski.ba\/index.php\/wp-json\/wp\/v2\/posts\/61398\/revisions\/61400"}],"wp:featuredmedia":[{"embeddable":true,"href":"https:\/\/radioljubuski.ba\/index.php\/wp-json\/wp\/v2\/media\/61399"}],"wp:attachment":[{"href":"https:\/\/radioljubuski.ba\/index.php\/wp-json\/wp\/v2\/media?parent=61398"}],"wp:term":[{"taxonomy":"category","embeddable":true,"href":"https:\/\/radioljubuski.ba\/index.php\/wp-json\/wp\/v2\/categories?post=61398"},{"taxonomy":"post_tag","embeddable":true,"href":"https:\/\/radioljubuski.ba\/index.php\/wp-json\/wp\/v2\/tags?post=61398"}],"curies":[{"name":"wp","href":"https:\/\/api.w.org\/{rel}","templated":true}]}}