{"id":61401,"date":"2021-09-05T00:38:42","date_gmt":"2021-09-04T23:38:42","guid":{"rendered":"https:\/\/radioljubuski.ba\/?p=61401"},"modified":"2021-09-05T00:38:44","modified_gmt":"2021-09-04T23:38:44","slug":"vanja-tokic-pomela-konkurenciju-u-mostaru-i-postala-europska-prvakinja-u-bodybuildingu","status":"publish","type":"post","link":"https:\/\/radioljubuski.ba\/index.php\/2021\/09\/05\/vanja-tokic-pomela-konkurenciju-u-mostaru-i-postala-europska-prvakinja-u-bodybuildingu\/","title":{"rendered":"Vanja Toki\u0107 pomela konkurenciju u Mostaru i postala europska prvakinja u bodybuildingu!"},"content":{"rendered":"\n<p>Zadranka<strong>\u00a0Vanja Toki\u0107<\/strong>\u00a0postala je ve\u010deras europska prvakinja u\u00a0bodybuildingu u PRO Division! U Mostaru, koji je bio\u00a0doma\u0107in jednog od najve\u0107ih sportskih doga\u0111aja u Bosni i Hercegovini u ovoj godini, Vanja je pomela konkurenciju od vi\u0161e\u00a0od stotinu natjecatelja iz cijele regije te zemalja poput\u00a0Rumunjske, Ma\u0111arske, Poljske, Slova\u010dke, Italije, Moldavije i Izraela.\u00a0<\/p>\n\n\n\n<figure class=\"wp-block-image\"><img decoding=\"async\" src=\"https:\/\/static.slobodnadalmacija.hr\/images\/slike\/2021\/09\/04\/o_19204222_1280.jpg\" alt=\"\"\/><\/figure>\n\n\n\n<figure class=\"wp-block-image\"><img decoding=\"async\" src=\"https:\/\/static.slobodnadalmacija.hr\/images\/slike\/2021\/09\/04\/o_19204946_1280.jpg\" alt=\"\"\/><\/figure>\n\n\n\n<p>Vanja nam ekskluzivno javila iz Mostara te podijelila svoje osje\u0107aje:<\/p>\n\n\n\n<p>&#8211; Nisam uop\u0107e u mogu\u0107nosti spojiti niti jednu suvislu re\u010denicu! Adrenalin, uzbu\u0111enje, ponos, zadovoljstvo, sve to trenutno osje\u0107am ! Bilo je odli\u010dno! Jednostavno sam presretna! Ova je titula samo jo\u0161 jedan poticaj da guram dalje i ja\u010de, da nastavim s treninzima i da vjerujem u sebe. Idemo po nove pehare i medalje &#8211; rekla nam je Vanja koja nije mogla sakriti sre\u0107u zbog osvojenog prvog mjesta.&nbsp;<\/p>\n\n\n\n<p>Bravo Vanja!\u00a0<\/p>\n\n\n\n<iframe loading=\"lazy\" src=\"https:\/\/www.facebook.com\/plugins\/video.php?height=308&#038;href=https%3A%2F%2Fwww.facebook.com%2Fvanja.tokic.3%2Fvideos%2F549754906079187%2F&#038;show_text=false&#038;width=560&#038;t=0\" width=\"560\" height=\"308\" style=\"border:none;overflow:hidden\" scrolling=\"no\" frameborder=\"0\" allowfullscreen=\"true\" allow=\"autoplay; clipboard-write; encrypted-media; picture-in-picture; web-share\" allowFullScreen=\"true\"><\/iframe>\n\n\n\n<p><strong>PI\u0160E&nbsp;<\/strong>MATEA GUGI\u0106 MAGA\u0160<\/p>\n\n\n\n<p>izvor:zadarski.hr<\/p>\n","protected":false},"excerpt":{"rendered":"<p>Zadranka\u00a0Vanja Toki\u0107\u00a0postala je ve\u010deras europska prvakinja u\u00a0bodybuildingu u PRO Division! U Mostaru, koji je bio\u00a0doma\u0107in jednog od najve\u0107ih sportskih doga\u0111aja u Bosni i Hercegovini u ovoj godini, Vanja je pomela konkurenciju od vi\u0161e\u00a0od stotinu natjecatelja iz cijele regije te zemalja poput\u00a0Rumunjske, Ma\u0111arske, Poljske, Slova\u010dke, Italije, Moldavije i Izraela.\u00a0 Vanja nam ekskluzivno javila iz Mostara te [&hellip;]<\/p>\n","protected":false},"author":2,"featured_media":61402,"comment_status":"closed","ping_status":"closed","sticky":false,"template":"","format":"standard","meta":{"h5ap_radio_sources":[],"footnotes":""},"categories":[7],"tags":[],"class_list":["post-61401","post","type-post","status-publish","format-standard","has-post-thumbnail","hentry","category-sport"],"yoast_head":"<!-- This site is optimized with the Yoast SEO plugin v27.5 - https:\/\/yoast.com\/product\/yoast-seo-wordpress\/ -->\n<title>Vanja Toki\u0107 pomela konkurenciju u Mostaru i postala europska prvakinja u bodybuildingu! - RADIO LJUBU\u0160KI<\/title>\n<meta name=\"robots\" content=\"index, follow, max-snippet:-1, max-image-preview:large, max-video-preview:-1\" \/>\n<link rel=\"canonical\" href=\"https:\/\/radioljubuski.ba\/index.php\/2021\/09\/05\/vanja-tokic-pomela-konkurenciju-u-mostaru-i-postala-europska-prvakinja-u-bodybuildingu\/\" \/>\n<meta property=\"og:locale\" content=\"hr_HR\" \/>\n<meta property=\"og:type\" content=\"article\" \/>\n<meta property=\"og:title\" content=\"Vanja Toki\u0107 pomela konkurenciju u Mostaru i postala europska prvakinja u bodybuildingu! - RADIO LJUBU\u0160KI\" \/>\n<meta property=\"og:description\" content=\"Zadranka\u00a0Vanja Toki\u0107\u00a0postala je ve\u010deras europska prvakinja u\u00a0bodybuildingu u PRO Division! U Mostaru, koji je bio\u00a0doma\u0107in jednog od najve\u0107ih sportskih doga\u0111aja u Bosni i Hercegovini u ovoj godini, Vanja je pomela konkurenciju od vi\u0161e\u00a0od stotinu natjecatelja iz cijele regije te zemalja poput\u00a0Rumunjske, Ma\u0111arske, Poljske, Slova\u010dke, Italije, Moldavije i Izraela.\u00a0 Vanja nam ekskluzivno javila iz Mostara te [&hellip;]\" \/>\n<meta property=\"og:url\" content=\"https:\/\/radioljubuski.ba\/index.php\/2021\/09\/05\/vanja-tokic-pomela-konkurenciju-u-mostaru-i-postala-europska-prvakinja-u-bodybuildingu\/\" \/>\n<meta property=\"og:site_name\" content=\"RADIO LJUBU\u0160KI\" \/>\n<meta property=\"article:publisher\" content=\"https:\/\/www.facebook.com\/Radiio-Ljubuski-1490835324566332\" \/>\n<meta property=\"article:published_time\" content=\"2021-09-04T23:38:42+00:00\" \/>\n<meta property=\"article:modified_time\" content=\"2021-09-04T23:38:44+00:00\" \/>\n<meta property=\"og:image\" content=\"https:\/\/radioljubuski.ba\/wp-content\/uploads\/2021\/09\/o_19204250_1024.jpg\" \/>\n\t<meta property=\"og:image:width\" content=\"1024\" \/>\n\t<meta property=\"og:image:height\" content=\"590\" \/>\n\t<meta property=\"og:image:type\" content=\"image\/jpeg\" \/>\n<meta name=\"author\" content=\"Radio Ljubu\u0161ki\" \/>\n<meta name=\"twitter:card\" content=\"summary_large_image\" \/>\n<meta name=\"twitter:creator\" content=\"@radioljubuski\" \/>\n<meta name=\"twitter:site\" content=\"@radioljubuski\" \/>\n<meta name=\"twitter:label1\" content=\"Napisao\/la\" \/>\n\t<meta name=\"twitter:data1\" content=\"Radio Ljubu\u0161ki\" \/>\n\t<meta name=\"twitter:label2\" content=\"Procijenjeno vrijeme \u010ditanja\" \/>\n\t<meta name=\"twitter:data2\" content=\"1 minuta\" \/>\n<script type=\"application\/ld+json\" class=\"yoast-schema-graph\">{\"@context\":\"https:\\\/\\\/schema.org\",\"@graph\":[{\"@type\":\"Article\",\"@id\":\"https:\\\/\\\/radioljubuski.ba\\\/index.php\\\/2021\\\/09\\\/05\\\/vanja-tokic-pomela-konkurenciju-u-mostaru-i-postala-europska-prvakinja-u-bodybuildingu\\\/#article\",\"isPartOf\":{\"@id\":\"https:\\\/\\\/radioljubuski.ba\\\/index.php\\\/2021\\\/09\\\/05\\\/vanja-tokic-pomela-konkurenciju-u-mostaru-i-postala-europska-prvakinja-u-bodybuildingu\\\/\"},\"author\":{\"name\":\"Radio Ljubu\u0161ki\",\"@id\":\"https:\\\/\\\/radioljubuski.ba\\\/#\\\/schema\\\/person\\\/19fc700381a780f69665d7956c469e3b\"},\"headline\":\"Vanja Toki\u0107 pomela konkurenciju u Mostaru i postala europska prvakinja u bodybuildingu!\",\"datePublished\":\"2021-09-04T23:38:42+00:00\",\"dateModified\":\"2021-09-04T23:38:44+00:00\",\"mainEntityOfPage\":{\"@id\":\"https:\\\/\\\/radioljubuski.ba\\\/index.php\\\/2021\\\/09\\\/05\\\/vanja-tokic-pomela-konkurenciju-u-mostaru-i-postala-europska-prvakinja-u-bodybuildingu\\\/\"},\"wordCount\":169,\"publisher\":{\"@id\":\"https:\\\/\\\/radioljubuski.ba\\\/#organization\"},\"image\":{\"@id\":\"https:\\\/\\\/radioljubuski.ba\\\/index.php\\\/2021\\\/09\\\/05\\\/vanja-tokic-pomela-konkurenciju-u-mostaru-i-postala-europska-prvakinja-u-bodybuildingu\\\/#primaryimage\"},\"thumbnailUrl\":\"https:\\\/\\\/radioljubuski.ba\\\/wp-content\\\/uploads\\\/2021\\\/09\\\/o_19204250_1024.jpg\",\"articleSection\":[\"\u0160port\"],\"inLanguage\":\"hr\"},{\"@type\":\"WebPage\",\"@id\":\"https:\\\/\\\/radioljubuski.ba\\\/index.php\\\/2021\\\/09\\\/05\\\/vanja-tokic-pomela-konkurenciju-u-mostaru-i-postala-europska-prvakinja-u-bodybuildingu\\\/\",\"url\":\"https:\\\/\\\/radioljubuski.ba\\\/index.php\\\/2021\\\/09\\\/05\\\/vanja-tokic-pomela-konkurenciju-u-mostaru-i-postala-europska-prvakinja-u-bodybuildingu\\\/\",\"name\":\"Vanja Toki\u0107 pomela konkurenciju u Mostaru i postala europska prvakinja u bodybuildingu! - RADIO LJUBU\u0160KI\",\"isPartOf\":{\"@id\":\"https:\\\/\\\/radioljubuski.ba\\\/#website\"},\"primaryImageOfPage\":{\"@id\":\"https:\\\/\\\/radioljubuski.ba\\\/index.php\\\/2021\\\/09\\\/05\\\/vanja-tokic-pomela-konkurenciju-u-mostaru-i-postala-europska-prvakinja-u-bodybuildingu\\\/#primaryimage\"},\"image\":{\"@id\":\"https:\\\/\\\/radioljubuski.ba\\\/index.php\\\/2021\\\/09\\\/05\\\/vanja-tokic-pomela-konkurenciju-u-mostaru-i-postala-europska-prvakinja-u-bodybuildingu\\\/#primaryimage\"},\"thumbnailUrl\":\"https:\\\/\\\/radioljubuski.ba\\\/wp-content\\\/uploads\\\/2021\\\/09\\\/o_19204250_1024.jpg\",\"datePublished\":\"2021-09-04T23:38:42+00:00\",\"dateModified\":\"2021-09-04T23:38:44+00:00\",\"breadcrumb\":{\"@id\":\"https:\\\/\\\/radioljubuski.ba\\\/index.php\\\/2021\\\/09\\\/05\\\/vanja-tokic-pomela-konkurenciju-u-mostaru-i-postala-europska-prvakinja-u-bodybuildingu\\\/#breadcrumb\"},\"inLanguage\":\"hr\",\"potentialAction\":[{\"@type\":\"ReadAction\",\"target\":[\"https:\\\/\\\/radioljubuski.ba\\\/index.php\\\/2021\\\/09\\\/05\\\/vanja-tokic-pomela-konkurenciju-u-mostaru-i-postala-europska-prvakinja-u-bodybuildingu\\\/\"]}]},{\"@type\":\"ImageObject\",\"inLanguage\":\"hr\",\"@id\":\"https:\\\/\\\/radioljubuski.ba\\\/index.php\\\/2021\\\/09\\\/05\\\/vanja-tokic-pomela-konkurenciju-u-mostaru-i-postala-europska-prvakinja-u-bodybuildingu\\\/#primaryimage\",\"url\":\"https:\\\/\\\/radioljubuski.ba\\\/wp-content\\\/uploads\\\/2021\\\/09\\\/o_19204250_1024.jpg\",\"contentUrl\":\"https:\\\/\\\/radioljubuski.ba\\\/wp-content\\\/uploads\\\/2021\\\/09\\\/o_19204250_1024.jpg\",\"width\":1024,\"height\":590},{\"@type\":\"BreadcrumbList\",\"@id\":\"https:\\\/\\\/radioljubuski.ba\\\/index.php\\\/2021\\\/09\\\/05\\\/vanja-tokic-pomela-konkurenciju-u-mostaru-i-postala-europska-prvakinja-u-bodybuildingu\\\/#breadcrumb\",\"itemListElement\":[{\"@type\":\"ListItem\",\"position\":1,\"name\":\"Po\u010detna stranica\",\"item\":\"https:\\\/\\\/radioljubuski.ba\\\/\"},{\"@type\":\"ListItem\",\"position\":2,\"name\":\"Vanja Toki\u0107 pomela konkurenciju u Mostaru i postala europska prvakinja u bodybuildingu!\"}]},{\"@type\":\"WebSite\",\"@id\":\"https:\\\/\\\/radioljubuski.ba\\\/#website\",\"url\":\"https:\\\/\\\/radioljubuski.ba\\\/\",\"name\":\"Radio Ljubu\u0161ki\",\"description\":\"Sun\u010dana frekvencija Hercegovine\",\"publisher\":{\"@id\":\"https:\\\/\\\/radioljubuski.ba\\\/#organization\"},\"potentialAction\":[{\"@type\":\"SearchAction\",\"target\":{\"@type\":\"EntryPoint\",\"urlTemplate\":\"https:\\\/\\\/radioljubuski.ba\\\/?s={search_term_string}\"},\"query-input\":{\"@type\":\"PropertyValueSpecification\",\"valueRequired\":true,\"valueName\":\"search_term_string\"}}],\"inLanguage\":\"hr\"},{\"@type\":\"Organization\",\"@id\":\"https:\\\/\\\/radioljubuski.ba\\\/#organization\",\"name\":\"Radio Ljubu\u0161ki\",\"url\":\"https:\\\/\\\/radioljubuski.ba\\\/\",\"logo\":{\"@type\":\"ImageObject\",\"inLanguage\":\"hr\",\"@id\":\"https:\\\/\\\/radioljubuski.ba\\\/#\\\/schema\\\/logo\\\/image\\\/\",\"url\":\"https:\\\/\\\/radioljubuski.ba\\\/wp-content\\\/uploads\\\/2021\\\/02\\\/cropped-Radio_Ljubuski_logo1.jpg\",\"contentUrl\":\"https:\\\/\\\/radioljubuski.ba\\\/wp-content\\\/uploads\\\/2021\\\/02\\\/cropped-Radio_Ljubuski_logo1.jpg\",\"width\":512,\"height\":512,\"caption\":\"Radio Ljubu\u0161ki\"},\"image\":{\"@id\":\"https:\\\/\\\/radioljubuski.ba\\\/#\\\/schema\\\/logo\\\/image\\\/\"},\"sameAs\":[\"https:\\\/\\\/www.facebook.com\\\/Radiio-Ljubuski-1490835324566332\",\"https:\\\/\\\/x.com\\\/radioljubuski\",\"https:\\\/\\\/hr.linkedin.com\\\/company\\\/radio-ljubuski\",\"https:\\\/\\\/www.youtube.com\\\/channel\\\/UCHYaeO_n0Db3tjNGudGpXyw\"]},{\"@type\":\"Person\",\"@id\":\"https:\\\/\\\/radioljubuski.ba\\\/#\\\/schema\\\/person\\\/19fc700381a780f69665d7956c469e3b\",\"name\":\"Radio Ljubu\u0161ki\"}]}<\/script>\n<!-- \/ Yoast SEO plugin. -->","yoast_head_json":{"title":"Vanja Toki\u0107 pomela konkurenciju u Mostaru i postala europska prvakinja u bodybuildingu! - RADIO LJUBU\u0160KI","robots":{"index":"index","follow":"follow","max-snippet":"max-snippet:-1","max-image-preview":"max-image-preview:large","max-video-preview":"max-video-preview:-1"},"canonical":"https:\/\/radioljubuski.ba\/index.php\/2021\/09\/05\/vanja-tokic-pomela-konkurenciju-u-mostaru-i-postala-europska-prvakinja-u-bodybuildingu\/","og_locale":"hr_HR","og_type":"article","og_title":"Vanja Toki\u0107 pomela konkurenciju u Mostaru i postala europska prvakinja u bodybuildingu! - RADIO LJUBU\u0160KI","og_description":"Zadranka\u00a0Vanja Toki\u0107\u00a0postala je ve\u010deras europska prvakinja u\u00a0bodybuildingu u PRO Division! U Mostaru, koji je bio\u00a0doma\u0107in jednog od najve\u0107ih sportskih doga\u0111aja u Bosni i Hercegovini u ovoj godini, Vanja je pomela konkurenciju od vi\u0161e\u00a0od stotinu natjecatelja iz cijele regije te zemalja poput\u00a0Rumunjske, Ma\u0111arske, Poljske, Slova\u010dke, Italije, Moldavije i Izraela.\u00a0 Vanja nam ekskluzivno javila iz Mostara te [&hellip;]","og_url":"https:\/\/radioljubuski.ba\/index.php\/2021\/09\/05\/vanja-tokic-pomela-konkurenciju-u-mostaru-i-postala-europska-prvakinja-u-bodybuildingu\/","og_site_name":"RADIO LJUBU\u0160KI","article_publisher":"https:\/\/www.facebook.com\/Radiio-Ljubuski-1490835324566332","article_published_time":"2021-09-04T23:38:42+00:00","article_modified_time":"2021-09-04T23:38:44+00:00","og_image":[{"width":1024,"height":590,"url":"https:\/\/radioljubuski.ba\/wp-content\/uploads\/2021\/09\/o_19204250_1024.jpg","type":"image\/jpeg"}],"author":"Radio Ljubu\u0161ki","twitter_card":"summary_large_image","twitter_creator":"@radioljubuski","twitter_site":"@radioljubuski","twitter_misc":{"Napisao\/la":"Radio Ljubu\u0161ki","Procijenjeno vrijeme \u010ditanja":"1 minuta"},"schema":{"@context":"https:\/\/schema.org","@graph":[{"@type":"Article","@id":"https:\/\/radioljubuski.ba\/index.php\/2021\/09\/05\/vanja-tokic-pomela-konkurenciju-u-mostaru-i-postala-europska-prvakinja-u-bodybuildingu\/#article","isPartOf":{"@id":"https:\/\/radioljubuski.ba\/index.php\/2021\/09\/05\/vanja-tokic-pomela-konkurenciju-u-mostaru-i-postala-europska-prvakinja-u-bodybuildingu\/"},"author":{"name":"Radio Ljubu\u0161ki","@id":"https:\/\/radioljubuski.ba\/#\/schema\/person\/19fc700381a780f69665d7956c469e3b"},"headline":"Vanja Toki\u0107 pomela konkurenciju u Mostaru i postala europska prvakinja u bodybuildingu!","datePublished":"2021-09-04T23:38:42+00:00","dateModified":"2021-09-04T23:38:44+00:00","mainEntityOfPage":{"@id":"https:\/\/radioljubuski.ba\/index.php\/2021\/09\/05\/vanja-tokic-pomela-konkurenciju-u-mostaru-i-postala-europska-prvakinja-u-bodybuildingu\/"},"wordCount":169,"publisher":{"@id":"https:\/\/radioljubuski.ba\/#organization"},"image":{"@id":"https:\/\/radioljubuski.ba\/index.php\/2021\/09\/05\/vanja-tokic-pomela-konkurenciju-u-mostaru-i-postala-europska-prvakinja-u-bodybuildingu\/#primaryimage"},"thumbnailUrl":"https:\/\/radioljubuski.ba\/wp-content\/uploads\/2021\/09\/o_19204250_1024.jpg","articleSection":["\u0160port"],"inLanguage":"hr"},{"@type":"WebPage","@id":"https:\/\/radioljubuski.ba\/index.php\/2021\/09\/05\/vanja-tokic-pomela-konkurenciju-u-mostaru-i-postala-europska-prvakinja-u-bodybuildingu\/","url":"https:\/\/radioljubuski.ba\/index.php\/2021\/09\/05\/vanja-tokic-pomela-konkurenciju-u-mostaru-i-postala-europska-prvakinja-u-bodybuildingu\/","name":"Vanja Toki\u0107 pomela konkurenciju u Mostaru i postala europska prvakinja u bodybuildingu! - RADIO LJUBU\u0160KI","isPartOf":{"@id":"https:\/\/radioljubuski.ba\/#website"},"primaryImageOfPage":{"@id":"https:\/\/radioljubuski.ba\/index.php\/2021\/09\/05\/vanja-tokic-pomela-konkurenciju-u-mostaru-i-postala-europska-prvakinja-u-bodybuildingu\/#primaryimage"},"image":{"@id":"https:\/\/radioljubuski.ba\/index.php\/2021\/09\/05\/vanja-tokic-pomela-konkurenciju-u-mostaru-i-postala-europska-prvakinja-u-bodybuildingu\/#primaryimage"},"thumbnailUrl":"https:\/\/radioljubuski.ba\/wp-content\/uploads\/2021\/09\/o_19204250_1024.jpg","datePublished":"2021-09-04T23:38:42+00:00","dateModified":"2021-09-04T23:38:44+00:00","breadcrumb":{"@id":"https:\/\/radioljubuski.ba\/index.php\/2021\/09\/05\/vanja-tokic-pomela-konkurenciju-u-mostaru-i-postala-europska-prvakinja-u-bodybuildingu\/#breadcrumb"},"inLanguage":"hr","potentialAction":[{"@type":"ReadAction","target":["https:\/\/radioljubuski.ba\/index.php\/2021\/09\/05\/vanja-tokic-pomela-konkurenciju-u-mostaru-i-postala-europska-prvakinja-u-bodybuildingu\/"]}]},{"@type":"ImageObject","inLanguage":"hr","@id":"https:\/\/radioljubuski.ba\/index.php\/2021\/09\/05\/vanja-tokic-pomela-konkurenciju-u-mostaru-i-postala-europska-prvakinja-u-bodybuildingu\/#primaryimage","url":"https:\/\/radioljubuski.ba\/wp-content\/uploads\/2021\/09\/o_19204250_1024.jpg","contentUrl":"https:\/\/radioljubuski.ba\/wp-content\/uploads\/2021\/09\/o_19204250_1024.jpg","width":1024,"height":590},{"@type":"BreadcrumbList","@id":"https:\/\/radioljubuski.ba\/index.php\/2021\/09\/05\/vanja-tokic-pomela-konkurenciju-u-mostaru-i-postala-europska-prvakinja-u-bodybuildingu\/#breadcrumb","itemListElement":[{"@type":"ListItem","position":1,"name":"Po\u010detna stranica","item":"https:\/\/radioljubuski.ba\/"},{"@type":"ListItem","position":2,"name":"Vanja Toki\u0107 pomela konkurenciju u Mostaru i postala europska prvakinja u bodybuildingu!"}]},{"@type":"WebSite","@id":"https:\/\/radioljubuski.ba\/#website","url":"https:\/\/radioljubuski.ba\/","name":"Radio Ljubu\u0161ki","description":"Sun\u010dana frekvencija Hercegovine","publisher":{"@id":"https:\/\/radioljubuski.ba\/#organization"},"potentialAction":[{"@type":"SearchAction","target":{"@type":"EntryPoint","urlTemplate":"https:\/\/radioljubuski.ba\/?s={search_term_string}"},"query-input":{"@type":"PropertyValueSpecification","valueRequired":true,"valueName":"search_term_string"}}],"inLanguage":"hr"},{"@type":"Organization","@id":"https:\/\/radioljubuski.ba\/#organization","name":"Radio Ljubu\u0161ki","url":"https:\/\/radioljubuski.ba\/","logo":{"@type":"ImageObject","inLanguage":"hr","@id":"https:\/\/radioljubuski.ba\/#\/schema\/logo\/image\/","url":"https:\/\/radioljubuski.ba\/wp-content\/uploads\/2021\/02\/cropped-Radio_Ljubuski_logo1.jpg","contentUrl":"https:\/\/radioljubuski.ba\/wp-content\/uploads\/2021\/02\/cropped-Radio_Ljubuski_logo1.jpg","width":512,"height":512,"caption":"Radio Ljubu\u0161ki"},"image":{"@id":"https:\/\/radioljubuski.ba\/#\/schema\/logo\/image\/"},"sameAs":["https:\/\/www.facebook.com\/Radiio-Ljubuski-1490835324566332","https:\/\/x.com\/radioljubuski","https:\/\/hr.linkedin.com\/company\/radio-ljubuski","https:\/\/www.youtube.com\/channel\/UCHYaeO_n0Db3tjNGudGpXyw"]},{"@type":"Person","@id":"https:\/\/radioljubuski.ba\/#\/schema\/person\/19fc700381a780f69665d7956c469e3b","name":"Radio Ljubu\u0161ki"}]}},"_links":{"self":[{"href":"https:\/\/radioljubuski.ba\/index.php\/wp-json\/wp\/v2\/posts\/61401","targetHints":{"allow":["GET"]}}],"collection":[{"href":"https:\/\/radioljubuski.ba\/index.php\/wp-json\/wp\/v2\/posts"}],"about":[{"href":"https:\/\/radioljubuski.ba\/index.php\/wp-json\/wp\/v2\/types\/post"}],"author":[{"embeddable":true,"href":"https:\/\/radioljubuski.ba\/index.php\/wp-json\/wp\/v2\/users\/2"}],"replies":[{"embeddable":true,"href":"https:\/\/radioljubuski.ba\/index.php\/wp-json\/wp\/v2\/comments?post=61401"}],"version-history":[{"count":1,"href":"https:\/\/radioljubuski.ba\/index.php\/wp-json\/wp\/v2\/posts\/61401\/revisions"}],"predecessor-version":[{"id":61403,"href":"https:\/\/radioljubuski.ba\/index.php\/wp-json\/wp\/v2\/posts\/61401\/revisions\/61403"}],"wp:featuredmedia":[{"embeddable":true,"href":"https:\/\/radioljubuski.ba\/index.php\/wp-json\/wp\/v2\/media\/61402"}],"wp:attachment":[{"href":"https:\/\/radioljubuski.ba\/index.php\/wp-json\/wp\/v2\/media?parent=61401"}],"wp:term":[{"taxonomy":"category","embeddable":true,"href":"https:\/\/radioljubuski.ba\/index.php\/wp-json\/wp\/v2\/categories?post=61401"},{"taxonomy":"post_tag","embeddable":true,"href":"https:\/\/radioljubuski.ba\/index.php\/wp-json\/wp\/v2\/tags?post=61401"}],"curies":[{"name":"wp","href":"https:\/\/api.w.org\/{rel}","templated":true}]}}