{"id":61436,"date":"2021-09-05T20:50:48","date_gmt":"2021-09-05T19:50:48","guid":{"rendered":"https:\/\/radioljubuski.ba\/?p=61436"},"modified":"2021-09-06T16:34:39","modified_gmt":"2021-09-06T15:34:39","slug":"dva-ljubusaka-ceh-i-covik-iz-tijaljine-na-najvisem-vrhu-albanije-i-makedonije","status":"publish","type":"post","link":"https:\/\/radioljubuski.ba\/index.php\/2021\/09\/05\/dva-ljubusaka-ceh-i-covik-iz-tijaljine-na-najvisem-vrhu-albanije-i-makedonije\/","title":{"rendered":"Dva Ljubu\u0161aka, \u010ceh i &#8220;\u010dovik iz Tijaljine&#8221; na najvi\u0161em vrhu Albanije i Makedonije"},"content":{"rendered":"\n<p>Ekspedicija od \u010detiri planinara iz Hercegovine popela se ju\u010der na Veliki Korab, najvi\u0161i vrh grani\u010dne planine Korab izme\u0111u Albanije i Makedonije. Na vrhu su se tako na\u0161li;&nbsp;<strong>Perica<\/strong>&nbsp;<strong>Bi\u0161ko, Niko Planini\u0107, Franjo Kova\u010d i Josip Rude\u0161.<\/strong>&nbsp; Za ovaj uspon planinarima je bilo potrebno ne\u0161to malo manje od pet sati, to\u010dnije 4 sata i 57 minuta.<\/p>\n\n\n\n<figure class=\"wp-block-image\"><img decoding=\"async\" src=\"https:\/\/scontent-prg1-1.xx.fbcdn.net\/v\/t39.30808-6\/241321903_10226310805057314_8149848233620930403_n.jpg?_nc_cat=108&amp;ccb=1-5&amp;_nc_sid=8bfeb9&amp;_nc_ohc=pps-xljpNwQAX_t9aGX&amp;_nc_ht=scontent-prg1-1.xx&amp;oh=6303ba955beb9866d510b59de6cb24fd&amp;oe=61395909\" alt=\"Mo\u017ee biti slika sljede\u0107eg: 4 osobe, uklju\u010duju\u0107i Pericu Bi\u0161ku i Franju Kova\u010da, ljudi stoje i na otvorenom\"\/><figcaption>Polazak za Albaniju i vrh Korab 2764m.<br>Dva Hercegovca, \u010ceh i \u010dovik 2.0 iz Tijaljine.<\/figcaption><\/figure>\n\n\n\n<figure class=\"wp-block-image\"><img decoding=\"async\" src=\"https:\/\/scontent-sof1-1.xx.fbcdn.net\/v\/t1.6435-9\/239602895_10225760090458919_7393692493480135003_n.jpg?_nc_cat=101&amp;ccb=1-5&amp;_nc_sid=730e14&amp;_nc_ohc=MC1qnkyZMfYAX_6yIR7&amp;_nc_ht=scontent-sof1-1.xx&amp;oh=428bab1a4324919656cc71dea6f8bf78&amp;oe=615B3BC7\" alt=\"Mo\u017ee biti slika sljede\u0107eg: na otvorenom\"\/><\/figure>\n\n\n\n<figure class=\"wp-block-image\"><img decoding=\"async\" src=\"https:\/\/scontent-sof1-1.xx.fbcdn.net\/v\/t1.6435-9\/240610763_10225760090418918_2349662134384696933_n.jpg?_nc_cat=106&amp;ccb=1-5&amp;_nc_sid=730e14&amp;_nc_ohc=PlmFynzYng8AX9YA8DF&amp;_nc_ht=scontent-sof1-1.xx&amp;oh=cb7917066ba2a9f2a70f8b0e14176f95&amp;oe=6159B4DF\" alt=\"Mo\u017ee biti slika sljede\u0107eg: Franjo Kova\u010d i priroda\"\/><\/figure>\n\n\n\n<iframe loading=\"lazy\" src=\"https:\/\/www.facebook.com\/plugins\/video.php?height=314&#038;href=https%3A%2F%2Fwww.facebook.com%2Fperica.bisko%2Fvideos%2F1190821541423641%2F&#038;show_text=false&#038;width=560&#038;t=0\" width=\"560\" height=\"314\" style=\"border:none;overflow:hidden\" scrolling=\"no\" frameborder=\"0\" allowfullscreen=\"true\" allow=\"autoplay; clipboard-write; encrypted-media; picture-in-picture; web-share\" allowFullScreen=\"true\"><\/iframe>\n\n\n\n<p>Valja istaknuti kako se Veliki Korab nalazi na&nbsp;<strong>2764 metra nadmorske visine<\/strong>.&nbsp;<\/p>\n\n\n\n<p>Planina Korab prote\u017ee se na 40 kilometara u pravcu sjever-jug izme\u0111u donjeg toka Crnog Drima i njegove pritoke Radike, oko trome\u0111e Albanije, Sjeverne Makedonije i&nbsp;Kosova, jugozapadno od \u0160ar Planine.<\/p>\n\n\n\n<p> Kako su planinari rekli za&nbsp;<strong><a href=\"https:\/\/www.hercegovina.info\/\">Hercegovina.info<\/a><\/strong>, cijelim putem pratilo ih je dobro vrijeme. Ne\u0161to malo oblaka do\u010dekalo ih je na samom vrhu, no oni su brzo nestali.<\/p>\n\n\n\n<p>Izvor:hercegovina.info<\/p>\n\n\n\n<p>Facebook\/Perica Bi\u0161ki i Franjo Kova\u010d<\/p>\n\n\n\n<p>Radio Ljubu\u0161ki<\/p>\n","protected":false},"excerpt":{"rendered":"<p>Ekspedicija od \u010detiri planinara iz Hercegovine popela se ju\u010der na Veliki Korab, najvi\u0161i vrh grani\u010dne planine Korab izme\u0111u Albanije i Makedonije. Na vrhu su se tako na\u0161li;&nbsp;Perica&nbsp;Bi\u0161ko, Niko Planini\u0107, Franjo Kova\u010d i Josip Rude\u0161.&nbsp; Za ovaj uspon planinarima je bilo potrebno ne\u0161to malo manje od pet sati, to\u010dnije 4 sata i 57 minuta. Valja istaknuti [&hellip;]<\/p>\n","protected":false},"author":2,"featured_media":61437,"comment_status":"closed","ping_status":"closed","sticky":false,"template":"","format":"standard","meta":{"h5ap_radio_sources":[],"footnotes":""},"categories":[3],"tags":[],"class_list":["post-61436","post","type-post","status-publish","format-standard","has-post-thumbnail","hentry","category-ljubuski"],"yoast_head":"<!-- This site is optimized with the Yoast SEO plugin v27.5 - https:\/\/yoast.com\/product\/yoast-seo-wordpress\/ -->\n<title>Dva Ljubu\u0161aka, \u010ceh i &quot;\u010dovik iz Tijaljine&quot; na najvi\u0161em vrhu Albanije i Makedonije - RADIO LJUBU\u0160KI<\/title>\n<meta name=\"robots\" content=\"index, follow, max-snippet:-1, max-image-preview:large, max-video-preview:-1\" \/>\n<link rel=\"canonical\" href=\"https:\/\/radioljubuski.ba\/index.php\/2021\/09\/05\/dva-ljubusaka-ceh-i-covik-iz-tijaljine-na-najvisem-vrhu-albanije-i-makedonije\/\" \/>\n<meta property=\"og:locale\" content=\"hr_HR\" \/>\n<meta property=\"og:type\" content=\"article\" \/>\n<meta property=\"og:title\" content=\"Dva Ljubu\u0161aka, \u010ceh i &quot;\u010dovik iz Tijaljine&quot; na najvi\u0161em vrhu Albanije i Makedonije - RADIO LJUBU\u0160KI\" \/>\n<meta property=\"og:description\" content=\"Ekspedicija od \u010detiri planinara iz Hercegovine popela se ju\u010der na Veliki Korab, najvi\u0161i vrh grani\u010dne planine Korab izme\u0111u Albanije i Makedonije. Na vrhu su se tako na\u0161li;&nbsp;Perica&nbsp;Bi\u0161ko, Niko Planini\u0107, Franjo Kova\u010d i Josip Rude\u0161.&nbsp; Za ovaj uspon planinarima je bilo potrebno ne\u0161to malo manje od pet sati, to\u010dnije 4 sata i 57 minuta. Valja istaknuti [&hellip;]\" \/>\n<meta property=\"og:url\" content=\"https:\/\/radioljubuski.ba\/index.php\/2021\/09\/05\/dva-ljubusaka-ceh-i-covik-iz-tijaljine-na-najvisem-vrhu-albanije-i-makedonije\/\" \/>\n<meta property=\"og:site_name\" content=\"RADIO LJUBU\u0160KI\" \/>\n<meta property=\"article:publisher\" content=\"https:\/\/www.facebook.com\/Radiio-Ljubuski-1490835324566332\" \/>\n<meta property=\"article:published_time\" content=\"2021-09-05T19:50:48+00:00\" \/>\n<meta property=\"article:modified_time\" content=\"2021-09-06T15:34:39+00:00\" \/>\n<meta property=\"og:image\" content=\"https:\/\/radioljubuski.ba\/wp-content\/uploads\/2021\/09\/241181289_10226316188671901_8744589364595170830_n.jpg\" \/>\n\t<meta property=\"og:image:width\" content=\"1538\" \/>\n\t<meta property=\"og:image:height\" content=\"2048\" \/>\n\t<meta property=\"og:image:type\" content=\"image\/jpeg\" \/>\n<meta name=\"author\" content=\"Radio Ljubu\u0161ki\" \/>\n<meta name=\"twitter:card\" content=\"summary_large_image\" \/>\n<meta name=\"twitter:creator\" content=\"@radioljubuski\" \/>\n<meta name=\"twitter:site\" content=\"@radioljubuski\" \/>\n<meta name=\"twitter:label1\" content=\"Napisao\/la\" \/>\n\t<meta name=\"twitter:data1\" content=\"Radio Ljubu\u0161ki\" \/>\n\t<meta name=\"twitter:label2\" content=\"Procijenjeno vrijeme \u010ditanja\" \/>\n\t<meta name=\"twitter:data2\" content=\"2 minute\" \/>\n<script type=\"application\/ld+json\" class=\"yoast-schema-graph\">{\"@context\":\"https:\\\/\\\/schema.org\",\"@graph\":[{\"@type\":\"Article\",\"@id\":\"https:\\\/\\\/radioljubuski.ba\\\/index.php\\\/2021\\\/09\\\/05\\\/dva-ljubusaka-ceh-i-covik-iz-tijaljine-na-najvisem-vrhu-albanije-i-makedonije\\\/#article\",\"isPartOf\":{\"@id\":\"https:\\\/\\\/radioljubuski.ba\\\/index.php\\\/2021\\\/09\\\/05\\\/dva-ljubusaka-ceh-i-covik-iz-tijaljine-na-najvisem-vrhu-albanije-i-makedonije\\\/\"},\"author\":{\"name\":\"Radio Ljubu\u0161ki\",\"@id\":\"https:\\\/\\\/radioljubuski.ba\\\/#\\\/schema\\\/person\\\/19fc700381a780f69665d7956c469e3b\"},\"headline\":\"Dva Ljubu\u0161aka, \u010ceh i &#8220;\u010dovik iz Tijaljine&#8221; na najvi\u0161em vrhu Albanije i Makedonije\",\"datePublished\":\"2021-09-05T19:50:48+00:00\",\"dateModified\":\"2021-09-06T15:34:39+00:00\",\"mainEntityOfPage\":{\"@id\":\"https:\\\/\\\/radioljubuski.ba\\\/index.php\\\/2021\\\/09\\\/05\\\/dva-ljubusaka-ceh-i-covik-iz-tijaljine-na-najvisem-vrhu-albanije-i-makedonije\\\/\"},\"wordCount\":183,\"publisher\":{\"@id\":\"https:\\\/\\\/radioljubuski.ba\\\/#organization\"},\"image\":{\"@id\":\"https:\\\/\\\/radioljubuski.ba\\\/index.php\\\/2021\\\/09\\\/05\\\/dva-ljubusaka-ceh-i-covik-iz-tijaljine-na-najvisem-vrhu-albanije-i-makedonije\\\/#primaryimage\"},\"thumbnailUrl\":\"https:\\\/\\\/radioljubuski.ba\\\/wp-content\\\/uploads\\\/2021\\\/09\\\/241181289_10226316188671901_8744589364595170830_n.jpg\",\"articleSection\":[\"Ljubu\u0161ki\"],\"inLanguage\":\"hr\"},{\"@type\":\"WebPage\",\"@id\":\"https:\\\/\\\/radioljubuski.ba\\\/index.php\\\/2021\\\/09\\\/05\\\/dva-ljubusaka-ceh-i-covik-iz-tijaljine-na-najvisem-vrhu-albanije-i-makedonije\\\/\",\"url\":\"https:\\\/\\\/radioljubuski.ba\\\/index.php\\\/2021\\\/09\\\/05\\\/dva-ljubusaka-ceh-i-covik-iz-tijaljine-na-najvisem-vrhu-albanije-i-makedonije\\\/\",\"name\":\"Dva Ljubu\u0161aka, \u010ceh i \\\"\u010dovik iz Tijaljine\\\" na najvi\u0161em vrhu Albanije i Makedonije - RADIO LJUBU\u0160KI\",\"isPartOf\":{\"@id\":\"https:\\\/\\\/radioljubuski.ba\\\/#website\"},\"primaryImageOfPage\":{\"@id\":\"https:\\\/\\\/radioljubuski.ba\\\/index.php\\\/2021\\\/09\\\/05\\\/dva-ljubusaka-ceh-i-covik-iz-tijaljine-na-najvisem-vrhu-albanije-i-makedonije\\\/#primaryimage\"},\"image\":{\"@id\":\"https:\\\/\\\/radioljubuski.ba\\\/index.php\\\/2021\\\/09\\\/05\\\/dva-ljubusaka-ceh-i-covik-iz-tijaljine-na-najvisem-vrhu-albanije-i-makedonije\\\/#primaryimage\"},\"thumbnailUrl\":\"https:\\\/\\\/radioljubuski.ba\\\/wp-content\\\/uploads\\\/2021\\\/09\\\/241181289_10226316188671901_8744589364595170830_n.jpg\",\"datePublished\":\"2021-09-05T19:50:48+00:00\",\"dateModified\":\"2021-09-06T15:34:39+00:00\",\"breadcrumb\":{\"@id\":\"https:\\\/\\\/radioljubuski.ba\\\/index.php\\\/2021\\\/09\\\/05\\\/dva-ljubusaka-ceh-i-covik-iz-tijaljine-na-najvisem-vrhu-albanije-i-makedonije\\\/#breadcrumb\"},\"inLanguage\":\"hr\",\"potentialAction\":[{\"@type\":\"ReadAction\",\"target\":[\"https:\\\/\\\/radioljubuski.ba\\\/index.php\\\/2021\\\/09\\\/05\\\/dva-ljubusaka-ceh-i-covik-iz-tijaljine-na-najvisem-vrhu-albanije-i-makedonije\\\/\"]}]},{\"@type\":\"ImageObject\",\"inLanguage\":\"hr\",\"@id\":\"https:\\\/\\\/radioljubuski.ba\\\/index.php\\\/2021\\\/09\\\/05\\\/dva-ljubusaka-ceh-i-covik-iz-tijaljine-na-najvisem-vrhu-albanije-i-makedonije\\\/#primaryimage\",\"url\":\"https:\\\/\\\/radioljubuski.ba\\\/wp-content\\\/uploads\\\/2021\\\/09\\\/241181289_10226316188671901_8744589364595170830_n.jpg\",\"contentUrl\":\"https:\\\/\\\/radioljubuski.ba\\\/wp-content\\\/uploads\\\/2021\\\/09\\\/241181289_10226316188671901_8744589364595170830_n.jpg\",\"width\":1538,\"height\":2048},{\"@type\":\"BreadcrumbList\",\"@id\":\"https:\\\/\\\/radioljubuski.ba\\\/index.php\\\/2021\\\/09\\\/05\\\/dva-ljubusaka-ceh-i-covik-iz-tijaljine-na-najvisem-vrhu-albanije-i-makedonije\\\/#breadcrumb\",\"itemListElement\":[{\"@type\":\"ListItem\",\"position\":1,\"name\":\"Po\u010detna stranica\",\"item\":\"https:\\\/\\\/radioljubuski.ba\\\/\"},{\"@type\":\"ListItem\",\"position\":2,\"name\":\"Dva Ljubu\u0161aka, \u010ceh i &#8220;\u010dovik iz Tijaljine&#8221; na najvi\u0161em vrhu Albanije i Makedonije\"}]},{\"@type\":\"WebSite\",\"@id\":\"https:\\\/\\\/radioljubuski.ba\\\/#website\",\"url\":\"https:\\\/\\\/radioljubuski.ba\\\/\",\"name\":\"Radio Ljubu\u0161ki\",\"description\":\"Sun\u010dana frekvencija Hercegovine\",\"publisher\":{\"@id\":\"https:\\\/\\\/radioljubuski.ba\\\/#organization\"},\"potentialAction\":[{\"@type\":\"SearchAction\",\"target\":{\"@type\":\"EntryPoint\",\"urlTemplate\":\"https:\\\/\\\/radioljubuski.ba\\\/?s={search_term_string}\"},\"query-input\":{\"@type\":\"PropertyValueSpecification\",\"valueRequired\":true,\"valueName\":\"search_term_string\"}}],\"inLanguage\":\"hr\"},{\"@type\":\"Organization\",\"@id\":\"https:\\\/\\\/radioljubuski.ba\\\/#organization\",\"name\":\"Radio Ljubu\u0161ki\",\"url\":\"https:\\\/\\\/radioljubuski.ba\\\/\",\"logo\":{\"@type\":\"ImageObject\",\"inLanguage\":\"hr\",\"@id\":\"https:\\\/\\\/radioljubuski.ba\\\/#\\\/schema\\\/logo\\\/image\\\/\",\"url\":\"https:\\\/\\\/radioljubuski.ba\\\/wp-content\\\/uploads\\\/2021\\\/02\\\/cropped-Radio_Ljubuski_logo1.jpg\",\"contentUrl\":\"https:\\\/\\\/radioljubuski.ba\\\/wp-content\\\/uploads\\\/2021\\\/02\\\/cropped-Radio_Ljubuski_logo1.jpg\",\"width\":512,\"height\":512,\"caption\":\"Radio Ljubu\u0161ki\"},\"image\":{\"@id\":\"https:\\\/\\\/radioljubuski.ba\\\/#\\\/schema\\\/logo\\\/image\\\/\"},\"sameAs\":[\"https:\\\/\\\/www.facebook.com\\\/Radiio-Ljubuski-1490835324566332\",\"https:\\\/\\\/x.com\\\/radioljubuski\",\"https:\\\/\\\/hr.linkedin.com\\\/company\\\/radio-ljubuski\",\"https:\\\/\\\/www.youtube.com\\\/channel\\\/UCHYaeO_n0Db3tjNGudGpXyw\"]},{\"@type\":\"Person\",\"@id\":\"https:\\\/\\\/radioljubuski.ba\\\/#\\\/schema\\\/person\\\/19fc700381a780f69665d7956c469e3b\",\"name\":\"Radio Ljubu\u0161ki\"}]}<\/script>\n<!-- \/ Yoast SEO plugin. -->","yoast_head_json":{"title":"Dva Ljubu\u0161aka, \u010ceh i \"\u010dovik iz Tijaljine\" na najvi\u0161em vrhu Albanije i Makedonije - RADIO LJUBU\u0160KI","robots":{"index":"index","follow":"follow","max-snippet":"max-snippet:-1","max-image-preview":"max-image-preview:large","max-video-preview":"max-video-preview:-1"},"canonical":"https:\/\/radioljubuski.ba\/index.php\/2021\/09\/05\/dva-ljubusaka-ceh-i-covik-iz-tijaljine-na-najvisem-vrhu-albanije-i-makedonije\/","og_locale":"hr_HR","og_type":"article","og_title":"Dva Ljubu\u0161aka, \u010ceh i \"\u010dovik iz Tijaljine\" na najvi\u0161em vrhu Albanije i Makedonije - RADIO LJUBU\u0160KI","og_description":"Ekspedicija od \u010detiri planinara iz Hercegovine popela se ju\u010der na Veliki Korab, najvi\u0161i vrh grani\u010dne planine Korab izme\u0111u Albanije i Makedonije. Na vrhu su se tako na\u0161li;&nbsp;Perica&nbsp;Bi\u0161ko, Niko Planini\u0107, Franjo Kova\u010d i Josip Rude\u0161.&nbsp; Za ovaj uspon planinarima je bilo potrebno ne\u0161to malo manje od pet sati, to\u010dnije 4 sata i 57 minuta. Valja istaknuti [&hellip;]","og_url":"https:\/\/radioljubuski.ba\/index.php\/2021\/09\/05\/dva-ljubusaka-ceh-i-covik-iz-tijaljine-na-najvisem-vrhu-albanije-i-makedonije\/","og_site_name":"RADIO LJUBU\u0160KI","article_publisher":"https:\/\/www.facebook.com\/Radiio-Ljubuski-1490835324566332","article_published_time":"2021-09-05T19:50:48+00:00","article_modified_time":"2021-09-06T15:34:39+00:00","og_image":[{"width":1538,"height":2048,"url":"https:\/\/radioljubuski.ba\/wp-content\/uploads\/2021\/09\/241181289_10226316188671901_8744589364595170830_n.jpg","type":"image\/jpeg"}],"author":"Radio Ljubu\u0161ki","twitter_card":"summary_large_image","twitter_creator":"@radioljubuski","twitter_site":"@radioljubuski","twitter_misc":{"Napisao\/la":"Radio Ljubu\u0161ki","Procijenjeno vrijeme \u010ditanja":"2 minute"},"schema":{"@context":"https:\/\/schema.org","@graph":[{"@type":"Article","@id":"https:\/\/radioljubuski.ba\/index.php\/2021\/09\/05\/dva-ljubusaka-ceh-i-covik-iz-tijaljine-na-najvisem-vrhu-albanije-i-makedonije\/#article","isPartOf":{"@id":"https:\/\/radioljubuski.ba\/index.php\/2021\/09\/05\/dva-ljubusaka-ceh-i-covik-iz-tijaljine-na-najvisem-vrhu-albanije-i-makedonije\/"},"author":{"name":"Radio Ljubu\u0161ki","@id":"https:\/\/radioljubuski.ba\/#\/schema\/person\/19fc700381a780f69665d7956c469e3b"},"headline":"Dva Ljubu\u0161aka, \u010ceh i &#8220;\u010dovik iz Tijaljine&#8221; na najvi\u0161em vrhu Albanije i Makedonije","datePublished":"2021-09-05T19:50:48+00:00","dateModified":"2021-09-06T15:34:39+00:00","mainEntityOfPage":{"@id":"https:\/\/radioljubuski.ba\/index.php\/2021\/09\/05\/dva-ljubusaka-ceh-i-covik-iz-tijaljine-na-najvisem-vrhu-albanije-i-makedonije\/"},"wordCount":183,"publisher":{"@id":"https:\/\/radioljubuski.ba\/#organization"},"image":{"@id":"https:\/\/radioljubuski.ba\/index.php\/2021\/09\/05\/dva-ljubusaka-ceh-i-covik-iz-tijaljine-na-najvisem-vrhu-albanije-i-makedonije\/#primaryimage"},"thumbnailUrl":"https:\/\/radioljubuski.ba\/wp-content\/uploads\/2021\/09\/241181289_10226316188671901_8744589364595170830_n.jpg","articleSection":["Ljubu\u0161ki"],"inLanguage":"hr"},{"@type":"WebPage","@id":"https:\/\/radioljubuski.ba\/index.php\/2021\/09\/05\/dva-ljubusaka-ceh-i-covik-iz-tijaljine-na-najvisem-vrhu-albanije-i-makedonije\/","url":"https:\/\/radioljubuski.ba\/index.php\/2021\/09\/05\/dva-ljubusaka-ceh-i-covik-iz-tijaljine-na-najvisem-vrhu-albanije-i-makedonije\/","name":"Dva Ljubu\u0161aka, \u010ceh i \"\u010dovik iz Tijaljine\" na najvi\u0161em vrhu Albanije i Makedonije - RADIO LJUBU\u0160KI","isPartOf":{"@id":"https:\/\/radioljubuski.ba\/#website"},"primaryImageOfPage":{"@id":"https:\/\/radioljubuski.ba\/index.php\/2021\/09\/05\/dva-ljubusaka-ceh-i-covik-iz-tijaljine-na-najvisem-vrhu-albanije-i-makedonije\/#primaryimage"},"image":{"@id":"https:\/\/radioljubuski.ba\/index.php\/2021\/09\/05\/dva-ljubusaka-ceh-i-covik-iz-tijaljine-na-najvisem-vrhu-albanije-i-makedonije\/#primaryimage"},"thumbnailUrl":"https:\/\/radioljubuski.ba\/wp-content\/uploads\/2021\/09\/241181289_10226316188671901_8744589364595170830_n.jpg","datePublished":"2021-09-05T19:50:48+00:00","dateModified":"2021-09-06T15:34:39+00:00","breadcrumb":{"@id":"https:\/\/radioljubuski.ba\/index.php\/2021\/09\/05\/dva-ljubusaka-ceh-i-covik-iz-tijaljine-na-najvisem-vrhu-albanije-i-makedonije\/#breadcrumb"},"inLanguage":"hr","potentialAction":[{"@type":"ReadAction","target":["https:\/\/radioljubuski.ba\/index.php\/2021\/09\/05\/dva-ljubusaka-ceh-i-covik-iz-tijaljine-na-najvisem-vrhu-albanije-i-makedonije\/"]}]},{"@type":"ImageObject","inLanguage":"hr","@id":"https:\/\/radioljubuski.ba\/index.php\/2021\/09\/05\/dva-ljubusaka-ceh-i-covik-iz-tijaljine-na-najvisem-vrhu-albanije-i-makedonije\/#primaryimage","url":"https:\/\/radioljubuski.ba\/wp-content\/uploads\/2021\/09\/241181289_10226316188671901_8744589364595170830_n.jpg","contentUrl":"https:\/\/radioljubuski.ba\/wp-content\/uploads\/2021\/09\/241181289_10226316188671901_8744589364595170830_n.jpg","width":1538,"height":2048},{"@type":"BreadcrumbList","@id":"https:\/\/radioljubuski.ba\/index.php\/2021\/09\/05\/dva-ljubusaka-ceh-i-covik-iz-tijaljine-na-najvisem-vrhu-albanije-i-makedonije\/#breadcrumb","itemListElement":[{"@type":"ListItem","position":1,"name":"Po\u010detna stranica","item":"https:\/\/radioljubuski.ba\/"},{"@type":"ListItem","position":2,"name":"Dva Ljubu\u0161aka, \u010ceh i &#8220;\u010dovik iz Tijaljine&#8221; na najvi\u0161em vrhu Albanije i Makedonije"}]},{"@type":"WebSite","@id":"https:\/\/radioljubuski.ba\/#website","url":"https:\/\/radioljubuski.ba\/","name":"Radio Ljubu\u0161ki","description":"Sun\u010dana frekvencija Hercegovine","publisher":{"@id":"https:\/\/radioljubuski.ba\/#organization"},"potentialAction":[{"@type":"SearchAction","target":{"@type":"EntryPoint","urlTemplate":"https:\/\/radioljubuski.ba\/?s={search_term_string}"},"query-input":{"@type":"PropertyValueSpecification","valueRequired":true,"valueName":"search_term_string"}}],"inLanguage":"hr"},{"@type":"Organization","@id":"https:\/\/radioljubuski.ba\/#organization","name":"Radio Ljubu\u0161ki","url":"https:\/\/radioljubuski.ba\/","logo":{"@type":"ImageObject","inLanguage":"hr","@id":"https:\/\/radioljubuski.ba\/#\/schema\/logo\/image\/","url":"https:\/\/radioljubuski.ba\/wp-content\/uploads\/2021\/02\/cropped-Radio_Ljubuski_logo1.jpg","contentUrl":"https:\/\/radioljubuski.ba\/wp-content\/uploads\/2021\/02\/cropped-Radio_Ljubuski_logo1.jpg","width":512,"height":512,"caption":"Radio Ljubu\u0161ki"},"image":{"@id":"https:\/\/radioljubuski.ba\/#\/schema\/logo\/image\/"},"sameAs":["https:\/\/www.facebook.com\/Radiio-Ljubuski-1490835324566332","https:\/\/x.com\/radioljubuski","https:\/\/hr.linkedin.com\/company\/radio-ljubuski","https:\/\/www.youtube.com\/channel\/UCHYaeO_n0Db3tjNGudGpXyw"]},{"@type":"Person","@id":"https:\/\/radioljubuski.ba\/#\/schema\/person\/19fc700381a780f69665d7956c469e3b","name":"Radio Ljubu\u0161ki"}]}},"_links":{"self":[{"href":"https:\/\/radioljubuski.ba\/index.php\/wp-json\/wp\/v2\/posts\/61436","targetHints":{"allow":["GET"]}}],"collection":[{"href":"https:\/\/radioljubuski.ba\/index.php\/wp-json\/wp\/v2\/posts"}],"about":[{"href":"https:\/\/radioljubuski.ba\/index.php\/wp-json\/wp\/v2\/types\/post"}],"author":[{"embeddable":true,"href":"https:\/\/radioljubuski.ba\/index.php\/wp-json\/wp\/v2\/users\/2"}],"replies":[{"embeddable":true,"href":"https:\/\/radioljubuski.ba\/index.php\/wp-json\/wp\/v2\/comments?post=61436"}],"version-history":[{"count":2,"href":"https:\/\/radioljubuski.ba\/index.php\/wp-json\/wp\/v2\/posts\/61436\/revisions"}],"predecessor-version":[{"id":61734,"href":"https:\/\/radioljubuski.ba\/index.php\/wp-json\/wp\/v2\/posts\/61436\/revisions\/61734"}],"wp:featuredmedia":[{"embeddable":true,"href":"https:\/\/radioljubuski.ba\/index.php\/wp-json\/wp\/v2\/media\/61437"}],"wp:attachment":[{"href":"https:\/\/radioljubuski.ba\/index.php\/wp-json\/wp\/v2\/media?parent=61436"}],"wp:term":[{"taxonomy":"category","embeddable":true,"href":"https:\/\/radioljubuski.ba\/index.php\/wp-json\/wp\/v2\/categories?post=61436"},{"taxonomy":"post_tag","embeddable":true,"href":"https:\/\/radioljubuski.ba\/index.php\/wp-json\/wp\/v2\/tags?post=61436"}],"curies":[{"name":"wp","href":"https:\/\/api.w.org\/{rel}","templated":true}]}}