{"id":61600,"date":"2021-09-06T00:31:42","date_gmt":"2021-09-05T23:31:42","guid":{"rendered":"https:\/\/radioljubuski.ba\/?p=61600"},"modified":"2021-09-06T00:31:43","modified_gmt":"2021-09-05T23:31:43","slug":"talibani-traze-diplomatsko-priznanje-i-financijsku-pomoc-njemacke","status":"publish","type":"post","link":"https:\/\/radioljubuski.ba\/index.php\/2021\/09\/06\/talibani-traze-diplomatsko-priznanje-i-financijsku-pomoc-njemacke\/","title":{"rendered":"Talibani tra\u017ee diplomatsko priznanje i financijsku pomo\u0107 Njema\u010dke"},"content":{"rendered":"\n<p><strong>Talibani, novi vladari Afganistana, \u017eele diplomatsko priznanje i financijsku pomo\u0107 Njema\u010dke, kazao je glasnogovornik islamisti\u010dkog pokreta u intervjuu za njema\u010dki list od nedjelje.<\/strong><\/p>\n\n\n\n<p>&#8220;\u017delimo jake i slu\u017ebene diplomatske odnose s Njema\u010dkom&#8221;, rekao je&nbsp;<strong>Zabihullah Mujahid<\/strong>&nbsp;za Welt am Sonntag.<br><br>Talibani \u017eele i financijsku te humanitarnu pomo\u0107 Berlina kao i suradnju u zdravstvu, poljoprivredi i obrazovanju.<br><br>Takvu vrstu suradnje talibani \u017eele ostvariti i s drugim dr\u017eavama, rekao je Mujahid.<br><br>U pro\u0161losti su Nijemci uvijek bili dobrodo\u0161li u Afganistanu, rekao je.<br><br>&#8220;Na\u017ealost, tada su se pridru\u017eili Amerikancima. No to je sada opro\u0161teno&#8221;, rekao je Mujahid.<br><br>Njema\u010dki ministar vanjskih poslova Heiko Maas najavio je da \u0107e Berlin nastaviti pomagati razvoj Afganistana, a jedan od uvjeta za to je da talibani sastave \u0161iroku vladu u koju \u0107e uklju\u010diti i predstavnike drugih skupina i manjina.<br><br>Njema\u010dka je zatvorila svoje veleposlanstvo u Kabulu i prekinula pomo\u0107 za razvoj otkako su talibani pro\u0161li mjesec osvojili vlast.<br><br>Me\u0111utim, Berlin je obe\u0107ao da \u0107e nastaviti pru\u017eati \u017eurnu pomo\u0107 raseljenima u Afganinstanu i izbjeglima iz te zemlje kroz humanitarne organizacije.<br><br>Europska unija dogovorila je ovaj tjedan uvjete za ograni\u010denu suradnju s talibanima. Prvi je uvjet da talibani zajam\u010de da Afganistan ne\u0107e biti uto\u010di\u0161te teroristima koji bi mogli napadati druge zemlje kao \u0161to je to bilo u pro\u0161losti.<br><br>Nadalje, talibani moraju po\u0161tivati ljudska prava, posebno \u017eena, sastaviti uklju\u010divu vladu, omogu\u0107iti neometan dolazak humanitarne pomo\u0107i i omogu\u0107iti stranim dr\u017eavljanima i ranjivim Afganistancima koji to \u017eele da napuste zemlju.&nbsp;<\/p>\n\n\n\n<p>Izvor:hrt.hr<\/p>\n","protected":false},"excerpt":{"rendered":"<p>Talibani, novi vladari Afganistana, \u017eele diplomatsko priznanje i financijsku pomo\u0107 Njema\u010dke, kazao je glasnogovornik islamisti\u010dkog pokreta u intervjuu za njema\u010dki list od nedjelje. &#8220;\u017delimo jake i slu\u017ebene diplomatske odnose s Njema\u010dkom&#8221;, rekao je&nbsp;Zabihullah Mujahid&nbsp;za Welt am Sonntag. Talibani \u017eele i financijsku te humanitarnu pomo\u0107 Berlina kao i suradnju u zdravstvu, poljoprivredi i obrazovanju. Takvu vrstu [&hellip;]<\/p>\n","protected":false},"author":2,"featured_media":61601,"comment_status":"closed","ping_status":"closed","sticky":false,"template":"","format":"standard","meta":{"h5ap_radio_sources":[],"footnotes":""},"categories":[1],"tags":[],"class_list":["post-61600","post","type-post","status-publish","format-standard","has-post-thumbnail","hentry","category-bihiregija"],"yoast_head":"<!-- This site is optimized with the Yoast SEO plugin v27.5 - https:\/\/yoast.com\/product\/yoast-seo-wordpress\/ -->\n<title>Talibani tra\u017ee diplomatsko priznanje i financijsku pomo\u0107 Njema\u010dke - RADIO LJUBU\u0160KI<\/title>\n<meta name=\"robots\" content=\"index, follow, max-snippet:-1, max-image-preview:large, max-video-preview:-1\" \/>\n<link rel=\"canonical\" href=\"https:\/\/radioljubuski.ba\/index.php\/2021\/09\/06\/talibani-traze-diplomatsko-priznanje-i-financijsku-pomoc-njemacke\/\" \/>\n<meta property=\"og:locale\" content=\"hr_HR\" \/>\n<meta property=\"og:type\" content=\"article\" \/>\n<meta property=\"og:title\" content=\"Talibani tra\u017ee diplomatsko priznanje i financijsku pomo\u0107 Njema\u010dke - RADIO LJUBU\u0160KI\" \/>\n<meta property=\"og:description\" content=\"Talibani, novi vladari Afganistana, \u017eele diplomatsko priznanje i financijsku pomo\u0107 Njema\u010dke, kazao je glasnogovornik islamisti\u010dkog pokreta u intervjuu za njema\u010dki list od nedjelje. &#8220;\u017delimo jake i slu\u017ebene diplomatske odnose s Njema\u010dkom&#8221;, rekao je&nbsp;Zabihullah Mujahid&nbsp;za Welt am Sonntag. Talibani \u017eele i financijsku te humanitarnu pomo\u0107 Berlina kao i suradnju u zdravstvu, poljoprivredi i obrazovanju. Takvu vrstu [&hellip;]\" \/>\n<meta property=\"og:url\" content=\"https:\/\/radioljubuski.ba\/index.php\/2021\/09\/06\/talibani-traze-diplomatsko-priznanje-i-financijsku-pomoc-njemacke\/\" \/>\n<meta property=\"og:site_name\" content=\"RADIO LJUBU\u0160KI\" \/>\n<meta property=\"article:publisher\" content=\"https:\/\/www.facebook.com\/Radiio-Ljubuski-1490835324566332\" \/>\n<meta property=\"article:published_time\" content=\"2021-09-05T23:31:42+00:00\" \/>\n<meta property=\"article:modified_time\" content=\"2021-09-05T23:31:43+00:00\" \/>\n<meta property=\"og:image\" content=\"https:\/\/radioljubuski.ba\/wp-content\/uploads\/2021\/09\/1525644.jpeg\" \/>\n\t<meta property=\"og:image:width\" content=\"900\" \/>\n\t<meta property=\"og:image:height\" content=\"540\" \/>\n\t<meta property=\"og:image:type\" content=\"image\/jpeg\" \/>\n<meta name=\"author\" content=\"Radio Ljubu\u0161ki\" \/>\n<meta name=\"twitter:card\" content=\"summary_large_image\" \/>\n<meta name=\"twitter:creator\" content=\"@radioljubuski\" \/>\n<meta name=\"twitter:site\" content=\"@radioljubuski\" \/>\n<meta name=\"twitter:label1\" content=\"Napisao\/la\" \/>\n\t<meta name=\"twitter:data1\" content=\"Radio Ljubu\u0161ki\" \/>\n\t<meta name=\"twitter:label2\" content=\"Procijenjeno vrijeme \u010ditanja\" \/>\n\t<meta name=\"twitter:data2\" content=\"2 minute\" \/>\n<script type=\"application\/ld+json\" class=\"yoast-schema-graph\">{\"@context\":\"https:\\\/\\\/schema.org\",\"@graph\":[{\"@type\":\"Article\",\"@id\":\"https:\\\/\\\/radioljubuski.ba\\\/index.php\\\/2021\\\/09\\\/06\\\/talibani-traze-diplomatsko-priznanje-i-financijsku-pomoc-njemacke\\\/#article\",\"isPartOf\":{\"@id\":\"https:\\\/\\\/radioljubuski.ba\\\/index.php\\\/2021\\\/09\\\/06\\\/talibani-traze-diplomatsko-priznanje-i-financijsku-pomoc-njemacke\\\/\"},\"author\":{\"name\":\"Radio Ljubu\u0161ki\",\"@id\":\"https:\\\/\\\/radioljubuski.ba\\\/#\\\/schema\\\/person\\\/19fc700381a780f69665d7956c469e3b\"},\"headline\":\"Talibani tra\u017ee diplomatsko priznanje i financijsku pomo\u0107 Njema\u010dke\",\"datePublished\":\"2021-09-05T23:31:42+00:00\",\"dateModified\":\"2021-09-05T23:31:43+00:00\",\"mainEntityOfPage\":{\"@id\":\"https:\\\/\\\/radioljubuski.ba\\\/index.php\\\/2021\\\/09\\\/06\\\/talibani-traze-diplomatsko-priznanje-i-financijsku-pomoc-njemacke\\\/\"},\"wordCount\":282,\"publisher\":{\"@id\":\"https:\\\/\\\/radioljubuski.ba\\\/#organization\"},\"image\":{\"@id\":\"https:\\\/\\\/radioljubuski.ba\\\/index.php\\\/2021\\\/09\\\/06\\\/talibani-traze-diplomatsko-priznanje-i-financijsku-pomoc-njemacke\\\/#primaryimage\"},\"thumbnailUrl\":\"https:\\\/\\\/radioljubuski.ba\\\/wp-content\\\/uploads\\\/2021\\\/09\\\/1525644.jpeg\",\"articleSection\":[\"BIH i regija\"],\"inLanguage\":\"hr\"},{\"@type\":\"WebPage\",\"@id\":\"https:\\\/\\\/radioljubuski.ba\\\/index.php\\\/2021\\\/09\\\/06\\\/talibani-traze-diplomatsko-priznanje-i-financijsku-pomoc-njemacke\\\/\",\"url\":\"https:\\\/\\\/radioljubuski.ba\\\/index.php\\\/2021\\\/09\\\/06\\\/talibani-traze-diplomatsko-priznanje-i-financijsku-pomoc-njemacke\\\/\",\"name\":\"Talibani tra\u017ee diplomatsko priznanje i financijsku pomo\u0107 Njema\u010dke - RADIO LJUBU\u0160KI\",\"isPartOf\":{\"@id\":\"https:\\\/\\\/radioljubuski.ba\\\/#website\"},\"primaryImageOfPage\":{\"@id\":\"https:\\\/\\\/radioljubuski.ba\\\/index.php\\\/2021\\\/09\\\/06\\\/talibani-traze-diplomatsko-priznanje-i-financijsku-pomoc-njemacke\\\/#primaryimage\"},\"image\":{\"@id\":\"https:\\\/\\\/radioljubuski.ba\\\/index.php\\\/2021\\\/09\\\/06\\\/talibani-traze-diplomatsko-priznanje-i-financijsku-pomoc-njemacke\\\/#primaryimage\"},\"thumbnailUrl\":\"https:\\\/\\\/radioljubuski.ba\\\/wp-content\\\/uploads\\\/2021\\\/09\\\/1525644.jpeg\",\"datePublished\":\"2021-09-05T23:31:42+00:00\",\"dateModified\":\"2021-09-05T23:31:43+00:00\",\"breadcrumb\":{\"@id\":\"https:\\\/\\\/radioljubuski.ba\\\/index.php\\\/2021\\\/09\\\/06\\\/talibani-traze-diplomatsko-priznanje-i-financijsku-pomoc-njemacke\\\/#breadcrumb\"},\"inLanguage\":\"hr\",\"potentialAction\":[{\"@type\":\"ReadAction\",\"target\":[\"https:\\\/\\\/radioljubuski.ba\\\/index.php\\\/2021\\\/09\\\/06\\\/talibani-traze-diplomatsko-priznanje-i-financijsku-pomoc-njemacke\\\/\"]}]},{\"@type\":\"ImageObject\",\"inLanguage\":\"hr\",\"@id\":\"https:\\\/\\\/radioljubuski.ba\\\/index.php\\\/2021\\\/09\\\/06\\\/talibani-traze-diplomatsko-priznanje-i-financijsku-pomoc-njemacke\\\/#primaryimage\",\"url\":\"https:\\\/\\\/radioljubuski.ba\\\/wp-content\\\/uploads\\\/2021\\\/09\\\/1525644.jpeg\",\"contentUrl\":\"https:\\\/\\\/radioljubuski.ba\\\/wp-content\\\/uploads\\\/2021\\\/09\\\/1525644.jpeg\",\"width\":900,\"height\":540},{\"@type\":\"BreadcrumbList\",\"@id\":\"https:\\\/\\\/radioljubuski.ba\\\/index.php\\\/2021\\\/09\\\/06\\\/talibani-traze-diplomatsko-priznanje-i-financijsku-pomoc-njemacke\\\/#breadcrumb\",\"itemListElement\":[{\"@type\":\"ListItem\",\"position\":1,\"name\":\"Po\u010detna stranica\",\"item\":\"https:\\\/\\\/radioljubuski.ba\\\/\"},{\"@type\":\"ListItem\",\"position\":2,\"name\":\"Talibani tra\u017ee diplomatsko priznanje i financijsku pomo\u0107 Njema\u010dke\"}]},{\"@type\":\"WebSite\",\"@id\":\"https:\\\/\\\/radioljubuski.ba\\\/#website\",\"url\":\"https:\\\/\\\/radioljubuski.ba\\\/\",\"name\":\"Radio Ljubu\u0161ki\",\"description\":\"Sun\u010dana frekvencija Hercegovine\",\"publisher\":{\"@id\":\"https:\\\/\\\/radioljubuski.ba\\\/#organization\"},\"potentialAction\":[{\"@type\":\"SearchAction\",\"target\":{\"@type\":\"EntryPoint\",\"urlTemplate\":\"https:\\\/\\\/radioljubuski.ba\\\/?s={search_term_string}\"},\"query-input\":{\"@type\":\"PropertyValueSpecification\",\"valueRequired\":true,\"valueName\":\"search_term_string\"}}],\"inLanguage\":\"hr\"},{\"@type\":\"Organization\",\"@id\":\"https:\\\/\\\/radioljubuski.ba\\\/#organization\",\"name\":\"Radio Ljubu\u0161ki\",\"url\":\"https:\\\/\\\/radioljubuski.ba\\\/\",\"logo\":{\"@type\":\"ImageObject\",\"inLanguage\":\"hr\",\"@id\":\"https:\\\/\\\/radioljubuski.ba\\\/#\\\/schema\\\/logo\\\/image\\\/\",\"url\":\"https:\\\/\\\/radioljubuski.ba\\\/wp-content\\\/uploads\\\/2021\\\/02\\\/cropped-Radio_Ljubuski_logo1.jpg\",\"contentUrl\":\"https:\\\/\\\/radioljubuski.ba\\\/wp-content\\\/uploads\\\/2021\\\/02\\\/cropped-Radio_Ljubuski_logo1.jpg\",\"width\":512,\"height\":512,\"caption\":\"Radio Ljubu\u0161ki\"},\"image\":{\"@id\":\"https:\\\/\\\/radioljubuski.ba\\\/#\\\/schema\\\/logo\\\/image\\\/\"},\"sameAs\":[\"https:\\\/\\\/www.facebook.com\\\/Radiio-Ljubuski-1490835324566332\",\"https:\\\/\\\/x.com\\\/radioljubuski\",\"https:\\\/\\\/hr.linkedin.com\\\/company\\\/radio-ljubuski\",\"https:\\\/\\\/www.youtube.com\\\/channel\\\/UCHYaeO_n0Db3tjNGudGpXyw\"]},{\"@type\":\"Person\",\"@id\":\"https:\\\/\\\/radioljubuski.ba\\\/#\\\/schema\\\/person\\\/19fc700381a780f69665d7956c469e3b\",\"name\":\"Radio Ljubu\u0161ki\"}]}<\/script>\n<!-- \/ Yoast SEO plugin. -->","yoast_head_json":{"title":"Talibani tra\u017ee diplomatsko priznanje i financijsku pomo\u0107 Njema\u010dke - RADIO LJUBU\u0160KI","robots":{"index":"index","follow":"follow","max-snippet":"max-snippet:-1","max-image-preview":"max-image-preview:large","max-video-preview":"max-video-preview:-1"},"canonical":"https:\/\/radioljubuski.ba\/index.php\/2021\/09\/06\/talibani-traze-diplomatsko-priznanje-i-financijsku-pomoc-njemacke\/","og_locale":"hr_HR","og_type":"article","og_title":"Talibani tra\u017ee diplomatsko priznanje i financijsku pomo\u0107 Njema\u010dke - RADIO LJUBU\u0160KI","og_description":"Talibani, novi vladari Afganistana, \u017eele diplomatsko priznanje i financijsku pomo\u0107 Njema\u010dke, kazao je glasnogovornik islamisti\u010dkog pokreta u intervjuu za njema\u010dki list od nedjelje. &#8220;\u017delimo jake i slu\u017ebene diplomatske odnose s Njema\u010dkom&#8221;, rekao je&nbsp;Zabihullah Mujahid&nbsp;za Welt am Sonntag. Talibani \u017eele i financijsku te humanitarnu pomo\u0107 Berlina kao i suradnju u zdravstvu, poljoprivredi i obrazovanju. Takvu vrstu [&hellip;]","og_url":"https:\/\/radioljubuski.ba\/index.php\/2021\/09\/06\/talibani-traze-diplomatsko-priznanje-i-financijsku-pomoc-njemacke\/","og_site_name":"RADIO LJUBU\u0160KI","article_publisher":"https:\/\/www.facebook.com\/Radiio-Ljubuski-1490835324566332","article_published_time":"2021-09-05T23:31:42+00:00","article_modified_time":"2021-09-05T23:31:43+00:00","og_image":[{"width":900,"height":540,"url":"https:\/\/radioljubuski.ba\/wp-content\/uploads\/2021\/09\/1525644.jpeg","type":"image\/jpeg"}],"author":"Radio Ljubu\u0161ki","twitter_card":"summary_large_image","twitter_creator":"@radioljubuski","twitter_site":"@radioljubuski","twitter_misc":{"Napisao\/la":"Radio Ljubu\u0161ki","Procijenjeno vrijeme \u010ditanja":"2 minute"},"schema":{"@context":"https:\/\/schema.org","@graph":[{"@type":"Article","@id":"https:\/\/radioljubuski.ba\/index.php\/2021\/09\/06\/talibani-traze-diplomatsko-priznanje-i-financijsku-pomoc-njemacke\/#article","isPartOf":{"@id":"https:\/\/radioljubuski.ba\/index.php\/2021\/09\/06\/talibani-traze-diplomatsko-priznanje-i-financijsku-pomoc-njemacke\/"},"author":{"name":"Radio Ljubu\u0161ki","@id":"https:\/\/radioljubuski.ba\/#\/schema\/person\/19fc700381a780f69665d7956c469e3b"},"headline":"Talibani tra\u017ee diplomatsko priznanje i financijsku pomo\u0107 Njema\u010dke","datePublished":"2021-09-05T23:31:42+00:00","dateModified":"2021-09-05T23:31:43+00:00","mainEntityOfPage":{"@id":"https:\/\/radioljubuski.ba\/index.php\/2021\/09\/06\/talibani-traze-diplomatsko-priznanje-i-financijsku-pomoc-njemacke\/"},"wordCount":282,"publisher":{"@id":"https:\/\/radioljubuski.ba\/#organization"},"image":{"@id":"https:\/\/radioljubuski.ba\/index.php\/2021\/09\/06\/talibani-traze-diplomatsko-priznanje-i-financijsku-pomoc-njemacke\/#primaryimage"},"thumbnailUrl":"https:\/\/radioljubuski.ba\/wp-content\/uploads\/2021\/09\/1525644.jpeg","articleSection":["BIH i regija"],"inLanguage":"hr"},{"@type":"WebPage","@id":"https:\/\/radioljubuski.ba\/index.php\/2021\/09\/06\/talibani-traze-diplomatsko-priznanje-i-financijsku-pomoc-njemacke\/","url":"https:\/\/radioljubuski.ba\/index.php\/2021\/09\/06\/talibani-traze-diplomatsko-priznanje-i-financijsku-pomoc-njemacke\/","name":"Talibani tra\u017ee diplomatsko priznanje i financijsku pomo\u0107 Njema\u010dke - RADIO LJUBU\u0160KI","isPartOf":{"@id":"https:\/\/radioljubuski.ba\/#website"},"primaryImageOfPage":{"@id":"https:\/\/radioljubuski.ba\/index.php\/2021\/09\/06\/talibani-traze-diplomatsko-priznanje-i-financijsku-pomoc-njemacke\/#primaryimage"},"image":{"@id":"https:\/\/radioljubuski.ba\/index.php\/2021\/09\/06\/talibani-traze-diplomatsko-priznanje-i-financijsku-pomoc-njemacke\/#primaryimage"},"thumbnailUrl":"https:\/\/radioljubuski.ba\/wp-content\/uploads\/2021\/09\/1525644.jpeg","datePublished":"2021-09-05T23:31:42+00:00","dateModified":"2021-09-05T23:31:43+00:00","breadcrumb":{"@id":"https:\/\/radioljubuski.ba\/index.php\/2021\/09\/06\/talibani-traze-diplomatsko-priznanje-i-financijsku-pomoc-njemacke\/#breadcrumb"},"inLanguage":"hr","potentialAction":[{"@type":"ReadAction","target":["https:\/\/radioljubuski.ba\/index.php\/2021\/09\/06\/talibani-traze-diplomatsko-priznanje-i-financijsku-pomoc-njemacke\/"]}]},{"@type":"ImageObject","inLanguage":"hr","@id":"https:\/\/radioljubuski.ba\/index.php\/2021\/09\/06\/talibani-traze-diplomatsko-priznanje-i-financijsku-pomoc-njemacke\/#primaryimage","url":"https:\/\/radioljubuski.ba\/wp-content\/uploads\/2021\/09\/1525644.jpeg","contentUrl":"https:\/\/radioljubuski.ba\/wp-content\/uploads\/2021\/09\/1525644.jpeg","width":900,"height":540},{"@type":"BreadcrumbList","@id":"https:\/\/radioljubuski.ba\/index.php\/2021\/09\/06\/talibani-traze-diplomatsko-priznanje-i-financijsku-pomoc-njemacke\/#breadcrumb","itemListElement":[{"@type":"ListItem","position":1,"name":"Po\u010detna stranica","item":"https:\/\/radioljubuski.ba\/"},{"@type":"ListItem","position":2,"name":"Talibani tra\u017ee diplomatsko priznanje i financijsku pomo\u0107 Njema\u010dke"}]},{"@type":"WebSite","@id":"https:\/\/radioljubuski.ba\/#website","url":"https:\/\/radioljubuski.ba\/","name":"Radio Ljubu\u0161ki","description":"Sun\u010dana frekvencija Hercegovine","publisher":{"@id":"https:\/\/radioljubuski.ba\/#organization"},"potentialAction":[{"@type":"SearchAction","target":{"@type":"EntryPoint","urlTemplate":"https:\/\/radioljubuski.ba\/?s={search_term_string}"},"query-input":{"@type":"PropertyValueSpecification","valueRequired":true,"valueName":"search_term_string"}}],"inLanguage":"hr"},{"@type":"Organization","@id":"https:\/\/radioljubuski.ba\/#organization","name":"Radio Ljubu\u0161ki","url":"https:\/\/radioljubuski.ba\/","logo":{"@type":"ImageObject","inLanguage":"hr","@id":"https:\/\/radioljubuski.ba\/#\/schema\/logo\/image\/","url":"https:\/\/radioljubuski.ba\/wp-content\/uploads\/2021\/02\/cropped-Radio_Ljubuski_logo1.jpg","contentUrl":"https:\/\/radioljubuski.ba\/wp-content\/uploads\/2021\/02\/cropped-Radio_Ljubuski_logo1.jpg","width":512,"height":512,"caption":"Radio Ljubu\u0161ki"},"image":{"@id":"https:\/\/radioljubuski.ba\/#\/schema\/logo\/image\/"},"sameAs":["https:\/\/www.facebook.com\/Radiio-Ljubuski-1490835324566332","https:\/\/x.com\/radioljubuski","https:\/\/hr.linkedin.com\/company\/radio-ljubuski","https:\/\/www.youtube.com\/channel\/UCHYaeO_n0Db3tjNGudGpXyw"]},{"@type":"Person","@id":"https:\/\/radioljubuski.ba\/#\/schema\/person\/19fc700381a780f69665d7956c469e3b","name":"Radio Ljubu\u0161ki"}]}},"_links":{"self":[{"href":"https:\/\/radioljubuski.ba\/index.php\/wp-json\/wp\/v2\/posts\/61600","targetHints":{"allow":["GET"]}}],"collection":[{"href":"https:\/\/radioljubuski.ba\/index.php\/wp-json\/wp\/v2\/posts"}],"about":[{"href":"https:\/\/radioljubuski.ba\/index.php\/wp-json\/wp\/v2\/types\/post"}],"author":[{"embeddable":true,"href":"https:\/\/radioljubuski.ba\/index.php\/wp-json\/wp\/v2\/users\/2"}],"replies":[{"embeddable":true,"href":"https:\/\/radioljubuski.ba\/index.php\/wp-json\/wp\/v2\/comments?post=61600"}],"version-history":[{"count":1,"href":"https:\/\/radioljubuski.ba\/index.php\/wp-json\/wp\/v2\/posts\/61600\/revisions"}],"predecessor-version":[{"id":61602,"href":"https:\/\/radioljubuski.ba\/index.php\/wp-json\/wp\/v2\/posts\/61600\/revisions\/61602"}],"wp:featuredmedia":[{"embeddable":true,"href":"https:\/\/radioljubuski.ba\/index.php\/wp-json\/wp\/v2\/media\/61601"}],"wp:attachment":[{"href":"https:\/\/radioljubuski.ba\/index.php\/wp-json\/wp\/v2\/media?parent=61600"}],"wp:term":[{"taxonomy":"category","embeddable":true,"href":"https:\/\/radioljubuski.ba\/index.php\/wp-json\/wp\/v2\/categories?post=61600"},{"taxonomy":"post_tag","embeddable":true,"href":"https:\/\/radioljubuski.ba\/index.php\/wp-json\/wp\/v2\/tags?post=61600"}],"curies":[{"name":"wp","href":"https:\/\/api.w.org\/{rel}","templated":true}]}}