{"id":61622,"date":"2021-09-06T00:45:44","date_gmt":"2021-09-05T23:45:44","guid":{"rendered":"https:\/\/radioljubuski.ba\/?p=61622"},"modified":"2021-09-06T00:45:45","modified_gmt":"2021-09-05T23:45:45","slug":"uhiceno-13-osoba-u-novom-sadu","status":"publish","type":"post","link":"https:\/\/radioljubuski.ba\/index.php\/2021\/09\/06\/uhiceno-13-osoba-u-novom-sadu\/","title":{"rendered":"Uhi\u0107eno 13 osoba u Novom Sadu"},"content":{"rendered":"\n<p>Pripadnici Ministarstva unutarnjih poslova Srbije, brzom i efikasnom akcijom za manje od 48 sati rasvijetlili su te\u0161ko ubojstvo koje se dogodilo u Novom Sadu, pi\u0161e Kurir.<\/p>\n\n\n\n<p>U opse\u017enoj akciji sprovedenoj na teritoriji Novog Sada, u suradnji sa javnim tu\u017eiteljstvom, policija je uhitila 13 osoba i zaplijenila narkotike, oru\u017eje, municiju, osam vozila i 50. 000 eura.<\/p>\n\n\n\n<p>Rano jutros operativcima se pridru\u017eio ministar policije Aleksandar Vulin.<\/p>\n\n\n\n<p>Vulin je rekao je da je ovo kazneno djelo uznemirilo gra\u0111ane, ali da sa ponosom mo\u017ee da istakne da ga je policija rasvijetlila za manje od 48 sati.<\/p>\n\n\n\n<p>&#8211; Te\u0161ko ubojstvo Uro\u0161a Stefanovi\u0107a i ranjavanje Gorana Kova\u010devi\u0107a Goranca s pravom je uznemirilo ne samo novosadsku ve\u0107 i cjelokupnu javnost Srbije. Ali sa ponosom mogu da ka\u017eem, zahvaljuju\u0107i upornom, marljivom i predanom radu pripadnika Policijske uprave Novi Sad, Uprave kriminalisti\u010dke policije, Slu\u017ebe za borbu protiv organiziranog kriminala, SAJ-a, policije i naravno tu\u017eiteljstva, mo\u017eemo da ka\u017eemo da smo rasvijetlili ovo ubojstvo &#8211; rekao je Vulin.<\/p>\n\n\n\n<p>On je rekao da se nada da \u0107e se svi oni koji su sumnjali u policiju i tu\u017eiteljstvo, koji su sumnjali u dr\u017eavu, danas bar malo postidjeti.<\/p>\n\n\n\n<p>&#8211; Svim gra\u0111anima Novog Sada i Srbije \u010destitam ovakvu policiju i ovakvo tu\u017eiteljstvo. Mi smo sigurna zemlja &#8211; poru\u010dio je ministar Vulin.<\/p>\n\n\n\n<p>Izvor:kurir.rs<\/p>\n","protected":false},"excerpt":{"rendered":"<p>Pripadnici Ministarstva unutarnjih poslova Srbije, brzom i efikasnom akcijom za manje od 48 sati rasvijetlili su te\u0161ko ubojstvo koje se dogodilo u Novom Sadu, pi\u0161e Kurir. U opse\u017enoj akciji sprovedenoj na teritoriji Novog Sada, u suradnji sa javnim tu\u017eiteljstvom, policija je uhitila 13 osoba i zaplijenila narkotike, oru\u017eje, municiju, osam vozila i 50. 000 eura. [&hellip;]<\/p>\n","protected":false},"author":2,"featured_media":61623,"comment_status":"closed","ping_status":"closed","sticky":false,"template":"","format":"standard","meta":{"h5ap_radio_sources":[],"footnotes":""},"categories":[1],"tags":[],"class_list":["post-61622","post","type-post","status-publish","format-standard","has-post-thumbnail","hentry","category-bihiregija"],"yoast_head":"<!-- This site is optimized with the Yoast SEO plugin v27.5 - https:\/\/yoast.com\/product\/yoast-seo-wordpress\/ -->\n<title>Uhi\u0107eno 13 osoba u Novom Sadu - RADIO LJUBU\u0160KI<\/title>\n<meta name=\"robots\" content=\"index, follow, max-snippet:-1, max-image-preview:large, max-video-preview:-1\" \/>\n<link rel=\"canonical\" href=\"https:\/\/radioljubuski.ba\/index.php\/2021\/09\/06\/uhiceno-13-osoba-u-novom-sadu\/\" \/>\n<meta property=\"og:locale\" content=\"hr_HR\" \/>\n<meta property=\"og:type\" content=\"article\" \/>\n<meta property=\"og:title\" content=\"Uhi\u0107eno 13 osoba u Novom Sadu - RADIO LJUBU\u0160KI\" \/>\n<meta property=\"og:description\" content=\"Pripadnici Ministarstva unutarnjih poslova Srbije, brzom i efikasnom akcijom za manje od 48 sati rasvijetlili su te\u0161ko ubojstvo koje se dogodilo u Novom Sadu, pi\u0161e Kurir. U opse\u017enoj akciji sprovedenoj na teritoriji Novog Sada, u suradnji sa javnim tu\u017eiteljstvom, policija je uhitila 13 osoba i zaplijenila narkotike, oru\u017eje, municiju, osam vozila i 50. 000 eura. [&hellip;]\" \/>\n<meta property=\"og:url\" content=\"https:\/\/radioljubuski.ba\/index.php\/2021\/09\/06\/uhiceno-13-osoba-u-novom-sadu\/\" \/>\n<meta property=\"og:site_name\" content=\"RADIO LJUBU\u0160KI\" \/>\n<meta property=\"article:publisher\" content=\"https:\/\/www.facebook.com\/Radiio-Ljubuski-1490835324566332\" \/>\n<meta property=\"article:published_time\" content=\"2021-09-05T23:45:44+00:00\" \/>\n<meta property=\"article:modified_time\" content=\"2021-09-05T23:45:45+00:00\" \/>\n<meta property=\"og:image\" content=\"https:\/\/radioljubuski.ba\/wp-content\/uploads\/2021\/09\/9-2021-09-05-15-24-19-avazze.jpg\" \/>\n\t<meta property=\"og:image:width\" content=\"1000\" \/>\n\t<meta property=\"og:image:height\" content=\"625\" \/>\n\t<meta property=\"og:image:type\" content=\"image\/jpeg\" \/>\n<meta name=\"author\" content=\"Radio Ljubu\u0161ki\" \/>\n<meta name=\"twitter:card\" content=\"summary_large_image\" \/>\n<meta name=\"twitter:creator\" content=\"@radioljubuski\" \/>\n<meta name=\"twitter:site\" content=\"@radioljubuski\" \/>\n<meta name=\"twitter:label1\" content=\"Napisao\/la\" \/>\n\t<meta name=\"twitter:data1\" content=\"Radio Ljubu\u0161ki\" \/>\n\t<meta name=\"twitter:label2\" content=\"Procijenjeno vrijeme \u010ditanja\" \/>\n\t<meta name=\"twitter:data2\" content=\"1 minuta\" \/>\n<script type=\"application\/ld+json\" class=\"yoast-schema-graph\">{\"@context\":\"https:\\\/\\\/schema.org\",\"@graph\":[{\"@type\":\"Article\",\"@id\":\"https:\\\/\\\/radioljubuski.ba\\\/index.php\\\/2021\\\/09\\\/06\\\/uhiceno-13-osoba-u-novom-sadu\\\/#article\",\"isPartOf\":{\"@id\":\"https:\\\/\\\/radioljubuski.ba\\\/index.php\\\/2021\\\/09\\\/06\\\/uhiceno-13-osoba-u-novom-sadu\\\/\"},\"author\":{\"name\":\"Radio Ljubu\u0161ki\",\"@id\":\"https:\\\/\\\/radioljubuski.ba\\\/#\\\/schema\\\/person\\\/19fc700381a780f69665d7956c469e3b\"},\"headline\":\"Uhi\u0107eno 13 osoba u Novom Sadu\",\"datePublished\":\"2021-09-05T23:45:44+00:00\",\"dateModified\":\"2021-09-05T23:45:45+00:00\",\"mainEntityOfPage\":{\"@id\":\"https:\\\/\\\/radioljubuski.ba\\\/index.php\\\/2021\\\/09\\\/06\\\/uhiceno-13-osoba-u-novom-sadu\\\/\"},\"wordCount\":235,\"publisher\":{\"@id\":\"https:\\\/\\\/radioljubuski.ba\\\/#organization\"},\"image\":{\"@id\":\"https:\\\/\\\/radioljubuski.ba\\\/index.php\\\/2021\\\/09\\\/06\\\/uhiceno-13-osoba-u-novom-sadu\\\/#primaryimage\"},\"thumbnailUrl\":\"https:\\\/\\\/radioljubuski.ba\\\/wp-content\\\/uploads\\\/2021\\\/09\\\/9-2021-09-05-15-24-19-avazze.jpg\",\"articleSection\":[\"BIH i regija\"],\"inLanguage\":\"hr\"},{\"@type\":\"WebPage\",\"@id\":\"https:\\\/\\\/radioljubuski.ba\\\/index.php\\\/2021\\\/09\\\/06\\\/uhiceno-13-osoba-u-novom-sadu\\\/\",\"url\":\"https:\\\/\\\/radioljubuski.ba\\\/index.php\\\/2021\\\/09\\\/06\\\/uhiceno-13-osoba-u-novom-sadu\\\/\",\"name\":\"Uhi\u0107eno 13 osoba u Novom Sadu - RADIO LJUBU\u0160KI\",\"isPartOf\":{\"@id\":\"https:\\\/\\\/radioljubuski.ba\\\/#website\"},\"primaryImageOfPage\":{\"@id\":\"https:\\\/\\\/radioljubuski.ba\\\/index.php\\\/2021\\\/09\\\/06\\\/uhiceno-13-osoba-u-novom-sadu\\\/#primaryimage\"},\"image\":{\"@id\":\"https:\\\/\\\/radioljubuski.ba\\\/index.php\\\/2021\\\/09\\\/06\\\/uhiceno-13-osoba-u-novom-sadu\\\/#primaryimage\"},\"thumbnailUrl\":\"https:\\\/\\\/radioljubuski.ba\\\/wp-content\\\/uploads\\\/2021\\\/09\\\/9-2021-09-05-15-24-19-avazze.jpg\",\"datePublished\":\"2021-09-05T23:45:44+00:00\",\"dateModified\":\"2021-09-05T23:45:45+00:00\",\"breadcrumb\":{\"@id\":\"https:\\\/\\\/radioljubuski.ba\\\/index.php\\\/2021\\\/09\\\/06\\\/uhiceno-13-osoba-u-novom-sadu\\\/#breadcrumb\"},\"inLanguage\":\"hr\",\"potentialAction\":[{\"@type\":\"ReadAction\",\"target\":[\"https:\\\/\\\/radioljubuski.ba\\\/index.php\\\/2021\\\/09\\\/06\\\/uhiceno-13-osoba-u-novom-sadu\\\/\"]}]},{\"@type\":\"ImageObject\",\"inLanguage\":\"hr\",\"@id\":\"https:\\\/\\\/radioljubuski.ba\\\/index.php\\\/2021\\\/09\\\/06\\\/uhiceno-13-osoba-u-novom-sadu\\\/#primaryimage\",\"url\":\"https:\\\/\\\/radioljubuski.ba\\\/wp-content\\\/uploads\\\/2021\\\/09\\\/9-2021-09-05-15-24-19-avazze.jpg\",\"contentUrl\":\"https:\\\/\\\/radioljubuski.ba\\\/wp-content\\\/uploads\\\/2021\\\/09\\\/9-2021-09-05-15-24-19-avazze.jpg\",\"width\":1000,\"height\":625},{\"@type\":\"BreadcrumbList\",\"@id\":\"https:\\\/\\\/radioljubuski.ba\\\/index.php\\\/2021\\\/09\\\/06\\\/uhiceno-13-osoba-u-novom-sadu\\\/#breadcrumb\",\"itemListElement\":[{\"@type\":\"ListItem\",\"position\":1,\"name\":\"Po\u010detna stranica\",\"item\":\"https:\\\/\\\/radioljubuski.ba\\\/\"},{\"@type\":\"ListItem\",\"position\":2,\"name\":\"Uhi\u0107eno 13 osoba u Novom Sadu\"}]},{\"@type\":\"WebSite\",\"@id\":\"https:\\\/\\\/radioljubuski.ba\\\/#website\",\"url\":\"https:\\\/\\\/radioljubuski.ba\\\/\",\"name\":\"Radio Ljubu\u0161ki\",\"description\":\"Sun\u010dana frekvencija Hercegovine\",\"publisher\":{\"@id\":\"https:\\\/\\\/radioljubuski.ba\\\/#organization\"},\"potentialAction\":[{\"@type\":\"SearchAction\",\"target\":{\"@type\":\"EntryPoint\",\"urlTemplate\":\"https:\\\/\\\/radioljubuski.ba\\\/?s={search_term_string}\"},\"query-input\":{\"@type\":\"PropertyValueSpecification\",\"valueRequired\":true,\"valueName\":\"search_term_string\"}}],\"inLanguage\":\"hr\"},{\"@type\":\"Organization\",\"@id\":\"https:\\\/\\\/radioljubuski.ba\\\/#organization\",\"name\":\"Radio Ljubu\u0161ki\",\"url\":\"https:\\\/\\\/radioljubuski.ba\\\/\",\"logo\":{\"@type\":\"ImageObject\",\"inLanguage\":\"hr\",\"@id\":\"https:\\\/\\\/radioljubuski.ba\\\/#\\\/schema\\\/logo\\\/image\\\/\",\"url\":\"https:\\\/\\\/radioljubuski.ba\\\/wp-content\\\/uploads\\\/2021\\\/02\\\/cropped-Radio_Ljubuski_logo1.jpg\",\"contentUrl\":\"https:\\\/\\\/radioljubuski.ba\\\/wp-content\\\/uploads\\\/2021\\\/02\\\/cropped-Radio_Ljubuski_logo1.jpg\",\"width\":512,\"height\":512,\"caption\":\"Radio Ljubu\u0161ki\"},\"image\":{\"@id\":\"https:\\\/\\\/radioljubuski.ba\\\/#\\\/schema\\\/logo\\\/image\\\/\"},\"sameAs\":[\"https:\\\/\\\/www.facebook.com\\\/Radiio-Ljubuski-1490835324566332\",\"https:\\\/\\\/x.com\\\/radioljubuski\",\"https:\\\/\\\/hr.linkedin.com\\\/company\\\/radio-ljubuski\",\"https:\\\/\\\/www.youtube.com\\\/channel\\\/UCHYaeO_n0Db3tjNGudGpXyw\"]},{\"@type\":\"Person\",\"@id\":\"https:\\\/\\\/radioljubuski.ba\\\/#\\\/schema\\\/person\\\/19fc700381a780f69665d7956c469e3b\",\"name\":\"Radio Ljubu\u0161ki\"}]}<\/script>\n<!-- \/ Yoast SEO plugin. -->","yoast_head_json":{"title":"Uhi\u0107eno 13 osoba u Novom Sadu - RADIO LJUBU\u0160KI","robots":{"index":"index","follow":"follow","max-snippet":"max-snippet:-1","max-image-preview":"max-image-preview:large","max-video-preview":"max-video-preview:-1"},"canonical":"https:\/\/radioljubuski.ba\/index.php\/2021\/09\/06\/uhiceno-13-osoba-u-novom-sadu\/","og_locale":"hr_HR","og_type":"article","og_title":"Uhi\u0107eno 13 osoba u Novom Sadu - RADIO LJUBU\u0160KI","og_description":"Pripadnici Ministarstva unutarnjih poslova Srbije, brzom i efikasnom akcijom za manje od 48 sati rasvijetlili su te\u0161ko ubojstvo koje se dogodilo u Novom Sadu, pi\u0161e Kurir. U opse\u017enoj akciji sprovedenoj na teritoriji Novog Sada, u suradnji sa javnim tu\u017eiteljstvom, policija je uhitila 13 osoba i zaplijenila narkotike, oru\u017eje, municiju, osam vozila i 50. 000 eura. [&hellip;]","og_url":"https:\/\/radioljubuski.ba\/index.php\/2021\/09\/06\/uhiceno-13-osoba-u-novom-sadu\/","og_site_name":"RADIO LJUBU\u0160KI","article_publisher":"https:\/\/www.facebook.com\/Radiio-Ljubuski-1490835324566332","article_published_time":"2021-09-05T23:45:44+00:00","article_modified_time":"2021-09-05T23:45:45+00:00","og_image":[{"width":1000,"height":625,"url":"https:\/\/radioljubuski.ba\/wp-content\/uploads\/2021\/09\/9-2021-09-05-15-24-19-avazze.jpg","type":"image\/jpeg"}],"author":"Radio Ljubu\u0161ki","twitter_card":"summary_large_image","twitter_creator":"@radioljubuski","twitter_site":"@radioljubuski","twitter_misc":{"Napisao\/la":"Radio Ljubu\u0161ki","Procijenjeno vrijeme \u010ditanja":"1 minuta"},"schema":{"@context":"https:\/\/schema.org","@graph":[{"@type":"Article","@id":"https:\/\/radioljubuski.ba\/index.php\/2021\/09\/06\/uhiceno-13-osoba-u-novom-sadu\/#article","isPartOf":{"@id":"https:\/\/radioljubuski.ba\/index.php\/2021\/09\/06\/uhiceno-13-osoba-u-novom-sadu\/"},"author":{"name":"Radio Ljubu\u0161ki","@id":"https:\/\/radioljubuski.ba\/#\/schema\/person\/19fc700381a780f69665d7956c469e3b"},"headline":"Uhi\u0107eno 13 osoba u Novom Sadu","datePublished":"2021-09-05T23:45:44+00:00","dateModified":"2021-09-05T23:45:45+00:00","mainEntityOfPage":{"@id":"https:\/\/radioljubuski.ba\/index.php\/2021\/09\/06\/uhiceno-13-osoba-u-novom-sadu\/"},"wordCount":235,"publisher":{"@id":"https:\/\/radioljubuski.ba\/#organization"},"image":{"@id":"https:\/\/radioljubuski.ba\/index.php\/2021\/09\/06\/uhiceno-13-osoba-u-novom-sadu\/#primaryimage"},"thumbnailUrl":"https:\/\/radioljubuski.ba\/wp-content\/uploads\/2021\/09\/9-2021-09-05-15-24-19-avazze.jpg","articleSection":["BIH i regija"],"inLanguage":"hr"},{"@type":"WebPage","@id":"https:\/\/radioljubuski.ba\/index.php\/2021\/09\/06\/uhiceno-13-osoba-u-novom-sadu\/","url":"https:\/\/radioljubuski.ba\/index.php\/2021\/09\/06\/uhiceno-13-osoba-u-novom-sadu\/","name":"Uhi\u0107eno 13 osoba u Novom Sadu - RADIO LJUBU\u0160KI","isPartOf":{"@id":"https:\/\/radioljubuski.ba\/#website"},"primaryImageOfPage":{"@id":"https:\/\/radioljubuski.ba\/index.php\/2021\/09\/06\/uhiceno-13-osoba-u-novom-sadu\/#primaryimage"},"image":{"@id":"https:\/\/radioljubuski.ba\/index.php\/2021\/09\/06\/uhiceno-13-osoba-u-novom-sadu\/#primaryimage"},"thumbnailUrl":"https:\/\/radioljubuski.ba\/wp-content\/uploads\/2021\/09\/9-2021-09-05-15-24-19-avazze.jpg","datePublished":"2021-09-05T23:45:44+00:00","dateModified":"2021-09-05T23:45:45+00:00","breadcrumb":{"@id":"https:\/\/radioljubuski.ba\/index.php\/2021\/09\/06\/uhiceno-13-osoba-u-novom-sadu\/#breadcrumb"},"inLanguage":"hr","potentialAction":[{"@type":"ReadAction","target":["https:\/\/radioljubuski.ba\/index.php\/2021\/09\/06\/uhiceno-13-osoba-u-novom-sadu\/"]}]},{"@type":"ImageObject","inLanguage":"hr","@id":"https:\/\/radioljubuski.ba\/index.php\/2021\/09\/06\/uhiceno-13-osoba-u-novom-sadu\/#primaryimage","url":"https:\/\/radioljubuski.ba\/wp-content\/uploads\/2021\/09\/9-2021-09-05-15-24-19-avazze.jpg","contentUrl":"https:\/\/radioljubuski.ba\/wp-content\/uploads\/2021\/09\/9-2021-09-05-15-24-19-avazze.jpg","width":1000,"height":625},{"@type":"BreadcrumbList","@id":"https:\/\/radioljubuski.ba\/index.php\/2021\/09\/06\/uhiceno-13-osoba-u-novom-sadu\/#breadcrumb","itemListElement":[{"@type":"ListItem","position":1,"name":"Po\u010detna stranica","item":"https:\/\/radioljubuski.ba\/"},{"@type":"ListItem","position":2,"name":"Uhi\u0107eno 13 osoba u Novom Sadu"}]},{"@type":"WebSite","@id":"https:\/\/radioljubuski.ba\/#website","url":"https:\/\/radioljubuski.ba\/","name":"Radio Ljubu\u0161ki","description":"Sun\u010dana frekvencija Hercegovine","publisher":{"@id":"https:\/\/radioljubuski.ba\/#organization"},"potentialAction":[{"@type":"SearchAction","target":{"@type":"EntryPoint","urlTemplate":"https:\/\/radioljubuski.ba\/?s={search_term_string}"},"query-input":{"@type":"PropertyValueSpecification","valueRequired":true,"valueName":"search_term_string"}}],"inLanguage":"hr"},{"@type":"Organization","@id":"https:\/\/radioljubuski.ba\/#organization","name":"Radio Ljubu\u0161ki","url":"https:\/\/radioljubuski.ba\/","logo":{"@type":"ImageObject","inLanguage":"hr","@id":"https:\/\/radioljubuski.ba\/#\/schema\/logo\/image\/","url":"https:\/\/radioljubuski.ba\/wp-content\/uploads\/2021\/02\/cropped-Radio_Ljubuski_logo1.jpg","contentUrl":"https:\/\/radioljubuski.ba\/wp-content\/uploads\/2021\/02\/cropped-Radio_Ljubuski_logo1.jpg","width":512,"height":512,"caption":"Radio Ljubu\u0161ki"},"image":{"@id":"https:\/\/radioljubuski.ba\/#\/schema\/logo\/image\/"},"sameAs":["https:\/\/www.facebook.com\/Radiio-Ljubuski-1490835324566332","https:\/\/x.com\/radioljubuski","https:\/\/hr.linkedin.com\/company\/radio-ljubuski","https:\/\/www.youtube.com\/channel\/UCHYaeO_n0Db3tjNGudGpXyw"]},{"@type":"Person","@id":"https:\/\/radioljubuski.ba\/#\/schema\/person\/19fc700381a780f69665d7956c469e3b","name":"Radio Ljubu\u0161ki"}]}},"_links":{"self":[{"href":"https:\/\/radioljubuski.ba\/index.php\/wp-json\/wp\/v2\/posts\/61622","targetHints":{"allow":["GET"]}}],"collection":[{"href":"https:\/\/radioljubuski.ba\/index.php\/wp-json\/wp\/v2\/posts"}],"about":[{"href":"https:\/\/radioljubuski.ba\/index.php\/wp-json\/wp\/v2\/types\/post"}],"author":[{"embeddable":true,"href":"https:\/\/radioljubuski.ba\/index.php\/wp-json\/wp\/v2\/users\/2"}],"replies":[{"embeddable":true,"href":"https:\/\/radioljubuski.ba\/index.php\/wp-json\/wp\/v2\/comments?post=61622"}],"version-history":[{"count":1,"href":"https:\/\/radioljubuski.ba\/index.php\/wp-json\/wp\/v2\/posts\/61622\/revisions"}],"predecessor-version":[{"id":61624,"href":"https:\/\/radioljubuski.ba\/index.php\/wp-json\/wp\/v2\/posts\/61622\/revisions\/61624"}],"wp:featuredmedia":[{"embeddable":true,"href":"https:\/\/radioljubuski.ba\/index.php\/wp-json\/wp\/v2\/media\/61623"}],"wp:attachment":[{"href":"https:\/\/radioljubuski.ba\/index.php\/wp-json\/wp\/v2\/media?parent=61622"}],"wp:term":[{"taxonomy":"category","embeddable":true,"href":"https:\/\/radioljubuski.ba\/index.php\/wp-json\/wp\/v2\/categories?post=61622"},{"taxonomy":"post_tag","embeddable":true,"href":"https:\/\/radioljubuski.ba\/index.php\/wp-json\/wp\/v2\/tags?post=61622"}],"curies":[{"name":"wp","href":"https:\/\/api.w.org\/{rel}","templated":true}]}}