{"id":61709,"date":"2021-09-06T12:14:06","date_gmt":"2021-09-06T11:14:06","guid":{"rendered":"https:\/\/radioljubuski.ba\/?p=61709"},"modified":"2021-09-06T12:14:06","modified_gmt":"2021-09-06T11:14:06","slug":"priopcenje-inicijative-roditelja-roditelji-ne-dopustite-da-vasa-djeca-nose-maske-u-skolu-ako-to-ne-zelite","status":"publish","type":"post","link":"https:\/\/radioljubuski.ba\/index.php\/2021\/09\/06\/priopcenje-inicijative-roditelja-roditelji-ne-dopustite-da-vasa-djeca-nose-maske-u-skolu-ako-to-ne-zelite\/","title":{"rendered":"Priop\u0107enje Inicijative roditelja: \u201eRoditelji, ne dopustite da va\u0161a djeca nose maske u \u0161kolu ako to ne \u017eelite!\u201c"},"content":{"rendered":"\n<p>Inicijativa roditelja koja zahtijeva normalno \u0161kolovanje, pozdravlja odluke nadle\u017enih o po\u010detku nove \u0161kolske godine koja se u dobroj mjeri normalizira, gdje \u0107e sva djeca ponovno biti zajedno i \u0161kolski sat \u0107e opet trajati 45 minuta.<\/p>\n\n\n\n<p>Ovom prilikom progla\u0161avamo i pobjedu Inicijative roditelja u ovom dijelu na\u0161e borbe za normalno \u0161kolovanje, budu\u0107i da smo od po\u010detka ovih \u0161tetnih, nerazumnih i nelogi\u010dnih mjera raznim aktivnostima (ustavna tu\u017eba, peticija, medijski nastupi\u2026) vr\u0161ili pritisak na o\u0161tromjera\u0161e, te podizali svijest roditeljima o nepravdi koja se \u010dini njihovoj djeci i stvarali sustav organizirane i sustavne borbe za prava na\u0161e djece koja nam jam\u010di Ustav i zakoni BiH. <\/p>\n\n\n\n<p>Zato imamo pravo na ovu moralnu satisfakciju gdje je i na\u0161a borba doprinijela da do\u0111e do ovih pozitivnih pomaka glede po\u010detka nove \u0161kolske godine. Na\u0161a borba se nastavlja do potpune normalizacije \u0161kolske nastave u svim segmentima. Na\u0161a daljnja aktivnost bit \u0107e fokusirana na preostale nerazumne i \u0161tetne mjere, prvenstveno na obvezu no\u0161enja maske djece prilikom ulaska u \u0161kole i poni\u017eavaju\u0107eg mjerenja temperature koje spada u sferu nadrilije\u010dni\u0161tva (\u0161to je kazneno djelo\u2026) koje stvara psihozu nesigurnosti i strah kod djece.<\/p>\n\n\n\n<p>Pozivamo sve roditelje u BiH da njihova djeca ne nose maske u \u0161kolu ako to ne \u017eele i da podnesu kaznene prijave pred sudovima BiH, protiv svih onih koji bi ih zbog te njihove odluke (koja se temelji na Ustavu i zakonima BiH) poku\u0161ali diskriminirati.<\/p>\n\n\n\n<p>Na\u0161 pravni tim pru\u017eat \u0107e stru\u010dnu i savjetodavnu pomo\u0107 po ovom pitanju svim roditeljima koji to od nas zatra\u017ee.<\/p>\n\n\n\n<p>A Vi, dragi na\u0161i roditelji, koji ste s pravom zabrinuti za svoju djecu, i koji ste u dobroj mjeri izgubili povjerenje u sve one dru\u0161tvene autoritete, koji su pla\u0107eni da savjesno rade svoj posao i \u0161tite nas i na\u0161u djecu od svega onog \u0161to mo\u017ee \u0161tetno utjecati na njihov odgojno-obrazovni razvoj \u2013 ne gubite nadu u pozitivni ishod ove borbe za na\u0161u djecu.<\/p>\n\n\n\n<p>Na\u017ealost i sramotu, upravo oni koji ih trebaju za\u0161tititi bespogovorno izvr\u0161avaju protuzakonite naredbe svojih nadre\u0111enih na \u0161tetu na\u0161e djece u nadi da \u0107e sa\u010duvati svoje radno mjesto, umjesto da odbiju provoditi protuzakonite djelatnosti i ropski mentalitet te stanu u obranu va\u017ee\u0107ih zakona BiH, zdravog razuma i na\u0161e djece.<\/p>\n\n\n\n<p>\u017delimo vas ohrabriti i utje\u0161iti obe\u0107anjem da \u0107e Inicijativa roditelja i dalje nastaviti borbu do potpune normalizacije nastave, a posebno \u0107emo pratiti aktualnu situaciju marketin\u0161kih medijskih priprema terena oko eventualnog cijepljenja djece eksperimentalnim, informacijskim i genskim mRNA pripravkom\u2026<\/p>\n\n\n\n<p>Ukoliko se usude poku\u0161ati staviti svoje ruke na na\u0161u djecu raznim ucjenama i prisilama, uslijediti \u0107e adekvatan odgovor koji \u0107e, budite uvjereni u to, ZA\u0160TITITI NA\u0160U DJECU OD ONIH KOJIMA NI\u0160TA NIJE SVETO, navodi se u priop\u0107enju Vije\u0107a koordinatora roditelja Inicijative, koje potpisuje Pero Barbari\u0107.<\/p>\n\n\n\n<p><strong><em>Izvor: Vije\u0107e koordinatora roditelja, Pero Barbari\u0107<\/em><\/strong><\/p>\n","protected":false},"excerpt":{"rendered":"<p>Inicijativa roditelja koja zahtijeva normalno \u0161kolovanje, pozdravlja odluke nadle\u017enih o po\u010detku nove \u0161kolske godine koja se u dobroj mjeri normalizira, gdje \u0107e sva djeca ponovno biti zajedno i \u0161kolski sat \u0107e opet trajati 45 minuta. Ovom prilikom progla\u0161avamo i pobjedu Inicijative roditelja u ovom dijelu na\u0161e borbe za normalno \u0161kolovanje, budu\u0107i da smo od po\u010detka [&hellip;]<\/p>\n","protected":false},"author":2,"featured_media":61655,"comment_status":"closed","ping_status":"closed","sticky":false,"template":"","format":"standard","meta":{"h5ap_radio_sources":[],"footnotes":""},"categories":[1],"tags":[],"class_list":["post-61709","post","type-post","status-publish","format-standard","has-post-thumbnail","hentry","category-bihiregija"],"yoast_head":"<!-- This site is optimized with the Yoast SEO plugin v27.5 - https:\/\/yoast.com\/product\/yoast-seo-wordpress\/ -->\n<title>Priop\u0107enje Inicijative roditelja: \u201eRoditelji, ne dopustite da va\u0161a djeca nose maske u \u0161kolu ako to ne \u017eelite!\u201c - RADIO LJUBU\u0160KI<\/title>\n<meta name=\"robots\" content=\"index, follow, max-snippet:-1, max-image-preview:large, max-video-preview:-1\" \/>\n<link rel=\"canonical\" href=\"https:\/\/radioljubuski.ba\/index.php\/2021\/09\/06\/priopcenje-inicijative-roditelja-roditelji-ne-dopustite-da-vasa-djeca-nose-maske-u-skolu-ako-to-ne-zelite\/\" \/>\n<meta property=\"og:locale\" content=\"hr_HR\" \/>\n<meta property=\"og:type\" content=\"article\" \/>\n<meta property=\"og:title\" content=\"Priop\u0107enje Inicijative roditelja: \u201eRoditelji, ne dopustite da va\u0161a djeca nose maske u \u0161kolu ako to ne \u017eelite!\u201c - RADIO LJUBU\u0160KI\" \/>\n<meta property=\"og:description\" content=\"Inicijativa roditelja koja zahtijeva normalno \u0161kolovanje, pozdravlja odluke nadle\u017enih o po\u010detku nove \u0161kolske godine koja se u dobroj mjeri normalizira, gdje \u0107e sva djeca ponovno biti zajedno i \u0161kolski sat \u0107e opet trajati 45 minuta. Ovom prilikom progla\u0161avamo i pobjedu Inicijative roditelja u ovom dijelu na\u0161e borbe za normalno \u0161kolovanje, budu\u0107i da smo od po\u010detka [&hellip;]\" \/>\n<meta property=\"og:url\" content=\"https:\/\/radioljubuski.ba\/index.php\/2021\/09\/06\/priopcenje-inicijative-roditelja-roditelji-ne-dopustite-da-vasa-djeca-nose-maske-u-skolu-ako-to-ne-zelite\/\" \/>\n<meta property=\"og:site_name\" content=\"RADIO LJUBU\u0160KI\" \/>\n<meta property=\"article:publisher\" content=\"https:\/\/www.facebook.com\/Radiio-Ljubuski-1490835324566332\" \/>\n<meta property=\"article:published_time\" content=\"2021-09-06T11:14:06+00:00\" \/>\n<meta property=\"og:image\" content=\"https:\/\/radioljubuski.ba\/wp-content\/uploads\/2021\/09\/m0spPK8y_big1_skolsketorbe_naslovna.jpg\" \/>\n\t<meta property=\"og:image:width\" content=\"1000\" \/>\n\t<meta property=\"og:image:height\" content=\"625\" \/>\n\t<meta property=\"og:image:type\" content=\"image\/jpeg\" \/>\n<meta name=\"author\" content=\"Radio Ljubu\u0161ki\" \/>\n<meta name=\"twitter:card\" content=\"summary_large_image\" \/>\n<meta name=\"twitter:creator\" content=\"@radioljubuski\" \/>\n<meta name=\"twitter:site\" content=\"@radioljubuski\" \/>\n<meta name=\"twitter:label1\" content=\"Napisao\/la\" \/>\n\t<meta name=\"twitter:data1\" content=\"Radio Ljubu\u0161ki\" \/>\n\t<meta name=\"twitter:label2\" content=\"Procijenjeno vrijeme \u010ditanja\" \/>\n\t<meta name=\"twitter:data2\" content=\"2 minute\" \/>\n<script type=\"application\/ld+json\" class=\"yoast-schema-graph\">{\"@context\":\"https:\\\/\\\/schema.org\",\"@graph\":[{\"@type\":\"Article\",\"@id\":\"https:\\\/\\\/radioljubuski.ba\\\/index.php\\\/2021\\\/09\\\/06\\\/priopcenje-inicijative-roditelja-roditelji-ne-dopustite-da-vasa-djeca-nose-maske-u-skolu-ako-to-ne-zelite\\\/#article\",\"isPartOf\":{\"@id\":\"https:\\\/\\\/radioljubuski.ba\\\/index.php\\\/2021\\\/09\\\/06\\\/priopcenje-inicijative-roditelja-roditelji-ne-dopustite-da-vasa-djeca-nose-maske-u-skolu-ako-to-ne-zelite\\\/\"},\"author\":{\"name\":\"Radio Ljubu\u0161ki\",\"@id\":\"https:\\\/\\\/radioljubuski.ba\\\/#\\\/schema\\\/person\\\/19fc700381a780f69665d7956c469e3b\"},\"headline\":\"Priop\u0107enje Inicijative roditelja: \u201eRoditelji, ne dopustite da va\u0161a djeca nose maske u \u0161kolu ako to ne \u017eelite!\u201c\",\"datePublished\":\"2021-09-06T11:14:06+00:00\",\"mainEntityOfPage\":{\"@id\":\"https:\\\/\\\/radioljubuski.ba\\\/index.php\\\/2021\\\/09\\\/06\\\/priopcenje-inicijative-roditelja-roditelji-ne-dopustite-da-vasa-djeca-nose-maske-u-skolu-ako-to-ne-zelite\\\/\"},\"wordCount\":514,\"publisher\":{\"@id\":\"https:\\\/\\\/radioljubuski.ba\\\/#organization\"},\"image\":{\"@id\":\"https:\\\/\\\/radioljubuski.ba\\\/index.php\\\/2021\\\/09\\\/06\\\/priopcenje-inicijative-roditelja-roditelji-ne-dopustite-da-vasa-djeca-nose-maske-u-skolu-ako-to-ne-zelite\\\/#primaryimage\"},\"thumbnailUrl\":\"https:\\\/\\\/radioljubuski.ba\\\/wp-content\\\/uploads\\\/2021\\\/09\\\/m0spPK8y_big1_skolsketorbe_naslovna.jpg\",\"articleSection\":[\"BIH i regija\"],\"inLanguage\":\"hr\"},{\"@type\":\"WebPage\",\"@id\":\"https:\\\/\\\/radioljubuski.ba\\\/index.php\\\/2021\\\/09\\\/06\\\/priopcenje-inicijative-roditelja-roditelji-ne-dopustite-da-vasa-djeca-nose-maske-u-skolu-ako-to-ne-zelite\\\/\",\"url\":\"https:\\\/\\\/radioljubuski.ba\\\/index.php\\\/2021\\\/09\\\/06\\\/priopcenje-inicijative-roditelja-roditelji-ne-dopustite-da-vasa-djeca-nose-maske-u-skolu-ako-to-ne-zelite\\\/\",\"name\":\"Priop\u0107enje Inicijative roditelja: \u201eRoditelji, ne dopustite da va\u0161a djeca nose maske u \u0161kolu ako to ne \u017eelite!\u201c - RADIO LJUBU\u0160KI\",\"isPartOf\":{\"@id\":\"https:\\\/\\\/radioljubuski.ba\\\/#website\"},\"primaryImageOfPage\":{\"@id\":\"https:\\\/\\\/radioljubuski.ba\\\/index.php\\\/2021\\\/09\\\/06\\\/priopcenje-inicijative-roditelja-roditelji-ne-dopustite-da-vasa-djeca-nose-maske-u-skolu-ako-to-ne-zelite\\\/#primaryimage\"},\"image\":{\"@id\":\"https:\\\/\\\/radioljubuski.ba\\\/index.php\\\/2021\\\/09\\\/06\\\/priopcenje-inicijative-roditelja-roditelji-ne-dopustite-da-vasa-djeca-nose-maske-u-skolu-ako-to-ne-zelite\\\/#primaryimage\"},\"thumbnailUrl\":\"https:\\\/\\\/radioljubuski.ba\\\/wp-content\\\/uploads\\\/2021\\\/09\\\/m0spPK8y_big1_skolsketorbe_naslovna.jpg\",\"datePublished\":\"2021-09-06T11:14:06+00:00\",\"breadcrumb\":{\"@id\":\"https:\\\/\\\/radioljubuski.ba\\\/index.php\\\/2021\\\/09\\\/06\\\/priopcenje-inicijative-roditelja-roditelji-ne-dopustite-da-vasa-djeca-nose-maske-u-skolu-ako-to-ne-zelite\\\/#breadcrumb\"},\"inLanguage\":\"hr\",\"potentialAction\":[{\"@type\":\"ReadAction\",\"target\":[\"https:\\\/\\\/radioljubuski.ba\\\/index.php\\\/2021\\\/09\\\/06\\\/priopcenje-inicijative-roditelja-roditelji-ne-dopustite-da-vasa-djeca-nose-maske-u-skolu-ako-to-ne-zelite\\\/\"]}]},{\"@type\":\"ImageObject\",\"inLanguage\":\"hr\",\"@id\":\"https:\\\/\\\/radioljubuski.ba\\\/index.php\\\/2021\\\/09\\\/06\\\/priopcenje-inicijative-roditelja-roditelji-ne-dopustite-da-vasa-djeca-nose-maske-u-skolu-ako-to-ne-zelite\\\/#primaryimage\",\"url\":\"https:\\\/\\\/radioljubuski.ba\\\/wp-content\\\/uploads\\\/2021\\\/09\\\/m0spPK8y_big1_skolsketorbe_naslovna.jpg\",\"contentUrl\":\"https:\\\/\\\/radioljubuski.ba\\\/wp-content\\\/uploads\\\/2021\\\/09\\\/m0spPK8y_big1_skolsketorbe_naslovna.jpg\",\"width\":1000,\"height\":625},{\"@type\":\"BreadcrumbList\",\"@id\":\"https:\\\/\\\/radioljubuski.ba\\\/index.php\\\/2021\\\/09\\\/06\\\/priopcenje-inicijative-roditelja-roditelji-ne-dopustite-da-vasa-djeca-nose-maske-u-skolu-ako-to-ne-zelite\\\/#breadcrumb\",\"itemListElement\":[{\"@type\":\"ListItem\",\"position\":1,\"name\":\"Po\u010detna stranica\",\"item\":\"https:\\\/\\\/radioljubuski.ba\\\/\"},{\"@type\":\"ListItem\",\"position\":2,\"name\":\"Priop\u0107enje Inicijative roditelja: \u201eRoditelji, ne dopustite da va\u0161a djeca nose maske u \u0161kolu ako to ne \u017eelite!\u201c\"}]},{\"@type\":\"WebSite\",\"@id\":\"https:\\\/\\\/radioljubuski.ba\\\/#website\",\"url\":\"https:\\\/\\\/radioljubuski.ba\\\/\",\"name\":\"Radio Ljubu\u0161ki\",\"description\":\"Sun\u010dana frekvencija Hercegovine\",\"publisher\":{\"@id\":\"https:\\\/\\\/radioljubuski.ba\\\/#organization\"},\"potentialAction\":[{\"@type\":\"SearchAction\",\"target\":{\"@type\":\"EntryPoint\",\"urlTemplate\":\"https:\\\/\\\/radioljubuski.ba\\\/?s={search_term_string}\"},\"query-input\":{\"@type\":\"PropertyValueSpecification\",\"valueRequired\":true,\"valueName\":\"search_term_string\"}}],\"inLanguage\":\"hr\"},{\"@type\":\"Organization\",\"@id\":\"https:\\\/\\\/radioljubuski.ba\\\/#organization\",\"name\":\"Radio Ljubu\u0161ki\",\"url\":\"https:\\\/\\\/radioljubuski.ba\\\/\",\"logo\":{\"@type\":\"ImageObject\",\"inLanguage\":\"hr\",\"@id\":\"https:\\\/\\\/radioljubuski.ba\\\/#\\\/schema\\\/logo\\\/image\\\/\",\"url\":\"https:\\\/\\\/radioljubuski.ba\\\/wp-content\\\/uploads\\\/2021\\\/02\\\/cropped-Radio_Ljubuski_logo1.jpg\",\"contentUrl\":\"https:\\\/\\\/radioljubuski.ba\\\/wp-content\\\/uploads\\\/2021\\\/02\\\/cropped-Radio_Ljubuski_logo1.jpg\",\"width\":512,\"height\":512,\"caption\":\"Radio Ljubu\u0161ki\"},\"image\":{\"@id\":\"https:\\\/\\\/radioljubuski.ba\\\/#\\\/schema\\\/logo\\\/image\\\/\"},\"sameAs\":[\"https:\\\/\\\/www.facebook.com\\\/Radiio-Ljubuski-1490835324566332\",\"https:\\\/\\\/x.com\\\/radioljubuski\",\"https:\\\/\\\/hr.linkedin.com\\\/company\\\/radio-ljubuski\",\"https:\\\/\\\/www.youtube.com\\\/channel\\\/UCHYaeO_n0Db3tjNGudGpXyw\"]},{\"@type\":\"Person\",\"@id\":\"https:\\\/\\\/radioljubuski.ba\\\/#\\\/schema\\\/person\\\/19fc700381a780f69665d7956c469e3b\",\"name\":\"Radio Ljubu\u0161ki\"}]}<\/script>\n<!-- \/ Yoast SEO plugin. -->","yoast_head_json":{"title":"Priop\u0107enje Inicijative roditelja: \u201eRoditelji, ne dopustite da va\u0161a djeca nose maske u \u0161kolu ako to ne \u017eelite!\u201c - RADIO LJUBU\u0160KI","robots":{"index":"index","follow":"follow","max-snippet":"max-snippet:-1","max-image-preview":"max-image-preview:large","max-video-preview":"max-video-preview:-1"},"canonical":"https:\/\/radioljubuski.ba\/index.php\/2021\/09\/06\/priopcenje-inicijative-roditelja-roditelji-ne-dopustite-da-vasa-djeca-nose-maske-u-skolu-ako-to-ne-zelite\/","og_locale":"hr_HR","og_type":"article","og_title":"Priop\u0107enje Inicijative roditelja: \u201eRoditelji, ne dopustite da va\u0161a djeca nose maske u \u0161kolu ako to ne \u017eelite!\u201c - RADIO LJUBU\u0160KI","og_description":"Inicijativa roditelja koja zahtijeva normalno \u0161kolovanje, pozdravlja odluke nadle\u017enih o po\u010detku nove \u0161kolske godine koja se u dobroj mjeri normalizira, gdje \u0107e sva djeca ponovno biti zajedno i \u0161kolski sat \u0107e opet trajati 45 minuta. Ovom prilikom progla\u0161avamo i pobjedu Inicijative roditelja u ovom dijelu na\u0161e borbe za normalno \u0161kolovanje, budu\u0107i da smo od po\u010detka [&hellip;]","og_url":"https:\/\/radioljubuski.ba\/index.php\/2021\/09\/06\/priopcenje-inicijative-roditelja-roditelji-ne-dopustite-da-vasa-djeca-nose-maske-u-skolu-ako-to-ne-zelite\/","og_site_name":"RADIO LJUBU\u0160KI","article_publisher":"https:\/\/www.facebook.com\/Radiio-Ljubuski-1490835324566332","article_published_time":"2021-09-06T11:14:06+00:00","og_image":[{"width":1000,"height":625,"url":"https:\/\/radioljubuski.ba\/wp-content\/uploads\/2021\/09\/m0spPK8y_big1_skolsketorbe_naslovna.jpg","type":"image\/jpeg"}],"author":"Radio Ljubu\u0161ki","twitter_card":"summary_large_image","twitter_creator":"@radioljubuski","twitter_site":"@radioljubuski","twitter_misc":{"Napisao\/la":"Radio Ljubu\u0161ki","Procijenjeno vrijeme \u010ditanja":"2 minute"},"schema":{"@context":"https:\/\/schema.org","@graph":[{"@type":"Article","@id":"https:\/\/radioljubuski.ba\/index.php\/2021\/09\/06\/priopcenje-inicijative-roditelja-roditelji-ne-dopustite-da-vasa-djeca-nose-maske-u-skolu-ako-to-ne-zelite\/#article","isPartOf":{"@id":"https:\/\/radioljubuski.ba\/index.php\/2021\/09\/06\/priopcenje-inicijative-roditelja-roditelji-ne-dopustite-da-vasa-djeca-nose-maske-u-skolu-ako-to-ne-zelite\/"},"author":{"name":"Radio Ljubu\u0161ki","@id":"https:\/\/radioljubuski.ba\/#\/schema\/person\/19fc700381a780f69665d7956c469e3b"},"headline":"Priop\u0107enje Inicijative roditelja: \u201eRoditelji, ne dopustite da va\u0161a djeca nose maske u \u0161kolu ako to ne \u017eelite!\u201c","datePublished":"2021-09-06T11:14:06+00:00","mainEntityOfPage":{"@id":"https:\/\/radioljubuski.ba\/index.php\/2021\/09\/06\/priopcenje-inicijative-roditelja-roditelji-ne-dopustite-da-vasa-djeca-nose-maske-u-skolu-ako-to-ne-zelite\/"},"wordCount":514,"publisher":{"@id":"https:\/\/radioljubuski.ba\/#organization"},"image":{"@id":"https:\/\/radioljubuski.ba\/index.php\/2021\/09\/06\/priopcenje-inicijative-roditelja-roditelji-ne-dopustite-da-vasa-djeca-nose-maske-u-skolu-ako-to-ne-zelite\/#primaryimage"},"thumbnailUrl":"https:\/\/radioljubuski.ba\/wp-content\/uploads\/2021\/09\/m0spPK8y_big1_skolsketorbe_naslovna.jpg","articleSection":["BIH i regija"],"inLanguage":"hr"},{"@type":"WebPage","@id":"https:\/\/radioljubuski.ba\/index.php\/2021\/09\/06\/priopcenje-inicijative-roditelja-roditelji-ne-dopustite-da-vasa-djeca-nose-maske-u-skolu-ako-to-ne-zelite\/","url":"https:\/\/radioljubuski.ba\/index.php\/2021\/09\/06\/priopcenje-inicijative-roditelja-roditelji-ne-dopustite-da-vasa-djeca-nose-maske-u-skolu-ako-to-ne-zelite\/","name":"Priop\u0107enje Inicijative roditelja: \u201eRoditelji, ne dopustite da va\u0161a djeca nose maske u \u0161kolu ako to ne \u017eelite!\u201c - RADIO LJUBU\u0160KI","isPartOf":{"@id":"https:\/\/radioljubuski.ba\/#website"},"primaryImageOfPage":{"@id":"https:\/\/radioljubuski.ba\/index.php\/2021\/09\/06\/priopcenje-inicijative-roditelja-roditelji-ne-dopustite-da-vasa-djeca-nose-maske-u-skolu-ako-to-ne-zelite\/#primaryimage"},"image":{"@id":"https:\/\/radioljubuski.ba\/index.php\/2021\/09\/06\/priopcenje-inicijative-roditelja-roditelji-ne-dopustite-da-vasa-djeca-nose-maske-u-skolu-ako-to-ne-zelite\/#primaryimage"},"thumbnailUrl":"https:\/\/radioljubuski.ba\/wp-content\/uploads\/2021\/09\/m0spPK8y_big1_skolsketorbe_naslovna.jpg","datePublished":"2021-09-06T11:14:06+00:00","breadcrumb":{"@id":"https:\/\/radioljubuski.ba\/index.php\/2021\/09\/06\/priopcenje-inicijative-roditelja-roditelji-ne-dopustite-da-vasa-djeca-nose-maske-u-skolu-ako-to-ne-zelite\/#breadcrumb"},"inLanguage":"hr","potentialAction":[{"@type":"ReadAction","target":["https:\/\/radioljubuski.ba\/index.php\/2021\/09\/06\/priopcenje-inicijative-roditelja-roditelji-ne-dopustite-da-vasa-djeca-nose-maske-u-skolu-ako-to-ne-zelite\/"]}]},{"@type":"ImageObject","inLanguage":"hr","@id":"https:\/\/radioljubuski.ba\/index.php\/2021\/09\/06\/priopcenje-inicijative-roditelja-roditelji-ne-dopustite-da-vasa-djeca-nose-maske-u-skolu-ako-to-ne-zelite\/#primaryimage","url":"https:\/\/radioljubuski.ba\/wp-content\/uploads\/2021\/09\/m0spPK8y_big1_skolsketorbe_naslovna.jpg","contentUrl":"https:\/\/radioljubuski.ba\/wp-content\/uploads\/2021\/09\/m0spPK8y_big1_skolsketorbe_naslovna.jpg","width":1000,"height":625},{"@type":"BreadcrumbList","@id":"https:\/\/radioljubuski.ba\/index.php\/2021\/09\/06\/priopcenje-inicijative-roditelja-roditelji-ne-dopustite-da-vasa-djeca-nose-maske-u-skolu-ako-to-ne-zelite\/#breadcrumb","itemListElement":[{"@type":"ListItem","position":1,"name":"Po\u010detna stranica","item":"https:\/\/radioljubuski.ba\/"},{"@type":"ListItem","position":2,"name":"Priop\u0107enje Inicijative roditelja: \u201eRoditelji, ne dopustite da va\u0161a djeca nose maske u \u0161kolu ako to ne \u017eelite!\u201c"}]},{"@type":"WebSite","@id":"https:\/\/radioljubuski.ba\/#website","url":"https:\/\/radioljubuski.ba\/","name":"Radio Ljubu\u0161ki","description":"Sun\u010dana frekvencija Hercegovine","publisher":{"@id":"https:\/\/radioljubuski.ba\/#organization"},"potentialAction":[{"@type":"SearchAction","target":{"@type":"EntryPoint","urlTemplate":"https:\/\/radioljubuski.ba\/?s={search_term_string}"},"query-input":{"@type":"PropertyValueSpecification","valueRequired":true,"valueName":"search_term_string"}}],"inLanguage":"hr"},{"@type":"Organization","@id":"https:\/\/radioljubuski.ba\/#organization","name":"Radio Ljubu\u0161ki","url":"https:\/\/radioljubuski.ba\/","logo":{"@type":"ImageObject","inLanguage":"hr","@id":"https:\/\/radioljubuski.ba\/#\/schema\/logo\/image\/","url":"https:\/\/radioljubuski.ba\/wp-content\/uploads\/2021\/02\/cropped-Radio_Ljubuski_logo1.jpg","contentUrl":"https:\/\/radioljubuski.ba\/wp-content\/uploads\/2021\/02\/cropped-Radio_Ljubuski_logo1.jpg","width":512,"height":512,"caption":"Radio Ljubu\u0161ki"},"image":{"@id":"https:\/\/radioljubuski.ba\/#\/schema\/logo\/image\/"},"sameAs":["https:\/\/www.facebook.com\/Radiio-Ljubuski-1490835324566332","https:\/\/x.com\/radioljubuski","https:\/\/hr.linkedin.com\/company\/radio-ljubuski","https:\/\/www.youtube.com\/channel\/UCHYaeO_n0Db3tjNGudGpXyw"]},{"@type":"Person","@id":"https:\/\/radioljubuski.ba\/#\/schema\/person\/19fc700381a780f69665d7956c469e3b","name":"Radio Ljubu\u0161ki"}]}},"_links":{"self":[{"href":"https:\/\/radioljubuski.ba\/index.php\/wp-json\/wp\/v2\/posts\/61709","targetHints":{"allow":["GET"]}}],"collection":[{"href":"https:\/\/radioljubuski.ba\/index.php\/wp-json\/wp\/v2\/posts"}],"about":[{"href":"https:\/\/radioljubuski.ba\/index.php\/wp-json\/wp\/v2\/types\/post"}],"author":[{"embeddable":true,"href":"https:\/\/radioljubuski.ba\/index.php\/wp-json\/wp\/v2\/users\/2"}],"replies":[{"embeddable":true,"href":"https:\/\/radioljubuski.ba\/index.php\/wp-json\/wp\/v2\/comments?post=61709"}],"version-history":[{"count":1,"href":"https:\/\/radioljubuski.ba\/index.php\/wp-json\/wp\/v2\/posts\/61709\/revisions"}],"predecessor-version":[{"id":61710,"href":"https:\/\/radioljubuski.ba\/index.php\/wp-json\/wp\/v2\/posts\/61709\/revisions\/61710"}],"wp:featuredmedia":[{"embeddable":true,"href":"https:\/\/radioljubuski.ba\/index.php\/wp-json\/wp\/v2\/media\/61655"}],"wp:attachment":[{"href":"https:\/\/radioljubuski.ba\/index.php\/wp-json\/wp\/v2\/media?parent=61709"}],"wp:term":[{"taxonomy":"category","embeddable":true,"href":"https:\/\/radioljubuski.ba\/index.php\/wp-json\/wp\/v2\/categories?post=61709"},{"taxonomy":"post_tag","embeddable":true,"href":"https:\/\/radioljubuski.ba\/index.php\/wp-json\/wp\/v2\/tags?post=61709"}],"curies":[{"name":"wp","href":"https:\/\/api.w.org\/{rel}","templated":true}]}}