{"id":61714,"date":"2021-09-06T12:25:25","date_gmt":"2021-09-06T11:25:25","guid":{"rendered":"https:\/\/radioljubuski.ba\/?p=61714"},"modified":"2021-09-06T12:25:26","modified_gmt":"2021-09-06T11:25:26","slug":"magnet-u-skb-mostar-vjerojatno-nece-raditi-jos-tjednima","status":"publish","type":"post","link":"https:\/\/radioljubuski.ba\/index.php\/2021\/09\/06\/magnet-u-skb-mostar-vjerojatno-nece-raditi-jos-tjednima\/","title":{"rendered":"Magnet u SKB Mostar vjerojatno ne\u0107e raditi jo\u0161 tjednima"},"content":{"rendered":"\n<p>Prije to\u010dno tjedan dana objavili smo informaciju kako je grom &#8216;ubio&#8217; magnet u SKB-u Mostar. Tehni\u010dari koji su radili na popravci ure\u0111aja tada su predvi\u0111ali kako im treba sedam dana da ure\u0111aj za snimanje magnetne rezonance ponovo bude u funkciji. Ali ipak ne\u0107e tako biti.&nbsp;<\/p>\n\n\n\n<p>Naime, kako doznaje Pogled.ba, sutra bi trebala sti\u0107i ponuda za popravak MR ure\u0111aja, \u0161to zna\u010di kako smo jo\u0161 uvijek jako daleko od stavljanja ure\u0111aja u funkciju.&nbsp;<\/p>\n\n\n\n<p>-Kvar je daleko ve\u0107i i skuplji nego se na po\u010detku mislilo, tako da sada sti\u017eu ponude, a zatim \u0107e izabrati najbolja i po\u010deti sa radovima. U ovome trenutku te\u0161ko je predvidjeti kada bi magnet ponovo mogao biti u funkciji. Lako je mogu\u0107e da se to dogodi tek za nekoliko tjedana &#8211; isti\u010du sugovornici za Pogled.ba.<\/p>\n\n\n\n<p>Ovakvu informaciju nitko nije \u017eelio \u010duti. Osobito oni kojima je pregled potreban \u017eurno zbog sumnje na te\u0161ka oboljenja. \u010cekanje od&nbsp;<br>&nbsp;nekoliko tjedana nam MR snimanje predstavlja vrijeme koje ti ljudi nemaju. Nakon ovakve informacije mnogi \u0107e vjerojatno MR snimanje tra\u017eiti u privatnim klinikama koje imaju spomenute ure\u0111aje.&nbsp;<\/p>\n\n\n\n<p>Kako doznajemo, pacijenti su se ve\u0107 po\u010deli raspitivati o tome kako mogu dobiti potvrde o tome da im SKB Mostar ne mo\u017ee obaviti spomenutu uslugu, te kako zbog toga moraju i\u0107i u privatne poliklinike i preglede pla\u0107ati po nekoliko stotina maraka. Zatim \u0107e povrat sredstava tra\u017eiti od \u017eupanijskog ZZO-a u HN\u017d-u ili ZH\u017d-u, \u0161to zna\u010di kako ova situacija pravi dvostruki tro\u0161ak zdravstvenom sustavu.&nbsp;<\/p>\n\n\n\n<p>Izvor:pogled.ba<\/p>\n","protected":false},"excerpt":{"rendered":"<p>Prije to\u010dno tjedan dana objavili smo informaciju kako je grom &#8216;ubio&#8217; magnet u SKB-u Mostar. Tehni\u010dari koji su radili na popravci ure\u0111aja tada su predvi\u0111ali kako im treba sedam dana da ure\u0111aj za snimanje magnetne rezonance ponovo bude u funkciji. Ali ipak ne\u0107e tako biti.&nbsp; Naime, kako doznaje Pogled.ba, sutra bi trebala sti\u0107i ponuda za [&hellip;]<\/p>\n","protected":false},"author":2,"featured_media":61715,"comment_status":"closed","ping_status":"closed","sticky":false,"template":"","format":"standard","meta":{"h5ap_radio_sources":[],"footnotes":""},"categories":[1],"tags":[],"class_list":["post-61714","post","type-post","status-publish","format-standard","has-post-thumbnail","hentry","category-bihiregija"],"yoast_head":"<!-- This site is optimized with the Yoast SEO plugin v27.5 - https:\/\/yoast.com\/product\/yoast-seo-wordpress\/ -->\n<title>Magnet u SKB Mostar vjerojatno ne\u0107e raditi jo\u0161 tjednima - RADIO LJUBU\u0160KI<\/title>\n<meta name=\"robots\" content=\"index, follow, max-snippet:-1, max-image-preview:large, max-video-preview:-1\" \/>\n<link rel=\"canonical\" href=\"https:\/\/radioljubuski.ba\/index.php\/2021\/09\/06\/magnet-u-skb-mostar-vjerojatno-nece-raditi-jos-tjednima\/\" \/>\n<meta property=\"og:locale\" content=\"hr_HR\" \/>\n<meta property=\"og:type\" content=\"article\" \/>\n<meta property=\"og:title\" content=\"Magnet u SKB Mostar vjerojatno ne\u0107e raditi jo\u0161 tjednima - RADIO LJUBU\u0160KI\" \/>\n<meta property=\"og:description\" content=\"Prije to\u010dno tjedan dana objavili smo informaciju kako je grom &#8216;ubio&#8217; magnet u SKB-u Mostar. Tehni\u010dari koji su radili na popravci ure\u0111aja tada su predvi\u0111ali kako im treba sedam dana da ure\u0111aj za snimanje magnetne rezonance ponovo bude u funkciji. Ali ipak ne\u0107e tako biti.&nbsp; Naime, kako doznaje Pogled.ba, sutra bi trebala sti\u0107i ponuda za [&hellip;]\" \/>\n<meta property=\"og:url\" content=\"https:\/\/radioljubuski.ba\/index.php\/2021\/09\/06\/magnet-u-skb-mostar-vjerojatno-nece-raditi-jos-tjednima\/\" \/>\n<meta property=\"og:site_name\" content=\"RADIO LJUBU\u0160KI\" \/>\n<meta property=\"article:publisher\" content=\"https:\/\/www.facebook.com\/Radiio-Ljubuski-1490835324566332\" \/>\n<meta property=\"article:published_time\" content=\"2021-09-06T11:25:25+00:00\" \/>\n<meta property=\"article:modified_time\" content=\"2021-09-06T11:25:26+00:00\" \/>\n<meta property=\"og:image\" content=\"https:\/\/radioljubuski.ba\/wp-content\/uploads\/2021\/09\/zl8MY7pD_magnetna_rezonanca.jpg\" \/>\n\t<meta property=\"og:image:width\" content=\"1000\" \/>\n\t<meta property=\"og:image:height\" content=\"625\" \/>\n\t<meta property=\"og:image:type\" content=\"image\/jpeg\" \/>\n<meta name=\"author\" content=\"Radio Ljubu\u0161ki\" \/>\n<meta name=\"twitter:card\" content=\"summary_large_image\" \/>\n<meta name=\"twitter:creator\" content=\"@radioljubuski\" \/>\n<meta name=\"twitter:site\" content=\"@radioljubuski\" \/>\n<meta name=\"twitter:label1\" content=\"Napisao\/la\" \/>\n\t<meta name=\"twitter:data1\" content=\"Radio Ljubu\u0161ki\" \/>\n\t<meta name=\"twitter:label2\" content=\"Procijenjeno vrijeme \u010ditanja\" \/>\n\t<meta name=\"twitter:data2\" content=\"2 minute\" \/>\n<script type=\"application\/ld+json\" class=\"yoast-schema-graph\">{\"@context\":\"https:\\\/\\\/schema.org\",\"@graph\":[{\"@type\":\"Article\",\"@id\":\"https:\\\/\\\/radioljubuski.ba\\\/index.php\\\/2021\\\/09\\\/06\\\/magnet-u-skb-mostar-vjerojatno-nece-raditi-jos-tjednima\\\/#article\",\"isPartOf\":{\"@id\":\"https:\\\/\\\/radioljubuski.ba\\\/index.php\\\/2021\\\/09\\\/06\\\/magnet-u-skb-mostar-vjerojatno-nece-raditi-jos-tjednima\\\/\"},\"author\":{\"name\":\"Radio Ljubu\u0161ki\",\"@id\":\"https:\\\/\\\/radioljubuski.ba\\\/#\\\/schema\\\/person\\\/19fc700381a780f69665d7956c469e3b\"},\"headline\":\"Magnet u SKB Mostar vjerojatno ne\u0107e raditi jo\u0161 tjednima\",\"datePublished\":\"2021-09-06T11:25:25+00:00\",\"dateModified\":\"2021-09-06T11:25:26+00:00\",\"mainEntityOfPage\":{\"@id\":\"https:\\\/\\\/radioljubuski.ba\\\/index.php\\\/2021\\\/09\\\/06\\\/magnet-u-skb-mostar-vjerojatno-nece-raditi-jos-tjednima\\\/\"},\"wordCount\":286,\"publisher\":{\"@id\":\"https:\\\/\\\/radioljubuski.ba\\\/#organization\"},\"image\":{\"@id\":\"https:\\\/\\\/radioljubuski.ba\\\/index.php\\\/2021\\\/09\\\/06\\\/magnet-u-skb-mostar-vjerojatno-nece-raditi-jos-tjednima\\\/#primaryimage\"},\"thumbnailUrl\":\"https:\\\/\\\/radioljubuski.ba\\\/wp-content\\\/uploads\\\/2021\\\/09\\\/zl8MY7pD_magnetna_rezonanca.jpg\",\"articleSection\":[\"BIH i regija\"],\"inLanguage\":\"hr\"},{\"@type\":\"WebPage\",\"@id\":\"https:\\\/\\\/radioljubuski.ba\\\/index.php\\\/2021\\\/09\\\/06\\\/magnet-u-skb-mostar-vjerojatno-nece-raditi-jos-tjednima\\\/\",\"url\":\"https:\\\/\\\/radioljubuski.ba\\\/index.php\\\/2021\\\/09\\\/06\\\/magnet-u-skb-mostar-vjerojatno-nece-raditi-jos-tjednima\\\/\",\"name\":\"Magnet u SKB Mostar vjerojatno ne\u0107e raditi jo\u0161 tjednima - RADIO LJUBU\u0160KI\",\"isPartOf\":{\"@id\":\"https:\\\/\\\/radioljubuski.ba\\\/#website\"},\"primaryImageOfPage\":{\"@id\":\"https:\\\/\\\/radioljubuski.ba\\\/index.php\\\/2021\\\/09\\\/06\\\/magnet-u-skb-mostar-vjerojatno-nece-raditi-jos-tjednima\\\/#primaryimage\"},\"image\":{\"@id\":\"https:\\\/\\\/radioljubuski.ba\\\/index.php\\\/2021\\\/09\\\/06\\\/magnet-u-skb-mostar-vjerojatno-nece-raditi-jos-tjednima\\\/#primaryimage\"},\"thumbnailUrl\":\"https:\\\/\\\/radioljubuski.ba\\\/wp-content\\\/uploads\\\/2021\\\/09\\\/zl8MY7pD_magnetna_rezonanca.jpg\",\"datePublished\":\"2021-09-06T11:25:25+00:00\",\"dateModified\":\"2021-09-06T11:25:26+00:00\",\"breadcrumb\":{\"@id\":\"https:\\\/\\\/radioljubuski.ba\\\/index.php\\\/2021\\\/09\\\/06\\\/magnet-u-skb-mostar-vjerojatno-nece-raditi-jos-tjednima\\\/#breadcrumb\"},\"inLanguage\":\"hr\",\"potentialAction\":[{\"@type\":\"ReadAction\",\"target\":[\"https:\\\/\\\/radioljubuski.ba\\\/index.php\\\/2021\\\/09\\\/06\\\/magnet-u-skb-mostar-vjerojatno-nece-raditi-jos-tjednima\\\/\"]}]},{\"@type\":\"ImageObject\",\"inLanguage\":\"hr\",\"@id\":\"https:\\\/\\\/radioljubuski.ba\\\/index.php\\\/2021\\\/09\\\/06\\\/magnet-u-skb-mostar-vjerojatno-nece-raditi-jos-tjednima\\\/#primaryimage\",\"url\":\"https:\\\/\\\/radioljubuski.ba\\\/wp-content\\\/uploads\\\/2021\\\/09\\\/zl8MY7pD_magnetna_rezonanca.jpg\",\"contentUrl\":\"https:\\\/\\\/radioljubuski.ba\\\/wp-content\\\/uploads\\\/2021\\\/09\\\/zl8MY7pD_magnetna_rezonanca.jpg\",\"width\":1000,\"height\":625},{\"@type\":\"BreadcrumbList\",\"@id\":\"https:\\\/\\\/radioljubuski.ba\\\/index.php\\\/2021\\\/09\\\/06\\\/magnet-u-skb-mostar-vjerojatno-nece-raditi-jos-tjednima\\\/#breadcrumb\",\"itemListElement\":[{\"@type\":\"ListItem\",\"position\":1,\"name\":\"Po\u010detna stranica\",\"item\":\"https:\\\/\\\/radioljubuski.ba\\\/\"},{\"@type\":\"ListItem\",\"position\":2,\"name\":\"Magnet u SKB Mostar vjerojatno ne\u0107e raditi jo\u0161 tjednima\"}]},{\"@type\":\"WebSite\",\"@id\":\"https:\\\/\\\/radioljubuski.ba\\\/#website\",\"url\":\"https:\\\/\\\/radioljubuski.ba\\\/\",\"name\":\"Radio Ljubu\u0161ki\",\"description\":\"Sun\u010dana frekvencija Hercegovine\",\"publisher\":{\"@id\":\"https:\\\/\\\/radioljubuski.ba\\\/#organization\"},\"potentialAction\":[{\"@type\":\"SearchAction\",\"target\":{\"@type\":\"EntryPoint\",\"urlTemplate\":\"https:\\\/\\\/radioljubuski.ba\\\/?s={search_term_string}\"},\"query-input\":{\"@type\":\"PropertyValueSpecification\",\"valueRequired\":true,\"valueName\":\"search_term_string\"}}],\"inLanguage\":\"hr\"},{\"@type\":\"Organization\",\"@id\":\"https:\\\/\\\/radioljubuski.ba\\\/#organization\",\"name\":\"Radio Ljubu\u0161ki\",\"url\":\"https:\\\/\\\/radioljubuski.ba\\\/\",\"logo\":{\"@type\":\"ImageObject\",\"inLanguage\":\"hr\",\"@id\":\"https:\\\/\\\/radioljubuski.ba\\\/#\\\/schema\\\/logo\\\/image\\\/\",\"url\":\"https:\\\/\\\/radioljubuski.ba\\\/wp-content\\\/uploads\\\/2021\\\/02\\\/cropped-Radio_Ljubuski_logo1.jpg\",\"contentUrl\":\"https:\\\/\\\/radioljubuski.ba\\\/wp-content\\\/uploads\\\/2021\\\/02\\\/cropped-Radio_Ljubuski_logo1.jpg\",\"width\":512,\"height\":512,\"caption\":\"Radio Ljubu\u0161ki\"},\"image\":{\"@id\":\"https:\\\/\\\/radioljubuski.ba\\\/#\\\/schema\\\/logo\\\/image\\\/\"},\"sameAs\":[\"https:\\\/\\\/www.facebook.com\\\/Radiio-Ljubuski-1490835324566332\",\"https:\\\/\\\/x.com\\\/radioljubuski\",\"https:\\\/\\\/hr.linkedin.com\\\/company\\\/radio-ljubuski\",\"https:\\\/\\\/www.youtube.com\\\/channel\\\/UCHYaeO_n0Db3tjNGudGpXyw\"]},{\"@type\":\"Person\",\"@id\":\"https:\\\/\\\/radioljubuski.ba\\\/#\\\/schema\\\/person\\\/19fc700381a780f69665d7956c469e3b\",\"name\":\"Radio Ljubu\u0161ki\"}]}<\/script>\n<!-- \/ Yoast SEO plugin. -->","yoast_head_json":{"title":"Magnet u SKB Mostar vjerojatno ne\u0107e raditi jo\u0161 tjednima - RADIO LJUBU\u0160KI","robots":{"index":"index","follow":"follow","max-snippet":"max-snippet:-1","max-image-preview":"max-image-preview:large","max-video-preview":"max-video-preview:-1"},"canonical":"https:\/\/radioljubuski.ba\/index.php\/2021\/09\/06\/magnet-u-skb-mostar-vjerojatno-nece-raditi-jos-tjednima\/","og_locale":"hr_HR","og_type":"article","og_title":"Magnet u SKB Mostar vjerojatno ne\u0107e raditi jo\u0161 tjednima - RADIO LJUBU\u0160KI","og_description":"Prije to\u010dno tjedan dana objavili smo informaciju kako je grom &#8216;ubio&#8217; magnet u SKB-u Mostar. Tehni\u010dari koji su radili na popravci ure\u0111aja tada su predvi\u0111ali kako im treba sedam dana da ure\u0111aj za snimanje magnetne rezonance ponovo bude u funkciji. Ali ipak ne\u0107e tako biti.&nbsp; Naime, kako doznaje Pogled.ba, sutra bi trebala sti\u0107i ponuda za [&hellip;]","og_url":"https:\/\/radioljubuski.ba\/index.php\/2021\/09\/06\/magnet-u-skb-mostar-vjerojatno-nece-raditi-jos-tjednima\/","og_site_name":"RADIO LJUBU\u0160KI","article_publisher":"https:\/\/www.facebook.com\/Radiio-Ljubuski-1490835324566332","article_published_time":"2021-09-06T11:25:25+00:00","article_modified_time":"2021-09-06T11:25:26+00:00","og_image":[{"width":1000,"height":625,"url":"https:\/\/radioljubuski.ba\/wp-content\/uploads\/2021\/09\/zl8MY7pD_magnetna_rezonanca.jpg","type":"image\/jpeg"}],"author":"Radio Ljubu\u0161ki","twitter_card":"summary_large_image","twitter_creator":"@radioljubuski","twitter_site":"@radioljubuski","twitter_misc":{"Napisao\/la":"Radio Ljubu\u0161ki","Procijenjeno vrijeme \u010ditanja":"2 minute"},"schema":{"@context":"https:\/\/schema.org","@graph":[{"@type":"Article","@id":"https:\/\/radioljubuski.ba\/index.php\/2021\/09\/06\/magnet-u-skb-mostar-vjerojatno-nece-raditi-jos-tjednima\/#article","isPartOf":{"@id":"https:\/\/radioljubuski.ba\/index.php\/2021\/09\/06\/magnet-u-skb-mostar-vjerojatno-nece-raditi-jos-tjednima\/"},"author":{"name":"Radio Ljubu\u0161ki","@id":"https:\/\/radioljubuski.ba\/#\/schema\/person\/19fc700381a780f69665d7956c469e3b"},"headline":"Magnet u SKB Mostar vjerojatno ne\u0107e raditi jo\u0161 tjednima","datePublished":"2021-09-06T11:25:25+00:00","dateModified":"2021-09-06T11:25:26+00:00","mainEntityOfPage":{"@id":"https:\/\/radioljubuski.ba\/index.php\/2021\/09\/06\/magnet-u-skb-mostar-vjerojatno-nece-raditi-jos-tjednima\/"},"wordCount":286,"publisher":{"@id":"https:\/\/radioljubuski.ba\/#organization"},"image":{"@id":"https:\/\/radioljubuski.ba\/index.php\/2021\/09\/06\/magnet-u-skb-mostar-vjerojatno-nece-raditi-jos-tjednima\/#primaryimage"},"thumbnailUrl":"https:\/\/radioljubuski.ba\/wp-content\/uploads\/2021\/09\/zl8MY7pD_magnetna_rezonanca.jpg","articleSection":["BIH i regija"],"inLanguage":"hr"},{"@type":"WebPage","@id":"https:\/\/radioljubuski.ba\/index.php\/2021\/09\/06\/magnet-u-skb-mostar-vjerojatno-nece-raditi-jos-tjednima\/","url":"https:\/\/radioljubuski.ba\/index.php\/2021\/09\/06\/magnet-u-skb-mostar-vjerojatno-nece-raditi-jos-tjednima\/","name":"Magnet u SKB Mostar vjerojatno ne\u0107e raditi jo\u0161 tjednima - RADIO LJUBU\u0160KI","isPartOf":{"@id":"https:\/\/radioljubuski.ba\/#website"},"primaryImageOfPage":{"@id":"https:\/\/radioljubuski.ba\/index.php\/2021\/09\/06\/magnet-u-skb-mostar-vjerojatno-nece-raditi-jos-tjednima\/#primaryimage"},"image":{"@id":"https:\/\/radioljubuski.ba\/index.php\/2021\/09\/06\/magnet-u-skb-mostar-vjerojatno-nece-raditi-jos-tjednima\/#primaryimage"},"thumbnailUrl":"https:\/\/radioljubuski.ba\/wp-content\/uploads\/2021\/09\/zl8MY7pD_magnetna_rezonanca.jpg","datePublished":"2021-09-06T11:25:25+00:00","dateModified":"2021-09-06T11:25:26+00:00","breadcrumb":{"@id":"https:\/\/radioljubuski.ba\/index.php\/2021\/09\/06\/magnet-u-skb-mostar-vjerojatno-nece-raditi-jos-tjednima\/#breadcrumb"},"inLanguage":"hr","potentialAction":[{"@type":"ReadAction","target":["https:\/\/radioljubuski.ba\/index.php\/2021\/09\/06\/magnet-u-skb-mostar-vjerojatno-nece-raditi-jos-tjednima\/"]}]},{"@type":"ImageObject","inLanguage":"hr","@id":"https:\/\/radioljubuski.ba\/index.php\/2021\/09\/06\/magnet-u-skb-mostar-vjerojatno-nece-raditi-jos-tjednima\/#primaryimage","url":"https:\/\/radioljubuski.ba\/wp-content\/uploads\/2021\/09\/zl8MY7pD_magnetna_rezonanca.jpg","contentUrl":"https:\/\/radioljubuski.ba\/wp-content\/uploads\/2021\/09\/zl8MY7pD_magnetna_rezonanca.jpg","width":1000,"height":625},{"@type":"BreadcrumbList","@id":"https:\/\/radioljubuski.ba\/index.php\/2021\/09\/06\/magnet-u-skb-mostar-vjerojatno-nece-raditi-jos-tjednima\/#breadcrumb","itemListElement":[{"@type":"ListItem","position":1,"name":"Po\u010detna stranica","item":"https:\/\/radioljubuski.ba\/"},{"@type":"ListItem","position":2,"name":"Magnet u SKB Mostar vjerojatno ne\u0107e raditi jo\u0161 tjednima"}]},{"@type":"WebSite","@id":"https:\/\/radioljubuski.ba\/#website","url":"https:\/\/radioljubuski.ba\/","name":"Radio Ljubu\u0161ki","description":"Sun\u010dana frekvencija Hercegovine","publisher":{"@id":"https:\/\/radioljubuski.ba\/#organization"},"potentialAction":[{"@type":"SearchAction","target":{"@type":"EntryPoint","urlTemplate":"https:\/\/radioljubuski.ba\/?s={search_term_string}"},"query-input":{"@type":"PropertyValueSpecification","valueRequired":true,"valueName":"search_term_string"}}],"inLanguage":"hr"},{"@type":"Organization","@id":"https:\/\/radioljubuski.ba\/#organization","name":"Radio Ljubu\u0161ki","url":"https:\/\/radioljubuski.ba\/","logo":{"@type":"ImageObject","inLanguage":"hr","@id":"https:\/\/radioljubuski.ba\/#\/schema\/logo\/image\/","url":"https:\/\/radioljubuski.ba\/wp-content\/uploads\/2021\/02\/cropped-Radio_Ljubuski_logo1.jpg","contentUrl":"https:\/\/radioljubuski.ba\/wp-content\/uploads\/2021\/02\/cropped-Radio_Ljubuski_logo1.jpg","width":512,"height":512,"caption":"Radio Ljubu\u0161ki"},"image":{"@id":"https:\/\/radioljubuski.ba\/#\/schema\/logo\/image\/"},"sameAs":["https:\/\/www.facebook.com\/Radiio-Ljubuski-1490835324566332","https:\/\/x.com\/radioljubuski","https:\/\/hr.linkedin.com\/company\/radio-ljubuski","https:\/\/www.youtube.com\/channel\/UCHYaeO_n0Db3tjNGudGpXyw"]},{"@type":"Person","@id":"https:\/\/radioljubuski.ba\/#\/schema\/person\/19fc700381a780f69665d7956c469e3b","name":"Radio Ljubu\u0161ki"}]}},"_links":{"self":[{"href":"https:\/\/radioljubuski.ba\/index.php\/wp-json\/wp\/v2\/posts\/61714","targetHints":{"allow":["GET"]}}],"collection":[{"href":"https:\/\/radioljubuski.ba\/index.php\/wp-json\/wp\/v2\/posts"}],"about":[{"href":"https:\/\/radioljubuski.ba\/index.php\/wp-json\/wp\/v2\/types\/post"}],"author":[{"embeddable":true,"href":"https:\/\/radioljubuski.ba\/index.php\/wp-json\/wp\/v2\/users\/2"}],"replies":[{"embeddable":true,"href":"https:\/\/radioljubuski.ba\/index.php\/wp-json\/wp\/v2\/comments?post=61714"}],"version-history":[{"count":1,"href":"https:\/\/radioljubuski.ba\/index.php\/wp-json\/wp\/v2\/posts\/61714\/revisions"}],"predecessor-version":[{"id":61716,"href":"https:\/\/radioljubuski.ba\/index.php\/wp-json\/wp\/v2\/posts\/61714\/revisions\/61716"}],"wp:featuredmedia":[{"embeddable":true,"href":"https:\/\/radioljubuski.ba\/index.php\/wp-json\/wp\/v2\/media\/61715"}],"wp:attachment":[{"href":"https:\/\/radioljubuski.ba\/index.php\/wp-json\/wp\/v2\/media?parent=61714"}],"wp:term":[{"taxonomy":"category","embeddable":true,"href":"https:\/\/radioljubuski.ba\/index.php\/wp-json\/wp\/v2\/categories?post=61714"},{"taxonomy":"post_tag","embeddable":true,"href":"https:\/\/radioljubuski.ba\/index.php\/wp-json\/wp\/v2\/tags?post=61714"}],"curies":[{"name":"wp","href":"https:\/\/api.w.org\/{rel}","templated":true}]}}