{"id":61882,"date":"2021-09-08T11:00:02","date_gmt":"2021-09-08T10:00:02","guid":{"rendered":"https:\/\/radioljubuski.ba\/?p=61882"},"modified":"2021-09-08T11:00:03","modified_gmt":"2021-09-08T10:00:03","slug":"poziv-novinarima-i-influencerima-projekat-od-srednjovjekovnih-utvrda-u-hercegovini-do-austrougarskih-tvrdava-u-crnoj-gori","status":"publish","type":"post","link":"https:\/\/radioljubuski.ba\/index.php\/2021\/09\/08\/poziv-novinarima-i-influencerima-projekat-od-srednjovjekovnih-utvrda-u-hercegovini-do-austrougarskih-tvrdava-u-crnoj-gori\/","title":{"rendered":"Poziv novinarima i influencerima: Projekat &#8220;Od srednjovjekovnih utvrda u Hercegovini do austrougarskih tvr\u0111ava u Crnoj Gori&#8221;"},"content":{"rendered":"\n<p><strong>Centar za inicijative iz oblasti odr\u017eivog turizma (CSTI) pozvao je zainteresirane novinare, putopisne blogere, influencere iz turizma, kao i predstavnike turisti\u010dkih agencija da se prijave za sudjelovanje u programu upoznavanja s novim turisti\u010dkim proizvodom, FORT NET tematskom stazom (FAM tura).<\/strong><\/p>\n\n\n\n<p>FAM tura \u0107e se realizirati u okviru projekta &#8220;Od srednjovjekovnih tvr\u0111ava u Hercegovini do Austrougarskih tvr\u0111ava u Crnoj Gori (FORT-NET)&#8221;, u okviru IPA prekograni\u010dnog programa Crna Gora &#8211; Bosna i Hercegovina.<\/p>\n\n\n\n<p>&#8211; FAM tura je namijenjena svim zainteresiranim novinarima, putopisnim blogerima, influencerima iz oblasti turizma, kao i predstavnicima turisti\u010dkih agencija koji \u017eele da se upoznaju s novom kulturno-turisti\u010dkom rutom, a koja interpretira europsku kulturnu ba\u0161tinu i naslje\u0111e iz srednjovjekovnog i Austrougarskog perioda &#8211; navodi se u priop\u0107enju.<\/p>\n\n\n\n<p>Doga\u0111aj \u0107e se organizirati u rujnu u dva modula, jedan u Zapadnoj Hercegovini, od 13. do 16. rujna, i drugi u Crnoj Gori, od 20. do 23. rujna, a sudionici mogu odabrati koji modul \u017eele da isprate.<\/p>\n\n\n\n<p>&#8211; Za vrijeme odr\u017eavanja modula, sudionici \u0107e imati priliku da se upoznaju s bogatim naslje\u0111em, atraktivnim lokalitetima i novim pje\u0161a\u010dkim stazama koje \u010dine turisti\u010dki proizvod kreiran kroz navedeni projekat &#8211; navodi se u priop\u0107enju.<\/p>\n\n\n\n<p>Projekat &#8220;FORT-NET &#8211; Od srednjovjekovnih utvrda u Hercegovini do austrougarskih utvrda u Crnoj Gori&#8221; sprovodi se u okviru Programa prekograni\u010dne suradnje Bosna i Hercegovina &#8211; Crna Gora.<\/p>\n\n\n\n<p>&#8211; Op\u0107i cilj projekta je doprinijeti pobolj\u0161anju kvaliteta i raznolikosti turisti\u010dke ponude koja se temelji na prirodnoj i kulturnoj ba\u0161tini na grani\u010dnim ruralnim podru\u010djima Bosne i Hercegovine i Crne Gore &#8211; dodaje se.<\/p>\n\n\n\n<p>Projekat je po\u010deo sa implementacijom 1. listopada 2019. godine i realira se tijekom 24 mjeseca.<\/p>\n\n\n\n<p>Projekat sprovodi Grad Ljubu\u0161ki, u partnerstvu s Javnom ustanovom razvojne agencije \u017dupanije Zapadnohercegova\u010dke (HERAG), Centrom za inicijative iz oblasti odr\u017eivog turizma (CSTI) iz Podgorice i Nacionalnom turisti\u010dkom organizacijom Crne Gore.<\/p>\n\n\n\n<p>Rok za prijavu za FAM turu u Bosni i Hercegovini je \u010detvrtak, a rok za prijavu za FAM turu u Crnoj Gori je 13. rujna.<\/p>\n\n\n\n<p><strong>Izvor: iks-portal.info<\/strong><\/p>\n","protected":false},"excerpt":{"rendered":"<p>Centar za inicijative iz oblasti odr\u017eivog turizma (CSTI) pozvao je zainteresirane novinare, putopisne blogere, influencere iz turizma, kao i predstavnike turisti\u010dkih agencija da se prijave za sudjelovanje u programu upoznavanja s novim turisti\u010dkim proizvodom, FORT NET tematskom stazom (FAM tura). FAM tura \u0107e se realizirati u okviru projekta &#8220;Od srednjovjekovnih tvr\u0111ava u Hercegovini do Austrougarskih [&hellip;]<\/p>\n","protected":false},"author":2,"featured_media":6944,"comment_status":"closed","ping_status":"closed","sticky":false,"template":"","format":"standard","meta":{"h5ap_radio_sources":[],"footnotes":""},"categories":[3],"tags":[],"class_list":["post-61882","post","type-post","status-publish","format-standard","has-post-thumbnail","hentry","category-ljubuski"],"yoast_head":"<!-- This site is optimized with the Yoast SEO plugin v27.5 - https:\/\/yoast.com\/product\/yoast-seo-wordpress\/ -->\n<title>Poziv novinarima i influencerima: Projekat &quot;Od srednjovjekovnih utvrda u Hercegovini do austrougarskih tvr\u0111ava u Crnoj Gori&quot; - RADIO LJUBU\u0160KI<\/title>\n<meta name=\"robots\" content=\"index, follow, max-snippet:-1, max-image-preview:large, max-video-preview:-1\" \/>\n<link rel=\"canonical\" href=\"https:\/\/radioljubuski.ba\/index.php\/2021\/09\/08\/poziv-novinarima-i-influencerima-projekat-od-srednjovjekovnih-utvrda-u-hercegovini-do-austrougarskih-tvrdava-u-crnoj-gori\/\" \/>\n<meta property=\"og:locale\" content=\"hr_HR\" \/>\n<meta property=\"og:type\" content=\"article\" \/>\n<meta property=\"og:title\" content=\"Poziv novinarima i influencerima: Projekat &quot;Od srednjovjekovnih utvrda u Hercegovini do austrougarskih tvr\u0111ava u Crnoj Gori&quot; - RADIO LJUBU\u0160KI\" \/>\n<meta property=\"og:description\" content=\"Centar za inicijative iz oblasti odr\u017eivog turizma (CSTI) pozvao je zainteresirane novinare, putopisne blogere, influencere iz turizma, kao i predstavnike turisti\u010dkih agencija da se prijave za sudjelovanje u programu upoznavanja s novim turisti\u010dkim proizvodom, FORT NET tematskom stazom (FAM tura). FAM tura \u0107e se realizirati u okviru projekta &#8220;Od srednjovjekovnih tvr\u0111ava u Hercegovini do Austrougarskih [&hellip;]\" \/>\n<meta property=\"og:url\" content=\"https:\/\/radioljubuski.ba\/index.php\/2021\/09\/08\/poziv-novinarima-i-influencerima-projekat-od-srednjovjekovnih-utvrda-u-hercegovini-do-austrougarskih-tvrdava-u-crnoj-gori\/\" \/>\n<meta property=\"og:site_name\" content=\"RADIO LJUBU\u0160KI\" \/>\n<meta property=\"article:publisher\" content=\"https:\/\/www.facebook.com\/Radiio-Ljubuski-1490835324566332\" \/>\n<meta property=\"article:published_time\" content=\"2021-09-08T10:00:02+00:00\" \/>\n<meta property=\"article:modified_time\" content=\"2021-09-08T10:00:03+00:00\" \/>\n<meta property=\"og:image\" content=\"https:\/\/radioljubuski.ba\/wp-content\/uploads\/2021\/03\/kula-ljubuski.jpg\" \/>\n\t<meta property=\"og:image:width\" content=\"1280\" \/>\n\t<meta property=\"og:image:height\" content=\"720\" \/>\n\t<meta property=\"og:image:type\" content=\"image\/jpeg\" \/>\n<meta name=\"author\" content=\"Radio Ljubu\u0161ki\" \/>\n<meta name=\"twitter:card\" content=\"summary_large_image\" \/>\n<meta name=\"twitter:creator\" content=\"@radioljubuski\" \/>\n<meta name=\"twitter:site\" content=\"@radioljubuski\" \/>\n<meta name=\"twitter:label1\" content=\"Napisao\/la\" \/>\n\t<meta name=\"twitter:data1\" content=\"Radio Ljubu\u0161ki\" \/>\n\t<meta name=\"twitter:label2\" content=\"Procijenjeno vrijeme \u010ditanja\" \/>\n\t<meta name=\"twitter:data2\" content=\"2 minute\" \/>\n<script type=\"application\/ld+json\" class=\"yoast-schema-graph\">{\"@context\":\"https:\\\/\\\/schema.org\",\"@graph\":[{\"@type\":\"Article\",\"@id\":\"https:\\\/\\\/radioljubuski.ba\\\/index.php\\\/2021\\\/09\\\/08\\\/poziv-novinarima-i-influencerima-projekat-od-srednjovjekovnih-utvrda-u-hercegovini-do-austrougarskih-tvrdava-u-crnoj-gori\\\/#article\",\"isPartOf\":{\"@id\":\"https:\\\/\\\/radioljubuski.ba\\\/index.php\\\/2021\\\/09\\\/08\\\/poziv-novinarima-i-influencerima-projekat-od-srednjovjekovnih-utvrda-u-hercegovini-do-austrougarskih-tvrdava-u-crnoj-gori\\\/\"},\"author\":{\"name\":\"Radio Ljubu\u0161ki\",\"@id\":\"https:\\\/\\\/radioljubuski.ba\\\/#\\\/schema\\\/person\\\/19fc700381a780f69665d7956c469e3b\"},\"headline\":\"Poziv novinarima i influencerima: Projekat &#8220;Od srednjovjekovnih utvrda u Hercegovini do austrougarskih tvr\u0111ava u Crnoj Gori&#8221;\",\"datePublished\":\"2021-09-08T10:00:02+00:00\",\"dateModified\":\"2021-09-08T10:00:03+00:00\",\"mainEntityOfPage\":{\"@id\":\"https:\\\/\\\/radioljubuski.ba\\\/index.php\\\/2021\\\/09\\\/08\\\/poziv-novinarima-i-influencerima-projekat-od-srednjovjekovnih-utvrda-u-hercegovini-do-austrougarskih-tvrdava-u-crnoj-gori\\\/\"},\"wordCount\":360,\"publisher\":{\"@id\":\"https:\\\/\\\/radioljubuski.ba\\\/#organization\"},\"image\":{\"@id\":\"https:\\\/\\\/radioljubuski.ba\\\/index.php\\\/2021\\\/09\\\/08\\\/poziv-novinarima-i-influencerima-projekat-od-srednjovjekovnih-utvrda-u-hercegovini-do-austrougarskih-tvrdava-u-crnoj-gori\\\/#primaryimage\"},\"thumbnailUrl\":\"https:\\\/\\\/radioljubuski.ba\\\/wp-content\\\/uploads\\\/2021\\\/03\\\/kula-ljubuski.jpg\",\"articleSection\":[\"Ljubu\u0161ki\"],\"inLanguage\":\"hr\"},{\"@type\":\"WebPage\",\"@id\":\"https:\\\/\\\/radioljubuski.ba\\\/index.php\\\/2021\\\/09\\\/08\\\/poziv-novinarima-i-influencerima-projekat-od-srednjovjekovnih-utvrda-u-hercegovini-do-austrougarskih-tvrdava-u-crnoj-gori\\\/\",\"url\":\"https:\\\/\\\/radioljubuski.ba\\\/index.php\\\/2021\\\/09\\\/08\\\/poziv-novinarima-i-influencerima-projekat-od-srednjovjekovnih-utvrda-u-hercegovini-do-austrougarskih-tvrdava-u-crnoj-gori\\\/\",\"name\":\"Poziv novinarima i influencerima: Projekat \\\"Od srednjovjekovnih utvrda u Hercegovini do austrougarskih tvr\u0111ava u Crnoj Gori\\\" - RADIO LJUBU\u0160KI\",\"isPartOf\":{\"@id\":\"https:\\\/\\\/radioljubuski.ba\\\/#website\"},\"primaryImageOfPage\":{\"@id\":\"https:\\\/\\\/radioljubuski.ba\\\/index.php\\\/2021\\\/09\\\/08\\\/poziv-novinarima-i-influencerima-projekat-od-srednjovjekovnih-utvrda-u-hercegovini-do-austrougarskih-tvrdava-u-crnoj-gori\\\/#primaryimage\"},\"image\":{\"@id\":\"https:\\\/\\\/radioljubuski.ba\\\/index.php\\\/2021\\\/09\\\/08\\\/poziv-novinarima-i-influencerima-projekat-od-srednjovjekovnih-utvrda-u-hercegovini-do-austrougarskih-tvrdava-u-crnoj-gori\\\/#primaryimage\"},\"thumbnailUrl\":\"https:\\\/\\\/radioljubuski.ba\\\/wp-content\\\/uploads\\\/2021\\\/03\\\/kula-ljubuski.jpg\",\"datePublished\":\"2021-09-08T10:00:02+00:00\",\"dateModified\":\"2021-09-08T10:00:03+00:00\",\"breadcrumb\":{\"@id\":\"https:\\\/\\\/radioljubuski.ba\\\/index.php\\\/2021\\\/09\\\/08\\\/poziv-novinarima-i-influencerima-projekat-od-srednjovjekovnih-utvrda-u-hercegovini-do-austrougarskih-tvrdava-u-crnoj-gori\\\/#breadcrumb\"},\"inLanguage\":\"hr\",\"potentialAction\":[{\"@type\":\"ReadAction\",\"target\":[\"https:\\\/\\\/radioljubuski.ba\\\/index.php\\\/2021\\\/09\\\/08\\\/poziv-novinarima-i-influencerima-projekat-od-srednjovjekovnih-utvrda-u-hercegovini-do-austrougarskih-tvrdava-u-crnoj-gori\\\/\"]}]},{\"@type\":\"ImageObject\",\"inLanguage\":\"hr\",\"@id\":\"https:\\\/\\\/radioljubuski.ba\\\/index.php\\\/2021\\\/09\\\/08\\\/poziv-novinarima-i-influencerima-projekat-od-srednjovjekovnih-utvrda-u-hercegovini-do-austrougarskih-tvrdava-u-crnoj-gori\\\/#primaryimage\",\"url\":\"https:\\\/\\\/radioljubuski.ba\\\/wp-content\\\/uploads\\\/2021\\\/03\\\/kula-ljubuski.jpg\",\"contentUrl\":\"https:\\\/\\\/radioljubuski.ba\\\/wp-content\\\/uploads\\\/2021\\\/03\\\/kula-ljubuski.jpg\",\"width\":1280,\"height\":720},{\"@type\":\"BreadcrumbList\",\"@id\":\"https:\\\/\\\/radioljubuski.ba\\\/index.php\\\/2021\\\/09\\\/08\\\/poziv-novinarima-i-influencerima-projekat-od-srednjovjekovnih-utvrda-u-hercegovini-do-austrougarskih-tvrdava-u-crnoj-gori\\\/#breadcrumb\",\"itemListElement\":[{\"@type\":\"ListItem\",\"position\":1,\"name\":\"Po\u010detna stranica\",\"item\":\"https:\\\/\\\/radioljubuski.ba\\\/\"},{\"@type\":\"ListItem\",\"position\":2,\"name\":\"Poziv novinarima i influencerima: Projekat &#8220;Od srednjovjekovnih utvrda u Hercegovini do austrougarskih tvr\u0111ava u Crnoj Gori&#8221;\"}]},{\"@type\":\"WebSite\",\"@id\":\"https:\\\/\\\/radioljubuski.ba\\\/#website\",\"url\":\"https:\\\/\\\/radioljubuski.ba\\\/\",\"name\":\"Radio Ljubu\u0161ki\",\"description\":\"Sun\u010dana frekvencija Hercegovine\",\"publisher\":{\"@id\":\"https:\\\/\\\/radioljubuski.ba\\\/#organization\"},\"potentialAction\":[{\"@type\":\"SearchAction\",\"target\":{\"@type\":\"EntryPoint\",\"urlTemplate\":\"https:\\\/\\\/radioljubuski.ba\\\/?s={search_term_string}\"},\"query-input\":{\"@type\":\"PropertyValueSpecification\",\"valueRequired\":true,\"valueName\":\"search_term_string\"}}],\"inLanguage\":\"hr\"},{\"@type\":\"Organization\",\"@id\":\"https:\\\/\\\/radioljubuski.ba\\\/#organization\",\"name\":\"Radio Ljubu\u0161ki\",\"url\":\"https:\\\/\\\/radioljubuski.ba\\\/\",\"logo\":{\"@type\":\"ImageObject\",\"inLanguage\":\"hr\",\"@id\":\"https:\\\/\\\/radioljubuski.ba\\\/#\\\/schema\\\/logo\\\/image\\\/\",\"url\":\"https:\\\/\\\/radioljubuski.ba\\\/wp-content\\\/uploads\\\/2021\\\/02\\\/cropped-Radio_Ljubuski_logo1.jpg\",\"contentUrl\":\"https:\\\/\\\/radioljubuski.ba\\\/wp-content\\\/uploads\\\/2021\\\/02\\\/cropped-Radio_Ljubuski_logo1.jpg\",\"width\":512,\"height\":512,\"caption\":\"Radio Ljubu\u0161ki\"},\"image\":{\"@id\":\"https:\\\/\\\/radioljubuski.ba\\\/#\\\/schema\\\/logo\\\/image\\\/\"},\"sameAs\":[\"https:\\\/\\\/www.facebook.com\\\/Radiio-Ljubuski-1490835324566332\",\"https:\\\/\\\/x.com\\\/radioljubuski\",\"https:\\\/\\\/hr.linkedin.com\\\/company\\\/radio-ljubuski\",\"https:\\\/\\\/www.youtube.com\\\/channel\\\/UCHYaeO_n0Db3tjNGudGpXyw\"]},{\"@type\":\"Person\",\"@id\":\"https:\\\/\\\/radioljubuski.ba\\\/#\\\/schema\\\/person\\\/19fc700381a780f69665d7956c469e3b\",\"name\":\"Radio Ljubu\u0161ki\"}]}<\/script>\n<!-- \/ Yoast SEO plugin. -->","yoast_head_json":{"title":"Poziv novinarima i influencerima: Projekat \"Od srednjovjekovnih utvrda u Hercegovini do austrougarskih tvr\u0111ava u Crnoj Gori\" - RADIO LJUBU\u0160KI","robots":{"index":"index","follow":"follow","max-snippet":"max-snippet:-1","max-image-preview":"max-image-preview:large","max-video-preview":"max-video-preview:-1"},"canonical":"https:\/\/radioljubuski.ba\/index.php\/2021\/09\/08\/poziv-novinarima-i-influencerima-projekat-od-srednjovjekovnih-utvrda-u-hercegovini-do-austrougarskih-tvrdava-u-crnoj-gori\/","og_locale":"hr_HR","og_type":"article","og_title":"Poziv novinarima i influencerima: Projekat \"Od srednjovjekovnih utvrda u Hercegovini do austrougarskih tvr\u0111ava u Crnoj Gori\" - RADIO LJUBU\u0160KI","og_description":"Centar za inicijative iz oblasti odr\u017eivog turizma (CSTI) pozvao je zainteresirane novinare, putopisne blogere, influencere iz turizma, kao i predstavnike turisti\u010dkih agencija da se prijave za sudjelovanje u programu upoznavanja s novim turisti\u010dkim proizvodom, FORT NET tematskom stazom (FAM tura). FAM tura \u0107e se realizirati u okviru projekta &#8220;Od srednjovjekovnih tvr\u0111ava u Hercegovini do Austrougarskih [&hellip;]","og_url":"https:\/\/radioljubuski.ba\/index.php\/2021\/09\/08\/poziv-novinarima-i-influencerima-projekat-od-srednjovjekovnih-utvrda-u-hercegovini-do-austrougarskih-tvrdava-u-crnoj-gori\/","og_site_name":"RADIO LJUBU\u0160KI","article_publisher":"https:\/\/www.facebook.com\/Radiio-Ljubuski-1490835324566332","article_published_time":"2021-09-08T10:00:02+00:00","article_modified_time":"2021-09-08T10:00:03+00:00","og_image":[{"width":1280,"height":720,"url":"https:\/\/radioljubuski.ba\/wp-content\/uploads\/2021\/03\/kula-ljubuski.jpg","type":"image\/jpeg"}],"author":"Radio Ljubu\u0161ki","twitter_card":"summary_large_image","twitter_creator":"@radioljubuski","twitter_site":"@radioljubuski","twitter_misc":{"Napisao\/la":"Radio Ljubu\u0161ki","Procijenjeno vrijeme \u010ditanja":"2 minute"},"schema":{"@context":"https:\/\/schema.org","@graph":[{"@type":"Article","@id":"https:\/\/radioljubuski.ba\/index.php\/2021\/09\/08\/poziv-novinarima-i-influencerima-projekat-od-srednjovjekovnih-utvrda-u-hercegovini-do-austrougarskih-tvrdava-u-crnoj-gori\/#article","isPartOf":{"@id":"https:\/\/radioljubuski.ba\/index.php\/2021\/09\/08\/poziv-novinarima-i-influencerima-projekat-od-srednjovjekovnih-utvrda-u-hercegovini-do-austrougarskih-tvrdava-u-crnoj-gori\/"},"author":{"name":"Radio Ljubu\u0161ki","@id":"https:\/\/radioljubuski.ba\/#\/schema\/person\/19fc700381a780f69665d7956c469e3b"},"headline":"Poziv novinarima i influencerima: Projekat &#8220;Od srednjovjekovnih utvrda u Hercegovini do austrougarskih tvr\u0111ava u Crnoj Gori&#8221;","datePublished":"2021-09-08T10:00:02+00:00","dateModified":"2021-09-08T10:00:03+00:00","mainEntityOfPage":{"@id":"https:\/\/radioljubuski.ba\/index.php\/2021\/09\/08\/poziv-novinarima-i-influencerima-projekat-od-srednjovjekovnih-utvrda-u-hercegovini-do-austrougarskih-tvrdava-u-crnoj-gori\/"},"wordCount":360,"publisher":{"@id":"https:\/\/radioljubuski.ba\/#organization"},"image":{"@id":"https:\/\/radioljubuski.ba\/index.php\/2021\/09\/08\/poziv-novinarima-i-influencerima-projekat-od-srednjovjekovnih-utvrda-u-hercegovini-do-austrougarskih-tvrdava-u-crnoj-gori\/#primaryimage"},"thumbnailUrl":"https:\/\/radioljubuski.ba\/wp-content\/uploads\/2021\/03\/kula-ljubuski.jpg","articleSection":["Ljubu\u0161ki"],"inLanguage":"hr"},{"@type":"WebPage","@id":"https:\/\/radioljubuski.ba\/index.php\/2021\/09\/08\/poziv-novinarima-i-influencerima-projekat-od-srednjovjekovnih-utvrda-u-hercegovini-do-austrougarskih-tvrdava-u-crnoj-gori\/","url":"https:\/\/radioljubuski.ba\/index.php\/2021\/09\/08\/poziv-novinarima-i-influencerima-projekat-od-srednjovjekovnih-utvrda-u-hercegovini-do-austrougarskih-tvrdava-u-crnoj-gori\/","name":"Poziv novinarima i influencerima: Projekat \"Od srednjovjekovnih utvrda u Hercegovini do austrougarskih tvr\u0111ava u Crnoj Gori\" - RADIO LJUBU\u0160KI","isPartOf":{"@id":"https:\/\/radioljubuski.ba\/#website"},"primaryImageOfPage":{"@id":"https:\/\/radioljubuski.ba\/index.php\/2021\/09\/08\/poziv-novinarima-i-influencerima-projekat-od-srednjovjekovnih-utvrda-u-hercegovini-do-austrougarskih-tvrdava-u-crnoj-gori\/#primaryimage"},"image":{"@id":"https:\/\/radioljubuski.ba\/index.php\/2021\/09\/08\/poziv-novinarima-i-influencerima-projekat-od-srednjovjekovnih-utvrda-u-hercegovini-do-austrougarskih-tvrdava-u-crnoj-gori\/#primaryimage"},"thumbnailUrl":"https:\/\/radioljubuski.ba\/wp-content\/uploads\/2021\/03\/kula-ljubuski.jpg","datePublished":"2021-09-08T10:00:02+00:00","dateModified":"2021-09-08T10:00:03+00:00","breadcrumb":{"@id":"https:\/\/radioljubuski.ba\/index.php\/2021\/09\/08\/poziv-novinarima-i-influencerima-projekat-od-srednjovjekovnih-utvrda-u-hercegovini-do-austrougarskih-tvrdava-u-crnoj-gori\/#breadcrumb"},"inLanguage":"hr","potentialAction":[{"@type":"ReadAction","target":["https:\/\/radioljubuski.ba\/index.php\/2021\/09\/08\/poziv-novinarima-i-influencerima-projekat-od-srednjovjekovnih-utvrda-u-hercegovini-do-austrougarskih-tvrdava-u-crnoj-gori\/"]}]},{"@type":"ImageObject","inLanguage":"hr","@id":"https:\/\/radioljubuski.ba\/index.php\/2021\/09\/08\/poziv-novinarima-i-influencerima-projekat-od-srednjovjekovnih-utvrda-u-hercegovini-do-austrougarskih-tvrdava-u-crnoj-gori\/#primaryimage","url":"https:\/\/radioljubuski.ba\/wp-content\/uploads\/2021\/03\/kula-ljubuski.jpg","contentUrl":"https:\/\/radioljubuski.ba\/wp-content\/uploads\/2021\/03\/kula-ljubuski.jpg","width":1280,"height":720},{"@type":"BreadcrumbList","@id":"https:\/\/radioljubuski.ba\/index.php\/2021\/09\/08\/poziv-novinarima-i-influencerima-projekat-od-srednjovjekovnih-utvrda-u-hercegovini-do-austrougarskih-tvrdava-u-crnoj-gori\/#breadcrumb","itemListElement":[{"@type":"ListItem","position":1,"name":"Po\u010detna stranica","item":"https:\/\/radioljubuski.ba\/"},{"@type":"ListItem","position":2,"name":"Poziv novinarima i influencerima: Projekat &#8220;Od srednjovjekovnih utvrda u Hercegovini do austrougarskih tvr\u0111ava u Crnoj Gori&#8221;"}]},{"@type":"WebSite","@id":"https:\/\/radioljubuski.ba\/#website","url":"https:\/\/radioljubuski.ba\/","name":"Radio Ljubu\u0161ki","description":"Sun\u010dana frekvencija Hercegovine","publisher":{"@id":"https:\/\/radioljubuski.ba\/#organization"},"potentialAction":[{"@type":"SearchAction","target":{"@type":"EntryPoint","urlTemplate":"https:\/\/radioljubuski.ba\/?s={search_term_string}"},"query-input":{"@type":"PropertyValueSpecification","valueRequired":true,"valueName":"search_term_string"}}],"inLanguage":"hr"},{"@type":"Organization","@id":"https:\/\/radioljubuski.ba\/#organization","name":"Radio Ljubu\u0161ki","url":"https:\/\/radioljubuski.ba\/","logo":{"@type":"ImageObject","inLanguage":"hr","@id":"https:\/\/radioljubuski.ba\/#\/schema\/logo\/image\/","url":"https:\/\/radioljubuski.ba\/wp-content\/uploads\/2021\/02\/cropped-Radio_Ljubuski_logo1.jpg","contentUrl":"https:\/\/radioljubuski.ba\/wp-content\/uploads\/2021\/02\/cropped-Radio_Ljubuski_logo1.jpg","width":512,"height":512,"caption":"Radio Ljubu\u0161ki"},"image":{"@id":"https:\/\/radioljubuski.ba\/#\/schema\/logo\/image\/"},"sameAs":["https:\/\/www.facebook.com\/Radiio-Ljubuski-1490835324566332","https:\/\/x.com\/radioljubuski","https:\/\/hr.linkedin.com\/company\/radio-ljubuski","https:\/\/www.youtube.com\/channel\/UCHYaeO_n0Db3tjNGudGpXyw"]},{"@type":"Person","@id":"https:\/\/radioljubuski.ba\/#\/schema\/person\/19fc700381a780f69665d7956c469e3b","name":"Radio Ljubu\u0161ki"}]}},"_links":{"self":[{"href":"https:\/\/radioljubuski.ba\/index.php\/wp-json\/wp\/v2\/posts\/61882","targetHints":{"allow":["GET"]}}],"collection":[{"href":"https:\/\/radioljubuski.ba\/index.php\/wp-json\/wp\/v2\/posts"}],"about":[{"href":"https:\/\/radioljubuski.ba\/index.php\/wp-json\/wp\/v2\/types\/post"}],"author":[{"embeddable":true,"href":"https:\/\/radioljubuski.ba\/index.php\/wp-json\/wp\/v2\/users\/2"}],"replies":[{"embeddable":true,"href":"https:\/\/radioljubuski.ba\/index.php\/wp-json\/wp\/v2\/comments?post=61882"}],"version-history":[{"count":1,"href":"https:\/\/radioljubuski.ba\/index.php\/wp-json\/wp\/v2\/posts\/61882\/revisions"}],"predecessor-version":[{"id":61883,"href":"https:\/\/radioljubuski.ba\/index.php\/wp-json\/wp\/v2\/posts\/61882\/revisions\/61883"}],"wp:featuredmedia":[{"embeddable":true,"href":"https:\/\/radioljubuski.ba\/index.php\/wp-json\/wp\/v2\/media\/6944"}],"wp:attachment":[{"href":"https:\/\/radioljubuski.ba\/index.php\/wp-json\/wp\/v2\/media?parent=61882"}],"wp:term":[{"taxonomy":"category","embeddable":true,"href":"https:\/\/radioljubuski.ba\/index.php\/wp-json\/wp\/v2\/categories?post=61882"},{"taxonomy":"post_tag","embeddable":true,"href":"https:\/\/radioljubuski.ba\/index.php\/wp-json\/wp\/v2\/tags?post=61882"}],"curies":[{"name":"wp","href":"https:\/\/api.w.org\/{rel}","templated":true}]}}