{"id":61891,"date":"2021-09-08T12:06:38","date_gmt":"2021-09-08T11:06:38","guid":{"rendered":"https:\/\/radioljubuski.ba\/?p=61891"},"modified":"2021-09-08T12:06:38","modified_gmt":"2021-09-08T11:06:38","slug":"u-20-dana-ubijena-dvojica-muskaraca-ubojicama-jos-nema-traga","status":"publish","type":"post","link":"https:\/\/radioljubuski.ba\/index.php\/2021\/09\/08\/u-20-dana-ubijena-dvojica-muskaraca-ubojicama-jos-nema-traga\/","title":{"rendered":"U 20 dana ubijena dvojica mu\u0161karaca, ubojicama jo\u0161 nema traga"},"content":{"rendered":"\n<p><strong>Hercegovinu su, \u0161to je u ovim krajevima nezapam\u0107eno, u vrlo kratkom razdoblju potresla dva ubojstva.<\/strong><\/p>\n\n\n\n<p>9. kolovoza 2021. godine PU Ljubu\u0161ki zaprimila je prijavu da u mjestu Vojni\u0107i, zaseok Vodice, u \u0161umi le\u017ei mu\u0161ka osoba s vidljivim tragovima krvi, a u blizini se nalazi Mercedes. Na mjesto doga\u0111aja odmah su izi\u0161li policijski slu\u017ebenici PU Ljubu\u0161ki i djelatnici Hitne pomo\u0107i Doma zdravlja Ljubu\u0161ki.<\/p>\n\n\n\n<p>Ispostavilo se da je u zasjedi ubijen Toni Brki\u0107, koji \u017eivi u Zagrebu, a u Ljubu\u0161ki povremeno dolazi. Tko ga je, kako i za\u0161to likvidirao jo\u0161 se istra\u017euje.<\/p>\n\n\n\n<p><em>\u201cObavije\u0161tavam vas da su na mjestu doga\u0111aja samog ubojstva izvr\u0161ene o\u010devidne radnje u prisutnosti tu\u017eitelja,&nbsp;od strane tu\u017eitelja je nalo\u017eeno provo\u0111enje vi\u0161e razli\u010ditih vje\u0161ta\u010denja te su poduzete druge potrebne istra\u017ene radnje, a sve u cilju razja\u0161njenja navednog ubojstva te utvr\u0111ivanja svih relevantnih \u010dinjenica kao i otkrivanja samog po\u010dinitelja ovog kaznenog djela\u201d<\/em>, ka\u017ee za&nbsp;<a href=\"https:\/\/www.hercegovina.info\/vijesti\/bih\/hercegovina-to-ne-pamti-u-20-dana-ubijena-dvojica-muskaraca-ubojicama-jos-nema-traga\/197338\/\" target=\"_blank\" rel=\"noreferrer noopener\">Hercegovina.info<\/a>&nbsp;postupaju\u0107i tu\u017eitelj Tu\u017eiteljstva \u017dZH Mladen Hrsti\u0107.<\/p>\n\n\n\n<p>Isti\u010de da na brojna pitanja koja su mu proslije\u0111ena oko ovog ubojstva trenuta\u010dno nisu u mogu\u0107nosti odgovoriti, iz razloga za\u0161tite interesa daljnje istrage, uz napomenu da \u0107e javnost o ovom slu\u010daju od strane \u017dupanijskog tu\u017eiteljstva \u017dZH biti pravodobno informirana.&nbsp;&nbsp;&nbsp;&nbsp;&nbsp;&nbsp;<\/p>\n\n\n\n<p>Nakon ubojstva u Ljubu\u0161kom, u \u010citluku je ubijen 53-godi\u0161nji Robert Pehar, \u010dije je mrtvo tijelo prona\u0161ao susjed. Obdukcija je pokazala da je ubijen iz vatrenog oru\u017eja.<\/p>\n\n\n\n<p>Dva ubojstva su se dogodila u razmaku od svega dvadesetak dana, \u0161to je u Hercegovini rijetko i nezapam\u0107eno, osobito u tako malom razmaku.<\/p>\n\n\n\n<p>Iz policije i tu\u017eiteljstva za sada nema detalja o istima, tek neslu\u017ebena govorenja o pro\u0161losti dvojice ubijenih.<\/p>\n\n\n\n<p><strong>Izvor. Heregovina.info<\/strong><\/p>\n","protected":false},"excerpt":{"rendered":"<p>Hercegovinu su, \u0161to je u ovim krajevima nezapam\u0107eno, u vrlo kratkom razdoblju potresla dva ubojstva. 9. kolovoza 2021. godine PU Ljubu\u0161ki zaprimila je prijavu da u mjestu Vojni\u0107i, zaseok Vodice, u \u0161umi le\u017ei mu\u0161ka osoba s vidljivim tragovima krvi, a u blizini se nalazi Mercedes. Na mjesto doga\u0111aja odmah su izi\u0161li policijski slu\u017ebenici PU Ljubu\u0161ki [&hellip;]<\/p>\n","protected":false},"author":2,"featured_media":61892,"comment_status":"closed","ping_status":"closed","sticky":false,"template":"","format":"standard","meta":{"h5ap_radio_sources":[],"footnotes":""},"categories":[3],"tags":[],"class_list":["post-61891","post","type-post","status-publish","format-standard","has-post-thumbnail","hentry","category-ljubuski"],"yoast_head":"<!-- This site is optimized with the Yoast SEO plugin v27.5 - https:\/\/yoast.com\/product\/yoast-seo-wordpress\/ -->\n<title>U 20 dana ubijena dvojica mu\u0161karaca, ubojicama jo\u0161 nema traga - RADIO LJUBU\u0160KI<\/title>\n<meta name=\"robots\" content=\"index, follow, max-snippet:-1, max-image-preview:large, max-video-preview:-1\" \/>\n<link rel=\"canonical\" href=\"https:\/\/radioljubuski.ba\/index.php\/2021\/09\/08\/u-20-dana-ubijena-dvojica-muskaraca-ubojicama-jos-nema-traga\/\" \/>\n<meta property=\"og:locale\" content=\"hr_HR\" \/>\n<meta property=\"og:type\" content=\"article\" \/>\n<meta property=\"og:title\" content=\"U 20 dana ubijena dvojica mu\u0161karaca, ubojicama jo\u0161 nema traga - RADIO LJUBU\u0160KI\" \/>\n<meta property=\"og:description\" content=\"Hercegovinu su, \u0161to je u ovim krajevima nezapam\u0107eno, u vrlo kratkom razdoblju potresla dva ubojstva. 9. kolovoza 2021. godine PU Ljubu\u0161ki zaprimila je prijavu da u mjestu Vojni\u0107i, zaseok Vodice, u \u0161umi le\u017ei mu\u0161ka osoba s vidljivim tragovima krvi, a u blizini se nalazi Mercedes. Na mjesto doga\u0111aja odmah su izi\u0161li policijski slu\u017ebenici PU Ljubu\u0161ki [&hellip;]\" \/>\n<meta property=\"og:url\" content=\"https:\/\/radioljubuski.ba\/index.php\/2021\/09\/08\/u-20-dana-ubijena-dvojica-muskaraca-ubojicama-jos-nema-traga\/\" \/>\n<meta property=\"og:site_name\" content=\"RADIO LJUBU\u0160KI\" \/>\n<meta property=\"article:publisher\" content=\"https:\/\/www.facebook.com\/Radiio-Ljubuski-1490835324566332\" \/>\n<meta property=\"article:published_time\" content=\"2021-09-08T11:06:38+00:00\" \/>\n<meta property=\"og:image\" content=\"https:\/\/radioljubuski.ba\/wp-content\/uploads\/2021\/09\/ubojstva.jpg\" \/>\n\t<meta property=\"og:image:width\" content=\"1024\" \/>\n\t<meta property=\"og:image:height\" content=\"598\" \/>\n\t<meta property=\"og:image:type\" content=\"image\/jpeg\" \/>\n<meta name=\"author\" content=\"Radio Ljubu\u0161ki\" \/>\n<meta name=\"twitter:card\" content=\"summary_large_image\" \/>\n<meta name=\"twitter:creator\" content=\"@radioljubuski\" \/>\n<meta name=\"twitter:site\" content=\"@radioljubuski\" \/>\n<meta name=\"twitter:label1\" content=\"Napisao\/la\" \/>\n\t<meta name=\"twitter:data1\" content=\"Radio Ljubu\u0161ki\" \/>\n\t<meta name=\"twitter:label2\" content=\"Procijenjeno vrijeme \u010ditanja\" \/>\n\t<meta name=\"twitter:data2\" content=\"2 minute\" \/>\n<script type=\"application\/ld+json\" class=\"yoast-schema-graph\">{\"@context\":\"https:\\\/\\\/schema.org\",\"@graph\":[{\"@type\":\"Article\",\"@id\":\"https:\\\/\\\/radioljubuski.ba\\\/index.php\\\/2021\\\/09\\\/08\\\/u-20-dana-ubijena-dvojica-muskaraca-ubojicama-jos-nema-traga\\\/#article\",\"isPartOf\":{\"@id\":\"https:\\\/\\\/radioljubuski.ba\\\/index.php\\\/2021\\\/09\\\/08\\\/u-20-dana-ubijena-dvojica-muskaraca-ubojicama-jos-nema-traga\\\/\"},\"author\":{\"name\":\"Radio Ljubu\u0161ki\",\"@id\":\"https:\\\/\\\/radioljubuski.ba\\\/#\\\/schema\\\/person\\\/19fc700381a780f69665d7956c469e3b\"},\"headline\":\"U 20 dana ubijena dvojica mu\u0161karaca, ubojicama jo\u0161 nema traga\",\"datePublished\":\"2021-09-08T11:06:38+00:00\",\"mainEntityOfPage\":{\"@id\":\"https:\\\/\\\/radioljubuski.ba\\\/index.php\\\/2021\\\/09\\\/08\\\/u-20-dana-ubijena-dvojica-muskaraca-ubojicama-jos-nema-traga\\\/\"},\"wordCount\":325,\"publisher\":{\"@id\":\"https:\\\/\\\/radioljubuski.ba\\\/#organization\"},\"image\":{\"@id\":\"https:\\\/\\\/radioljubuski.ba\\\/index.php\\\/2021\\\/09\\\/08\\\/u-20-dana-ubijena-dvojica-muskaraca-ubojicama-jos-nema-traga\\\/#primaryimage\"},\"thumbnailUrl\":\"https:\\\/\\\/radioljubuski.ba\\\/wp-content\\\/uploads\\\/2021\\\/09\\\/ubojstva.jpg\",\"articleSection\":[\"Ljubu\u0161ki\"],\"inLanguage\":\"hr\"},{\"@type\":\"WebPage\",\"@id\":\"https:\\\/\\\/radioljubuski.ba\\\/index.php\\\/2021\\\/09\\\/08\\\/u-20-dana-ubijena-dvojica-muskaraca-ubojicama-jos-nema-traga\\\/\",\"url\":\"https:\\\/\\\/radioljubuski.ba\\\/index.php\\\/2021\\\/09\\\/08\\\/u-20-dana-ubijena-dvojica-muskaraca-ubojicama-jos-nema-traga\\\/\",\"name\":\"U 20 dana ubijena dvojica mu\u0161karaca, ubojicama jo\u0161 nema traga - RADIO LJUBU\u0160KI\",\"isPartOf\":{\"@id\":\"https:\\\/\\\/radioljubuski.ba\\\/#website\"},\"primaryImageOfPage\":{\"@id\":\"https:\\\/\\\/radioljubuski.ba\\\/index.php\\\/2021\\\/09\\\/08\\\/u-20-dana-ubijena-dvojica-muskaraca-ubojicama-jos-nema-traga\\\/#primaryimage\"},\"image\":{\"@id\":\"https:\\\/\\\/radioljubuski.ba\\\/index.php\\\/2021\\\/09\\\/08\\\/u-20-dana-ubijena-dvojica-muskaraca-ubojicama-jos-nema-traga\\\/#primaryimage\"},\"thumbnailUrl\":\"https:\\\/\\\/radioljubuski.ba\\\/wp-content\\\/uploads\\\/2021\\\/09\\\/ubojstva.jpg\",\"datePublished\":\"2021-09-08T11:06:38+00:00\",\"breadcrumb\":{\"@id\":\"https:\\\/\\\/radioljubuski.ba\\\/index.php\\\/2021\\\/09\\\/08\\\/u-20-dana-ubijena-dvojica-muskaraca-ubojicama-jos-nema-traga\\\/#breadcrumb\"},\"inLanguage\":\"hr\",\"potentialAction\":[{\"@type\":\"ReadAction\",\"target\":[\"https:\\\/\\\/radioljubuski.ba\\\/index.php\\\/2021\\\/09\\\/08\\\/u-20-dana-ubijena-dvojica-muskaraca-ubojicama-jos-nema-traga\\\/\"]}]},{\"@type\":\"ImageObject\",\"inLanguage\":\"hr\",\"@id\":\"https:\\\/\\\/radioljubuski.ba\\\/index.php\\\/2021\\\/09\\\/08\\\/u-20-dana-ubijena-dvojica-muskaraca-ubojicama-jos-nema-traga\\\/#primaryimage\",\"url\":\"https:\\\/\\\/radioljubuski.ba\\\/wp-content\\\/uploads\\\/2021\\\/09\\\/ubojstva.jpg\",\"contentUrl\":\"https:\\\/\\\/radioljubuski.ba\\\/wp-content\\\/uploads\\\/2021\\\/09\\\/ubojstva.jpg\",\"width\":1024,\"height\":598},{\"@type\":\"BreadcrumbList\",\"@id\":\"https:\\\/\\\/radioljubuski.ba\\\/index.php\\\/2021\\\/09\\\/08\\\/u-20-dana-ubijena-dvojica-muskaraca-ubojicama-jos-nema-traga\\\/#breadcrumb\",\"itemListElement\":[{\"@type\":\"ListItem\",\"position\":1,\"name\":\"Po\u010detna stranica\",\"item\":\"https:\\\/\\\/radioljubuski.ba\\\/\"},{\"@type\":\"ListItem\",\"position\":2,\"name\":\"U 20 dana ubijena dvojica mu\u0161karaca, ubojicama jo\u0161 nema traga\"}]},{\"@type\":\"WebSite\",\"@id\":\"https:\\\/\\\/radioljubuski.ba\\\/#website\",\"url\":\"https:\\\/\\\/radioljubuski.ba\\\/\",\"name\":\"Radio Ljubu\u0161ki\",\"description\":\"Sun\u010dana frekvencija Hercegovine\",\"publisher\":{\"@id\":\"https:\\\/\\\/radioljubuski.ba\\\/#organization\"},\"potentialAction\":[{\"@type\":\"SearchAction\",\"target\":{\"@type\":\"EntryPoint\",\"urlTemplate\":\"https:\\\/\\\/radioljubuski.ba\\\/?s={search_term_string}\"},\"query-input\":{\"@type\":\"PropertyValueSpecification\",\"valueRequired\":true,\"valueName\":\"search_term_string\"}}],\"inLanguage\":\"hr\"},{\"@type\":\"Organization\",\"@id\":\"https:\\\/\\\/radioljubuski.ba\\\/#organization\",\"name\":\"Radio Ljubu\u0161ki\",\"url\":\"https:\\\/\\\/radioljubuski.ba\\\/\",\"logo\":{\"@type\":\"ImageObject\",\"inLanguage\":\"hr\",\"@id\":\"https:\\\/\\\/radioljubuski.ba\\\/#\\\/schema\\\/logo\\\/image\\\/\",\"url\":\"https:\\\/\\\/radioljubuski.ba\\\/wp-content\\\/uploads\\\/2021\\\/02\\\/cropped-Radio_Ljubuski_logo1.jpg\",\"contentUrl\":\"https:\\\/\\\/radioljubuski.ba\\\/wp-content\\\/uploads\\\/2021\\\/02\\\/cropped-Radio_Ljubuski_logo1.jpg\",\"width\":512,\"height\":512,\"caption\":\"Radio Ljubu\u0161ki\"},\"image\":{\"@id\":\"https:\\\/\\\/radioljubuski.ba\\\/#\\\/schema\\\/logo\\\/image\\\/\"},\"sameAs\":[\"https:\\\/\\\/www.facebook.com\\\/Radiio-Ljubuski-1490835324566332\",\"https:\\\/\\\/x.com\\\/radioljubuski\",\"https:\\\/\\\/hr.linkedin.com\\\/company\\\/radio-ljubuski\",\"https:\\\/\\\/www.youtube.com\\\/channel\\\/UCHYaeO_n0Db3tjNGudGpXyw\"]},{\"@type\":\"Person\",\"@id\":\"https:\\\/\\\/radioljubuski.ba\\\/#\\\/schema\\\/person\\\/19fc700381a780f69665d7956c469e3b\",\"name\":\"Radio Ljubu\u0161ki\"}]}<\/script>\n<!-- \/ Yoast SEO plugin. -->","yoast_head_json":{"title":"U 20 dana ubijena dvojica mu\u0161karaca, ubojicama jo\u0161 nema traga - RADIO LJUBU\u0160KI","robots":{"index":"index","follow":"follow","max-snippet":"max-snippet:-1","max-image-preview":"max-image-preview:large","max-video-preview":"max-video-preview:-1"},"canonical":"https:\/\/radioljubuski.ba\/index.php\/2021\/09\/08\/u-20-dana-ubijena-dvojica-muskaraca-ubojicama-jos-nema-traga\/","og_locale":"hr_HR","og_type":"article","og_title":"U 20 dana ubijena dvojica mu\u0161karaca, ubojicama jo\u0161 nema traga - RADIO LJUBU\u0160KI","og_description":"Hercegovinu su, \u0161to je u ovim krajevima nezapam\u0107eno, u vrlo kratkom razdoblju potresla dva ubojstva. 9. kolovoza 2021. godine PU Ljubu\u0161ki zaprimila je prijavu da u mjestu Vojni\u0107i, zaseok Vodice, u \u0161umi le\u017ei mu\u0161ka osoba s vidljivim tragovima krvi, a u blizini se nalazi Mercedes. Na mjesto doga\u0111aja odmah su izi\u0161li policijski slu\u017ebenici PU Ljubu\u0161ki [&hellip;]","og_url":"https:\/\/radioljubuski.ba\/index.php\/2021\/09\/08\/u-20-dana-ubijena-dvojica-muskaraca-ubojicama-jos-nema-traga\/","og_site_name":"RADIO LJUBU\u0160KI","article_publisher":"https:\/\/www.facebook.com\/Radiio-Ljubuski-1490835324566332","article_published_time":"2021-09-08T11:06:38+00:00","og_image":[{"width":1024,"height":598,"url":"https:\/\/radioljubuski.ba\/wp-content\/uploads\/2021\/09\/ubojstva.jpg","type":"image\/jpeg"}],"author":"Radio Ljubu\u0161ki","twitter_card":"summary_large_image","twitter_creator":"@radioljubuski","twitter_site":"@radioljubuski","twitter_misc":{"Napisao\/la":"Radio Ljubu\u0161ki","Procijenjeno vrijeme \u010ditanja":"2 minute"},"schema":{"@context":"https:\/\/schema.org","@graph":[{"@type":"Article","@id":"https:\/\/radioljubuski.ba\/index.php\/2021\/09\/08\/u-20-dana-ubijena-dvojica-muskaraca-ubojicama-jos-nema-traga\/#article","isPartOf":{"@id":"https:\/\/radioljubuski.ba\/index.php\/2021\/09\/08\/u-20-dana-ubijena-dvojica-muskaraca-ubojicama-jos-nema-traga\/"},"author":{"name":"Radio Ljubu\u0161ki","@id":"https:\/\/radioljubuski.ba\/#\/schema\/person\/19fc700381a780f69665d7956c469e3b"},"headline":"U 20 dana ubijena dvojica mu\u0161karaca, ubojicama jo\u0161 nema traga","datePublished":"2021-09-08T11:06:38+00:00","mainEntityOfPage":{"@id":"https:\/\/radioljubuski.ba\/index.php\/2021\/09\/08\/u-20-dana-ubijena-dvojica-muskaraca-ubojicama-jos-nema-traga\/"},"wordCount":325,"publisher":{"@id":"https:\/\/radioljubuski.ba\/#organization"},"image":{"@id":"https:\/\/radioljubuski.ba\/index.php\/2021\/09\/08\/u-20-dana-ubijena-dvojica-muskaraca-ubojicama-jos-nema-traga\/#primaryimage"},"thumbnailUrl":"https:\/\/radioljubuski.ba\/wp-content\/uploads\/2021\/09\/ubojstva.jpg","articleSection":["Ljubu\u0161ki"],"inLanguage":"hr"},{"@type":"WebPage","@id":"https:\/\/radioljubuski.ba\/index.php\/2021\/09\/08\/u-20-dana-ubijena-dvojica-muskaraca-ubojicama-jos-nema-traga\/","url":"https:\/\/radioljubuski.ba\/index.php\/2021\/09\/08\/u-20-dana-ubijena-dvojica-muskaraca-ubojicama-jos-nema-traga\/","name":"U 20 dana ubijena dvojica mu\u0161karaca, ubojicama jo\u0161 nema traga - RADIO LJUBU\u0160KI","isPartOf":{"@id":"https:\/\/radioljubuski.ba\/#website"},"primaryImageOfPage":{"@id":"https:\/\/radioljubuski.ba\/index.php\/2021\/09\/08\/u-20-dana-ubijena-dvojica-muskaraca-ubojicama-jos-nema-traga\/#primaryimage"},"image":{"@id":"https:\/\/radioljubuski.ba\/index.php\/2021\/09\/08\/u-20-dana-ubijena-dvojica-muskaraca-ubojicama-jos-nema-traga\/#primaryimage"},"thumbnailUrl":"https:\/\/radioljubuski.ba\/wp-content\/uploads\/2021\/09\/ubojstva.jpg","datePublished":"2021-09-08T11:06:38+00:00","breadcrumb":{"@id":"https:\/\/radioljubuski.ba\/index.php\/2021\/09\/08\/u-20-dana-ubijena-dvojica-muskaraca-ubojicama-jos-nema-traga\/#breadcrumb"},"inLanguage":"hr","potentialAction":[{"@type":"ReadAction","target":["https:\/\/radioljubuski.ba\/index.php\/2021\/09\/08\/u-20-dana-ubijena-dvojica-muskaraca-ubojicama-jos-nema-traga\/"]}]},{"@type":"ImageObject","inLanguage":"hr","@id":"https:\/\/radioljubuski.ba\/index.php\/2021\/09\/08\/u-20-dana-ubijena-dvojica-muskaraca-ubojicama-jos-nema-traga\/#primaryimage","url":"https:\/\/radioljubuski.ba\/wp-content\/uploads\/2021\/09\/ubojstva.jpg","contentUrl":"https:\/\/radioljubuski.ba\/wp-content\/uploads\/2021\/09\/ubojstva.jpg","width":1024,"height":598},{"@type":"BreadcrumbList","@id":"https:\/\/radioljubuski.ba\/index.php\/2021\/09\/08\/u-20-dana-ubijena-dvojica-muskaraca-ubojicama-jos-nema-traga\/#breadcrumb","itemListElement":[{"@type":"ListItem","position":1,"name":"Po\u010detna stranica","item":"https:\/\/radioljubuski.ba\/"},{"@type":"ListItem","position":2,"name":"U 20 dana ubijena dvojica mu\u0161karaca, ubojicama jo\u0161 nema traga"}]},{"@type":"WebSite","@id":"https:\/\/radioljubuski.ba\/#website","url":"https:\/\/radioljubuski.ba\/","name":"Radio Ljubu\u0161ki","description":"Sun\u010dana frekvencija Hercegovine","publisher":{"@id":"https:\/\/radioljubuski.ba\/#organization"},"potentialAction":[{"@type":"SearchAction","target":{"@type":"EntryPoint","urlTemplate":"https:\/\/radioljubuski.ba\/?s={search_term_string}"},"query-input":{"@type":"PropertyValueSpecification","valueRequired":true,"valueName":"search_term_string"}}],"inLanguage":"hr"},{"@type":"Organization","@id":"https:\/\/radioljubuski.ba\/#organization","name":"Radio Ljubu\u0161ki","url":"https:\/\/radioljubuski.ba\/","logo":{"@type":"ImageObject","inLanguage":"hr","@id":"https:\/\/radioljubuski.ba\/#\/schema\/logo\/image\/","url":"https:\/\/radioljubuski.ba\/wp-content\/uploads\/2021\/02\/cropped-Radio_Ljubuski_logo1.jpg","contentUrl":"https:\/\/radioljubuski.ba\/wp-content\/uploads\/2021\/02\/cropped-Radio_Ljubuski_logo1.jpg","width":512,"height":512,"caption":"Radio Ljubu\u0161ki"},"image":{"@id":"https:\/\/radioljubuski.ba\/#\/schema\/logo\/image\/"},"sameAs":["https:\/\/www.facebook.com\/Radiio-Ljubuski-1490835324566332","https:\/\/x.com\/radioljubuski","https:\/\/hr.linkedin.com\/company\/radio-ljubuski","https:\/\/www.youtube.com\/channel\/UCHYaeO_n0Db3tjNGudGpXyw"]},{"@type":"Person","@id":"https:\/\/radioljubuski.ba\/#\/schema\/person\/19fc700381a780f69665d7956c469e3b","name":"Radio Ljubu\u0161ki"}]}},"_links":{"self":[{"href":"https:\/\/radioljubuski.ba\/index.php\/wp-json\/wp\/v2\/posts\/61891","targetHints":{"allow":["GET"]}}],"collection":[{"href":"https:\/\/radioljubuski.ba\/index.php\/wp-json\/wp\/v2\/posts"}],"about":[{"href":"https:\/\/radioljubuski.ba\/index.php\/wp-json\/wp\/v2\/types\/post"}],"author":[{"embeddable":true,"href":"https:\/\/radioljubuski.ba\/index.php\/wp-json\/wp\/v2\/users\/2"}],"replies":[{"embeddable":true,"href":"https:\/\/radioljubuski.ba\/index.php\/wp-json\/wp\/v2\/comments?post=61891"}],"version-history":[{"count":1,"href":"https:\/\/radioljubuski.ba\/index.php\/wp-json\/wp\/v2\/posts\/61891\/revisions"}],"predecessor-version":[{"id":61893,"href":"https:\/\/radioljubuski.ba\/index.php\/wp-json\/wp\/v2\/posts\/61891\/revisions\/61893"}],"wp:featuredmedia":[{"embeddable":true,"href":"https:\/\/radioljubuski.ba\/index.php\/wp-json\/wp\/v2\/media\/61892"}],"wp:attachment":[{"href":"https:\/\/radioljubuski.ba\/index.php\/wp-json\/wp\/v2\/media?parent=61891"}],"wp:term":[{"taxonomy":"category","embeddable":true,"href":"https:\/\/radioljubuski.ba\/index.php\/wp-json\/wp\/v2\/categories?post=61891"},{"taxonomy":"post_tag","embeddable":true,"href":"https:\/\/radioljubuski.ba\/index.php\/wp-json\/wp\/v2\/tags?post=61891"}],"curies":[{"name":"wp","href":"https:\/\/api.w.org\/{rel}","templated":true}]}}