{"id":62108,"date":"2021-09-09T00:15:14","date_gmt":"2021-09-08T23:15:14","guid":{"rendered":"https:\/\/radioljubuski.ba\/?p=62108"},"modified":"2021-09-09T00:15:15","modified_gmt":"2021-09-08T23:15:15","slug":"medvedev-protiv-auger-aliassimea-za-finale","status":"publish","type":"post","link":"https:\/\/radioljubuski.ba\/index.php\/2021\/09\/09\/medvedev-protiv-auger-aliassimea-za-finale\/","title":{"rendered":"Medvedev protiv Auger-Aliassimea za finale"},"content":{"rendered":"\n<p>Drugi nositelj Rus Danil Medvedev \u0107e u polufinalu zadnjeg grand slam turnira sezone igrati protiv 15. nositelja Kana\u0111anina Felixa Auger-Aliassima, dok \u0107e se u \u017eenskoj konkurenciji za ulaz u finale boriti kanadska senzacija Leylah Fernandez i druga nositeljica Bjeloruskinja Arina Sabalenka.<\/p>\n\n\n\n<p>Auger-Aliassime je plasman u polufinale izborio nakon \u0161to mu je 19-godi\u0161nji \u0160panjolac&nbsp;<strong>Carlos Alcaraz&nbsp;<\/strong>predao me\u010d kod rezultata 6-3, 3-1 zbog ozljede noge.<br><br>Medvedev je u \u010detvrtfinalu nakon dva sata i 24 minuta nadigrao Nizozemca&nbsp;<strong>Botica Van de Zandschulpa<\/strong>, 117. igra\u010da svijeta koji se u glavni turnir probio kroz kvalifikacije, sa 6-3, 6-0, 4-6,7-5.<br><br>Medvedev je 2019. igrao finale US Opena protiv&nbsp;<strong>Rafaela Nadala&nbsp;<\/strong>od kojeg je izgubio nakon pet setova, a pro\u0161le je godine u polufinalu izgubio od kasnije osvaja\u010da naslova Austrijanca&nbsp;<strong>Dominica Thiema<\/strong>.<br><br>Fernandez, 73. na WTA ljestvici, do polufinala je stigla pobjedom nad petom nositeljicom Ukrajinkom<strong>&nbsp;Eljinom Svitoljinom<\/strong>. Za 19-godi\u0161nju Kana\u0111anku ovo je prvo polufinale na grand slam turniru.<br><br>Sabalenka, koja se kao i Fernandez prvi put plasirala u polufinale US Opena, u \u010detvrtfinalu je sa 6-1, 6-4 svladala pobjednicu Roland Garrosa \u010cehinju&nbsp;<strong>Barboru Krej\u010dikovu<\/strong>.<br><br>US Open, tenisa\u010di \u010detvrtfinale:<\/p>\n\n\n\n<p>F\u00e9lix Auger-Aliassime (Kan\/N.12) &#8211; Carlos Alcaraz (ESP) 6-3, 3-1 (predaja)<\/p>\n\n\n\n<p>Danil Medvjedev (Rus\/N.2) &#8211; Botic van de Zandschulp (Niz) 6-3, 6-0, 4-6, 7-5<br><br>Tenisa\u010dice \u010detvrtfinale:<\/p>\n\n\n\n<p>Leylah Fernandez (Kan) &#8211; Elina Svitolina (Ukr\/N.5) 6-3, 3-6, 7-6 (7\/5)<\/p>\n\n\n\n<p>Aryna Sabalenka (Bje\/N.2) &#8211; Barbora Krejcikova (\u010ce\u0161\/N.8) 6-1, 6-4<\/p>\n","protected":false},"excerpt":{"rendered":"<p>Drugi nositelj Rus Danil Medvedev \u0107e u polufinalu zadnjeg grand slam turnira sezone igrati protiv 15. nositelja Kana\u0111anina Felixa Auger-Aliassima, dok \u0107e se u \u017eenskoj konkurenciji za ulaz u finale boriti kanadska senzacija Leylah Fernandez i druga nositeljica Bjeloruskinja Arina Sabalenka. Auger-Aliassime je plasman u polufinale izborio nakon \u0161to mu je 19-godi\u0161nji \u0160panjolac&nbsp;Carlos Alcaraz&nbsp;predao me\u010d [&hellip;]<\/p>\n","protected":false},"author":2,"featured_media":62109,"comment_status":"closed","ping_status":"closed","sticky":false,"template":"","format":"standard","meta":{"h5ap_radio_sources":[],"footnotes":""},"categories":[7],"tags":[],"class_list":["post-62108","post","type-post","status-publish","format-standard","has-post-thumbnail","hentry","category-sport"],"yoast_head":"<!-- This site is optimized with the Yoast SEO plugin v27.4 - https:\/\/yoast.com\/product\/yoast-seo-wordpress\/ -->\n<title>Medvedev protiv Auger-Aliassimea za finale - RADIO LJUBU\u0160KI<\/title>\n<meta name=\"robots\" content=\"index, follow, max-snippet:-1, max-image-preview:large, max-video-preview:-1\" \/>\n<link rel=\"canonical\" href=\"https:\/\/radioljubuski.ba\/index.php\/2021\/09\/09\/medvedev-protiv-auger-aliassimea-za-finale\/\" \/>\n<meta property=\"og:locale\" content=\"hr_HR\" \/>\n<meta property=\"og:type\" content=\"article\" \/>\n<meta property=\"og:title\" content=\"Medvedev protiv Auger-Aliassimea za finale - RADIO LJUBU\u0160KI\" \/>\n<meta property=\"og:description\" content=\"Drugi nositelj Rus Danil Medvedev \u0107e u polufinalu zadnjeg grand slam turnira sezone igrati protiv 15. nositelja Kana\u0111anina Felixa Auger-Aliassima, dok \u0107e se u \u017eenskoj konkurenciji za ulaz u finale boriti kanadska senzacija Leylah Fernandez i druga nositeljica Bjeloruskinja Arina Sabalenka. Auger-Aliassime je plasman u polufinale izborio nakon \u0161to mu je 19-godi\u0161nji \u0160panjolac&nbsp;Carlos Alcaraz&nbsp;predao me\u010d [&hellip;]\" \/>\n<meta property=\"og:url\" content=\"https:\/\/radioljubuski.ba\/index.php\/2021\/09\/09\/medvedev-protiv-auger-aliassimea-za-finale\/\" \/>\n<meta property=\"og:site_name\" content=\"RADIO LJUBU\u0160KI\" \/>\n<meta property=\"article:publisher\" content=\"https:\/\/www.facebook.com\/Radiio-Ljubuski-1490835324566332\" \/>\n<meta property=\"article:published_time\" content=\"2021-09-08T23:15:14+00:00\" \/>\n<meta property=\"article:modified_time\" content=\"2021-09-08T23:15:15+00:00\" \/>\n<meta property=\"og:image\" content=\"https:\/\/radioljubuski.ba\/wp-content\/uploads\/2021\/09\/2021-09-08t024107z-1773413823-mt1usatoday16704059-rtrmadp-3-tennis-us-open-20210908074310-scaled.jpg\" \/>\n\t<meta property=\"og:image:width\" content=\"2560\" \/>\n\t<meta property=\"og:image:height\" content=\"1707\" \/>\n\t<meta property=\"og:image:type\" content=\"image\/jpeg\" \/>\n<meta name=\"author\" content=\"Radio Ljubu\u0161ki\" \/>\n<meta name=\"twitter:card\" content=\"summary_large_image\" \/>\n<meta name=\"twitter:creator\" content=\"@radioljubuski\" \/>\n<meta name=\"twitter:site\" content=\"@radioljubuski\" \/>\n<meta name=\"twitter:label1\" content=\"Napisao\/la\" \/>\n\t<meta name=\"twitter:data1\" content=\"Radio Ljubu\u0161ki\" \/>\n\t<meta name=\"twitter:label2\" content=\"Procijenjeno vrijeme \u010ditanja\" \/>\n\t<meta name=\"twitter:data2\" content=\"1 minuta\" \/>\n<script type=\"application\/ld+json\" class=\"yoast-schema-graph\">{\"@context\":\"https:\\\/\\\/schema.org\",\"@graph\":[{\"@type\":\"Article\",\"@id\":\"https:\\\/\\\/radioljubuski.ba\\\/index.php\\\/2021\\\/09\\\/09\\\/medvedev-protiv-auger-aliassimea-za-finale\\\/#article\",\"isPartOf\":{\"@id\":\"https:\\\/\\\/radioljubuski.ba\\\/index.php\\\/2021\\\/09\\\/09\\\/medvedev-protiv-auger-aliassimea-za-finale\\\/\"},\"author\":{\"name\":\"Radio Ljubu\u0161ki\",\"@id\":\"https:\\\/\\\/radioljubuski.ba\\\/#\\\/schema\\\/person\\\/19fc700381a780f69665d7956c469e3b\"},\"headline\":\"Medvedev protiv Auger-Aliassimea za finale\",\"datePublished\":\"2021-09-08T23:15:14+00:00\",\"dateModified\":\"2021-09-08T23:15:15+00:00\",\"mainEntityOfPage\":{\"@id\":\"https:\\\/\\\/radioljubuski.ba\\\/index.php\\\/2021\\\/09\\\/09\\\/medvedev-protiv-auger-aliassimea-za-finale\\\/\"},\"wordCount\":252,\"publisher\":{\"@id\":\"https:\\\/\\\/radioljubuski.ba\\\/#organization\"},\"image\":{\"@id\":\"https:\\\/\\\/radioljubuski.ba\\\/index.php\\\/2021\\\/09\\\/09\\\/medvedev-protiv-auger-aliassimea-za-finale\\\/#primaryimage\"},\"thumbnailUrl\":\"https:\\\/\\\/radioljubuski.ba\\\/wp-content\\\/uploads\\\/2021\\\/09\\\/2021-09-08t024107z-1773413823-mt1usatoday16704059-rtrmadp-3-tennis-us-open-20210908074310-scaled.jpg\",\"articleSection\":[\"\u0160port\"],\"inLanguage\":\"hr\"},{\"@type\":\"WebPage\",\"@id\":\"https:\\\/\\\/radioljubuski.ba\\\/index.php\\\/2021\\\/09\\\/09\\\/medvedev-protiv-auger-aliassimea-za-finale\\\/\",\"url\":\"https:\\\/\\\/radioljubuski.ba\\\/index.php\\\/2021\\\/09\\\/09\\\/medvedev-protiv-auger-aliassimea-za-finale\\\/\",\"name\":\"Medvedev protiv Auger-Aliassimea za finale - RADIO LJUBU\u0160KI\",\"isPartOf\":{\"@id\":\"https:\\\/\\\/radioljubuski.ba\\\/#website\"},\"primaryImageOfPage\":{\"@id\":\"https:\\\/\\\/radioljubuski.ba\\\/index.php\\\/2021\\\/09\\\/09\\\/medvedev-protiv-auger-aliassimea-za-finale\\\/#primaryimage\"},\"image\":{\"@id\":\"https:\\\/\\\/radioljubuski.ba\\\/index.php\\\/2021\\\/09\\\/09\\\/medvedev-protiv-auger-aliassimea-za-finale\\\/#primaryimage\"},\"thumbnailUrl\":\"https:\\\/\\\/radioljubuski.ba\\\/wp-content\\\/uploads\\\/2021\\\/09\\\/2021-09-08t024107z-1773413823-mt1usatoday16704059-rtrmadp-3-tennis-us-open-20210908074310-scaled.jpg\",\"datePublished\":\"2021-09-08T23:15:14+00:00\",\"dateModified\":\"2021-09-08T23:15:15+00:00\",\"breadcrumb\":{\"@id\":\"https:\\\/\\\/radioljubuski.ba\\\/index.php\\\/2021\\\/09\\\/09\\\/medvedev-protiv-auger-aliassimea-za-finale\\\/#breadcrumb\"},\"inLanguage\":\"hr\",\"potentialAction\":[{\"@type\":\"ReadAction\",\"target\":[\"https:\\\/\\\/radioljubuski.ba\\\/index.php\\\/2021\\\/09\\\/09\\\/medvedev-protiv-auger-aliassimea-za-finale\\\/\"]}]},{\"@type\":\"ImageObject\",\"inLanguage\":\"hr\",\"@id\":\"https:\\\/\\\/radioljubuski.ba\\\/index.php\\\/2021\\\/09\\\/09\\\/medvedev-protiv-auger-aliassimea-za-finale\\\/#primaryimage\",\"url\":\"https:\\\/\\\/radioljubuski.ba\\\/wp-content\\\/uploads\\\/2021\\\/09\\\/2021-09-08t024107z-1773413823-mt1usatoday16704059-rtrmadp-3-tennis-us-open-20210908074310-scaled.jpg\",\"contentUrl\":\"https:\\\/\\\/radioljubuski.ba\\\/wp-content\\\/uploads\\\/2021\\\/09\\\/2021-09-08t024107z-1773413823-mt1usatoday16704059-rtrmadp-3-tennis-us-open-20210908074310-scaled.jpg\",\"width\":2560,\"height\":1707,\"caption\":\"Sep 7, 2021; Flushing, NY, USA; Felix Auger-Alliassime of Canada (L) shakes hands with Carlos Alcaraz of Spain (R) after Alcaraz is forced to retire with an injury on day nine of the 2021 U.S. Open tennis tournament at USTA Billie Jean King National Tennis Center. Mandatory Credit: Geoff Burke-USA TODAY Sports\"},{\"@type\":\"BreadcrumbList\",\"@id\":\"https:\\\/\\\/radioljubuski.ba\\\/index.php\\\/2021\\\/09\\\/09\\\/medvedev-protiv-auger-aliassimea-za-finale\\\/#breadcrumb\",\"itemListElement\":[{\"@type\":\"ListItem\",\"position\":1,\"name\":\"Po\u010detna stranica\",\"item\":\"https:\\\/\\\/radioljubuski.ba\\\/\"},{\"@type\":\"ListItem\",\"position\":2,\"name\":\"Medvedev protiv Auger-Aliassimea za finale\"}]},{\"@type\":\"WebSite\",\"@id\":\"https:\\\/\\\/radioljubuski.ba\\\/#website\",\"url\":\"https:\\\/\\\/radioljubuski.ba\\\/\",\"name\":\"Radio Ljubu\u0161ki\",\"description\":\"Sun\u010dana frekvencija Hercegovine\",\"publisher\":{\"@id\":\"https:\\\/\\\/radioljubuski.ba\\\/#organization\"},\"potentialAction\":[{\"@type\":\"SearchAction\",\"target\":{\"@type\":\"EntryPoint\",\"urlTemplate\":\"https:\\\/\\\/radioljubuski.ba\\\/?s={search_term_string}\"},\"query-input\":{\"@type\":\"PropertyValueSpecification\",\"valueRequired\":true,\"valueName\":\"search_term_string\"}}],\"inLanguage\":\"hr\"},{\"@type\":\"Organization\",\"@id\":\"https:\\\/\\\/radioljubuski.ba\\\/#organization\",\"name\":\"Radio Ljubu\u0161ki\",\"url\":\"https:\\\/\\\/radioljubuski.ba\\\/\",\"logo\":{\"@type\":\"ImageObject\",\"inLanguage\":\"hr\",\"@id\":\"https:\\\/\\\/radioljubuski.ba\\\/#\\\/schema\\\/logo\\\/image\\\/\",\"url\":\"https:\\\/\\\/radioljubuski.ba\\\/wp-content\\\/uploads\\\/2021\\\/02\\\/cropped-Radio_Ljubuski_logo1.jpg\",\"contentUrl\":\"https:\\\/\\\/radioljubuski.ba\\\/wp-content\\\/uploads\\\/2021\\\/02\\\/cropped-Radio_Ljubuski_logo1.jpg\",\"width\":512,\"height\":512,\"caption\":\"Radio Ljubu\u0161ki\"},\"image\":{\"@id\":\"https:\\\/\\\/radioljubuski.ba\\\/#\\\/schema\\\/logo\\\/image\\\/\"},\"sameAs\":[\"https:\\\/\\\/www.facebook.com\\\/Radiio-Ljubuski-1490835324566332\",\"https:\\\/\\\/x.com\\\/radioljubuski\",\"https:\\\/\\\/hr.linkedin.com\\\/company\\\/radio-ljubuski\",\"https:\\\/\\\/www.youtube.com\\\/channel\\\/UCHYaeO_n0Db3tjNGudGpXyw\"]},{\"@type\":\"Person\",\"@id\":\"https:\\\/\\\/radioljubuski.ba\\\/#\\\/schema\\\/person\\\/19fc700381a780f69665d7956c469e3b\",\"name\":\"Radio Ljubu\u0161ki\"}]}<\/script>\n<!-- \/ Yoast SEO plugin. -->","yoast_head_json":{"title":"Medvedev protiv Auger-Aliassimea za finale - RADIO LJUBU\u0160KI","robots":{"index":"index","follow":"follow","max-snippet":"max-snippet:-1","max-image-preview":"max-image-preview:large","max-video-preview":"max-video-preview:-1"},"canonical":"https:\/\/radioljubuski.ba\/index.php\/2021\/09\/09\/medvedev-protiv-auger-aliassimea-za-finale\/","og_locale":"hr_HR","og_type":"article","og_title":"Medvedev protiv Auger-Aliassimea za finale - RADIO LJUBU\u0160KI","og_description":"Drugi nositelj Rus Danil Medvedev \u0107e u polufinalu zadnjeg grand slam turnira sezone igrati protiv 15. nositelja Kana\u0111anina Felixa Auger-Aliassima, dok \u0107e se u \u017eenskoj konkurenciji za ulaz u finale boriti kanadska senzacija Leylah Fernandez i druga nositeljica Bjeloruskinja Arina Sabalenka. Auger-Aliassime je plasman u polufinale izborio nakon \u0161to mu je 19-godi\u0161nji \u0160panjolac&nbsp;Carlos Alcaraz&nbsp;predao me\u010d [&hellip;]","og_url":"https:\/\/radioljubuski.ba\/index.php\/2021\/09\/09\/medvedev-protiv-auger-aliassimea-za-finale\/","og_site_name":"RADIO LJUBU\u0160KI","article_publisher":"https:\/\/www.facebook.com\/Radiio-Ljubuski-1490835324566332","article_published_time":"2021-09-08T23:15:14+00:00","article_modified_time":"2021-09-08T23:15:15+00:00","og_image":[{"width":2560,"height":1707,"url":"https:\/\/radioljubuski.ba\/wp-content\/uploads\/2021\/09\/2021-09-08t024107z-1773413823-mt1usatoday16704059-rtrmadp-3-tennis-us-open-20210908074310-scaled.jpg","type":"image\/jpeg"}],"author":"Radio Ljubu\u0161ki","twitter_card":"summary_large_image","twitter_creator":"@radioljubuski","twitter_site":"@radioljubuski","twitter_misc":{"Napisao\/la":"Radio Ljubu\u0161ki","Procijenjeno vrijeme \u010ditanja":"1 minuta"},"schema":{"@context":"https:\/\/schema.org","@graph":[{"@type":"Article","@id":"https:\/\/radioljubuski.ba\/index.php\/2021\/09\/09\/medvedev-protiv-auger-aliassimea-za-finale\/#article","isPartOf":{"@id":"https:\/\/radioljubuski.ba\/index.php\/2021\/09\/09\/medvedev-protiv-auger-aliassimea-za-finale\/"},"author":{"name":"Radio Ljubu\u0161ki","@id":"https:\/\/radioljubuski.ba\/#\/schema\/person\/19fc700381a780f69665d7956c469e3b"},"headline":"Medvedev protiv Auger-Aliassimea za finale","datePublished":"2021-09-08T23:15:14+00:00","dateModified":"2021-09-08T23:15:15+00:00","mainEntityOfPage":{"@id":"https:\/\/radioljubuski.ba\/index.php\/2021\/09\/09\/medvedev-protiv-auger-aliassimea-za-finale\/"},"wordCount":252,"publisher":{"@id":"https:\/\/radioljubuski.ba\/#organization"},"image":{"@id":"https:\/\/radioljubuski.ba\/index.php\/2021\/09\/09\/medvedev-protiv-auger-aliassimea-za-finale\/#primaryimage"},"thumbnailUrl":"https:\/\/radioljubuski.ba\/wp-content\/uploads\/2021\/09\/2021-09-08t024107z-1773413823-mt1usatoday16704059-rtrmadp-3-tennis-us-open-20210908074310-scaled.jpg","articleSection":["\u0160port"],"inLanguage":"hr"},{"@type":"WebPage","@id":"https:\/\/radioljubuski.ba\/index.php\/2021\/09\/09\/medvedev-protiv-auger-aliassimea-za-finale\/","url":"https:\/\/radioljubuski.ba\/index.php\/2021\/09\/09\/medvedev-protiv-auger-aliassimea-za-finale\/","name":"Medvedev protiv Auger-Aliassimea za finale - RADIO LJUBU\u0160KI","isPartOf":{"@id":"https:\/\/radioljubuski.ba\/#website"},"primaryImageOfPage":{"@id":"https:\/\/radioljubuski.ba\/index.php\/2021\/09\/09\/medvedev-protiv-auger-aliassimea-za-finale\/#primaryimage"},"image":{"@id":"https:\/\/radioljubuski.ba\/index.php\/2021\/09\/09\/medvedev-protiv-auger-aliassimea-za-finale\/#primaryimage"},"thumbnailUrl":"https:\/\/radioljubuski.ba\/wp-content\/uploads\/2021\/09\/2021-09-08t024107z-1773413823-mt1usatoday16704059-rtrmadp-3-tennis-us-open-20210908074310-scaled.jpg","datePublished":"2021-09-08T23:15:14+00:00","dateModified":"2021-09-08T23:15:15+00:00","breadcrumb":{"@id":"https:\/\/radioljubuski.ba\/index.php\/2021\/09\/09\/medvedev-protiv-auger-aliassimea-za-finale\/#breadcrumb"},"inLanguage":"hr","potentialAction":[{"@type":"ReadAction","target":["https:\/\/radioljubuski.ba\/index.php\/2021\/09\/09\/medvedev-protiv-auger-aliassimea-za-finale\/"]}]},{"@type":"ImageObject","inLanguage":"hr","@id":"https:\/\/radioljubuski.ba\/index.php\/2021\/09\/09\/medvedev-protiv-auger-aliassimea-za-finale\/#primaryimage","url":"https:\/\/radioljubuski.ba\/wp-content\/uploads\/2021\/09\/2021-09-08t024107z-1773413823-mt1usatoday16704059-rtrmadp-3-tennis-us-open-20210908074310-scaled.jpg","contentUrl":"https:\/\/radioljubuski.ba\/wp-content\/uploads\/2021\/09\/2021-09-08t024107z-1773413823-mt1usatoday16704059-rtrmadp-3-tennis-us-open-20210908074310-scaled.jpg","width":2560,"height":1707,"caption":"Sep 7, 2021; Flushing, NY, USA; Felix Auger-Alliassime of Canada (L) shakes hands with Carlos Alcaraz of Spain (R) after Alcaraz is forced to retire with an injury on day nine of the 2021 U.S. Open tennis tournament at USTA Billie Jean King National Tennis Center. Mandatory Credit: Geoff Burke-USA TODAY Sports"},{"@type":"BreadcrumbList","@id":"https:\/\/radioljubuski.ba\/index.php\/2021\/09\/09\/medvedev-protiv-auger-aliassimea-za-finale\/#breadcrumb","itemListElement":[{"@type":"ListItem","position":1,"name":"Po\u010detna stranica","item":"https:\/\/radioljubuski.ba\/"},{"@type":"ListItem","position":2,"name":"Medvedev protiv Auger-Aliassimea za finale"}]},{"@type":"WebSite","@id":"https:\/\/radioljubuski.ba\/#website","url":"https:\/\/radioljubuski.ba\/","name":"Radio Ljubu\u0161ki","description":"Sun\u010dana frekvencija Hercegovine","publisher":{"@id":"https:\/\/radioljubuski.ba\/#organization"},"potentialAction":[{"@type":"SearchAction","target":{"@type":"EntryPoint","urlTemplate":"https:\/\/radioljubuski.ba\/?s={search_term_string}"},"query-input":{"@type":"PropertyValueSpecification","valueRequired":true,"valueName":"search_term_string"}}],"inLanguage":"hr"},{"@type":"Organization","@id":"https:\/\/radioljubuski.ba\/#organization","name":"Radio Ljubu\u0161ki","url":"https:\/\/radioljubuski.ba\/","logo":{"@type":"ImageObject","inLanguage":"hr","@id":"https:\/\/radioljubuski.ba\/#\/schema\/logo\/image\/","url":"https:\/\/radioljubuski.ba\/wp-content\/uploads\/2021\/02\/cropped-Radio_Ljubuski_logo1.jpg","contentUrl":"https:\/\/radioljubuski.ba\/wp-content\/uploads\/2021\/02\/cropped-Radio_Ljubuski_logo1.jpg","width":512,"height":512,"caption":"Radio Ljubu\u0161ki"},"image":{"@id":"https:\/\/radioljubuski.ba\/#\/schema\/logo\/image\/"},"sameAs":["https:\/\/www.facebook.com\/Radiio-Ljubuski-1490835324566332","https:\/\/x.com\/radioljubuski","https:\/\/hr.linkedin.com\/company\/radio-ljubuski","https:\/\/www.youtube.com\/channel\/UCHYaeO_n0Db3tjNGudGpXyw"]},{"@type":"Person","@id":"https:\/\/radioljubuski.ba\/#\/schema\/person\/19fc700381a780f69665d7956c469e3b","name":"Radio Ljubu\u0161ki"}]}},"_links":{"self":[{"href":"https:\/\/radioljubuski.ba\/index.php\/wp-json\/wp\/v2\/posts\/62108","targetHints":{"allow":["GET"]}}],"collection":[{"href":"https:\/\/radioljubuski.ba\/index.php\/wp-json\/wp\/v2\/posts"}],"about":[{"href":"https:\/\/radioljubuski.ba\/index.php\/wp-json\/wp\/v2\/types\/post"}],"author":[{"embeddable":true,"href":"https:\/\/radioljubuski.ba\/index.php\/wp-json\/wp\/v2\/users\/2"}],"replies":[{"embeddable":true,"href":"https:\/\/radioljubuski.ba\/index.php\/wp-json\/wp\/v2\/comments?post=62108"}],"version-history":[{"count":1,"href":"https:\/\/radioljubuski.ba\/index.php\/wp-json\/wp\/v2\/posts\/62108\/revisions"}],"predecessor-version":[{"id":62110,"href":"https:\/\/radioljubuski.ba\/index.php\/wp-json\/wp\/v2\/posts\/62108\/revisions\/62110"}],"wp:featuredmedia":[{"embeddable":true,"href":"https:\/\/radioljubuski.ba\/index.php\/wp-json\/wp\/v2\/media\/62109"}],"wp:attachment":[{"href":"https:\/\/radioljubuski.ba\/index.php\/wp-json\/wp\/v2\/media?parent=62108"}],"wp:term":[{"taxonomy":"category","embeddable":true,"href":"https:\/\/radioljubuski.ba\/index.php\/wp-json\/wp\/v2\/categories?post=62108"},{"taxonomy":"post_tag","embeddable":true,"href":"https:\/\/radioljubuski.ba\/index.php\/wp-json\/wp\/v2\/tags?post=62108"}],"curies":[{"name":"wp","href":"https:\/\/api.w.org\/{rel}","templated":true}]}}