{"id":62158,"date":"2021-09-09T08:26:21","date_gmt":"2021-09-09T07:26:21","guid":{"rendered":"https:\/\/radioljubuski.ba\/?p=62158"},"modified":"2021-09-09T08:26:23","modified_gmt":"2021-09-09T07:26:23","slug":"samo-dva-zaposlena-logopeda-u-svim-mostarskim-vrticima","status":"publish","type":"post","link":"https:\/\/radioljubuski.ba\/index.php\/2021\/09\/09\/samo-dva-zaposlena-logopeda-u-svim-mostarskim-vrticima\/","title":{"rendered":"Samo dva zaposlena logopeda u svim mostarskim vrti\u0107ima"},"content":{"rendered":"\n<p>U pro\u0161loj pedago\u0161koj godini od 460 djece upisane u vrti\u0107e Javne ustanove Dje\u010dji vrti\u0107i Mostar njih oko 250 je imalo neki od oblika jezi\u010dno-govornih poreme\u0107aja. <\/p>\n\n\n\n<p>Ove godine stanje je jo\u0161 slo\u017eenije tim vi\u0161e jer je manjak stru\u010dnoga kadra. Ne zato \u0161to ih nema, nego su iz nekog razloga na burzi rada umjesto u domovima zdravlja, vrti\u0107ima i \u0161kolama.<\/p>\n\n\n\n<p>U Centru za psihofizi\u010dke te\u0161ko\u0107e djece i adolescenata Doma zdravlja Mostar zaposlene su tri logopedice i pet pripravnica kojima taj status zavr\u0161ava koncem godine. <\/p>\n\n\n\n<p>Dom zdravlja Stari grad, pak, nema nijednog.<\/p>\n\n\n\n<p>&#8211; Imali smo ambulantu, lije\u010dnika, sada vi\u0161e nemamo. Postavila sam pitanje za\u0161to? Nadam se da \u0107u dobiti odgovor \u2013 ka\u017ee Nata\u0161a Jeki\u0107, vije\u0107nica Koalicije za Mostar u Gradskom vije\u0107u Mostar.<\/p>\n\n\n\n<p>To zanima mnoge jer su samo, primjerice, dva logopeda zaposlena u svim mostarskim vrti\u0107ima gdje je primjetan porast broja djece kojima je pomo\u0107 nu\u017ena.<\/p>\n\n\n\n<p>&#8211; Velike su liste \u010dekanja. \u010ceka se od prilike 5-6 mjeseci na tretman, ponekad i vi\u0161e. Stvarno je velika potra\u017enja \u2013 isti\u010de Karla Gardavski, magistrica logopedije.<\/p>\n\n\n\n<p>&#8211; Imamo inkluzivno obrazovanje koje se provodi bez edukacijskog rehabilitatora, psihologa i logopeda. Ne uvijek i ne isklju\u010divo, ali zaista mogu re\u0107i u ime logopeda da nas u \u0161kolama nedostaje &#8211; smatra magistrica logopedije Ivana Kre\u0161i\u0107.<\/p>\n\n\n\n<p>A nije da ih nema, 17 ih je na burzi rada i mnogi od njih obavljaju pripravni\u010dki rad i nitko im ne garantira posao premda su do prije godinu logopedi smatrani deficitarnim zanimanjem. <\/p>\n\n\n\n<p>I opet se sve vrti oko novca. Jedino \u0161to je u suficitu su strategije koje su \u010desto i neprovedive.<\/p>\n\n\n\n<p>&#8211; Kad neko spomene da \u0107emo raditi neku strategiju, nije mi dobro. Sad neke isti\u010du, pa \u0107e se 2022. donositi nove, ali one su papirnate. Ako mi stanemo i zauzmemo nekakav stav da nam jeste jeftinije ulagati u upo\u0161ljavanje logopeda i ostalih stru\u010dnih djelatnika kao i u nekim drugim strukama, da je najjeftinije ulagati u prevenciju onda \u0107emo mi uraditi dobru stvar &#8211; kategori\u010dna je Danijela Kegelj, ravnateljica JU Dje\u010dji vrti\u0107i Mostar.<\/p>\n\n\n\n<p>Uzroci zbog kojih sve vi\u0161e djece treba pomo\u0107 su razli\u010diti od manjka komunikacije, preko brzog na\u010dina \u017eivota do ekranizacije koja dovedi do toga da dijete progovori prvo na stranom umjesto na maternjem jeziku. Predugo \u010dekanje na pomo\u0107 ostavit \u0107e nesagledive posljedice na dijete jer je okolina pre\u010desto.<\/p>\n\n\n\n<iframe loading=\"lazy\" src=\"https:\/\/www.facebook.com\/plugins\/video.php?href=https%3A%2F%2Fwww.facebook.com%2Ffederalna%2Fvideos%2F3635855169850737%2F&#038;show_text=0&#038;width=560\" width=\"560\" height=\"315\" style=\"border:none;overflow:hidden\" scrolling=\"no\" frameborder=\"0\" allowfullscreen=\"true\" allow=\"autoplay; clipboard-write; encrypted-media; picture-in-picture; web-share\" allowFullScreen=\"true\"><\/iframe>\n\n\n\n<p><strong>Izvor: Pogled.ba<\/strong><\/p>\n","protected":false},"excerpt":{"rendered":"<p>U pro\u0161loj pedago\u0161koj godini od 460 djece upisane u vrti\u0107e Javne ustanove Dje\u010dji vrti\u0107i Mostar njih oko 250 je imalo neki od oblika jezi\u010dno-govornih poreme\u0107aja. Ove godine stanje je jo\u0161 slo\u017eenije tim vi\u0161e jer je manjak stru\u010dnoga kadra. Ne zato \u0161to ih nema, nego su iz nekog razloga na burzi rada umjesto u domovima zdravlja, [&hellip;]<\/p>\n","protected":false},"author":2,"featured_media":4771,"comment_status":"closed","ping_status":"closed","sticky":false,"template":"","format":"standard","meta":{"h5ap_radio_sources":[],"footnotes":""},"categories":[1],"tags":[],"class_list":["post-62158","post","type-post","status-publish","format-standard","has-post-thumbnail","hentry","category-bihiregija"],"yoast_head":"<!-- This site is optimized with the Yoast SEO plugin v27.5 - https:\/\/yoast.com\/product\/yoast-seo-wordpress\/ -->\n<title>Samo dva zaposlena logopeda u svim mostarskim vrti\u0107ima - RADIO LJUBU\u0160KI<\/title>\n<meta name=\"robots\" content=\"index, follow, max-snippet:-1, max-image-preview:large, max-video-preview:-1\" \/>\n<link rel=\"canonical\" href=\"https:\/\/radioljubuski.ba\/index.php\/2021\/09\/09\/samo-dva-zaposlena-logopeda-u-svim-mostarskim-vrticima\/\" \/>\n<meta property=\"og:locale\" content=\"hr_HR\" \/>\n<meta property=\"og:type\" content=\"article\" \/>\n<meta property=\"og:title\" content=\"Samo dva zaposlena logopeda u svim mostarskim vrti\u0107ima - RADIO LJUBU\u0160KI\" \/>\n<meta property=\"og:description\" content=\"U pro\u0161loj pedago\u0161koj godini od 460 djece upisane u vrti\u0107e Javne ustanove Dje\u010dji vrti\u0107i Mostar njih oko 250 je imalo neki od oblika jezi\u010dno-govornih poreme\u0107aja. Ove godine stanje je jo\u0161 slo\u017eenije tim vi\u0161e jer je manjak stru\u010dnoga kadra. Ne zato \u0161to ih nema, nego su iz nekog razloga na burzi rada umjesto u domovima zdravlja, [&hellip;]\" \/>\n<meta property=\"og:url\" content=\"https:\/\/radioljubuski.ba\/index.php\/2021\/09\/09\/samo-dva-zaposlena-logopeda-u-svim-mostarskim-vrticima\/\" \/>\n<meta property=\"og:site_name\" content=\"RADIO LJUBU\u0160KI\" \/>\n<meta property=\"article:publisher\" content=\"https:\/\/www.facebook.com\/Radiio-Ljubuski-1490835324566332\" \/>\n<meta property=\"article:published_time\" content=\"2021-09-09T07:26:21+00:00\" \/>\n<meta property=\"article:modified_time\" content=\"2021-09-09T07:26:23+00:00\" \/>\n<meta property=\"og:image\" content=\"https:\/\/radioljubuski.ba\/wp-content\/uploads\/2021\/03\/9-2021-03-18-15-31-32-vrtic.jpg\" \/>\n\t<meta property=\"og:image:width\" content=\"1000\" \/>\n\t<meta property=\"og:image:height\" content=\"625\" \/>\n\t<meta property=\"og:image:type\" content=\"image\/jpeg\" \/>\n<meta name=\"author\" content=\"Radio Ljubu\u0161ki\" \/>\n<meta name=\"twitter:card\" content=\"summary_large_image\" \/>\n<meta name=\"twitter:creator\" content=\"@radioljubuski\" \/>\n<meta name=\"twitter:site\" content=\"@radioljubuski\" \/>\n<meta name=\"twitter:label1\" content=\"Napisao\/la\" \/>\n\t<meta name=\"twitter:data1\" content=\"Radio Ljubu\u0161ki\" \/>\n\t<meta name=\"twitter:label2\" content=\"Procijenjeno vrijeme \u010ditanja\" \/>\n\t<meta name=\"twitter:data2\" content=\"2 minute\" \/>\n<script type=\"application\/ld+json\" class=\"yoast-schema-graph\">{\"@context\":\"https:\\\/\\\/schema.org\",\"@graph\":[{\"@type\":\"Article\",\"@id\":\"https:\\\/\\\/radioljubuski.ba\\\/index.php\\\/2021\\\/09\\\/09\\\/samo-dva-zaposlena-logopeda-u-svim-mostarskim-vrticima\\\/#article\",\"isPartOf\":{\"@id\":\"https:\\\/\\\/radioljubuski.ba\\\/index.php\\\/2021\\\/09\\\/09\\\/samo-dva-zaposlena-logopeda-u-svim-mostarskim-vrticima\\\/\"},\"author\":{\"name\":\"Radio Ljubu\u0161ki\",\"@id\":\"https:\\\/\\\/radioljubuski.ba\\\/#\\\/schema\\\/person\\\/19fc700381a780f69665d7956c469e3b\"},\"headline\":\"Samo dva zaposlena logopeda u svim mostarskim vrti\u0107ima\",\"datePublished\":\"2021-09-09T07:26:21+00:00\",\"dateModified\":\"2021-09-09T07:26:23+00:00\",\"mainEntityOfPage\":{\"@id\":\"https:\\\/\\\/radioljubuski.ba\\\/index.php\\\/2021\\\/09\\\/09\\\/samo-dva-zaposlena-logopeda-u-svim-mostarskim-vrticima\\\/\"},\"wordCount\":423,\"publisher\":{\"@id\":\"https:\\\/\\\/radioljubuski.ba\\\/#organization\"},\"image\":{\"@id\":\"https:\\\/\\\/radioljubuski.ba\\\/index.php\\\/2021\\\/09\\\/09\\\/samo-dva-zaposlena-logopeda-u-svim-mostarskim-vrticima\\\/#primaryimage\"},\"thumbnailUrl\":\"https:\\\/\\\/radioljubuski.ba\\\/wp-content\\\/uploads\\\/2021\\\/03\\\/9-2021-03-18-15-31-32-vrtic.jpg\",\"articleSection\":[\"BIH i regija\"],\"inLanguage\":\"hr\"},{\"@type\":\"WebPage\",\"@id\":\"https:\\\/\\\/radioljubuski.ba\\\/index.php\\\/2021\\\/09\\\/09\\\/samo-dva-zaposlena-logopeda-u-svim-mostarskim-vrticima\\\/\",\"url\":\"https:\\\/\\\/radioljubuski.ba\\\/index.php\\\/2021\\\/09\\\/09\\\/samo-dva-zaposlena-logopeda-u-svim-mostarskim-vrticima\\\/\",\"name\":\"Samo dva zaposlena logopeda u svim mostarskim vrti\u0107ima - RADIO LJUBU\u0160KI\",\"isPartOf\":{\"@id\":\"https:\\\/\\\/radioljubuski.ba\\\/#website\"},\"primaryImageOfPage\":{\"@id\":\"https:\\\/\\\/radioljubuski.ba\\\/index.php\\\/2021\\\/09\\\/09\\\/samo-dva-zaposlena-logopeda-u-svim-mostarskim-vrticima\\\/#primaryimage\"},\"image\":{\"@id\":\"https:\\\/\\\/radioljubuski.ba\\\/index.php\\\/2021\\\/09\\\/09\\\/samo-dva-zaposlena-logopeda-u-svim-mostarskim-vrticima\\\/#primaryimage\"},\"thumbnailUrl\":\"https:\\\/\\\/radioljubuski.ba\\\/wp-content\\\/uploads\\\/2021\\\/03\\\/9-2021-03-18-15-31-32-vrtic.jpg\",\"datePublished\":\"2021-09-09T07:26:21+00:00\",\"dateModified\":\"2021-09-09T07:26:23+00:00\",\"breadcrumb\":{\"@id\":\"https:\\\/\\\/radioljubuski.ba\\\/index.php\\\/2021\\\/09\\\/09\\\/samo-dva-zaposlena-logopeda-u-svim-mostarskim-vrticima\\\/#breadcrumb\"},\"inLanguage\":\"hr\",\"potentialAction\":[{\"@type\":\"ReadAction\",\"target\":[\"https:\\\/\\\/radioljubuski.ba\\\/index.php\\\/2021\\\/09\\\/09\\\/samo-dva-zaposlena-logopeda-u-svim-mostarskim-vrticima\\\/\"]}]},{\"@type\":\"ImageObject\",\"inLanguage\":\"hr\",\"@id\":\"https:\\\/\\\/radioljubuski.ba\\\/index.php\\\/2021\\\/09\\\/09\\\/samo-dva-zaposlena-logopeda-u-svim-mostarskim-vrticima\\\/#primaryimage\",\"url\":\"https:\\\/\\\/radioljubuski.ba\\\/wp-content\\\/uploads\\\/2021\\\/03\\\/9-2021-03-18-15-31-32-vrtic.jpg\",\"contentUrl\":\"https:\\\/\\\/radioljubuski.ba\\\/wp-content\\\/uploads\\\/2021\\\/03\\\/9-2021-03-18-15-31-32-vrtic.jpg\",\"width\":1000,\"height\":625},{\"@type\":\"BreadcrumbList\",\"@id\":\"https:\\\/\\\/radioljubuski.ba\\\/index.php\\\/2021\\\/09\\\/09\\\/samo-dva-zaposlena-logopeda-u-svim-mostarskim-vrticima\\\/#breadcrumb\",\"itemListElement\":[{\"@type\":\"ListItem\",\"position\":1,\"name\":\"Po\u010detna stranica\",\"item\":\"https:\\\/\\\/radioljubuski.ba\\\/\"},{\"@type\":\"ListItem\",\"position\":2,\"name\":\"Samo dva zaposlena logopeda u svim mostarskim vrti\u0107ima\"}]},{\"@type\":\"WebSite\",\"@id\":\"https:\\\/\\\/radioljubuski.ba\\\/#website\",\"url\":\"https:\\\/\\\/radioljubuski.ba\\\/\",\"name\":\"Radio Ljubu\u0161ki\",\"description\":\"Sun\u010dana frekvencija Hercegovine\",\"publisher\":{\"@id\":\"https:\\\/\\\/radioljubuski.ba\\\/#organization\"},\"potentialAction\":[{\"@type\":\"SearchAction\",\"target\":{\"@type\":\"EntryPoint\",\"urlTemplate\":\"https:\\\/\\\/radioljubuski.ba\\\/?s={search_term_string}\"},\"query-input\":{\"@type\":\"PropertyValueSpecification\",\"valueRequired\":true,\"valueName\":\"search_term_string\"}}],\"inLanguage\":\"hr\"},{\"@type\":\"Organization\",\"@id\":\"https:\\\/\\\/radioljubuski.ba\\\/#organization\",\"name\":\"Radio Ljubu\u0161ki\",\"url\":\"https:\\\/\\\/radioljubuski.ba\\\/\",\"logo\":{\"@type\":\"ImageObject\",\"inLanguage\":\"hr\",\"@id\":\"https:\\\/\\\/radioljubuski.ba\\\/#\\\/schema\\\/logo\\\/image\\\/\",\"url\":\"https:\\\/\\\/radioljubuski.ba\\\/wp-content\\\/uploads\\\/2021\\\/02\\\/cropped-Radio_Ljubuski_logo1.jpg\",\"contentUrl\":\"https:\\\/\\\/radioljubuski.ba\\\/wp-content\\\/uploads\\\/2021\\\/02\\\/cropped-Radio_Ljubuski_logo1.jpg\",\"width\":512,\"height\":512,\"caption\":\"Radio Ljubu\u0161ki\"},\"image\":{\"@id\":\"https:\\\/\\\/radioljubuski.ba\\\/#\\\/schema\\\/logo\\\/image\\\/\"},\"sameAs\":[\"https:\\\/\\\/www.facebook.com\\\/Radiio-Ljubuski-1490835324566332\",\"https:\\\/\\\/x.com\\\/radioljubuski\",\"https:\\\/\\\/hr.linkedin.com\\\/company\\\/radio-ljubuski\",\"https:\\\/\\\/www.youtube.com\\\/channel\\\/UCHYaeO_n0Db3tjNGudGpXyw\"]},{\"@type\":\"Person\",\"@id\":\"https:\\\/\\\/radioljubuski.ba\\\/#\\\/schema\\\/person\\\/19fc700381a780f69665d7956c469e3b\",\"name\":\"Radio Ljubu\u0161ki\"}]}<\/script>\n<!-- \/ Yoast SEO plugin. -->","yoast_head_json":{"title":"Samo dva zaposlena logopeda u svim mostarskim vrti\u0107ima - RADIO LJUBU\u0160KI","robots":{"index":"index","follow":"follow","max-snippet":"max-snippet:-1","max-image-preview":"max-image-preview:large","max-video-preview":"max-video-preview:-1"},"canonical":"https:\/\/radioljubuski.ba\/index.php\/2021\/09\/09\/samo-dva-zaposlena-logopeda-u-svim-mostarskim-vrticima\/","og_locale":"hr_HR","og_type":"article","og_title":"Samo dva zaposlena logopeda u svim mostarskim vrti\u0107ima - RADIO LJUBU\u0160KI","og_description":"U pro\u0161loj pedago\u0161koj godini od 460 djece upisane u vrti\u0107e Javne ustanove Dje\u010dji vrti\u0107i Mostar njih oko 250 je imalo neki od oblika jezi\u010dno-govornih poreme\u0107aja. Ove godine stanje je jo\u0161 slo\u017eenije tim vi\u0161e jer je manjak stru\u010dnoga kadra. Ne zato \u0161to ih nema, nego su iz nekog razloga na burzi rada umjesto u domovima zdravlja, [&hellip;]","og_url":"https:\/\/radioljubuski.ba\/index.php\/2021\/09\/09\/samo-dva-zaposlena-logopeda-u-svim-mostarskim-vrticima\/","og_site_name":"RADIO LJUBU\u0160KI","article_publisher":"https:\/\/www.facebook.com\/Radiio-Ljubuski-1490835324566332","article_published_time":"2021-09-09T07:26:21+00:00","article_modified_time":"2021-09-09T07:26:23+00:00","og_image":[{"width":1000,"height":625,"url":"https:\/\/radioljubuski.ba\/wp-content\/uploads\/2021\/03\/9-2021-03-18-15-31-32-vrtic.jpg","type":"image\/jpeg"}],"author":"Radio Ljubu\u0161ki","twitter_card":"summary_large_image","twitter_creator":"@radioljubuski","twitter_site":"@radioljubuski","twitter_misc":{"Napisao\/la":"Radio Ljubu\u0161ki","Procijenjeno vrijeme \u010ditanja":"2 minute"},"schema":{"@context":"https:\/\/schema.org","@graph":[{"@type":"Article","@id":"https:\/\/radioljubuski.ba\/index.php\/2021\/09\/09\/samo-dva-zaposlena-logopeda-u-svim-mostarskim-vrticima\/#article","isPartOf":{"@id":"https:\/\/radioljubuski.ba\/index.php\/2021\/09\/09\/samo-dva-zaposlena-logopeda-u-svim-mostarskim-vrticima\/"},"author":{"name":"Radio Ljubu\u0161ki","@id":"https:\/\/radioljubuski.ba\/#\/schema\/person\/19fc700381a780f69665d7956c469e3b"},"headline":"Samo dva zaposlena logopeda u svim mostarskim vrti\u0107ima","datePublished":"2021-09-09T07:26:21+00:00","dateModified":"2021-09-09T07:26:23+00:00","mainEntityOfPage":{"@id":"https:\/\/radioljubuski.ba\/index.php\/2021\/09\/09\/samo-dva-zaposlena-logopeda-u-svim-mostarskim-vrticima\/"},"wordCount":423,"publisher":{"@id":"https:\/\/radioljubuski.ba\/#organization"},"image":{"@id":"https:\/\/radioljubuski.ba\/index.php\/2021\/09\/09\/samo-dva-zaposlena-logopeda-u-svim-mostarskim-vrticima\/#primaryimage"},"thumbnailUrl":"https:\/\/radioljubuski.ba\/wp-content\/uploads\/2021\/03\/9-2021-03-18-15-31-32-vrtic.jpg","articleSection":["BIH i regija"],"inLanguage":"hr"},{"@type":"WebPage","@id":"https:\/\/radioljubuski.ba\/index.php\/2021\/09\/09\/samo-dva-zaposlena-logopeda-u-svim-mostarskim-vrticima\/","url":"https:\/\/radioljubuski.ba\/index.php\/2021\/09\/09\/samo-dva-zaposlena-logopeda-u-svim-mostarskim-vrticima\/","name":"Samo dva zaposlena logopeda u svim mostarskim vrti\u0107ima - RADIO LJUBU\u0160KI","isPartOf":{"@id":"https:\/\/radioljubuski.ba\/#website"},"primaryImageOfPage":{"@id":"https:\/\/radioljubuski.ba\/index.php\/2021\/09\/09\/samo-dva-zaposlena-logopeda-u-svim-mostarskim-vrticima\/#primaryimage"},"image":{"@id":"https:\/\/radioljubuski.ba\/index.php\/2021\/09\/09\/samo-dva-zaposlena-logopeda-u-svim-mostarskim-vrticima\/#primaryimage"},"thumbnailUrl":"https:\/\/radioljubuski.ba\/wp-content\/uploads\/2021\/03\/9-2021-03-18-15-31-32-vrtic.jpg","datePublished":"2021-09-09T07:26:21+00:00","dateModified":"2021-09-09T07:26:23+00:00","breadcrumb":{"@id":"https:\/\/radioljubuski.ba\/index.php\/2021\/09\/09\/samo-dva-zaposlena-logopeda-u-svim-mostarskim-vrticima\/#breadcrumb"},"inLanguage":"hr","potentialAction":[{"@type":"ReadAction","target":["https:\/\/radioljubuski.ba\/index.php\/2021\/09\/09\/samo-dva-zaposlena-logopeda-u-svim-mostarskim-vrticima\/"]}]},{"@type":"ImageObject","inLanguage":"hr","@id":"https:\/\/radioljubuski.ba\/index.php\/2021\/09\/09\/samo-dva-zaposlena-logopeda-u-svim-mostarskim-vrticima\/#primaryimage","url":"https:\/\/radioljubuski.ba\/wp-content\/uploads\/2021\/03\/9-2021-03-18-15-31-32-vrtic.jpg","contentUrl":"https:\/\/radioljubuski.ba\/wp-content\/uploads\/2021\/03\/9-2021-03-18-15-31-32-vrtic.jpg","width":1000,"height":625},{"@type":"BreadcrumbList","@id":"https:\/\/radioljubuski.ba\/index.php\/2021\/09\/09\/samo-dva-zaposlena-logopeda-u-svim-mostarskim-vrticima\/#breadcrumb","itemListElement":[{"@type":"ListItem","position":1,"name":"Po\u010detna stranica","item":"https:\/\/radioljubuski.ba\/"},{"@type":"ListItem","position":2,"name":"Samo dva zaposlena logopeda u svim mostarskim vrti\u0107ima"}]},{"@type":"WebSite","@id":"https:\/\/radioljubuski.ba\/#website","url":"https:\/\/radioljubuski.ba\/","name":"Radio Ljubu\u0161ki","description":"Sun\u010dana frekvencija Hercegovine","publisher":{"@id":"https:\/\/radioljubuski.ba\/#organization"},"potentialAction":[{"@type":"SearchAction","target":{"@type":"EntryPoint","urlTemplate":"https:\/\/radioljubuski.ba\/?s={search_term_string}"},"query-input":{"@type":"PropertyValueSpecification","valueRequired":true,"valueName":"search_term_string"}}],"inLanguage":"hr"},{"@type":"Organization","@id":"https:\/\/radioljubuski.ba\/#organization","name":"Radio Ljubu\u0161ki","url":"https:\/\/radioljubuski.ba\/","logo":{"@type":"ImageObject","inLanguage":"hr","@id":"https:\/\/radioljubuski.ba\/#\/schema\/logo\/image\/","url":"https:\/\/radioljubuski.ba\/wp-content\/uploads\/2021\/02\/cropped-Radio_Ljubuski_logo1.jpg","contentUrl":"https:\/\/radioljubuski.ba\/wp-content\/uploads\/2021\/02\/cropped-Radio_Ljubuski_logo1.jpg","width":512,"height":512,"caption":"Radio Ljubu\u0161ki"},"image":{"@id":"https:\/\/radioljubuski.ba\/#\/schema\/logo\/image\/"},"sameAs":["https:\/\/www.facebook.com\/Radiio-Ljubuski-1490835324566332","https:\/\/x.com\/radioljubuski","https:\/\/hr.linkedin.com\/company\/radio-ljubuski","https:\/\/www.youtube.com\/channel\/UCHYaeO_n0Db3tjNGudGpXyw"]},{"@type":"Person","@id":"https:\/\/radioljubuski.ba\/#\/schema\/person\/19fc700381a780f69665d7956c469e3b","name":"Radio Ljubu\u0161ki"}]}},"_links":{"self":[{"href":"https:\/\/radioljubuski.ba\/index.php\/wp-json\/wp\/v2\/posts\/62158","targetHints":{"allow":["GET"]}}],"collection":[{"href":"https:\/\/radioljubuski.ba\/index.php\/wp-json\/wp\/v2\/posts"}],"about":[{"href":"https:\/\/radioljubuski.ba\/index.php\/wp-json\/wp\/v2\/types\/post"}],"author":[{"embeddable":true,"href":"https:\/\/radioljubuski.ba\/index.php\/wp-json\/wp\/v2\/users\/2"}],"replies":[{"embeddable":true,"href":"https:\/\/radioljubuski.ba\/index.php\/wp-json\/wp\/v2\/comments?post=62158"}],"version-history":[{"count":1,"href":"https:\/\/radioljubuski.ba\/index.php\/wp-json\/wp\/v2\/posts\/62158\/revisions"}],"predecessor-version":[{"id":62159,"href":"https:\/\/radioljubuski.ba\/index.php\/wp-json\/wp\/v2\/posts\/62158\/revisions\/62159"}],"wp:featuredmedia":[{"embeddable":true,"href":"https:\/\/radioljubuski.ba\/index.php\/wp-json\/wp\/v2\/media\/4771"}],"wp:attachment":[{"href":"https:\/\/radioljubuski.ba\/index.php\/wp-json\/wp\/v2\/media?parent=62158"}],"wp:term":[{"taxonomy":"category","embeddable":true,"href":"https:\/\/radioljubuski.ba\/index.php\/wp-json\/wp\/v2\/categories?post=62158"},{"taxonomy":"post_tag","embeddable":true,"href":"https:\/\/radioljubuski.ba\/index.php\/wp-json\/wp\/v2\/tags?post=62158"}],"curies":[{"name":"wp","href":"https:\/\/api.w.org\/{rel}","templated":true}]}}