{"id":622,"date":"2021-03-02T00:27:03","date_gmt":"2021-03-02T00:27:03","guid":{"rendered":"https:\/\/radioljubuski.ba\/?p=622"},"modified":"2021-03-02T00:27:04","modified_gmt":"2021-03-02T00:27:04","slug":"lidija-horvat-povukla-kandidaturu-za-predsjednicu-vrhovnog-suda","status":"publish","type":"post","link":"https:\/\/radioljubuski.ba\/index.php\/2021\/03\/02\/lidija-horvat-povukla-kandidaturu-za-predsjednicu-vrhovnog-suda\/","title":{"rendered":"Lidija Horvat povukla kandidaturu za predsjednicu Vrhovnog suda"},"content":{"rendered":"\n<p><strong>Odvjetnica Lidija Horvat u ponedjeljak je povukla svoju kandidaturu za predsjednicu Vrhovnog suda isti\u010du\u0107i da ne \u017eeli sudjelovati u &#8220;javnom cirkusu u koji se pretvorio izbor za jednu od najvi\u0161ih du\u017enosti unutar pravosudnog sustava&#8221;.<\/strong><\/p>\n\n\n\n<p>&#8211; Ovim putem povla\u010dim kandidaturu za mjesto predsjednika\/predsjednice Vrhovnog suda Republike Hrvatske, obzirom da ne \u017eelim sudjelovati u javnom cirkusu u koji se pretvorio izbor za jednu od najvi\u0161ih du\u017enosti unutar pravosudnog sustava.<br><br>O\u010digledno je da se ovdje ne radi o izboru najboljeg i najkvalitetnijeg kandidata kao \u0161to je jasno i da se ne\u0107e po\u0161tivati procedura predvi\u0111ena zakonom. Stoga mi moje profesionalne i moralne osobine ne dozvoljavaju da u takvom postupku sudjelujem, navela je Horvat u dopisu Dr\u017eavnom sudbenom vije\u0107a.<br><br>Ona se, kao jedna od troje kandidata, ranije prijavila na javni poziv Dr\u017eavnog sudbenog vije\u0107a koje je, prema Zakonu o sudovima, kandidature 17. o\u017eujka proslijedilo Uredu predsjednika RH<strong>&nbsp;Zorana Milanovi\u0107a.<\/strong><br><br>No, predsjednik je ve\u0107 dan kasnije izjavio da ne\u0107e podr\u017eati nikoga od prijavljenih, a uz Horvat se javio i aktualni predsjednik Vrhovnog suda&nbsp;<strong>\u0110uro Sessa<\/strong>&nbsp;te odvjetnik&nbsp;<strong>\u0160ime Savi\u0107.<\/strong><br><br>I dok je saborska ve\u0107ina, kao i dio oporbe, isticala da se izbor novog \u010delnika Vrhovnog suda mora provesti prema Zakonu o sudovima, s Pantov\u010daka su naknadno poru\u010dili da predsjednik ne\u0107e odustati od svog ustavnog prava da Saboru predlo\u017ei kandidata za predsjednika Vrhovnog suda te da \u0107e to biti osoba koja je spremna uvesti promjene u sudstvo \u010dijim je trenutnim stanjem nezadovoljan velik dio gra\u0111ana.<br><br>U me\u0111uvremenu Ustavni sud je potvrdio da je zaprimio prijedlog za ocjenu ustavnosti odredbi Zakona o sudovima koji je podnio&nbsp;<strong>Dario Juri\u010dan<\/strong>&nbsp;te da \u0107e prijedlog rije\u0161iti u razumnom roku.<\/p>\n\n\n\n<p>Izvor:hrt.hr<\/p>\n","protected":false},"excerpt":{"rendered":"<p>Odvjetnica Lidija Horvat u ponedjeljak je povukla svoju kandidaturu za predsjednicu Vrhovnog suda isti\u010du\u0107i da ne \u017eeli sudjelovati u &#8220;javnom cirkusu u koji se pretvorio izbor za jednu od najvi\u0161ih du\u017enosti unutar pravosudnog sustava&#8221;. &#8211; Ovim putem povla\u010dim kandidaturu za mjesto predsjednika\/predsjednice Vrhovnog suda Republike Hrvatske, obzirom da ne \u017eelim sudjelovati u javnom cirkusu u [&hellip;]<\/p>\n","protected":false},"author":2,"featured_media":623,"comment_status":"closed","ping_status":"closed","sticky":false,"template":"","format":"standard","meta":{"h5ap_radio_sources":[],"footnotes":""},"categories":[1],"tags":[],"class_list":["post-622","post","type-post","status-publish","format-standard","has-post-thumbnail","hentry","category-bihiregija"],"yoast_head":"<!-- This site is optimized with the Yoast SEO plugin v27.5 - https:\/\/yoast.com\/product\/yoast-seo-wordpress\/ -->\n<title>Lidija Horvat povukla kandidaturu za predsjednicu Vrhovnog suda - RADIO LJUBU\u0160KI<\/title>\n<meta name=\"robots\" content=\"index, follow, max-snippet:-1, max-image-preview:large, max-video-preview:-1\" \/>\n<link rel=\"canonical\" href=\"https:\/\/radioljubuski.ba\/index.php\/2021\/03\/02\/lidija-horvat-povukla-kandidaturu-za-predsjednicu-vrhovnog-suda\/\" \/>\n<meta property=\"og:locale\" content=\"hr_HR\" \/>\n<meta property=\"og:type\" content=\"article\" \/>\n<meta property=\"og:title\" content=\"Lidija Horvat povukla kandidaturu za predsjednicu Vrhovnog suda - RADIO LJUBU\u0160KI\" \/>\n<meta property=\"og:description\" content=\"Odvjetnica Lidija Horvat u ponedjeljak je povukla svoju kandidaturu za predsjednicu Vrhovnog suda isti\u010du\u0107i da ne \u017eeli sudjelovati u &#8220;javnom cirkusu u koji se pretvorio izbor za jednu od najvi\u0161ih du\u017enosti unutar pravosudnog sustava&#8221;. &#8211; Ovim putem povla\u010dim kandidaturu za mjesto predsjednika\/predsjednice Vrhovnog suda Republike Hrvatske, obzirom da ne \u017eelim sudjelovati u javnom cirkusu u [&hellip;]\" \/>\n<meta property=\"og:url\" content=\"https:\/\/radioljubuski.ba\/index.php\/2021\/03\/02\/lidija-horvat-povukla-kandidaturu-za-predsjednicu-vrhovnog-suda\/\" \/>\n<meta property=\"og:site_name\" content=\"RADIO LJUBU\u0160KI\" \/>\n<meta property=\"article:publisher\" content=\"https:\/\/www.facebook.com\/Radiio-Ljubuski-1490835324566332\" \/>\n<meta property=\"article:published_time\" content=\"2021-03-02T00:27:03+00:00\" \/>\n<meta property=\"article:modified_time\" content=\"2021-03-02T00:27:04+00:00\" \/>\n<meta property=\"og:image\" content=\"https:\/\/radioljubuski.ba\/wp-content\/uploads\/2021\/03\/241627.jpg\" \/>\n\t<meta property=\"og:image:width\" content=\"730\" \/>\n\t<meta property=\"og:image:height\" content=\"487\" \/>\n\t<meta property=\"og:image:type\" content=\"image\/jpeg\" \/>\n<meta name=\"author\" content=\"Radio Ljubu\u0161ki\" \/>\n<meta name=\"twitter:card\" content=\"summary_large_image\" \/>\n<meta name=\"twitter:creator\" content=\"@radioljubuski\" \/>\n<meta name=\"twitter:site\" content=\"@radioljubuski\" \/>\n<meta name=\"twitter:label1\" content=\"Napisao\/la\" \/>\n\t<meta name=\"twitter:data1\" content=\"Radio Ljubu\u0161ki\" \/>\n\t<meta name=\"twitter:label2\" content=\"Procijenjeno vrijeme \u010ditanja\" \/>\n\t<meta name=\"twitter:data2\" content=\"2 minute\" \/>\n<script type=\"application\/ld+json\" class=\"yoast-schema-graph\">{\"@context\":\"https:\\\/\\\/schema.org\",\"@graph\":[{\"@type\":\"Article\",\"@id\":\"https:\\\/\\\/radioljubuski.ba\\\/index.php\\\/2021\\\/03\\\/02\\\/lidija-horvat-povukla-kandidaturu-za-predsjednicu-vrhovnog-suda\\\/#article\",\"isPartOf\":{\"@id\":\"https:\\\/\\\/radioljubuski.ba\\\/index.php\\\/2021\\\/03\\\/02\\\/lidija-horvat-povukla-kandidaturu-za-predsjednicu-vrhovnog-suda\\\/\"},\"author\":{\"name\":\"Radio Ljubu\u0161ki\",\"@id\":\"https:\\\/\\\/radioljubuski.ba\\\/#\\\/schema\\\/person\\\/19fc700381a780f69665d7956c469e3b\"},\"headline\":\"Lidija Horvat povukla kandidaturu za predsjednicu Vrhovnog suda\",\"datePublished\":\"2021-03-02T00:27:03+00:00\",\"dateModified\":\"2021-03-02T00:27:04+00:00\",\"mainEntityOfPage\":{\"@id\":\"https:\\\/\\\/radioljubuski.ba\\\/index.php\\\/2021\\\/03\\\/02\\\/lidija-horvat-povukla-kandidaturu-za-predsjednicu-vrhovnog-suda\\\/\"},\"wordCount\":313,\"publisher\":{\"@id\":\"https:\\\/\\\/radioljubuski.ba\\\/#organization\"},\"image\":{\"@id\":\"https:\\\/\\\/radioljubuski.ba\\\/index.php\\\/2021\\\/03\\\/02\\\/lidija-horvat-povukla-kandidaturu-za-predsjednicu-vrhovnog-suda\\\/#primaryimage\"},\"thumbnailUrl\":\"https:\\\/\\\/radioljubuski.ba\\\/wp-content\\\/uploads\\\/2021\\\/03\\\/241627.jpg\",\"articleSection\":[\"BIH i regija\"],\"inLanguage\":\"hr\"},{\"@type\":\"WebPage\",\"@id\":\"https:\\\/\\\/radioljubuski.ba\\\/index.php\\\/2021\\\/03\\\/02\\\/lidija-horvat-povukla-kandidaturu-za-predsjednicu-vrhovnog-suda\\\/\",\"url\":\"https:\\\/\\\/radioljubuski.ba\\\/index.php\\\/2021\\\/03\\\/02\\\/lidija-horvat-povukla-kandidaturu-za-predsjednicu-vrhovnog-suda\\\/\",\"name\":\"Lidija Horvat povukla kandidaturu za predsjednicu Vrhovnog suda - RADIO LJUBU\u0160KI\",\"isPartOf\":{\"@id\":\"https:\\\/\\\/radioljubuski.ba\\\/#website\"},\"primaryImageOfPage\":{\"@id\":\"https:\\\/\\\/radioljubuski.ba\\\/index.php\\\/2021\\\/03\\\/02\\\/lidija-horvat-povukla-kandidaturu-za-predsjednicu-vrhovnog-suda\\\/#primaryimage\"},\"image\":{\"@id\":\"https:\\\/\\\/radioljubuski.ba\\\/index.php\\\/2021\\\/03\\\/02\\\/lidija-horvat-povukla-kandidaturu-za-predsjednicu-vrhovnog-suda\\\/#primaryimage\"},\"thumbnailUrl\":\"https:\\\/\\\/radioljubuski.ba\\\/wp-content\\\/uploads\\\/2021\\\/03\\\/241627.jpg\",\"datePublished\":\"2021-03-02T00:27:03+00:00\",\"dateModified\":\"2021-03-02T00:27:04+00:00\",\"breadcrumb\":{\"@id\":\"https:\\\/\\\/radioljubuski.ba\\\/index.php\\\/2021\\\/03\\\/02\\\/lidija-horvat-povukla-kandidaturu-za-predsjednicu-vrhovnog-suda\\\/#breadcrumb\"},\"inLanguage\":\"hr\",\"potentialAction\":[{\"@type\":\"ReadAction\",\"target\":[\"https:\\\/\\\/radioljubuski.ba\\\/index.php\\\/2021\\\/03\\\/02\\\/lidija-horvat-povukla-kandidaturu-za-predsjednicu-vrhovnog-suda\\\/\"]}]},{\"@type\":\"ImageObject\",\"inLanguage\":\"hr\",\"@id\":\"https:\\\/\\\/radioljubuski.ba\\\/index.php\\\/2021\\\/03\\\/02\\\/lidija-horvat-povukla-kandidaturu-za-predsjednicu-vrhovnog-suda\\\/#primaryimage\",\"url\":\"https:\\\/\\\/radioljubuski.ba\\\/wp-content\\\/uploads\\\/2021\\\/03\\\/241627.jpg\",\"contentUrl\":\"https:\\\/\\\/radioljubuski.ba\\\/wp-content\\\/uploads\\\/2021\\\/03\\\/241627.jpg\",\"width\":730,\"height\":487},{\"@type\":\"BreadcrumbList\",\"@id\":\"https:\\\/\\\/radioljubuski.ba\\\/index.php\\\/2021\\\/03\\\/02\\\/lidija-horvat-povukla-kandidaturu-za-predsjednicu-vrhovnog-suda\\\/#breadcrumb\",\"itemListElement\":[{\"@type\":\"ListItem\",\"position\":1,\"name\":\"Po\u010detna stranica\",\"item\":\"https:\\\/\\\/radioljubuski.ba\\\/\"},{\"@type\":\"ListItem\",\"position\":2,\"name\":\"Lidija Horvat povukla kandidaturu za predsjednicu Vrhovnog suda\"}]},{\"@type\":\"WebSite\",\"@id\":\"https:\\\/\\\/radioljubuski.ba\\\/#website\",\"url\":\"https:\\\/\\\/radioljubuski.ba\\\/\",\"name\":\"Radio Ljubu\u0161ki\",\"description\":\"Sun\u010dana frekvencija Hercegovine\",\"publisher\":{\"@id\":\"https:\\\/\\\/radioljubuski.ba\\\/#organization\"},\"potentialAction\":[{\"@type\":\"SearchAction\",\"target\":{\"@type\":\"EntryPoint\",\"urlTemplate\":\"https:\\\/\\\/radioljubuski.ba\\\/?s={search_term_string}\"},\"query-input\":{\"@type\":\"PropertyValueSpecification\",\"valueRequired\":true,\"valueName\":\"search_term_string\"}}],\"inLanguage\":\"hr\"},{\"@type\":\"Organization\",\"@id\":\"https:\\\/\\\/radioljubuski.ba\\\/#organization\",\"name\":\"Radio Ljubu\u0161ki\",\"url\":\"https:\\\/\\\/radioljubuski.ba\\\/\",\"logo\":{\"@type\":\"ImageObject\",\"inLanguage\":\"hr\",\"@id\":\"https:\\\/\\\/radioljubuski.ba\\\/#\\\/schema\\\/logo\\\/image\\\/\",\"url\":\"https:\\\/\\\/radioljubuski.ba\\\/wp-content\\\/uploads\\\/2021\\\/02\\\/cropped-Radio_Ljubuski_logo1.jpg\",\"contentUrl\":\"https:\\\/\\\/radioljubuski.ba\\\/wp-content\\\/uploads\\\/2021\\\/02\\\/cropped-Radio_Ljubuski_logo1.jpg\",\"width\":512,\"height\":512,\"caption\":\"Radio Ljubu\u0161ki\"},\"image\":{\"@id\":\"https:\\\/\\\/radioljubuski.ba\\\/#\\\/schema\\\/logo\\\/image\\\/\"},\"sameAs\":[\"https:\\\/\\\/www.facebook.com\\\/Radiio-Ljubuski-1490835324566332\",\"https:\\\/\\\/x.com\\\/radioljubuski\",\"https:\\\/\\\/hr.linkedin.com\\\/company\\\/radio-ljubuski\",\"https:\\\/\\\/www.youtube.com\\\/channel\\\/UCHYaeO_n0Db3tjNGudGpXyw\"]},{\"@type\":\"Person\",\"@id\":\"https:\\\/\\\/radioljubuski.ba\\\/#\\\/schema\\\/person\\\/19fc700381a780f69665d7956c469e3b\",\"name\":\"Radio Ljubu\u0161ki\"}]}<\/script>\n<!-- \/ Yoast SEO plugin. -->","yoast_head_json":{"title":"Lidija Horvat povukla kandidaturu za predsjednicu Vrhovnog suda - RADIO LJUBU\u0160KI","robots":{"index":"index","follow":"follow","max-snippet":"max-snippet:-1","max-image-preview":"max-image-preview:large","max-video-preview":"max-video-preview:-1"},"canonical":"https:\/\/radioljubuski.ba\/index.php\/2021\/03\/02\/lidija-horvat-povukla-kandidaturu-za-predsjednicu-vrhovnog-suda\/","og_locale":"hr_HR","og_type":"article","og_title":"Lidija Horvat povukla kandidaturu za predsjednicu Vrhovnog suda - RADIO LJUBU\u0160KI","og_description":"Odvjetnica Lidija Horvat u ponedjeljak je povukla svoju kandidaturu za predsjednicu Vrhovnog suda isti\u010du\u0107i da ne \u017eeli sudjelovati u &#8220;javnom cirkusu u koji se pretvorio izbor za jednu od najvi\u0161ih du\u017enosti unutar pravosudnog sustava&#8221;. &#8211; Ovim putem povla\u010dim kandidaturu za mjesto predsjednika\/predsjednice Vrhovnog suda Republike Hrvatske, obzirom da ne \u017eelim sudjelovati u javnom cirkusu u [&hellip;]","og_url":"https:\/\/radioljubuski.ba\/index.php\/2021\/03\/02\/lidija-horvat-povukla-kandidaturu-za-predsjednicu-vrhovnog-suda\/","og_site_name":"RADIO LJUBU\u0160KI","article_publisher":"https:\/\/www.facebook.com\/Radiio-Ljubuski-1490835324566332","article_published_time":"2021-03-02T00:27:03+00:00","article_modified_time":"2021-03-02T00:27:04+00:00","og_image":[{"width":730,"height":487,"url":"https:\/\/radioljubuski.ba\/wp-content\/uploads\/2021\/03\/241627.jpg","type":"image\/jpeg"}],"author":"Radio Ljubu\u0161ki","twitter_card":"summary_large_image","twitter_creator":"@radioljubuski","twitter_site":"@radioljubuski","twitter_misc":{"Napisao\/la":"Radio Ljubu\u0161ki","Procijenjeno vrijeme \u010ditanja":"2 minute"},"schema":{"@context":"https:\/\/schema.org","@graph":[{"@type":"Article","@id":"https:\/\/radioljubuski.ba\/index.php\/2021\/03\/02\/lidija-horvat-povukla-kandidaturu-za-predsjednicu-vrhovnog-suda\/#article","isPartOf":{"@id":"https:\/\/radioljubuski.ba\/index.php\/2021\/03\/02\/lidija-horvat-povukla-kandidaturu-za-predsjednicu-vrhovnog-suda\/"},"author":{"name":"Radio Ljubu\u0161ki","@id":"https:\/\/radioljubuski.ba\/#\/schema\/person\/19fc700381a780f69665d7956c469e3b"},"headline":"Lidija Horvat povukla kandidaturu za predsjednicu Vrhovnog suda","datePublished":"2021-03-02T00:27:03+00:00","dateModified":"2021-03-02T00:27:04+00:00","mainEntityOfPage":{"@id":"https:\/\/radioljubuski.ba\/index.php\/2021\/03\/02\/lidija-horvat-povukla-kandidaturu-za-predsjednicu-vrhovnog-suda\/"},"wordCount":313,"publisher":{"@id":"https:\/\/radioljubuski.ba\/#organization"},"image":{"@id":"https:\/\/radioljubuski.ba\/index.php\/2021\/03\/02\/lidija-horvat-povukla-kandidaturu-za-predsjednicu-vrhovnog-suda\/#primaryimage"},"thumbnailUrl":"https:\/\/radioljubuski.ba\/wp-content\/uploads\/2021\/03\/241627.jpg","articleSection":["BIH i regija"],"inLanguage":"hr"},{"@type":"WebPage","@id":"https:\/\/radioljubuski.ba\/index.php\/2021\/03\/02\/lidija-horvat-povukla-kandidaturu-za-predsjednicu-vrhovnog-suda\/","url":"https:\/\/radioljubuski.ba\/index.php\/2021\/03\/02\/lidija-horvat-povukla-kandidaturu-za-predsjednicu-vrhovnog-suda\/","name":"Lidija Horvat povukla kandidaturu za predsjednicu Vrhovnog suda - RADIO LJUBU\u0160KI","isPartOf":{"@id":"https:\/\/radioljubuski.ba\/#website"},"primaryImageOfPage":{"@id":"https:\/\/radioljubuski.ba\/index.php\/2021\/03\/02\/lidija-horvat-povukla-kandidaturu-za-predsjednicu-vrhovnog-suda\/#primaryimage"},"image":{"@id":"https:\/\/radioljubuski.ba\/index.php\/2021\/03\/02\/lidija-horvat-povukla-kandidaturu-za-predsjednicu-vrhovnog-suda\/#primaryimage"},"thumbnailUrl":"https:\/\/radioljubuski.ba\/wp-content\/uploads\/2021\/03\/241627.jpg","datePublished":"2021-03-02T00:27:03+00:00","dateModified":"2021-03-02T00:27:04+00:00","breadcrumb":{"@id":"https:\/\/radioljubuski.ba\/index.php\/2021\/03\/02\/lidija-horvat-povukla-kandidaturu-za-predsjednicu-vrhovnog-suda\/#breadcrumb"},"inLanguage":"hr","potentialAction":[{"@type":"ReadAction","target":["https:\/\/radioljubuski.ba\/index.php\/2021\/03\/02\/lidija-horvat-povukla-kandidaturu-za-predsjednicu-vrhovnog-suda\/"]}]},{"@type":"ImageObject","inLanguage":"hr","@id":"https:\/\/radioljubuski.ba\/index.php\/2021\/03\/02\/lidija-horvat-povukla-kandidaturu-za-predsjednicu-vrhovnog-suda\/#primaryimage","url":"https:\/\/radioljubuski.ba\/wp-content\/uploads\/2021\/03\/241627.jpg","contentUrl":"https:\/\/radioljubuski.ba\/wp-content\/uploads\/2021\/03\/241627.jpg","width":730,"height":487},{"@type":"BreadcrumbList","@id":"https:\/\/radioljubuski.ba\/index.php\/2021\/03\/02\/lidija-horvat-povukla-kandidaturu-za-predsjednicu-vrhovnog-suda\/#breadcrumb","itemListElement":[{"@type":"ListItem","position":1,"name":"Po\u010detna stranica","item":"https:\/\/radioljubuski.ba\/"},{"@type":"ListItem","position":2,"name":"Lidija Horvat povukla kandidaturu za predsjednicu Vrhovnog suda"}]},{"@type":"WebSite","@id":"https:\/\/radioljubuski.ba\/#website","url":"https:\/\/radioljubuski.ba\/","name":"Radio Ljubu\u0161ki","description":"Sun\u010dana frekvencija Hercegovine","publisher":{"@id":"https:\/\/radioljubuski.ba\/#organization"},"potentialAction":[{"@type":"SearchAction","target":{"@type":"EntryPoint","urlTemplate":"https:\/\/radioljubuski.ba\/?s={search_term_string}"},"query-input":{"@type":"PropertyValueSpecification","valueRequired":true,"valueName":"search_term_string"}}],"inLanguage":"hr"},{"@type":"Organization","@id":"https:\/\/radioljubuski.ba\/#organization","name":"Radio Ljubu\u0161ki","url":"https:\/\/radioljubuski.ba\/","logo":{"@type":"ImageObject","inLanguage":"hr","@id":"https:\/\/radioljubuski.ba\/#\/schema\/logo\/image\/","url":"https:\/\/radioljubuski.ba\/wp-content\/uploads\/2021\/02\/cropped-Radio_Ljubuski_logo1.jpg","contentUrl":"https:\/\/radioljubuski.ba\/wp-content\/uploads\/2021\/02\/cropped-Radio_Ljubuski_logo1.jpg","width":512,"height":512,"caption":"Radio Ljubu\u0161ki"},"image":{"@id":"https:\/\/radioljubuski.ba\/#\/schema\/logo\/image\/"},"sameAs":["https:\/\/www.facebook.com\/Radiio-Ljubuski-1490835324566332","https:\/\/x.com\/radioljubuski","https:\/\/hr.linkedin.com\/company\/radio-ljubuski","https:\/\/www.youtube.com\/channel\/UCHYaeO_n0Db3tjNGudGpXyw"]},{"@type":"Person","@id":"https:\/\/radioljubuski.ba\/#\/schema\/person\/19fc700381a780f69665d7956c469e3b","name":"Radio Ljubu\u0161ki"}]}},"_links":{"self":[{"href":"https:\/\/radioljubuski.ba\/index.php\/wp-json\/wp\/v2\/posts\/622","targetHints":{"allow":["GET"]}}],"collection":[{"href":"https:\/\/radioljubuski.ba\/index.php\/wp-json\/wp\/v2\/posts"}],"about":[{"href":"https:\/\/radioljubuski.ba\/index.php\/wp-json\/wp\/v2\/types\/post"}],"author":[{"embeddable":true,"href":"https:\/\/radioljubuski.ba\/index.php\/wp-json\/wp\/v2\/users\/2"}],"replies":[{"embeddable":true,"href":"https:\/\/radioljubuski.ba\/index.php\/wp-json\/wp\/v2\/comments?post=622"}],"version-history":[{"count":1,"href":"https:\/\/radioljubuski.ba\/index.php\/wp-json\/wp\/v2\/posts\/622\/revisions"}],"predecessor-version":[{"id":624,"href":"https:\/\/radioljubuski.ba\/index.php\/wp-json\/wp\/v2\/posts\/622\/revisions\/624"}],"wp:featuredmedia":[{"embeddable":true,"href":"https:\/\/radioljubuski.ba\/index.php\/wp-json\/wp\/v2\/media\/623"}],"wp:attachment":[{"href":"https:\/\/radioljubuski.ba\/index.php\/wp-json\/wp\/v2\/media?parent=622"}],"wp:term":[{"taxonomy":"category","embeddable":true,"href":"https:\/\/radioljubuski.ba\/index.php\/wp-json\/wp\/v2\/categories?post=622"},{"taxonomy":"post_tag","embeddable":true,"href":"https:\/\/radioljubuski.ba\/index.php\/wp-json\/wp\/v2\/tags?post=622"}],"curies":[{"name":"wp","href":"https:\/\/api.w.org\/{rel}","templated":true}]}}