{"id":62556,"date":"2021-09-11T21:55:41","date_gmt":"2021-09-11T20:55:41","guid":{"rendered":"https:\/\/radioljubuski.ba\/?p=62556"},"modified":"2021-09-11T21:55:42","modified_gmt":"2021-09-11T20:55:42","slug":"prosvjedi-protiv-epidemioloskih-mjera-u-becu-francuskoj-nizozemskoj-turskoj","status":"publish","type":"post","link":"https:\/\/radioljubuski.ba\/index.php\/2021\/09\/11\/prosvjedi-protiv-epidemioloskih-mjera-u-becu-francuskoj-nizozemskoj-turskoj\/","title":{"rendered":"Prosvjedi protiv epidemiolo\u0161kih mjera u Be\u010du, Francuskoj, Nizozemskoj, Turskoj"},"content":{"rendered":"\n<p><strong>Vi\u0161e desetaka tisu\u0107a prosvjednika iza\u0161lo je u subotu na ulice Be\u010da, vi\u0161e gradova u Francuskoj i Nizozemskoj, te u Istanbulu, demonstriraju\u0107i protiv epidemiolo\u0161kih mjera uvedenih zbog pandemije COVID-a, javljaju svjetske agencije.<\/strong><\/p>\n\n\n\n<p>Oko dvije tisu\u0107e prosvjednika iza\u0161lo je u subotu na ulice Be\u010da tra\u017ee\u0107i slobodu i osu\u0111uju\u0107i epidemiolo\u0161ke mjere koje je uvela austrijska vlada u cilju borbe protiv koronavirusa, te tra\u017ee\u0107i ostavku premijera&nbsp;<strong>Sebastiana Kurza<\/strong>.<br><br>Ve\u0107 pro\u0161log tjedna oglasili su se prosvjednici u Be\u010du, nakon nekoliko mjeseci stanke i obznanili &#8220;svoju du\u017enost sa se odupru nepravdi&#8221;.<br><br>Austrija je bila me\u0111u prvim europskim zemljama koja je uvela zdravstvene propusnice.<br><br>Trenutno je potrebno u hotelima, restoranima, sportskim dvoranama, muzejima, kod frizera ili na ulazu na sportske ili kulturne priredbe predo\u010diti negativan test, potvrdu o antitijelima ili dokaz o cijepljenju.<br><br>Od izbijanja pandemije u prolje\u0107e 2020., Austrija, zemlja s 8,9 milijuna stanovnika, imala je blizu 11.000 smrtnih ishoda zaraze.<br><br>Do danas je blizu 60 posto stanovni\u0161tva potpuno cijepljeno.<br><br><strong>Francuzi osu\u0111uju zdravstvene propusnice<\/strong><br><br>I na ulice francuskih gradova u subotu su iza\u0161li prosvjednici, deveti tjedan zaredom.<br><br>Oni osu\u0111uju zdravstvene propusnice, uo\u010di stupanja na snagu obveze cijepljenja za zdravstvene djelatnike.<br><br>U Lilleu, Clermont-Ferrandu i Parizu, njegovatelji, medicinske sestre i fizioterapeuti pridru\u017eili su se povorkama osu\u0111uju\u0107i tu mjeru koja \u0107e stupiti na snagu sljede\u0107e srijede, uz mjeru suspenzije.<br><br>U Parizu, prosvjed &#8220;domoljuba&#8221; koje vodi&nbsp;<strong>Florian Philippot<\/strong>, biv\u0161i drugi \u010dovjek stranke&nbsp;<strong>Marine Le Pen<\/strong>, okupio je nekoliko tisu\u0107a ljudi na Trgu Trocadero, prenosi agencija France presse.<br><br>Prosvjednici nazivaju zdravstvenu propusnicu &#8220;barbarstvom&#8221;, faktorom &#8220;segregacije&#8221; ili &#8220;apartheida&#8221;.<br><br>Obvezna od 21. srpnja na mjestima gdje se okuplja vi\u0161e od 50 ljudi, zdravstvena propusnica je sada nu\u017ena i na ulazu u bolnice, osim na hitni prijem, u barove i to i unutra i na terasama, velike trgova\u010dke centre i za 1,8 milijuna djelatnika koji su kontaktu s ljudima.<br><br><strong>Nizozemci protiv ograni\u010denja no\u0107nog \u017eivota<\/strong><strong><br><\/strong><br>U Nizozemskoj su prosvjednici u subotu demonstrirali protiv ograni\u010denja no\u0107nog \u017eivota. Na skupu pod sloganom &#8220;Unmute Us&#8221; mno\u0161tvo me\u0111u kojima su bili mnogi DJ-ovi i glazbenici pozvalo je na ukidanje ograni\u010denja u event industriji.<br><br>Organizatori su pozvali na prosvjede u 10 gradova, me\u0111u kojima u Amsterdamu, Den Haagu, Groningenu i Maastrichtu.<br><br>Krajem lipnja su u Nizozemskoj ponovo otvoreni no\u0107ni klubovi i diskoteke, dopu\u0161teni su festivali i studentske zabave. Ali kada je broj zaraza porastao, ponovo su uvedena ograni\u010denja.<br><br>Vlada je sada pozvala stru\u010dni sto\u017eer da razmotri ponovo otvaranje no\u0107nog \u017eivota krajem rujna.<br><br>Organizator nagla\u0161avaju da mladima nedostaju festivali, zabave i da stalne restrikcije izazivaju probleme s mentalnim zdravljem.<br><br><strong>Turci prosvjeduju protiv mjera cijepljenja<\/strong><br><br>I u Istanbulu su se okupile stotine ljudi protiv mjera cijepljenja iako se broj zara\u017eenih u zemlji pove\u0107ava.<br><br>Video snimke na dru\u0161tvenim mre\u017eama prikazuju prosvjednike ma Trgu Maltepe, ve\u0107inom bez maski koji izvikuju slogane &#8220;Oduprijet \u0107emo se cijepljenju&#8221;.<br><br>U Turskoj je dnevni broj zara\u017eenih covidom-19 porastao na vi\u0161e od 23.000 u subotu, najvi\u0161e od 6. svibnja, prema podacima vlade.<br><br>U subotu je bilo 217 umrlih od covida-19, prema 37 prije dva mjeseca.<br><br>Turska je po\u010detkom ljeta ubla\u017eila mjere. U toj zemlji s 83 milijuna stanovnika cijepljenje nije obvezno.<br><br><strong>U Danskoj ukinute mjere<\/strong><strong><br><\/strong><br>S druge strane, u Kopenhagenu su gotovo sve mjere ukinute i odr\u017ean je koncert pred 50.000 gledatelja, na stadionu blizu kojeg je postavljen i \u0161tand za cijepljenje protiv covida-19, javila je agencija dpa.<br><br>Bio je to prvi stadion u Europi koji je primio posjetitelje u punom kapacitetu od progla\u0161enja pandemije koronavirusa, rekli su njegovi organizatori.<br><br>Doga\u0111aj je odr\u017ean ubrzo nakon \u0161to je Danska u petak ukinula posljednje restrikcije uvedene zbog koronavirusa.<br><br>Uo\u010di koncerta, svi necijepljeni mogli su se cijepiti protiv covida-19.<br><br>To je jedan od na\u010dina danskih vlasti da poku\u0161aju privu\u0107i na cijepljenje i mlade.<\/p>\n\n\n\n<p>Izvor:hrt.hr<\/p>\n","protected":false},"excerpt":{"rendered":"<p>Vi\u0161e desetaka tisu\u0107a prosvjednika iza\u0161lo je u subotu na ulice Be\u010da, vi\u0161e gradova u Francuskoj i Nizozemskoj, te u Istanbulu, demonstriraju\u0107i protiv epidemiolo\u0161kih mjera uvedenih zbog pandemije COVID-a, javljaju svjetske agencije. Oko dvije tisu\u0107e prosvjednika iza\u0161lo je u subotu na ulice Be\u010da tra\u017ee\u0107i slobodu i osu\u0111uju\u0107i epidemiolo\u0161ke mjere koje je uvela austrijska vlada u cilju [&hellip;]<\/p>\n","protected":false},"author":2,"featured_media":62557,"comment_status":"closed","ping_status":"closed","sticky":false,"template":"","format":"standard","meta":{"h5ap_radio_sources":[],"footnotes":""},"categories":[1],"tags":[],"class_list":["post-62556","post","type-post","status-publish","format-standard","has-post-thumbnail","hentry","category-bihiregija"],"yoast_head":"<!-- This site is optimized with the Yoast SEO plugin v27.5 - https:\/\/yoast.com\/product\/yoast-seo-wordpress\/ -->\n<title>Prosvjedi protiv epidemiolo\u0161kih mjera u Be\u010du, Francuskoj, Nizozemskoj, Turskoj - RADIO LJUBU\u0160KI<\/title>\n<meta name=\"robots\" content=\"index, follow, max-snippet:-1, max-image-preview:large, max-video-preview:-1\" \/>\n<link rel=\"canonical\" href=\"https:\/\/radioljubuski.ba\/index.php\/2021\/09\/11\/prosvjedi-protiv-epidemioloskih-mjera-u-becu-francuskoj-nizozemskoj-turskoj\/\" \/>\n<meta property=\"og:locale\" content=\"hr_HR\" \/>\n<meta property=\"og:type\" content=\"article\" \/>\n<meta property=\"og:title\" content=\"Prosvjedi protiv epidemiolo\u0161kih mjera u Be\u010du, Francuskoj, Nizozemskoj, Turskoj - RADIO LJUBU\u0160KI\" \/>\n<meta property=\"og:description\" content=\"Vi\u0161e desetaka tisu\u0107a prosvjednika iza\u0161lo je u subotu na ulice Be\u010da, vi\u0161e gradova u Francuskoj i Nizozemskoj, te u Istanbulu, demonstriraju\u0107i protiv epidemiolo\u0161kih mjera uvedenih zbog pandemije COVID-a, javljaju svjetske agencije. Oko dvije tisu\u0107e prosvjednika iza\u0161lo je u subotu na ulice Be\u010da tra\u017ee\u0107i slobodu i osu\u0111uju\u0107i epidemiolo\u0161ke mjere koje je uvela austrijska vlada u cilju [&hellip;]\" \/>\n<meta property=\"og:url\" content=\"https:\/\/radioljubuski.ba\/index.php\/2021\/09\/11\/prosvjedi-protiv-epidemioloskih-mjera-u-becu-francuskoj-nizozemskoj-turskoj\/\" \/>\n<meta property=\"og:site_name\" content=\"RADIO LJUBU\u0160KI\" \/>\n<meta property=\"article:publisher\" content=\"https:\/\/www.facebook.com\/Radiio-Ljubuski-1490835324566332\" \/>\n<meta property=\"article:published_time\" content=\"2021-09-11T20:55:41+00:00\" \/>\n<meta property=\"article:modified_time\" content=\"2021-09-11T20:55:42+00:00\" \/>\n<meta property=\"og:image\" content=\"https:\/\/radioljubuski.ba\/wp-content\/uploads\/2021\/09\/preuzmi-3-3.jpg\" \/>\n\t<meta property=\"og:image:width\" content=\"275\" \/>\n\t<meta property=\"og:image:height\" content=\"183\" \/>\n\t<meta property=\"og:image:type\" content=\"image\/jpeg\" \/>\n<meta name=\"author\" content=\"Radio Ljubu\u0161ki\" \/>\n<meta name=\"twitter:card\" content=\"summary_large_image\" \/>\n<meta name=\"twitter:creator\" content=\"@radioljubuski\" \/>\n<meta name=\"twitter:site\" content=\"@radioljubuski\" \/>\n<meta name=\"twitter:label1\" content=\"Napisao\/la\" \/>\n\t<meta name=\"twitter:data1\" content=\"Radio Ljubu\u0161ki\" \/>\n\t<meta name=\"twitter:label2\" content=\"Procijenjeno vrijeme \u010ditanja\" \/>\n\t<meta name=\"twitter:data2\" content=\"3 minute\" \/>\n<script type=\"application\/ld+json\" class=\"yoast-schema-graph\">{\"@context\":\"https:\\\/\\\/schema.org\",\"@graph\":[{\"@type\":\"Article\",\"@id\":\"https:\\\/\\\/radioljubuski.ba\\\/index.php\\\/2021\\\/09\\\/11\\\/prosvjedi-protiv-epidemioloskih-mjera-u-becu-francuskoj-nizozemskoj-turskoj\\\/#article\",\"isPartOf\":{\"@id\":\"https:\\\/\\\/radioljubuski.ba\\\/index.php\\\/2021\\\/09\\\/11\\\/prosvjedi-protiv-epidemioloskih-mjera-u-becu-francuskoj-nizozemskoj-turskoj\\\/\"},\"author\":{\"name\":\"Radio Ljubu\u0161ki\",\"@id\":\"https:\\\/\\\/radioljubuski.ba\\\/#\\\/schema\\\/person\\\/19fc700381a780f69665d7956c469e3b\"},\"headline\":\"Prosvjedi protiv epidemiolo\u0161kih mjera u Be\u010du, Francuskoj, Nizozemskoj, Turskoj\",\"datePublished\":\"2021-09-11T20:55:41+00:00\",\"dateModified\":\"2021-09-11T20:55:42+00:00\",\"mainEntityOfPage\":{\"@id\":\"https:\\\/\\\/radioljubuski.ba\\\/index.php\\\/2021\\\/09\\\/11\\\/prosvjedi-protiv-epidemioloskih-mjera-u-becu-francuskoj-nizozemskoj-turskoj\\\/\"},\"wordCount\":674,\"publisher\":{\"@id\":\"https:\\\/\\\/radioljubuski.ba\\\/#organization\"},\"image\":{\"@id\":\"https:\\\/\\\/radioljubuski.ba\\\/index.php\\\/2021\\\/09\\\/11\\\/prosvjedi-protiv-epidemioloskih-mjera-u-becu-francuskoj-nizozemskoj-turskoj\\\/#primaryimage\"},\"thumbnailUrl\":\"https:\\\/\\\/radioljubuski.ba\\\/wp-content\\\/uploads\\\/2021\\\/09\\\/preuzmi-3-3.jpg\",\"articleSection\":[\"BIH i regija\"],\"inLanguage\":\"hr\"},{\"@type\":\"WebPage\",\"@id\":\"https:\\\/\\\/radioljubuski.ba\\\/index.php\\\/2021\\\/09\\\/11\\\/prosvjedi-protiv-epidemioloskih-mjera-u-becu-francuskoj-nizozemskoj-turskoj\\\/\",\"url\":\"https:\\\/\\\/radioljubuski.ba\\\/index.php\\\/2021\\\/09\\\/11\\\/prosvjedi-protiv-epidemioloskih-mjera-u-becu-francuskoj-nizozemskoj-turskoj\\\/\",\"name\":\"Prosvjedi protiv epidemiolo\u0161kih mjera u Be\u010du, Francuskoj, Nizozemskoj, Turskoj - RADIO LJUBU\u0160KI\",\"isPartOf\":{\"@id\":\"https:\\\/\\\/radioljubuski.ba\\\/#website\"},\"primaryImageOfPage\":{\"@id\":\"https:\\\/\\\/radioljubuski.ba\\\/index.php\\\/2021\\\/09\\\/11\\\/prosvjedi-protiv-epidemioloskih-mjera-u-becu-francuskoj-nizozemskoj-turskoj\\\/#primaryimage\"},\"image\":{\"@id\":\"https:\\\/\\\/radioljubuski.ba\\\/index.php\\\/2021\\\/09\\\/11\\\/prosvjedi-protiv-epidemioloskih-mjera-u-becu-francuskoj-nizozemskoj-turskoj\\\/#primaryimage\"},\"thumbnailUrl\":\"https:\\\/\\\/radioljubuski.ba\\\/wp-content\\\/uploads\\\/2021\\\/09\\\/preuzmi-3-3.jpg\",\"datePublished\":\"2021-09-11T20:55:41+00:00\",\"dateModified\":\"2021-09-11T20:55:42+00:00\",\"breadcrumb\":{\"@id\":\"https:\\\/\\\/radioljubuski.ba\\\/index.php\\\/2021\\\/09\\\/11\\\/prosvjedi-protiv-epidemioloskih-mjera-u-becu-francuskoj-nizozemskoj-turskoj\\\/#breadcrumb\"},\"inLanguage\":\"hr\",\"potentialAction\":[{\"@type\":\"ReadAction\",\"target\":[\"https:\\\/\\\/radioljubuski.ba\\\/index.php\\\/2021\\\/09\\\/11\\\/prosvjedi-protiv-epidemioloskih-mjera-u-becu-francuskoj-nizozemskoj-turskoj\\\/\"]}]},{\"@type\":\"ImageObject\",\"inLanguage\":\"hr\",\"@id\":\"https:\\\/\\\/radioljubuski.ba\\\/index.php\\\/2021\\\/09\\\/11\\\/prosvjedi-protiv-epidemioloskih-mjera-u-becu-francuskoj-nizozemskoj-turskoj\\\/#primaryimage\",\"url\":\"https:\\\/\\\/radioljubuski.ba\\\/wp-content\\\/uploads\\\/2021\\\/09\\\/preuzmi-3-3.jpg\",\"contentUrl\":\"https:\\\/\\\/radioljubuski.ba\\\/wp-content\\\/uploads\\\/2021\\\/09\\\/preuzmi-3-3.jpg\",\"width\":275,\"height\":183},{\"@type\":\"BreadcrumbList\",\"@id\":\"https:\\\/\\\/radioljubuski.ba\\\/index.php\\\/2021\\\/09\\\/11\\\/prosvjedi-protiv-epidemioloskih-mjera-u-becu-francuskoj-nizozemskoj-turskoj\\\/#breadcrumb\",\"itemListElement\":[{\"@type\":\"ListItem\",\"position\":1,\"name\":\"Po\u010detna stranica\",\"item\":\"https:\\\/\\\/radioljubuski.ba\\\/\"},{\"@type\":\"ListItem\",\"position\":2,\"name\":\"Prosvjedi protiv epidemiolo\u0161kih mjera u Be\u010du, Francuskoj, Nizozemskoj, Turskoj\"}]},{\"@type\":\"WebSite\",\"@id\":\"https:\\\/\\\/radioljubuski.ba\\\/#website\",\"url\":\"https:\\\/\\\/radioljubuski.ba\\\/\",\"name\":\"Radio Ljubu\u0161ki\",\"description\":\"Sun\u010dana frekvencija Hercegovine\",\"publisher\":{\"@id\":\"https:\\\/\\\/radioljubuski.ba\\\/#organization\"},\"potentialAction\":[{\"@type\":\"SearchAction\",\"target\":{\"@type\":\"EntryPoint\",\"urlTemplate\":\"https:\\\/\\\/radioljubuski.ba\\\/?s={search_term_string}\"},\"query-input\":{\"@type\":\"PropertyValueSpecification\",\"valueRequired\":true,\"valueName\":\"search_term_string\"}}],\"inLanguage\":\"hr\"},{\"@type\":\"Organization\",\"@id\":\"https:\\\/\\\/radioljubuski.ba\\\/#organization\",\"name\":\"Radio Ljubu\u0161ki\",\"url\":\"https:\\\/\\\/radioljubuski.ba\\\/\",\"logo\":{\"@type\":\"ImageObject\",\"inLanguage\":\"hr\",\"@id\":\"https:\\\/\\\/radioljubuski.ba\\\/#\\\/schema\\\/logo\\\/image\\\/\",\"url\":\"https:\\\/\\\/radioljubuski.ba\\\/wp-content\\\/uploads\\\/2021\\\/02\\\/cropped-Radio_Ljubuski_logo1.jpg\",\"contentUrl\":\"https:\\\/\\\/radioljubuski.ba\\\/wp-content\\\/uploads\\\/2021\\\/02\\\/cropped-Radio_Ljubuski_logo1.jpg\",\"width\":512,\"height\":512,\"caption\":\"Radio Ljubu\u0161ki\"},\"image\":{\"@id\":\"https:\\\/\\\/radioljubuski.ba\\\/#\\\/schema\\\/logo\\\/image\\\/\"},\"sameAs\":[\"https:\\\/\\\/www.facebook.com\\\/Radiio-Ljubuski-1490835324566332\",\"https:\\\/\\\/x.com\\\/radioljubuski\",\"https:\\\/\\\/hr.linkedin.com\\\/company\\\/radio-ljubuski\",\"https:\\\/\\\/www.youtube.com\\\/channel\\\/UCHYaeO_n0Db3tjNGudGpXyw\"]},{\"@type\":\"Person\",\"@id\":\"https:\\\/\\\/radioljubuski.ba\\\/#\\\/schema\\\/person\\\/19fc700381a780f69665d7956c469e3b\",\"name\":\"Radio Ljubu\u0161ki\"}]}<\/script>\n<!-- \/ Yoast SEO plugin. -->","yoast_head_json":{"title":"Prosvjedi protiv epidemiolo\u0161kih mjera u Be\u010du, Francuskoj, Nizozemskoj, Turskoj - RADIO LJUBU\u0160KI","robots":{"index":"index","follow":"follow","max-snippet":"max-snippet:-1","max-image-preview":"max-image-preview:large","max-video-preview":"max-video-preview:-1"},"canonical":"https:\/\/radioljubuski.ba\/index.php\/2021\/09\/11\/prosvjedi-protiv-epidemioloskih-mjera-u-becu-francuskoj-nizozemskoj-turskoj\/","og_locale":"hr_HR","og_type":"article","og_title":"Prosvjedi protiv epidemiolo\u0161kih mjera u Be\u010du, Francuskoj, Nizozemskoj, Turskoj - RADIO LJUBU\u0160KI","og_description":"Vi\u0161e desetaka tisu\u0107a prosvjednika iza\u0161lo je u subotu na ulice Be\u010da, vi\u0161e gradova u Francuskoj i Nizozemskoj, te u Istanbulu, demonstriraju\u0107i protiv epidemiolo\u0161kih mjera uvedenih zbog pandemije COVID-a, javljaju svjetske agencije. Oko dvije tisu\u0107e prosvjednika iza\u0161lo je u subotu na ulice Be\u010da tra\u017ee\u0107i slobodu i osu\u0111uju\u0107i epidemiolo\u0161ke mjere koje je uvela austrijska vlada u cilju [&hellip;]","og_url":"https:\/\/radioljubuski.ba\/index.php\/2021\/09\/11\/prosvjedi-protiv-epidemioloskih-mjera-u-becu-francuskoj-nizozemskoj-turskoj\/","og_site_name":"RADIO LJUBU\u0160KI","article_publisher":"https:\/\/www.facebook.com\/Radiio-Ljubuski-1490835324566332","article_published_time":"2021-09-11T20:55:41+00:00","article_modified_time":"2021-09-11T20:55:42+00:00","og_image":[{"width":275,"height":183,"url":"https:\/\/radioljubuski.ba\/wp-content\/uploads\/2021\/09\/preuzmi-3-3.jpg","type":"image\/jpeg"}],"author":"Radio Ljubu\u0161ki","twitter_card":"summary_large_image","twitter_creator":"@radioljubuski","twitter_site":"@radioljubuski","twitter_misc":{"Napisao\/la":"Radio Ljubu\u0161ki","Procijenjeno vrijeme \u010ditanja":"3 minute"},"schema":{"@context":"https:\/\/schema.org","@graph":[{"@type":"Article","@id":"https:\/\/radioljubuski.ba\/index.php\/2021\/09\/11\/prosvjedi-protiv-epidemioloskih-mjera-u-becu-francuskoj-nizozemskoj-turskoj\/#article","isPartOf":{"@id":"https:\/\/radioljubuski.ba\/index.php\/2021\/09\/11\/prosvjedi-protiv-epidemioloskih-mjera-u-becu-francuskoj-nizozemskoj-turskoj\/"},"author":{"name":"Radio Ljubu\u0161ki","@id":"https:\/\/radioljubuski.ba\/#\/schema\/person\/19fc700381a780f69665d7956c469e3b"},"headline":"Prosvjedi protiv epidemiolo\u0161kih mjera u Be\u010du, Francuskoj, Nizozemskoj, Turskoj","datePublished":"2021-09-11T20:55:41+00:00","dateModified":"2021-09-11T20:55:42+00:00","mainEntityOfPage":{"@id":"https:\/\/radioljubuski.ba\/index.php\/2021\/09\/11\/prosvjedi-protiv-epidemioloskih-mjera-u-becu-francuskoj-nizozemskoj-turskoj\/"},"wordCount":674,"publisher":{"@id":"https:\/\/radioljubuski.ba\/#organization"},"image":{"@id":"https:\/\/radioljubuski.ba\/index.php\/2021\/09\/11\/prosvjedi-protiv-epidemioloskih-mjera-u-becu-francuskoj-nizozemskoj-turskoj\/#primaryimage"},"thumbnailUrl":"https:\/\/radioljubuski.ba\/wp-content\/uploads\/2021\/09\/preuzmi-3-3.jpg","articleSection":["BIH i regija"],"inLanguage":"hr"},{"@type":"WebPage","@id":"https:\/\/radioljubuski.ba\/index.php\/2021\/09\/11\/prosvjedi-protiv-epidemioloskih-mjera-u-becu-francuskoj-nizozemskoj-turskoj\/","url":"https:\/\/radioljubuski.ba\/index.php\/2021\/09\/11\/prosvjedi-protiv-epidemioloskih-mjera-u-becu-francuskoj-nizozemskoj-turskoj\/","name":"Prosvjedi protiv epidemiolo\u0161kih mjera u Be\u010du, Francuskoj, Nizozemskoj, Turskoj - RADIO LJUBU\u0160KI","isPartOf":{"@id":"https:\/\/radioljubuski.ba\/#website"},"primaryImageOfPage":{"@id":"https:\/\/radioljubuski.ba\/index.php\/2021\/09\/11\/prosvjedi-protiv-epidemioloskih-mjera-u-becu-francuskoj-nizozemskoj-turskoj\/#primaryimage"},"image":{"@id":"https:\/\/radioljubuski.ba\/index.php\/2021\/09\/11\/prosvjedi-protiv-epidemioloskih-mjera-u-becu-francuskoj-nizozemskoj-turskoj\/#primaryimage"},"thumbnailUrl":"https:\/\/radioljubuski.ba\/wp-content\/uploads\/2021\/09\/preuzmi-3-3.jpg","datePublished":"2021-09-11T20:55:41+00:00","dateModified":"2021-09-11T20:55:42+00:00","breadcrumb":{"@id":"https:\/\/radioljubuski.ba\/index.php\/2021\/09\/11\/prosvjedi-protiv-epidemioloskih-mjera-u-becu-francuskoj-nizozemskoj-turskoj\/#breadcrumb"},"inLanguage":"hr","potentialAction":[{"@type":"ReadAction","target":["https:\/\/radioljubuski.ba\/index.php\/2021\/09\/11\/prosvjedi-protiv-epidemioloskih-mjera-u-becu-francuskoj-nizozemskoj-turskoj\/"]}]},{"@type":"ImageObject","inLanguage":"hr","@id":"https:\/\/radioljubuski.ba\/index.php\/2021\/09\/11\/prosvjedi-protiv-epidemioloskih-mjera-u-becu-francuskoj-nizozemskoj-turskoj\/#primaryimage","url":"https:\/\/radioljubuski.ba\/wp-content\/uploads\/2021\/09\/preuzmi-3-3.jpg","contentUrl":"https:\/\/radioljubuski.ba\/wp-content\/uploads\/2021\/09\/preuzmi-3-3.jpg","width":275,"height":183},{"@type":"BreadcrumbList","@id":"https:\/\/radioljubuski.ba\/index.php\/2021\/09\/11\/prosvjedi-protiv-epidemioloskih-mjera-u-becu-francuskoj-nizozemskoj-turskoj\/#breadcrumb","itemListElement":[{"@type":"ListItem","position":1,"name":"Po\u010detna stranica","item":"https:\/\/radioljubuski.ba\/"},{"@type":"ListItem","position":2,"name":"Prosvjedi protiv epidemiolo\u0161kih mjera u Be\u010du, Francuskoj, Nizozemskoj, Turskoj"}]},{"@type":"WebSite","@id":"https:\/\/radioljubuski.ba\/#website","url":"https:\/\/radioljubuski.ba\/","name":"Radio Ljubu\u0161ki","description":"Sun\u010dana frekvencija Hercegovine","publisher":{"@id":"https:\/\/radioljubuski.ba\/#organization"},"potentialAction":[{"@type":"SearchAction","target":{"@type":"EntryPoint","urlTemplate":"https:\/\/radioljubuski.ba\/?s={search_term_string}"},"query-input":{"@type":"PropertyValueSpecification","valueRequired":true,"valueName":"search_term_string"}}],"inLanguage":"hr"},{"@type":"Organization","@id":"https:\/\/radioljubuski.ba\/#organization","name":"Radio Ljubu\u0161ki","url":"https:\/\/radioljubuski.ba\/","logo":{"@type":"ImageObject","inLanguage":"hr","@id":"https:\/\/radioljubuski.ba\/#\/schema\/logo\/image\/","url":"https:\/\/radioljubuski.ba\/wp-content\/uploads\/2021\/02\/cropped-Radio_Ljubuski_logo1.jpg","contentUrl":"https:\/\/radioljubuski.ba\/wp-content\/uploads\/2021\/02\/cropped-Radio_Ljubuski_logo1.jpg","width":512,"height":512,"caption":"Radio Ljubu\u0161ki"},"image":{"@id":"https:\/\/radioljubuski.ba\/#\/schema\/logo\/image\/"},"sameAs":["https:\/\/www.facebook.com\/Radiio-Ljubuski-1490835324566332","https:\/\/x.com\/radioljubuski","https:\/\/hr.linkedin.com\/company\/radio-ljubuski","https:\/\/www.youtube.com\/channel\/UCHYaeO_n0Db3tjNGudGpXyw"]},{"@type":"Person","@id":"https:\/\/radioljubuski.ba\/#\/schema\/person\/19fc700381a780f69665d7956c469e3b","name":"Radio Ljubu\u0161ki"}]}},"_links":{"self":[{"href":"https:\/\/radioljubuski.ba\/index.php\/wp-json\/wp\/v2\/posts\/62556","targetHints":{"allow":["GET"]}}],"collection":[{"href":"https:\/\/radioljubuski.ba\/index.php\/wp-json\/wp\/v2\/posts"}],"about":[{"href":"https:\/\/radioljubuski.ba\/index.php\/wp-json\/wp\/v2\/types\/post"}],"author":[{"embeddable":true,"href":"https:\/\/radioljubuski.ba\/index.php\/wp-json\/wp\/v2\/users\/2"}],"replies":[{"embeddable":true,"href":"https:\/\/radioljubuski.ba\/index.php\/wp-json\/wp\/v2\/comments?post=62556"}],"version-history":[{"count":1,"href":"https:\/\/radioljubuski.ba\/index.php\/wp-json\/wp\/v2\/posts\/62556\/revisions"}],"predecessor-version":[{"id":62558,"href":"https:\/\/radioljubuski.ba\/index.php\/wp-json\/wp\/v2\/posts\/62556\/revisions\/62558"}],"wp:featuredmedia":[{"embeddable":true,"href":"https:\/\/radioljubuski.ba\/index.php\/wp-json\/wp\/v2\/media\/62557"}],"wp:attachment":[{"href":"https:\/\/radioljubuski.ba\/index.php\/wp-json\/wp\/v2\/media?parent=62556"}],"wp:term":[{"taxonomy":"category","embeddable":true,"href":"https:\/\/radioljubuski.ba\/index.php\/wp-json\/wp\/v2\/categories?post=62556"},{"taxonomy":"post_tag","embeddable":true,"href":"https:\/\/radioljubuski.ba\/index.php\/wp-json\/wp\/v2\/tags?post=62556"}],"curies":[{"name":"wp","href":"https:\/\/api.w.org\/{rel}","templated":true}]}}