{"id":62585,"date":"2021-09-11T22:10:42","date_gmt":"2021-09-11T21:10:42","guid":{"rendered":"https:\/\/radioljubuski.ba\/?p=62585"},"modified":"2021-09-11T22:10:43","modified_gmt":"2021-09-11T21:10:43","slug":"barbaric-ocekivati-nametanje-izbornoga-zakona-kao-nekakvu-vrstu-obestecenja-hrvata-doima-se-naivnim","status":"publish","type":"post","link":"https:\/\/radioljubuski.ba\/index.php\/2021\/09\/11\/barbaric-ocekivati-nametanje-izbornoga-zakona-kao-nekakvu-vrstu-obestecenja-hrvata-doima-se-naivnim\/","title":{"rendered":"Barbari\u0107: O\u010dekivati nametanje Izbornoga zakona kao nekakvu vrstu obe\u0161te\u0107enja Hrvata doima se naivnim"},"content":{"rendered":"\n<p><strong>Doc. dr. Dra\u017een Barbari\u0107, pro\u010delnik studija politologije na Filozofskom fakultetu Sveu\u010dii\u0161ta u Mostaru te voditelj Stru\u010dnog tima Instituta za dru\u0161tveno-politi\u010dka istra\u017eivanja (IDPI), u intervjuu Hrvatskom Medijskom Servisu dotaknuo se dosada\u0161njeg djelovanja novog visokog predstavnika me\u0111unarodne zajednice u Bosni i Hercegovini, Christiana Schmidta, s naglaskom na dvojake reakcije koje su njegove najnovije izjave izazvale u Sarajevu i u Mostaru.<\/strong><\/p>\n\n\n\n<p><strong>Razgovarao:&nbsp;<\/strong><em><strong>Branimir Gali\u0107<\/strong><\/em><strong>, Hrvatski Medijski Servis<\/strong><\/p>\n\n\n\n<p><strong>HMS: Izjava visokog predstavnika Christiana Schmidta da treba tra\u017eiti rje\u0161enja kako bi Bh. Hrvati trebali biti adekvatno zastupljeni u svim institucijama vlasti te da su dominantno za Kom\u0161i\u0107a glasovali Bo\u0161njaci uzburkala je duhove u medijskim i politi\u010dkim krugovima. Kako gledate na njegovu izjavu i koji bi mogli biti razlozi da Schmidt ba\u0161 ovako formulira svoju izjavu?<\/strong><\/p>\n\n\n\n<p><strong>BARBARI\u0106:<\/strong>&nbsp;Realno govore\u0107i, Christian Schmidt je u potpunosti pogodio sr\u017e problema u BiH, \u0161to na odre\u0111eni na\u010din stvara pozitivan dojam da je svjestan spleta problematike koja ga o\u010dekuje. Naime, izbor za hrvatskoga \u010dlana Predsjedni\u0161tva je tek simboli\u010dka gesta kojom se iskazuje da niti plebiscitarna podr\u0161ka hrvatskih bira\u010da ostaje neznatna u odnosu na snagu bira\u010dke ma\u0161inerije ve\u0107inskoga naroda. Licemjerstvo njegova prethodnika koji bi na \u010dinjenicu da su ga svojim izborom nametnuli Bo\u0161njaci odgovara karikaturalnim protuargumentom da Kom\u0161i\u0107 vozi \u0160kodu, da \u017eivi u istom stanu i da su za njega glasali i stanovnici Mostara, zlonamjerno ne nagla\u0161avaju\u0107i iz kojih je mostarskih op\u0107ina ta podr\u0161ka dolazila. Ako je Schmidtova izjava makar i naznaka da me\u0111unarodna zajednica odbacuje hipokriziju prave\u0107i se da su Kom\u0161i\u0107a izabrali \u201egra\u0111ani\u201c dok jako dobro znaju da su ga nametnuli Bo\u0161njaci, onda je u ovom trenutku sasvim dovoljno.<\/p>\n\n\n\n<p><strong>HMS: Dominantna ve\u0107ina bo\u0161nja\u010dkih predstavnika sa svih dijelova politi\u010dkog spektra udarili su drvljem i kamenjem na Schmidta zbog ove izjave. Mo\u017ee li do\u0107i do toga da bo\u0161nja\u010dki establishment \u201epovu\u010de ru\u010dnu\u201c i smanji razinu suradnje s njema\u010dkim diplomatom ili \u0107e pak upregnuti sve snage preko svojih de\u017eurnih lobista te osigurati da ova izjava bude \u201eizolirani incident\u201c?<\/strong><\/p>\n\n\n\n<p><strong>BARBARI\u0106:<\/strong>&nbsp;Tu dolazimo do \u201ekonzistentnosti\u201c sarajevske politi\u010dke elite. Kada god su Visoki predstavnici otvoreno propagirali ili podr\u017eavali stavove koji nedvosmisleno idu u korist njihovim unitarnim tendencijama, pa makar i pod krinkom liberalne predstavni\u010dke demokracije, bili su itekako hvaljeni i uva\u017eavani. Da ne spominjemo odluke i intervencije kojima su Visoki predstavnici direktno utjecali na politi\u010dke procese i mijenjali politi\u010dki sustav, tada nitko nije dovodio u pitanje njihovu objektivnost i namjere. Problem s bo\u0161nja\u010dkom politikom \u0161to je djelomi\u010dno atrofirala, u kreiranju i provo\u0111enju nacionalne politike, u naju\u017eem mogu\u0107em smislu. OHR su do\u017eivjeli kao neku vrstu premosnice, subjekta za odigravanje duploga pasa, kako bi ostvarili svoje interese. Iz te perspektive postali su ovisni o me\u0111unarodnom intervencionizmu i svaki oblik udaljavanja od pozicije OHR-a za njih bi zna\u010dio redefiniranje nacionalne politike, nisam siguran jesu li u ovom trenutku na to spremni.<\/p>\n\n\n\n<p><strong>HMS: Hrvatski politi\u010dki predstavnici kalkulirali su s time kako se odnositi prema Schmidtu te su ga u odre\u0111enim krugovima nazivali i samoprozvanim visokim predstavnikom zbog njegovog upitnog legitimiteta i legaliteta, a s obzirom na to da njegovo imenovanje nije potvr\u0111eno u Vije\u0107u sigurnosti UN-a. Jesu li hrvatski du\u017enosnici i politi\u010dki komentatori (kreatori javnog mnijenja) nakon jedne dopadljive izjave preuranjeno krenuli Schmidta okivati u zvijezde i ho\u0107e li im se to u budu\u0107nosti potencijalno vratiti kao bumerang?<\/strong><\/p>\n\n\n\n<p><strong>BARBARI\u0106:<\/strong>&nbsp;Osobno mislim da jesu, mo\u017eda osokoljeni reakcijama koje su dolazile iz Sarajeva, \u0161to ne umanjuje nu\u017enost racionalne i odmjerene reakcije. U \u010demu je stvar, u BiH se \u010desto zaboravlja da se politika vodi na\u010delima i konzistencijom, a ne usijanim izjavama. Ako prihvatite da Visoki predstavnik svojim stavovima mo\u017ee usmjeravati tokove politi\u010dkih procesa, uklju\u010duju\u0107i utjecaj na izmjene izbornoga zakona ili u bliskoj budu\u0107nosti ustava, kada ga legitimirate jednom prihvatili ste na\u010delo i modus funkcioniranja. \u0160to kada za nekoliko mjeseci priop\u0107i izjavu koja se ne svi\u0111a i nikako ne uklapa u interese va\u0161ega nacionalnog korpusa, na\u010delo pogaziti ne mo\u017eete, a s konsekvencama izjave se morate nositi. Kako je poznati srpski reper u pjesmi mudro poentirao: \u201ena male rije\u010di hvale se pale samo budale\u201c.<\/p>\n\n\n\n<p><strong>HMS: Bi li za BiH bilo pogre\u0161no da OHR nametne izmjene Izbornog zakona BiH, bi li to bila jo\u0161 jedna potvrda da BiH zapravo i nije dr\u017eava (\u010dak i u slu\u010daju da se njime implementira presuda Ljubi\u0107)?<\/strong><\/p>\n\n\n\n<p><strong>BARBARI\u0106:<\/strong>&nbsp;Opet se nadovezujemo na pitanje na\u010dela, i u tome je bo\u0161nja\u010dka vrhu\u0161ka odavno pokleknula. Ako zazivate intervenciju me\u0111unarodne zajednice, ako priti\u0161\u0107ete Visokoga predstavnika da donese odluke koje idu u va\u0161u korist te likujete kada se to dogodi, \u0161to kada njegove odluke idu kontra va\u0161ih interesa i ciljeva? Svako nametanje su\u0161tinski va\u017enih elemenata u politi\u010dki sustav je pogre\u0161no, test toga su reakcije pojedinih nacionalnih politi\u010dkih subjekata i medija. Je li nametnuta ijedna odluka od strane OHR-a da su sve tri strane podjednako bile nezadovoljne, ili da barem jedna nije eksplicitno likovala? O\u010dekivati nametanje odredbi izbornoga zakona kojim bi se implementirala spomenuta presuda kao nekakva vrsta obe\u0161te\u0107enja Hrvata, a da se pri tome ne u\u010dini odre\u0111eni ustupak bo\u0161nja\u010dkoj strani je naivno. Na kraju krajeva, postoji li ijedna nametnuta odluka OHR-a u izborni sustav BiH koja je barem mrvicu unaprijedila dotada\u0161nje stanje?<\/p>\n\n\n\n<p><strong>HMS: Kako komentirate nesudjelovanje politi\u010dkih predstavnika Srba u radu izvr\u0161nih i zakonodavnih tijela vlasti sve dok je, kako ka\u017eu, na snazi nametnuti Inzkov zakon o zabrani negiranja genocida. Koliko \u0107e ovakva situacija potrajati te imaju li predstavnici vlasti i opozicije RS dovoljno kohezivnih faktora da ustraju u svojoj odluci?<\/strong><\/p>\n\n\n\n<p><strong>BARBARI\u0106:<\/strong>&nbsp;To je njihova legitimna politi\u010dka taktika koja samo prividno ima konture nacionalne politike. Nametnuta odluka biv\u0161ega Visokog predstavnika ih je dovela pred gotov \u010din u kome niti jedan politi\u010dki subjekt nije imao manevarskoga prostora, pa su postigli privremeni usugla\u0161eni stav. Koliko je to javnosti vidljivo, radi se o nekoj \u010dudnoj vrsti simulacije obrane srpskih nacionalnih interesa u kojem niti jedan akter te svesrpske opstrukcije ne vjeruje drugome i samo vreba na\u010din kako da izmigolji iz dogovora, a da ne podnese teret izdajni\u0161tva.<\/p>\n\n\n\n<p><strong>HMS: Bi li IDPI-ev prijedlog izmjena i dopuna Izbornog zakona, u kojem ste na \u010delu stru\u010dnog tima, mogao doista i za\u017eivjeti u praksi s obzirom na to da se njime implementiraju sve presude doma\u0107ih i me\u0111unarodnih sudova?<\/strong><\/p>\n\n\n\n<p><strong>BARBARI\u0106<\/strong>: Za sada kroz razli\u010dite medijske, akademske i politi\u010dke forume niti jedan prijedlog se nije pokazao sveobuhvatan poput navedenoga. On u biti ima dvije varijante koje se manje vi\u0161e odre\u0111uju u odnosu na nu\u017enost zadiranja u ustavne promjene. Naravno, one izmjene izbornoga zakona koje ne iziskuju ustavne izmjene su manje obuhvatne i ne mogu rije\u0161iti sve presude Europskoga suda za ljudska prava, dok druga varijanta sa ustavnim izmjenama rje\u0161ava sve presude, ali iziskuje mnogo ve\u0107i ulog politi\u010dke volje. Ako se vodimo maksimom da komplicirani problemi zahtijevaju kompleksna rje\u0161enja onda IDPI-jev prijedlog mo\u017ee poslu\u017eiti kao sveobuhvatni model potpuno reformiranoga izbornog modela. Me\u0111utim, njegova stvara uporabna vrijednost je na\u010din pristupanja problematici, uzimanje u obzir svih presuda koje nala\u017eu izmjenu izbornoga zakonodavstva, te mogu\u0107nost primjene odre\u0111enih segmenata modela koji se mogu ugraditi u neke budu\u0107e prijedloge za izmjene izbornoga zakona.<\/p>\n\n\n\n<p><strong>HMS: \u0160to mo\u017eemo o\u010dekivati od novog, Bidenovog, glavnog \u010dovjeka za Zapadni Balkan, Gabriela Escobara, smatrate li da \u0107e do\u0107i do promjene u odnosu na ono \u0161to je radio Palmer. U kona\u010dnici, ho\u0107e li BiH uop\u0107e biti u fokusu ameri\u010dke administracije s obzirom da se kao va\u017enije name\u0107e (poku\u0161aj) normalizacije odnosa Beograda i Pri\u0161tine?<\/strong><\/p>\n\n\n\n<p><strong>BARBARI\u0106:<\/strong>&nbsp;Te\u0161ko je procijeniti mogu\u0107e promjene na osnovu jedne personalne izmjene u diplomatskoj strukturi. Ipak, nakon \u0161to je splasnulo po\u010detno odu\u0161evljenje i entuzijazam nakon izbora Joea Bidena od svih onih koji su o\u010dekivali radikalne intervencionisti\u010dke rezove, pokazalo se da SAD izuzetno aktivno rade na postoje\u0107em procesu izmjene izbornoga zakona. Sumnjam da \u0107e g. Escobar predstavljati ozbiljniji zaokret u odnosu na dosada\u0161nju politiku, naposljetku, zna\u010dajni diplomski napori su do sada ulo\u017eeni, a najave su da se pregovori ubrzo intenziviraju. U tome procesu iskustvo rada g. Escobara na podru\u010dju Zapadnoga Balkana, te unutar strukture podijeljenoga dru\u0161tva i nestabilne dr\u017eave kakvo je ira\u010dko, sasvim sigurno mogu doprinijeti boljem razumijevanju lokalne problematike. SAD nedvojbeno imaju mnogo prioritetnijih kriti\u010dnih to\u010daka u svom vanjskopoliti\u010dkom djelovanju, pa \u010dak i spomenuti odnos Beograda i Pri\u0161tine je takav, me\u0111utim, bez intenzivnoga anga\u017emana ameri\u010dke diplomacije ne postoji realna mogu\u0107nost da do dogovora oko izbornoga zakona do\u0111e do kraja teku\u0107e godine.<\/p>\n\n\n\n<p>\/HMS\/<\/p>\n","protected":false},"excerpt":{"rendered":"<p>Doc. dr. Dra\u017een Barbari\u0107, pro\u010delnik studija politologije na Filozofskom fakultetu Sveu\u010dii\u0161ta u Mostaru te voditelj Stru\u010dnog tima Instituta za dru\u0161tveno-politi\u010dka istra\u017eivanja (IDPI), u intervjuu Hrvatskom Medijskom Servisu dotaknuo se dosada\u0161njeg djelovanja novog visokog predstavnika me\u0111unarodne zajednice u Bosni i Hercegovini, Christiana Schmidta, s naglaskom na dvojake reakcije koje su njegove najnovije izjave izazvale u Sarajevu [&hellip;]<\/p>\n","protected":false},"author":2,"featured_media":62586,"comment_status":"closed","ping_status":"closed","sticky":false,"template":"","format":"standard","meta":{"h5ap_radio_sources":[],"footnotes":""},"categories":[1],"tags":[],"class_list":["post-62585","post","type-post","status-publish","format-standard","has-post-thumbnail","hentry","category-bihiregija"],"yoast_head":"<!-- This site is optimized with the Yoast SEO plugin v27.5 - https:\/\/yoast.com\/product\/yoast-seo-wordpress\/ -->\n<title>Barbari\u0107: O\u010dekivati nametanje Izbornoga zakona kao nekakvu vrstu obe\u0161te\u0107enja Hrvata doima se naivnim - RADIO LJUBU\u0160KI<\/title>\n<meta name=\"robots\" content=\"index, follow, max-snippet:-1, max-image-preview:large, max-video-preview:-1\" \/>\n<link rel=\"canonical\" href=\"https:\/\/radioljubuski.ba\/index.php\/2021\/09\/11\/barbaric-ocekivati-nametanje-izbornoga-zakona-kao-nekakvu-vrstu-obestecenja-hrvata-doima-se-naivnim\/\" \/>\n<meta property=\"og:locale\" content=\"hr_HR\" \/>\n<meta property=\"og:type\" content=\"article\" \/>\n<meta property=\"og:title\" content=\"Barbari\u0107: O\u010dekivati nametanje Izbornoga zakona kao nekakvu vrstu obe\u0161te\u0107enja Hrvata doima se naivnim - RADIO LJUBU\u0160KI\" \/>\n<meta property=\"og:description\" content=\"Doc. dr. Dra\u017een Barbari\u0107, pro\u010delnik studija politologije na Filozofskom fakultetu Sveu\u010dii\u0161ta u Mostaru te voditelj Stru\u010dnog tima Instituta za dru\u0161tveno-politi\u010dka istra\u017eivanja (IDPI), u intervjuu Hrvatskom Medijskom Servisu dotaknuo se dosada\u0161njeg djelovanja novog visokog predstavnika me\u0111unarodne zajednice u Bosni i Hercegovini, Christiana Schmidta, s naglaskom na dvojake reakcije koje su njegove najnovije izjave izazvale u Sarajevu [&hellip;]\" \/>\n<meta property=\"og:url\" content=\"https:\/\/radioljubuski.ba\/index.php\/2021\/09\/11\/barbaric-ocekivati-nametanje-izbornoga-zakona-kao-nekakvu-vrstu-obestecenja-hrvata-doima-se-naivnim\/\" \/>\n<meta property=\"og:site_name\" content=\"RADIO LJUBU\u0160KI\" \/>\n<meta property=\"article:publisher\" content=\"https:\/\/www.facebook.com\/Radiio-Ljubuski-1490835324566332\" \/>\n<meta property=\"article:published_time\" content=\"2021-09-11T21:10:42+00:00\" \/>\n<meta property=\"article:modified_time\" content=\"2021-09-11T21:10:43+00:00\" \/>\n<meta property=\"og:image\" content=\"https:\/\/radioljubuski.ba\/wp-content\/uploads\/2021\/09\/drazen-barbaric.jpg\" \/>\n\t<meta property=\"og:image:width\" content=\"810\" \/>\n\t<meta property=\"og:image:height\" content=\"532\" \/>\n\t<meta property=\"og:image:type\" content=\"image\/jpeg\" \/>\n<meta name=\"author\" content=\"Radio Ljubu\u0161ki\" \/>\n<meta name=\"twitter:card\" content=\"summary_large_image\" \/>\n<meta name=\"twitter:creator\" content=\"@radioljubuski\" \/>\n<meta name=\"twitter:site\" content=\"@radioljubuski\" \/>\n<meta name=\"twitter:label1\" content=\"Napisao\/la\" \/>\n\t<meta name=\"twitter:data1\" content=\"Radio Ljubu\u0161ki\" \/>\n\t<meta name=\"twitter:label2\" content=\"Procijenjeno vrijeme \u010ditanja\" \/>\n\t<meta name=\"twitter:data2\" content=\"6 minuta\" \/>\n<script type=\"application\/ld+json\" class=\"yoast-schema-graph\">{\"@context\":\"https:\\\/\\\/schema.org\",\"@graph\":[{\"@type\":\"Article\",\"@id\":\"https:\\\/\\\/radioljubuski.ba\\\/index.php\\\/2021\\\/09\\\/11\\\/barbaric-ocekivati-nametanje-izbornoga-zakona-kao-nekakvu-vrstu-obestecenja-hrvata-doima-se-naivnim\\\/#article\",\"isPartOf\":{\"@id\":\"https:\\\/\\\/radioljubuski.ba\\\/index.php\\\/2021\\\/09\\\/11\\\/barbaric-ocekivati-nametanje-izbornoga-zakona-kao-nekakvu-vrstu-obestecenja-hrvata-doima-se-naivnim\\\/\"},\"author\":{\"name\":\"Radio Ljubu\u0161ki\",\"@id\":\"https:\\\/\\\/radioljubuski.ba\\\/#\\\/schema\\\/person\\\/19fc700381a780f69665d7956c469e3b\"},\"headline\":\"Barbari\u0107: O\u010dekivati nametanje Izbornoga zakona kao nekakvu vrstu obe\u0161te\u0107enja Hrvata doima se naivnim\",\"datePublished\":\"2021-09-11T21:10:42+00:00\",\"dateModified\":\"2021-09-11T21:10:43+00:00\",\"mainEntityOfPage\":{\"@id\":\"https:\\\/\\\/radioljubuski.ba\\\/index.php\\\/2021\\\/09\\\/11\\\/barbaric-ocekivati-nametanje-izbornoga-zakona-kao-nekakvu-vrstu-obestecenja-hrvata-doima-se-naivnim\\\/\"},\"wordCount\":1537,\"publisher\":{\"@id\":\"https:\\\/\\\/radioljubuski.ba\\\/#organization\"},\"image\":{\"@id\":\"https:\\\/\\\/radioljubuski.ba\\\/index.php\\\/2021\\\/09\\\/11\\\/barbaric-ocekivati-nametanje-izbornoga-zakona-kao-nekakvu-vrstu-obestecenja-hrvata-doima-se-naivnim\\\/#primaryimage\"},\"thumbnailUrl\":\"https:\\\/\\\/radioljubuski.ba\\\/wp-content\\\/uploads\\\/2021\\\/09\\\/drazen-barbaric.jpg\",\"articleSection\":[\"BIH i regija\"],\"inLanguage\":\"hr\"},{\"@type\":\"WebPage\",\"@id\":\"https:\\\/\\\/radioljubuski.ba\\\/index.php\\\/2021\\\/09\\\/11\\\/barbaric-ocekivati-nametanje-izbornoga-zakona-kao-nekakvu-vrstu-obestecenja-hrvata-doima-se-naivnim\\\/\",\"url\":\"https:\\\/\\\/radioljubuski.ba\\\/index.php\\\/2021\\\/09\\\/11\\\/barbaric-ocekivati-nametanje-izbornoga-zakona-kao-nekakvu-vrstu-obestecenja-hrvata-doima-se-naivnim\\\/\",\"name\":\"Barbari\u0107: O\u010dekivati nametanje Izbornoga zakona kao nekakvu vrstu obe\u0161te\u0107enja Hrvata doima se naivnim - RADIO LJUBU\u0160KI\",\"isPartOf\":{\"@id\":\"https:\\\/\\\/radioljubuski.ba\\\/#website\"},\"primaryImageOfPage\":{\"@id\":\"https:\\\/\\\/radioljubuski.ba\\\/index.php\\\/2021\\\/09\\\/11\\\/barbaric-ocekivati-nametanje-izbornoga-zakona-kao-nekakvu-vrstu-obestecenja-hrvata-doima-se-naivnim\\\/#primaryimage\"},\"image\":{\"@id\":\"https:\\\/\\\/radioljubuski.ba\\\/index.php\\\/2021\\\/09\\\/11\\\/barbaric-ocekivati-nametanje-izbornoga-zakona-kao-nekakvu-vrstu-obestecenja-hrvata-doima-se-naivnim\\\/#primaryimage\"},\"thumbnailUrl\":\"https:\\\/\\\/radioljubuski.ba\\\/wp-content\\\/uploads\\\/2021\\\/09\\\/drazen-barbaric.jpg\",\"datePublished\":\"2021-09-11T21:10:42+00:00\",\"dateModified\":\"2021-09-11T21:10:43+00:00\",\"breadcrumb\":{\"@id\":\"https:\\\/\\\/radioljubuski.ba\\\/index.php\\\/2021\\\/09\\\/11\\\/barbaric-ocekivati-nametanje-izbornoga-zakona-kao-nekakvu-vrstu-obestecenja-hrvata-doima-se-naivnim\\\/#breadcrumb\"},\"inLanguage\":\"hr\",\"potentialAction\":[{\"@type\":\"ReadAction\",\"target\":[\"https:\\\/\\\/radioljubuski.ba\\\/index.php\\\/2021\\\/09\\\/11\\\/barbaric-ocekivati-nametanje-izbornoga-zakona-kao-nekakvu-vrstu-obestecenja-hrvata-doima-se-naivnim\\\/\"]}]},{\"@type\":\"ImageObject\",\"inLanguage\":\"hr\",\"@id\":\"https:\\\/\\\/radioljubuski.ba\\\/index.php\\\/2021\\\/09\\\/11\\\/barbaric-ocekivati-nametanje-izbornoga-zakona-kao-nekakvu-vrstu-obestecenja-hrvata-doima-se-naivnim\\\/#primaryimage\",\"url\":\"https:\\\/\\\/radioljubuski.ba\\\/wp-content\\\/uploads\\\/2021\\\/09\\\/drazen-barbaric.jpg\",\"contentUrl\":\"https:\\\/\\\/radioljubuski.ba\\\/wp-content\\\/uploads\\\/2021\\\/09\\\/drazen-barbaric.jpg\",\"width\":810,\"height\":532},{\"@type\":\"BreadcrumbList\",\"@id\":\"https:\\\/\\\/radioljubuski.ba\\\/index.php\\\/2021\\\/09\\\/11\\\/barbaric-ocekivati-nametanje-izbornoga-zakona-kao-nekakvu-vrstu-obestecenja-hrvata-doima-se-naivnim\\\/#breadcrumb\",\"itemListElement\":[{\"@type\":\"ListItem\",\"position\":1,\"name\":\"Po\u010detna stranica\",\"item\":\"https:\\\/\\\/radioljubuski.ba\\\/\"},{\"@type\":\"ListItem\",\"position\":2,\"name\":\"Barbari\u0107: O\u010dekivati nametanje Izbornoga zakona kao nekakvu vrstu obe\u0161te\u0107enja Hrvata doima se naivnim\"}]},{\"@type\":\"WebSite\",\"@id\":\"https:\\\/\\\/radioljubuski.ba\\\/#website\",\"url\":\"https:\\\/\\\/radioljubuski.ba\\\/\",\"name\":\"Radio Ljubu\u0161ki\",\"description\":\"Sun\u010dana frekvencija Hercegovine\",\"publisher\":{\"@id\":\"https:\\\/\\\/radioljubuski.ba\\\/#organization\"},\"potentialAction\":[{\"@type\":\"SearchAction\",\"target\":{\"@type\":\"EntryPoint\",\"urlTemplate\":\"https:\\\/\\\/radioljubuski.ba\\\/?s={search_term_string}\"},\"query-input\":{\"@type\":\"PropertyValueSpecification\",\"valueRequired\":true,\"valueName\":\"search_term_string\"}}],\"inLanguage\":\"hr\"},{\"@type\":\"Organization\",\"@id\":\"https:\\\/\\\/radioljubuski.ba\\\/#organization\",\"name\":\"Radio Ljubu\u0161ki\",\"url\":\"https:\\\/\\\/radioljubuski.ba\\\/\",\"logo\":{\"@type\":\"ImageObject\",\"inLanguage\":\"hr\",\"@id\":\"https:\\\/\\\/radioljubuski.ba\\\/#\\\/schema\\\/logo\\\/image\\\/\",\"url\":\"https:\\\/\\\/radioljubuski.ba\\\/wp-content\\\/uploads\\\/2021\\\/02\\\/cropped-Radio_Ljubuski_logo1.jpg\",\"contentUrl\":\"https:\\\/\\\/radioljubuski.ba\\\/wp-content\\\/uploads\\\/2021\\\/02\\\/cropped-Radio_Ljubuski_logo1.jpg\",\"width\":512,\"height\":512,\"caption\":\"Radio Ljubu\u0161ki\"},\"image\":{\"@id\":\"https:\\\/\\\/radioljubuski.ba\\\/#\\\/schema\\\/logo\\\/image\\\/\"},\"sameAs\":[\"https:\\\/\\\/www.facebook.com\\\/Radiio-Ljubuski-1490835324566332\",\"https:\\\/\\\/x.com\\\/radioljubuski\",\"https:\\\/\\\/hr.linkedin.com\\\/company\\\/radio-ljubuski\",\"https:\\\/\\\/www.youtube.com\\\/channel\\\/UCHYaeO_n0Db3tjNGudGpXyw\"]},{\"@type\":\"Person\",\"@id\":\"https:\\\/\\\/radioljubuski.ba\\\/#\\\/schema\\\/person\\\/19fc700381a780f69665d7956c469e3b\",\"name\":\"Radio Ljubu\u0161ki\"}]}<\/script>\n<!-- \/ Yoast SEO plugin. -->","yoast_head_json":{"title":"Barbari\u0107: O\u010dekivati nametanje Izbornoga zakona kao nekakvu vrstu obe\u0161te\u0107enja Hrvata doima se naivnim - RADIO LJUBU\u0160KI","robots":{"index":"index","follow":"follow","max-snippet":"max-snippet:-1","max-image-preview":"max-image-preview:large","max-video-preview":"max-video-preview:-1"},"canonical":"https:\/\/radioljubuski.ba\/index.php\/2021\/09\/11\/barbaric-ocekivati-nametanje-izbornoga-zakona-kao-nekakvu-vrstu-obestecenja-hrvata-doima-se-naivnim\/","og_locale":"hr_HR","og_type":"article","og_title":"Barbari\u0107: O\u010dekivati nametanje Izbornoga zakona kao nekakvu vrstu obe\u0161te\u0107enja Hrvata doima se naivnim - RADIO LJUBU\u0160KI","og_description":"Doc. dr. Dra\u017een Barbari\u0107, pro\u010delnik studija politologije na Filozofskom fakultetu Sveu\u010dii\u0161ta u Mostaru te voditelj Stru\u010dnog tima Instituta za dru\u0161tveno-politi\u010dka istra\u017eivanja (IDPI), u intervjuu Hrvatskom Medijskom Servisu dotaknuo se dosada\u0161njeg djelovanja novog visokog predstavnika me\u0111unarodne zajednice u Bosni i Hercegovini, Christiana Schmidta, s naglaskom na dvojake reakcije koje su njegove najnovije izjave izazvale u Sarajevu [&hellip;]","og_url":"https:\/\/radioljubuski.ba\/index.php\/2021\/09\/11\/barbaric-ocekivati-nametanje-izbornoga-zakona-kao-nekakvu-vrstu-obestecenja-hrvata-doima-se-naivnim\/","og_site_name":"RADIO LJUBU\u0160KI","article_publisher":"https:\/\/www.facebook.com\/Radiio-Ljubuski-1490835324566332","article_published_time":"2021-09-11T21:10:42+00:00","article_modified_time":"2021-09-11T21:10:43+00:00","og_image":[{"width":810,"height":532,"url":"https:\/\/radioljubuski.ba\/wp-content\/uploads\/2021\/09\/drazen-barbaric.jpg","type":"image\/jpeg"}],"author":"Radio Ljubu\u0161ki","twitter_card":"summary_large_image","twitter_creator":"@radioljubuski","twitter_site":"@radioljubuski","twitter_misc":{"Napisao\/la":"Radio Ljubu\u0161ki","Procijenjeno vrijeme \u010ditanja":"6 minuta"},"schema":{"@context":"https:\/\/schema.org","@graph":[{"@type":"Article","@id":"https:\/\/radioljubuski.ba\/index.php\/2021\/09\/11\/barbaric-ocekivati-nametanje-izbornoga-zakona-kao-nekakvu-vrstu-obestecenja-hrvata-doima-se-naivnim\/#article","isPartOf":{"@id":"https:\/\/radioljubuski.ba\/index.php\/2021\/09\/11\/barbaric-ocekivati-nametanje-izbornoga-zakona-kao-nekakvu-vrstu-obestecenja-hrvata-doima-se-naivnim\/"},"author":{"name":"Radio Ljubu\u0161ki","@id":"https:\/\/radioljubuski.ba\/#\/schema\/person\/19fc700381a780f69665d7956c469e3b"},"headline":"Barbari\u0107: O\u010dekivati nametanje Izbornoga zakona kao nekakvu vrstu obe\u0161te\u0107enja Hrvata doima se naivnim","datePublished":"2021-09-11T21:10:42+00:00","dateModified":"2021-09-11T21:10:43+00:00","mainEntityOfPage":{"@id":"https:\/\/radioljubuski.ba\/index.php\/2021\/09\/11\/barbaric-ocekivati-nametanje-izbornoga-zakona-kao-nekakvu-vrstu-obestecenja-hrvata-doima-se-naivnim\/"},"wordCount":1537,"publisher":{"@id":"https:\/\/radioljubuski.ba\/#organization"},"image":{"@id":"https:\/\/radioljubuski.ba\/index.php\/2021\/09\/11\/barbaric-ocekivati-nametanje-izbornoga-zakona-kao-nekakvu-vrstu-obestecenja-hrvata-doima-se-naivnim\/#primaryimage"},"thumbnailUrl":"https:\/\/radioljubuski.ba\/wp-content\/uploads\/2021\/09\/drazen-barbaric.jpg","articleSection":["BIH i regija"],"inLanguage":"hr"},{"@type":"WebPage","@id":"https:\/\/radioljubuski.ba\/index.php\/2021\/09\/11\/barbaric-ocekivati-nametanje-izbornoga-zakona-kao-nekakvu-vrstu-obestecenja-hrvata-doima-se-naivnim\/","url":"https:\/\/radioljubuski.ba\/index.php\/2021\/09\/11\/barbaric-ocekivati-nametanje-izbornoga-zakona-kao-nekakvu-vrstu-obestecenja-hrvata-doima-se-naivnim\/","name":"Barbari\u0107: O\u010dekivati nametanje Izbornoga zakona kao nekakvu vrstu obe\u0161te\u0107enja Hrvata doima se naivnim - RADIO LJUBU\u0160KI","isPartOf":{"@id":"https:\/\/radioljubuski.ba\/#website"},"primaryImageOfPage":{"@id":"https:\/\/radioljubuski.ba\/index.php\/2021\/09\/11\/barbaric-ocekivati-nametanje-izbornoga-zakona-kao-nekakvu-vrstu-obestecenja-hrvata-doima-se-naivnim\/#primaryimage"},"image":{"@id":"https:\/\/radioljubuski.ba\/index.php\/2021\/09\/11\/barbaric-ocekivati-nametanje-izbornoga-zakona-kao-nekakvu-vrstu-obestecenja-hrvata-doima-se-naivnim\/#primaryimage"},"thumbnailUrl":"https:\/\/radioljubuski.ba\/wp-content\/uploads\/2021\/09\/drazen-barbaric.jpg","datePublished":"2021-09-11T21:10:42+00:00","dateModified":"2021-09-11T21:10:43+00:00","breadcrumb":{"@id":"https:\/\/radioljubuski.ba\/index.php\/2021\/09\/11\/barbaric-ocekivati-nametanje-izbornoga-zakona-kao-nekakvu-vrstu-obestecenja-hrvata-doima-se-naivnim\/#breadcrumb"},"inLanguage":"hr","potentialAction":[{"@type":"ReadAction","target":["https:\/\/radioljubuski.ba\/index.php\/2021\/09\/11\/barbaric-ocekivati-nametanje-izbornoga-zakona-kao-nekakvu-vrstu-obestecenja-hrvata-doima-se-naivnim\/"]}]},{"@type":"ImageObject","inLanguage":"hr","@id":"https:\/\/radioljubuski.ba\/index.php\/2021\/09\/11\/barbaric-ocekivati-nametanje-izbornoga-zakona-kao-nekakvu-vrstu-obestecenja-hrvata-doima-se-naivnim\/#primaryimage","url":"https:\/\/radioljubuski.ba\/wp-content\/uploads\/2021\/09\/drazen-barbaric.jpg","contentUrl":"https:\/\/radioljubuski.ba\/wp-content\/uploads\/2021\/09\/drazen-barbaric.jpg","width":810,"height":532},{"@type":"BreadcrumbList","@id":"https:\/\/radioljubuski.ba\/index.php\/2021\/09\/11\/barbaric-ocekivati-nametanje-izbornoga-zakona-kao-nekakvu-vrstu-obestecenja-hrvata-doima-se-naivnim\/#breadcrumb","itemListElement":[{"@type":"ListItem","position":1,"name":"Po\u010detna stranica","item":"https:\/\/radioljubuski.ba\/"},{"@type":"ListItem","position":2,"name":"Barbari\u0107: O\u010dekivati nametanje Izbornoga zakona kao nekakvu vrstu obe\u0161te\u0107enja Hrvata doima se naivnim"}]},{"@type":"WebSite","@id":"https:\/\/radioljubuski.ba\/#website","url":"https:\/\/radioljubuski.ba\/","name":"Radio Ljubu\u0161ki","description":"Sun\u010dana frekvencija Hercegovine","publisher":{"@id":"https:\/\/radioljubuski.ba\/#organization"},"potentialAction":[{"@type":"SearchAction","target":{"@type":"EntryPoint","urlTemplate":"https:\/\/radioljubuski.ba\/?s={search_term_string}"},"query-input":{"@type":"PropertyValueSpecification","valueRequired":true,"valueName":"search_term_string"}}],"inLanguage":"hr"},{"@type":"Organization","@id":"https:\/\/radioljubuski.ba\/#organization","name":"Radio Ljubu\u0161ki","url":"https:\/\/radioljubuski.ba\/","logo":{"@type":"ImageObject","inLanguage":"hr","@id":"https:\/\/radioljubuski.ba\/#\/schema\/logo\/image\/","url":"https:\/\/radioljubuski.ba\/wp-content\/uploads\/2021\/02\/cropped-Radio_Ljubuski_logo1.jpg","contentUrl":"https:\/\/radioljubuski.ba\/wp-content\/uploads\/2021\/02\/cropped-Radio_Ljubuski_logo1.jpg","width":512,"height":512,"caption":"Radio Ljubu\u0161ki"},"image":{"@id":"https:\/\/radioljubuski.ba\/#\/schema\/logo\/image\/"},"sameAs":["https:\/\/www.facebook.com\/Radiio-Ljubuski-1490835324566332","https:\/\/x.com\/radioljubuski","https:\/\/hr.linkedin.com\/company\/radio-ljubuski","https:\/\/www.youtube.com\/channel\/UCHYaeO_n0Db3tjNGudGpXyw"]},{"@type":"Person","@id":"https:\/\/radioljubuski.ba\/#\/schema\/person\/19fc700381a780f69665d7956c469e3b","name":"Radio Ljubu\u0161ki"}]}},"_links":{"self":[{"href":"https:\/\/radioljubuski.ba\/index.php\/wp-json\/wp\/v2\/posts\/62585","targetHints":{"allow":["GET"]}}],"collection":[{"href":"https:\/\/radioljubuski.ba\/index.php\/wp-json\/wp\/v2\/posts"}],"about":[{"href":"https:\/\/radioljubuski.ba\/index.php\/wp-json\/wp\/v2\/types\/post"}],"author":[{"embeddable":true,"href":"https:\/\/radioljubuski.ba\/index.php\/wp-json\/wp\/v2\/users\/2"}],"replies":[{"embeddable":true,"href":"https:\/\/radioljubuski.ba\/index.php\/wp-json\/wp\/v2\/comments?post=62585"}],"version-history":[{"count":1,"href":"https:\/\/radioljubuski.ba\/index.php\/wp-json\/wp\/v2\/posts\/62585\/revisions"}],"predecessor-version":[{"id":62587,"href":"https:\/\/radioljubuski.ba\/index.php\/wp-json\/wp\/v2\/posts\/62585\/revisions\/62587"}],"wp:featuredmedia":[{"embeddable":true,"href":"https:\/\/radioljubuski.ba\/index.php\/wp-json\/wp\/v2\/media\/62586"}],"wp:attachment":[{"href":"https:\/\/radioljubuski.ba\/index.php\/wp-json\/wp\/v2\/media?parent=62585"}],"wp:term":[{"taxonomy":"category","embeddable":true,"href":"https:\/\/radioljubuski.ba\/index.php\/wp-json\/wp\/v2\/categories?post=62585"},{"taxonomy":"post_tag","embeddable":true,"href":"https:\/\/radioljubuski.ba\/index.php\/wp-json\/wp\/v2\/tags?post=62585"}],"curies":[{"name":"wp","href":"https:\/\/api.w.org\/{rel}","templated":true}]}}