{"id":6382,"date":"2021-03-24T01:03:46","date_gmt":"2021-03-24T00:03:46","guid":{"rendered":"https:\/\/radioljubuski.ba\/?p=6382"},"modified":"2021-03-24T01:05:06","modified_gmt":"2021-03-24T00:05:06","slug":"monstruozne-prijetnje-iliji-cvitanovicu-crknut-ces-mamu-ti-kurvu","status":"publish","type":"post","link":"https:\/\/radioljubuski.ba\/index.php\/2021\/03\/24\/monstruozne-prijetnje-iliji-cvitanovicu-crknut-ces-mamu-ti-kurvu\/","title":{"rendered":"Monstruozne prijetnje Iliji Cvitanovi\u0107u: \u2018Crknut \u0107e\u0161, mamu ti kurvu\u2026\u2019"},"content":{"rendered":"\n<p><strong>Ju\u010der je Ilija Cvitanovi\u0107, predsjednik HDZ-a 1990, za portal Bild.ba komentirao izjave Bakira Izetbegovi\u0107a koji je po tko zna koji put govorio kako Hrvati imaju puno prava, kako treba dokinuti domove naroda, itd\u2026<\/strong><\/p>\n\n\n\n<p>Cvitanovi\u0107 je, komentiraju\u0107i izjave Bakira Izetbegovi\u0107a, kazao kako je Izborni zakon najbolje rje\u0161enje za BiH.<\/p>\n\n\n\n<p>Dodao je da \u0107e Bakir, ako to \u017eeli, \u201cdobiti Herceg-Bosnu\u201d, prenosi&nbsp;<a href=\"https:\/\/www.bild.ba\/lopovi-i-politika\/monstruozne-prijetnje-nakon-izjave-o-hrhb-crknut-ces-mamu-ti-kurvu\/\">Bild.ba<\/a>.<\/p>\n\n\n\n<figure class=\"wp-block-image\"><img decoding=\"async\" src=\"https:\/\/hms.ba\/wp-content\/uploads\/2021\/03\/Monstruozne-prijetnje-1.jpg\" alt=\"\"\/><\/figure>\n\n\n\n<p><strong>Monstruozne prijetnje<\/strong><\/p>\n\n\n\n<p>Predsjednik HDZ-a 1990 je stava kako BiH mo\u017ee opstati samo kao dr\u017eava tri konstitutivna i u svemu ravnopravna naroda.<\/p>\n\n\n\n<p>Nakon izjave, dobio je monstruozne prijetnje u kojima mu se prijeti smr\u0107u, psuje usta\u0161ku majku, brutalno vrije\u0111a\u2026 Izdvajamo neke od najogavnijih.<\/p>\n\n\n\n<p>\u201cJebem ti mamu ugro\u017eenu rvatsku pi\u0107ko crknut \u0107e\u0161 BOSNE \u0107e bit mamu ti ugro\u017eenu jebem kurvu\u201d, nakon neodgovora na ovo tekstualno besmislje, Cvitanovi\u0107 je ne\u0161to poslije, od istog po\u0161iljatelja, primio jo\u0161 jednu poruku:<\/p>\n\n\n\n<p>\u201cJebo ti izborni zakon majku usta\u0161ku ugro\u017eenu pi\u0107ko usta\u0161ka crknut \u0107e\u0161 al BOSNE \u0107e bit mamu ti ugro\u017eenu kurvu jebem\u201d, stoji u part 2 tekstualnom besmislju izvjesnog Hajre Deli\u0107a.<\/p>\n\n\n\n<figure class=\"wp-block-embed is-type-wp-embed is-provider-radio-ljubuski wp-block-embed-radio-ljubuski\"><div class=\"wp-block-embed__wrapper\">\n<blockquote class=\"wp-embedded-content\" data-secret=\"KbMfionuhH\"><a href=\"https:\/\/radioljubuski.ba\/index.php\/2021\/03\/23\/cvitanovic-ako-bakir-zeli-herceg-bosnu-dobit-ce-je\/\">Cvitanovi\u0107: Ako Bakir \u017eeli Herceg-Bosnu, dobit \u0107e je<\/a><\/blockquote><iframe loading=\"lazy\" class=\"wp-embedded-content\" sandbox=\"allow-scripts\" security=\"restricted\" style=\"position: absolute; clip: rect(1px, 1px, 1px, 1px);\" title=\"&#8220;Cvitanovi\u0107: Ako Bakir \u017eeli Herceg-Bosnu, dobit \u0107e je&#8221; &#8212;   RADIO LJUBU\u0160KI\" src=\"https:\/\/radioljubuski.ba\/index.php\/2021\/03\/23\/cvitanovic-ako-bakir-zeli-herceg-bosnu-dobit-ce-je\/embed\/#?secret=xtoPUmWIC6#?secret=KbMfionuhH\" data-secret=\"KbMfionuhH\" width=\"600\" height=\"338\" frameborder=\"0\" marginwidth=\"0\" marginheight=\"0\" scrolling=\"no\"><\/iframe>\n<\/div><\/figure>\n\n\n\n<p>\/HMS\/<\/p>\n","protected":false},"excerpt":{"rendered":"<p>Ju\u010der je Ilija Cvitanovi\u0107, predsjednik HDZ-a 1990, za portal Bild.ba komentirao izjave Bakira Izetbegovi\u0107a koji je po tko zna koji put govorio kako Hrvati imaju puno prava, kako treba dokinuti domove naroda, itd\u2026 Cvitanovi\u0107 je, komentiraju\u0107i izjave Bakira Izetbegovi\u0107a, kazao kako je Izborni zakon najbolje rje\u0161enje za BiH. Dodao je da \u0107e Bakir, ako to [&hellip;]<\/p>\n","protected":false},"author":2,"featured_media":6383,"comment_status":"closed","ping_status":"closed","sticky":false,"template":"","format":"standard","meta":{"h5ap_radio_sources":[],"footnotes":""},"categories":[1],"tags":[],"class_list":["post-6382","post","type-post","status-publish","format-standard","has-post-thumbnail","hentry","category-bihiregija"],"yoast_head":"<!-- This site is optimized with the Yoast SEO plugin v27.5 - https:\/\/yoast.com\/product\/yoast-seo-wordpress\/ -->\n<title>Monstruozne prijetnje Iliji Cvitanovi\u0107u: \u2018Crknut \u0107e\u0161, mamu ti kurvu\u2026\u2019 - RADIO LJUBU\u0160KI<\/title>\n<meta name=\"robots\" content=\"index, follow, max-snippet:-1, max-image-preview:large, max-video-preview:-1\" \/>\n<link rel=\"canonical\" href=\"https:\/\/radioljubuski.ba\/index.php\/2021\/03\/24\/monstruozne-prijetnje-iliji-cvitanovicu-crknut-ces-mamu-ti-kurvu\/\" \/>\n<meta property=\"og:locale\" content=\"hr_HR\" \/>\n<meta property=\"og:type\" content=\"article\" \/>\n<meta property=\"og:title\" content=\"Monstruozne prijetnje Iliji Cvitanovi\u0107u: \u2018Crknut \u0107e\u0161, mamu ti kurvu\u2026\u2019 - RADIO LJUBU\u0160KI\" \/>\n<meta property=\"og:description\" content=\"Ju\u010der je Ilija Cvitanovi\u0107, predsjednik HDZ-a 1990, za portal Bild.ba komentirao izjave Bakira Izetbegovi\u0107a koji je po tko zna koji put govorio kako Hrvati imaju puno prava, kako treba dokinuti domove naroda, itd\u2026 Cvitanovi\u0107 je, komentiraju\u0107i izjave Bakira Izetbegovi\u0107a, kazao kako je Izborni zakon najbolje rje\u0161enje za BiH. Dodao je da \u0107e Bakir, ako to [&hellip;]\" \/>\n<meta property=\"og:url\" content=\"https:\/\/radioljubuski.ba\/index.php\/2021\/03\/24\/monstruozne-prijetnje-iliji-cvitanovicu-crknut-ces-mamu-ti-kurvu\/\" \/>\n<meta property=\"og:site_name\" content=\"RADIO LJUBU\u0160KI\" \/>\n<meta property=\"article:publisher\" content=\"https:\/\/www.facebook.com\/Radiio-Ljubuski-1490835324566332\" \/>\n<meta property=\"article:published_time\" content=\"2021-03-24T00:03:46+00:00\" \/>\n<meta property=\"article:modified_time\" content=\"2021-03-24T00:05:06+00:00\" \/>\n<meta property=\"og:image\" content=\"https:\/\/radioljubuski.ba\/wp-content\/uploads\/2021\/03\/ilija_cvitanovic_0_0-1.jpg\" \/>\n\t<meta property=\"og:image:width\" content=\"840\" \/>\n\t<meta property=\"og:image:height\" content=\"470\" \/>\n\t<meta property=\"og:image:type\" content=\"image\/jpeg\" \/>\n<meta name=\"author\" content=\"Radio Ljubu\u0161ki\" \/>\n<meta name=\"twitter:card\" content=\"summary_large_image\" \/>\n<meta name=\"twitter:creator\" content=\"@radioljubuski\" \/>\n<meta name=\"twitter:site\" content=\"@radioljubuski\" \/>\n<meta name=\"twitter:label1\" content=\"Napisao\/la\" \/>\n\t<meta name=\"twitter:data1\" content=\"Radio Ljubu\u0161ki\" \/>\n\t<meta name=\"twitter:label2\" content=\"Procijenjeno vrijeme \u010ditanja\" \/>\n\t<meta name=\"twitter:data2\" content=\"1 minuta\" \/>\n<script type=\"application\/ld+json\" class=\"yoast-schema-graph\">{\"@context\":\"https:\\\/\\\/schema.org\",\"@graph\":[{\"@type\":\"Article\",\"@id\":\"https:\\\/\\\/radioljubuski.ba\\\/index.php\\\/2021\\\/03\\\/24\\\/monstruozne-prijetnje-iliji-cvitanovicu-crknut-ces-mamu-ti-kurvu\\\/#article\",\"isPartOf\":{\"@id\":\"https:\\\/\\\/radioljubuski.ba\\\/index.php\\\/2021\\\/03\\\/24\\\/monstruozne-prijetnje-iliji-cvitanovicu-crknut-ces-mamu-ti-kurvu\\\/\"},\"author\":{\"name\":\"Radio Ljubu\u0161ki\",\"@id\":\"https:\\\/\\\/radioljubuski.ba\\\/#\\\/schema\\\/person\\\/19fc700381a780f69665d7956c469e3b\"},\"headline\":\"Monstruozne prijetnje Iliji Cvitanovi\u0107u: \u2018Crknut \u0107e\u0161, mamu ti kurvu\u2026\u2019\",\"datePublished\":\"2021-03-24T00:03:46+00:00\",\"dateModified\":\"2021-03-24T00:05:06+00:00\",\"mainEntityOfPage\":{\"@id\":\"https:\\\/\\\/radioljubuski.ba\\\/index.php\\\/2021\\\/03\\\/24\\\/monstruozne-prijetnje-iliji-cvitanovicu-crknut-ces-mamu-ti-kurvu\\\/\"},\"wordCount\":202,\"publisher\":{\"@id\":\"https:\\\/\\\/radioljubuski.ba\\\/#organization\"},\"image\":{\"@id\":\"https:\\\/\\\/radioljubuski.ba\\\/index.php\\\/2021\\\/03\\\/24\\\/monstruozne-prijetnje-iliji-cvitanovicu-crknut-ces-mamu-ti-kurvu\\\/#primaryimage\"},\"thumbnailUrl\":\"https:\\\/\\\/radioljubuski.ba\\\/wp-content\\\/uploads\\\/2021\\\/03\\\/ilija_cvitanovic_0_0-1.jpg\",\"articleSection\":[\"BIH i regija\"],\"inLanguage\":\"hr\"},{\"@type\":\"WebPage\",\"@id\":\"https:\\\/\\\/radioljubuski.ba\\\/index.php\\\/2021\\\/03\\\/24\\\/monstruozne-prijetnje-iliji-cvitanovicu-crknut-ces-mamu-ti-kurvu\\\/\",\"url\":\"https:\\\/\\\/radioljubuski.ba\\\/index.php\\\/2021\\\/03\\\/24\\\/monstruozne-prijetnje-iliji-cvitanovicu-crknut-ces-mamu-ti-kurvu\\\/\",\"name\":\"Monstruozne prijetnje Iliji Cvitanovi\u0107u: \u2018Crknut \u0107e\u0161, mamu ti kurvu\u2026\u2019 - RADIO LJUBU\u0160KI\",\"isPartOf\":{\"@id\":\"https:\\\/\\\/radioljubuski.ba\\\/#website\"},\"primaryImageOfPage\":{\"@id\":\"https:\\\/\\\/radioljubuski.ba\\\/index.php\\\/2021\\\/03\\\/24\\\/monstruozne-prijetnje-iliji-cvitanovicu-crknut-ces-mamu-ti-kurvu\\\/#primaryimage\"},\"image\":{\"@id\":\"https:\\\/\\\/radioljubuski.ba\\\/index.php\\\/2021\\\/03\\\/24\\\/monstruozne-prijetnje-iliji-cvitanovicu-crknut-ces-mamu-ti-kurvu\\\/#primaryimage\"},\"thumbnailUrl\":\"https:\\\/\\\/radioljubuski.ba\\\/wp-content\\\/uploads\\\/2021\\\/03\\\/ilija_cvitanovic_0_0-1.jpg\",\"datePublished\":\"2021-03-24T00:03:46+00:00\",\"dateModified\":\"2021-03-24T00:05:06+00:00\",\"breadcrumb\":{\"@id\":\"https:\\\/\\\/radioljubuski.ba\\\/index.php\\\/2021\\\/03\\\/24\\\/monstruozne-prijetnje-iliji-cvitanovicu-crknut-ces-mamu-ti-kurvu\\\/#breadcrumb\"},\"inLanguage\":\"hr\",\"potentialAction\":[{\"@type\":\"ReadAction\",\"target\":[\"https:\\\/\\\/radioljubuski.ba\\\/index.php\\\/2021\\\/03\\\/24\\\/monstruozne-prijetnje-iliji-cvitanovicu-crknut-ces-mamu-ti-kurvu\\\/\"]}]},{\"@type\":\"ImageObject\",\"inLanguage\":\"hr\",\"@id\":\"https:\\\/\\\/radioljubuski.ba\\\/index.php\\\/2021\\\/03\\\/24\\\/monstruozne-prijetnje-iliji-cvitanovicu-crknut-ces-mamu-ti-kurvu\\\/#primaryimage\",\"url\":\"https:\\\/\\\/radioljubuski.ba\\\/wp-content\\\/uploads\\\/2021\\\/03\\\/ilija_cvitanovic_0_0-1.jpg\",\"contentUrl\":\"https:\\\/\\\/radioljubuski.ba\\\/wp-content\\\/uploads\\\/2021\\\/03\\\/ilija_cvitanovic_0_0-1.jpg\",\"width\":840,\"height\":470},{\"@type\":\"BreadcrumbList\",\"@id\":\"https:\\\/\\\/radioljubuski.ba\\\/index.php\\\/2021\\\/03\\\/24\\\/monstruozne-prijetnje-iliji-cvitanovicu-crknut-ces-mamu-ti-kurvu\\\/#breadcrumb\",\"itemListElement\":[{\"@type\":\"ListItem\",\"position\":1,\"name\":\"Po\u010detna stranica\",\"item\":\"https:\\\/\\\/radioljubuski.ba\\\/\"},{\"@type\":\"ListItem\",\"position\":2,\"name\":\"Monstruozne prijetnje Iliji Cvitanovi\u0107u: \u2018Crknut \u0107e\u0161, mamu ti kurvu\u2026\u2019\"}]},{\"@type\":\"WebSite\",\"@id\":\"https:\\\/\\\/radioljubuski.ba\\\/#website\",\"url\":\"https:\\\/\\\/radioljubuski.ba\\\/\",\"name\":\"Radio Ljubu\u0161ki\",\"description\":\"Sun\u010dana frekvencija Hercegovine\",\"publisher\":{\"@id\":\"https:\\\/\\\/radioljubuski.ba\\\/#organization\"},\"potentialAction\":[{\"@type\":\"SearchAction\",\"target\":{\"@type\":\"EntryPoint\",\"urlTemplate\":\"https:\\\/\\\/radioljubuski.ba\\\/?s={search_term_string}\"},\"query-input\":{\"@type\":\"PropertyValueSpecification\",\"valueRequired\":true,\"valueName\":\"search_term_string\"}}],\"inLanguage\":\"hr\"},{\"@type\":\"Organization\",\"@id\":\"https:\\\/\\\/radioljubuski.ba\\\/#organization\",\"name\":\"Radio Ljubu\u0161ki\",\"url\":\"https:\\\/\\\/radioljubuski.ba\\\/\",\"logo\":{\"@type\":\"ImageObject\",\"inLanguage\":\"hr\",\"@id\":\"https:\\\/\\\/radioljubuski.ba\\\/#\\\/schema\\\/logo\\\/image\\\/\",\"url\":\"https:\\\/\\\/radioljubuski.ba\\\/wp-content\\\/uploads\\\/2021\\\/02\\\/cropped-Radio_Ljubuski_logo1.jpg\",\"contentUrl\":\"https:\\\/\\\/radioljubuski.ba\\\/wp-content\\\/uploads\\\/2021\\\/02\\\/cropped-Radio_Ljubuski_logo1.jpg\",\"width\":512,\"height\":512,\"caption\":\"Radio Ljubu\u0161ki\"},\"image\":{\"@id\":\"https:\\\/\\\/radioljubuski.ba\\\/#\\\/schema\\\/logo\\\/image\\\/\"},\"sameAs\":[\"https:\\\/\\\/www.facebook.com\\\/Radiio-Ljubuski-1490835324566332\",\"https:\\\/\\\/x.com\\\/radioljubuski\",\"https:\\\/\\\/hr.linkedin.com\\\/company\\\/radio-ljubuski\",\"https:\\\/\\\/www.youtube.com\\\/channel\\\/UCHYaeO_n0Db3tjNGudGpXyw\"]},{\"@type\":\"Person\",\"@id\":\"https:\\\/\\\/radioljubuski.ba\\\/#\\\/schema\\\/person\\\/19fc700381a780f69665d7956c469e3b\",\"name\":\"Radio Ljubu\u0161ki\"}]}<\/script>\n<!-- \/ Yoast SEO plugin. -->","yoast_head_json":{"title":"Monstruozne prijetnje Iliji Cvitanovi\u0107u: \u2018Crknut \u0107e\u0161, mamu ti kurvu\u2026\u2019 - RADIO LJUBU\u0160KI","robots":{"index":"index","follow":"follow","max-snippet":"max-snippet:-1","max-image-preview":"max-image-preview:large","max-video-preview":"max-video-preview:-1"},"canonical":"https:\/\/radioljubuski.ba\/index.php\/2021\/03\/24\/monstruozne-prijetnje-iliji-cvitanovicu-crknut-ces-mamu-ti-kurvu\/","og_locale":"hr_HR","og_type":"article","og_title":"Monstruozne prijetnje Iliji Cvitanovi\u0107u: \u2018Crknut \u0107e\u0161, mamu ti kurvu\u2026\u2019 - RADIO LJUBU\u0160KI","og_description":"Ju\u010der je Ilija Cvitanovi\u0107, predsjednik HDZ-a 1990, za portal Bild.ba komentirao izjave Bakira Izetbegovi\u0107a koji je po tko zna koji put govorio kako Hrvati imaju puno prava, kako treba dokinuti domove naroda, itd\u2026 Cvitanovi\u0107 je, komentiraju\u0107i izjave Bakira Izetbegovi\u0107a, kazao kako je Izborni zakon najbolje rje\u0161enje za BiH. Dodao je da \u0107e Bakir, ako to [&hellip;]","og_url":"https:\/\/radioljubuski.ba\/index.php\/2021\/03\/24\/monstruozne-prijetnje-iliji-cvitanovicu-crknut-ces-mamu-ti-kurvu\/","og_site_name":"RADIO LJUBU\u0160KI","article_publisher":"https:\/\/www.facebook.com\/Radiio-Ljubuski-1490835324566332","article_published_time":"2021-03-24T00:03:46+00:00","article_modified_time":"2021-03-24T00:05:06+00:00","og_image":[{"width":840,"height":470,"url":"https:\/\/radioljubuski.ba\/wp-content\/uploads\/2021\/03\/ilija_cvitanovic_0_0-1.jpg","type":"image\/jpeg"}],"author":"Radio Ljubu\u0161ki","twitter_card":"summary_large_image","twitter_creator":"@radioljubuski","twitter_site":"@radioljubuski","twitter_misc":{"Napisao\/la":"Radio Ljubu\u0161ki","Procijenjeno vrijeme \u010ditanja":"1 minuta"},"schema":{"@context":"https:\/\/schema.org","@graph":[{"@type":"Article","@id":"https:\/\/radioljubuski.ba\/index.php\/2021\/03\/24\/monstruozne-prijetnje-iliji-cvitanovicu-crknut-ces-mamu-ti-kurvu\/#article","isPartOf":{"@id":"https:\/\/radioljubuski.ba\/index.php\/2021\/03\/24\/monstruozne-prijetnje-iliji-cvitanovicu-crknut-ces-mamu-ti-kurvu\/"},"author":{"name":"Radio Ljubu\u0161ki","@id":"https:\/\/radioljubuski.ba\/#\/schema\/person\/19fc700381a780f69665d7956c469e3b"},"headline":"Monstruozne prijetnje Iliji Cvitanovi\u0107u: \u2018Crknut \u0107e\u0161, mamu ti kurvu\u2026\u2019","datePublished":"2021-03-24T00:03:46+00:00","dateModified":"2021-03-24T00:05:06+00:00","mainEntityOfPage":{"@id":"https:\/\/radioljubuski.ba\/index.php\/2021\/03\/24\/monstruozne-prijetnje-iliji-cvitanovicu-crknut-ces-mamu-ti-kurvu\/"},"wordCount":202,"publisher":{"@id":"https:\/\/radioljubuski.ba\/#organization"},"image":{"@id":"https:\/\/radioljubuski.ba\/index.php\/2021\/03\/24\/monstruozne-prijetnje-iliji-cvitanovicu-crknut-ces-mamu-ti-kurvu\/#primaryimage"},"thumbnailUrl":"https:\/\/radioljubuski.ba\/wp-content\/uploads\/2021\/03\/ilija_cvitanovic_0_0-1.jpg","articleSection":["BIH i regija"],"inLanguage":"hr"},{"@type":"WebPage","@id":"https:\/\/radioljubuski.ba\/index.php\/2021\/03\/24\/monstruozne-prijetnje-iliji-cvitanovicu-crknut-ces-mamu-ti-kurvu\/","url":"https:\/\/radioljubuski.ba\/index.php\/2021\/03\/24\/monstruozne-prijetnje-iliji-cvitanovicu-crknut-ces-mamu-ti-kurvu\/","name":"Monstruozne prijetnje Iliji Cvitanovi\u0107u: \u2018Crknut \u0107e\u0161, mamu ti kurvu\u2026\u2019 - RADIO LJUBU\u0160KI","isPartOf":{"@id":"https:\/\/radioljubuski.ba\/#website"},"primaryImageOfPage":{"@id":"https:\/\/radioljubuski.ba\/index.php\/2021\/03\/24\/monstruozne-prijetnje-iliji-cvitanovicu-crknut-ces-mamu-ti-kurvu\/#primaryimage"},"image":{"@id":"https:\/\/radioljubuski.ba\/index.php\/2021\/03\/24\/monstruozne-prijetnje-iliji-cvitanovicu-crknut-ces-mamu-ti-kurvu\/#primaryimage"},"thumbnailUrl":"https:\/\/radioljubuski.ba\/wp-content\/uploads\/2021\/03\/ilija_cvitanovic_0_0-1.jpg","datePublished":"2021-03-24T00:03:46+00:00","dateModified":"2021-03-24T00:05:06+00:00","breadcrumb":{"@id":"https:\/\/radioljubuski.ba\/index.php\/2021\/03\/24\/monstruozne-prijetnje-iliji-cvitanovicu-crknut-ces-mamu-ti-kurvu\/#breadcrumb"},"inLanguage":"hr","potentialAction":[{"@type":"ReadAction","target":["https:\/\/radioljubuski.ba\/index.php\/2021\/03\/24\/monstruozne-prijetnje-iliji-cvitanovicu-crknut-ces-mamu-ti-kurvu\/"]}]},{"@type":"ImageObject","inLanguage":"hr","@id":"https:\/\/radioljubuski.ba\/index.php\/2021\/03\/24\/monstruozne-prijetnje-iliji-cvitanovicu-crknut-ces-mamu-ti-kurvu\/#primaryimage","url":"https:\/\/radioljubuski.ba\/wp-content\/uploads\/2021\/03\/ilija_cvitanovic_0_0-1.jpg","contentUrl":"https:\/\/radioljubuski.ba\/wp-content\/uploads\/2021\/03\/ilija_cvitanovic_0_0-1.jpg","width":840,"height":470},{"@type":"BreadcrumbList","@id":"https:\/\/radioljubuski.ba\/index.php\/2021\/03\/24\/monstruozne-prijetnje-iliji-cvitanovicu-crknut-ces-mamu-ti-kurvu\/#breadcrumb","itemListElement":[{"@type":"ListItem","position":1,"name":"Po\u010detna stranica","item":"https:\/\/radioljubuski.ba\/"},{"@type":"ListItem","position":2,"name":"Monstruozne prijetnje Iliji Cvitanovi\u0107u: \u2018Crknut \u0107e\u0161, mamu ti kurvu\u2026\u2019"}]},{"@type":"WebSite","@id":"https:\/\/radioljubuski.ba\/#website","url":"https:\/\/radioljubuski.ba\/","name":"Radio Ljubu\u0161ki","description":"Sun\u010dana frekvencija Hercegovine","publisher":{"@id":"https:\/\/radioljubuski.ba\/#organization"},"potentialAction":[{"@type":"SearchAction","target":{"@type":"EntryPoint","urlTemplate":"https:\/\/radioljubuski.ba\/?s={search_term_string}"},"query-input":{"@type":"PropertyValueSpecification","valueRequired":true,"valueName":"search_term_string"}}],"inLanguage":"hr"},{"@type":"Organization","@id":"https:\/\/radioljubuski.ba\/#organization","name":"Radio Ljubu\u0161ki","url":"https:\/\/radioljubuski.ba\/","logo":{"@type":"ImageObject","inLanguage":"hr","@id":"https:\/\/radioljubuski.ba\/#\/schema\/logo\/image\/","url":"https:\/\/radioljubuski.ba\/wp-content\/uploads\/2021\/02\/cropped-Radio_Ljubuski_logo1.jpg","contentUrl":"https:\/\/radioljubuski.ba\/wp-content\/uploads\/2021\/02\/cropped-Radio_Ljubuski_logo1.jpg","width":512,"height":512,"caption":"Radio Ljubu\u0161ki"},"image":{"@id":"https:\/\/radioljubuski.ba\/#\/schema\/logo\/image\/"},"sameAs":["https:\/\/www.facebook.com\/Radiio-Ljubuski-1490835324566332","https:\/\/x.com\/radioljubuski","https:\/\/hr.linkedin.com\/company\/radio-ljubuski","https:\/\/www.youtube.com\/channel\/UCHYaeO_n0Db3tjNGudGpXyw"]},{"@type":"Person","@id":"https:\/\/radioljubuski.ba\/#\/schema\/person\/19fc700381a780f69665d7956c469e3b","name":"Radio Ljubu\u0161ki"}]}},"_links":{"self":[{"href":"https:\/\/radioljubuski.ba\/index.php\/wp-json\/wp\/v2\/posts\/6382","targetHints":{"allow":["GET"]}}],"collection":[{"href":"https:\/\/radioljubuski.ba\/index.php\/wp-json\/wp\/v2\/posts"}],"about":[{"href":"https:\/\/radioljubuski.ba\/index.php\/wp-json\/wp\/v2\/types\/post"}],"author":[{"embeddable":true,"href":"https:\/\/radioljubuski.ba\/index.php\/wp-json\/wp\/v2\/users\/2"}],"replies":[{"embeddable":true,"href":"https:\/\/radioljubuski.ba\/index.php\/wp-json\/wp\/v2\/comments?post=6382"}],"version-history":[{"count":2,"href":"https:\/\/radioljubuski.ba\/index.php\/wp-json\/wp\/v2\/posts\/6382\/revisions"}],"predecessor-version":[{"id":6385,"href":"https:\/\/radioljubuski.ba\/index.php\/wp-json\/wp\/v2\/posts\/6382\/revisions\/6385"}],"wp:featuredmedia":[{"embeddable":true,"href":"https:\/\/radioljubuski.ba\/index.php\/wp-json\/wp\/v2\/media\/6383"}],"wp:attachment":[{"href":"https:\/\/radioljubuski.ba\/index.php\/wp-json\/wp\/v2\/media?parent=6382"}],"wp:term":[{"taxonomy":"category","embeddable":true,"href":"https:\/\/radioljubuski.ba\/index.php\/wp-json\/wp\/v2\/categories?post=6382"},{"taxonomy":"post_tag","embeddable":true,"href":"https:\/\/radioljubuski.ba\/index.php\/wp-json\/wp\/v2\/tags?post=6382"}],"curies":[{"name":"wp","href":"https:\/\/api.w.org\/{rel}","templated":true}]}}