{"id":63998,"date":"2021-09-16T00:05:17","date_gmt":"2021-09-15T23:05:17","guid":{"rendered":"https:\/\/radioljubuski.ba\/?p=63998"},"modified":"2021-09-16T00:05:18","modified_gmt":"2021-09-15T23:05:18","slug":"u-institucijama-fbih-bosnjaci-tri-puta-brojniji-od-hrvata-i-drze-dvaput-vise-rukovodecih-pozicija","status":"publish","type":"post","link":"https:\/\/radioljubuski.ba\/index.php\/2021\/09\/16\/u-institucijama-fbih-bosnjaci-tri-puta-brojniji-od-hrvata-i-drze-dvaput-vise-rukovodecih-pozicija\/","title":{"rendered":"U institucijama FBiH Bo\u0161njaci tri puta brojniji od Hrvata i dr\u017ee dvaput vi\u0161e rukovode\u0107ih pozicija"},"content":{"rendered":"\n<p>Od ukupno 15.592 zaposlenika dr\u017eavnih institucija u Bosni i Hercegovini, njih 6899 su Bo\u0161njaci (44,28%), od kojih je 1416 na rukovode\u0107im pozicijama. Srba je 5639 (36,16%), od toga 1043 na rukovode\u0107im mjestima, a Hrvata 2887 (18,45%), od kojih 699 rukovoditelja. Ostalih je 156, a 12 na rukovode\u0107im pozicijama. Me\u0111u zaposlenicima je i 11 iz nacionalnih manjina (tri rukovode\u0107a). &nbsp;<\/p>\n\n\n\n<p><strong>Pojedini politi\u010dari govore drugo &nbsp;<\/strong><\/p>\n\n\n\n<p>Ovo su podaci iz \u201cPosebnog izvje\u0161\u0107a o zastupljenosti konstitutivnih naroda i ostalih u institucijama, upravnim organizacijama i regulatornim tijelima Bosne i Hercegovine, Federacije BiH, Republike Srpske, Distrikta Br\u010dko BiH i \u017eupanija Federacije BiH (prema prora\u010dunskim jedinicama) s izuzetkom policijsko-sigurnosnih struktura\u201d koje su objavili ombudsmani za ljudska prava BiH.&nbsp;<\/p>\n\n\n\n<p>Podaci za federalne institucije govore da je u njima 2675 Bo\u0161njaka (141 rukovoditelj) od 3806 zaposlenika. Hrvata su 924 (74 rukovoditelja), Srba je 97 (\u0161est rukovoditelja), ostalih 77 (\u0161est rukovoditelja), bez pripadnika nacionalnih manjina.&nbsp;<\/p>\n\n\n\n<p>Promatrano u postocima, Bo\u0161njaci \u010dine 70,3% zaposlenih u federalnim institucijama, Hrvata je 24,28%, Srba 2,55% i ostalih 2,02%. Svi ovi podaci zorno svjedo\u010de kako su neto\u010dne tvrdnje pojedinih politi\u010dara, podr\u017eane medijskim spinovima, kako Hrvati \u201czauzimaju\u201d mnogo vi\u0161e pozicija nego \u0161to im to po brojnosti pripada i na dr\u017eavnoj i na federalnoj razini.&nbsp;<\/p>\n\n\n\n<p>Primjerice, u svim institucijama i tijelima na razini Federacije BiH Bo\u0161njaka je zaposleno tri puta vi\u0161e nego Hrvata, a i na rukovoditeljskim pozicijama dvostruko ih je vi\u0161e nego Hrvata, iako je op\u0107eprihva\u0107eno mi\u0161ljenje kako u raspodjeli upravlja\u010dkih pozicija u Federaciji postoji balans izme\u0111u dvaju konstitutivnih naroda. \u010cak je i na dr\u017eavnoj razini, gdje je nacionalni paritet gotovo pa pravilo u administraciji, zaposleno znatno vi\u0161e Bo\u0161njaka i Srba nego Hrvata. Tako je na rukovoditeljskim pozicijama dvostruko vi\u0161e Bo\u0161njaka nego Hrvata, dok je broj Srba na upravlja\u010dkim pozicijama za 50 posto ve\u0107i nego Hrvata.&nbsp;<\/p>\n\n\n\n<p>U Republici Srpskoj, odnosno njezinim institucijama i tijelima, od 4006 zaposlenih ukupno 3815 su Srbi, po 53 Bo\u0161njaci i Hrvati, 69 ostali te 16 iz nacionalnih manjina.&nbsp;<\/p>\n\n\n\n<p>Srbi imaju apsolutnu dominaciju u broju zaposlenih u institucijama Republike Srpske, Bo\u0161njaci i Hrvati \u010dine tek po 1,3% zaposlenih u entitetskim institucijama, a vi\u0161e od njih ima \u010dak i ostalih (1,7%). Svega sedam Bo\u0161njaka i \u0161est Hrvata na rukovode\u0107im je pozicijama u RS-u.&nbsp;<\/p>\n\n\n\n<p>Kada je u pitanju Distrikt Br\u010dko, tako je zaposleno 3277 osoba u tijelima i institucijama. Od toga su 1392 Bo\u0161njaka, 1328 Srba, 521 Hrvat, 35 ostalih i jedan iz nacionalnih manjina.&nbsp;<\/p>\n\n\n\n<p>Situacija nije ni\u0161ta bolja ni po \u017eupanijama i njihovim institucijama.&nbsp;<\/p>\n\n\n\n<p><strong>Mje\u0161ovite \u017eupanije&nbsp;<\/strong><\/p>\n\n\n\n<p>U Bosansko-podrinjskoj \u017eupaniji Hrvata uop\u0107e nema me\u0111u zaposlenima u upravi, a Bo\u0161njaka je 97,69%. U Sarajevskoj \u017eupaniji Hrvata je u administraciji svega 3,4%, a Bo\u0161njaka 91,1%. Vi\u0161e je ostalih zaposleno u Sarajevu nego Hrvata. U Tuzlanskoj \u017eupaniji Hrvata je u \u017eupanijskoj administraciji 9,17%, a u Unsko-sanskoj 5,52%.&nbsp;<\/p>\n\n\n\n<p>U Zeni\u010dko-dobojskoj ne\u0161to ih je vi\u0161e \u2013 11,48%. Zanimljivo je pogledati i tzv. mje\u0161ovite \u017eupanije. Tako je u Hercegova\u010dko-neretvanskoj \u017eupaniji Hrvata u \u017eupanijskim institucijama zaposleno 51,47, a Bo\u0161njaka 43,7%.&nbsp;<\/p>\n\n\n\n<p>Ni pribli\u017eno ovom balansu stanje je u Srednjobosanskoj \u017eupaniji, gdje Bo\u0161njaci \u010dine 63,2%, a Hrvati samo 34,67%. Tamo gdje su Hrvati dominantni su Zapadnohercegova\u010dka \u017eupanija (100%), Posavska (85,1%) i Hercegbosanska (89,9%).&nbsp;<br>&#8211; U cjelini gledano, ombudsmani konstatiraju da u najve\u0107em broju institucija, upravnih organizacija i regulacijskih tijela u Bosni i Hercegovini nije ispo\u0161tovan ustavni princip koji podrazumijeva proporcionalnu zastupljenost konstitutivnih naroda i ostalih, kao i da u cijelosti nije ispo\u0161tovan princip ravnopravnosti spolova. &nbsp;&nbsp;<\/p>\n\n\n\n<p><strong>Razbijeni bo\u0161nja\u010dki mitovi o navodnoj zastupljenosti Hrvata&nbsp;<\/strong><\/p>\n\n\n\n<p>Problematika nacionalne zastupljenosti u institucijama dr\u017eave i Federacije ovih je dana ponovno u fokusu nakon \u0161to su pojedine bo\u0161nja\u010dke stranke, konkretno SDA, iznijele odre\u0111ene podatke o broju direktora, zamjenika direktora i drugih imenovanih osoba u upravnim organizacijama na razini BiH odnosno na razini FBiH.&nbsp;<\/p>\n\n\n\n<p>Iz navedenih bi se informacija vrlo lako mogao izvu\u0107i pogre\u0161an zaklju\u010dak o tobo\u017enjoj ravnopravnosti Hrvata. No, u ovom je kontekstu u potpunosti izostao fokus na onom bitnijem segmentu spomenute tematike, a to je nacionalna zastupljenost konstitutivnih naroda u ukupnom broju zaposlenih u dr\u017eavnim i federalnim institucijama. Ve\u010dernji list prije godinu dana objavio je podatke o nacionalnoj strukturi, i to temeljem posebnog izvje\u0161\u0107a o zastupljenosti konstitutivnih naroda koje su objavili ombudsmani za ljudska prava BiH.&nbsp;<\/p>\n\n\n\n<p>Podaci su za stanje na dan 30. rujna 2019. godine i malo je vjerojatno da su se mijenjali. Prema ovim podacima, Hrvata je u dr\u017eavnim institucijama 18,45%, dok je u federalnim institucijama taj postotak bio 24,28%. U kontekstu Federacije pritom treba naglasiti kako Zakon o dr\u017eavnoj slu\u017ebi Federacije Bosne i Hercegovine predvi\u0111a proporcionalnu zastupljenost koja se kao ustavno na\u010delo treba bazirati na popisu stanovni\u0161tva iz 1991. godine dok se Aneks 7. u potpunosti ne provede.<\/p>\n\n\n\n<p>Izvor:vecernji.ba<\/p>\n","protected":false},"excerpt":{"rendered":"<p>Od ukupno 15.592 zaposlenika dr\u017eavnih institucija u Bosni i Hercegovini, njih 6899 su Bo\u0161njaci (44,28%), od kojih je 1416 na rukovode\u0107im pozicijama. Srba je 5639 (36,16%), od toga 1043 na rukovode\u0107im mjestima, a Hrvata 2887 (18,45%), od kojih 699 rukovoditelja. Ostalih je 156, a 12 na rukovode\u0107im pozicijama. Me\u0111u zaposlenicima je i 11 iz nacionalnih [&hellip;]<\/p>\n","protected":false},"author":2,"featured_media":63999,"comment_status":"closed","ping_status":"closed","sticky":false,"template":"","format":"standard","meta":{"h5ap_radio_sources":[],"footnotes":""},"categories":[1],"tags":[],"class_list":["post-63998","post","type-post","status-publish","format-standard","has-post-thumbnail","hentry","category-bihiregija"],"yoast_head":"<!-- This site is optimized with the Yoast SEO plugin v27.4 - https:\/\/yoast.com\/product\/yoast-seo-wordpress\/ -->\n<title>U institucijama FBiH Bo\u0161njaci tri puta brojniji od Hrvata i dr\u017ee dvaput vi\u0161e rukovode\u0107ih pozicija - RADIO LJUBU\u0160KI<\/title>\n<meta name=\"robots\" content=\"index, follow, max-snippet:-1, max-image-preview:large, max-video-preview:-1\" \/>\n<link rel=\"canonical\" href=\"https:\/\/radioljubuski.ba\/index.php\/2021\/09\/16\/u-institucijama-fbih-bosnjaci-tri-puta-brojniji-od-hrvata-i-drze-dvaput-vise-rukovodecih-pozicija\/\" \/>\n<meta property=\"og:locale\" content=\"hr_HR\" \/>\n<meta property=\"og:type\" content=\"article\" \/>\n<meta property=\"og:title\" content=\"U institucijama FBiH Bo\u0161njaci tri puta brojniji od Hrvata i dr\u017ee dvaput vi\u0161e rukovode\u0107ih pozicija - RADIO LJUBU\u0160KI\" \/>\n<meta property=\"og:description\" content=\"Od ukupno 15.592 zaposlenika dr\u017eavnih institucija u Bosni i Hercegovini, njih 6899 su Bo\u0161njaci (44,28%), od kojih je 1416 na rukovode\u0107im pozicijama. Srba je 5639 (36,16%), od toga 1043 na rukovode\u0107im mjestima, a Hrvata 2887 (18,45%), od kojih 699 rukovoditelja. Ostalih je 156, a 12 na rukovode\u0107im pozicijama. Me\u0111u zaposlenicima je i 11 iz nacionalnih [&hellip;]\" \/>\n<meta property=\"og:url\" content=\"https:\/\/radioljubuski.ba\/index.php\/2021\/09\/16\/u-institucijama-fbih-bosnjaci-tri-puta-brojniji-od-hrvata-i-drze-dvaput-vise-rukovodecih-pozicija\/\" \/>\n<meta property=\"og:site_name\" content=\"RADIO LJUBU\u0160KI\" \/>\n<meta property=\"article:publisher\" content=\"https:\/\/www.facebook.com\/Radiio-Ljubuski-1490835324566332\" \/>\n<meta property=\"article:published_time\" content=\"2021-09-15T23:05:17+00:00\" \/>\n<meta property=\"article:modified_time\" content=\"2021-09-15T23:05:18+00:00\" \/>\n<meta property=\"og:image\" content=\"https:\/\/radioljubuski.ba\/wp-content\/uploads\/2021\/09\/w83fms1O_institucije.jpg\" \/>\n\t<meta property=\"og:image:width\" content=\"1000\" \/>\n\t<meta property=\"og:image:height\" content=\"625\" \/>\n\t<meta property=\"og:image:type\" content=\"image\/jpeg\" \/>\n<meta name=\"author\" content=\"Radio Ljubu\u0161ki\" \/>\n<meta name=\"twitter:card\" content=\"summary_large_image\" \/>\n<meta name=\"twitter:creator\" content=\"@radioljubuski\" \/>\n<meta name=\"twitter:site\" content=\"@radioljubuski\" \/>\n<meta name=\"twitter:label1\" content=\"Napisao\/la\" \/>\n\t<meta name=\"twitter:data1\" content=\"Radio Ljubu\u0161ki\" \/>\n\t<meta name=\"twitter:label2\" content=\"Procijenjeno vrijeme \u010ditanja\" \/>\n\t<meta name=\"twitter:data2\" content=\"4 minute\" \/>\n<script type=\"application\/ld+json\" class=\"yoast-schema-graph\">{\"@context\":\"https:\\\/\\\/schema.org\",\"@graph\":[{\"@type\":\"Article\",\"@id\":\"https:\\\/\\\/radioljubuski.ba\\\/index.php\\\/2021\\\/09\\\/16\\\/u-institucijama-fbih-bosnjaci-tri-puta-brojniji-od-hrvata-i-drze-dvaput-vise-rukovodecih-pozicija\\\/#article\",\"isPartOf\":{\"@id\":\"https:\\\/\\\/radioljubuski.ba\\\/index.php\\\/2021\\\/09\\\/16\\\/u-institucijama-fbih-bosnjaci-tri-puta-brojniji-od-hrvata-i-drze-dvaput-vise-rukovodecih-pozicija\\\/\"},\"author\":{\"name\":\"Radio Ljubu\u0161ki\",\"@id\":\"https:\\\/\\\/radioljubuski.ba\\\/#\\\/schema\\\/person\\\/19fc700381a780f69665d7956c469e3b\"},\"headline\":\"U institucijama FBiH Bo\u0161njaci tri puta brojniji od Hrvata i dr\u017ee dvaput vi\u0161e rukovode\u0107ih pozicija\",\"datePublished\":\"2021-09-15T23:05:17+00:00\",\"dateModified\":\"2021-09-15T23:05:18+00:00\",\"mainEntityOfPage\":{\"@id\":\"https:\\\/\\\/radioljubuski.ba\\\/index.php\\\/2021\\\/09\\\/16\\\/u-institucijama-fbih-bosnjaci-tri-puta-brojniji-od-hrvata-i-drze-dvaput-vise-rukovodecih-pozicija\\\/\"},\"wordCount\":813,\"publisher\":{\"@id\":\"https:\\\/\\\/radioljubuski.ba\\\/#organization\"},\"image\":{\"@id\":\"https:\\\/\\\/radioljubuski.ba\\\/index.php\\\/2021\\\/09\\\/16\\\/u-institucijama-fbih-bosnjaci-tri-puta-brojniji-od-hrvata-i-drze-dvaput-vise-rukovodecih-pozicija\\\/#primaryimage\"},\"thumbnailUrl\":\"https:\\\/\\\/radioljubuski.ba\\\/wp-content\\\/uploads\\\/2021\\\/09\\\/w83fms1O_institucije.jpg\",\"articleSection\":[\"BIH i regija\"],\"inLanguage\":\"hr\"},{\"@type\":\"WebPage\",\"@id\":\"https:\\\/\\\/radioljubuski.ba\\\/index.php\\\/2021\\\/09\\\/16\\\/u-institucijama-fbih-bosnjaci-tri-puta-brojniji-od-hrvata-i-drze-dvaput-vise-rukovodecih-pozicija\\\/\",\"url\":\"https:\\\/\\\/radioljubuski.ba\\\/index.php\\\/2021\\\/09\\\/16\\\/u-institucijama-fbih-bosnjaci-tri-puta-brojniji-od-hrvata-i-drze-dvaput-vise-rukovodecih-pozicija\\\/\",\"name\":\"U institucijama FBiH Bo\u0161njaci tri puta brojniji od Hrvata i dr\u017ee dvaput vi\u0161e rukovode\u0107ih pozicija - RADIO LJUBU\u0160KI\",\"isPartOf\":{\"@id\":\"https:\\\/\\\/radioljubuski.ba\\\/#website\"},\"primaryImageOfPage\":{\"@id\":\"https:\\\/\\\/radioljubuski.ba\\\/index.php\\\/2021\\\/09\\\/16\\\/u-institucijama-fbih-bosnjaci-tri-puta-brojniji-od-hrvata-i-drze-dvaput-vise-rukovodecih-pozicija\\\/#primaryimage\"},\"image\":{\"@id\":\"https:\\\/\\\/radioljubuski.ba\\\/index.php\\\/2021\\\/09\\\/16\\\/u-institucijama-fbih-bosnjaci-tri-puta-brojniji-od-hrvata-i-drze-dvaput-vise-rukovodecih-pozicija\\\/#primaryimage\"},\"thumbnailUrl\":\"https:\\\/\\\/radioljubuski.ba\\\/wp-content\\\/uploads\\\/2021\\\/09\\\/w83fms1O_institucije.jpg\",\"datePublished\":\"2021-09-15T23:05:17+00:00\",\"dateModified\":\"2021-09-15T23:05:18+00:00\",\"breadcrumb\":{\"@id\":\"https:\\\/\\\/radioljubuski.ba\\\/index.php\\\/2021\\\/09\\\/16\\\/u-institucijama-fbih-bosnjaci-tri-puta-brojniji-od-hrvata-i-drze-dvaput-vise-rukovodecih-pozicija\\\/#breadcrumb\"},\"inLanguage\":\"hr\",\"potentialAction\":[{\"@type\":\"ReadAction\",\"target\":[\"https:\\\/\\\/radioljubuski.ba\\\/index.php\\\/2021\\\/09\\\/16\\\/u-institucijama-fbih-bosnjaci-tri-puta-brojniji-od-hrvata-i-drze-dvaput-vise-rukovodecih-pozicija\\\/\"]}]},{\"@type\":\"ImageObject\",\"inLanguage\":\"hr\",\"@id\":\"https:\\\/\\\/radioljubuski.ba\\\/index.php\\\/2021\\\/09\\\/16\\\/u-institucijama-fbih-bosnjaci-tri-puta-brojniji-od-hrvata-i-drze-dvaput-vise-rukovodecih-pozicija\\\/#primaryimage\",\"url\":\"https:\\\/\\\/radioljubuski.ba\\\/wp-content\\\/uploads\\\/2021\\\/09\\\/w83fms1O_institucije.jpg\",\"contentUrl\":\"https:\\\/\\\/radioljubuski.ba\\\/wp-content\\\/uploads\\\/2021\\\/09\\\/w83fms1O_institucije.jpg\",\"width\":1000,\"height\":625},{\"@type\":\"BreadcrumbList\",\"@id\":\"https:\\\/\\\/radioljubuski.ba\\\/index.php\\\/2021\\\/09\\\/16\\\/u-institucijama-fbih-bosnjaci-tri-puta-brojniji-od-hrvata-i-drze-dvaput-vise-rukovodecih-pozicija\\\/#breadcrumb\",\"itemListElement\":[{\"@type\":\"ListItem\",\"position\":1,\"name\":\"Po\u010detna stranica\",\"item\":\"https:\\\/\\\/radioljubuski.ba\\\/\"},{\"@type\":\"ListItem\",\"position\":2,\"name\":\"U institucijama FBiH Bo\u0161njaci tri puta brojniji od Hrvata i dr\u017ee dvaput vi\u0161e rukovode\u0107ih pozicija\"}]},{\"@type\":\"WebSite\",\"@id\":\"https:\\\/\\\/radioljubuski.ba\\\/#website\",\"url\":\"https:\\\/\\\/radioljubuski.ba\\\/\",\"name\":\"Radio Ljubu\u0161ki\",\"description\":\"Sun\u010dana frekvencija Hercegovine\",\"publisher\":{\"@id\":\"https:\\\/\\\/radioljubuski.ba\\\/#organization\"},\"potentialAction\":[{\"@type\":\"SearchAction\",\"target\":{\"@type\":\"EntryPoint\",\"urlTemplate\":\"https:\\\/\\\/radioljubuski.ba\\\/?s={search_term_string}\"},\"query-input\":{\"@type\":\"PropertyValueSpecification\",\"valueRequired\":true,\"valueName\":\"search_term_string\"}}],\"inLanguage\":\"hr\"},{\"@type\":\"Organization\",\"@id\":\"https:\\\/\\\/radioljubuski.ba\\\/#organization\",\"name\":\"Radio Ljubu\u0161ki\",\"url\":\"https:\\\/\\\/radioljubuski.ba\\\/\",\"logo\":{\"@type\":\"ImageObject\",\"inLanguage\":\"hr\",\"@id\":\"https:\\\/\\\/radioljubuski.ba\\\/#\\\/schema\\\/logo\\\/image\\\/\",\"url\":\"https:\\\/\\\/radioljubuski.ba\\\/wp-content\\\/uploads\\\/2021\\\/02\\\/cropped-Radio_Ljubuski_logo1.jpg\",\"contentUrl\":\"https:\\\/\\\/radioljubuski.ba\\\/wp-content\\\/uploads\\\/2021\\\/02\\\/cropped-Radio_Ljubuski_logo1.jpg\",\"width\":512,\"height\":512,\"caption\":\"Radio Ljubu\u0161ki\"},\"image\":{\"@id\":\"https:\\\/\\\/radioljubuski.ba\\\/#\\\/schema\\\/logo\\\/image\\\/\"},\"sameAs\":[\"https:\\\/\\\/www.facebook.com\\\/Radiio-Ljubuski-1490835324566332\",\"https:\\\/\\\/x.com\\\/radioljubuski\",\"https:\\\/\\\/hr.linkedin.com\\\/company\\\/radio-ljubuski\",\"https:\\\/\\\/www.youtube.com\\\/channel\\\/UCHYaeO_n0Db3tjNGudGpXyw\"]},{\"@type\":\"Person\",\"@id\":\"https:\\\/\\\/radioljubuski.ba\\\/#\\\/schema\\\/person\\\/19fc700381a780f69665d7956c469e3b\",\"name\":\"Radio Ljubu\u0161ki\"}]}<\/script>\n<!-- \/ Yoast SEO plugin. -->","yoast_head_json":{"title":"U institucijama FBiH Bo\u0161njaci tri puta brojniji od Hrvata i dr\u017ee dvaput vi\u0161e rukovode\u0107ih pozicija - RADIO LJUBU\u0160KI","robots":{"index":"index","follow":"follow","max-snippet":"max-snippet:-1","max-image-preview":"max-image-preview:large","max-video-preview":"max-video-preview:-1"},"canonical":"https:\/\/radioljubuski.ba\/index.php\/2021\/09\/16\/u-institucijama-fbih-bosnjaci-tri-puta-brojniji-od-hrvata-i-drze-dvaput-vise-rukovodecih-pozicija\/","og_locale":"hr_HR","og_type":"article","og_title":"U institucijama FBiH Bo\u0161njaci tri puta brojniji od Hrvata i dr\u017ee dvaput vi\u0161e rukovode\u0107ih pozicija - RADIO LJUBU\u0160KI","og_description":"Od ukupno 15.592 zaposlenika dr\u017eavnih institucija u Bosni i Hercegovini, njih 6899 su Bo\u0161njaci (44,28%), od kojih je 1416 na rukovode\u0107im pozicijama. Srba je 5639 (36,16%), od toga 1043 na rukovode\u0107im mjestima, a Hrvata 2887 (18,45%), od kojih 699 rukovoditelja. Ostalih je 156, a 12 na rukovode\u0107im pozicijama. Me\u0111u zaposlenicima je i 11 iz nacionalnih [&hellip;]","og_url":"https:\/\/radioljubuski.ba\/index.php\/2021\/09\/16\/u-institucijama-fbih-bosnjaci-tri-puta-brojniji-od-hrvata-i-drze-dvaput-vise-rukovodecih-pozicija\/","og_site_name":"RADIO LJUBU\u0160KI","article_publisher":"https:\/\/www.facebook.com\/Radiio-Ljubuski-1490835324566332","article_published_time":"2021-09-15T23:05:17+00:00","article_modified_time":"2021-09-15T23:05:18+00:00","og_image":[{"width":1000,"height":625,"url":"https:\/\/radioljubuski.ba\/wp-content\/uploads\/2021\/09\/w83fms1O_institucije.jpg","type":"image\/jpeg"}],"author":"Radio Ljubu\u0161ki","twitter_card":"summary_large_image","twitter_creator":"@radioljubuski","twitter_site":"@radioljubuski","twitter_misc":{"Napisao\/la":"Radio Ljubu\u0161ki","Procijenjeno vrijeme \u010ditanja":"4 minute"},"schema":{"@context":"https:\/\/schema.org","@graph":[{"@type":"Article","@id":"https:\/\/radioljubuski.ba\/index.php\/2021\/09\/16\/u-institucijama-fbih-bosnjaci-tri-puta-brojniji-od-hrvata-i-drze-dvaput-vise-rukovodecih-pozicija\/#article","isPartOf":{"@id":"https:\/\/radioljubuski.ba\/index.php\/2021\/09\/16\/u-institucijama-fbih-bosnjaci-tri-puta-brojniji-od-hrvata-i-drze-dvaput-vise-rukovodecih-pozicija\/"},"author":{"name":"Radio Ljubu\u0161ki","@id":"https:\/\/radioljubuski.ba\/#\/schema\/person\/19fc700381a780f69665d7956c469e3b"},"headline":"U institucijama FBiH Bo\u0161njaci tri puta brojniji od Hrvata i dr\u017ee dvaput vi\u0161e rukovode\u0107ih pozicija","datePublished":"2021-09-15T23:05:17+00:00","dateModified":"2021-09-15T23:05:18+00:00","mainEntityOfPage":{"@id":"https:\/\/radioljubuski.ba\/index.php\/2021\/09\/16\/u-institucijama-fbih-bosnjaci-tri-puta-brojniji-od-hrvata-i-drze-dvaput-vise-rukovodecih-pozicija\/"},"wordCount":813,"publisher":{"@id":"https:\/\/radioljubuski.ba\/#organization"},"image":{"@id":"https:\/\/radioljubuski.ba\/index.php\/2021\/09\/16\/u-institucijama-fbih-bosnjaci-tri-puta-brojniji-od-hrvata-i-drze-dvaput-vise-rukovodecih-pozicija\/#primaryimage"},"thumbnailUrl":"https:\/\/radioljubuski.ba\/wp-content\/uploads\/2021\/09\/w83fms1O_institucije.jpg","articleSection":["BIH i regija"],"inLanguage":"hr"},{"@type":"WebPage","@id":"https:\/\/radioljubuski.ba\/index.php\/2021\/09\/16\/u-institucijama-fbih-bosnjaci-tri-puta-brojniji-od-hrvata-i-drze-dvaput-vise-rukovodecih-pozicija\/","url":"https:\/\/radioljubuski.ba\/index.php\/2021\/09\/16\/u-institucijama-fbih-bosnjaci-tri-puta-brojniji-od-hrvata-i-drze-dvaput-vise-rukovodecih-pozicija\/","name":"U institucijama FBiH Bo\u0161njaci tri puta brojniji od Hrvata i dr\u017ee dvaput vi\u0161e rukovode\u0107ih pozicija - RADIO LJUBU\u0160KI","isPartOf":{"@id":"https:\/\/radioljubuski.ba\/#website"},"primaryImageOfPage":{"@id":"https:\/\/radioljubuski.ba\/index.php\/2021\/09\/16\/u-institucijama-fbih-bosnjaci-tri-puta-brojniji-od-hrvata-i-drze-dvaput-vise-rukovodecih-pozicija\/#primaryimage"},"image":{"@id":"https:\/\/radioljubuski.ba\/index.php\/2021\/09\/16\/u-institucijama-fbih-bosnjaci-tri-puta-brojniji-od-hrvata-i-drze-dvaput-vise-rukovodecih-pozicija\/#primaryimage"},"thumbnailUrl":"https:\/\/radioljubuski.ba\/wp-content\/uploads\/2021\/09\/w83fms1O_institucije.jpg","datePublished":"2021-09-15T23:05:17+00:00","dateModified":"2021-09-15T23:05:18+00:00","breadcrumb":{"@id":"https:\/\/radioljubuski.ba\/index.php\/2021\/09\/16\/u-institucijama-fbih-bosnjaci-tri-puta-brojniji-od-hrvata-i-drze-dvaput-vise-rukovodecih-pozicija\/#breadcrumb"},"inLanguage":"hr","potentialAction":[{"@type":"ReadAction","target":["https:\/\/radioljubuski.ba\/index.php\/2021\/09\/16\/u-institucijama-fbih-bosnjaci-tri-puta-brojniji-od-hrvata-i-drze-dvaput-vise-rukovodecih-pozicija\/"]}]},{"@type":"ImageObject","inLanguage":"hr","@id":"https:\/\/radioljubuski.ba\/index.php\/2021\/09\/16\/u-institucijama-fbih-bosnjaci-tri-puta-brojniji-od-hrvata-i-drze-dvaput-vise-rukovodecih-pozicija\/#primaryimage","url":"https:\/\/radioljubuski.ba\/wp-content\/uploads\/2021\/09\/w83fms1O_institucije.jpg","contentUrl":"https:\/\/radioljubuski.ba\/wp-content\/uploads\/2021\/09\/w83fms1O_institucije.jpg","width":1000,"height":625},{"@type":"BreadcrumbList","@id":"https:\/\/radioljubuski.ba\/index.php\/2021\/09\/16\/u-institucijama-fbih-bosnjaci-tri-puta-brojniji-od-hrvata-i-drze-dvaput-vise-rukovodecih-pozicija\/#breadcrumb","itemListElement":[{"@type":"ListItem","position":1,"name":"Po\u010detna stranica","item":"https:\/\/radioljubuski.ba\/"},{"@type":"ListItem","position":2,"name":"U institucijama FBiH Bo\u0161njaci tri puta brojniji od Hrvata i dr\u017ee dvaput vi\u0161e rukovode\u0107ih pozicija"}]},{"@type":"WebSite","@id":"https:\/\/radioljubuski.ba\/#website","url":"https:\/\/radioljubuski.ba\/","name":"Radio Ljubu\u0161ki","description":"Sun\u010dana frekvencija Hercegovine","publisher":{"@id":"https:\/\/radioljubuski.ba\/#organization"},"potentialAction":[{"@type":"SearchAction","target":{"@type":"EntryPoint","urlTemplate":"https:\/\/radioljubuski.ba\/?s={search_term_string}"},"query-input":{"@type":"PropertyValueSpecification","valueRequired":true,"valueName":"search_term_string"}}],"inLanguage":"hr"},{"@type":"Organization","@id":"https:\/\/radioljubuski.ba\/#organization","name":"Radio Ljubu\u0161ki","url":"https:\/\/radioljubuski.ba\/","logo":{"@type":"ImageObject","inLanguage":"hr","@id":"https:\/\/radioljubuski.ba\/#\/schema\/logo\/image\/","url":"https:\/\/radioljubuski.ba\/wp-content\/uploads\/2021\/02\/cropped-Radio_Ljubuski_logo1.jpg","contentUrl":"https:\/\/radioljubuski.ba\/wp-content\/uploads\/2021\/02\/cropped-Radio_Ljubuski_logo1.jpg","width":512,"height":512,"caption":"Radio Ljubu\u0161ki"},"image":{"@id":"https:\/\/radioljubuski.ba\/#\/schema\/logo\/image\/"},"sameAs":["https:\/\/www.facebook.com\/Radiio-Ljubuski-1490835324566332","https:\/\/x.com\/radioljubuski","https:\/\/hr.linkedin.com\/company\/radio-ljubuski","https:\/\/www.youtube.com\/channel\/UCHYaeO_n0Db3tjNGudGpXyw"]},{"@type":"Person","@id":"https:\/\/radioljubuski.ba\/#\/schema\/person\/19fc700381a780f69665d7956c469e3b","name":"Radio Ljubu\u0161ki"}]}},"_links":{"self":[{"href":"https:\/\/radioljubuski.ba\/index.php\/wp-json\/wp\/v2\/posts\/63998","targetHints":{"allow":["GET"]}}],"collection":[{"href":"https:\/\/radioljubuski.ba\/index.php\/wp-json\/wp\/v2\/posts"}],"about":[{"href":"https:\/\/radioljubuski.ba\/index.php\/wp-json\/wp\/v2\/types\/post"}],"author":[{"embeddable":true,"href":"https:\/\/radioljubuski.ba\/index.php\/wp-json\/wp\/v2\/users\/2"}],"replies":[{"embeddable":true,"href":"https:\/\/radioljubuski.ba\/index.php\/wp-json\/wp\/v2\/comments?post=63998"}],"version-history":[{"count":1,"href":"https:\/\/radioljubuski.ba\/index.php\/wp-json\/wp\/v2\/posts\/63998\/revisions"}],"predecessor-version":[{"id":64000,"href":"https:\/\/radioljubuski.ba\/index.php\/wp-json\/wp\/v2\/posts\/63998\/revisions\/64000"}],"wp:featuredmedia":[{"embeddable":true,"href":"https:\/\/radioljubuski.ba\/index.php\/wp-json\/wp\/v2\/media\/63999"}],"wp:attachment":[{"href":"https:\/\/radioljubuski.ba\/index.php\/wp-json\/wp\/v2\/media?parent=63998"}],"wp:term":[{"taxonomy":"category","embeddable":true,"href":"https:\/\/radioljubuski.ba\/index.php\/wp-json\/wp\/v2\/categories?post=63998"},{"taxonomy":"post_tag","embeddable":true,"href":"https:\/\/radioljubuski.ba\/index.php\/wp-json\/wp\/v2\/tags?post=63998"}],"curies":[{"name":"wp","href":"https:\/\/api.w.org\/{rel}","templated":true}]}}