{"id":643,"date":"2021-03-02T01:02:48","date_gmt":"2021-03-02T01:02:48","guid":{"rendered":"https:\/\/radioljubuski.ba\/?p=643"},"modified":"2021-03-02T01:02:48","modified_gmt":"2021-03-02T01:02:48","slug":"dodijeljeni-oskari-znanja","status":"publish","type":"post","link":"https:\/\/radioljubuski.ba\/index.php\/2021\/03\/02\/dodijeljeni-oskari-znanja\/","title":{"rendered":"Dodijeljeni Oskari znanja"},"content":{"rendered":"\n<p><strong>Ustrajnost i upornost se isplate, poruka je s dodjele 16. Oskara znanja koje je u petak nave\u010der za svoje znanje i umije\u0107e dobilo 282 u\u010denika. Priznanje su dobila i njihova 192 mentora koji su ih poticali i pomogli im da steknu Oskarom ovjen\u010dana postignu\u0107a. Bila je to dosad prva dodjela odr\u017eana online.<\/strong><\/p>\n\n\n\n<p>Svoje Oskare znanja mladi kemi\u010dari Petar i Ivan zaslu\u017eili su prvim mjestom na dr\u017eavnom natjecanju.<br><br>&#8211; Jako sam sretan, mo\u017eda se to ne vidi ispod maske, ali mi je osmijeh na licu, rekao je&nbsp;<strong>Filip \u010cutura<\/strong>, u\u010denik 8. razreda, O\u0160 Pu\u0161\u0107a, Donja Pu\u0161\u0107a.<br><br>&#8211; To je cilj svakog u\u010denika koji se plasira na dr\u017eavno natjecanje, da bude prvi, da bude najbolji, tako da je meni ovo velika \u010dast, dodao je<strong>&nbsp;Ivan Rai\u010d<\/strong>, student Prirodoslovno-matemati\u010dkog fakulteta u Zagrebu.<br><br>Iva i Petra iz Karlovca nagra\u0111ene su za izvrsno znanje iz ekologije i odr\u017eivog razvoja.<br><br>&#8211; Pa test je bio o atmosferi, pedologiji, hidrologiji, obja\u0161njava&nbsp;<strong>Petra Luketi\u0107<\/strong>, O\u0160 Dubovac, Karlovac.<br><br>A dobitnici Oskara, njih 282, uz pomo\u0107 mentora, nikad te\u017ee nisu do\u0161li do priznanja za svoje znanje i vje\u0161tine.<br><br>&#8211; Znam da je dosta druga\u010dije jer smo samo pisali online test, a ina\u010de se radi i orijentacijsko tr\u010danje i prezentacija, ka\u017ee&nbsp;<strong>Iva Poga\u010di\u0107<\/strong>, O\u0160 Dubovac, Karlovac.<br><br>Zbog proljetnog zatvaranja \u0161kola, nisu odr\u017eana brojna natjecanja. Neka su nastavljena putem interneta, a neka zaustavljena do jeseni. Zato je iza ovog uspjeha mnogo truda i odricanja.<br><br>&#8211; Ta djeca puno rade i s ponosom onda trebaju pokazati \u0161to su nau\u010dili, koliko su daleko odmakli, to je onda jedna podr\u0161ka njima za nastavak dalje, isti\u010de&nbsp;<strong>Jasna Vi\u0161ni\u0107<\/strong>, prof. mentorica, O\u0160 Dubovac, Karlovac.<br><br>Epidemiolo\u0161ka situacija donijela je i prvu virtualnu dodjelu Oskara znanja.<br><br>&#8211; Pa smo se odlu\u010dili, s obzirom na to da je u pitanju TikTok generacija, da je nastava bila online, da \u0107e i dodjela Oskara znanja biti online, rekla je&nbsp;<strong>Dubravka Brezak Stama\u0107<\/strong>, ravnateljica Agencije za odgoj i obrazovanje.<br><br>&#8211; \u010cestitam svim dobitnicima nagrada, ovim budu\u0107im doktorima, profesorima, mo\u017eda i nobelovcima, poru\u010dio je ministar znanosti i obrazovanja<strong>&nbsp;Radovan Fuchs<\/strong>.<\/p>\n\n\n\n<p>Kao i dosada\u0161nje dodjele Oskara znanja, i ovu je &#8211; za \u0161kolsku godinu 2019.\/2020. &#8211; organizirala Agencija za odgoj i obrazovanje (AZOO), ali prvi put u virtualnom izdanju zbog epidmiolo\u0161kih razloga, a i ova dodjela odr\u017eana je pod pokroviteljstvom Zajednice \u017eupanija Republike Hrvatske.<br><strong><br>Oskari iz 28 predmeta i predmetnih podru\u010dja &#8211; za one koji \u017eele i mogu vi\u0161e<\/strong><br><br>AZOO u hrvatskom odgojno-obrazovnom sustavu organizira i provodi natjecanja iz 28 predmeta i predmetnih podru\u010dja &#8211; od natjecanja iz hrvatskoga jezika, matematike i informatike, kemije i biologije, povijesti i geografije, stranih i klasi\u010dnih jezika, iz astronomije, likovnoga, filozofije i logike, debata, do natjecanja u\u010denika glazbenih i plesnih \u0161kola.<br><br>Tako\u0111er, agencija organizira i provodi osam smotri, od LiDraNa i Hrvatskoga \u0161kolskog filma do Smotri u\u010deni\u010dkih zadruga, uz pomo\u0107 strukovnih udruga i potporu Ministarstva znanosti i obrazovanja.<br><br>Oskarovcima je pripala i minimalisti\u010dka skulptura Oskar znanja \u010dija je autorica Chiara Cetu\u0161i\u0107, u\u010denica 3. razreda \u0160kola primijenjene umjetnost i dizajna Zagreb. Chiara je objasnila kako je model skulpture izradila u kartonu, a odlivena je mesingu koji je, istaknula je, jo\u0161 bolje odrazio njezinu zamisao prostorne skulpture. Posvjedo\u010dila je da je ideju dobila spajaju\u0107i u jednu strukturu figurativan prikaz ljudskoga mozga i drveta koji jedno drugo hrane. Svim oskarovcima, u\u010denicima i mentorima, skulptura \u0107e biti poslana u \u0161kolu.<br><br>Na natjecanjima u protekloj \u0161kolskoj godini \u0161kolskoj godini sudjelovalo je gotovo sto tisu\u0107a osnovaca i srednjo\u0161kolaca koji su se natjecali na \u0161kolskoj razini, plasman na \u017eupanijsku razinu ostvarilo je oko 35.000 u\u010denika, a na dr\u017eavnoj razini, koja je iznimno ove godine odr\u017eana online, sudjelovalo je tri tisu\u0107e u\u010denika. Zbog epidemiolo\u0161ke situacije dio \u017eupanijskih i dr\u017eavna natjecanja nisu se mogla odr\u017eati u predvi\u0111enom terminu u o\u017eujku i travnju, te su odr\u017eana online od rujna do prosinca 2020.<br><br>Popis nagra\u0111enih u\u010denika mo\u017ee se prona\u0107i na linku&nbsp;<a href=\"https:\/\/www.azoo.hr\/oskar-znanja\" target=\"_blank\" rel=\"noreferrer noopener\"><strong>https:\/\/www.azoo.hr\/oskar-znanja<\/strong><\/a>.<\/p>\n\n\n\n<p>Izvor:hrt.hr<\/p>\n","protected":false},"excerpt":{"rendered":"<p>Ustrajnost i upornost se isplate, poruka je s dodjele 16. Oskara znanja koje je u petak nave\u010der za svoje znanje i umije\u0107e dobilo 282 u\u010denika. Priznanje su dobila i njihova 192 mentora koji su ih poticali i pomogli im da steknu Oskarom ovjen\u010dana postignu\u0107a. Bila je to dosad prva dodjela odr\u017eana online. Svoje Oskare znanja [&hellip;]<\/p>\n","protected":false},"author":2,"featured_media":644,"comment_status":"closed","ping_status":"closed","sticky":false,"template":"","format":"standard","meta":{"h5ap_radio_sources":[],"footnotes":""},"categories":[1],"tags":[],"class_list":["post-643","post","type-post","status-publish","format-standard","has-post-thumbnail","hentry","category-bihiregija"],"yoast_head":"<!-- This site is optimized with the Yoast SEO plugin v27.5 - https:\/\/yoast.com\/product\/yoast-seo-wordpress\/ -->\n<title>Dodijeljeni Oskari znanja - RADIO LJUBU\u0160KI<\/title>\n<meta name=\"robots\" content=\"index, follow, max-snippet:-1, max-image-preview:large, max-video-preview:-1\" \/>\n<link rel=\"canonical\" href=\"https:\/\/radioljubuski.ba\/index.php\/2021\/03\/02\/dodijeljeni-oskari-znanja\/\" \/>\n<meta property=\"og:locale\" content=\"hr_HR\" \/>\n<meta property=\"og:type\" content=\"article\" \/>\n<meta property=\"og:title\" content=\"Dodijeljeni Oskari znanja - RADIO LJUBU\u0160KI\" \/>\n<meta property=\"og:description\" content=\"Ustrajnost i upornost se isplate, poruka je s dodjele 16. Oskara znanja koje je u petak nave\u010der za svoje znanje i umije\u0107e dobilo 282 u\u010denika. Priznanje su dobila i njihova 192 mentora koji su ih poticali i pomogli im da steknu Oskarom ovjen\u010dana postignu\u0107a. Bila je to dosad prva dodjela odr\u017eana online. Svoje Oskare znanja [&hellip;]\" \/>\n<meta property=\"og:url\" content=\"https:\/\/radioljubuski.ba\/index.php\/2021\/03\/02\/dodijeljeni-oskari-znanja\/\" \/>\n<meta property=\"og:site_name\" content=\"RADIO LJUBU\u0160KI\" \/>\n<meta property=\"article:publisher\" content=\"https:\/\/www.facebook.com\/Radiio-Ljubuski-1490835324566332\" \/>\n<meta property=\"article:published_time\" content=\"2021-03-02T01:02:48+00:00\" \/>\n<meta property=\"og:image\" content=\"https:\/\/radioljubuski.ba\/wp-content\/uploads\/2021\/03\/oskar-znanja-min-1024x733-1-696x498-1.jpg\" \/>\n\t<meta property=\"og:image:width\" content=\"696\" \/>\n\t<meta property=\"og:image:height\" content=\"498\" \/>\n\t<meta property=\"og:image:type\" content=\"image\/jpeg\" \/>\n<meta name=\"author\" content=\"Radio Ljubu\u0161ki\" \/>\n<meta name=\"twitter:card\" content=\"summary_large_image\" \/>\n<meta name=\"twitter:creator\" content=\"@radioljubuski\" \/>\n<meta name=\"twitter:site\" content=\"@radioljubuski\" \/>\n<meta name=\"twitter:label1\" content=\"Napisao\/la\" \/>\n\t<meta name=\"twitter:data1\" content=\"Radio Ljubu\u0161ki\" \/>\n\t<meta name=\"twitter:label2\" content=\"Procijenjeno vrijeme \u010ditanja\" \/>\n\t<meta name=\"twitter:data2\" content=\"3 minute\" \/>\n<script type=\"application\/ld+json\" class=\"yoast-schema-graph\">{\"@context\":\"https:\\\/\\\/schema.org\",\"@graph\":[{\"@type\":\"Article\",\"@id\":\"https:\\\/\\\/radioljubuski.ba\\\/index.php\\\/2021\\\/03\\\/02\\\/dodijeljeni-oskari-znanja\\\/#article\",\"isPartOf\":{\"@id\":\"https:\\\/\\\/radioljubuski.ba\\\/index.php\\\/2021\\\/03\\\/02\\\/dodijeljeni-oskari-znanja\\\/\"},\"author\":{\"name\":\"Radio Ljubu\u0161ki\",\"@id\":\"https:\\\/\\\/radioljubuski.ba\\\/#\\\/schema\\\/person\\\/19fc700381a780f69665d7956c469e3b\"},\"headline\":\"Dodijeljeni Oskari znanja\",\"datePublished\":\"2021-03-02T01:02:48+00:00\",\"mainEntityOfPage\":{\"@id\":\"https:\\\/\\\/radioljubuski.ba\\\/index.php\\\/2021\\\/03\\\/02\\\/dodijeljeni-oskari-znanja\\\/\"},\"wordCount\":710,\"publisher\":{\"@id\":\"https:\\\/\\\/radioljubuski.ba\\\/#organization\"},\"image\":{\"@id\":\"https:\\\/\\\/radioljubuski.ba\\\/index.php\\\/2021\\\/03\\\/02\\\/dodijeljeni-oskari-znanja\\\/#primaryimage\"},\"thumbnailUrl\":\"https:\\\/\\\/radioljubuski.ba\\\/wp-content\\\/uploads\\\/2021\\\/03\\\/oskar-znanja-min-1024x733-1-696x498-1.jpg\",\"articleSection\":[\"BIH i regija\"],\"inLanguage\":\"hr\"},{\"@type\":\"WebPage\",\"@id\":\"https:\\\/\\\/radioljubuski.ba\\\/index.php\\\/2021\\\/03\\\/02\\\/dodijeljeni-oskari-znanja\\\/\",\"url\":\"https:\\\/\\\/radioljubuski.ba\\\/index.php\\\/2021\\\/03\\\/02\\\/dodijeljeni-oskari-znanja\\\/\",\"name\":\"Dodijeljeni Oskari znanja - RADIO LJUBU\u0160KI\",\"isPartOf\":{\"@id\":\"https:\\\/\\\/radioljubuski.ba\\\/#website\"},\"primaryImageOfPage\":{\"@id\":\"https:\\\/\\\/radioljubuski.ba\\\/index.php\\\/2021\\\/03\\\/02\\\/dodijeljeni-oskari-znanja\\\/#primaryimage\"},\"image\":{\"@id\":\"https:\\\/\\\/radioljubuski.ba\\\/index.php\\\/2021\\\/03\\\/02\\\/dodijeljeni-oskari-znanja\\\/#primaryimage\"},\"thumbnailUrl\":\"https:\\\/\\\/radioljubuski.ba\\\/wp-content\\\/uploads\\\/2021\\\/03\\\/oskar-znanja-min-1024x733-1-696x498-1.jpg\",\"datePublished\":\"2021-03-02T01:02:48+00:00\",\"breadcrumb\":{\"@id\":\"https:\\\/\\\/radioljubuski.ba\\\/index.php\\\/2021\\\/03\\\/02\\\/dodijeljeni-oskari-znanja\\\/#breadcrumb\"},\"inLanguage\":\"hr\",\"potentialAction\":[{\"@type\":\"ReadAction\",\"target\":[\"https:\\\/\\\/radioljubuski.ba\\\/index.php\\\/2021\\\/03\\\/02\\\/dodijeljeni-oskari-znanja\\\/\"]}]},{\"@type\":\"ImageObject\",\"inLanguage\":\"hr\",\"@id\":\"https:\\\/\\\/radioljubuski.ba\\\/index.php\\\/2021\\\/03\\\/02\\\/dodijeljeni-oskari-znanja\\\/#primaryimage\",\"url\":\"https:\\\/\\\/radioljubuski.ba\\\/wp-content\\\/uploads\\\/2021\\\/03\\\/oskar-znanja-min-1024x733-1-696x498-1.jpg\",\"contentUrl\":\"https:\\\/\\\/radioljubuski.ba\\\/wp-content\\\/uploads\\\/2021\\\/03\\\/oskar-znanja-min-1024x733-1-696x498-1.jpg\",\"width\":696,\"height\":498},{\"@type\":\"BreadcrumbList\",\"@id\":\"https:\\\/\\\/radioljubuski.ba\\\/index.php\\\/2021\\\/03\\\/02\\\/dodijeljeni-oskari-znanja\\\/#breadcrumb\",\"itemListElement\":[{\"@type\":\"ListItem\",\"position\":1,\"name\":\"Po\u010detna stranica\",\"item\":\"https:\\\/\\\/radioljubuski.ba\\\/\"},{\"@type\":\"ListItem\",\"position\":2,\"name\":\"Dodijeljeni Oskari znanja\"}]},{\"@type\":\"WebSite\",\"@id\":\"https:\\\/\\\/radioljubuski.ba\\\/#website\",\"url\":\"https:\\\/\\\/radioljubuski.ba\\\/\",\"name\":\"Radio Ljubu\u0161ki\",\"description\":\"Sun\u010dana frekvencija Hercegovine\",\"publisher\":{\"@id\":\"https:\\\/\\\/radioljubuski.ba\\\/#organization\"},\"potentialAction\":[{\"@type\":\"SearchAction\",\"target\":{\"@type\":\"EntryPoint\",\"urlTemplate\":\"https:\\\/\\\/radioljubuski.ba\\\/?s={search_term_string}\"},\"query-input\":{\"@type\":\"PropertyValueSpecification\",\"valueRequired\":true,\"valueName\":\"search_term_string\"}}],\"inLanguage\":\"hr\"},{\"@type\":\"Organization\",\"@id\":\"https:\\\/\\\/radioljubuski.ba\\\/#organization\",\"name\":\"Radio Ljubu\u0161ki\",\"url\":\"https:\\\/\\\/radioljubuski.ba\\\/\",\"logo\":{\"@type\":\"ImageObject\",\"inLanguage\":\"hr\",\"@id\":\"https:\\\/\\\/radioljubuski.ba\\\/#\\\/schema\\\/logo\\\/image\\\/\",\"url\":\"https:\\\/\\\/radioljubuski.ba\\\/wp-content\\\/uploads\\\/2021\\\/02\\\/cropped-Radio_Ljubuski_logo1.jpg\",\"contentUrl\":\"https:\\\/\\\/radioljubuski.ba\\\/wp-content\\\/uploads\\\/2021\\\/02\\\/cropped-Radio_Ljubuski_logo1.jpg\",\"width\":512,\"height\":512,\"caption\":\"Radio Ljubu\u0161ki\"},\"image\":{\"@id\":\"https:\\\/\\\/radioljubuski.ba\\\/#\\\/schema\\\/logo\\\/image\\\/\"},\"sameAs\":[\"https:\\\/\\\/www.facebook.com\\\/Radiio-Ljubuski-1490835324566332\",\"https:\\\/\\\/x.com\\\/radioljubuski\",\"https:\\\/\\\/hr.linkedin.com\\\/company\\\/radio-ljubuski\",\"https:\\\/\\\/www.youtube.com\\\/channel\\\/UCHYaeO_n0Db3tjNGudGpXyw\"]},{\"@type\":\"Person\",\"@id\":\"https:\\\/\\\/radioljubuski.ba\\\/#\\\/schema\\\/person\\\/19fc700381a780f69665d7956c469e3b\",\"name\":\"Radio Ljubu\u0161ki\"}]}<\/script>\n<!-- \/ Yoast SEO plugin. -->","yoast_head_json":{"title":"Dodijeljeni Oskari znanja - RADIO LJUBU\u0160KI","robots":{"index":"index","follow":"follow","max-snippet":"max-snippet:-1","max-image-preview":"max-image-preview:large","max-video-preview":"max-video-preview:-1"},"canonical":"https:\/\/radioljubuski.ba\/index.php\/2021\/03\/02\/dodijeljeni-oskari-znanja\/","og_locale":"hr_HR","og_type":"article","og_title":"Dodijeljeni Oskari znanja - RADIO LJUBU\u0160KI","og_description":"Ustrajnost i upornost se isplate, poruka je s dodjele 16. Oskara znanja koje je u petak nave\u010der za svoje znanje i umije\u0107e dobilo 282 u\u010denika. Priznanje su dobila i njihova 192 mentora koji su ih poticali i pomogli im da steknu Oskarom ovjen\u010dana postignu\u0107a. Bila je to dosad prva dodjela odr\u017eana online. Svoje Oskare znanja [&hellip;]","og_url":"https:\/\/radioljubuski.ba\/index.php\/2021\/03\/02\/dodijeljeni-oskari-znanja\/","og_site_name":"RADIO LJUBU\u0160KI","article_publisher":"https:\/\/www.facebook.com\/Radiio-Ljubuski-1490835324566332","article_published_time":"2021-03-02T01:02:48+00:00","og_image":[{"width":696,"height":498,"url":"https:\/\/radioljubuski.ba\/wp-content\/uploads\/2021\/03\/oskar-znanja-min-1024x733-1-696x498-1.jpg","type":"image\/jpeg"}],"author":"Radio Ljubu\u0161ki","twitter_card":"summary_large_image","twitter_creator":"@radioljubuski","twitter_site":"@radioljubuski","twitter_misc":{"Napisao\/la":"Radio Ljubu\u0161ki","Procijenjeno vrijeme \u010ditanja":"3 minute"},"schema":{"@context":"https:\/\/schema.org","@graph":[{"@type":"Article","@id":"https:\/\/radioljubuski.ba\/index.php\/2021\/03\/02\/dodijeljeni-oskari-znanja\/#article","isPartOf":{"@id":"https:\/\/radioljubuski.ba\/index.php\/2021\/03\/02\/dodijeljeni-oskari-znanja\/"},"author":{"name":"Radio Ljubu\u0161ki","@id":"https:\/\/radioljubuski.ba\/#\/schema\/person\/19fc700381a780f69665d7956c469e3b"},"headline":"Dodijeljeni Oskari znanja","datePublished":"2021-03-02T01:02:48+00:00","mainEntityOfPage":{"@id":"https:\/\/radioljubuski.ba\/index.php\/2021\/03\/02\/dodijeljeni-oskari-znanja\/"},"wordCount":710,"publisher":{"@id":"https:\/\/radioljubuski.ba\/#organization"},"image":{"@id":"https:\/\/radioljubuski.ba\/index.php\/2021\/03\/02\/dodijeljeni-oskari-znanja\/#primaryimage"},"thumbnailUrl":"https:\/\/radioljubuski.ba\/wp-content\/uploads\/2021\/03\/oskar-znanja-min-1024x733-1-696x498-1.jpg","articleSection":["BIH i regija"],"inLanguage":"hr"},{"@type":"WebPage","@id":"https:\/\/radioljubuski.ba\/index.php\/2021\/03\/02\/dodijeljeni-oskari-znanja\/","url":"https:\/\/radioljubuski.ba\/index.php\/2021\/03\/02\/dodijeljeni-oskari-znanja\/","name":"Dodijeljeni Oskari znanja - RADIO LJUBU\u0160KI","isPartOf":{"@id":"https:\/\/radioljubuski.ba\/#website"},"primaryImageOfPage":{"@id":"https:\/\/radioljubuski.ba\/index.php\/2021\/03\/02\/dodijeljeni-oskari-znanja\/#primaryimage"},"image":{"@id":"https:\/\/radioljubuski.ba\/index.php\/2021\/03\/02\/dodijeljeni-oskari-znanja\/#primaryimage"},"thumbnailUrl":"https:\/\/radioljubuski.ba\/wp-content\/uploads\/2021\/03\/oskar-znanja-min-1024x733-1-696x498-1.jpg","datePublished":"2021-03-02T01:02:48+00:00","breadcrumb":{"@id":"https:\/\/radioljubuski.ba\/index.php\/2021\/03\/02\/dodijeljeni-oskari-znanja\/#breadcrumb"},"inLanguage":"hr","potentialAction":[{"@type":"ReadAction","target":["https:\/\/radioljubuski.ba\/index.php\/2021\/03\/02\/dodijeljeni-oskari-znanja\/"]}]},{"@type":"ImageObject","inLanguage":"hr","@id":"https:\/\/radioljubuski.ba\/index.php\/2021\/03\/02\/dodijeljeni-oskari-znanja\/#primaryimage","url":"https:\/\/radioljubuski.ba\/wp-content\/uploads\/2021\/03\/oskar-znanja-min-1024x733-1-696x498-1.jpg","contentUrl":"https:\/\/radioljubuski.ba\/wp-content\/uploads\/2021\/03\/oskar-znanja-min-1024x733-1-696x498-1.jpg","width":696,"height":498},{"@type":"BreadcrumbList","@id":"https:\/\/radioljubuski.ba\/index.php\/2021\/03\/02\/dodijeljeni-oskari-znanja\/#breadcrumb","itemListElement":[{"@type":"ListItem","position":1,"name":"Po\u010detna stranica","item":"https:\/\/radioljubuski.ba\/"},{"@type":"ListItem","position":2,"name":"Dodijeljeni Oskari znanja"}]},{"@type":"WebSite","@id":"https:\/\/radioljubuski.ba\/#website","url":"https:\/\/radioljubuski.ba\/","name":"Radio Ljubu\u0161ki","description":"Sun\u010dana frekvencija Hercegovine","publisher":{"@id":"https:\/\/radioljubuski.ba\/#organization"},"potentialAction":[{"@type":"SearchAction","target":{"@type":"EntryPoint","urlTemplate":"https:\/\/radioljubuski.ba\/?s={search_term_string}"},"query-input":{"@type":"PropertyValueSpecification","valueRequired":true,"valueName":"search_term_string"}}],"inLanguage":"hr"},{"@type":"Organization","@id":"https:\/\/radioljubuski.ba\/#organization","name":"Radio Ljubu\u0161ki","url":"https:\/\/radioljubuski.ba\/","logo":{"@type":"ImageObject","inLanguage":"hr","@id":"https:\/\/radioljubuski.ba\/#\/schema\/logo\/image\/","url":"https:\/\/radioljubuski.ba\/wp-content\/uploads\/2021\/02\/cropped-Radio_Ljubuski_logo1.jpg","contentUrl":"https:\/\/radioljubuski.ba\/wp-content\/uploads\/2021\/02\/cropped-Radio_Ljubuski_logo1.jpg","width":512,"height":512,"caption":"Radio Ljubu\u0161ki"},"image":{"@id":"https:\/\/radioljubuski.ba\/#\/schema\/logo\/image\/"},"sameAs":["https:\/\/www.facebook.com\/Radiio-Ljubuski-1490835324566332","https:\/\/x.com\/radioljubuski","https:\/\/hr.linkedin.com\/company\/radio-ljubuski","https:\/\/www.youtube.com\/channel\/UCHYaeO_n0Db3tjNGudGpXyw"]},{"@type":"Person","@id":"https:\/\/radioljubuski.ba\/#\/schema\/person\/19fc700381a780f69665d7956c469e3b","name":"Radio Ljubu\u0161ki"}]}},"_links":{"self":[{"href":"https:\/\/radioljubuski.ba\/index.php\/wp-json\/wp\/v2\/posts\/643","targetHints":{"allow":["GET"]}}],"collection":[{"href":"https:\/\/radioljubuski.ba\/index.php\/wp-json\/wp\/v2\/posts"}],"about":[{"href":"https:\/\/radioljubuski.ba\/index.php\/wp-json\/wp\/v2\/types\/post"}],"author":[{"embeddable":true,"href":"https:\/\/radioljubuski.ba\/index.php\/wp-json\/wp\/v2\/users\/2"}],"replies":[{"embeddable":true,"href":"https:\/\/radioljubuski.ba\/index.php\/wp-json\/wp\/v2\/comments?post=643"}],"version-history":[{"count":1,"href":"https:\/\/radioljubuski.ba\/index.php\/wp-json\/wp\/v2\/posts\/643\/revisions"}],"predecessor-version":[{"id":645,"href":"https:\/\/radioljubuski.ba\/index.php\/wp-json\/wp\/v2\/posts\/643\/revisions\/645"}],"wp:featuredmedia":[{"embeddable":true,"href":"https:\/\/radioljubuski.ba\/index.php\/wp-json\/wp\/v2\/media\/644"}],"wp:attachment":[{"href":"https:\/\/radioljubuski.ba\/index.php\/wp-json\/wp\/v2\/media?parent=643"}],"wp:term":[{"taxonomy":"category","embeddable":true,"href":"https:\/\/radioljubuski.ba\/index.php\/wp-json\/wp\/v2\/categories?post=643"},{"taxonomy":"post_tag","embeddable":true,"href":"https:\/\/radioljubuski.ba\/index.php\/wp-json\/wp\/v2\/tags?post=643"}],"curies":[{"name":"wp","href":"https:\/\/api.w.org\/{rel}","templated":true}]}}