{"id":6432,"date":"2021-03-24T11:52:00","date_gmt":"2021-03-24T10:52:00","guid":{"rendered":"https:\/\/radioljubuski.ba\/?p=6432"},"modified":"2021-03-27T10:49:53","modified_gmt":"2021-03-27T09:49:53","slug":"dr-landeka-dolazimo-do-brojki-zarazenih-koje-nismo-ocekivali-ni-u-najcrnjim-scenarijima-audio","status":"publish","type":"post","link":"https:\/\/radioljubuski.ba\/index.php\/2021\/03\/24\/dr-landeka-dolazimo-do-brojki-zarazenih-koje-nismo-ocekivali-ni-u-najcrnjim-scenarijima-audio\/","title":{"rendered":"Dr. Landeka: Dolazimo do brojki zara\u017eenih koje nismo o\u010dekivali ni u najcrnjim scenarijima &#8211; audio"},"content":{"rendered":"\n<p>\u201ePogor\u0161anje epidemiolo\u0161ke situacije u Ljubu\u0161kom se nastavlja, dolazimo do brojki zara\u017eenih koje definitivno nismo o\u010dekivali ni u najcrnjim scenarijima\u201c, rekao je ravnatelj Doma zdravlja Ljubu\u0161ki dr. Ivan Landeka u dana\u0161njem izvje\u0161taju za Radio Ljubu\u0161ki.<\/p>\n\n\n\n<p>\u201eNa testiranju od ponedjeljka imamo 30 novozara\u017eenih. Na ju\u010dera\u0161njem testiranju je bilo vi\u0161e od 50 osoba, me\u0111utim rezultate, na\u017ealost, jo\u0161 nemamo s mikrobiologije SKB-a zbog ogromne gu\u017eve, ali o\u010dekujemo sli\u010dne brojke kao od ponedjeljka\u201c, dodao je i nastavio; &nbsp;\u201etime dolazimo u jednu te\u0161ku epidemiolo\u0161ku situaciju. Ovaj soj virusa, zvao se on britanski, afri\u010dki ili zapadnohercegova\u010dki, sasvim je svejedno, puno je infektivniji od ranijih sojeva. U preko 90 posto slu\u010dajeva su zara\u017eene cijele obitelji pa je puno va\u017enije da se reagira na vrijeme, da se povu\u010de s posla, da se dijete ne \u0161alje u \u0161kolu ako se ima simptome sumnjive na COVID-19\u201c.<\/p>\n\n\n\n<p>\u0160to se ti\u010de prijenosa virusa, Landeka obja\u0161njava kako imamo obiteljski i susjedski prijenos.<\/p>\n\n\n\n<p>\u201eTako imamo po pet-\u0161est testiranih koji su rodbinski vezani ili \u017eive blizu jednu drugih. Na\u017ealost, dosta pozitivnih osoba u zadnjih nekoliko dana je me\u0111u djelatnicima \u0161kolskih ustanova\u201c, isti\u010de Landeka i &nbsp;poziva na po\u0161tivanje mjera.<\/p>\n\n\n\n<p>\u201eVrlo mali broj ljudi na radnim mjestima, ali i na vjerskim okupljanjima po\u0161tuje mjeru socijalne distance i no\u0161enja maski. Ja apeliram na vodstva i uprave svih privatnih i javnih institucija da pobolj\u0161aju kontrolu nad po\u0161tivanjem mjera jer je to u interesu njih i njihovih djelatnika. Isto tako molim predstavnike vjerskih institucija da prije po\u010detka vjerskih okupljanja pozovu vjernike da stave maske, a sva doga\u0111anja u sklopu predstoje\u0107ih blagdana organiziraju uz maksimalno po\u0161tivanje epidemiolo\u0161kih mjera.\u201c<\/p>\n\n\n\n<p>On se danas tako\u0111er osvrnuo na situaciju s cijepljenjem i dodao kako ima puno upita.<\/p>\n\n\n\n<p>\u201eOvih dana slu\u0161amo toliko nejasnih i zbunjuju\u0107ih izjava da nam se te\u0161ko sna\u0107i i poru\u010diti ne\u0161to na\u0161im sugra\u0111anima. U prethodnim tjednima smo cijepili jedan dio zdravstvenih djelatnika. Na na\u0161u sre\u0107u cijepljen je i ve\u0107i dio \u0161ti\u0107enika u ustanovama za starije i nemo\u0107ne osobe, a sada prema planu cijepljenja cijepimo starije od 75 godina\u201c, objasnio je dr. Landeka. &nbsp;<\/p>\n\n\n\n<p>\u201ePrema informacijama iz Zavoda za javno zdravstvo o\u010dekujemo po\u0161iljku Pfizer cjepiva, ali koliki broj, to nam nitko jo\u0161 ne zna re\u0107i niti potvrditi\u201c, dodao je.<\/p>\n\n\n\n<p>Vi\u0161e poslu\u0161ajte u audiozapisu<\/p>\n\n\n\n<iframe src=\"https:\/\/drive.google.com\/file\/d\/1Vxbftv9j_zOjn0HOeiEWoGotM6kW3ort\/preview\" style=\"width: 100%; height: 100px;\"><\/iframe>\n\n\n\n<p>Radio Ljubu\u0161ki<\/p>\n","protected":false},"excerpt":{"rendered":"<p>\u201ePogor\u0161anje epidemiolo\u0161ke situacije u Ljubu\u0161kom se nastavlja, dolazimo do brojki zara\u017eenih koje definitivno nismo o\u010dekivali ni u najcrnjim scenarijima\u201c, rekao je ravnatelj Doma zdravlja Ljubu\u0161ki dr. Ivan Landeka u dana\u0161njem izvje\u0161taju za Radio Ljubu\u0161ki. \u201eNa testiranju od ponedjeljka imamo 30 novozara\u017eenih. Na ju\u010dera\u0161njem testiranju je bilo vi\u0161e od 50 osoba, me\u0111utim rezultate, na\u017ealost, jo\u0161 nemamo [&hellip;]<\/p>\n","protected":false},"author":2,"featured_media":4069,"comment_status":"closed","ping_status":"closed","sticky":false,"template":"","format":"standard","meta":{"h5ap_radio_sources":[],"footnotes":""},"categories":[8],"tags":[],"class_list":["post-6432","post","type-post","status-publish","format-standard","has-post-thumbnail","hentry","category-rlj-audio"],"yoast_head":"<!-- This site is optimized with the Yoast SEO plugin v27.5 - https:\/\/yoast.com\/product\/yoast-seo-wordpress\/ -->\n<title>Dr. Landeka: Dolazimo do brojki zara\u017eenih koje nismo o\u010dekivali ni u najcrnjim scenarijima - audio - RADIO LJUBU\u0160KI<\/title>\n<meta name=\"robots\" content=\"index, follow, max-snippet:-1, max-image-preview:large, max-video-preview:-1\" \/>\n<link rel=\"canonical\" href=\"https:\/\/radioljubuski.ba\/index.php\/2021\/03\/24\/dr-landeka-dolazimo-do-brojki-zarazenih-koje-nismo-ocekivali-ni-u-najcrnjim-scenarijima-audio\/\" \/>\n<meta property=\"og:locale\" content=\"hr_HR\" \/>\n<meta property=\"og:type\" content=\"article\" \/>\n<meta property=\"og:title\" content=\"Dr. Landeka: Dolazimo do brojki zara\u017eenih koje nismo o\u010dekivali ni u najcrnjim scenarijima - audio - RADIO LJUBU\u0160KI\" \/>\n<meta property=\"og:description\" content=\"\u201ePogor\u0161anje epidemiolo\u0161ke situacije u Ljubu\u0161kom se nastavlja, dolazimo do brojki zara\u017eenih koje definitivno nismo o\u010dekivali ni u najcrnjim scenarijima\u201c, rekao je ravnatelj Doma zdravlja Ljubu\u0161ki dr. Ivan Landeka u dana\u0161njem izvje\u0161taju za Radio Ljubu\u0161ki. \u201eNa testiranju od ponedjeljka imamo 30 novozara\u017eenih. Na ju\u010dera\u0161njem testiranju je bilo vi\u0161e od 50 osoba, me\u0111utim rezultate, na\u017ealost, jo\u0161 nemamo [&hellip;]\" \/>\n<meta property=\"og:url\" content=\"https:\/\/radioljubuski.ba\/index.php\/2021\/03\/24\/dr-landeka-dolazimo-do-brojki-zarazenih-koje-nismo-ocekivali-ni-u-najcrnjim-scenarijima-audio\/\" \/>\n<meta property=\"og:site_name\" content=\"RADIO LJUBU\u0160KI\" \/>\n<meta property=\"article:publisher\" content=\"https:\/\/www.facebook.com\/Radiio-Ljubuski-1490835324566332\" \/>\n<meta property=\"article:published_time\" content=\"2021-03-24T10:52:00+00:00\" \/>\n<meta property=\"article:modified_time\" content=\"2021-03-27T09:49:53+00:00\" \/>\n<meta property=\"og:image\" content=\"https:\/\/radioljubuski.ba\/wp-content\/uploads\/2021\/03\/dr-landeka.jpg\" \/>\n\t<meta property=\"og:image:width\" content=\"537\" \/>\n\t<meta property=\"og:image:height\" content=\"333\" \/>\n\t<meta property=\"og:image:type\" content=\"image\/jpeg\" \/>\n<meta name=\"author\" content=\"Radio Ljubu\u0161ki\" \/>\n<meta name=\"twitter:card\" content=\"summary_large_image\" \/>\n<meta name=\"twitter:creator\" content=\"@radioljubuski\" \/>\n<meta name=\"twitter:site\" content=\"@radioljubuski\" \/>\n<meta name=\"twitter:label1\" content=\"Napisao\/la\" \/>\n\t<meta name=\"twitter:data1\" content=\"Radio Ljubu\u0161ki\" \/>\n\t<meta name=\"twitter:label2\" content=\"Procijenjeno vrijeme \u010ditanja\" \/>\n\t<meta name=\"twitter:data2\" content=\"2 minute\" \/>\n<script type=\"application\/ld+json\" class=\"yoast-schema-graph\">{\"@context\":\"https:\\\/\\\/schema.org\",\"@graph\":[{\"@type\":\"Article\",\"@id\":\"https:\\\/\\\/radioljubuski.ba\\\/index.php\\\/2021\\\/03\\\/24\\\/dr-landeka-dolazimo-do-brojki-zarazenih-koje-nismo-ocekivali-ni-u-najcrnjim-scenarijima-audio\\\/#article\",\"isPartOf\":{\"@id\":\"https:\\\/\\\/radioljubuski.ba\\\/index.php\\\/2021\\\/03\\\/24\\\/dr-landeka-dolazimo-do-brojki-zarazenih-koje-nismo-ocekivali-ni-u-najcrnjim-scenarijima-audio\\\/\"},\"author\":{\"name\":\"Radio Ljubu\u0161ki\",\"@id\":\"https:\\\/\\\/radioljubuski.ba\\\/#\\\/schema\\\/person\\\/19fc700381a780f69665d7956c469e3b\"},\"headline\":\"Dr. Landeka: Dolazimo do brojki zara\u017eenih koje nismo o\u010dekivali ni u najcrnjim scenarijima &#8211; audio\",\"datePublished\":\"2021-03-24T10:52:00+00:00\",\"dateModified\":\"2021-03-27T09:49:53+00:00\",\"mainEntityOfPage\":{\"@id\":\"https:\\\/\\\/radioljubuski.ba\\\/index.php\\\/2021\\\/03\\\/24\\\/dr-landeka-dolazimo-do-brojki-zarazenih-koje-nismo-ocekivali-ni-u-najcrnjim-scenarijima-audio\\\/\"},\"wordCount\":437,\"publisher\":{\"@id\":\"https:\\\/\\\/radioljubuski.ba\\\/#organization\"},\"image\":{\"@id\":\"https:\\\/\\\/radioljubuski.ba\\\/index.php\\\/2021\\\/03\\\/24\\\/dr-landeka-dolazimo-do-brojki-zarazenih-koje-nismo-ocekivali-ni-u-najcrnjim-scenarijima-audio\\\/#primaryimage\"},\"thumbnailUrl\":\"https:\\\/\\\/radioljubuski.ba\\\/wp-content\\\/uploads\\\/2021\\\/03\\\/dr-landeka.jpg\",\"articleSection\":[\"RLJ Audio\"],\"inLanguage\":\"hr\"},{\"@type\":\"WebPage\",\"@id\":\"https:\\\/\\\/radioljubuski.ba\\\/index.php\\\/2021\\\/03\\\/24\\\/dr-landeka-dolazimo-do-brojki-zarazenih-koje-nismo-ocekivali-ni-u-najcrnjim-scenarijima-audio\\\/\",\"url\":\"https:\\\/\\\/radioljubuski.ba\\\/index.php\\\/2021\\\/03\\\/24\\\/dr-landeka-dolazimo-do-brojki-zarazenih-koje-nismo-ocekivali-ni-u-najcrnjim-scenarijima-audio\\\/\",\"name\":\"Dr. Landeka: Dolazimo do brojki zara\u017eenih koje nismo o\u010dekivali ni u najcrnjim scenarijima - audio - RADIO LJUBU\u0160KI\",\"isPartOf\":{\"@id\":\"https:\\\/\\\/radioljubuski.ba\\\/#website\"},\"primaryImageOfPage\":{\"@id\":\"https:\\\/\\\/radioljubuski.ba\\\/index.php\\\/2021\\\/03\\\/24\\\/dr-landeka-dolazimo-do-brojki-zarazenih-koje-nismo-ocekivali-ni-u-najcrnjim-scenarijima-audio\\\/#primaryimage\"},\"image\":{\"@id\":\"https:\\\/\\\/radioljubuski.ba\\\/index.php\\\/2021\\\/03\\\/24\\\/dr-landeka-dolazimo-do-brojki-zarazenih-koje-nismo-ocekivali-ni-u-najcrnjim-scenarijima-audio\\\/#primaryimage\"},\"thumbnailUrl\":\"https:\\\/\\\/radioljubuski.ba\\\/wp-content\\\/uploads\\\/2021\\\/03\\\/dr-landeka.jpg\",\"datePublished\":\"2021-03-24T10:52:00+00:00\",\"dateModified\":\"2021-03-27T09:49:53+00:00\",\"breadcrumb\":{\"@id\":\"https:\\\/\\\/radioljubuski.ba\\\/index.php\\\/2021\\\/03\\\/24\\\/dr-landeka-dolazimo-do-brojki-zarazenih-koje-nismo-ocekivali-ni-u-najcrnjim-scenarijima-audio\\\/#breadcrumb\"},\"inLanguage\":\"hr\",\"potentialAction\":[{\"@type\":\"ReadAction\",\"target\":[\"https:\\\/\\\/radioljubuski.ba\\\/index.php\\\/2021\\\/03\\\/24\\\/dr-landeka-dolazimo-do-brojki-zarazenih-koje-nismo-ocekivali-ni-u-najcrnjim-scenarijima-audio\\\/\"]}]},{\"@type\":\"ImageObject\",\"inLanguage\":\"hr\",\"@id\":\"https:\\\/\\\/radioljubuski.ba\\\/index.php\\\/2021\\\/03\\\/24\\\/dr-landeka-dolazimo-do-brojki-zarazenih-koje-nismo-ocekivali-ni-u-najcrnjim-scenarijima-audio\\\/#primaryimage\",\"url\":\"https:\\\/\\\/radioljubuski.ba\\\/wp-content\\\/uploads\\\/2021\\\/03\\\/dr-landeka.jpg\",\"contentUrl\":\"https:\\\/\\\/radioljubuski.ba\\\/wp-content\\\/uploads\\\/2021\\\/03\\\/dr-landeka.jpg\",\"width\":537,\"height\":333},{\"@type\":\"BreadcrumbList\",\"@id\":\"https:\\\/\\\/radioljubuski.ba\\\/index.php\\\/2021\\\/03\\\/24\\\/dr-landeka-dolazimo-do-brojki-zarazenih-koje-nismo-ocekivali-ni-u-najcrnjim-scenarijima-audio\\\/#breadcrumb\",\"itemListElement\":[{\"@type\":\"ListItem\",\"position\":1,\"name\":\"Po\u010detna stranica\",\"item\":\"https:\\\/\\\/radioljubuski.ba\\\/\"},{\"@type\":\"ListItem\",\"position\":2,\"name\":\"Dr. Landeka: Dolazimo do brojki zara\u017eenih koje nismo o\u010dekivali ni u najcrnjim scenarijima &#8211; audio\"}]},{\"@type\":\"WebSite\",\"@id\":\"https:\\\/\\\/radioljubuski.ba\\\/#website\",\"url\":\"https:\\\/\\\/radioljubuski.ba\\\/\",\"name\":\"Radio Ljubu\u0161ki\",\"description\":\"Sun\u010dana frekvencija Hercegovine\",\"publisher\":{\"@id\":\"https:\\\/\\\/radioljubuski.ba\\\/#organization\"},\"potentialAction\":[{\"@type\":\"SearchAction\",\"target\":{\"@type\":\"EntryPoint\",\"urlTemplate\":\"https:\\\/\\\/radioljubuski.ba\\\/?s={search_term_string}\"},\"query-input\":{\"@type\":\"PropertyValueSpecification\",\"valueRequired\":true,\"valueName\":\"search_term_string\"}}],\"inLanguage\":\"hr\"},{\"@type\":\"Organization\",\"@id\":\"https:\\\/\\\/radioljubuski.ba\\\/#organization\",\"name\":\"Radio Ljubu\u0161ki\",\"url\":\"https:\\\/\\\/radioljubuski.ba\\\/\",\"logo\":{\"@type\":\"ImageObject\",\"inLanguage\":\"hr\",\"@id\":\"https:\\\/\\\/radioljubuski.ba\\\/#\\\/schema\\\/logo\\\/image\\\/\",\"url\":\"https:\\\/\\\/radioljubuski.ba\\\/wp-content\\\/uploads\\\/2021\\\/02\\\/cropped-Radio_Ljubuski_logo1.jpg\",\"contentUrl\":\"https:\\\/\\\/radioljubuski.ba\\\/wp-content\\\/uploads\\\/2021\\\/02\\\/cropped-Radio_Ljubuski_logo1.jpg\",\"width\":512,\"height\":512,\"caption\":\"Radio Ljubu\u0161ki\"},\"image\":{\"@id\":\"https:\\\/\\\/radioljubuski.ba\\\/#\\\/schema\\\/logo\\\/image\\\/\"},\"sameAs\":[\"https:\\\/\\\/www.facebook.com\\\/Radiio-Ljubuski-1490835324566332\",\"https:\\\/\\\/x.com\\\/radioljubuski\",\"https:\\\/\\\/hr.linkedin.com\\\/company\\\/radio-ljubuski\",\"https:\\\/\\\/www.youtube.com\\\/channel\\\/UCHYaeO_n0Db3tjNGudGpXyw\"]},{\"@type\":\"Person\",\"@id\":\"https:\\\/\\\/radioljubuski.ba\\\/#\\\/schema\\\/person\\\/19fc700381a780f69665d7956c469e3b\",\"name\":\"Radio Ljubu\u0161ki\"}]}<\/script>\n<!-- \/ Yoast SEO plugin. -->","yoast_head_json":{"title":"Dr. Landeka: Dolazimo do brojki zara\u017eenih koje nismo o\u010dekivali ni u najcrnjim scenarijima - audio - RADIO LJUBU\u0160KI","robots":{"index":"index","follow":"follow","max-snippet":"max-snippet:-1","max-image-preview":"max-image-preview:large","max-video-preview":"max-video-preview:-1"},"canonical":"https:\/\/radioljubuski.ba\/index.php\/2021\/03\/24\/dr-landeka-dolazimo-do-brojki-zarazenih-koje-nismo-ocekivali-ni-u-najcrnjim-scenarijima-audio\/","og_locale":"hr_HR","og_type":"article","og_title":"Dr. Landeka: Dolazimo do brojki zara\u017eenih koje nismo o\u010dekivali ni u najcrnjim scenarijima - audio - RADIO LJUBU\u0160KI","og_description":"\u201ePogor\u0161anje epidemiolo\u0161ke situacije u Ljubu\u0161kom se nastavlja, dolazimo do brojki zara\u017eenih koje definitivno nismo o\u010dekivali ni u najcrnjim scenarijima\u201c, rekao je ravnatelj Doma zdravlja Ljubu\u0161ki dr. Ivan Landeka u dana\u0161njem izvje\u0161taju za Radio Ljubu\u0161ki. \u201eNa testiranju od ponedjeljka imamo 30 novozara\u017eenih. Na ju\u010dera\u0161njem testiranju je bilo vi\u0161e od 50 osoba, me\u0111utim rezultate, na\u017ealost, jo\u0161 nemamo [&hellip;]","og_url":"https:\/\/radioljubuski.ba\/index.php\/2021\/03\/24\/dr-landeka-dolazimo-do-brojki-zarazenih-koje-nismo-ocekivali-ni-u-najcrnjim-scenarijima-audio\/","og_site_name":"RADIO LJUBU\u0160KI","article_publisher":"https:\/\/www.facebook.com\/Radiio-Ljubuski-1490835324566332","article_published_time":"2021-03-24T10:52:00+00:00","article_modified_time":"2021-03-27T09:49:53+00:00","og_image":[{"width":537,"height":333,"url":"https:\/\/radioljubuski.ba\/wp-content\/uploads\/2021\/03\/dr-landeka.jpg","type":"image\/jpeg"}],"author":"Radio Ljubu\u0161ki","twitter_card":"summary_large_image","twitter_creator":"@radioljubuski","twitter_site":"@radioljubuski","twitter_misc":{"Napisao\/la":"Radio Ljubu\u0161ki","Procijenjeno vrijeme \u010ditanja":"2 minute"},"schema":{"@context":"https:\/\/schema.org","@graph":[{"@type":"Article","@id":"https:\/\/radioljubuski.ba\/index.php\/2021\/03\/24\/dr-landeka-dolazimo-do-brojki-zarazenih-koje-nismo-ocekivali-ni-u-najcrnjim-scenarijima-audio\/#article","isPartOf":{"@id":"https:\/\/radioljubuski.ba\/index.php\/2021\/03\/24\/dr-landeka-dolazimo-do-brojki-zarazenih-koje-nismo-ocekivali-ni-u-najcrnjim-scenarijima-audio\/"},"author":{"name":"Radio Ljubu\u0161ki","@id":"https:\/\/radioljubuski.ba\/#\/schema\/person\/19fc700381a780f69665d7956c469e3b"},"headline":"Dr. Landeka: Dolazimo do brojki zara\u017eenih koje nismo o\u010dekivali ni u najcrnjim scenarijima &#8211; audio","datePublished":"2021-03-24T10:52:00+00:00","dateModified":"2021-03-27T09:49:53+00:00","mainEntityOfPage":{"@id":"https:\/\/radioljubuski.ba\/index.php\/2021\/03\/24\/dr-landeka-dolazimo-do-brojki-zarazenih-koje-nismo-ocekivali-ni-u-najcrnjim-scenarijima-audio\/"},"wordCount":437,"publisher":{"@id":"https:\/\/radioljubuski.ba\/#organization"},"image":{"@id":"https:\/\/radioljubuski.ba\/index.php\/2021\/03\/24\/dr-landeka-dolazimo-do-brojki-zarazenih-koje-nismo-ocekivali-ni-u-najcrnjim-scenarijima-audio\/#primaryimage"},"thumbnailUrl":"https:\/\/radioljubuski.ba\/wp-content\/uploads\/2021\/03\/dr-landeka.jpg","articleSection":["RLJ Audio"],"inLanguage":"hr"},{"@type":"WebPage","@id":"https:\/\/radioljubuski.ba\/index.php\/2021\/03\/24\/dr-landeka-dolazimo-do-brojki-zarazenih-koje-nismo-ocekivali-ni-u-najcrnjim-scenarijima-audio\/","url":"https:\/\/radioljubuski.ba\/index.php\/2021\/03\/24\/dr-landeka-dolazimo-do-brojki-zarazenih-koje-nismo-ocekivali-ni-u-najcrnjim-scenarijima-audio\/","name":"Dr. Landeka: Dolazimo do brojki zara\u017eenih koje nismo o\u010dekivali ni u najcrnjim scenarijima - audio - RADIO LJUBU\u0160KI","isPartOf":{"@id":"https:\/\/radioljubuski.ba\/#website"},"primaryImageOfPage":{"@id":"https:\/\/radioljubuski.ba\/index.php\/2021\/03\/24\/dr-landeka-dolazimo-do-brojki-zarazenih-koje-nismo-ocekivali-ni-u-najcrnjim-scenarijima-audio\/#primaryimage"},"image":{"@id":"https:\/\/radioljubuski.ba\/index.php\/2021\/03\/24\/dr-landeka-dolazimo-do-brojki-zarazenih-koje-nismo-ocekivali-ni-u-najcrnjim-scenarijima-audio\/#primaryimage"},"thumbnailUrl":"https:\/\/radioljubuski.ba\/wp-content\/uploads\/2021\/03\/dr-landeka.jpg","datePublished":"2021-03-24T10:52:00+00:00","dateModified":"2021-03-27T09:49:53+00:00","breadcrumb":{"@id":"https:\/\/radioljubuski.ba\/index.php\/2021\/03\/24\/dr-landeka-dolazimo-do-brojki-zarazenih-koje-nismo-ocekivali-ni-u-najcrnjim-scenarijima-audio\/#breadcrumb"},"inLanguage":"hr","potentialAction":[{"@type":"ReadAction","target":["https:\/\/radioljubuski.ba\/index.php\/2021\/03\/24\/dr-landeka-dolazimo-do-brojki-zarazenih-koje-nismo-ocekivali-ni-u-najcrnjim-scenarijima-audio\/"]}]},{"@type":"ImageObject","inLanguage":"hr","@id":"https:\/\/radioljubuski.ba\/index.php\/2021\/03\/24\/dr-landeka-dolazimo-do-brojki-zarazenih-koje-nismo-ocekivali-ni-u-najcrnjim-scenarijima-audio\/#primaryimage","url":"https:\/\/radioljubuski.ba\/wp-content\/uploads\/2021\/03\/dr-landeka.jpg","contentUrl":"https:\/\/radioljubuski.ba\/wp-content\/uploads\/2021\/03\/dr-landeka.jpg","width":537,"height":333},{"@type":"BreadcrumbList","@id":"https:\/\/radioljubuski.ba\/index.php\/2021\/03\/24\/dr-landeka-dolazimo-do-brojki-zarazenih-koje-nismo-ocekivali-ni-u-najcrnjim-scenarijima-audio\/#breadcrumb","itemListElement":[{"@type":"ListItem","position":1,"name":"Po\u010detna stranica","item":"https:\/\/radioljubuski.ba\/"},{"@type":"ListItem","position":2,"name":"Dr. Landeka: Dolazimo do brojki zara\u017eenih koje nismo o\u010dekivali ni u najcrnjim scenarijima &#8211; audio"}]},{"@type":"WebSite","@id":"https:\/\/radioljubuski.ba\/#website","url":"https:\/\/radioljubuski.ba\/","name":"Radio Ljubu\u0161ki","description":"Sun\u010dana frekvencija Hercegovine","publisher":{"@id":"https:\/\/radioljubuski.ba\/#organization"},"potentialAction":[{"@type":"SearchAction","target":{"@type":"EntryPoint","urlTemplate":"https:\/\/radioljubuski.ba\/?s={search_term_string}"},"query-input":{"@type":"PropertyValueSpecification","valueRequired":true,"valueName":"search_term_string"}}],"inLanguage":"hr"},{"@type":"Organization","@id":"https:\/\/radioljubuski.ba\/#organization","name":"Radio Ljubu\u0161ki","url":"https:\/\/radioljubuski.ba\/","logo":{"@type":"ImageObject","inLanguage":"hr","@id":"https:\/\/radioljubuski.ba\/#\/schema\/logo\/image\/","url":"https:\/\/radioljubuski.ba\/wp-content\/uploads\/2021\/02\/cropped-Radio_Ljubuski_logo1.jpg","contentUrl":"https:\/\/radioljubuski.ba\/wp-content\/uploads\/2021\/02\/cropped-Radio_Ljubuski_logo1.jpg","width":512,"height":512,"caption":"Radio Ljubu\u0161ki"},"image":{"@id":"https:\/\/radioljubuski.ba\/#\/schema\/logo\/image\/"},"sameAs":["https:\/\/www.facebook.com\/Radiio-Ljubuski-1490835324566332","https:\/\/x.com\/radioljubuski","https:\/\/hr.linkedin.com\/company\/radio-ljubuski","https:\/\/www.youtube.com\/channel\/UCHYaeO_n0Db3tjNGudGpXyw"]},{"@type":"Person","@id":"https:\/\/radioljubuski.ba\/#\/schema\/person\/19fc700381a780f69665d7956c469e3b","name":"Radio Ljubu\u0161ki"}]}},"_links":{"self":[{"href":"https:\/\/radioljubuski.ba\/index.php\/wp-json\/wp\/v2\/posts\/6432","targetHints":{"allow":["GET"]}}],"collection":[{"href":"https:\/\/radioljubuski.ba\/index.php\/wp-json\/wp\/v2\/posts"}],"about":[{"href":"https:\/\/radioljubuski.ba\/index.php\/wp-json\/wp\/v2\/types\/post"}],"author":[{"embeddable":true,"href":"https:\/\/radioljubuski.ba\/index.php\/wp-json\/wp\/v2\/users\/2"}],"replies":[{"embeddable":true,"href":"https:\/\/radioljubuski.ba\/index.php\/wp-json\/wp\/v2\/comments?post=6432"}],"version-history":[{"count":6,"href":"https:\/\/radioljubuski.ba\/index.php\/wp-json\/wp\/v2\/posts\/6432\/revisions"}],"predecessor-version":[{"id":7229,"href":"https:\/\/radioljubuski.ba\/index.php\/wp-json\/wp\/v2\/posts\/6432\/revisions\/7229"}],"wp:featuredmedia":[{"embeddable":true,"href":"https:\/\/radioljubuski.ba\/index.php\/wp-json\/wp\/v2\/media\/4069"}],"wp:attachment":[{"href":"https:\/\/radioljubuski.ba\/index.php\/wp-json\/wp\/v2\/media?parent=6432"}],"wp:term":[{"taxonomy":"category","embeddable":true,"href":"https:\/\/radioljubuski.ba\/index.php\/wp-json\/wp\/v2\/categories?post=6432"},{"taxonomy":"post_tag","embeddable":true,"href":"https:\/\/radioljubuski.ba\/index.php\/wp-json\/wp\/v2\/tags?post=6432"}],"curies":[{"name":"wp","href":"https:\/\/api.w.org\/{rel}","templated":true}]}}