{"id":64743,"date":"2021-09-17T17:08:06","date_gmt":"2021-09-17T16:08:06","guid":{"rendered":"https:\/\/radioljubuski.ba\/?p=64743"},"modified":"2021-09-17T17:08:07","modified_gmt":"2021-09-17T16:08:07","slug":"mostarski-ucitelji-i-nastavnici-djeca-ne-zele-u-skolu-epidemioloske-mjere-ostavile-traga-i-na-razinu-obrazovanja","status":"publish","type":"post","link":"https:\/\/radioljubuski.ba\/index.php\/2021\/09\/17\/mostarski-ucitelji-i-nastavnici-djeca-ne-zele-u-skolu-epidemioloske-mjere-ostavile-traga-i-na-razinu-obrazovanja\/","title":{"rendered":"Mostarski u\u010ditelji i nastavnici: Djeca ne \u017eele u \u0161kolu, epidemiolo\u0161ke mjere ostavile traga i na razinu obrazovanja"},"content":{"rendered":"\n<p>Na prvim roditeljskim sastancima nastavnici i u\u010ditelji u nekoliko osnovnih \u0161kola u Mostaru po\u017ealili su se kako djeca nemaju pozornosti, tvrde da ne \u017eele i\u0107i na nastavu, da im je obrazovanje dosadno, pi\u0161e&nbsp;<a href=\"https:\/\/www.vecernji.ba\/vijesti\/djeca-ne-zele-u-skolu-epidemioloske-mjere-ostavile-traga-i-na-razinu-obrazovanja-1524022\" target=\"_blank\" rel=\"noreferrer noopener\">Ve\u010dernji list BiH.<\/a><\/p>\n\n\n\n<p>Zaklju\u010duju da je rezultat takve promjene pona\u0161anja posljedica koronavirusa, epidemiolo\u0161kih mjera koje su pro\u0161le godine bile na snazi &#8211; od potpune obustave nastave i slanja djece ku\u0107ama te takozvane online nastave koja se svodila na slanje poruka sa zada\u0107om ili pak skra\u0107ene sate, \u0161to je kod djece, osobito one koja su se tek suo\u010davala s prelaskom iz vrti\u0107a u \u0161kolu, posve poremetilo percepciju o \u0161koli, obrazovanju, odgovornosti.<\/p>\n\n\n\n<p><strong>Novi obrazac pona\u0161anja<\/strong><\/p>\n\n\n\n<p>Eventualni ponovni povratak na takvo \u201ckaoti\u010dno\u201d obrazovanje nitko ne pri\u017eeljkuje. Osim tek dijela nastavnika.<\/p>\n\n\n\n<p>Psiholog dr. sc. Marko Romi\u0107 iz Centra za mentalno zdravlje Doma zdravlja u Mostaru isti\u010de da bi takvo \u0161to ostavilo jo\u0161 te\u017ee posljedice.<\/p>\n\n\n\n<p>&#8211; U svakom slu\u010daju, nisam sretan zbog najava mogu\u0107ih restrikcija. Naravno, potpuno razumijem ozbiljnost situacije oko mjera koje se uvode zbog pandemije koronavirusa, ali mislim da ni\u0161ta osim nastave u u\u010dionici i \u017eivog kontakta djece s nastavnim osobljem te djece me\u0111usobno ne mo\u017ee polu\u010diti dobre ishode. Samo je pitanje kolika bi \u0161teta bila od posljedica uvo\u0111enja online nastave. Volio bih da ne do\u0111e do zatvaranja i da djeca normalno idu u vrti\u0107e odnosno \u0161kole, ali i visoko\u0161kolske ustanove. Nadam se da \u0107e tako i ostati &#8211; rekao je dr. Romi\u0107.<\/p>\n\n\n\n<p>Vr\u0161itelj du\u017enosti ravnatelja Zavoda za javno zdravstvo Federacije BiH dr. Sini\u0161a Sko\u010dibu\u0161i\u0107 rekao je nedavno kako se o prekidu nastave za sada ne razmi\u0161lja.<\/p>\n\n\n\n<p>\u2028- Zatvaranje fakulteta, \u0161kola i vrti\u0107a posljednja je stvar o kojoj se razmi\u0161lja. Prije toga poku\u0161at \u0107emo ograni\u010diti druga mjesta okupljanja i prijenosa koronavirusa. Dakle, u objektima koji nisu u ekonomskom, ali jesu u dru\u0161tvenom smislu ipak ni\u017ee na ljestvici va\u017enosti &#8211; izjavio je Sko\u010dibu\u0161i\u0107.<\/p>\n\n\n\n<p>Dobar dio pro\u0161le godine, ali i drugog polugodi\u0161ta 2020.\/21. odvijao se u posebnom re\u017eimu.<\/p>\n\n\n\n<p>Dr. Romi\u0107 ka\u017ee i kako to pokazuje pove\u0107an rad s djecom i mladima u ustanovi u kojoj radi.<\/p>\n\n\n\n<p>&#8211; Pandemija je u svakom slu\u010daju zna\u010dajno promijenila \u0161to\u0161ta kako u na\u0161im \u017eivotima tako i u \u017eivotima najmanjih. Dugotrajna nemogu\u0107nost da se funkcionira na normalan na\u010din dakako da je imala utjecaj na njih. Bili su uskra\u0107eni za sve, \u0161to je, sasvim izvjesno, doprinijelo usporavanju njihove socijalizacije na jednoj strani. Na drugoj strani, taj dugotrajniji boravak u obiteljima, s roditeljima, na neki ih je na\u010din usmjerio k pona\u0161anjima koja su podrazumijevala nove obrasce. Oni su tra\u017eili zadovoljstva, a to u na\u0161em slu\u010daju pre\u010desto zna\u010di boravak pred ekranima, igranje razli\u010ditih igrica i boravak pred ra\u010dunalima i mobitelima. Na\u0161a djeca su, iako je to i prije bio slu\u010daj, a u pandemiji je pogotovo do\u0161lo do izra\u017eaja, ostala bez mogu\u0107nosti usvajanja onih pona\u0161anja koja se tra\u017ee u \u0161kolskoj dobi. A to je da budu prisutni na nekoliko nastavnih sati, da ih odslu\u0161aju, da imaju dovoljno visoku razinu koncentracije i pozornosti. Kao rezultat toga vjerujem da je dio odgovora na pitanje za\u0161to se sada tako pona\u0161aju, za\u0161to sada govore da im je dosadno, zato \u0161to nisu bili u situaciji to u praksi \u017eivjeti &#8211; rekao je mostarski psiholog.<\/p>\n\n\n\n<p>Kako se doznaje, dio nastavnika zbog straha od koronavirusa nakon pove\u0107anja broja novozara\u017eenih, ali i s druge strane izostanka \u017eelje za cijepljenjem, zala\u017ee se ponovno za prelazak na modificirani sustav organizacije nastave ili online.<\/p>\n\n\n\n<p><strong>Udruga \u201cNa\u0161a djeca\u201d<\/strong><\/p>\n\n\n\n<p>Predsjednik Sindikata u\u010ditelja HN\u017d-a Slavko Lau\u0161 nedavno je uputio pismo vlastima isti\u010du\u0107i da se osiguraju uvjeti za neometan nastavak odvijanja nastave. &#8211; Izri\u010dito smo protiv Viber, WhatsApp i drugih vidova online nastave jer to ne mo\u017eemo prihvatiti. Nemamo precizne analize, niti je to itko radio, ali pretpostavke su da su u\u010denici usvojili 30 &#8211; 40% predvi\u0111enih nastavnih sadr\u017eaja. To je katastrofa &#8211; poru\u010duje Lau\u0161.<\/p>\n\n\n\n<p>Identi\u010dno stajali\u0161te imali su roditelji, a posebno glasni bili su u udruzi \u201cNa\u0161a djeca\u201d iz Mostara.<\/p>\n\n\n\n<p>Izvor:pogled.ba<\/p>\n","protected":false},"excerpt":{"rendered":"<p>Na prvim roditeljskim sastancima nastavnici i u\u010ditelji u nekoliko osnovnih \u0161kola u Mostaru po\u017ealili su se kako djeca nemaju pozornosti, tvrde da ne \u017eele i\u0107i na nastavu, da im je obrazovanje dosadno, pi\u0161e&nbsp;Ve\u010dernji list BiH. Zaklju\u010duju da je rezultat takve promjene pona\u0161anja posljedica koronavirusa, epidemiolo\u0161kih mjera koje su pro\u0161le godine bile na snazi &#8211; od [&hellip;]<\/p>\n","protected":false},"author":2,"featured_media":59016,"comment_status":"closed","ping_status":"closed","sticky":false,"template":"","format":"standard","meta":{"h5ap_radio_sources":[],"footnotes":""},"categories":[1],"tags":[],"class_list":["post-64743","post","type-post","status-publish","format-standard","has-post-thumbnail","hentry","category-bihiregija"],"yoast_head":"<!-- This site is optimized with the Yoast SEO plugin v27.4 - https:\/\/yoast.com\/product\/yoast-seo-wordpress\/ -->\n<title>Mostarski u\u010ditelji i nastavnici: Djeca ne \u017eele u \u0161kolu, epidemiolo\u0161ke mjere ostavile traga i na razinu obrazovanja - RADIO LJUBU\u0160KI<\/title>\n<meta name=\"robots\" content=\"index, follow, max-snippet:-1, max-image-preview:large, max-video-preview:-1\" \/>\n<link rel=\"canonical\" href=\"https:\/\/radioljubuski.ba\/index.php\/2021\/09\/17\/mostarski-ucitelji-i-nastavnici-djeca-ne-zele-u-skolu-epidemioloske-mjere-ostavile-traga-i-na-razinu-obrazovanja\/\" \/>\n<meta property=\"og:locale\" content=\"hr_HR\" \/>\n<meta property=\"og:type\" content=\"article\" \/>\n<meta property=\"og:title\" content=\"Mostarski u\u010ditelji i nastavnici: Djeca ne \u017eele u \u0161kolu, epidemiolo\u0161ke mjere ostavile traga i na razinu obrazovanja - RADIO LJUBU\u0160KI\" \/>\n<meta property=\"og:description\" content=\"Na prvim roditeljskim sastancima nastavnici i u\u010ditelji u nekoliko osnovnih \u0161kola u Mostaru po\u017ealili su se kako djeca nemaju pozornosti, tvrde da ne \u017eele i\u0107i na nastavu, da im je obrazovanje dosadno, pi\u0161e&nbsp;Ve\u010dernji list BiH. Zaklju\u010duju da je rezultat takve promjene pona\u0161anja posljedica koronavirusa, epidemiolo\u0161kih mjera koje su pro\u0161le godine bile na snazi &#8211; od [&hellip;]\" \/>\n<meta property=\"og:url\" content=\"https:\/\/radioljubuski.ba\/index.php\/2021\/09\/17\/mostarski-ucitelji-i-nastavnici-djeca-ne-zele-u-skolu-epidemioloske-mjere-ostavile-traga-i-na-razinu-obrazovanja\/\" \/>\n<meta property=\"og:site_name\" content=\"RADIO LJUBU\u0160KI\" \/>\n<meta property=\"article:publisher\" content=\"https:\/\/www.facebook.com\/Radiio-Ljubuski-1490835324566332\" \/>\n<meta property=\"article:published_time\" content=\"2021-09-17T16:08:06+00:00\" \/>\n<meta property=\"article:modified_time\" content=\"2021-09-17T16:08:07+00:00\" \/>\n<meta property=\"og:image\" content=\"https:\/\/radioljubuski.ba\/wp-content\/uploads\/2021\/08\/lX83MKxJ_Ucionica_skola_nastava_620x350.jpg\" \/>\n\t<meta property=\"og:image:width\" content=\"1000\" \/>\n\t<meta property=\"og:image:height\" content=\"625\" \/>\n\t<meta property=\"og:image:type\" content=\"image\/jpeg\" \/>\n<meta name=\"author\" content=\"Radio Ljubu\u0161ki\" \/>\n<meta name=\"twitter:card\" content=\"summary_large_image\" \/>\n<meta name=\"twitter:creator\" content=\"@radioljubuski\" \/>\n<meta name=\"twitter:site\" content=\"@radioljubuski\" \/>\n<meta name=\"twitter:label1\" content=\"Napisao\/la\" \/>\n\t<meta name=\"twitter:data1\" content=\"Radio Ljubu\u0161ki\" \/>\n\t<meta name=\"twitter:label2\" content=\"Procijenjeno vrijeme \u010ditanja\" \/>\n\t<meta name=\"twitter:data2\" content=\"3 minute\" \/>\n<script type=\"application\/ld+json\" class=\"yoast-schema-graph\">{\"@context\":\"https:\\\/\\\/schema.org\",\"@graph\":[{\"@type\":\"Article\",\"@id\":\"https:\\\/\\\/radioljubuski.ba\\\/index.php\\\/2021\\\/09\\\/17\\\/mostarski-ucitelji-i-nastavnici-djeca-ne-zele-u-skolu-epidemioloske-mjere-ostavile-traga-i-na-razinu-obrazovanja\\\/#article\",\"isPartOf\":{\"@id\":\"https:\\\/\\\/radioljubuski.ba\\\/index.php\\\/2021\\\/09\\\/17\\\/mostarski-ucitelji-i-nastavnici-djeca-ne-zele-u-skolu-epidemioloske-mjere-ostavile-traga-i-na-razinu-obrazovanja\\\/\"},\"author\":{\"name\":\"Radio Ljubu\u0161ki\",\"@id\":\"https:\\\/\\\/radioljubuski.ba\\\/#\\\/schema\\\/person\\\/19fc700381a780f69665d7956c469e3b\"},\"headline\":\"Mostarski u\u010ditelji i nastavnici: Djeca ne \u017eele u \u0161kolu, epidemiolo\u0161ke mjere ostavile traga i na razinu obrazovanja\",\"datePublished\":\"2021-09-17T16:08:06+00:00\",\"dateModified\":\"2021-09-17T16:08:07+00:00\",\"mainEntityOfPage\":{\"@id\":\"https:\\\/\\\/radioljubuski.ba\\\/index.php\\\/2021\\\/09\\\/17\\\/mostarski-ucitelji-i-nastavnici-djeca-ne-zele-u-skolu-epidemioloske-mjere-ostavile-traga-i-na-razinu-obrazovanja\\\/\"},\"wordCount\":748,\"publisher\":{\"@id\":\"https:\\\/\\\/radioljubuski.ba\\\/#organization\"},\"image\":{\"@id\":\"https:\\\/\\\/radioljubuski.ba\\\/index.php\\\/2021\\\/09\\\/17\\\/mostarski-ucitelji-i-nastavnici-djeca-ne-zele-u-skolu-epidemioloske-mjere-ostavile-traga-i-na-razinu-obrazovanja\\\/#primaryimage\"},\"thumbnailUrl\":\"https:\\\/\\\/radioljubuski.ba\\\/wp-content\\\/uploads\\\/2021\\\/08\\\/lX83MKxJ_Ucionica_skola_nastava_620x350.jpg\",\"articleSection\":[\"BIH i regija\"],\"inLanguage\":\"hr\"},{\"@type\":\"WebPage\",\"@id\":\"https:\\\/\\\/radioljubuski.ba\\\/index.php\\\/2021\\\/09\\\/17\\\/mostarski-ucitelji-i-nastavnici-djeca-ne-zele-u-skolu-epidemioloske-mjere-ostavile-traga-i-na-razinu-obrazovanja\\\/\",\"url\":\"https:\\\/\\\/radioljubuski.ba\\\/index.php\\\/2021\\\/09\\\/17\\\/mostarski-ucitelji-i-nastavnici-djeca-ne-zele-u-skolu-epidemioloske-mjere-ostavile-traga-i-na-razinu-obrazovanja\\\/\",\"name\":\"Mostarski u\u010ditelji i nastavnici: Djeca ne \u017eele u \u0161kolu, epidemiolo\u0161ke mjere ostavile traga i na razinu obrazovanja - RADIO LJUBU\u0160KI\",\"isPartOf\":{\"@id\":\"https:\\\/\\\/radioljubuski.ba\\\/#website\"},\"primaryImageOfPage\":{\"@id\":\"https:\\\/\\\/radioljubuski.ba\\\/index.php\\\/2021\\\/09\\\/17\\\/mostarski-ucitelji-i-nastavnici-djeca-ne-zele-u-skolu-epidemioloske-mjere-ostavile-traga-i-na-razinu-obrazovanja\\\/#primaryimage\"},\"image\":{\"@id\":\"https:\\\/\\\/radioljubuski.ba\\\/index.php\\\/2021\\\/09\\\/17\\\/mostarski-ucitelji-i-nastavnici-djeca-ne-zele-u-skolu-epidemioloske-mjere-ostavile-traga-i-na-razinu-obrazovanja\\\/#primaryimage\"},\"thumbnailUrl\":\"https:\\\/\\\/radioljubuski.ba\\\/wp-content\\\/uploads\\\/2021\\\/08\\\/lX83MKxJ_Ucionica_skola_nastava_620x350.jpg\",\"datePublished\":\"2021-09-17T16:08:06+00:00\",\"dateModified\":\"2021-09-17T16:08:07+00:00\",\"breadcrumb\":{\"@id\":\"https:\\\/\\\/radioljubuski.ba\\\/index.php\\\/2021\\\/09\\\/17\\\/mostarski-ucitelji-i-nastavnici-djeca-ne-zele-u-skolu-epidemioloske-mjere-ostavile-traga-i-na-razinu-obrazovanja\\\/#breadcrumb\"},\"inLanguage\":\"hr\",\"potentialAction\":[{\"@type\":\"ReadAction\",\"target\":[\"https:\\\/\\\/radioljubuski.ba\\\/index.php\\\/2021\\\/09\\\/17\\\/mostarski-ucitelji-i-nastavnici-djeca-ne-zele-u-skolu-epidemioloske-mjere-ostavile-traga-i-na-razinu-obrazovanja\\\/\"]}]},{\"@type\":\"ImageObject\",\"inLanguage\":\"hr\",\"@id\":\"https:\\\/\\\/radioljubuski.ba\\\/index.php\\\/2021\\\/09\\\/17\\\/mostarski-ucitelji-i-nastavnici-djeca-ne-zele-u-skolu-epidemioloske-mjere-ostavile-traga-i-na-razinu-obrazovanja\\\/#primaryimage\",\"url\":\"https:\\\/\\\/radioljubuski.ba\\\/wp-content\\\/uploads\\\/2021\\\/08\\\/lX83MKxJ_Ucionica_skola_nastava_620x350.jpg\",\"contentUrl\":\"https:\\\/\\\/radioljubuski.ba\\\/wp-content\\\/uploads\\\/2021\\\/08\\\/lX83MKxJ_Ucionica_skola_nastava_620x350.jpg\",\"width\":1000,\"height\":625},{\"@type\":\"BreadcrumbList\",\"@id\":\"https:\\\/\\\/radioljubuski.ba\\\/index.php\\\/2021\\\/09\\\/17\\\/mostarski-ucitelji-i-nastavnici-djeca-ne-zele-u-skolu-epidemioloske-mjere-ostavile-traga-i-na-razinu-obrazovanja\\\/#breadcrumb\",\"itemListElement\":[{\"@type\":\"ListItem\",\"position\":1,\"name\":\"Po\u010detna stranica\",\"item\":\"https:\\\/\\\/radioljubuski.ba\\\/\"},{\"@type\":\"ListItem\",\"position\":2,\"name\":\"Mostarski u\u010ditelji i nastavnici: Djeca ne \u017eele u \u0161kolu, epidemiolo\u0161ke mjere ostavile traga i na razinu obrazovanja\"}]},{\"@type\":\"WebSite\",\"@id\":\"https:\\\/\\\/radioljubuski.ba\\\/#website\",\"url\":\"https:\\\/\\\/radioljubuski.ba\\\/\",\"name\":\"Radio Ljubu\u0161ki\",\"description\":\"Sun\u010dana frekvencija Hercegovine\",\"publisher\":{\"@id\":\"https:\\\/\\\/radioljubuski.ba\\\/#organization\"},\"potentialAction\":[{\"@type\":\"SearchAction\",\"target\":{\"@type\":\"EntryPoint\",\"urlTemplate\":\"https:\\\/\\\/radioljubuski.ba\\\/?s={search_term_string}\"},\"query-input\":{\"@type\":\"PropertyValueSpecification\",\"valueRequired\":true,\"valueName\":\"search_term_string\"}}],\"inLanguage\":\"hr\"},{\"@type\":\"Organization\",\"@id\":\"https:\\\/\\\/radioljubuski.ba\\\/#organization\",\"name\":\"Radio Ljubu\u0161ki\",\"url\":\"https:\\\/\\\/radioljubuski.ba\\\/\",\"logo\":{\"@type\":\"ImageObject\",\"inLanguage\":\"hr\",\"@id\":\"https:\\\/\\\/radioljubuski.ba\\\/#\\\/schema\\\/logo\\\/image\\\/\",\"url\":\"https:\\\/\\\/radioljubuski.ba\\\/wp-content\\\/uploads\\\/2021\\\/02\\\/cropped-Radio_Ljubuski_logo1.jpg\",\"contentUrl\":\"https:\\\/\\\/radioljubuski.ba\\\/wp-content\\\/uploads\\\/2021\\\/02\\\/cropped-Radio_Ljubuski_logo1.jpg\",\"width\":512,\"height\":512,\"caption\":\"Radio Ljubu\u0161ki\"},\"image\":{\"@id\":\"https:\\\/\\\/radioljubuski.ba\\\/#\\\/schema\\\/logo\\\/image\\\/\"},\"sameAs\":[\"https:\\\/\\\/www.facebook.com\\\/Radiio-Ljubuski-1490835324566332\",\"https:\\\/\\\/x.com\\\/radioljubuski\",\"https:\\\/\\\/hr.linkedin.com\\\/company\\\/radio-ljubuski\",\"https:\\\/\\\/www.youtube.com\\\/channel\\\/UCHYaeO_n0Db3tjNGudGpXyw\"]},{\"@type\":\"Person\",\"@id\":\"https:\\\/\\\/radioljubuski.ba\\\/#\\\/schema\\\/person\\\/19fc700381a780f69665d7956c469e3b\",\"name\":\"Radio Ljubu\u0161ki\"}]}<\/script>\n<!-- \/ Yoast SEO plugin. -->","yoast_head_json":{"title":"Mostarski u\u010ditelji i nastavnici: Djeca ne \u017eele u \u0161kolu, epidemiolo\u0161ke mjere ostavile traga i na razinu obrazovanja - RADIO LJUBU\u0160KI","robots":{"index":"index","follow":"follow","max-snippet":"max-snippet:-1","max-image-preview":"max-image-preview:large","max-video-preview":"max-video-preview:-1"},"canonical":"https:\/\/radioljubuski.ba\/index.php\/2021\/09\/17\/mostarski-ucitelji-i-nastavnici-djeca-ne-zele-u-skolu-epidemioloske-mjere-ostavile-traga-i-na-razinu-obrazovanja\/","og_locale":"hr_HR","og_type":"article","og_title":"Mostarski u\u010ditelji i nastavnici: Djeca ne \u017eele u \u0161kolu, epidemiolo\u0161ke mjere ostavile traga i na razinu obrazovanja - RADIO LJUBU\u0160KI","og_description":"Na prvim roditeljskim sastancima nastavnici i u\u010ditelji u nekoliko osnovnih \u0161kola u Mostaru po\u017ealili su se kako djeca nemaju pozornosti, tvrde da ne \u017eele i\u0107i na nastavu, da im je obrazovanje dosadno, pi\u0161e&nbsp;Ve\u010dernji list BiH. Zaklju\u010duju da je rezultat takve promjene pona\u0161anja posljedica koronavirusa, epidemiolo\u0161kih mjera koje su pro\u0161le godine bile na snazi &#8211; od [&hellip;]","og_url":"https:\/\/radioljubuski.ba\/index.php\/2021\/09\/17\/mostarski-ucitelji-i-nastavnici-djeca-ne-zele-u-skolu-epidemioloske-mjere-ostavile-traga-i-na-razinu-obrazovanja\/","og_site_name":"RADIO LJUBU\u0160KI","article_publisher":"https:\/\/www.facebook.com\/Radiio-Ljubuski-1490835324566332","article_published_time":"2021-09-17T16:08:06+00:00","article_modified_time":"2021-09-17T16:08:07+00:00","og_image":[{"width":1000,"height":625,"url":"https:\/\/radioljubuski.ba\/wp-content\/uploads\/2021\/08\/lX83MKxJ_Ucionica_skola_nastava_620x350.jpg","type":"image\/jpeg"}],"author":"Radio Ljubu\u0161ki","twitter_card":"summary_large_image","twitter_creator":"@radioljubuski","twitter_site":"@radioljubuski","twitter_misc":{"Napisao\/la":"Radio Ljubu\u0161ki","Procijenjeno vrijeme \u010ditanja":"3 minute"},"schema":{"@context":"https:\/\/schema.org","@graph":[{"@type":"Article","@id":"https:\/\/radioljubuski.ba\/index.php\/2021\/09\/17\/mostarski-ucitelji-i-nastavnici-djeca-ne-zele-u-skolu-epidemioloske-mjere-ostavile-traga-i-na-razinu-obrazovanja\/#article","isPartOf":{"@id":"https:\/\/radioljubuski.ba\/index.php\/2021\/09\/17\/mostarski-ucitelji-i-nastavnici-djeca-ne-zele-u-skolu-epidemioloske-mjere-ostavile-traga-i-na-razinu-obrazovanja\/"},"author":{"name":"Radio Ljubu\u0161ki","@id":"https:\/\/radioljubuski.ba\/#\/schema\/person\/19fc700381a780f69665d7956c469e3b"},"headline":"Mostarski u\u010ditelji i nastavnici: Djeca ne \u017eele u \u0161kolu, epidemiolo\u0161ke mjere ostavile traga i na razinu obrazovanja","datePublished":"2021-09-17T16:08:06+00:00","dateModified":"2021-09-17T16:08:07+00:00","mainEntityOfPage":{"@id":"https:\/\/radioljubuski.ba\/index.php\/2021\/09\/17\/mostarski-ucitelji-i-nastavnici-djeca-ne-zele-u-skolu-epidemioloske-mjere-ostavile-traga-i-na-razinu-obrazovanja\/"},"wordCount":748,"publisher":{"@id":"https:\/\/radioljubuski.ba\/#organization"},"image":{"@id":"https:\/\/radioljubuski.ba\/index.php\/2021\/09\/17\/mostarski-ucitelji-i-nastavnici-djeca-ne-zele-u-skolu-epidemioloske-mjere-ostavile-traga-i-na-razinu-obrazovanja\/#primaryimage"},"thumbnailUrl":"https:\/\/radioljubuski.ba\/wp-content\/uploads\/2021\/08\/lX83MKxJ_Ucionica_skola_nastava_620x350.jpg","articleSection":["BIH i regija"],"inLanguage":"hr"},{"@type":"WebPage","@id":"https:\/\/radioljubuski.ba\/index.php\/2021\/09\/17\/mostarski-ucitelji-i-nastavnici-djeca-ne-zele-u-skolu-epidemioloske-mjere-ostavile-traga-i-na-razinu-obrazovanja\/","url":"https:\/\/radioljubuski.ba\/index.php\/2021\/09\/17\/mostarski-ucitelji-i-nastavnici-djeca-ne-zele-u-skolu-epidemioloske-mjere-ostavile-traga-i-na-razinu-obrazovanja\/","name":"Mostarski u\u010ditelji i nastavnici: Djeca ne \u017eele u \u0161kolu, epidemiolo\u0161ke mjere ostavile traga i na razinu obrazovanja - RADIO LJUBU\u0160KI","isPartOf":{"@id":"https:\/\/radioljubuski.ba\/#website"},"primaryImageOfPage":{"@id":"https:\/\/radioljubuski.ba\/index.php\/2021\/09\/17\/mostarski-ucitelji-i-nastavnici-djeca-ne-zele-u-skolu-epidemioloske-mjere-ostavile-traga-i-na-razinu-obrazovanja\/#primaryimage"},"image":{"@id":"https:\/\/radioljubuski.ba\/index.php\/2021\/09\/17\/mostarski-ucitelji-i-nastavnici-djeca-ne-zele-u-skolu-epidemioloske-mjere-ostavile-traga-i-na-razinu-obrazovanja\/#primaryimage"},"thumbnailUrl":"https:\/\/radioljubuski.ba\/wp-content\/uploads\/2021\/08\/lX83MKxJ_Ucionica_skola_nastava_620x350.jpg","datePublished":"2021-09-17T16:08:06+00:00","dateModified":"2021-09-17T16:08:07+00:00","breadcrumb":{"@id":"https:\/\/radioljubuski.ba\/index.php\/2021\/09\/17\/mostarski-ucitelji-i-nastavnici-djeca-ne-zele-u-skolu-epidemioloske-mjere-ostavile-traga-i-na-razinu-obrazovanja\/#breadcrumb"},"inLanguage":"hr","potentialAction":[{"@type":"ReadAction","target":["https:\/\/radioljubuski.ba\/index.php\/2021\/09\/17\/mostarski-ucitelji-i-nastavnici-djeca-ne-zele-u-skolu-epidemioloske-mjere-ostavile-traga-i-na-razinu-obrazovanja\/"]}]},{"@type":"ImageObject","inLanguage":"hr","@id":"https:\/\/radioljubuski.ba\/index.php\/2021\/09\/17\/mostarski-ucitelji-i-nastavnici-djeca-ne-zele-u-skolu-epidemioloske-mjere-ostavile-traga-i-na-razinu-obrazovanja\/#primaryimage","url":"https:\/\/radioljubuski.ba\/wp-content\/uploads\/2021\/08\/lX83MKxJ_Ucionica_skola_nastava_620x350.jpg","contentUrl":"https:\/\/radioljubuski.ba\/wp-content\/uploads\/2021\/08\/lX83MKxJ_Ucionica_skola_nastava_620x350.jpg","width":1000,"height":625},{"@type":"BreadcrumbList","@id":"https:\/\/radioljubuski.ba\/index.php\/2021\/09\/17\/mostarski-ucitelji-i-nastavnici-djeca-ne-zele-u-skolu-epidemioloske-mjere-ostavile-traga-i-na-razinu-obrazovanja\/#breadcrumb","itemListElement":[{"@type":"ListItem","position":1,"name":"Po\u010detna stranica","item":"https:\/\/radioljubuski.ba\/"},{"@type":"ListItem","position":2,"name":"Mostarski u\u010ditelji i nastavnici: Djeca ne \u017eele u \u0161kolu, epidemiolo\u0161ke mjere ostavile traga i na razinu obrazovanja"}]},{"@type":"WebSite","@id":"https:\/\/radioljubuski.ba\/#website","url":"https:\/\/radioljubuski.ba\/","name":"Radio Ljubu\u0161ki","description":"Sun\u010dana frekvencija Hercegovine","publisher":{"@id":"https:\/\/radioljubuski.ba\/#organization"},"potentialAction":[{"@type":"SearchAction","target":{"@type":"EntryPoint","urlTemplate":"https:\/\/radioljubuski.ba\/?s={search_term_string}"},"query-input":{"@type":"PropertyValueSpecification","valueRequired":true,"valueName":"search_term_string"}}],"inLanguage":"hr"},{"@type":"Organization","@id":"https:\/\/radioljubuski.ba\/#organization","name":"Radio Ljubu\u0161ki","url":"https:\/\/radioljubuski.ba\/","logo":{"@type":"ImageObject","inLanguage":"hr","@id":"https:\/\/radioljubuski.ba\/#\/schema\/logo\/image\/","url":"https:\/\/radioljubuski.ba\/wp-content\/uploads\/2021\/02\/cropped-Radio_Ljubuski_logo1.jpg","contentUrl":"https:\/\/radioljubuski.ba\/wp-content\/uploads\/2021\/02\/cropped-Radio_Ljubuski_logo1.jpg","width":512,"height":512,"caption":"Radio Ljubu\u0161ki"},"image":{"@id":"https:\/\/radioljubuski.ba\/#\/schema\/logo\/image\/"},"sameAs":["https:\/\/www.facebook.com\/Radiio-Ljubuski-1490835324566332","https:\/\/x.com\/radioljubuski","https:\/\/hr.linkedin.com\/company\/radio-ljubuski","https:\/\/www.youtube.com\/channel\/UCHYaeO_n0Db3tjNGudGpXyw"]},{"@type":"Person","@id":"https:\/\/radioljubuski.ba\/#\/schema\/person\/19fc700381a780f69665d7956c469e3b","name":"Radio Ljubu\u0161ki"}]}},"_links":{"self":[{"href":"https:\/\/radioljubuski.ba\/index.php\/wp-json\/wp\/v2\/posts\/64743","targetHints":{"allow":["GET"]}}],"collection":[{"href":"https:\/\/radioljubuski.ba\/index.php\/wp-json\/wp\/v2\/posts"}],"about":[{"href":"https:\/\/radioljubuski.ba\/index.php\/wp-json\/wp\/v2\/types\/post"}],"author":[{"embeddable":true,"href":"https:\/\/radioljubuski.ba\/index.php\/wp-json\/wp\/v2\/users\/2"}],"replies":[{"embeddable":true,"href":"https:\/\/radioljubuski.ba\/index.php\/wp-json\/wp\/v2\/comments?post=64743"}],"version-history":[{"count":1,"href":"https:\/\/radioljubuski.ba\/index.php\/wp-json\/wp\/v2\/posts\/64743\/revisions"}],"predecessor-version":[{"id":64744,"href":"https:\/\/radioljubuski.ba\/index.php\/wp-json\/wp\/v2\/posts\/64743\/revisions\/64744"}],"wp:featuredmedia":[{"embeddable":true,"href":"https:\/\/radioljubuski.ba\/index.php\/wp-json\/wp\/v2\/media\/59016"}],"wp:attachment":[{"href":"https:\/\/radioljubuski.ba\/index.php\/wp-json\/wp\/v2\/media?parent=64743"}],"wp:term":[{"taxonomy":"category","embeddable":true,"href":"https:\/\/radioljubuski.ba\/index.php\/wp-json\/wp\/v2\/categories?post=64743"},{"taxonomy":"post_tag","embeddable":true,"href":"https:\/\/radioljubuski.ba\/index.php\/wp-json\/wp\/v2\/tags?post=64743"}],"curies":[{"name":"wp","href":"https:\/\/api.w.org\/{rel}","templated":true}]}}