{"id":64748,"date":"2021-09-17T17:15:11","date_gmt":"2021-09-17T16:15:11","guid":{"rendered":"https:\/\/radioljubuski.ba\/?p=64748"},"modified":"2021-09-17T17:15:13","modified_gmt":"2021-09-17T16:15:13","slug":"za-sto-se-terete-zeljkovic-i-ostali-maska-kupljena-za-036-km-a-placena-690-umjesto-medicinskih-nemedicinska-odijela","status":"publish","type":"post","link":"https:\/\/radioljubuski.ba\/index.php\/2021\/09\/17\/za-sto-se-terete-zeljkovic-i-ostali-maska-kupljena-za-036-km-a-placena-690-umjesto-medicinskih-nemedicinska-odijela\/","title":{"rendered":"Za \u0161to se terete Zeljkovi\u0107 i ostali: Maska kupljena za 0,36 KM, a pla\u0107ena 6,90. Umjesto medicinskih &#8211; nemedicinska odijela&#8230;"},"content":{"rendered":"\n<p>Okru\u017eni sud u Banjoj Luci odlu\u010duje ho\u0107e li \u0107e odrediti pritvor direktoru Instituta za javno zdravstvo RS Branislavu Zeljkovi\u0107u, direktoru poduze\u0107a &#8220;Procontrol&#8221; Slavku Boji\u0107u, direktoru &#8220;Promeding&#8221; Draganu Dubravcu i direktoru &#8220;Travel 4 Fun&#8221; agencije Sa\u0161i Markovi\u0107u koji se sumnji\u010de za zloupotrebu slu\u017ebenog polo\u017eaja ili ovla\u0161tenja, navodi&nbsp;<a href=\"https:\/\/ba.n1info.com\/vijesti\/n1-donosi-detalje-prijedloga-za-pritvor-za-sta-se-terete-zeljkovic-i-ostali\/\" target=\"_blank\" rel=\"noreferrer noopener\">N1.<\/a><\/p>\n\n\n\n<p>Republi\u010dko javno tu\u017eiteljstvo RS Zeljkovi\u0107a, Boji\u0107a i Dubravca tereti da su krivi\u010dno djelo po\u010dinili od 25.3.2020. do 5.5.2020. godine, zajedno i po prethodnom dogovoru.<\/p>\n\n\n\n<p>Naime, neutvr\u0111enog dana o\u017eujka 2020. godine Slavko Boji\u0107 i Dragan Dubravac su zaklju\u010dili ugovor o formiranju konzorcija za uvoz za\u0161titne opreme i medicinskih maski naru\u010ditelju JZU Intitut za javno zdravstvo RS, svjesni da pravno lice \u201cProcontrol\u201d nije registrirano za promet medicinskog opremom niti je upisan u registar veleprometnika medicinskim sredstvima, u cilju da nastupanjem kao grupa ponu\u0111a\u010da pribave korist nekvalificiranom licu \u201cProcontrol\u201d.<\/p>\n\n\n\n<p><strong>Nemedicinske maske<\/strong><\/p>\n\n\n\n<p>Zeljkovi\u0107 u svojstvu slu\u017ebenog lica v.d. direktora, koji je zaklju\u010dkom Vlade RS od 10.3.2020. godine zadu\u017een da vr\u0161i nabavku medicinske opreme, osobne za\u0161titne opreme i dezinfekcijskih sredstava u svrhu spre\u010davanja pojave korona virusa u RS, iskori\u0161tavanjem slu\u017ebenog polo\u017eaja i ovla\u0161tenja pribavio je korist pravnom licu \u201cProcontrol\u201d na \u0161tetu sredstava bud\u017eeta RS, na na\u010din da je iskori\u0161tavanjem izvanredne situacije za teritoriju RS proveo postupak javne nabavke pregovara\u010dkim postpukom bez obavje\u0161tenja o nabavci. Rije\u010d je o 50.000 komada medicinskih respiratornih maski FFP2 procijenjene vrijednosti 345.000 KM bez PDV-a. Ovo je sve utvr\u0111eno na osnovu ponude \u201cProcontrol\u201d od 24.3.2020. godine<br><br><\/p>\n\n\n\n<p>Navodi se u kako je Procontrol, po prethodnom dogovoru, vi\u0161estruko uve\u0107ao cijene maski od uvoznih, a da bi to prikrio, fakturirali su dva puta, a sve s namjerom da Institut prihvati tu ponudu. Dostavili su certifikat koji ne potvr\u0111uje da se radi o medicinskoj ve\u0107 o osobnoj za\u0161titinoj opremi. Usprkos tome, Zeljkovi\u0107 je potpisao ugovor.<\/p>\n\n\n\n<p>Stvarna vrijednost maski je bila 0,36 KM dok su prodane Institutu po cijeni od 6,90 KM.<\/p>\n\n\n\n<p><strong>Odijela iz BiH, a ne iz Kine<\/strong><\/p>\n\n\n\n<p>Zeljkovi\u0107 i Markovi\u0107 se terete da su krivi\u010dno djelo po\u010dinili u periodu od 9.4.2020. do 25.5.2020. godine. Zeljkovi\u0107 se tereti da je iskoristio svoj slu\u017ebeni polo\u017eaj na na\u010din da je pribavio korist pravnm licu \u201cTravel 4 Fun\u201d na na\u010din da je iskori\u0161tavanjem izvanredne situacije prihvatio ponudu za nabavku medicinskih za\u0161titnih odijela, maske za lice i profesionalnog nekontaktnog digitalnog termometra 500 komada. Sve je ukupne vrijednosti 2.388.500 KM bez PDV-a.<\/p>\n\n\n\n<p>Navodi se kako Zeljkovi\u0107 nije izvr\u0161io nadzor niti provjeru narud\u017ebe te je umjesto medicinskih dobio nemedicinska odijela bez odgovaraju\u0107e medicinske deklaracije, certifikata i standarda koji nisu porijeklom iz Kine ve\u0107 su proizvedeni u BiH, iako se u ponudi navodilo da su iz Kine. I u ovom slu\u010daju navedena je ve\u0107a cijena od nabavne. \u201cTravel 4 Fun\u201d je stekao korist u iznosu od 550.000 KM na \u0161tetu bud\u017eeta RS.<\/p>\n\n\n\n<p><strong>Negirao krivi\u010dno djelo<\/strong><\/p>\n\n\n\n<p>U Tu\u017eiteljstvu Zeljkovi\u0107 je izjavio da nije po\u010dinio navedeno krivi\u010dno djelo te da je postupio u skladusa zakonom. Naveo je i to kako nije izbjegavao dolazak na saslu\u0161anje ve\u0107 da je bio na pregledu u Beogradu, te je dostavio dokumentaciju. Tako\u0111er, kazao je kako nije znao kada \u0107e se vr\u0161iti pretres i da \u0107e biti potrebno njegovo ispitivanje.<\/p>\n\n\n\n<p>Boji\u0107, Dubravac i Markovi\u0107 nisu iznosili obranu niti su odgovarali na pitanja.<\/p>\n\n\n\n<p>Izvor:N1<\/p>\n","protected":false},"excerpt":{"rendered":"<p>Okru\u017eni sud u Banjoj Luci odlu\u010duje ho\u0107e li \u0107e odrediti pritvor direktoru Instituta za javno zdravstvo RS Branislavu Zeljkovi\u0107u, direktoru poduze\u0107a &#8220;Procontrol&#8221; Slavku Boji\u0107u, direktoru &#8220;Promeding&#8221; Draganu Dubravcu i direktoru &#8220;Travel 4 Fun&#8221; agencije Sa\u0161i Markovi\u0107u koji se sumnji\u010de za zloupotrebu slu\u017ebenog polo\u017eaja ili ovla\u0161tenja, navodi&nbsp;N1. Republi\u010dko javno tu\u017eiteljstvo RS Zeljkovi\u0107a, Boji\u0107a i Dubravca tereti [&hellip;]<\/p>\n","protected":false},"author":2,"featured_media":64749,"comment_status":"closed","ping_status":"closed","sticky":false,"template":"","format":"standard","meta":{"h5ap_radio_sources":[],"footnotes":""},"categories":[1],"tags":[],"class_list":["post-64748","post","type-post","status-publish","format-standard","has-post-thumbnail","hentry","category-bihiregija"],"yoast_head":"<!-- This site is optimized with the Yoast SEO plugin v27.4 - https:\/\/yoast.com\/product\/yoast-seo-wordpress\/ -->\n<title>Za \u0161to se terete Zeljkovi\u0107 i ostali: Maska kupljena za 0,36 KM, a pla\u0107ena 6,90. Umjesto medicinskih - nemedicinska odijela... - RADIO LJUBU\u0160KI<\/title>\n<meta name=\"robots\" content=\"index, follow, max-snippet:-1, max-image-preview:large, max-video-preview:-1\" \/>\n<link rel=\"canonical\" href=\"https:\/\/radioljubuski.ba\/index.php\/2021\/09\/17\/za-sto-se-terete-zeljkovic-i-ostali-maska-kupljena-za-036-km-a-placena-690-umjesto-medicinskih-nemedicinska-odijela\/\" \/>\n<meta property=\"og:locale\" content=\"hr_HR\" \/>\n<meta property=\"og:type\" content=\"article\" \/>\n<meta property=\"og:title\" content=\"Za \u0161to se terete Zeljkovi\u0107 i ostali: Maska kupljena za 0,36 KM, a pla\u0107ena 6,90. Umjesto medicinskih - nemedicinska odijela... - RADIO LJUBU\u0160KI\" \/>\n<meta property=\"og:description\" content=\"Okru\u017eni sud u Banjoj Luci odlu\u010duje ho\u0107e li \u0107e odrediti pritvor direktoru Instituta za javno zdravstvo RS Branislavu Zeljkovi\u0107u, direktoru poduze\u0107a &#8220;Procontrol&#8221; Slavku Boji\u0107u, direktoru &#8220;Promeding&#8221; Draganu Dubravcu i direktoru &#8220;Travel 4 Fun&#8221; agencije Sa\u0161i Markovi\u0107u koji se sumnji\u010de za zloupotrebu slu\u017ebenog polo\u017eaja ili ovla\u0161tenja, navodi&nbsp;N1. Republi\u010dko javno tu\u017eiteljstvo RS Zeljkovi\u0107a, Boji\u0107a i Dubravca tereti [&hellip;]\" \/>\n<meta property=\"og:url\" content=\"https:\/\/radioljubuski.ba\/index.php\/2021\/09\/17\/za-sto-se-terete-zeljkovic-i-ostali-maska-kupljena-za-036-km-a-placena-690-umjesto-medicinskih-nemedicinska-odijela\/\" \/>\n<meta property=\"og:site_name\" content=\"RADIO LJUBU\u0160KI\" \/>\n<meta property=\"article:publisher\" content=\"https:\/\/www.facebook.com\/Radiio-Ljubuski-1490835324566332\" \/>\n<meta property=\"article:published_time\" content=\"2021-09-17T16:15:11+00:00\" \/>\n<meta property=\"article:modified_time\" content=\"2021-09-17T16:15:13+00:00\" \/>\n<meta property=\"og:image\" content=\"https:\/\/radioljubuski.ba\/wp-content\/uploads\/2021\/09\/8-2021-09-16-08-54-34-zeljkovic-297789-1024x649-2.jpeg\" \/>\n\t<meta property=\"og:image:width\" content=\"1000\" \/>\n\t<meta property=\"og:image:height\" content=\"625\" \/>\n\t<meta property=\"og:image:type\" content=\"image\/jpeg\" \/>\n<meta name=\"author\" content=\"Radio Ljubu\u0161ki\" \/>\n<meta name=\"twitter:card\" content=\"summary_large_image\" \/>\n<meta name=\"twitter:creator\" content=\"@radioljubuski\" \/>\n<meta name=\"twitter:site\" content=\"@radioljubuski\" \/>\n<meta name=\"twitter:label1\" content=\"Napisao\/la\" \/>\n\t<meta name=\"twitter:data1\" content=\"Radio Ljubu\u0161ki\" \/>\n\t<meta name=\"twitter:label2\" content=\"Procijenjeno vrijeme \u010ditanja\" \/>\n\t<meta name=\"twitter:data2\" content=\"3 minute\" \/>\n<script type=\"application\/ld+json\" class=\"yoast-schema-graph\">{\"@context\":\"https:\\\/\\\/schema.org\",\"@graph\":[{\"@type\":\"Article\",\"@id\":\"https:\\\/\\\/radioljubuski.ba\\\/index.php\\\/2021\\\/09\\\/17\\\/za-sto-se-terete-zeljkovic-i-ostali-maska-kupljena-za-036-km-a-placena-690-umjesto-medicinskih-nemedicinska-odijela\\\/#article\",\"isPartOf\":{\"@id\":\"https:\\\/\\\/radioljubuski.ba\\\/index.php\\\/2021\\\/09\\\/17\\\/za-sto-se-terete-zeljkovic-i-ostali-maska-kupljena-za-036-km-a-placena-690-umjesto-medicinskih-nemedicinska-odijela\\\/\"},\"author\":{\"name\":\"Radio Ljubu\u0161ki\",\"@id\":\"https:\\\/\\\/radioljubuski.ba\\\/#\\\/schema\\\/person\\\/19fc700381a780f69665d7956c469e3b\"},\"headline\":\"Za \u0161to se terete Zeljkovi\u0107 i ostali: Maska kupljena za 0,36 KM, a pla\u0107ena 6,90. Umjesto medicinskih &#8211; nemedicinska odijela&#8230;\",\"datePublished\":\"2021-09-17T16:15:11+00:00\",\"dateModified\":\"2021-09-17T16:15:13+00:00\",\"mainEntityOfPage\":{\"@id\":\"https:\\\/\\\/radioljubuski.ba\\\/index.php\\\/2021\\\/09\\\/17\\\/za-sto-se-terete-zeljkovic-i-ostali-maska-kupljena-za-036-km-a-placena-690-umjesto-medicinskih-nemedicinska-odijela\\\/\"},\"wordCount\":592,\"publisher\":{\"@id\":\"https:\\\/\\\/radioljubuski.ba\\\/#organization\"},\"image\":{\"@id\":\"https:\\\/\\\/radioljubuski.ba\\\/index.php\\\/2021\\\/09\\\/17\\\/za-sto-se-terete-zeljkovic-i-ostali-maska-kupljena-za-036-km-a-placena-690-umjesto-medicinskih-nemedicinska-odijela\\\/#primaryimage\"},\"thumbnailUrl\":\"https:\\\/\\\/radioljubuski.ba\\\/wp-content\\\/uploads\\\/2021\\\/09\\\/8-2021-09-16-08-54-34-zeljkovic-297789-1024x649-2.jpeg\",\"articleSection\":[\"BIH i regija\"],\"inLanguage\":\"hr\"},{\"@type\":\"WebPage\",\"@id\":\"https:\\\/\\\/radioljubuski.ba\\\/index.php\\\/2021\\\/09\\\/17\\\/za-sto-se-terete-zeljkovic-i-ostali-maska-kupljena-za-036-km-a-placena-690-umjesto-medicinskih-nemedicinska-odijela\\\/\",\"url\":\"https:\\\/\\\/radioljubuski.ba\\\/index.php\\\/2021\\\/09\\\/17\\\/za-sto-se-terete-zeljkovic-i-ostali-maska-kupljena-za-036-km-a-placena-690-umjesto-medicinskih-nemedicinska-odijela\\\/\",\"name\":\"Za \u0161to se terete Zeljkovi\u0107 i ostali: Maska kupljena za 0,36 KM, a pla\u0107ena 6,90. Umjesto medicinskih - nemedicinska odijela... - RADIO LJUBU\u0160KI\",\"isPartOf\":{\"@id\":\"https:\\\/\\\/radioljubuski.ba\\\/#website\"},\"primaryImageOfPage\":{\"@id\":\"https:\\\/\\\/radioljubuski.ba\\\/index.php\\\/2021\\\/09\\\/17\\\/za-sto-se-terete-zeljkovic-i-ostali-maska-kupljena-za-036-km-a-placena-690-umjesto-medicinskih-nemedicinska-odijela\\\/#primaryimage\"},\"image\":{\"@id\":\"https:\\\/\\\/radioljubuski.ba\\\/index.php\\\/2021\\\/09\\\/17\\\/za-sto-se-terete-zeljkovic-i-ostali-maska-kupljena-za-036-km-a-placena-690-umjesto-medicinskih-nemedicinska-odijela\\\/#primaryimage\"},\"thumbnailUrl\":\"https:\\\/\\\/radioljubuski.ba\\\/wp-content\\\/uploads\\\/2021\\\/09\\\/8-2021-09-16-08-54-34-zeljkovic-297789-1024x649-2.jpeg\",\"datePublished\":\"2021-09-17T16:15:11+00:00\",\"dateModified\":\"2021-09-17T16:15:13+00:00\",\"breadcrumb\":{\"@id\":\"https:\\\/\\\/radioljubuski.ba\\\/index.php\\\/2021\\\/09\\\/17\\\/za-sto-se-terete-zeljkovic-i-ostali-maska-kupljena-za-036-km-a-placena-690-umjesto-medicinskih-nemedicinska-odijela\\\/#breadcrumb\"},\"inLanguage\":\"hr\",\"potentialAction\":[{\"@type\":\"ReadAction\",\"target\":[\"https:\\\/\\\/radioljubuski.ba\\\/index.php\\\/2021\\\/09\\\/17\\\/za-sto-se-terete-zeljkovic-i-ostali-maska-kupljena-za-036-km-a-placena-690-umjesto-medicinskih-nemedicinska-odijela\\\/\"]}]},{\"@type\":\"ImageObject\",\"inLanguage\":\"hr\",\"@id\":\"https:\\\/\\\/radioljubuski.ba\\\/index.php\\\/2021\\\/09\\\/17\\\/za-sto-se-terete-zeljkovic-i-ostali-maska-kupljena-za-036-km-a-placena-690-umjesto-medicinskih-nemedicinska-odijela\\\/#primaryimage\",\"url\":\"https:\\\/\\\/radioljubuski.ba\\\/wp-content\\\/uploads\\\/2021\\\/09\\\/8-2021-09-16-08-54-34-zeljkovic-297789-1024x649-2.jpeg\",\"contentUrl\":\"https:\\\/\\\/radioljubuski.ba\\\/wp-content\\\/uploads\\\/2021\\\/09\\\/8-2021-09-16-08-54-34-zeljkovic-297789-1024x649-2.jpeg\",\"width\":1000,\"height\":625},{\"@type\":\"BreadcrumbList\",\"@id\":\"https:\\\/\\\/radioljubuski.ba\\\/index.php\\\/2021\\\/09\\\/17\\\/za-sto-se-terete-zeljkovic-i-ostali-maska-kupljena-za-036-km-a-placena-690-umjesto-medicinskih-nemedicinska-odijela\\\/#breadcrumb\",\"itemListElement\":[{\"@type\":\"ListItem\",\"position\":1,\"name\":\"Po\u010detna stranica\",\"item\":\"https:\\\/\\\/radioljubuski.ba\\\/\"},{\"@type\":\"ListItem\",\"position\":2,\"name\":\"Za \u0161to se terete Zeljkovi\u0107 i ostali: Maska kupljena za 0,36 KM, a pla\u0107ena 6,90. Umjesto medicinskih &#8211; nemedicinska odijela&#8230;\"}]},{\"@type\":\"WebSite\",\"@id\":\"https:\\\/\\\/radioljubuski.ba\\\/#website\",\"url\":\"https:\\\/\\\/radioljubuski.ba\\\/\",\"name\":\"Radio Ljubu\u0161ki\",\"description\":\"Sun\u010dana frekvencija Hercegovine\",\"publisher\":{\"@id\":\"https:\\\/\\\/radioljubuski.ba\\\/#organization\"},\"potentialAction\":[{\"@type\":\"SearchAction\",\"target\":{\"@type\":\"EntryPoint\",\"urlTemplate\":\"https:\\\/\\\/radioljubuski.ba\\\/?s={search_term_string}\"},\"query-input\":{\"@type\":\"PropertyValueSpecification\",\"valueRequired\":true,\"valueName\":\"search_term_string\"}}],\"inLanguage\":\"hr\"},{\"@type\":\"Organization\",\"@id\":\"https:\\\/\\\/radioljubuski.ba\\\/#organization\",\"name\":\"Radio Ljubu\u0161ki\",\"url\":\"https:\\\/\\\/radioljubuski.ba\\\/\",\"logo\":{\"@type\":\"ImageObject\",\"inLanguage\":\"hr\",\"@id\":\"https:\\\/\\\/radioljubuski.ba\\\/#\\\/schema\\\/logo\\\/image\\\/\",\"url\":\"https:\\\/\\\/radioljubuski.ba\\\/wp-content\\\/uploads\\\/2021\\\/02\\\/cropped-Radio_Ljubuski_logo1.jpg\",\"contentUrl\":\"https:\\\/\\\/radioljubuski.ba\\\/wp-content\\\/uploads\\\/2021\\\/02\\\/cropped-Radio_Ljubuski_logo1.jpg\",\"width\":512,\"height\":512,\"caption\":\"Radio Ljubu\u0161ki\"},\"image\":{\"@id\":\"https:\\\/\\\/radioljubuski.ba\\\/#\\\/schema\\\/logo\\\/image\\\/\"},\"sameAs\":[\"https:\\\/\\\/www.facebook.com\\\/Radiio-Ljubuski-1490835324566332\",\"https:\\\/\\\/x.com\\\/radioljubuski\",\"https:\\\/\\\/hr.linkedin.com\\\/company\\\/radio-ljubuski\",\"https:\\\/\\\/www.youtube.com\\\/channel\\\/UCHYaeO_n0Db3tjNGudGpXyw\"]},{\"@type\":\"Person\",\"@id\":\"https:\\\/\\\/radioljubuski.ba\\\/#\\\/schema\\\/person\\\/19fc700381a780f69665d7956c469e3b\",\"name\":\"Radio Ljubu\u0161ki\"}]}<\/script>\n<!-- \/ Yoast SEO plugin. -->","yoast_head_json":{"title":"Za \u0161to se terete Zeljkovi\u0107 i ostali: Maska kupljena za 0,36 KM, a pla\u0107ena 6,90. Umjesto medicinskih - nemedicinska odijela... - RADIO LJUBU\u0160KI","robots":{"index":"index","follow":"follow","max-snippet":"max-snippet:-1","max-image-preview":"max-image-preview:large","max-video-preview":"max-video-preview:-1"},"canonical":"https:\/\/radioljubuski.ba\/index.php\/2021\/09\/17\/za-sto-se-terete-zeljkovic-i-ostali-maska-kupljena-za-036-km-a-placena-690-umjesto-medicinskih-nemedicinska-odijela\/","og_locale":"hr_HR","og_type":"article","og_title":"Za \u0161to se terete Zeljkovi\u0107 i ostali: Maska kupljena za 0,36 KM, a pla\u0107ena 6,90. Umjesto medicinskih - nemedicinska odijela... - RADIO LJUBU\u0160KI","og_description":"Okru\u017eni sud u Banjoj Luci odlu\u010duje ho\u0107e li \u0107e odrediti pritvor direktoru Instituta za javno zdravstvo RS Branislavu Zeljkovi\u0107u, direktoru poduze\u0107a &#8220;Procontrol&#8221; Slavku Boji\u0107u, direktoru &#8220;Promeding&#8221; Draganu Dubravcu i direktoru &#8220;Travel 4 Fun&#8221; agencije Sa\u0161i Markovi\u0107u koji se sumnji\u010de za zloupotrebu slu\u017ebenog polo\u017eaja ili ovla\u0161tenja, navodi&nbsp;N1. Republi\u010dko javno tu\u017eiteljstvo RS Zeljkovi\u0107a, Boji\u0107a i Dubravca tereti [&hellip;]","og_url":"https:\/\/radioljubuski.ba\/index.php\/2021\/09\/17\/za-sto-se-terete-zeljkovic-i-ostali-maska-kupljena-za-036-km-a-placena-690-umjesto-medicinskih-nemedicinska-odijela\/","og_site_name":"RADIO LJUBU\u0160KI","article_publisher":"https:\/\/www.facebook.com\/Radiio-Ljubuski-1490835324566332","article_published_time":"2021-09-17T16:15:11+00:00","article_modified_time":"2021-09-17T16:15:13+00:00","og_image":[{"width":1000,"height":625,"url":"https:\/\/radioljubuski.ba\/wp-content\/uploads\/2021\/09\/8-2021-09-16-08-54-34-zeljkovic-297789-1024x649-2.jpeg","type":"image\/jpeg"}],"author":"Radio Ljubu\u0161ki","twitter_card":"summary_large_image","twitter_creator":"@radioljubuski","twitter_site":"@radioljubuski","twitter_misc":{"Napisao\/la":"Radio Ljubu\u0161ki","Procijenjeno vrijeme \u010ditanja":"3 minute"},"schema":{"@context":"https:\/\/schema.org","@graph":[{"@type":"Article","@id":"https:\/\/radioljubuski.ba\/index.php\/2021\/09\/17\/za-sto-se-terete-zeljkovic-i-ostali-maska-kupljena-za-036-km-a-placena-690-umjesto-medicinskih-nemedicinska-odijela\/#article","isPartOf":{"@id":"https:\/\/radioljubuski.ba\/index.php\/2021\/09\/17\/za-sto-se-terete-zeljkovic-i-ostali-maska-kupljena-za-036-km-a-placena-690-umjesto-medicinskih-nemedicinska-odijela\/"},"author":{"name":"Radio Ljubu\u0161ki","@id":"https:\/\/radioljubuski.ba\/#\/schema\/person\/19fc700381a780f69665d7956c469e3b"},"headline":"Za \u0161to se terete Zeljkovi\u0107 i ostali: Maska kupljena za 0,36 KM, a pla\u0107ena 6,90. Umjesto medicinskih &#8211; nemedicinska odijela&#8230;","datePublished":"2021-09-17T16:15:11+00:00","dateModified":"2021-09-17T16:15:13+00:00","mainEntityOfPage":{"@id":"https:\/\/radioljubuski.ba\/index.php\/2021\/09\/17\/za-sto-se-terete-zeljkovic-i-ostali-maska-kupljena-za-036-km-a-placena-690-umjesto-medicinskih-nemedicinska-odijela\/"},"wordCount":592,"publisher":{"@id":"https:\/\/radioljubuski.ba\/#organization"},"image":{"@id":"https:\/\/radioljubuski.ba\/index.php\/2021\/09\/17\/za-sto-se-terete-zeljkovic-i-ostali-maska-kupljena-za-036-km-a-placena-690-umjesto-medicinskih-nemedicinska-odijela\/#primaryimage"},"thumbnailUrl":"https:\/\/radioljubuski.ba\/wp-content\/uploads\/2021\/09\/8-2021-09-16-08-54-34-zeljkovic-297789-1024x649-2.jpeg","articleSection":["BIH i regija"],"inLanguage":"hr"},{"@type":"WebPage","@id":"https:\/\/radioljubuski.ba\/index.php\/2021\/09\/17\/za-sto-se-terete-zeljkovic-i-ostali-maska-kupljena-za-036-km-a-placena-690-umjesto-medicinskih-nemedicinska-odijela\/","url":"https:\/\/radioljubuski.ba\/index.php\/2021\/09\/17\/za-sto-se-terete-zeljkovic-i-ostali-maska-kupljena-za-036-km-a-placena-690-umjesto-medicinskih-nemedicinska-odijela\/","name":"Za \u0161to se terete Zeljkovi\u0107 i ostali: Maska kupljena za 0,36 KM, a pla\u0107ena 6,90. Umjesto medicinskih - nemedicinska odijela... - RADIO LJUBU\u0160KI","isPartOf":{"@id":"https:\/\/radioljubuski.ba\/#website"},"primaryImageOfPage":{"@id":"https:\/\/radioljubuski.ba\/index.php\/2021\/09\/17\/za-sto-se-terete-zeljkovic-i-ostali-maska-kupljena-za-036-km-a-placena-690-umjesto-medicinskih-nemedicinska-odijela\/#primaryimage"},"image":{"@id":"https:\/\/radioljubuski.ba\/index.php\/2021\/09\/17\/za-sto-se-terete-zeljkovic-i-ostali-maska-kupljena-za-036-km-a-placena-690-umjesto-medicinskih-nemedicinska-odijela\/#primaryimage"},"thumbnailUrl":"https:\/\/radioljubuski.ba\/wp-content\/uploads\/2021\/09\/8-2021-09-16-08-54-34-zeljkovic-297789-1024x649-2.jpeg","datePublished":"2021-09-17T16:15:11+00:00","dateModified":"2021-09-17T16:15:13+00:00","breadcrumb":{"@id":"https:\/\/radioljubuski.ba\/index.php\/2021\/09\/17\/za-sto-se-terete-zeljkovic-i-ostali-maska-kupljena-za-036-km-a-placena-690-umjesto-medicinskih-nemedicinska-odijela\/#breadcrumb"},"inLanguage":"hr","potentialAction":[{"@type":"ReadAction","target":["https:\/\/radioljubuski.ba\/index.php\/2021\/09\/17\/za-sto-se-terete-zeljkovic-i-ostali-maska-kupljena-za-036-km-a-placena-690-umjesto-medicinskih-nemedicinska-odijela\/"]}]},{"@type":"ImageObject","inLanguage":"hr","@id":"https:\/\/radioljubuski.ba\/index.php\/2021\/09\/17\/za-sto-se-terete-zeljkovic-i-ostali-maska-kupljena-za-036-km-a-placena-690-umjesto-medicinskih-nemedicinska-odijela\/#primaryimage","url":"https:\/\/radioljubuski.ba\/wp-content\/uploads\/2021\/09\/8-2021-09-16-08-54-34-zeljkovic-297789-1024x649-2.jpeg","contentUrl":"https:\/\/radioljubuski.ba\/wp-content\/uploads\/2021\/09\/8-2021-09-16-08-54-34-zeljkovic-297789-1024x649-2.jpeg","width":1000,"height":625},{"@type":"BreadcrumbList","@id":"https:\/\/radioljubuski.ba\/index.php\/2021\/09\/17\/za-sto-se-terete-zeljkovic-i-ostali-maska-kupljena-za-036-km-a-placena-690-umjesto-medicinskih-nemedicinska-odijela\/#breadcrumb","itemListElement":[{"@type":"ListItem","position":1,"name":"Po\u010detna stranica","item":"https:\/\/radioljubuski.ba\/"},{"@type":"ListItem","position":2,"name":"Za \u0161to se terete Zeljkovi\u0107 i ostali: Maska kupljena za 0,36 KM, a pla\u0107ena 6,90. Umjesto medicinskih &#8211; nemedicinska odijela&#8230;"}]},{"@type":"WebSite","@id":"https:\/\/radioljubuski.ba\/#website","url":"https:\/\/radioljubuski.ba\/","name":"Radio Ljubu\u0161ki","description":"Sun\u010dana frekvencija Hercegovine","publisher":{"@id":"https:\/\/radioljubuski.ba\/#organization"},"potentialAction":[{"@type":"SearchAction","target":{"@type":"EntryPoint","urlTemplate":"https:\/\/radioljubuski.ba\/?s={search_term_string}"},"query-input":{"@type":"PropertyValueSpecification","valueRequired":true,"valueName":"search_term_string"}}],"inLanguage":"hr"},{"@type":"Organization","@id":"https:\/\/radioljubuski.ba\/#organization","name":"Radio Ljubu\u0161ki","url":"https:\/\/radioljubuski.ba\/","logo":{"@type":"ImageObject","inLanguage":"hr","@id":"https:\/\/radioljubuski.ba\/#\/schema\/logo\/image\/","url":"https:\/\/radioljubuski.ba\/wp-content\/uploads\/2021\/02\/cropped-Radio_Ljubuski_logo1.jpg","contentUrl":"https:\/\/radioljubuski.ba\/wp-content\/uploads\/2021\/02\/cropped-Radio_Ljubuski_logo1.jpg","width":512,"height":512,"caption":"Radio Ljubu\u0161ki"},"image":{"@id":"https:\/\/radioljubuski.ba\/#\/schema\/logo\/image\/"},"sameAs":["https:\/\/www.facebook.com\/Radiio-Ljubuski-1490835324566332","https:\/\/x.com\/radioljubuski","https:\/\/hr.linkedin.com\/company\/radio-ljubuski","https:\/\/www.youtube.com\/channel\/UCHYaeO_n0Db3tjNGudGpXyw"]},{"@type":"Person","@id":"https:\/\/radioljubuski.ba\/#\/schema\/person\/19fc700381a780f69665d7956c469e3b","name":"Radio Ljubu\u0161ki"}]}},"_links":{"self":[{"href":"https:\/\/radioljubuski.ba\/index.php\/wp-json\/wp\/v2\/posts\/64748","targetHints":{"allow":["GET"]}}],"collection":[{"href":"https:\/\/radioljubuski.ba\/index.php\/wp-json\/wp\/v2\/posts"}],"about":[{"href":"https:\/\/radioljubuski.ba\/index.php\/wp-json\/wp\/v2\/types\/post"}],"author":[{"embeddable":true,"href":"https:\/\/radioljubuski.ba\/index.php\/wp-json\/wp\/v2\/users\/2"}],"replies":[{"embeddable":true,"href":"https:\/\/radioljubuski.ba\/index.php\/wp-json\/wp\/v2\/comments?post=64748"}],"version-history":[{"count":1,"href":"https:\/\/radioljubuski.ba\/index.php\/wp-json\/wp\/v2\/posts\/64748\/revisions"}],"predecessor-version":[{"id":64750,"href":"https:\/\/radioljubuski.ba\/index.php\/wp-json\/wp\/v2\/posts\/64748\/revisions\/64750"}],"wp:featuredmedia":[{"embeddable":true,"href":"https:\/\/radioljubuski.ba\/index.php\/wp-json\/wp\/v2\/media\/64749"}],"wp:attachment":[{"href":"https:\/\/radioljubuski.ba\/index.php\/wp-json\/wp\/v2\/media?parent=64748"}],"wp:term":[{"taxonomy":"category","embeddable":true,"href":"https:\/\/radioljubuski.ba\/index.php\/wp-json\/wp\/v2\/categories?post=64748"},{"taxonomy":"post_tag","embeddable":true,"href":"https:\/\/radioljubuski.ba\/index.php\/wp-json\/wp\/v2\/tags?post=64748"}],"curies":[{"name":"wp","href":"https:\/\/api.w.org\/{rel}","templated":true}]}}