{"id":64823,"date":"2021-09-17T19:43:59","date_gmt":"2021-09-17T18:43:59","guid":{"rendered":"https:\/\/radioljubuski.ba\/?p=64823"},"modified":"2021-09-17T19:43:59","modified_gmt":"2021-09-17T18:43:59","slug":"dan-kada-je-cijeli-sportski-split-zavijen-u-crno-obitelj-prijatelji-i-mnogi-drugi-u-suzama-se-oprostili-od-legendarne-zane-lelas-lokice","status":"publish","type":"post","link":"https:\/\/radioljubuski.ba\/index.php\/2021\/09\/17\/dan-kada-je-cijeli-sportski-split-zavijen-u-crno-obitelj-prijatelji-i-mnogi-drugi-u-suzama-se-oprostili-od-legendarne-zane-lelas-lokice\/","title":{"rendered":"Dan kada je cijeli (sportski) Split zavijen u crno: obitelj, prijatelji i mnogi drugi u suzama se oprostili od legendarne \u017dane Lelas Lokice"},"content":{"rendered":"\n<p>Dan kada je cijeli (sportski) Split zavijen u crno. Uplakana obitelj, rodbina, prijatelji, njene igra\u010dice svih selekcija, biv\u0161e suigra\u010dice, brojni aktualni i biv\u0161i splitski sporta\u0161i i treneri, sportski djelatnici, poznanici oprostili su se od \u017dane Lelas Lokica. Na splitskom groblju Lovrinac organiziran je posljednji ispra\u0107aj jedne od najboljih hrvatskih ko\u0161arka\u0161ica svih vremena, jedine splitske ko\u0161arka\u0161ice osvaja\u010dice olimpijske medalje (srebra sa Olimpijskih igara u Seulu 1988. godine), vrlo uspje\u0161ne trenerice i osniva\u010dice Ko\u0161arka\u0161ke akademije koja nosi njeno ime.<\/p>\n\n\n\n<p>Lelas Lokica nas je iznenada napustila u srijedu, ali ni dva dana kasnije \u0161ok nije bio ni\u0161ta manji. Na Lovrincu je bilo more lica koja su se u nevjerici jo\u0161 uvijek poku\u0161avala pomiriti s time da \u017dane vi\u0161e nema me\u0111u nama. Na posljednji ispra\u0107aj stigao je prakti\u010dno cijeli sportski Split, pogotovo nema koga nije bilo iz svijeta ko\u0161arke. Gotovo nemogu\u0107e je bilo suspregnuti suze pri pogledu na k\u0107i Niku tako\u0111er odli\u010dnu ko\u0161arka\u0161icu, supruga Vjekoslava, sestru Anu koja je isto imala veliku karijeru, brata, majku&#8230;<\/p>\n\n\n\n<figure class=\"wp-block-image\"><img decoding=\"async\" src=\"https:\/\/static.slobodnadalmacija.hr\/images\/slike\/2021\/09\/17\/19354550.jpg?1631891635\" alt=\"image\"\/><figcaption>Obitelj pokojne \u017dane Lelas Lokica te shrvani suprug Vjekoslav Lokica<\/figcaption><\/figure>\n\n\n\n<p>Me\u0111u uplakanim licima na Lovrincu vidjeli smo i gradona\u010delnika Splita Ivicu Puljka \u010dija k\u0107i tako\u0111er trenira u Ko\u0161arka\u0161koj akademiji \u017dana Lelas. Do\u0161la je i delegacija Hrvatskog ko\u0161arka\u0161kog saveza na \u010delu s glavnim tajnikom Josipom Vrankovi\u0107em, predsjednicom Stru\u010dnog savjeta za \u017eensku ko\u0161arku i biv\u0161om \u017daninom suigra\u010dicom Danirom Naki\u0107. Stigle se brojne biv\u0161e suigra\u010dice Lelas iz zajedni\u010dkih dana u tada\u0161njoj Jugoplastici, Elemesu, reprezentacijama Jugoslavije i Hrvatske, \u010delnici splitskog sporta, izaslanstva klubova, Hajdukov prvotimac Filip Krovinovi\u0107 kojeg je Vjekoslav vodio u Zagrebu&#8230;<\/p>\n\n\n\n<figure class=\"wp-block-image\"><img decoding=\"async\" src=\"https:\/\/static.slobodnadalmacija.hr\/images\/slike\/2021\/09\/17\/19354530.jpg?1631891635\" alt=\"image\"\/><figcaption>Filip Krovinovi\u0107<\/figcaption><\/figure>\n\n\n\n<figure class=\"wp-block-image\"><img decoding=\"async\" src=\"https:\/\/static.slobodnadalmacija.hr\/images\/slike\/2021\/09\/17\/19354470.jpg?1631891635\" alt=\"image\"\/><figcaption>Gradona\u010delnik Splita Ivica Puljak<\/figcaption><\/figure>\n\n\n\n<figure class=\"wp-block-image\"><img decoding=\"async\" src=\"https:\/\/static.slobodnadalmacija.hr\/images\/slike\/2021\/09\/17\/19354556.jpg?1631891635\" alt=\"image\"\/><figcaption>Joke Vrankovi\u0107 i Damir Tvrdi\u0107<\/figcaption><\/figure>\n\n\n\n<p>U ime igra\u010dica od \u017dane se emotivnim govorom isprekidanim jecajima suigra\u010dica oprostila kapetanica Josipa Zovko.<\/p>\n\n\n\n<p>&#8211; Draga na\u0161a trenerice, bili ste i ostat \u0107ete uvijek u na\u0161im srcima, kao prijateljica, sestra, k\u0107er, \u017eena i kao majka. Hvala dragom Bogu \u0161to vas nam je darovao&#8230; &#8211; rekla je izme\u0111u ostalog Zovko.&nbsp;&nbsp;<\/p>\n\n\n\n<p>\u017divot ponekad nije pravedan, jo\u0161 manje je logi\u010dan. Te\u0161ko je ponekad razumjeti za\u0161to se neke stvari u na\u0161im \u017eivotima doga\u0111aju, ali mora ih se takvim prihvatiti i i\u0107i dalje. Ni\u0161ta drugo ne preostaje. Oti\u0161la je \u017dana, na neko ljep\u0161e mjesto, ali trag koji je ostavila me\u0111u ljudima, u njihovim srcima, pogotovo u hrvatskoj \u017eenskoj ko\u0161arci je ne\u0161to \u0161to \u0107e ostati za sva vremena. Hvala ti \u017dana za sve.<\/p>\n\n\n\n<p>Foto: Paun Paunovi\u0107\/Cropix<\/p>\n\n\n\n<p><a href=\"https:\/\/slobodnadalmacija.hr\/autor\/frane-vulas-3119\"><strong>PI\u0160E&nbsp;<\/strong>FRANE VULAS<\/a>\/slobodnadalmacija.hr<\/p>\n","protected":false},"excerpt":{"rendered":"<p>Dan kada je cijeli (sportski) Split zavijen u crno. Uplakana obitelj, rodbina, prijatelji, njene igra\u010dice svih selekcija, biv\u0161e suigra\u010dice, brojni aktualni i biv\u0161i splitski sporta\u0161i i treneri, sportski djelatnici, poznanici oprostili su se od \u017dane Lelas Lokica. Na splitskom groblju Lovrinac organiziran je posljednji ispra\u0107aj jedne od najboljih hrvatskih ko\u0161arka\u0161ica svih vremena, jedine splitske ko\u0161arka\u0161ice [&hellip;]<\/p>\n","protected":false},"author":2,"featured_media":64824,"comment_status":"closed","ping_status":"closed","sticky":false,"template":"","format":"standard","meta":{"h5ap_radio_sources":[],"footnotes":""},"categories":[1],"tags":[],"class_list":["post-64823","post","type-post","status-publish","format-standard","has-post-thumbnail","hentry","category-bihiregija"],"yoast_head":"<!-- This site is optimized with the Yoast SEO plugin v27.4 - https:\/\/yoast.com\/product\/yoast-seo-wordpress\/ -->\n<title>Dan kada je cijeli (sportski) Split zavijen u crno: obitelj, prijatelji i mnogi drugi u suzama se oprostili od legendarne \u017dane Lelas Lokice - RADIO LJUBU\u0160KI<\/title>\n<meta name=\"robots\" content=\"index, follow, max-snippet:-1, max-image-preview:large, max-video-preview:-1\" \/>\n<link rel=\"canonical\" href=\"https:\/\/radioljubuski.ba\/index.php\/2021\/09\/17\/dan-kada-je-cijeli-sportski-split-zavijen-u-crno-obitelj-prijatelji-i-mnogi-drugi-u-suzama-se-oprostili-od-legendarne-zane-lelas-lokice\/\" \/>\n<meta property=\"og:locale\" content=\"hr_HR\" \/>\n<meta property=\"og:type\" content=\"article\" \/>\n<meta property=\"og:title\" content=\"Dan kada je cijeli (sportski) Split zavijen u crno: obitelj, prijatelji i mnogi drugi u suzama se oprostili od legendarne \u017dane Lelas Lokice - RADIO LJUBU\u0160KI\" \/>\n<meta property=\"og:description\" content=\"Dan kada je cijeli (sportski) Split zavijen u crno. Uplakana obitelj, rodbina, prijatelji, njene igra\u010dice svih selekcija, biv\u0161e suigra\u010dice, brojni aktualni i biv\u0161i splitski sporta\u0161i i treneri, sportski djelatnici, poznanici oprostili su se od \u017dane Lelas Lokica. Na splitskom groblju Lovrinac organiziran je posljednji ispra\u0107aj jedne od najboljih hrvatskih ko\u0161arka\u0161ica svih vremena, jedine splitske ko\u0161arka\u0161ice [&hellip;]\" \/>\n<meta property=\"og:url\" content=\"https:\/\/radioljubuski.ba\/index.php\/2021\/09\/17\/dan-kada-je-cijeli-sportski-split-zavijen-u-crno-obitelj-prijatelji-i-mnogi-drugi-u-suzama-se-oprostili-od-legendarne-zane-lelas-lokice\/\" \/>\n<meta property=\"og:site_name\" content=\"RADIO LJUBU\u0160KI\" \/>\n<meta property=\"article:publisher\" content=\"https:\/\/www.facebook.com\/Radiio-Ljubuski-1490835324566332\" \/>\n<meta property=\"article:published_time\" content=\"2021-09-17T18:43:59+00:00\" \/>\n<meta property=\"og:image\" content=\"https:\/\/radioljubuski.ba\/wp-content\/uploads\/2021\/09\/o_19354464_1024.jpg\" \/>\n\t<meta property=\"og:image:width\" content=\"1024\" \/>\n\t<meta property=\"og:image:height\" content=\"715\" \/>\n\t<meta property=\"og:image:type\" content=\"image\/jpeg\" \/>\n<meta name=\"author\" content=\"Radio Ljubu\u0161ki\" \/>\n<meta name=\"twitter:card\" content=\"summary_large_image\" \/>\n<meta name=\"twitter:creator\" content=\"@radioljubuski\" \/>\n<meta name=\"twitter:site\" content=\"@radioljubuski\" \/>\n<meta name=\"twitter:label1\" content=\"Napisao\/la\" \/>\n\t<meta name=\"twitter:data1\" content=\"Radio Ljubu\u0161ki\" \/>\n\t<meta name=\"twitter:label2\" content=\"Procijenjeno vrijeme \u010ditanja\" \/>\n\t<meta name=\"twitter:data2\" content=\"3 minute\" \/>\n<script type=\"application\/ld+json\" class=\"yoast-schema-graph\">{\"@context\":\"https:\\\/\\\/schema.org\",\"@graph\":[{\"@type\":\"Article\",\"@id\":\"https:\\\/\\\/radioljubuski.ba\\\/index.php\\\/2021\\\/09\\\/17\\\/dan-kada-je-cijeli-sportski-split-zavijen-u-crno-obitelj-prijatelji-i-mnogi-drugi-u-suzama-se-oprostili-od-legendarne-zane-lelas-lokice\\\/#article\",\"isPartOf\":{\"@id\":\"https:\\\/\\\/radioljubuski.ba\\\/index.php\\\/2021\\\/09\\\/17\\\/dan-kada-je-cijeli-sportski-split-zavijen-u-crno-obitelj-prijatelji-i-mnogi-drugi-u-suzama-se-oprostili-od-legendarne-zane-lelas-lokice\\\/\"},\"author\":{\"name\":\"Radio Ljubu\u0161ki\",\"@id\":\"https:\\\/\\\/radioljubuski.ba\\\/#\\\/schema\\\/person\\\/19fc700381a780f69665d7956c469e3b\"},\"headline\":\"Dan kada je cijeli (sportski) Split zavijen u crno: obitelj, prijatelji i mnogi drugi u suzama se oprostili od legendarne \u017dane Lelas Lokice\",\"datePublished\":\"2021-09-17T18:43:59+00:00\",\"mainEntityOfPage\":{\"@id\":\"https:\\\/\\\/radioljubuski.ba\\\/index.php\\\/2021\\\/09\\\/17\\\/dan-kada-je-cijeli-sportski-split-zavijen-u-crno-obitelj-prijatelji-i-mnogi-drugi-u-suzama-se-oprostili-od-legendarne-zane-lelas-lokice\\\/\"},\"wordCount\":479,\"publisher\":{\"@id\":\"https:\\\/\\\/radioljubuski.ba\\\/#organization\"},\"image\":{\"@id\":\"https:\\\/\\\/radioljubuski.ba\\\/index.php\\\/2021\\\/09\\\/17\\\/dan-kada-je-cijeli-sportski-split-zavijen-u-crno-obitelj-prijatelji-i-mnogi-drugi-u-suzama-se-oprostili-od-legendarne-zane-lelas-lokice\\\/#primaryimage\"},\"thumbnailUrl\":\"https:\\\/\\\/radioljubuski.ba\\\/wp-content\\\/uploads\\\/2021\\\/09\\\/o_19354464_1024.jpg\",\"articleSection\":[\"BIH i regija\"],\"inLanguage\":\"hr\"},{\"@type\":\"WebPage\",\"@id\":\"https:\\\/\\\/radioljubuski.ba\\\/index.php\\\/2021\\\/09\\\/17\\\/dan-kada-je-cijeli-sportski-split-zavijen-u-crno-obitelj-prijatelji-i-mnogi-drugi-u-suzama-se-oprostili-od-legendarne-zane-lelas-lokice\\\/\",\"url\":\"https:\\\/\\\/radioljubuski.ba\\\/index.php\\\/2021\\\/09\\\/17\\\/dan-kada-je-cijeli-sportski-split-zavijen-u-crno-obitelj-prijatelji-i-mnogi-drugi-u-suzama-se-oprostili-od-legendarne-zane-lelas-lokice\\\/\",\"name\":\"Dan kada je cijeli (sportski) Split zavijen u crno: obitelj, prijatelji i mnogi drugi u suzama se oprostili od legendarne \u017dane Lelas Lokice - RADIO LJUBU\u0160KI\",\"isPartOf\":{\"@id\":\"https:\\\/\\\/radioljubuski.ba\\\/#website\"},\"primaryImageOfPage\":{\"@id\":\"https:\\\/\\\/radioljubuski.ba\\\/index.php\\\/2021\\\/09\\\/17\\\/dan-kada-je-cijeli-sportski-split-zavijen-u-crno-obitelj-prijatelji-i-mnogi-drugi-u-suzama-se-oprostili-od-legendarne-zane-lelas-lokice\\\/#primaryimage\"},\"image\":{\"@id\":\"https:\\\/\\\/radioljubuski.ba\\\/index.php\\\/2021\\\/09\\\/17\\\/dan-kada-je-cijeli-sportski-split-zavijen-u-crno-obitelj-prijatelji-i-mnogi-drugi-u-suzama-se-oprostili-od-legendarne-zane-lelas-lokice\\\/#primaryimage\"},\"thumbnailUrl\":\"https:\\\/\\\/radioljubuski.ba\\\/wp-content\\\/uploads\\\/2021\\\/09\\\/o_19354464_1024.jpg\",\"datePublished\":\"2021-09-17T18:43:59+00:00\",\"breadcrumb\":{\"@id\":\"https:\\\/\\\/radioljubuski.ba\\\/index.php\\\/2021\\\/09\\\/17\\\/dan-kada-je-cijeli-sportski-split-zavijen-u-crno-obitelj-prijatelji-i-mnogi-drugi-u-suzama-se-oprostili-od-legendarne-zane-lelas-lokice\\\/#breadcrumb\"},\"inLanguage\":\"hr\",\"potentialAction\":[{\"@type\":\"ReadAction\",\"target\":[\"https:\\\/\\\/radioljubuski.ba\\\/index.php\\\/2021\\\/09\\\/17\\\/dan-kada-je-cijeli-sportski-split-zavijen-u-crno-obitelj-prijatelji-i-mnogi-drugi-u-suzama-se-oprostili-od-legendarne-zane-lelas-lokice\\\/\"]}]},{\"@type\":\"ImageObject\",\"inLanguage\":\"hr\",\"@id\":\"https:\\\/\\\/radioljubuski.ba\\\/index.php\\\/2021\\\/09\\\/17\\\/dan-kada-je-cijeli-sportski-split-zavijen-u-crno-obitelj-prijatelji-i-mnogi-drugi-u-suzama-se-oprostili-od-legendarne-zane-lelas-lokice\\\/#primaryimage\",\"url\":\"https:\\\/\\\/radioljubuski.ba\\\/wp-content\\\/uploads\\\/2021\\\/09\\\/o_19354464_1024.jpg\",\"contentUrl\":\"https:\\\/\\\/radioljubuski.ba\\\/wp-content\\\/uploads\\\/2021\\\/09\\\/o_19354464_1024.jpg\",\"width\":1024,\"height\":715},{\"@type\":\"BreadcrumbList\",\"@id\":\"https:\\\/\\\/radioljubuski.ba\\\/index.php\\\/2021\\\/09\\\/17\\\/dan-kada-je-cijeli-sportski-split-zavijen-u-crno-obitelj-prijatelji-i-mnogi-drugi-u-suzama-se-oprostili-od-legendarne-zane-lelas-lokice\\\/#breadcrumb\",\"itemListElement\":[{\"@type\":\"ListItem\",\"position\":1,\"name\":\"Po\u010detna stranica\",\"item\":\"https:\\\/\\\/radioljubuski.ba\\\/\"},{\"@type\":\"ListItem\",\"position\":2,\"name\":\"Dan kada je cijeli (sportski) Split zavijen u crno: obitelj, prijatelji i mnogi drugi u suzama se oprostili od legendarne \u017dane Lelas Lokice\"}]},{\"@type\":\"WebSite\",\"@id\":\"https:\\\/\\\/radioljubuski.ba\\\/#website\",\"url\":\"https:\\\/\\\/radioljubuski.ba\\\/\",\"name\":\"Radio Ljubu\u0161ki\",\"description\":\"Sun\u010dana frekvencija Hercegovine\",\"publisher\":{\"@id\":\"https:\\\/\\\/radioljubuski.ba\\\/#organization\"},\"potentialAction\":[{\"@type\":\"SearchAction\",\"target\":{\"@type\":\"EntryPoint\",\"urlTemplate\":\"https:\\\/\\\/radioljubuski.ba\\\/?s={search_term_string}\"},\"query-input\":{\"@type\":\"PropertyValueSpecification\",\"valueRequired\":true,\"valueName\":\"search_term_string\"}}],\"inLanguage\":\"hr\"},{\"@type\":\"Organization\",\"@id\":\"https:\\\/\\\/radioljubuski.ba\\\/#organization\",\"name\":\"Radio Ljubu\u0161ki\",\"url\":\"https:\\\/\\\/radioljubuski.ba\\\/\",\"logo\":{\"@type\":\"ImageObject\",\"inLanguage\":\"hr\",\"@id\":\"https:\\\/\\\/radioljubuski.ba\\\/#\\\/schema\\\/logo\\\/image\\\/\",\"url\":\"https:\\\/\\\/radioljubuski.ba\\\/wp-content\\\/uploads\\\/2021\\\/02\\\/cropped-Radio_Ljubuski_logo1.jpg\",\"contentUrl\":\"https:\\\/\\\/radioljubuski.ba\\\/wp-content\\\/uploads\\\/2021\\\/02\\\/cropped-Radio_Ljubuski_logo1.jpg\",\"width\":512,\"height\":512,\"caption\":\"Radio Ljubu\u0161ki\"},\"image\":{\"@id\":\"https:\\\/\\\/radioljubuski.ba\\\/#\\\/schema\\\/logo\\\/image\\\/\"},\"sameAs\":[\"https:\\\/\\\/www.facebook.com\\\/Radiio-Ljubuski-1490835324566332\",\"https:\\\/\\\/x.com\\\/radioljubuski\",\"https:\\\/\\\/hr.linkedin.com\\\/company\\\/radio-ljubuski\",\"https:\\\/\\\/www.youtube.com\\\/channel\\\/UCHYaeO_n0Db3tjNGudGpXyw\"]},{\"@type\":\"Person\",\"@id\":\"https:\\\/\\\/radioljubuski.ba\\\/#\\\/schema\\\/person\\\/19fc700381a780f69665d7956c469e3b\",\"name\":\"Radio Ljubu\u0161ki\"}]}<\/script>\n<!-- \/ Yoast SEO plugin. -->","yoast_head_json":{"title":"Dan kada je cijeli (sportski) Split zavijen u crno: obitelj, prijatelji i mnogi drugi u suzama se oprostili od legendarne \u017dane Lelas Lokice - RADIO LJUBU\u0160KI","robots":{"index":"index","follow":"follow","max-snippet":"max-snippet:-1","max-image-preview":"max-image-preview:large","max-video-preview":"max-video-preview:-1"},"canonical":"https:\/\/radioljubuski.ba\/index.php\/2021\/09\/17\/dan-kada-je-cijeli-sportski-split-zavijen-u-crno-obitelj-prijatelji-i-mnogi-drugi-u-suzama-se-oprostili-od-legendarne-zane-lelas-lokice\/","og_locale":"hr_HR","og_type":"article","og_title":"Dan kada je cijeli (sportski) Split zavijen u crno: obitelj, prijatelji i mnogi drugi u suzama se oprostili od legendarne \u017dane Lelas Lokice - RADIO LJUBU\u0160KI","og_description":"Dan kada je cijeli (sportski) Split zavijen u crno. Uplakana obitelj, rodbina, prijatelji, njene igra\u010dice svih selekcija, biv\u0161e suigra\u010dice, brojni aktualni i biv\u0161i splitski sporta\u0161i i treneri, sportski djelatnici, poznanici oprostili su se od \u017dane Lelas Lokica. Na splitskom groblju Lovrinac organiziran je posljednji ispra\u0107aj jedne od najboljih hrvatskih ko\u0161arka\u0161ica svih vremena, jedine splitske ko\u0161arka\u0161ice [&hellip;]","og_url":"https:\/\/radioljubuski.ba\/index.php\/2021\/09\/17\/dan-kada-je-cijeli-sportski-split-zavijen-u-crno-obitelj-prijatelji-i-mnogi-drugi-u-suzama-se-oprostili-od-legendarne-zane-lelas-lokice\/","og_site_name":"RADIO LJUBU\u0160KI","article_publisher":"https:\/\/www.facebook.com\/Radiio-Ljubuski-1490835324566332","article_published_time":"2021-09-17T18:43:59+00:00","og_image":[{"width":1024,"height":715,"url":"https:\/\/radioljubuski.ba\/wp-content\/uploads\/2021\/09\/o_19354464_1024.jpg","type":"image\/jpeg"}],"author":"Radio Ljubu\u0161ki","twitter_card":"summary_large_image","twitter_creator":"@radioljubuski","twitter_site":"@radioljubuski","twitter_misc":{"Napisao\/la":"Radio Ljubu\u0161ki","Procijenjeno vrijeme \u010ditanja":"3 minute"},"schema":{"@context":"https:\/\/schema.org","@graph":[{"@type":"Article","@id":"https:\/\/radioljubuski.ba\/index.php\/2021\/09\/17\/dan-kada-je-cijeli-sportski-split-zavijen-u-crno-obitelj-prijatelji-i-mnogi-drugi-u-suzama-se-oprostili-od-legendarne-zane-lelas-lokice\/#article","isPartOf":{"@id":"https:\/\/radioljubuski.ba\/index.php\/2021\/09\/17\/dan-kada-je-cijeli-sportski-split-zavijen-u-crno-obitelj-prijatelji-i-mnogi-drugi-u-suzama-se-oprostili-od-legendarne-zane-lelas-lokice\/"},"author":{"name":"Radio Ljubu\u0161ki","@id":"https:\/\/radioljubuski.ba\/#\/schema\/person\/19fc700381a780f69665d7956c469e3b"},"headline":"Dan kada je cijeli (sportski) Split zavijen u crno: obitelj, prijatelji i mnogi drugi u suzama se oprostili od legendarne \u017dane Lelas Lokice","datePublished":"2021-09-17T18:43:59+00:00","mainEntityOfPage":{"@id":"https:\/\/radioljubuski.ba\/index.php\/2021\/09\/17\/dan-kada-je-cijeli-sportski-split-zavijen-u-crno-obitelj-prijatelji-i-mnogi-drugi-u-suzama-se-oprostili-od-legendarne-zane-lelas-lokice\/"},"wordCount":479,"publisher":{"@id":"https:\/\/radioljubuski.ba\/#organization"},"image":{"@id":"https:\/\/radioljubuski.ba\/index.php\/2021\/09\/17\/dan-kada-je-cijeli-sportski-split-zavijen-u-crno-obitelj-prijatelji-i-mnogi-drugi-u-suzama-se-oprostili-od-legendarne-zane-lelas-lokice\/#primaryimage"},"thumbnailUrl":"https:\/\/radioljubuski.ba\/wp-content\/uploads\/2021\/09\/o_19354464_1024.jpg","articleSection":["BIH i regija"],"inLanguage":"hr"},{"@type":"WebPage","@id":"https:\/\/radioljubuski.ba\/index.php\/2021\/09\/17\/dan-kada-je-cijeli-sportski-split-zavijen-u-crno-obitelj-prijatelji-i-mnogi-drugi-u-suzama-se-oprostili-od-legendarne-zane-lelas-lokice\/","url":"https:\/\/radioljubuski.ba\/index.php\/2021\/09\/17\/dan-kada-je-cijeli-sportski-split-zavijen-u-crno-obitelj-prijatelji-i-mnogi-drugi-u-suzama-se-oprostili-od-legendarne-zane-lelas-lokice\/","name":"Dan kada je cijeli (sportski) Split zavijen u crno: obitelj, prijatelji i mnogi drugi u suzama se oprostili od legendarne \u017dane Lelas Lokice - RADIO LJUBU\u0160KI","isPartOf":{"@id":"https:\/\/radioljubuski.ba\/#website"},"primaryImageOfPage":{"@id":"https:\/\/radioljubuski.ba\/index.php\/2021\/09\/17\/dan-kada-je-cijeli-sportski-split-zavijen-u-crno-obitelj-prijatelji-i-mnogi-drugi-u-suzama-se-oprostili-od-legendarne-zane-lelas-lokice\/#primaryimage"},"image":{"@id":"https:\/\/radioljubuski.ba\/index.php\/2021\/09\/17\/dan-kada-je-cijeli-sportski-split-zavijen-u-crno-obitelj-prijatelji-i-mnogi-drugi-u-suzama-se-oprostili-od-legendarne-zane-lelas-lokice\/#primaryimage"},"thumbnailUrl":"https:\/\/radioljubuski.ba\/wp-content\/uploads\/2021\/09\/o_19354464_1024.jpg","datePublished":"2021-09-17T18:43:59+00:00","breadcrumb":{"@id":"https:\/\/radioljubuski.ba\/index.php\/2021\/09\/17\/dan-kada-je-cijeli-sportski-split-zavijen-u-crno-obitelj-prijatelji-i-mnogi-drugi-u-suzama-se-oprostili-od-legendarne-zane-lelas-lokice\/#breadcrumb"},"inLanguage":"hr","potentialAction":[{"@type":"ReadAction","target":["https:\/\/radioljubuski.ba\/index.php\/2021\/09\/17\/dan-kada-je-cijeli-sportski-split-zavijen-u-crno-obitelj-prijatelji-i-mnogi-drugi-u-suzama-se-oprostili-od-legendarne-zane-lelas-lokice\/"]}]},{"@type":"ImageObject","inLanguage":"hr","@id":"https:\/\/radioljubuski.ba\/index.php\/2021\/09\/17\/dan-kada-je-cijeli-sportski-split-zavijen-u-crno-obitelj-prijatelji-i-mnogi-drugi-u-suzama-se-oprostili-od-legendarne-zane-lelas-lokice\/#primaryimage","url":"https:\/\/radioljubuski.ba\/wp-content\/uploads\/2021\/09\/o_19354464_1024.jpg","contentUrl":"https:\/\/radioljubuski.ba\/wp-content\/uploads\/2021\/09\/o_19354464_1024.jpg","width":1024,"height":715},{"@type":"BreadcrumbList","@id":"https:\/\/radioljubuski.ba\/index.php\/2021\/09\/17\/dan-kada-je-cijeli-sportski-split-zavijen-u-crno-obitelj-prijatelji-i-mnogi-drugi-u-suzama-se-oprostili-od-legendarne-zane-lelas-lokice\/#breadcrumb","itemListElement":[{"@type":"ListItem","position":1,"name":"Po\u010detna stranica","item":"https:\/\/radioljubuski.ba\/"},{"@type":"ListItem","position":2,"name":"Dan kada je cijeli (sportski) Split zavijen u crno: obitelj, prijatelji i mnogi drugi u suzama se oprostili od legendarne \u017dane Lelas Lokice"}]},{"@type":"WebSite","@id":"https:\/\/radioljubuski.ba\/#website","url":"https:\/\/radioljubuski.ba\/","name":"Radio Ljubu\u0161ki","description":"Sun\u010dana frekvencija Hercegovine","publisher":{"@id":"https:\/\/radioljubuski.ba\/#organization"},"potentialAction":[{"@type":"SearchAction","target":{"@type":"EntryPoint","urlTemplate":"https:\/\/radioljubuski.ba\/?s={search_term_string}"},"query-input":{"@type":"PropertyValueSpecification","valueRequired":true,"valueName":"search_term_string"}}],"inLanguage":"hr"},{"@type":"Organization","@id":"https:\/\/radioljubuski.ba\/#organization","name":"Radio Ljubu\u0161ki","url":"https:\/\/radioljubuski.ba\/","logo":{"@type":"ImageObject","inLanguage":"hr","@id":"https:\/\/radioljubuski.ba\/#\/schema\/logo\/image\/","url":"https:\/\/radioljubuski.ba\/wp-content\/uploads\/2021\/02\/cropped-Radio_Ljubuski_logo1.jpg","contentUrl":"https:\/\/radioljubuski.ba\/wp-content\/uploads\/2021\/02\/cropped-Radio_Ljubuski_logo1.jpg","width":512,"height":512,"caption":"Radio Ljubu\u0161ki"},"image":{"@id":"https:\/\/radioljubuski.ba\/#\/schema\/logo\/image\/"},"sameAs":["https:\/\/www.facebook.com\/Radiio-Ljubuski-1490835324566332","https:\/\/x.com\/radioljubuski","https:\/\/hr.linkedin.com\/company\/radio-ljubuski","https:\/\/www.youtube.com\/channel\/UCHYaeO_n0Db3tjNGudGpXyw"]},{"@type":"Person","@id":"https:\/\/radioljubuski.ba\/#\/schema\/person\/19fc700381a780f69665d7956c469e3b","name":"Radio Ljubu\u0161ki"}]}},"_links":{"self":[{"href":"https:\/\/radioljubuski.ba\/index.php\/wp-json\/wp\/v2\/posts\/64823","targetHints":{"allow":["GET"]}}],"collection":[{"href":"https:\/\/radioljubuski.ba\/index.php\/wp-json\/wp\/v2\/posts"}],"about":[{"href":"https:\/\/radioljubuski.ba\/index.php\/wp-json\/wp\/v2\/types\/post"}],"author":[{"embeddable":true,"href":"https:\/\/radioljubuski.ba\/index.php\/wp-json\/wp\/v2\/users\/2"}],"replies":[{"embeddable":true,"href":"https:\/\/radioljubuski.ba\/index.php\/wp-json\/wp\/v2\/comments?post=64823"}],"version-history":[{"count":1,"href":"https:\/\/radioljubuski.ba\/index.php\/wp-json\/wp\/v2\/posts\/64823\/revisions"}],"predecessor-version":[{"id":64825,"href":"https:\/\/radioljubuski.ba\/index.php\/wp-json\/wp\/v2\/posts\/64823\/revisions\/64825"}],"wp:featuredmedia":[{"embeddable":true,"href":"https:\/\/radioljubuski.ba\/index.php\/wp-json\/wp\/v2\/media\/64824"}],"wp:attachment":[{"href":"https:\/\/radioljubuski.ba\/index.php\/wp-json\/wp\/v2\/media?parent=64823"}],"wp:term":[{"taxonomy":"category","embeddable":true,"href":"https:\/\/radioljubuski.ba\/index.php\/wp-json\/wp\/v2\/categories?post=64823"},{"taxonomy":"post_tag","embeddable":true,"href":"https:\/\/radioljubuski.ba\/index.php\/wp-json\/wp\/v2\/tags?post=64823"}],"curies":[{"name":"wp","href":"https:\/\/api.w.org\/{rel}","templated":true}]}}