{"id":64829,"date":"2021-09-17T19:48:04","date_gmt":"2021-09-17T18:48:04","guid":{"rendered":"https:\/\/radioljubuski.ba\/?p=64829"},"modified":"2021-09-17T19:48:05","modified_gmt":"2021-09-17T18:48:05","slug":"lex-agrokor-povjerenstvo-obustavilo-predmete-protiv-plenkovica-i-ostalih-duznosnika","status":"publish","type":"post","link":"https:\/\/radioljubuski.ba\/index.php\/2021\/09\/17\/lex-agrokor-povjerenstvo-obustavilo-predmete-protiv-plenkovica-i-ostalih-duznosnika\/","title":{"rendered":"Lex Agrokor: Povjerenstvo obustavilo predmete protiv Plenkovi\u0107a i ostalih du\u017enosnika"},"content":{"rendered":"\n<p>Povjerenstvo za sukob interesa obustavilo je u petak predmete protiv premijera Andreja Plenkovi\u0107a i ostalih visokih du\u017enosnika, slijedom prakse u kojoj su upravni sudovi i Visoki upravni sud odlu\u010dili da Povjerenstvo ne mo\u017ee odlu\u010divati o \u010dl. 5, kojim su propisana na\u010dela djelovanja.<\/p>\n\n\n\n<p>Uz premijera, protiv kojeg je postupak bio pokrenut zbog netransparentnog komuniciranja prema javnosti u slu\u010daju dono\u0161enja tzv. &#8220;lex Agrokor&#8221;, obustavljeni su i predmeti protiv ministra financija Zdravka Mari\u0107a, \u010delnika Mosta Bo\u017ee Petrova i nekada\u0161nje ministrice financija Martine Dali\u0107, koji su se pod pove\u0107alom Povjerenstva tako\u0111er bili zbog slu\u010daja &#8220;lex Agrokor&#8221;.<\/p>\n\n\n\n<p>Postupci su privremeno obustavljeni<\/p>\n\n\n\n<p>Predsjednica Povjerenstva Nata\u0161a Novakovi\u0107 objasnila je na po\u010detku sjednice da su ti postupci privremeno obustavljeni, ali to nije njihov kraj jer, ako se promijeni sudska praksa primjenom pravnog lijeka koju su predlo\u017eili DORH-u, onda \u0107e ti predmeti ponovno biti otvoreni, no to ne\u0107e biti tako brzo.<\/p>\n\n\n\n<p>Sudska praksa im zasad ne ide u prilog jer je Visoki upravni sud poni\u0161tio odluku izre\u010denu pokojnom zagreba\u010dkom gradona\u010delniku Milanu Bandi\u0107u zbog povrede na\u010dela djelovanja, zaklju\u010div\u0161i da Povjerenstvo nema ovlasti odrediti je li netko savjesno, odgovorno i po\u0161teno obna\u0161ao du\u017enost budu\u0107i da za to nije predvi\u0111ena nov\u010dana kazna.<\/p>\n\n\n\n<p>Povjerenstvo je zbog toga uputilo prijedlog za izvanredno preispitivanje presude Dr\u017eavnom odvjetni\u0161tvu, koje je obustavilo taj slu\u010daj zbog Bandi\u0107eve smrti.<\/p>\n\n\n\n<p>Upravni sudovi u me\u0111uvremenu su ukinuli niz drugih odluka u kojima je Povjerenstvo utvrdilo povredu na\u010dela djelovanja, primjerice odluku da je Plenkovi\u0107 povrijedio na\u010dela djelovanja zbog imenovanja svog vjen\u010danog kuma Igora Pokaza za hrvatskog veleposlanika u Ujedinjenom Kraljevstvu.<\/p>\n\n\n\n<p>Zagreba\u010dki Upravni sud presudio je u korist premijera i u &#8220;slu\u010daju Helsinki&#8221;, gdje je Povjerenstvo utvrdilo da Plenkovi\u0107 nije dostavio tra\u017eene dokumente o tome tko je platio put HDZ-ovoj delegaciji na strana\u010dki skup Europske pu\u010dke stranke u Finsku.<\/p>\n\n\n\n<p>Uz to, na sudu je pala odluka Povjerenstva protiv biv\u0161eg \u010delnika SDP-a Davora Bernardi\u0107a, koji je 2014. primio stipendiju privatne \u0161kole Cotrugli vrijednu 263.000 kuna u vrijeme dok je bio saborski zastupnik i predsjednik najve\u0107e gradske organizacije tada vladaju\u0107e stranke.<\/p>\n\n\n\n<p>Novakovi\u0107 je rekla da su i u tim slu\u010dajevima uputili prijedlog za izvanredno preispitivanje presuda kojima su poni\u0161tene odluke o kojima u kona\u010dnici odlu\u010duje Vrhovni sud.<\/p>\n\n\n\n<p>Apsurdno je da Povjerenstvo ne mo\u017ee odlu\u010divati o sukobu interesa<\/p>\n\n\n\n<p>&#8220;Dolazimo u apsurdnu situaciju da Povjerenstvo ne mo\u017ee odlu\u010divati o sukobu interesa&#8221;, ustvrdila je Novakovi\u0107 dodav\u0161i da su na\u010dela djelovanja po kojima du\u017enosnici moraju postupati \u010dasno i po\u0161teno, \u010duvaju\u0107i vjerodostojnost i dostojanstvo izuzetno bitna za rad Povjerenstva.<\/p>\n\n\n\n<p>Ustvrdila je kako se u javnosti pojavila kriva informacija da je Ustavni sud utvrdio da Povjerenstvo ne mo\u017ee postupati po &#8220;na\u010delu pet&#8221;, objasniv\u0161i da je taj sud samo rekao da to moraju ispitati upravni sudovi.<\/p>\n\n\n\n<p>Zbog nemogu\u0107nosti primjene &#8220;na\u010dela pet&#8221; postupci nisu pokrenuti protiv premijera zbog predlaganja u upravu Janafa Vladislava Veselice, s kojim je navodno u prijateljskim odnosima, te protiv predsjednika Republike Zorana Milanovi\u0107a vezano za njegovo putovanje u Albaniju, za koje je prvo rekao da je privatno, a potom da je slu\u017ebeno.<\/p>\n\n\n\n<p>No, i za te slu\u010dajeve postoji mogu\u0107nost ponovnog odlu\u010divanja ako DORH odlu\u010di prihvatiti zahtjev za izvanrednim pravnim lijekom i prihvati ga Vrhovni sud.&nbsp;<\/p>\n\n\n\n<p>Izvor:pogled.ba<\/p>\n","protected":false},"excerpt":{"rendered":"<p>Povjerenstvo za sukob interesa obustavilo je u petak predmete protiv premijera Andreja Plenkovi\u0107a i ostalih visokih du\u017enosnika, slijedom prakse u kojoj su upravni sudovi i Visoki upravni sud odlu\u010dili da Povjerenstvo ne mo\u017ee odlu\u010divati o \u010dl. 5, kojim su propisana na\u010dela djelovanja. Uz premijera, protiv kojeg je postupak bio pokrenut zbog netransparentnog komuniciranja prema javnosti [&hellip;]<\/p>\n","protected":false},"author":2,"featured_media":46211,"comment_status":"closed","ping_status":"closed","sticky":false,"template":"","format":"standard","meta":{"h5ap_radio_sources":[],"footnotes":""},"categories":[1],"tags":[],"class_list":["post-64829","post","type-post","status-publish","format-standard","has-post-thumbnail","hentry","category-bihiregija"],"yoast_head":"<!-- This site is optimized with the Yoast SEO plugin v27.4 - https:\/\/yoast.com\/product\/yoast-seo-wordpress\/ -->\n<title>Lex Agrokor: Povjerenstvo obustavilo predmete protiv Plenkovi\u0107a i ostalih du\u017enosnika - RADIO LJUBU\u0160KI<\/title>\n<meta name=\"robots\" content=\"index, follow, max-snippet:-1, max-image-preview:large, max-video-preview:-1\" \/>\n<link rel=\"canonical\" href=\"https:\/\/radioljubuski.ba\/index.php\/2021\/09\/17\/lex-agrokor-povjerenstvo-obustavilo-predmete-protiv-plenkovica-i-ostalih-duznosnika\/\" \/>\n<meta property=\"og:locale\" content=\"hr_HR\" \/>\n<meta property=\"og:type\" content=\"article\" \/>\n<meta property=\"og:title\" content=\"Lex Agrokor: Povjerenstvo obustavilo predmete protiv Plenkovi\u0107a i ostalih du\u017enosnika - RADIO LJUBU\u0160KI\" \/>\n<meta property=\"og:description\" content=\"Povjerenstvo za sukob interesa obustavilo je u petak predmete protiv premijera Andreja Plenkovi\u0107a i ostalih visokih du\u017enosnika, slijedom prakse u kojoj su upravni sudovi i Visoki upravni sud odlu\u010dili da Povjerenstvo ne mo\u017ee odlu\u010divati o \u010dl. 5, kojim su propisana na\u010dela djelovanja. Uz premijera, protiv kojeg je postupak bio pokrenut zbog netransparentnog komuniciranja prema javnosti [&hellip;]\" \/>\n<meta property=\"og:url\" content=\"https:\/\/radioljubuski.ba\/index.php\/2021\/09\/17\/lex-agrokor-povjerenstvo-obustavilo-predmete-protiv-plenkovica-i-ostalih-duznosnika\/\" \/>\n<meta property=\"og:site_name\" content=\"RADIO LJUBU\u0160KI\" \/>\n<meta property=\"article:publisher\" content=\"https:\/\/www.facebook.com\/Radiio-Ljubuski-1490835324566332\" \/>\n<meta property=\"article:published_time\" content=\"2021-09-17T18:48:04+00:00\" \/>\n<meta property=\"article:modified_time\" content=\"2021-09-17T18:48:05+00:00\" \/>\n<meta property=\"og:image\" content=\"https:\/\/radioljubuski.ba\/wp-content\/uploads\/2021\/07\/A248LEBV_plenkovic.jpg\" \/>\n\t<meta property=\"og:image:width\" content=\"1000\" \/>\n\t<meta property=\"og:image:height\" content=\"625\" \/>\n\t<meta property=\"og:image:type\" content=\"image\/jpeg\" \/>\n<meta name=\"author\" content=\"Radio Ljubu\u0161ki\" \/>\n<meta name=\"twitter:card\" content=\"summary_large_image\" \/>\n<meta name=\"twitter:creator\" content=\"@radioljubuski\" \/>\n<meta name=\"twitter:site\" content=\"@radioljubuski\" \/>\n<meta name=\"twitter:label1\" content=\"Napisao\/la\" \/>\n\t<meta name=\"twitter:data1\" content=\"Radio Ljubu\u0161ki\" \/>\n\t<meta name=\"twitter:label2\" content=\"Procijenjeno vrijeme \u010ditanja\" \/>\n\t<meta name=\"twitter:data2\" content=\"3 minute\" \/>\n<script type=\"application\/ld+json\" class=\"yoast-schema-graph\">{\"@context\":\"https:\\\/\\\/schema.org\",\"@graph\":[{\"@type\":\"Article\",\"@id\":\"https:\\\/\\\/radioljubuski.ba\\\/index.php\\\/2021\\\/09\\\/17\\\/lex-agrokor-povjerenstvo-obustavilo-predmete-protiv-plenkovica-i-ostalih-duznosnika\\\/#article\",\"isPartOf\":{\"@id\":\"https:\\\/\\\/radioljubuski.ba\\\/index.php\\\/2021\\\/09\\\/17\\\/lex-agrokor-povjerenstvo-obustavilo-predmete-protiv-plenkovica-i-ostalih-duznosnika\\\/\"},\"author\":{\"name\":\"Radio Ljubu\u0161ki\",\"@id\":\"https:\\\/\\\/radioljubuski.ba\\\/#\\\/schema\\\/person\\\/19fc700381a780f69665d7956c469e3b\"},\"headline\":\"Lex Agrokor: Povjerenstvo obustavilo predmete protiv Plenkovi\u0107a i ostalih du\u017enosnika\",\"datePublished\":\"2021-09-17T18:48:04+00:00\",\"dateModified\":\"2021-09-17T18:48:05+00:00\",\"mainEntityOfPage\":{\"@id\":\"https:\\\/\\\/radioljubuski.ba\\\/index.php\\\/2021\\\/09\\\/17\\\/lex-agrokor-povjerenstvo-obustavilo-predmete-protiv-plenkovica-i-ostalih-duznosnika\\\/\"},\"wordCount\":592,\"publisher\":{\"@id\":\"https:\\\/\\\/radioljubuski.ba\\\/#organization\"},\"image\":{\"@id\":\"https:\\\/\\\/radioljubuski.ba\\\/index.php\\\/2021\\\/09\\\/17\\\/lex-agrokor-povjerenstvo-obustavilo-predmete-protiv-plenkovica-i-ostalih-duznosnika\\\/#primaryimage\"},\"thumbnailUrl\":\"https:\\\/\\\/radioljubuski.ba\\\/wp-content\\\/uploads\\\/2021\\\/07\\\/A248LEBV_plenkovic.jpg\",\"articleSection\":[\"BIH i regija\"],\"inLanguage\":\"hr\"},{\"@type\":\"WebPage\",\"@id\":\"https:\\\/\\\/radioljubuski.ba\\\/index.php\\\/2021\\\/09\\\/17\\\/lex-agrokor-povjerenstvo-obustavilo-predmete-protiv-plenkovica-i-ostalih-duznosnika\\\/\",\"url\":\"https:\\\/\\\/radioljubuski.ba\\\/index.php\\\/2021\\\/09\\\/17\\\/lex-agrokor-povjerenstvo-obustavilo-predmete-protiv-plenkovica-i-ostalih-duznosnika\\\/\",\"name\":\"Lex Agrokor: Povjerenstvo obustavilo predmete protiv Plenkovi\u0107a i ostalih du\u017enosnika - RADIO LJUBU\u0160KI\",\"isPartOf\":{\"@id\":\"https:\\\/\\\/radioljubuski.ba\\\/#website\"},\"primaryImageOfPage\":{\"@id\":\"https:\\\/\\\/radioljubuski.ba\\\/index.php\\\/2021\\\/09\\\/17\\\/lex-agrokor-povjerenstvo-obustavilo-predmete-protiv-plenkovica-i-ostalih-duznosnika\\\/#primaryimage\"},\"image\":{\"@id\":\"https:\\\/\\\/radioljubuski.ba\\\/index.php\\\/2021\\\/09\\\/17\\\/lex-agrokor-povjerenstvo-obustavilo-predmete-protiv-plenkovica-i-ostalih-duznosnika\\\/#primaryimage\"},\"thumbnailUrl\":\"https:\\\/\\\/radioljubuski.ba\\\/wp-content\\\/uploads\\\/2021\\\/07\\\/A248LEBV_plenkovic.jpg\",\"datePublished\":\"2021-09-17T18:48:04+00:00\",\"dateModified\":\"2021-09-17T18:48:05+00:00\",\"breadcrumb\":{\"@id\":\"https:\\\/\\\/radioljubuski.ba\\\/index.php\\\/2021\\\/09\\\/17\\\/lex-agrokor-povjerenstvo-obustavilo-predmete-protiv-plenkovica-i-ostalih-duznosnika\\\/#breadcrumb\"},\"inLanguage\":\"hr\",\"potentialAction\":[{\"@type\":\"ReadAction\",\"target\":[\"https:\\\/\\\/radioljubuski.ba\\\/index.php\\\/2021\\\/09\\\/17\\\/lex-agrokor-povjerenstvo-obustavilo-predmete-protiv-plenkovica-i-ostalih-duznosnika\\\/\"]}]},{\"@type\":\"ImageObject\",\"inLanguage\":\"hr\",\"@id\":\"https:\\\/\\\/radioljubuski.ba\\\/index.php\\\/2021\\\/09\\\/17\\\/lex-agrokor-povjerenstvo-obustavilo-predmete-protiv-plenkovica-i-ostalih-duznosnika\\\/#primaryimage\",\"url\":\"https:\\\/\\\/radioljubuski.ba\\\/wp-content\\\/uploads\\\/2021\\\/07\\\/A248LEBV_plenkovic.jpg\",\"contentUrl\":\"https:\\\/\\\/radioljubuski.ba\\\/wp-content\\\/uploads\\\/2021\\\/07\\\/A248LEBV_plenkovic.jpg\",\"width\":1000,\"height\":625},{\"@type\":\"BreadcrumbList\",\"@id\":\"https:\\\/\\\/radioljubuski.ba\\\/index.php\\\/2021\\\/09\\\/17\\\/lex-agrokor-povjerenstvo-obustavilo-predmete-protiv-plenkovica-i-ostalih-duznosnika\\\/#breadcrumb\",\"itemListElement\":[{\"@type\":\"ListItem\",\"position\":1,\"name\":\"Po\u010detna stranica\",\"item\":\"https:\\\/\\\/radioljubuski.ba\\\/\"},{\"@type\":\"ListItem\",\"position\":2,\"name\":\"Lex Agrokor: Povjerenstvo obustavilo predmete protiv Plenkovi\u0107a i ostalih du\u017enosnika\"}]},{\"@type\":\"WebSite\",\"@id\":\"https:\\\/\\\/radioljubuski.ba\\\/#website\",\"url\":\"https:\\\/\\\/radioljubuski.ba\\\/\",\"name\":\"Radio Ljubu\u0161ki\",\"description\":\"Sun\u010dana frekvencija Hercegovine\",\"publisher\":{\"@id\":\"https:\\\/\\\/radioljubuski.ba\\\/#organization\"},\"potentialAction\":[{\"@type\":\"SearchAction\",\"target\":{\"@type\":\"EntryPoint\",\"urlTemplate\":\"https:\\\/\\\/radioljubuski.ba\\\/?s={search_term_string}\"},\"query-input\":{\"@type\":\"PropertyValueSpecification\",\"valueRequired\":true,\"valueName\":\"search_term_string\"}}],\"inLanguage\":\"hr\"},{\"@type\":\"Organization\",\"@id\":\"https:\\\/\\\/radioljubuski.ba\\\/#organization\",\"name\":\"Radio Ljubu\u0161ki\",\"url\":\"https:\\\/\\\/radioljubuski.ba\\\/\",\"logo\":{\"@type\":\"ImageObject\",\"inLanguage\":\"hr\",\"@id\":\"https:\\\/\\\/radioljubuski.ba\\\/#\\\/schema\\\/logo\\\/image\\\/\",\"url\":\"https:\\\/\\\/radioljubuski.ba\\\/wp-content\\\/uploads\\\/2021\\\/02\\\/cropped-Radio_Ljubuski_logo1.jpg\",\"contentUrl\":\"https:\\\/\\\/radioljubuski.ba\\\/wp-content\\\/uploads\\\/2021\\\/02\\\/cropped-Radio_Ljubuski_logo1.jpg\",\"width\":512,\"height\":512,\"caption\":\"Radio Ljubu\u0161ki\"},\"image\":{\"@id\":\"https:\\\/\\\/radioljubuski.ba\\\/#\\\/schema\\\/logo\\\/image\\\/\"},\"sameAs\":[\"https:\\\/\\\/www.facebook.com\\\/Radiio-Ljubuski-1490835324566332\",\"https:\\\/\\\/x.com\\\/radioljubuski\",\"https:\\\/\\\/hr.linkedin.com\\\/company\\\/radio-ljubuski\",\"https:\\\/\\\/www.youtube.com\\\/channel\\\/UCHYaeO_n0Db3tjNGudGpXyw\"]},{\"@type\":\"Person\",\"@id\":\"https:\\\/\\\/radioljubuski.ba\\\/#\\\/schema\\\/person\\\/19fc700381a780f69665d7956c469e3b\",\"name\":\"Radio Ljubu\u0161ki\"}]}<\/script>\n<!-- \/ Yoast SEO plugin. -->","yoast_head_json":{"title":"Lex Agrokor: Povjerenstvo obustavilo predmete protiv Plenkovi\u0107a i ostalih du\u017enosnika - RADIO LJUBU\u0160KI","robots":{"index":"index","follow":"follow","max-snippet":"max-snippet:-1","max-image-preview":"max-image-preview:large","max-video-preview":"max-video-preview:-1"},"canonical":"https:\/\/radioljubuski.ba\/index.php\/2021\/09\/17\/lex-agrokor-povjerenstvo-obustavilo-predmete-protiv-plenkovica-i-ostalih-duznosnika\/","og_locale":"hr_HR","og_type":"article","og_title":"Lex Agrokor: Povjerenstvo obustavilo predmete protiv Plenkovi\u0107a i ostalih du\u017enosnika - RADIO LJUBU\u0160KI","og_description":"Povjerenstvo za sukob interesa obustavilo je u petak predmete protiv premijera Andreja Plenkovi\u0107a i ostalih visokih du\u017enosnika, slijedom prakse u kojoj su upravni sudovi i Visoki upravni sud odlu\u010dili da Povjerenstvo ne mo\u017ee odlu\u010divati o \u010dl. 5, kojim su propisana na\u010dela djelovanja. Uz premijera, protiv kojeg je postupak bio pokrenut zbog netransparentnog komuniciranja prema javnosti [&hellip;]","og_url":"https:\/\/radioljubuski.ba\/index.php\/2021\/09\/17\/lex-agrokor-povjerenstvo-obustavilo-predmete-protiv-plenkovica-i-ostalih-duznosnika\/","og_site_name":"RADIO LJUBU\u0160KI","article_publisher":"https:\/\/www.facebook.com\/Radiio-Ljubuski-1490835324566332","article_published_time":"2021-09-17T18:48:04+00:00","article_modified_time":"2021-09-17T18:48:05+00:00","og_image":[{"width":1000,"height":625,"url":"https:\/\/radioljubuski.ba\/wp-content\/uploads\/2021\/07\/A248LEBV_plenkovic.jpg","type":"image\/jpeg"}],"author":"Radio Ljubu\u0161ki","twitter_card":"summary_large_image","twitter_creator":"@radioljubuski","twitter_site":"@radioljubuski","twitter_misc":{"Napisao\/la":"Radio Ljubu\u0161ki","Procijenjeno vrijeme \u010ditanja":"3 minute"},"schema":{"@context":"https:\/\/schema.org","@graph":[{"@type":"Article","@id":"https:\/\/radioljubuski.ba\/index.php\/2021\/09\/17\/lex-agrokor-povjerenstvo-obustavilo-predmete-protiv-plenkovica-i-ostalih-duznosnika\/#article","isPartOf":{"@id":"https:\/\/radioljubuski.ba\/index.php\/2021\/09\/17\/lex-agrokor-povjerenstvo-obustavilo-predmete-protiv-plenkovica-i-ostalih-duznosnika\/"},"author":{"name":"Radio Ljubu\u0161ki","@id":"https:\/\/radioljubuski.ba\/#\/schema\/person\/19fc700381a780f69665d7956c469e3b"},"headline":"Lex Agrokor: Povjerenstvo obustavilo predmete protiv Plenkovi\u0107a i ostalih du\u017enosnika","datePublished":"2021-09-17T18:48:04+00:00","dateModified":"2021-09-17T18:48:05+00:00","mainEntityOfPage":{"@id":"https:\/\/radioljubuski.ba\/index.php\/2021\/09\/17\/lex-agrokor-povjerenstvo-obustavilo-predmete-protiv-plenkovica-i-ostalih-duznosnika\/"},"wordCount":592,"publisher":{"@id":"https:\/\/radioljubuski.ba\/#organization"},"image":{"@id":"https:\/\/radioljubuski.ba\/index.php\/2021\/09\/17\/lex-agrokor-povjerenstvo-obustavilo-predmete-protiv-plenkovica-i-ostalih-duznosnika\/#primaryimage"},"thumbnailUrl":"https:\/\/radioljubuski.ba\/wp-content\/uploads\/2021\/07\/A248LEBV_plenkovic.jpg","articleSection":["BIH i regija"],"inLanguage":"hr"},{"@type":"WebPage","@id":"https:\/\/radioljubuski.ba\/index.php\/2021\/09\/17\/lex-agrokor-povjerenstvo-obustavilo-predmete-protiv-plenkovica-i-ostalih-duznosnika\/","url":"https:\/\/radioljubuski.ba\/index.php\/2021\/09\/17\/lex-agrokor-povjerenstvo-obustavilo-predmete-protiv-plenkovica-i-ostalih-duznosnika\/","name":"Lex Agrokor: Povjerenstvo obustavilo predmete protiv Plenkovi\u0107a i ostalih du\u017enosnika - RADIO LJUBU\u0160KI","isPartOf":{"@id":"https:\/\/radioljubuski.ba\/#website"},"primaryImageOfPage":{"@id":"https:\/\/radioljubuski.ba\/index.php\/2021\/09\/17\/lex-agrokor-povjerenstvo-obustavilo-predmete-protiv-plenkovica-i-ostalih-duznosnika\/#primaryimage"},"image":{"@id":"https:\/\/radioljubuski.ba\/index.php\/2021\/09\/17\/lex-agrokor-povjerenstvo-obustavilo-predmete-protiv-plenkovica-i-ostalih-duznosnika\/#primaryimage"},"thumbnailUrl":"https:\/\/radioljubuski.ba\/wp-content\/uploads\/2021\/07\/A248LEBV_plenkovic.jpg","datePublished":"2021-09-17T18:48:04+00:00","dateModified":"2021-09-17T18:48:05+00:00","breadcrumb":{"@id":"https:\/\/radioljubuski.ba\/index.php\/2021\/09\/17\/lex-agrokor-povjerenstvo-obustavilo-predmete-protiv-plenkovica-i-ostalih-duznosnika\/#breadcrumb"},"inLanguage":"hr","potentialAction":[{"@type":"ReadAction","target":["https:\/\/radioljubuski.ba\/index.php\/2021\/09\/17\/lex-agrokor-povjerenstvo-obustavilo-predmete-protiv-plenkovica-i-ostalih-duznosnika\/"]}]},{"@type":"ImageObject","inLanguage":"hr","@id":"https:\/\/radioljubuski.ba\/index.php\/2021\/09\/17\/lex-agrokor-povjerenstvo-obustavilo-predmete-protiv-plenkovica-i-ostalih-duznosnika\/#primaryimage","url":"https:\/\/radioljubuski.ba\/wp-content\/uploads\/2021\/07\/A248LEBV_plenkovic.jpg","contentUrl":"https:\/\/radioljubuski.ba\/wp-content\/uploads\/2021\/07\/A248LEBV_plenkovic.jpg","width":1000,"height":625},{"@type":"BreadcrumbList","@id":"https:\/\/radioljubuski.ba\/index.php\/2021\/09\/17\/lex-agrokor-povjerenstvo-obustavilo-predmete-protiv-plenkovica-i-ostalih-duznosnika\/#breadcrumb","itemListElement":[{"@type":"ListItem","position":1,"name":"Po\u010detna stranica","item":"https:\/\/radioljubuski.ba\/"},{"@type":"ListItem","position":2,"name":"Lex Agrokor: Povjerenstvo obustavilo predmete protiv Plenkovi\u0107a i ostalih du\u017enosnika"}]},{"@type":"WebSite","@id":"https:\/\/radioljubuski.ba\/#website","url":"https:\/\/radioljubuski.ba\/","name":"Radio Ljubu\u0161ki","description":"Sun\u010dana frekvencija Hercegovine","publisher":{"@id":"https:\/\/radioljubuski.ba\/#organization"},"potentialAction":[{"@type":"SearchAction","target":{"@type":"EntryPoint","urlTemplate":"https:\/\/radioljubuski.ba\/?s={search_term_string}"},"query-input":{"@type":"PropertyValueSpecification","valueRequired":true,"valueName":"search_term_string"}}],"inLanguage":"hr"},{"@type":"Organization","@id":"https:\/\/radioljubuski.ba\/#organization","name":"Radio Ljubu\u0161ki","url":"https:\/\/radioljubuski.ba\/","logo":{"@type":"ImageObject","inLanguage":"hr","@id":"https:\/\/radioljubuski.ba\/#\/schema\/logo\/image\/","url":"https:\/\/radioljubuski.ba\/wp-content\/uploads\/2021\/02\/cropped-Radio_Ljubuski_logo1.jpg","contentUrl":"https:\/\/radioljubuski.ba\/wp-content\/uploads\/2021\/02\/cropped-Radio_Ljubuski_logo1.jpg","width":512,"height":512,"caption":"Radio Ljubu\u0161ki"},"image":{"@id":"https:\/\/radioljubuski.ba\/#\/schema\/logo\/image\/"},"sameAs":["https:\/\/www.facebook.com\/Radiio-Ljubuski-1490835324566332","https:\/\/x.com\/radioljubuski","https:\/\/hr.linkedin.com\/company\/radio-ljubuski","https:\/\/www.youtube.com\/channel\/UCHYaeO_n0Db3tjNGudGpXyw"]},{"@type":"Person","@id":"https:\/\/radioljubuski.ba\/#\/schema\/person\/19fc700381a780f69665d7956c469e3b","name":"Radio Ljubu\u0161ki"}]}},"_links":{"self":[{"href":"https:\/\/radioljubuski.ba\/index.php\/wp-json\/wp\/v2\/posts\/64829","targetHints":{"allow":["GET"]}}],"collection":[{"href":"https:\/\/radioljubuski.ba\/index.php\/wp-json\/wp\/v2\/posts"}],"about":[{"href":"https:\/\/radioljubuski.ba\/index.php\/wp-json\/wp\/v2\/types\/post"}],"author":[{"embeddable":true,"href":"https:\/\/radioljubuski.ba\/index.php\/wp-json\/wp\/v2\/users\/2"}],"replies":[{"embeddable":true,"href":"https:\/\/radioljubuski.ba\/index.php\/wp-json\/wp\/v2\/comments?post=64829"}],"version-history":[{"count":1,"href":"https:\/\/radioljubuski.ba\/index.php\/wp-json\/wp\/v2\/posts\/64829\/revisions"}],"predecessor-version":[{"id":64830,"href":"https:\/\/radioljubuski.ba\/index.php\/wp-json\/wp\/v2\/posts\/64829\/revisions\/64830"}],"wp:featuredmedia":[{"embeddable":true,"href":"https:\/\/radioljubuski.ba\/index.php\/wp-json\/wp\/v2\/media\/46211"}],"wp:attachment":[{"href":"https:\/\/radioljubuski.ba\/index.php\/wp-json\/wp\/v2\/media?parent=64829"}],"wp:term":[{"taxonomy":"category","embeddable":true,"href":"https:\/\/radioljubuski.ba\/index.php\/wp-json\/wp\/v2\/categories?post=64829"},{"taxonomy":"post_tag","embeddable":true,"href":"https:\/\/radioljubuski.ba\/index.php\/wp-json\/wp\/v2\/tags?post=64829"}],"curies":[{"name":"wp","href":"https:\/\/api.w.org\/{rel}","templated":true}]}}