{"id":64831,"date":"2021-09-17T19:49:15","date_gmt":"2021-09-17T18:49:15","guid":{"rendered":"https:\/\/radioljubuski.ba\/?p=64831"},"modified":"2021-09-17T19:49:16","modified_gmt":"2021-09-17T18:49:16","slug":"capak-danas-devet-preminulih-osam-ih-nije-bilo-cijepljeno","status":"publish","type":"post","link":"https:\/\/radioljubuski.ba\/index.php\/2021\/09\/17\/capak-danas-devet-preminulih-osam-ih-nije-bilo-cijepljeno\/","title":{"rendered":"Capak: Danas devet preminulih, osam ih nije bilo cijepljeno"},"content":{"rendered":"\n<p>Hrvatska ima tjedno 39-postotno pove\u0107anje novoobljelih od covida-19, raste broj hospitaliziranih, a od devet preminulih u posljednja 24 sata, osam ih nije bilo cijepljeno, upozorio je u petak ravnatelj Hrvatskog zavoda za javno zdravstvo Krunoslav Capak.&nbsp;<\/p>\n\n\n\n<p>Udio pozitivnih me\u0111u testiranima danas je 12,5 posto, a u odnosu na ju\u010der 14 novih osoba je na respiratoru, rekao je Capak na konferenciji za novinare Nacionalnog sto\u017eera civilne za\u0161tite.<\/p>\n\n\n\n<p>U posljednja 24 sata od covida je preminulo devet osoba, od kojih osam nije bilo cijepljeno, a prosjek dobi im je 72 godine.&nbsp;<\/p>\n\n\n\n<p>U prvih pet dana ovoga tjedna imamo 5739 novozara\u017eenih, dok ih je pro\u0161loga tjedna bilo 4108, \u0161to je pove\u0107anje od 39,7 posto, upozorio je Capak.<\/p>\n\n\n\n<p>Najni\u017eu incidenciju ima Istarska, a najvi\u0161u u Splitsko-dalmatinska \u017eupanija. Po kriterijima Europskog centra za prevenciju i kontrolu bolesti, sve su hrvatske \u017eupanije u crvenom, osim Istarske koja je naran\u010dasta.<\/p>\n\n\n\n<p>\u010cetvrti val pandemije po\u010deo je ranije i s ve\u0107im brojkama nego drugi val pro\u0161le godine. Prora\u010dun epidemiologa je da oko 50-60 posto ljudi u Hrvatskoj ima neku imunost, no preostalih 40 posto jo\u0161 je velik broj, rekao je Capak te iznio prognozu po kojoj \u010detvrti val ne\u0107e i\u0107i tako visoko s brojkama oboljelih kao drugi val pro\u0161le godine.&nbsp;<\/p>\n\n\n\n<p><strong>Markoti\u0107: Nisu djeca na\u0161e igra\u010dke<\/strong><\/p>\n\n\n\n<p>Ravnateljica Klinike za infektivne bolesti Alemka Markoti\u0107 istaknula je da u u cijeloj Europi raste broj inficiranih i hospitaliziranih te da se posvuda apelira na cijepljenje. Delta varijanta preuzela je 100-postotni primat u Europi i to je razlog za\u0161to se infekcija ovako brzo \u0161iri. Jo\u0161 uvijek je dosta necijepljenih i tu je \u0161irok prostor na \u0161irenje virusa, istaknula je.<\/p>\n\n\n\n<p>Pozvala je sve odgovorne da djecu ne zbunjuju informacijama zbog svojih ideja, aludiraju\u0107i na one koji djeci sugeriraju da ne nose maske u \u0161kolama.<\/p>\n\n\n\n<p>&#8220;Svaki odgovoran roditelj \u0107e za bolesno dijete tra\u017eiti pomo\u0107 od lije\u010dnika, ne\u0107e i\u0107i pitati ekipu na internetu i na mre\u017eama \u010dime \u0107e lije\u010diti svoje dijete i kako \u0107e ga operirat&#8230; Nisu djeca na\u0161e igra\u010dke, oni koji se \u017eele igrati lije\u010dnika neka si kupe lutku i \u0161price, \u017eivu djecu neka prepuste struci&#8221;, poru\u010dila je Markoti\u0107.<\/p>\n\n\n\n<p>Vezano uz maske u \u0161kolama, Capak je pojasnio da se time \u017eeli sprije\u010diti situaciju da cijeli razred ide u samoizolaciju kada jedan u\u010denik oboli.<\/p>\n\n\n\n<p>Podsjetio je na mogu\u0107nost da se tamo gdje je dobra epidemiolo\u0161ka situacija na lokalnoj razini dopusti djeci da ne nose masku. No u slu\u010daju Krapinskih Toplica ili Sinja, to nije slu\u010daj.<\/p>\n\n\n\n<p>&#8220;Svatko tko ka\u017ee da maska ne \u0161titi &#8211; neka ka\u017ee kirurgu kada ga operira da ne treba nositi masku&#8221;, poru\u010dio je Capak onima koji u zadnje vrijeme dovode u pitanje u\u010dinkovitost te mjere za\u0161tite.&nbsp;<\/p>\n\n\n\n<p>Za postupanje policije u Krapinskim Toplicama, ministar unutarnjih poslova Davor Bo\u017einovi\u0107 rekao &nbsp;je da je policija odabrala ispravnu taktiku i u\u010dinila sve da sprije\u010di eskalaciju.<\/p>\n\n\n\n<p>Vezano uz covid potvrde, Bo\u017einovi\u0107 je rekao kako se ne planira njihovo uvo\u0111enje u shopping centre i sustav obrazovanja. Zasad je, ka\u017ee, ideja da se one uvedu samo za zdravstvo i u domove za starije i nemo\u0107ne.<\/p>\n\n\n\n<p>Za one djelatnike u zdravstvu koji nisu cijepljeni, niti su preboljeli covid, uvodi se od 1. listopada obvezno testiranje, no ministar Vili Bero\u0161 nije odgovorio koliko dugo \u0107e ono biti besplatno, niti o kojem se tro\u0161ku radi, rekav\u0161i samo da su napravljene projekcije.&nbsp;<\/p>\n\n\n\n<p>Odre\u0111en je, ka\u017ee, jedan period za evaluaciju, u kojemu \u0107e se vidjeti koliko ljudi i dalje odbija cijepljenje i testiranje.<\/p>\n\n\n\n<p>Iako je najavio uvo\u0111enje covid potvrda na ulazu u Ministarstvo zdravstva, Bero\u0161 je danas rekao da je s pravne strane to malo te\u017ee realizirati, jer Ministarstvo ne sudjeluje u lije\u010denju i mora imati ista pravila kao i druga tijela dr\u017eavne uprave.<\/p>\n\n\n\n<p><strong>Cijepljenje tre\u0107om dozom ne prije po\u010detka listopada<\/strong><\/p>\n\n\n\n<p>Upitan za po\u010detak cijepljenja tre\u0107om dozom, Capak je rekao da jo\u0161 nije ni na vidiku odluka Europske agencije za lijekove (EMA) o registraciji tre\u0107e doze Pfizera te da vjerojatno ne\u0107e po\u010deti cijepljenje tre\u0107om dozom prije po\u010detka listopada.<\/p>\n\n\n\n<p>Potvrdio je i da je nabavljeno 336.000 doza novog proteinskog Sanofijeva cjepiva, koje ima manje nuspojava, no jo\u0161 se ka\u017ee za njega \u010deka registracija EMA-e.<\/p>\n\n\n\n<p>Za sutra\u0161nji prosvjed protiv epidemiolo\u0161kih mjera u Zagrebu, Bo\u017einovi\u0107e je rekao da ga je organizator (Inicijativa Prava i slobode) prijavio.&nbsp;<\/p>\n\n\n\n<p>Organizatoru je ukazano na sve zakonske odredbe, odluke Sto\u017eera i preporuke HZJZ-a. Policija \u0107e doga\u0111aj snimati, a \u0161to \u0107e policija i kako \u0107e postupati, Bo\u017einovi\u0107 nije \u017eelio &nbsp;unaprijed govoriti.<\/p>\n\n\n\n<p>Upitan trebaju li svi okupljeni imati covid potvrde, Bo\u017einovi\u0107 je odgovorio da bi sve \u0161to je iznad 100 osoba trebalo biti prijavljeno lokalnom sto\u017eeru, u ovom slu\u010daju sto\u017eeru Grada Zagreba, koji bi trebao voditi brigu.<\/p>\n\n\n\n<p>Ustvrdio je i da prosvjednici u Hrvatskoj \u017eele iskoristiti moment prosvjeda diljem Europe, no i da i Hrvatskoj nema za to razloga jer nema restrikcija i mali je broj mjera na snazi.<\/p>\n\n\n\n<p>&#8220;Ne znam na \u0161to se sve pozivaju. Mi govorimo samo o povjerenju u znanost. Ili \u0107emo vjerovati znanstvenicima ili onima koji crpe znanje iz facebook objava&#8221;, rekao je Bo\u017einovi\u0107.<\/p>\n\n\n\n<p>Rekao je i da se o potpunom otvaranju u Hrvatskoj za sada ne govori s obzirom na rast broja novozara\u017eenih.<\/p>\n\n\n\n<p>Izvor:pogled.ba<\/p>\n","protected":false},"excerpt":{"rendered":"<p>Hrvatska ima tjedno 39-postotno pove\u0107anje novoobljelih od covida-19, raste broj hospitaliziranih, a od devet preminulih u posljednja 24 sata, osam ih nije bilo cijepljeno, upozorio je u petak ravnatelj Hrvatskog zavoda za javno zdravstvo Krunoslav Capak.&nbsp; Udio pozitivnih me\u0111u testiranima danas je 12,5 posto, a u odnosu na ju\u010der 14 novih osoba je na respiratoru, [&hellip;]<\/p>\n","protected":false},"author":2,"featured_media":3053,"comment_status":"closed","ping_status":"closed","sticky":false,"template":"","format":"standard","meta":{"h5ap_radio_sources":[],"footnotes":""},"categories":[1],"tags":[],"class_list":["post-64831","post","type-post","status-publish","format-standard","has-post-thumbnail","hentry","category-bihiregija"],"yoast_head":"<!-- This site is optimized with the Yoast SEO plugin v27.4 - https:\/\/yoast.com\/product\/yoast-seo-wordpress\/ -->\n<title>Capak: Danas devet preminulih, osam ih nije bilo cijepljeno - RADIO LJUBU\u0160KI<\/title>\n<meta name=\"robots\" content=\"index, follow, max-snippet:-1, max-image-preview:large, max-video-preview:-1\" \/>\n<link rel=\"canonical\" href=\"https:\/\/radioljubuski.ba\/index.php\/2021\/09\/17\/capak-danas-devet-preminulih-osam-ih-nije-bilo-cijepljeno\/\" \/>\n<meta property=\"og:locale\" content=\"hr_HR\" \/>\n<meta property=\"og:type\" content=\"article\" \/>\n<meta property=\"og:title\" content=\"Capak: Danas devet preminulih, osam ih nije bilo cijepljeno - RADIO LJUBU\u0160KI\" \/>\n<meta property=\"og:description\" content=\"Hrvatska ima tjedno 39-postotno pove\u0107anje novoobljelih od covida-19, raste broj hospitaliziranih, a od devet preminulih u posljednja 24 sata, osam ih nije bilo cijepljeno, upozorio je u petak ravnatelj Hrvatskog zavoda za javno zdravstvo Krunoslav Capak.&nbsp; Udio pozitivnih me\u0111u testiranima danas je 12,5 posto, a u odnosu na ju\u010der 14 novih osoba je na respiratoru, [&hellip;]\" \/>\n<meta property=\"og:url\" content=\"https:\/\/radioljubuski.ba\/index.php\/2021\/09\/17\/capak-danas-devet-preminulih-osam-ih-nije-bilo-cijepljeno\/\" \/>\n<meta property=\"og:site_name\" content=\"RADIO LJUBU\u0160KI\" \/>\n<meta property=\"article:publisher\" content=\"https:\/\/www.facebook.com\/Radiio-Ljubuski-1490835324566332\" \/>\n<meta property=\"article:published_time\" content=\"2021-09-17T18:49:15+00:00\" \/>\n<meta property=\"article:modified_time\" content=\"2021-09-17T18:49:16+00:00\" \/>\n<meta property=\"og:image\" content=\"https:\/\/radioljubuski.ba\/wp-content\/uploads\/2021\/03\/capak.jpg\" \/>\n\t<meta property=\"og:image:width\" content=\"1000\" \/>\n\t<meta property=\"og:image:height\" content=\"625\" \/>\n\t<meta property=\"og:image:type\" content=\"image\/jpeg\" \/>\n<meta name=\"author\" content=\"Radio Ljubu\u0161ki\" \/>\n<meta name=\"twitter:card\" content=\"summary_large_image\" \/>\n<meta name=\"twitter:creator\" content=\"@radioljubuski\" \/>\n<meta name=\"twitter:site\" content=\"@radioljubuski\" \/>\n<meta name=\"twitter:label1\" content=\"Napisao\/la\" \/>\n\t<meta name=\"twitter:data1\" content=\"Radio Ljubu\u0161ki\" \/>\n\t<meta name=\"twitter:label2\" content=\"Procijenjeno vrijeme \u010ditanja\" \/>\n\t<meta name=\"twitter:data2\" content=\"4 minute\" \/>\n<script type=\"application\/ld+json\" class=\"yoast-schema-graph\">{\"@context\":\"https:\\\/\\\/schema.org\",\"@graph\":[{\"@type\":\"Article\",\"@id\":\"https:\\\/\\\/radioljubuski.ba\\\/index.php\\\/2021\\\/09\\\/17\\\/capak-danas-devet-preminulih-osam-ih-nije-bilo-cijepljeno\\\/#article\",\"isPartOf\":{\"@id\":\"https:\\\/\\\/radioljubuski.ba\\\/index.php\\\/2021\\\/09\\\/17\\\/capak-danas-devet-preminulih-osam-ih-nije-bilo-cijepljeno\\\/\"},\"author\":{\"name\":\"Radio Ljubu\u0161ki\",\"@id\":\"https:\\\/\\\/radioljubuski.ba\\\/#\\\/schema\\\/person\\\/19fc700381a780f69665d7956c469e3b\"},\"headline\":\"Capak: Danas devet preminulih, osam ih nije bilo cijepljeno\",\"datePublished\":\"2021-09-17T18:49:15+00:00\",\"dateModified\":\"2021-09-17T18:49:16+00:00\",\"mainEntityOfPage\":{\"@id\":\"https:\\\/\\\/radioljubuski.ba\\\/index.php\\\/2021\\\/09\\\/17\\\/capak-danas-devet-preminulih-osam-ih-nije-bilo-cijepljeno\\\/\"},\"wordCount\":921,\"publisher\":{\"@id\":\"https:\\\/\\\/radioljubuski.ba\\\/#organization\"},\"image\":{\"@id\":\"https:\\\/\\\/radioljubuski.ba\\\/index.php\\\/2021\\\/09\\\/17\\\/capak-danas-devet-preminulih-osam-ih-nije-bilo-cijepljeno\\\/#primaryimage\"},\"thumbnailUrl\":\"https:\\\/\\\/radioljubuski.ba\\\/wp-content\\\/uploads\\\/2021\\\/03\\\/capak.jpg\",\"articleSection\":[\"BIH i regija\"],\"inLanguage\":\"hr\"},{\"@type\":\"WebPage\",\"@id\":\"https:\\\/\\\/radioljubuski.ba\\\/index.php\\\/2021\\\/09\\\/17\\\/capak-danas-devet-preminulih-osam-ih-nije-bilo-cijepljeno\\\/\",\"url\":\"https:\\\/\\\/radioljubuski.ba\\\/index.php\\\/2021\\\/09\\\/17\\\/capak-danas-devet-preminulih-osam-ih-nije-bilo-cijepljeno\\\/\",\"name\":\"Capak: Danas devet preminulih, osam ih nije bilo cijepljeno - RADIO LJUBU\u0160KI\",\"isPartOf\":{\"@id\":\"https:\\\/\\\/radioljubuski.ba\\\/#website\"},\"primaryImageOfPage\":{\"@id\":\"https:\\\/\\\/radioljubuski.ba\\\/index.php\\\/2021\\\/09\\\/17\\\/capak-danas-devet-preminulih-osam-ih-nije-bilo-cijepljeno\\\/#primaryimage\"},\"image\":{\"@id\":\"https:\\\/\\\/radioljubuski.ba\\\/index.php\\\/2021\\\/09\\\/17\\\/capak-danas-devet-preminulih-osam-ih-nije-bilo-cijepljeno\\\/#primaryimage\"},\"thumbnailUrl\":\"https:\\\/\\\/radioljubuski.ba\\\/wp-content\\\/uploads\\\/2021\\\/03\\\/capak.jpg\",\"datePublished\":\"2021-09-17T18:49:15+00:00\",\"dateModified\":\"2021-09-17T18:49:16+00:00\",\"breadcrumb\":{\"@id\":\"https:\\\/\\\/radioljubuski.ba\\\/index.php\\\/2021\\\/09\\\/17\\\/capak-danas-devet-preminulih-osam-ih-nije-bilo-cijepljeno\\\/#breadcrumb\"},\"inLanguage\":\"hr\",\"potentialAction\":[{\"@type\":\"ReadAction\",\"target\":[\"https:\\\/\\\/radioljubuski.ba\\\/index.php\\\/2021\\\/09\\\/17\\\/capak-danas-devet-preminulih-osam-ih-nije-bilo-cijepljeno\\\/\"]}]},{\"@type\":\"ImageObject\",\"inLanguage\":\"hr\",\"@id\":\"https:\\\/\\\/radioljubuski.ba\\\/index.php\\\/2021\\\/09\\\/17\\\/capak-danas-devet-preminulih-osam-ih-nije-bilo-cijepljeno\\\/#primaryimage\",\"url\":\"https:\\\/\\\/radioljubuski.ba\\\/wp-content\\\/uploads\\\/2021\\\/03\\\/capak.jpg\",\"contentUrl\":\"https:\\\/\\\/radioljubuski.ba\\\/wp-content\\\/uploads\\\/2021\\\/03\\\/capak.jpg\",\"width\":1000,\"height\":625},{\"@type\":\"BreadcrumbList\",\"@id\":\"https:\\\/\\\/radioljubuski.ba\\\/index.php\\\/2021\\\/09\\\/17\\\/capak-danas-devet-preminulih-osam-ih-nije-bilo-cijepljeno\\\/#breadcrumb\",\"itemListElement\":[{\"@type\":\"ListItem\",\"position\":1,\"name\":\"Po\u010detna stranica\",\"item\":\"https:\\\/\\\/radioljubuski.ba\\\/\"},{\"@type\":\"ListItem\",\"position\":2,\"name\":\"Capak: Danas devet preminulih, osam ih nije bilo cijepljeno\"}]},{\"@type\":\"WebSite\",\"@id\":\"https:\\\/\\\/radioljubuski.ba\\\/#website\",\"url\":\"https:\\\/\\\/radioljubuski.ba\\\/\",\"name\":\"Radio Ljubu\u0161ki\",\"description\":\"Sun\u010dana frekvencija Hercegovine\",\"publisher\":{\"@id\":\"https:\\\/\\\/radioljubuski.ba\\\/#organization\"},\"potentialAction\":[{\"@type\":\"SearchAction\",\"target\":{\"@type\":\"EntryPoint\",\"urlTemplate\":\"https:\\\/\\\/radioljubuski.ba\\\/?s={search_term_string}\"},\"query-input\":{\"@type\":\"PropertyValueSpecification\",\"valueRequired\":true,\"valueName\":\"search_term_string\"}}],\"inLanguage\":\"hr\"},{\"@type\":\"Organization\",\"@id\":\"https:\\\/\\\/radioljubuski.ba\\\/#organization\",\"name\":\"Radio Ljubu\u0161ki\",\"url\":\"https:\\\/\\\/radioljubuski.ba\\\/\",\"logo\":{\"@type\":\"ImageObject\",\"inLanguage\":\"hr\",\"@id\":\"https:\\\/\\\/radioljubuski.ba\\\/#\\\/schema\\\/logo\\\/image\\\/\",\"url\":\"https:\\\/\\\/radioljubuski.ba\\\/wp-content\\\/uploads\\\/2021\\\/02\\\/cropped-Radio_Ljubuski_logo1.jpg\",\"contentUrl\":\"https:\\\/\\\/radioljubuski.ba\\\/wp-content\\\/uploads\\\/2021\\\/02\\\/cropped-Radio_Ljubuski_logo1.jpg\",\"width\":512,\"height\":512,\"caption\":\"Radio Ljubu\u0161ki\"},\"image\":{\"@id\":\"https:\\\/\\\/radioljubuski.ba\\\/#\\\/schema\\\/logo\\\/image\\\/\"},\"sameAs\":[\"https:\\\/\\\/www.facebook.com\\\/Radiio-Ljubuski-1490835324566332\",\"https:\\\/\\\/x.com\\\/radioljubuski\",\"https:\\\/\\\/hr.linkedin.com\\\/company\\\/radio-ljubuski\",\"https:\\\/\\\/www.youtube.com\\\/channel\\\/UCHYaeO_n0Db3tjNGudGpXyw\"]},{\"@type\":\"Person\",\"@id\":\"https:\\\/\\\/radioljubuski.ba\\\/#\\\/schema\\\/person\\\/19fc700381a780f69665d7956c469e3b\",\"name\":\"Radio Ljubu\u0161ki\"}]}<\/script>\n<!-- \/ Yoast SEO plugin. -->","yoast_head_json":{"title":"Capak: Danas devet preminulih, osam ih nije bilo cijepljeno - RADIO LJUBU\u0160KI","robots":{"index":"index","follow":"follow","max-snippet":"max-snippet:-1","max-image-preview":"max-image-preview:large","max-video-preview":"max-video-preview:-1"},"canonical":"https:\/\/radioljubuski.ba\/index.php\/2021\/09\/17\/capak-danas-devet-preminulih-osam-ih-nije-bilo-cijepljeno\/","og_locale":"hr_HR","og_type":"article","og_title":"Capak: Danas devet preminulih, osam ih nije bilo cijepljeno - RADIO LJUBU\u0160KI","og_description":"Hrvatska ima tjedno 39-postotno pove\u0107anje novoobljelih od covida-19, raste broj hospitaliziranih, a od devet preminulih u posljednja 24 sata, osam ih nije bilo cijepljeno, upozorio je u petak ravnatelj Hrvatskog zavoda za javno zdravstvo Krunoslav Capak.&nbsp; Udio pozitivnih me\u0111u testiranima danas je 12,5 posto, a u odnosu na ju\u010der 14 novih osoba je na respiratoru, [&hellip;]","og_url":"https:\/\/radioljubuski.ba\/index.php\/2021\/09\/17\/capak-danas-devet-preminulih-osam-ih-nije-bilo-cijepljeno\/","og_site_name":"RADIO LJUBU\u0160KI","article_publisher":"https:\/\/www.facebook.com\/Radiio-Ljubuski-1490835324566332","article_published_time":"2021-09-17T18:49:15+00:00","article_modified_time":"2021-09-17T18:49:16+00:00","og_image":[{"width":1000,"height":625,"url":"https:\/\/radioljubuski.ba\/wp-content\/uploads\/2021\/03\/capak.jpg","type":"image\/jpeg"}],"author":"Radio Ljubu\u0161ki","twitter_card":"summary_large_image","twitter_creator":"@radioljubuski","twitter_site":"@radioljubuski","twitter_misc":{"Napisao\/la":"Radio Ljubu\u0161ki","Procijenjeno vrijeme \u010ditanja":"4 minute"},"schema":{"@context":"https:\/\/schema.org","@graph":[{"@type":"Article","@id":"https:\/\/radioljubuski.ba\/index.php\/2021\/09\/17\/capak-danas-devet-preminulih-osam-ih-nije-bilo-cijepljeno\/#article","isPartOf":{"@id":"https:\/\/radioljubuski.ba\/index.php\/2021\/09\/17\/capak-danas-devet-preminulih-osam-ih-nije-bilo-cijepljeno\/"},"author":{"name":"Radio Ljubu\u0161ki","@id":"https:\/\/radioljubuski.ba\/#\/schema\/person\/19fc700381a780f69665d7956c469e3b"},"headline":"Capak: Danas devet preminulih, osam ih nije bilo cijepljeno","datePublished":"2021-09-17T18:49:15+00:00","dateModified":"2021-09-17T18:49:16+00:00","mainEntityOfPage":{"@id":"https:\/\/radioljubuski.ba\/index.php\/2021\/09\/17\/capak-danas-devet-preminulih-osam-ih-nije-bilo-cijepljeno\/"},"wordCount":921,"publisher":{"@id":"https:\/\/radioljubuski.ba\/#organization"},"image":{"@id":"https:\/\/radioljubuski.ba\/index.php\/2021\/09\/17\/capak-danas-devet-preminulih-osam-ih-nije-bilo-cijepljeno\/#primaryimage"},"thumbnailUrl":"https:\/\/radioljubuski.ba\/wp-content\/uploads\/2021\/03\/capak.jpg","articleSection":["BIH i regija"],"inLanguage":"hr"},{"@type":"WebPage","@id":"https:\/\/radioljubuski.ba\/index.php\/2021\/09\/17\/capak-danas-devet-preminulih-osam-ih-nije-bilo-cijepljeno\/","url":"https:\/\/radioljubuski.ba\/index.php\/2021\/09\/17\/capak-danas-devet-preminulih-osam-ih-nije-bilo-cijepljeno\/","name":"Capak: Danas devet preminulih, osam ih nije bilo cijepljeno - RADIO LJUBU\u0160KI","isPartOf":{"@id":"https:\/\/radioljubuski.ba\/#website"},"primaryImageOfPage":{"@id":"https:\/\/radioljubuski.ba\/index.php\/2021\/09\/17\/capak-danas-devet-preminulih-osam-ih-nije-bilo-cijepljeno\/#primaryimage"},"image":{"@id":"https:\/\/radioljubuski.ba\/index.php\/2021\/09\/17\/capak-danas-devet-preminulih-osam-ih-nije-bilo-cijepljeno\/#primaryimage"},"thumbnailUrl":"https:\/\/radioljubuski.ba\/wp-content\/uploads\/2021\/03\/capak.jpg","datePublished":"2021-09-17T18:49:15+00:00","dateModified":"2021-09-17T18:49:16+00:00","breadcrumb":{"@id":"https:\/\/radioljubuski.ba\/index.php\/2021\/09\/17\/capak-danas-devet-preminulih-osam-ih-nije-bilo-cijepljeno\/#breadcrumb"},"inLanguage":"hr","potentialAction":[{"@type":"ReadAction","target":["https:\/\/radioljubuski.ba\/index.php\/2021\/09\/17\/capak-danas-devet-preminulih-osam-ih-nije-bilo-cijepljeno\/"]}]},{"@type":"ImageObject","inLanguage":"hr","@id":"https:\/\/radioljubuski.ba\/index.php\/2021\/09\/17\/capak-danas-devet-preminulih-osam-ih-nije-bilo-cijepljeno\/#primaryimage","url":"https:\/\/radioljubuski.ba\/wp-content\/uploads\/2021\/03\/capak.jpg","contentUrl":"https:\/\/radioljubuski.ba\/wp-content\/uploads\/2021\/03\/capak.jpg","width":1000,"height":625},{"@type":"BreadcrumbList","@id":"https:\/\/radioljubuski.ba\/index.php\/2021\/09\/17\/capak-danas-devet-preminulih-osam-ih-nije-bilo-cijepljeno\/#breadcrumb","itemListElement":[{"@type":"ListItem","position":1,"name":"Po\u010detna stranica","item":"https:\/\/radioljubuski.ba\/"},{"@type":"ListItem","position":2,"name":"Capak: Danas devet preminulih, osam ih nije bilo cijepljeno"}]},{"@type":"WebSite","@id":"https:\/\/radioljubuski.ba\/#website","url":"https:\/\/radioljubuski.ba\/","name":"Radio Ljubu\u0161ki","description":"Sun\u010dana frekvencija Hercegovine","publisher":{"@id":"https:\/\/radioljubuski.ba\/#organization"},"potentialAction":[{"@type":"SearchAction","target":{"@type":"EntryPoint","urlTemplate":"https:\/\/radioljubuski.ba\/?s={search_term_string}"},"query-input":{"@type":"PropertyValueSpecification","valueRequired":true,"valueName":"search_term_string"}}],"inLanguage":"hr"},{"@type":"Organization","@id":"https:\/\/radioljubuski.ba\/#organization","name":"Radio Ljubu\u0161ki","url":"https:\/\/radioljubuski.ba\/","logo":{"@type":"ImageObject","inLanguage":"hr","@id":"https:\/\/radioljubuski.ba\/#\/schema\/logo\/image\/","url":"https:\/\/radioljubuski.ba\/wp-content\/uploads\/2021\/02\/cropped-Radio_Ljubuski_logo1.jpg","contentUrl":"https:\/\/radioljubuski.ba\/wp-content\/uploads\/2021\/02\/cropped-Radio_Ljubuski_logo1.jpg","width":512,"height":512,"caption":"Radio Ljubu\u0161ki"},"image":{"@id":"https:\/\/radioljubuski.ba\/#\/schema\/logo\/image\/"},"sameAs":["https:\/\/www.facebook.com\/Radiio-Ljubuski-1490835324566332","https:\/\/x.com\/radioljubuski","https:\/\/hr.linkedin.com\/company\/radio-ljubuski","https:\/\/www.youtube.com\/channel\/UCHYaeO_n0Db3tjNGudGpXyw"]},{"@type":"Person","@id":"https:\/\/radioljubuski.ba\/#\/schema\/person\/19fc700381a780f69665d7956c469e3b","name":"Radio Ljubu\u0161ki"}]}},"_links":{"self":[{"href":"https:\/\/radioljubuski.ba\/index.php\/wp-json\/wp\/v2\/posts\/64831","targetHints":{"allow":["GET"]}}],"collection":[{"href":"https:\/\/radioljubuski.ba\/index.php\/wp-json\/wp\/v2\/posts"}],"about":[{"href":"https:\/\/radioljubuski.ba\/index.php\/wp-json\/wp\/v2\/types\/post"}],"author":[{"embeddable":true,"href":"https:\/\/radioljubuski.ba\/index.php\/wp-json\/wp\/v2\/users\/2"}],"replies":[{"embeddable":true,"href":"https:\/\/radioljubuski.ba\/index.php\/wp-json\/wp\/v2\/comments?post=64831"}],"version-history":[{"count":1,"href":"https:\/\/radioljubuski.ba\/index.php\/wp-json\/wp\/v2\/posts\/64831\/revisions"}],"predecessor-version":[{"id":64832,"href":"https:\/\/radioljubuski.ba\/index.php\/wp-json\/wp\/v2\/posts\/64831\/revisions\/64832"}],"wp:featuredmedia":[{"embeddable":true,"href":"https:\/\/radioljubuski.ba\/index.php\/wp-json\/wp\/v2\/media\/3053"}],"wp:attachment":[{"href":"https:\/\/radioljubuski.ba\/index.php\/wp-json\/wp\/v2\/media?parent=64831"}],"wp:term":[{"taxonomy":"category","embeddable":true,"href":"https:\/\/radioljubuski.ba\/index.php\/wp-json\/wp\/v2\/categories?post=64831"},{"taxonomy":"post_tag","embeddable":true,"href":"https:\/\/radioljubuski.ba\/index.php\/wp-json\/wp\/v2\/tags?post=64831"}],"curies":[{"name":"wp","href":"https:\/\/api.w.org\/{rel}","templated":true}]}}