{"id":64842,"date":"2021-09-17T21:02:39","date_gmt":"2021-09-17T20:02:39","guid":{"rendered":"https:\/\/radioljubuski.ba\/?p=64842"},"modified":"2021-09-17T21:02:41","modified_gmt":"2021-09-17T20:02:41","slug":"udruga-roditelja-nasa-djeca-neki-profesori-vrse-pritisak-na-ucenike-srednjih-skola-u-mostaru-da-se-cijepe-ulazi-se-i-u-obiteljske-odnose","status":"publish","type":"post","link":"https:\/\/radioljubuski.ba\/index.php\/2021\/09\/17\/udruga-roditelja-nasa-djeca-neki-profesori-vrse-pritisak-na-ucenike-srednjih-skola-u-mostaru-da-se-cijepe-ulazi-se-i-u-obiteljske-odnose\/","title":{"rendered":"Udruga roditelja &#8220;Na\u0161a djeca&#8221;: &#8216;Neki profesori vr\u0161e pritisak na u\u010denike srednjih \u0161kola u Mostaru da se cijepe, ulazi se i u obiteljske odnose&#8230;&#8217;"},"content":{"rendered":"\n<p>&#8216;S obzirom na po\u010detak nove \u0161kolske godine i mjere za\u0161tite od virusa Covid 19 \u017eelimo se osvrnuti na kontinuiranu pojavu pritiska na u\u010denike u pojedinim \u0161kolama u Mostaru i HN\u017d-u.<br>Konkretno, u\u010denici srednjih \u0161kola u Mostaru su, od po\u010detka ove \u0161kolske godine, pod presijom od strane jednog dijela nastavnog osoblja u smislu kako bi se u\u010denici trebali cijepiti protiv Covida 19&#8242;, navodi se na Facebook stranici Udruge roditelja Na\u0161a djeca.<\/p>\n\n\n\n<p><br>&#8216;Pored ovih pritisaka na u\u010denike, u ovim monolozima se ulazi i u obiteljske odnose i komentiraju se stavovi roditelja od u\u010denika njihovo javno izno\u0161enje stavova o trenutnoj situaciji, kritiziranje kao i omalova\u017eavanje stavova tih roditelja i stvaranje potencijalnih razdora u obiteljima izme\u0111u roditelja i djece.<\/p>\n\n\n\n<p>Naime, s obzirom na kontroverze vezane za u\u010dinkovitost \u201ecjepiva\u201c nije u redu da se profesori postavljaju kao \u201eautoriteti\u201c u podru\u010dju infektologije, imunologije, epidemiologije pogotovo \u0161to ve\u0107ina cjepiva mRNA, po definiciji, nisu cjepiva i nisu testirana te se ne zna njihov dugoro\u010dni u\u010dinak na organizam, odnosno posljedice.&nbsp;<\/p>\n\n\n\n<p>Na ovaj na\u010din osu\u0111ujemo svako nametanje svog mi\u0161ljenja u\u010denicima i ogovaranje mi\u0161ljenja njihovih roditelja i nametanje stavova ovim mladim ljudima koji se, i onako, te\u0161ko snalaze u ovoj situaciji.<\/p>\n\n\n\n<p>Profesori nemaju pravo nametati nikakve osobne stavove u\u010denicima niti omalova\u017eavati mi\u0161ljenje roditelja &nbsp;djece kojima predaju u \u0161koli kao ni aludirati da su im roditelji \u201edovoljno pametni\u201c i da \u0107e ih odvesti na cijepljenje.<\/p>\n\n\n\n<p>Krajnje je naumjesno ovo \u0161to se doga\u0111a u pojedinim \u0161kolama i tra\u017eimo od ravnatelja svih \u0161kola da informiraju svoje djelatnike da nemaju pravo kritizirati stavove roditelja u\u010denika ovih \u0161kola niti u\u010denicima nametati svoje osobno mi\u0161ljenje, u ovom slu\u010daju vezano za virus Covid 19.<\/p>\n\n\n\n<p>Ukoliko \u017eele re\u0107i svoje mi\u0161ljenje nastavno osoblje to mo\u017ee uraditi na roditeljskim sastancima.<br>Nagla\u0161avamo da smo uvijek bili uz nastavno osoblje i znamo da su najvi\u0161e optere\u0107eni ovim mjerama i prilago\u0111avanjem nastavnih planova programa ali smo primorani i obvezni reagirati na ove i ovakve pojave&#8217;, zaklju\u010duje se u priop\u0107enju.<\/p>\n\n\n\n<figure class=\"wp-block-image\"><img decoding=\"async\" src=\"https:\/\/storage.pogled.ba\/images\/1091\/7389\/214653\/original\/9-2021-09-17-20-32-23-udruuu.png\" alt=\"9-2021-09-17-20-32-23-udruuu.png\"\/><\/figure>\n\n\n\n<p>Izvor:pogled.ba<\/p>\n","protected":false},"excerpt":{"rendered":"<p>&#8216;S obzirom na po\u010detak nove \u0161kolske godine i mjere za\u0161tite od virusa Covid 19 \u017eelimo se osvrnuti na kontinuiranu pojavu pritiska na u\u010denike u pojedinim \u0161kolama u Mostaru i HN\u017d-u.Konkretno, u\u010denici srednjih \u0161kola u Mostaru su, od po\u010detka ove \u0161kolske godine, pod presijom od strane jednog dijela nastavnog osoblja u smislu kako bi se u\u010denici [&hellip;]<\/p>\n","protected":false},"author":2,"featured_media":17628,"comment_status":"closed","ping_status":"closed","sticky":false,"template":"","format":"standard","meta":{"h5ap_radio_sources":[],"footnotes":""},"categories":[1],"tags":[],"class_list":["post-64842","post","type-post","status-publish","format-standard","has-post-thumbnail","hentry","category-bihiregija"],"yoast_head":"<!-- This site is optimized with the Yoast SEO plugin v27.4 - https:\/\/yoast.com\/product\/yoast-seo-wordpress\/ -->\n<title>Udruga roditelja &quot;Na\u0161a djeca&quot;: &#039;Neki profesori vr\u0161e pritisak na u\u010denike srednjih \u0161kola u Mostaru da se cijepe, ulazi se i u obiteljske odnose...&#039; - RADIO LJUBU\u0160KI<\/title>\n<meta name=\"robots\" content=\"index, follow, max-snippet:-1, max-image-preview:large, max-video-preview:-1\" \/>\n<link rel=\"canonical\" href=\"https:\/\/radioljubuski.ba\/index.php\/2021\/09\/17\/udruga-roditelja-nasa-djeca-neki-profesori-vrse-pritisak-na-ucenike-srednjih-skola-u-mostaru-da-se-cijepe-ulazi-se-i-u-obiteljske-odnose\/\" \/>\n<meta property=\"og:locale\" content=\"hr_HR\" \/>\n<meta property=\"og:type\" content=\"article\" \/>\n<meta property=\"og:title\" content=\"Udruga roditelja &quot;Na\u0161a djeca&quot;: &#039;Neki profesori vr\u0161e pritisak na u\u010denike srednjih \u0161kola u Mostaru da se cijepe, ulazi se i u obiteljske odnose...&#039; - RADIO LJUBU\u0160KI\" \/>\n<meta property=\"og:description\" content=\"&#8216;S obzirom na po\u010detak nove \u0161kolske godine i mjere za\u0161tite od virusa Covid 19 \u017eelimo se osvrnuti na kontinuiranu pojavu pritiska na u\u010denike u pojedinim \u0161kolama u Mostaru i HN\u017d-u.Konkretno, u\u010denici srednjih \u0161kola u Mostaru su, od po\u010detka ove \u0161kolske godine, pod presijom od strane jednog dijela nastavnog osoblja u smislu kako bi se u\u010denici [&hellip;]\" \/>\n<meta property=\"og:url\" content=\"https:\/\/radioljubuski.ba\/index.php\/2021\/09\/17\/udruga-roditelja-nasa-djeca-neki-profesori-vrse-pritisak-na-ucenike-srednjih-skola-u-mostaru-da-se-cijepe-ulazi-se-i-u-obiteljske-odnose\/\" \/>\n<meta property=\"og:site_name\" content=\"RADIO LJUBU\u0160KI\" \/>\n<meta property=\"article:publisher\" content=\"https:\/\/www.facebook.com\/Radiio-Ljubuski-1490835324566332\" \/>\n<meta property=\"article:published_time\" content=\"2021-09-17T20:02:39+00:00\" \/>\n<meta property=\"article:modified_time\" content=\"2021-09-17T20:02:41+00:00\" \/>\n<meta property=\"og:image\" content=\"https:\/\/radioljubuski.ba\/wp-content\/uploads\/2021\/05\/2-2021-05-01-10-08-55-CIJEPLJENJE-DJECE.jpeg\" \/>\n\t<meta property=\"og:image:width\" content=\"1000\" \/>\n\t<meta property=\"og:image:height\" content=\"625\" \/>\n\t<meta property=\"og:image:type\" content=\"image\/jpeg\" \/>\n<meta name=\"author\" content=\"Radio Ljubu\u0161ki\" \/>\n<meta name=\"twitter:card\" content=\"summary_large_image\" \/>\n<meta name=\"twitter:creator\" content=\"@radioljubuski\" \/>\n<meta name=\"twitter:site\" content=\"@radioljubuski\" \/>\n<meta name=\"twitter:label1\" content=\"Napisao\/la\" \/>\n\t<meta name=\"twitter:data1\" content=\"Radio Ljubu\u0161ki\" \/>\n\t<meta name=\"twitter:label2\" content=\"Procijenjeno vrijeme \u010ditanja\" \/>\n\t<meta name=\"twitter:data2\" content=\"2 minute\" \/>\n<script type=\"application\/ld+json\" class=\"yoast-schema-graph\">{\"@context\":\"https:\\\/\\\/schema.org\",\"@graph\":[{\"@type\":\"Article\",\"@id\":\"https:\\\/\\\/radioljubuski.ba\\\/index.php\\\/2021\\\/09\\\/17\\\/udruga-roditelja-nasa-djeca-neki-profesori-vrse-pritisak-na-ucenike-srednjih-skola-u-mostaru-da-se-cijepe-ulazi-se-i-u-obiteljske-odnose\\\/#article\",\"isPartOf\":{\"@id\":\"https:\\\/\\\/radioljubuski.ba\\\/index.php\\\/2021\\\/09\\\/17\\\/udruga-roditelja-nasa-djeca-neki-profesori-vrse-pritisak-na-ucenike-srednjih-skola-u-mostaru-da-se-cijepe-ulazi-se-i-u-obiteljske-odnose\\\/\"},\"author\":{\"name\":\"Radio Ljubu\u0161ki\",\"@id\":\"https:\\\/\\\/radioljubuski.ba\\\/#\\\/schema\\\/person\\\/19fc700381a780f69665d7956c469e3b\"},\"headline\":\"Udruga roditelja &#8220;Na\u0161a djeca&#8221;: &#8216;Neki profesori vr\u0161e pritisak na u\u010denike srednjih \u0161kola u Mostaru da se cijepe, ulazi se i u obiteljske odnose&#8230;&#8217;\",\"datePublished\":\"2021-09-17T20:02:39+00:00\",\"dateModified\":\"2021-09-17T20:02:41+00:00\",\"mainEntityOfPage\":{\"@id\":\"https:\\\/\\\/radioljubuski.ba\\\/index.php\\\/2021\\\/09\\\/17\\\/udruga-roditelja-nasa-djeca-neki-profesori-vrse-pritisak-na-ucenike-srednjih-skola-u-mostaru-da-se-cijepe-ulazi-se-i-u-obiteljske-odnose\\\/\"},\"wordCount\":385,\"publisher\":{\"@id\":\"https:\\\/\\\/radioljubuski.ba\\\/#organization\"},\"image\":{\"@id\":\"https:\\\/\\\/radioljubuski.ba\\\/index.php\\\/2021\\\/09\\\/17\\\/udruga-roditelja-nasa-djeca-neki-profesori-vrse-pritisak-na-ucenike-srednjih-skola-u-mostaru-da-se-cijepe-ulazi-se-i-u-obiteljske-odnose\\\/#primaryimage\"},\"thumbnailUrl\":\"https:\\\/\\\/radioljubuski.ba\\\/wp-content\\\/uploads\\\/2021\\\/05\\\/2-2021-05-01-10-08-55-CIJEPLJENJE-DJECE.jpeg\",\"articleSection\":[\"BIH i regija\"],\"inLanguage\":\"hr\"},{\"@type\":\"WebPage\",\"@id\":\"https:\\\/\\\/radioljubuski.ba\\\/index.php\\\/2021\\\/09\\\/17\\\/udruga-roditelja-nasa-djeca-neki-profesori-vrse-pritisak-na-ucenike-srednjih-skola-u-mostaru-da-se-cijepe-ulazi-se-i-u-obiteljske-odnose\\\/\",\"url\":\"https:\\\/\\\/radioljubuski.ba\\\/index.php\\\/2021\\\/09\\\/17\\\/udruga-roditelja-nasa-djeca-neki-profesori-vrse-pritisak-na-ucenike-srednjih-skola-u-mostaru-da-se-cijepe-ulazi-se-i-u-obiteljske-odnose\\\/\",\"name\":\"Udruga roditelja \\\"Na\u0161a djeca\\\": 'Neki profesori vr\u0161e pritisak na u\u010denike srednjih \u0161kola u Mostaru da se cijepe, ulazi se i u obiteljske odnose...' - RADIO LJUBU\u0160KI\",\"isPartOf\":{\"@id\":\"https:\\\/\\\/radioljubuski.ba\\\/#website\"},\"primaryImageOfPage\":{\"@id\":\"https:\\\/\\\/radioljubuski.ba\\\/index.php\\\/2021\\\/09\\\/17\\\/udruga-roditelja-nasa-djeca-neki-profesori-vrse-pritisak-na-ucenike-srednjih-skola-u-mostaru-da-se-cijepe-ulazi-se-i-u-obiteljske-odnose\\\/#primaryimage\"},\"image\":{\"@id\":\"https:\\\/\\\/radioljubuski.ba\\\/index.php\\\/2021\\\/09\\\/17\\\/udruga-roditelja-nasa-djeca-neki-profesori-vrse-pritisak-na-ucenike-srednjih-skola-u-mostaru-da-se-cijepe-ulazi-se-i-u-obiteljske-odnose\\\/#primaryimage\"},\"thumbnailUrl\":\"https:\\\/\\\/radioljubuski.ba\\\/wp-content\\\/uploads\\\/2021\\\/05\\\/2-2021-05-01-10-08-55-CIJEPLJENJE-DJECE.jpeg\",\"datePublished\":\"2021-09-17T20:02:39+00:00\",\"dateModified\":\"2021-09-17T20:02:41+00:00\",\"breadcrumb\":{\"@id\":\"https:\\\/\\\/radioljubuski.ba\\\/index.php\\\/2021\\\/09\\\/17\\\/udruga-roditelja-nasa-djeca-neki-profesori-vrse-pritisak-na-ucenike-srednjih-skola-u-mostaru-da-se-cijepe-ulazi-se-i-u-obiteljske-odnose\\\/#breadcrumb\"},\"inLanguage\":\"hr\",\"potentialAction\":[{\"@type\":\"ReadAction\",\"target\":[\"https:\\\/\\\/radioljubuski.ba\\\/index.php\\\/2021\\\/09\\\/17\\\/udruga-roditelja-nasa-djeca-neki-profesori-vrse-pritisak-na-ucenike-srednjih-skola-u-mostaru-da-se-cijepe-ulazi-se-i-u-obiteljske-odnose\\\/\"]}]},{\"@type\":\"ImageObject\",\"inLanguage\":\"hr\",\"@id\":\"https:\\\/\\\/radioljubuski.ba\\\/index.php\\\/2021\\\/09\\\/17\\\/udruga-roditelja-nasa-djeca-neki-profesori-vrse-pritisak-na-ucenike-srednjih-skola-u-mostaru-da-se-cijepe-ulazi-se-i-u-obiteljske-odnose\\\/#primaryimage\",\"url\":\"https:\\\/\\\/radioljubuski.ba\\\/wp-content\\\/uploads\\\/2021\\\/05\\\/2-2021-05-01-10-08-55-CIJEPLJENJE-DJECE.jpeg\",\"contentUrl\":\"https:\\\/\\\/radioljubuski.ba\\\/wp-content\\\/uploads\\\/2021\\\/05\\\/2-2021-05-01-10-08-55-CIJEPLJENJE-DJECE.jpeg\",\"width\":1000,\"height\":625},{\"@type\":\"BreadcrumbList\",\"@id\":\"https:\\\/\\\/radioljubuski.ba\\\/index.php\\\/2021\\\/09\\\/17\\\/udruga-roditelja-nasa-djeca-neki-profesori-vrse-pritisak-na-ucenike-srednjih-skola-u-mostaru-da-se-cijepe-ulazi-se-i-u-obiteljske-odnose\\\/#breadcrumb\",\"itemListElement\":[{\"@type\":\"ListItem\",\"position\":1,\"name\":\"Po\u010detna stranica\",\"item\":\"https:\\\/\\\/radioljubuski.ba\\\/\"},{\"@type\":\"ListItem\",\"position\":2,\"name\":\"Udruga roditelja &#8220;Na\u0161a djeca&#8221;: &#8216;Neki profesori vr\u0161e pritisak na u\u010denike srednjih \u0161kola u Mostaru da se cijepe, ulazi se i u obiteljske odnose&#8230;&#8217;\"}]},{\"@type\":\"WebSite\",\"@id\":\"https:\\\/\\\/radioljubuski.ba\\\/#website\",\"url\":\"https:\\\/\\\/radioljubuski.ba\\\/\",\"name\":\"Radio Ljubu\u0161ki\",\"description\":\"Sun\u010dana frekvencija Hercegovine\",\"publisher\":{\"@id\":\"https:\\\/\\\/radioljubuski.ba\\\/#organization\"},\"potentialAction\":[{\"@type\":\"SearchAction\",\"target\":{\"@type\":\"EntryPoint\",\"urlTemplate\":\"https:\\\/\\\/radioljubuski.ba\\\/?s={search_term_string}\"},\"query-input\":{\"@type\":\"PropertyValueSpecification\",\"valueRequired\":true,\"valueName\":\"search_term_string\"}}],\"inLanguage\":\"hr\"},{\"@type\":\"Organization\",\"@id\":\"https:\\\/\\\/radioljubuski.ba\\\/#organization\",\"name\":\"Radio Ljubu\u0161ki\",\"url\":\"https:\\\/\\\/radioljubuski.ba\\\/\",\"logo\":{\"@type\":\"ImageObject\",\"inLanguage\":\"hr\",\"@id\":\"https:\\\/\\\/radioljubuski.ba\\\/#\\\/schema\\\/logo\\\/image\\\/\",\"url\":\"https:\\\/\\\/radioljubuski.ba\\\/wp-content\\\/uploads\\\/2021\\\/02\\\/cropped-Radio_Ljubuski_logo1.jpg\",\"contentUrl\":\"https:\\\/\\\/radioljubuski.ba\\\/wp-content\\\/uploads\\\/2021\\\/02\\\/cropped-Radio_Ljubuski_logo1.jpg\",\"width\":512,\"height\":512,\"caption\":\"Radio Ljubu\u0161ki\"},\"image\":{\"@id\":\"https:\\\/\\\/radioljubuski.ba\\\/#\\\/schema\\\/logo\\\/image\\\/\"},\"sameAs\":[\"https:\\\/\\\/www.facebook.com\\\/Radiio-Ljubuski-1490835324566332\",\"https:\\\/\\\/x.com\\\/radioljubuski\",\"https:\\\/\\\/hr.linkedin.com\\\/company\\\/radio-ljubuski\",\"https:\\\/\\\/www.youtube.com\\\/channel\\\/UCHYaeO_n0Db3tjNGudGpXyw\"]},{\"@type\":\"Person\",\"@id\":\"https:\\\/\\\/radioljubuski.ba\\\/#\\\/schema\\\/person\\\/19fc700381a780f69665d7956c469e3b\",\"name\":\"Radio Ljubu\u0161ki\"}]}<\/script>\n<!-- \/ Yoast SEO plugin. -->","yoast_head_json":{"title":"Udruga roditelja \"Na\u0161a djeca\": 'Neki profesori vr\u0161e pritisak na u\u010denike srednjih \u0161kola u Mostaru da se cijepe, ulazi se i u obiteljske odnose...' - RADIO LJUBU\u0160KI","robots":{"index":"index","follow":"follow","max-snippet":"max-snippet:-1","max-image-preview":"max-image-preview:large","max-video-preview":"max-video-preview:-1"},"canonical":"https:\/\/radioljubuski.ba\/index.php\/2021\/09\/17\/udruga-roditelja-nasa-djeca-neki-profesori-vrse-pritisak-na-ucenike-srednjih-skola-u-mostaru-da-se-cijepe-ulazi-se-i-u-obiteljske-odnose\/","og_locale":"hr_HR","og_type":"article","og_title":"Udruga roditelja \"Na\u0161a djeca\": 'Neki profesori vr\u0161e pritisak na u\u010denike srednjih \u0161kola u Mostaru da se cijepe, ulazi se i u obiteljske odnose...' - RADIO LJUBU\u0160KI","og_description":"&#8216;S obzirom na po\u010detak nove \u0161kolske godine i mjere za\u0161tite od virusa Covid 19 \u017eelimo se osvrnuti na kontinuiranu pojavu pritiska na u\u010denike u pojedinim \u0161kolama u Mostaru i HN\u017d-u.Konkretno, u\u010denici srednjih \u0161kola u Mostaru su, od po\u010detka ove \u0161kolske godine, pod presijom od strane jednog dijela nastavnog osoblja u smislu kako bi se u\u010denici [&hellip;]","og_url":"https:\/\/radioljubuski.ba\/index.php\/2021\/09\/17\/udruga-roditelja-nasa-djeca-neki-profesori-vrse-pritisak-na-ucenike-srednjih-skola-u-mostaru-da-se-cijepe-ulazi-se-i-u-obiteljske-odnose\/","og_site_name":"RADIO LJUBU\u0160KI","article_publisher":"https:\/\/www.facebook.com\/Radiio-Ljubuski-1490835324566332","article_published_time":"2021-09-17T20:02:39+00:00","article_modified_time":"2021-09-17T20:02:41+00:00","og_image":[{"width":1000,"height":625,"url":"https:\/\/radioljubuski.ba\/wp-content\/uploads\/2021\/05\/2-2021-05-01-10-08-55-CIJEPLJENJE-DJECE.jpeg","type":"image\/jpeg"}],"author":"Radio Ljubu\u0161ki","twitter_card":"summary_large_image","twitter_creator":"@radioljubuski","twitter_site":"@radioljubuski","twitter_misc":{"Napisao\/la":"Radio Ljubu\u0161ki","Procijenjeno vrijeme \u010ditanja":"2 minute"},"schema":{"@context":"https:\/\/schema.org","@graph":[{"@type":"Article","@id":"https:\/\/radioljubuski.ba\/index.php\/2021\/09\/17\/udruga-roditelja-nasa-djeca-neki-profesori-vrse-pritisak-na-ucenike-srednjih-skola-u-mostaru-da-se-cijepe-ulazi-se-i-u-obiteljske-odnose\/#article","isPartOf":{"@id":"https:\/\/radioljubuski.ba\/index.php\/2021\/09\/17\/udruga-roditelja-nasa-djeca-neki-profesori-vrse-pritisak-na-ucenike-srednjih-skola-u-mostaru-da-se-cijepe-ulazi-se-i-u-obiteljske-odnose\/"},"author":{"name":"Radio Ljubu\u0161ki","@id":"https:\/\/radioljubuski.ba\/#\/schema\/person\/19fc700381a780f69665d7956c469e3b"},"headline":"Udruga roditelja &#8220;Na\u0161a djeca&#8221;: &#8216;Neki profesori vr\u0161e pritisak na u\u010denike srednjih \u0161kola u Mostaru da se cijepe, ulazi se i u obiteljske odnose&#8230;&#8217;","datePublished":"2021-09-17T20:02:39+00:00","dateModified":"2021-09-17T20:02:41+00:00","mainEntityOfPage":{"@id":"https:\/\/radioljubuski.ba\/index.php\/2021\/09\/17\/udruga-roditelja-nasa-djeca-neki-profesori-vrse-pritisak-na-ucenike-srednjih-skola-u-mostaru-da-se-cijepe-ulazi-se-i-u-obiteljske-odnose\/"},"wordCount":385,"publisher":{"@id":"https:\/\/radioljubuski.ba\/#organization"},"image":{"@id":"https:\/\/radioljubuski.ba\/index.php\/2021\/09\/17\/udruga-roditelja-nasa-djeca-neki-profesori-vrse-pritisak-na-ucenike-srednjih-skola-u-mostaru-da-se-cijepe-ulazi-se-i-u-obiteljske-odnose\/#primaryimage"},"thumbnailUrl":"https:\/\/radioljubuski.ba\/wp-content\/uploads\/2021\/05\/2-2021-05-01-10-08-55-CIJEPLJENJE-DJECE.jpeg","articleSection":["BIH i regija"],"inLanguage":"hr"},{"@type":"WebPage","@id":"https:\/\/radioljubuski.ba\/index.php\/2021\/09\/17\/udruga-roditelja-nasa-djeca-neki-profesori-vrse-pritisak-na-ucenike-srednjih-skola-u-mostaru-da-se-cijepe-ulazi-se-i-u-obiteljske-odnose\/","url":"https:\/\/radioljubuski.ba\/index.php\/2021\/09\/17\/udruga-roditelja-nasa-djeca-neki-profesori-vrse-pritisak-na-ucenike-srednjih-skola-u-mostaru-da-se-cijepe-ulazi-se-i-u-obiteljske-odnose\/","name":"Udruga roditelja \"Na\u0161a djeca\": 'Neki profesori vr\u0161e pritisak na u\u010denike srednjih \u0161kola u Mostaru da se cijepe, ulazi se i u obiteljske odnose...' - RADIO LJUBU\u0160KI","isPartOf":{"@id":"https:\/\/radioljubuski.ba\/#website"},"primaryImageOfPage":{"@id":"https:\/\/radioljubuski.ba\/index.php\/2021\/09\/17\/udruga-roditelja-nasa-djeca-neki-profesori-vrse-pritisak-na-ucenike-srednjih-skola-u-mostaru-da-se-cijepe-ulazi-se-i-u-obiteljske-odnose\/#primaryimage"},"image":{"@id":"https:\/\/radioljubuski.ba\/index.php\/2021\/09\/17\/udruga-roditelja-nasa-djeca-neki-profesori-vrse-pritisak-na-ucenike-srednjih-skola-u-mostaru-da-se-cijepe-ulazi-se-i-u-obiteljske-odnose\/#primaryimage"},"thumbnailUrl":"https:\/\/radioljubuski.ba\/wp-content\/uploads\/2021\/05\/2-2021-05-01-10-08-55-CIJEPLJENJE-DJECE.jpeg","datePublished":"2021-09-17T20:02:39+00:00","dateModified":"2021-09-17T20:02:41+00:00","breadcrumb":{"@id":"https:\/\/radioljubuski.ba\/index.php\/2021\/09\/17\/udruga-roditelja-nasa-djeca-neki-profesori-vrse-pritisak-na-ucenike-srednjih-skola-u-mostaru-da-se-cijepe-ulazi-se-i-u-obiteljske-odnose\/#breadcrumb"},"inLanguage":"hr","potentialAction":[{"@type":"ReadAction","target":["https:\/\/radioljubuski.ba\/index.php\/2021\/09\/17\/udruga-roditelja-nasa-djeca-neki-profesori-vrse-pritisak-na-ucenike-srednjih-skola-u-mostaru-da-se-cijepe-ulazi-se-i-u-obiteljske-odnose\/"]}]},{"@type":"ImageObject","inLanguage":"hr","@id":"https:\/\/radioljubuski.ba\/index.php\/2021\/09\/17\/udruga-roditelja-nasa-djeca-neki-profesori-vrse-pritisak-na-ucenike-srednjih-skola-u-mostaru-da-se-cijepe-ulazi-se-i-u-obiteljske-odnose\/#primaryimage","url":"https:\/\/radioljubuski.ba\/wp-content\/uploads\/2021\/05\/2-2021-05-01-10-08-55-CIJEPLJENJE-DJECE.jpeg","contentUrl":"https:\/\/radioljubuski.ba\/wp-content\/uploads\/2021\/05\/2-2021-05-01-10-08-55-CIJEPLJENJE-DJECE.jpeg","width":1000,"height":625},{"@type":"BreadcrumbList","@id":"https:\/\/radioljubuski.ba\/index.php\/2021\/09\/17\/udruga-roditelja-nasa-djeca-neki-profesori-vrse-pritisak-na-ucenike-srednjih-skola-u-mostaru-da-se-cijepe-ulazi-se-i-u-obiteljske-odnose\/#breadcrumb","itemListElement":[{"@type":"ListItem","position":1,"name":"Po\u010detna stranica","item":"https:\/\/radioljubuski.ba\/"},{"@type":"ListItem","position":2,"name":"Udruga roditelja &#8220;Na\u0161a djeca&#8221;: &#8216;Neki profesori vr\u0161e pritisak na u\u010denike srednjih \u0161kola u Mostaru da se cijepe, ulazi se i u obiteljske odnose&#8230;&#8217;"}]},{"@type":"WebSite","@id":"https:\/\/radioljubuski.ba\/#website","url":"https:\/\/radioljubuski.ba\/","name":"Radio Ljubu\u0161ki","description":"Sun\u010dana frekvencija Hercegovine","publisher":{"@id":"https:\/\/radioljubuski.ba\/#organization"},"potentialAction":[{"@type":"SearchAction","target":{"@type":"EntryPoint","urlTemplate":"https:\/\/radioljubuski.ba\/?s={search_term_string}"},"query-input":{"@type":"PropertyValueSpecification","valueRequired":true,"valueName":"search_term_string"}}],"inLanguage":"hr"},{"@type":"Organization","@id":"https:\/\/radioljubuski.ba\/#organization","name":"Radio Ljubu\u0161ki","url":"https:\/\/radioljubuski.ba\/","logo":{"@type":"ImageObject","inLanguage":"hr","@id":"https:\/\/radioljubuski.ba\/#\/schema\/logo\/image\/","url":"https:\/\/radioljubuski.ba\/wp-content\/uploads\/2021\/02\/cropped-Radio_Ljubuski_logo1.jpg","contentUrl":"https:\/\/radioljubuski.ba\/wp-content\/uploads\/2021\/02\/cropped-Radio_Ljubuski_logo1.jpg","width":512,"height":512,"caption":"Radio Ljubu\u0161ki"},"image":{"@id":"https:\/\/radioljubuski.ba\/#\/schema\/logo\/image\/"},"sameAs":["https:\/\/www.facebook.com\/Radiio-Ljubuski-1490835324566332","https:\/\/x.com\/radioljubuski","https:\/\/hr.linkedin.com\/company\/radio-ljubuski","https:\/\/www.youtube.com\/channel\/UCHYaeO_n0Db3tjNGudGpXyw"]},{"@type":"Person","@id":"https:\/\/radioljubuski.ba\/#\/schema\/person\/19fc700381a780f69665d7956c469e3b","name":"Radio Ljubu\u0161ki"}]}},"_links":{"self":[{"href":"https:\/\/radioljubuski.ba\/index.php\/wp-json\/wp\/v2\/posts\/64842","targetHints":{"allow":["GET"]}}],"collection":[{"href":"https:\/\/radioljubuski.ba\/index.php\/wp-json\/wp\/v2\/posts"}],"about":[{"href":"https:\/\/radioljubuski.ba\/index.php\/wp-json\/wp\/v2\/types\/post"}],"author":[{"embeddable":true,"href":"https:\/\/radioljubuski.ba\/index.php\/wp-json\/wp\/v2\/users\/2"}],"replies":[{"embeddable":true,"href":"https:\/\/radioljubuski.ba\/index.php\/wp-json\/wp\/v2\/comments?post=64842"}],"version-history":[{"count":1,"href":"https:\/\/radioljubuski.ba\/index.php\/wp-json\/wp\/v2\/posts\/64842\/revisions"}],"predecessor-version":[{"id":64843,"href":"https:\/\/radioljubuski.ba\/index.php\/wp-json\/wp\/v2\/posts\/64842\/revisions\/64843"}],"wp:featuredmedia":[{"embeddable":true,"href":"https:\/\/radioljubuski.ba\/index.php\/wp-json\/wp\/v2\/media\/17628"}],"wp:attachment":[{"href":"https:\/\/radioljubuski.ba\/index.php\/wp-json\/wp\/v2\/media?parent=64842"}],"wp:term":[{"taxonomy":"category","embeddable":true,"href":"https:\/\/radioljubuski.ba\/index.php\/wp-json\/wp\/v2\/categories?post=64842"},{"taxonomy":"post_tag","embeddable":true,"href":"https:\/\/radioljubuski.ba\/index.php\/wp-json\/wp\/v2\/tags?post=64842"}],"curies":[{"name":"wp","href":"https:\/\/api.w.org\/{rel}","templated":true}]}}