{"id":64844,"date":"2021-09-17T21:03:50","date_gmt":"2021-09-17T20:03:50","guid":{"rendered":"https:\/\/radioljubuski.ba\/?p=64844"},"modified":"2021-09-17T21:03:51","modified_gmt":"2021-09-17T20:03:51","slug":"milanovic-proeuropska-crna-gora-vazna-hrvatskoj-kao-susjed-i-partner-u-nato-u","status":"publish","type":"post","link":"https:\/\/radioljubuski.ba\/index.php\/2021\/09\/17\/milanovic-proeuropska-crna-gora-vazna-hrvatskoj-kao-susjed-i-partner-u-nato-u\/","title":{"rendered":"Milanovi\u0107: Proeuropska Crna Gora va\u017ena Hrvatskoj kao susjed i partner u NATO-u"},"content":{"rendered":"\n<p>Zagreb \u0107e nastaviti podr\u017eavati europski put Podgorice jer je proeuropska Crna Gora va\u017ena kao susjed i partner u NATO-u, rekao je u petak predsjednik Zoran Milanovi\u0107 na Brijunima gdje je njegov kolega po du\u017enosti Milo \u0110ukanovi\u0107 zavr\u0161io dvodnevni posjet Hrvatskoj.<\/p>\n\n\n\n<p>Kako je priop\u0107eno iz Ureda predsjednika Milanovi\u0107 i \u0110ukanovi\u0107 nastavili su na Brijunima bilateralne razgovore o odnosima dviju dr\u017eava.<\/p>\n\n\n\n<p>Drugi dan \u0110ukanovi\u0107eva slu\u017ebenog posjeta iskori\u0161ten je za dodatnu razmjenu informacija i stajali\u0161ta dvojice predsjednika o pregovorima Crne Gore o ulasku u Europsku uniju u \u010demu je &nbsp;Milanovi\u0107 potvrdio podr\u0161ku Hrvatske.<\/p>\n\n\n\n<p>Crna Gora treba nastaviti razvijati se kao demokratska, sekularna i proeuropski orijentirana dr\u017eava, rekao je \u0110ukanovi\u0107.<\/p>\n\n\n\n<p>Republika Hrvatska podr\u017eat \u0107e takva nastojanja Crne Gore koja &nbsp;je &nbsp;susjed i partner u NATO savezu, rekao je Milanovi\u0107, prema priop\u0107enju.<\/p>\n\n\n\n<p>Dvojica predsjednika razgovarali su i o situaciji u Crnoj Gori i jugoisto\u010dnoj Europi.<\/p>\n\n\n\n<p>Sastankom na Brijunima zavr\u0161en je dvodnevni slu\u017ebeni posjet predsjednika \u0110ukanovi\u0107a Hrvatskoj tijekom kojeg je Milanovi\u0107 poru\u010dio da Crna Gora zaslu\u017euje preferencijalni tretman u pregovorima s EU-om, jer u u protivnom sama ideja pregovora nema smisla.<\/p>\n\n\n\n<p>Milanovi\u0107 je rekao da je njegov zadatak \u201cskretati pozornost\u201d na tu \u010dinjenicu te je upozorio da geopoliti\u010dki vakuum na Balkanu iskori\u0161tavaju zemlje poput Rusije koje se protive europskom sustavu vrijednosti.<\/p>\n\n\n\n<p>Zapadne dr\u017eave \u201cvide utjecaj stranih sila na svojim granicama, a ekvivalentno to ne vide u Crnoj Gori\u201d, naglasio je Milanovi\u0107.<\/p>\n\n\n\n<p>Izvor:pogled.ba<\/p>\n","protected":false},"excerpt":{"rendered":"<p>Zagreb \u0107e nastaviti podr\u017eavati europski put Podgorice jer je proeuropska Crna Gora va\u017ena kao susjed i partner u NATO-u, rekao je u petak predsjednik Zoran Milanovi\u0107 na Brijunima gdje je njegov kolega po du\u017enosti Milo \u0110ukanovi\u0107 zavr\u0161io dvodnevni posjet Hrvatskoj. Kako je priop\u0107eno iz Ureda predsjednika Milanovi\u0107 i \u0110ukanovi\u0107 nastavili su na Brijunima bilateralne razgovore [&hellip;]<\/p>\n","protected":false},"author":2,"featured_media":64845,"comment_status":"closed","ping_status":"closed","sticky":false,"template":"","format":"standard","meta":{"h5ap_radio_sources":[],"footnotes":""},"categories":[1],"tags":[],"class_list":["post-64844","post","type-post","status-publish","format-standard","has-post-thumbnail","hentry","category-bihiregija"],"yoast_head":"<!-- This site is optimized with the Yoast SEO plugin v27.4 - https:\/\/yoast.com\/product\/yoast-seo-wordpress\/ -->\n<title>Milanovi\u0107: Proeuropska Crna Gora va\u017ena Hrvatskoj kao susjed i partner u NATO-u - RADIO LJUBU\u0160KI<\/title>\n<meta name=\"robots\" content=\"index, follow, max-snippet:-1, max-image-preview:large, max-video-preview:-1\" \/>\n<link rel=\"canonical\" href=\"https:\/\/radioljubuski.ba\/index.php\/2021\/09\/17\/milanovic-proeuropska-crna-gora-vazna-hrvatskoj-kao-susjed-i-partner-u-nato-u\/\" \/>\n<meta property=\"og:locale\" content=\"hr_HR\" \/>\n<meta property=\"og:type\" content=\"article\" \/>\n<meta property=\"og:title\" content=\"Milanovi\u0107: Proeuropska Crna Gora va\u017ena Hrvatskoj kao susjed i partner u NATO-u - RADIO LJUBU\u0160KI\" \/>\n<meta property=\"og:description\" content=\"Zagreb \u0107e nastaviti podr\u017eavati europski put Podgorice jer je proeuropska Crna Gora va\u017ena kao susjed i partner u NATO-u, rekao je u petak predsjednik Zoran Milanovi\u0107 na Brijunima gdje je njegov kolega po du\u017enosti Milo \u0110ukanovi\u0107 zavr\u0161io dvodnevni posjet Hrvatskoj. Kako je priop\u0107eno iz Ureda predsjednika Milanovi\u0107 i \u0110ukanovi\u0107 nastavili su na Brijunima bilateralne razgovore [&hellip;]\" \/>\n<meta property=\"og:url\" content=\"https:\/\/radioljubuski.ba\/index.php\/2021\/09\/17\/milanovic-proeuropska-crna-gora-vazna-hrvatskoj-kao-susjed-i-partner-u-nato-u\/\" \/>\n<meta property=\"og:site_name\" content=\"RADIO LJUBU\u0160KI\" \/>\n<meta property=\"article:publisher\" content=\"https:\/\/www.facebook.com\/Radiio-Ljubuski-1490835324566332\" \/>\n<meta property=\"article:published_time\" content=\"2021-09-17T20:03:50+00:00\" \/>\n<meta property=\"article:modified_time\" content=\"2021-09-17T20:03:51+00:00\" \/>\n<meta property=\"og:image\" content=\"https:\/\/radioljubuski.ba\/wp-content\/uploads\/2021\/09\/9-2021-09-17-16-21-26-n1232.jpeg\" \/>\n\t<meta property=\"og:image:width\" content=\"1000\" \/>\n\t<meta property=\"og:image:height\" content=\"625\" \/>\n\t<meta property=\"og:image:type\" content=\"image\/jpeg\" \/>\n<meta name=\"author\" content=\"Radio Ljubu\u0161ki\" \/>\n<meta name=\"twitter:card\" content=\"summary_large_image\" \/>\n<meta name=\"twitter:creator\" content=\"@radioljubuski\" \/>\n<meta name=\"twitter:site\" content=\"@radioljubuski\" \/>\n<meta name=\"twitter:label1\" content=\"Napisao\/la\" \/>\n\t<meta name=\"twitter:data1\" content=\"Radio Ljubu\u0161ki\" \/>\n\t<meta name=\"twitter:label2\" content=\"Procijenjeno vrijeme \u010ditanja\" \/>\n\t<meta name=\"twitter:data2\" content=\"1 minuta\" \/>\n<script type=\"application\/ld+json\" class=\"yoast-schema-graph\">{\"@context\":\"https:\\\/\\\/schema.org\",\"@graph\":[{\"@type\":\"Article\",\"@id\":\"https:\\\/\\\/radioljubuski.ba\\\/index.php\\\/2021\\\/09\\\/17\\\/milanovic-proeuropska-crna-gora-vazna-hrvatskoj-kao-susjed-i-partner-u-nato-u\\\/#article\",\"isPartOf\":{\"@id\":\"https:\\\/\\\/radioljubuski.ba\\\/index.php\\\/2021\\\/09\\\/17\\\/milanovic-proeuropska-crna-gora-vazna-hrvatskoj-kao-susjed-i-partner-u-nato-u\\\/\"},\"author\":{\"name\":\"Radio Ljubu\u0161ki\",\"@id\":\"https:\\\/\\\/radioljubuski.ba\\\/#\\\/schema\\\/person\\\/19fc700381a780f69665d7956c469e3b\"},\"headline\":\"Milanovi\u0107: Proeuropska Crna Gora va\u017ena Hrvatskoj kao susjed i partner u NATO-u\",\"datePublished\":\"2021-09-17T20:03:50+00:00\",\"dateModified\":\"2021-09-17T20:03:51+00:00\",\"mainEntityOfPage\":{\"@id\":\"https:\\\/\\\/radioljubuski.ba\\\/index.php\\\/2021\\\/09\\\/17\\\/milanovic-proeuropska-crna-gora-vazna-hrvatskoj-kao-susjed-i-partner-u-nato-u\\\/\"},\"wordCount\":267,\"publisher\":{\"@id\":\"https:\\\/\\\/radioljubuski.ba\\\/#organization\"},\"image\":{\"@id\":\"https:\\\/\\\/radioljubuski.ba\\\/index.php\\\/2021\\\/09\\\/17\\\/milanovic-proeuropska-crna-gora-vazna-hrvatskoj-kao-susjed-i-partner-u-nato-u\\\/#primaryimage\"},\"thumbnailUrl\":\"https:\\\/\\\/radioljubuski.ba\\\/wp-content\\\/uploads\\\/2021\\\/09\\\/9-2021-09-17-16-21-26-n1232.jpeg\",\"articleSection\":[\"BIH i regija\"],\"inLanguage\":\"hr\"},{\"@type\":\"WebPage\",\"@id\":\"https:\\\/\\\/radioljubuski.ba\\\/index.php\\\/2021\\\/09\\\/17\\\/milanovic-proeuropska-crna-gora-vazna-hrvatskoj-kao-susjed-i-partner-u-nato-u\\\/\",\"url\":\"https:\\\/\\\/radioljubuski.ba\\\/index.php\\\/2021\\\/09\\\/17\\\/milanovic-proeuropska-crna-gora-vazna-hrvatskoj-kao-susjed-i-partner-u-nato-u\\\/\",\"name\":\"Milanovi\u0107: Proeuropska Crna Gora va\u017ena Hrvatskoj kao susjed i partner u NATO-u - RADIO LJUBU\u0160KI\",\"isPartOf\":{\"@id\":\"https:\\\/\\\/radioljubuski.ba\\\/#website\"},\"primaryImageOfPage\":{\"@id\":\"https:\\\/\\\/radioljubuski.ba\\\/index.php\\\/2021\\\/09\\\/17\\\/milanovic-proeuropska-crna-gora-vazna-hrvatskoj-kao-susjed-i-partner-u-nato-u\\\/#primaryimage\"},\"image\":{\"@id\":\"https:\\\/\\\/radioljubuski.ba\\\/index.php\\\/2021\\\/09\\\/17\\\/milanovic-proeuropska-crna-gora-vazna-hrvatskoj-kao-susjed-i-partner-u-nato-u\\\/#primaryimage\"},\"thumbnailUrl\":\"https:\\\/\\\/radioljubuski.ba\\\/wp-content\\\/uploads\\\/2021\\\/09\\\/9-2021-09-17-16-21-26-n1232.jpeg\",\"datePublished\":\"2021-09-17T20:03:50+00:00\",\"dateModified\":\"2021-09-17T20:03:51+00:00\",\"breadcrumb\":{\"@id\":\"https:\\\/\\\/radioljubuski.ba\\\/index.php\\\/2021\\\/09\\\/17\\\/milanovic-proeuropska-crna-gora-vazna-hrvatskoj-kao-susjed-i-partner-u-nato-u\\\/#breadcrumb\"},\"inLanguage\":\"hr\",\"potentialAction\":[{\"@type\":\"ReadAction\",\"target\":[\"https:\\\/\\\/radioljubuski.ba\\\/index.php\\\/2021\\\/09\\\/17\\\/milanovic-proeuropska-crna-gora-vazna-hrvatskoj-kao-susjed-i-partner-u-nato-u\\\/\"]}]},{\"@type\":\"ImageObject\",\"inLanguage\":\"hr\",\"@id\":\"https:\\\/\\\/radioljubuski.ba\\\/index.php\\\/2021\\\/09\\\/17\\\/milanovic-proeuropska-crna-gora-vazna-hrvatskoj-kao-susjed-i-partner-u-nato-u\\\/#primaryimage\",\"url\":\"https:\\\/\\\/radioljubuski.ba\\\/wp-content\\\/uploads\\\/2021\\\/09\\\/9-2021-09-17-16-21-26-n1232.jpeg\",\"contentUrl\":\"https:\\\/\\\/radioljubuski.ba\\\/wp-content\\\/uploads\\\/2021\\\/09\\\/9-2021-09-17-16-21-26-n1232.jpeg\",\"width\":1000,\"height\":625},{\"@type\":\"BreadcrumbList\",\"@id\":\"https:\\\/\\\/radioljubuski.ba\\\/index.php\\\/2021\\\/09\\\/17\\\/milanovic-proeuropska-crna-gora-vazna-hrvatskoj-kao-susjed-i-partner-u-nato-u\\\/#breadcrumb\",\"itemListElement\":[{\"@type\":\"ListItem\",\"position\":1,\"name\":\"Po\u010detna stranica\",\"item\":\"https:\\\/\\\/radioljubuski.ba\\\/\"},{\"@type\":\"ListItem\",\"position\":2,\"name\":\"Milanovi\u0107: Proeuropska Crna Gora va\u017ena Hrvatskoj kao susjed i partner u NATO-u\"}]},{\"@type\":\"WebSite\",\"@id\":\"https:\\\/\\\/radioljubuski.ba\\\/#website\",\"url\":\"https:\\\/\\\/radioljubuski.ba\\\/\",\"name\":\"Radio Ljubu\u0161ki\",\"description\":\"Sun\u010dana frekvencija Hercegovine\",\"publisher\":{\"@id\":\"https:\\\/\\\/radioljubuski.ba\\\/#organization\"},\"potentialAction\":[{\"@type\":\"SearchAction\",\"target\":{\"@type\":\"EntryPoint\",\"urlTemplate\":\"https:\\\/\\\/radioljubuski.ba\\\/?s={search_term_string}\"},\"query-input\":{\"@type\":\"PropertyValueSpecification\",\"valueRequired\":true,\"valueName\":\"search_term_string\"}}],\"inLanguage\":\"hr\"},{\"@type\":\"Organization\",\"@id\":\"https:\\\/\\\/radioljubuski.ba\\\/#organization\",\"name\":\"Radio Ljubu\u0161ki\",\"url\":\"https:\\\/\\\/radioljubuski.ba\\\/\",\"logo\":{\"@type\":\"ImageObject\",\"inLanguage\":\"hr\",\"@id\":\"https:\\\/\\\/radioljubuski.ba\\\/#\\\/schema\\\/logo\\\/image\\\/\",\"url\":\"https:\\\/\\\/radioljubuski.ba\\\/wp-content\\\/uploads\\\/2021\\\/02\\\/cropped-Radio_Ljubuski_logo1.jpg\",\"contentUrl\":\"https:\\\/\\\/radioljubuski.ba\\\/wp-content\\\/uploads\\\/2021\\\/02\\\/cropped-Radio_Ljubuski_logo1.jpg\",\"width\":512,\"height\":512,\"caption\":\"Radio Ljubu\u0161ki\"},\"image\":{\"@id\":\"https:\\\/\\\/radioljubuski.ba\\\/#\\\/schema\\\/logo\\\/image\\\/\"},\"sameAs\":[\"https:\\\/\\\/www.facebook.com\\\/Radiio-Ljubuski-1490835324566332\",\"https:\\\/\\\/x.com\\\/radioljubuski\",\"https:\\\/\\\/hr.linkedin.com\\\/company\\\/radio-ljubuski\",\"https:\\\/\\\/www.youtube.com\\\/channel\\\/UCHYaeO_n0Db3tjNGudGpXyw\"]},{\"@type\":\"Person\",\"@id\":\"https:\\\/\\\/radioljubuski.ba\\\/#\\\/schema\\\/person\\\/19fc700381a780f69665d7956c469e3b\",\"name\":\"Radio Ljubu\u0161ki\"}]}<\/script>\n<!-- \/ Yoast SEO plugin. -->","yoast_head_json":{"title":"Milanovi\u0107: Proeuropska Crna Gora va\u017ena Hrvatskoj kao susjed i partner u NATO-u - RADIO LJUBU\u0160KI","robots":{"index":"index","follow":"follow","max-snippet":"max-snippet:-1","max-image-preview":"max-image-preview:large","max-video-preview":"max-video-preview:-1"},"canonical":"https:\/\/radioljubuski.ba\/index.php\/2021\/09\/17\/milanovic-proeuropska-crna-gora-vazna-hrvatskoj-kao-susjed-i-partner-u-nato-u\/","og_locale":"hr_HR","og_type":"article","og_title":"Milanovi\u0107: Proeuropska Crna Gora va\u017ena Hrvatskoj kao susjed i partner u NATO-u - RADIO LJUBU\u0160KI","og_description":"Zagreb \u0107e nastaviti podr\u017eavati europski put Podgorice jer je proeuropska Crna Gora va\u017ena kao susjed i partner u NATO-u, rekao je u petak predsjednik Zoran Milanovi\u0107 na Brijunima gdje je njegov kolega po du\u017enosti Milo \u0110ukanovi\u0107 zavr\u0161io dvodnevni posjet Hrvatskoj. Kako je priop\u0107eno iz Ureda predsjednika Milanovi\u0107 i \u0110ukanovi\u0107 nastavili su na Brijunima bilateralne razgovore [&hellip;]","og_url":"https:\/\/radioljubuski.ba\/index.php\/2021\/09\/17\/milanovic-proeuropska-crna-gora-vazna-hrvatskoj-kao-susjed-i-partner-u-nato-u\/","og_site_name":"RADIO LJUBU\u0160KI","article_publisher":"https:\/\/www.facebook.com\/Radiio-Ljubuski-1490835324566332","article_published_time":"2021-09-17T20:03:50+00:00","article_modified_time":"2021-09-17T20:03:51+00:00","og_image":[{"width":1000,"height":625,"url":"https:\/\/radioljubuski.ba\/wp-content\/uploads\/2021\/09\/9-2021-09-17-16-21-26-n1232.jpeg","type":"image\/jpeg"}],"author":"Radio Ljubu\u0161ki","twitter_card":"summary_large_image","twitter_creator":"@radioljubuski","twitter_site":"@radioljubuski","twitter_misc":{"Napisao\/la":"Radio Ljubu\u0161ki","Procijenjeno vrijeme \u010ditanja":"1 minuta"},"schema":{"@context":"https:\/\/schema.org","@graph":[{"@type":"Article","@id":"https:\/\/radioljubuski.ba\/index.php\/2021\/09\/17\/milanovic-proeuropska-crna-gora-vazna-hrvatskoj-kao-susjed-i-partner-u-nato-u\/#article","isPartOf":{"@id":"https:\/\/radioljubuski.ba\/index.php\/2021\/09\/17\/milanovic-proeuropska-crna-gora-vazna-hrvatskoj-kao-susjed-i-partner-u-nato-u\/"},"author":{"name":"Radio Ljubu\u0161ki","@id":"https:\/\/radioljubuski.ba\/#\/schema\/person\/19fc700381a780f69665d7956c469e3b"},"headline":"Milanovi\u0107: Proeuropska Crna Gora va\u017ena Hrvatskoj kao susjed i partner u NATO-u","datePublished":"2021-09-17T20:03:50+00:00","dateModified":"2021-09-17T20:03:51+00:00","mainEntityOfPage":{"@id":"https:\/\/radioljubuski.ba\/index.php\/2021\/09\/17\/milanovic-proeuropska-crna-gora-vazna-hrvatskoj-kao-susjed-i-partner-u-nato-u\/"},"wordCount":267,"publisher":{"@id":"https:\/\/radioljubuski.ba\/#organization"},"image":{"@id":"https:\/\/radioljubuski.ba\/index.php\/2021\/09\/17\/milanovic-proeuropska-crna-gora-vazna-hrvatskoj-kao-susjed-i-partner-u-nato-u\/#primaryimage"},"thumbnailUrl":"https:\/\/radioljubuski.ba\/wp-content\/uploads\/2021\/09\/9-2021-09-17-16-21-26-n1232.jpeg","articleSection":["BIH i regija"],"inLanguage":"hr"},{"@type":"WebPage","@id":"https:\/\/radioljubuski.ba\/index.php\/2021\/09\/17\/milanovic-proeuropska-crna-gora-vazna-hrvatskoj-kao-susjed-i-partner-u-nato-u\/","url":"https:\/\/radioljubuski.ba\/index.php\/2021\/09\/17\/milanovic-proeuropska-crna-gora-vazna-hrvatskoj-kao-susjed-i-partner-u-nato-u\/","name":"Milanovi\u0107: Proeuropska Crna Gora va\u017ena Hrvatskoj kao susjed i partner u NATO-u - RADIO LJUBU\u0160KI","isPartOf":{"@id":"https:\/\/radioljubuski.ba\/#website"},"primaryImageOfPage":{"@id":"https:\/\/radioljubuski.ba\/index.php\/2021\/09\/17\/milanovic-proeuropska-crna-gora-vazna-hrvatskoj-kao-susjed-i-partner-u-nato-u\/#primaryimage"},"image":{"@id":"https:\/\/radioljubuski.ba\/index.php\/2021\/09\/17\/milanovic-proeuropska-crna-gora-vazna-hrvatskoj-kao-susjed-i-partner-u-nato-u\/#primaryimage"},"thumbnailUrl":"https:\/\/radioljubuski.ba\/wp-content\/uploads\/2021\/09\/9-2021-09-17-16-21-26-n1232.jpeg","datePublished":"2021-09-17T20:03:50+00:00","dateModified":"2021-09-17T20:03:51+00:00","breadcrumb":{"@id":"https:\/\/radioljubuski.ba\/index.php\/2021\/09\/17\/milanovic-proeuropska-crna-gora-vazna-hrvatskoj-kao-susjed-i-partner-u-nato-u\/#breadcrumb"},"inLanguage":"hr","potentialAction":[{"@type":"ReadAction","target":["https:\/\/radioljubuski.ba\/index.php\/2021\/09\/17\/milanovic-proeuropska-crna-gora-vazna-hrvatskoj-kao-susjed-i-partner-u-nato-u\/"]}]},{"@type":"ImageObject","inLanguage":"hr","@id":"https:\/\/radioljubuski.ba\/index.php\/2021\/09\/17\/milanovic-proeuropska-crna-gora-vazna-hrvatskoj-kao-susjed-i-partner-u-nato-u\/#primaryimage","url":"https:\/\/radioljubuski.ba\/wp-content\/uploads\/2021\/09\/9-2021-09-17-16-21-26-n1232.jpeg","contentUrl":"https:\/\/radioljubuski.ba\/wp-content\/uploads\/2021\/09\/9-2021-09-17-16-21-26-n1232.jpeg","width":1000,"height":625},{"@type":"BreadcrumbList","@id":"https:\/\/radioljubuski.ba\/index.php\/2021\/09\/17\/milanovic-proeuropska-crna-gora-vazna-hrvatskoj-kao-susjed-i-partner-u-nato-u\/#breadcrumb","itemListElement":[{"@type":"ListItem","position":1,"name":"Po\u010detna stranica","item":"https:\/\/radioljubuski.ba\/"},{"@type":"ListItem","position":2,"name":"Milanovi\u0107: Proeuropska Crna Gora va\u017ena Hrvatskoj kao susjed i partner u NATO-u"}]},{"@type":"WebSite","@id":"https:\/\/radioljubuski.ba\/#website","url":"https:\/\/radioljubuski.ba\/","name":"Radio Ljubu\u0161ki","description":"Sun\u010dana frekvencija Hercegovine","publisher":{"@id":"https:\/\/radioljubuski.ba\/#organization"},"potentialAction":[{"@type":"SearchAction","target":{"@type":"EntryPoint","urlTemplate":"https:\/\/radioljubuski.ba\/?s={search_term_string}"},"query-input":{"@type":"PropertyValueSpecification","valueRequired":true,"valueName":"search_term_string"}}],"inLanguage":"hr"},{"@type":"Organization","@id":"https:\/\/radioljubuski.ba\/#organization","name":"Radio Ljubu\u0161ki","url":"https:\/\/radioljubuski.ba\/","logo":{"@type":"ImageObject","inLanguage":"hr","@id":"https:\/\/radioljubuski.ba\/#\/schema\/logo\/image\/","url":"https:\/\/radioljubuski.ba\/wp-content\/uploads\/2021\/02\/cropped-Radio_Ljubuski_logo1.jpg","contentUrl":"https:\/\/radioljubuski.ba\/wp-content\/uploads\/2021\/02\/cropped-Radio_Ljubuski_logo1.jpg","width":512,"height":512,"caption":"Radio Ljubu\u0161ki"},"image":{"@id":"https:\/\/radioljubuski.ba\/#\/schema\/logo\/image\/"},"sameAs":["https:\/\/www.facebook.com\/Radiio-Ljubuski-1490835324566332","https:\/\/x.com\/radioljubuski","https:\/\/hr.linkedin.com\/company\/radio-ljubuski","https:\/\/www.youtube.com\/channel\/UCHYaeO_n0Db3tjNGudGpXyw"]},{"@type":"Person","@id":"https:\/\/radioljubuski.ba\/#\/schema\/person\/19fc700381a780f69665d7956c469e3b","name":"Radio Ljubu\u0161ki"}]}},"_links":{"self":[{"href":"https:\/\/radioljubuski.ba\/index.php\/wp-json\/wp\/v2\/posts\/64844","targetHints":{"allow":["GET"]}}],"collection":[{"href":"https:\/\/radioljubuski.ba\/index.php\/wp-json\/wp\/v2\/posts"}],"about":[{"href":"https:\/\/radioljubuski.ba\/index.php\/wp-json\/wp\/v2\/types\/post"}],"author":[{"embeddable":true,"href":"https:\/\/radioljubuski.ba\/index.php\/wp-json\/wp\/v2\/users\/2"}],"replies":[{"embeddable":true,"href":"https:\/\/radioljubuski.ba\/index.php\/wp-json\/wp\/v2\/comments?post=64844"}],"version-history":[{"count":1,"href":"https:\/\/radioljubuski.ba\/index.php\/wp-json\/wp\/v2\/posts\/64844\/revisions"}],"predecessor-version":[{"id":64846,"href":"https:\/\/radioljubuski.ba\/index.php\/wp-json\/wp\/v2\/posts\/64844\/revisions\/64846"}],"wp:featuredmedia":[{"embeddable":true,"href":"https:\/\/radioljubuski.ba\/index.php\/wp-json\/wp\/v2\/media\/64845"}],"wp:attachment":[{"href":"https:\/\/radioljubuski.ba\/index.php\/wp-json\/wp\/v2\/media?parent=64844"}],"wp:term":[{"taxonomy":"category","embeddable":true,"href":"https:\/\/radioljubuski.ba\/index.php\/wp-json\/wp\/v2\/categories?post=64844"},{"taxonomy":"post_tag","embeddable":true,"href":"https:\/\/radioljubuski.ba\/index.php\/wp-json\/wp\/v2\/tags?post=64844"}],"curies":[{"name":"wp","href":"https:\/\/api.w.org\/{rel}","templated":true}]}}