{"id":64849,"date":"2021-09-17T21:06:35","date_gmt":"2021-09-17T20:06:35","guid":{"rendered":"https:\/\/radioljubuski.ba\/?p=64849"},"modified":"2021-09-17T21:06:37","modified_gmt":"2021-09-17T20:06:37","slug":"glavno-vijece-hns-a-najavilo-demografsku-strategiju-hrvata-u-bih","status":"publish","type":"post","link":"https:\/\/radioljubuski.ba\/index.php\/2021\/09\/17\/glavno-vijece-hns-a-najavilo-demografsku-strategiju-hrvata-u-bih\/","title":{"rendered":"Glavno vije\u0107e HNS-a najavilo demografsku strategiju Hrvata u BiH"},"content":{"rendered":"\n<p>Glavno vije\u0107e Hrvatskog narodnog sabora (HNS) pokre\u0107e projekt izrade demografske strategije i revitalizacije Hrvata u Bosni i Hercegovini.<\/p>\n\n\n\n<p>Predsjednik Glavnog vije\u0107a HNS-a Bo\u017eo Ljubi\u0107 ka\u017ee kako se strategija ne\u0107e fokusirati samo na Hrvate u BiH ve\u0107 \u0107e obuhvatiti \u0161iri kontekst problema u BiH.<\/p>\n\n\n\n<p>&#8211; Suo\u010davamo se s rastu\u0107im iseljavanjem iz Bosne i Hercegovine, posebice mladih, produktivnih ljudi. Onda se postavlja pitanje tko \u0107e nam za 10-20 godina u Bosni i Hercegovini davati mirovine i \u010ditavu infrastrukturu razvijati &#8211; kazao je novinarima Ljubi\u0107 nakon sjednice Glavnog vije\u0107a HNS-a.<\/p>\n\n\n\n<p>On je naglasio va\u017enost navedenog projekta jer, kako ka\u017ee, iseljavanje u sebi sublimira i koncentrira sve krucijalne probleme jednog dru\u0161tva i jedne dr\u017eave.<\/p>\n\n\n\n<p>Za voditeljicu stru\u010dne skupine na projektu izrade demografske strategije i revitalizacije Hrvata u BiH, Glavno vije\u0107e je imenovalo prof. dr. sc. Mirjanu Mili\u010devi\u0107.<\/p>\n\n\n\n<p>&#8211; Izrada ove strategije, bez obzira o kojem se narodu radi u Bosni i Hercegovini, je pravi izazov. Zadr\u017eati stanovni\u0161tvo zna\u010di uvesti niz mjera, bilo gospodarskih, zdravstvenih, populacijskih, da bi se stanovni\u0161tvo odr\u017ealo &#8211; kazala je Mili\u010devi\u0107.<\/p>\n\n\n\n<p>Dodala je kako je u planu provoditi mjere na lokalnoj razini.<\/p>\n\n\n\n<p>&#8211; Dat \u0107emo procjenu stanja, a onda sukladno stanju na terenu propisat \u0107emo mjere kako provesti dodatne aktivnosti koje \u0107e pomo\u0107i mladim ljudima, prije svega da ostanu tu, a i da poja\u010daju gospodarstvo, odnosno zapo\u0161ljavanje i samozapo\u0161ljavanje, kako bi ljudi ostali na ovom podru\u010dju &#8211; kazala je Mili\u010devi\u0107.<\/p>\n\n\n\n<p>Glavno vije\u0107e HNS-a na sjednici je, uz ostalo, razmatralo i izmjene Izbornog zakona u BiH.<\/p>\n\n\n\n<p>&#8211; Vi\u0161e sam nego uvjeren i nemam nimalo sumnje da \u0107emo do kraja godine do\u0107i do izmjena Izbornog zakona u BiH &#8211; kazao je predsjednik Glavnog vije\u0107a.<\/p>\n\n\n\n<p>Na konferenciji za novinare sudjelovao je i prof. dr. sc. Ilija Musa koji je na zadnjoj sjednici Predsjedni\u0161tva HNS-a imenovan za voditelja Odjela za medije i informiranje.<\/p>\n\n\n\n<iframe loading=\"lazy\" title=\"Glavno vije\u0107e HNS-a najavilo demografsku strategiju Hrvata u BiH\" width=\"640\" height=\"360\" src=\"https:\/\/www.youtube.com\/embed\/mHCI3CguoHQ?feature=oembed\" frameborder=\"0\" allow=\"accelerometer; autoplay; clipboard-write; encrypted-media; gyroscope; picture-in-picture; web-share\" referrerpolicy=\"strict-origin-when-cross-origin\" allowfullscreen><\/iframe>\n\n\n\n<p>Izvor:pogled.ba<\/p>\n","protected":false},"excerpt":{"rendered":"<p>Glavno vije\u0107e Hrvatskog narodnog sabora (HNS) pokre\u0107e projekt izrade demografske strategije i revitalizacije Hrvata u Bosni i Hercegovini. Predsjednik Glavnog vije\u0107a HNS-a Bo\u017eo Ljubi\u0107 ka\u017ee kako se strategija ne\u0107e fokusirati samo na Hrvate u BiH ve\u0107 \u0107e obuhvatiti \u0161iri kontekst problema u BiH. &#8211; Suo\u010davamo se s rastu\u0107im iseljavanjem iz Bosne i Hercegovine, posebice mladih, [&hellip;]<\/p>\n","protected":false},"author":2,"featured_media":64850,"comment_status":"closed","ping_status":"closed","sticky":false,"template":"","format":"standard","meta":{"h5ap_radio_sources":[],"footnotes":""},"categories":[1],"tags":[],"class_list":["post-64849","post","type-post","status-publish","format-standard","has-post-thumbnail","hentry","category-bihiregija"],"yoast_head":"<!-- This site is optimized with the Yoast SEO plugin v27.4 - https:\/\/yoast.com\/product\/yoast-seo-wordpress\/ -->\n<title>Glavno vije\u0107e HNS-a najavilo demografsku strategiju Hrvata u BiH - RADIO LJUBU\u0160KI<\/title>\n<meta name=\"robots\" content=\"index, follow, max-snippet:-1, max-image-preview:large, max-video-preview:-1\" \/>\n<link rel=\"canonical\" href=\"https:\/\/radioljubuski.ba\/index.php\/2021\/09\/17\/glavno-vijece-hns-a-najavilo-demografsku-strategiju-hrvata-u-bih\/\" \/>\n<meta property=\"og:locale\" content=\"hr_HR\" \/>\n<meta property=\"og:type\" content=\"article\" \/>\n<meta property=\"og:title\" content=\"Glavno vije\u0107e HNS-a najavilo demografsku strategiju Hrvata u BiH - RADIO LJUBU\u0160KI\" \/>\n<meta property=\"og:description\" content=\"Glavno vije\u0107e Hrvatskog narodnog sabora (HNS) pokre\u0107e projekt izrade demografske strategije i revitalizacije Hrvata u Bosni i Hercegovini. Predsjednik Glavnog vije\u0107a HNS-a Bo\u017eo Ljubi\u0107 ka\u017ee kako se strategija ne\u0107e fokusirati samo na Hrvate u BiH ve\u0107 \u0107e obuhvatiti \u0161iri kontekst problema u BiH. &#8211; Suo\u010davamo se s rastu\u0107im iseljavanjem iz Bosne i Hercegovine, posebice mladih, [&hellip;]\" \/>\n<meta property=\"og:url\" content=\"https:\/\/radioljubuski.ba\/index.php\/2021\/09\/17\/glavno-vijece-hns-a-najavilo-demografsku-strategiju-hrvata-u-bih\/\" \/>\n<meta property=\"og:site_name\" content=\"RADIO LJUBU\u0160KI\" \/>\n<meta property=\"article:publisher\" content=\"https:\/\/www.facebook.com\/Radiio-Ljubuski-1490835324566332\" \/>\n<meta property=\"article:published_time\" content=\"2021-09-17T20:06:35+00:00\" \/>\n<meta property=\"article:modified_time\" content=\"2021-09-17T20:06:37+00:00\" \/>\n<meta property=\"og:image\" content=\"https:\/\/radioljubuski.ba\/wp-content\/uploads\/2021\/09\/9-2021-09-17-15-42-18-bozoo.jpg\" \/>\n\t<meta property=\"og:image:width\" content=\"1000\" \/>\n\t<meta property=\"og:image:height\" content=\"625\" \/>\n\t<meta property=\"og:image:type\" content=\"image\/jpeg\" \/>\n<meta name=\"author\" content=\"Radio Ljubu\u0161ki\" \/>\n<meta name=\"twitter:card\" content=\"summary_large_image\" \/>\n<meta name=\"twitter:creator\" content=\"@radioljubuski\" \/>\n<meta name=\"twitter:site\" content=\"@radioljubuski\" \/>\n<meta name=\"twitter:label1\" content=\"Napisao\/la\" \/>\n\t<meta name=\"twitter:data1\" content=\"Radio Ljubu\u0161ki\" \/>\n\t<meta name=\"twitter:label2\" content=\"Procijenjeno vrijeme \u010ditanja\" \/>\n\t<meta name=\"twitter:data2\" content=\"2 minute\" \/>\n<script type=\"application\/ld+json\" class=\"yoast-schema-graph\">{\"@context\":\"https:\\\/\\\/schema.org\",\"@graph\":[{\"@type\":\"Article\",\"@id\":\"https:\\\/\\\/radioljubuski.ba\\\/index.php\\\/2021\\\/09\\\/17\\\/glavno-vijece-hns-a-najavilo-demografsku-strategiju-hrvata-u-bih\\\/#article\",\"isPartOf\":{\"@id\":\"https:\\\/\\\/radioljubuski.ba\\\/index.php\\\/2021\\\/09\\\/17\\\/glavno-vijece-hns-a-najavilo-demografsku-strategiju-hrvata-u-bih\\\/\"},\"author\":{\"name\":\"Radio Ljubu\u0161ki\",\"@id\":\"https:\\\/\\\/radioljubuski.ba\\\/#\\\/schema\\\/person\\\/19fc700381a780f69665d7956c469e3b\"},\"headline\":\"Glavno vije\u0107e HNS-a najavilo demografsku strategiju Hrvata u BiH\",\"datePublished\":\"2021-09-17T20:06:35+00:00\",\"dateModified\":\"2021-09-17T20:06:37+00:00\",\"mainEntityOfPage\":{\"@id\":\"https:\\\/\\\/radioljubuski.ba\\\/index.php\\\/2021\\\/09\\\/17\\\/glavno-vijece-hns-a-najavilo-demografsku-strategiju-hrvata-u-bih\\\/\"},\"wordCount\":352,\"publisher\":{\"@id\":\"https:\\\/\\\/radioljubuski.ba\\\/#organization\"},\"image\":{\"@id\":\"https:\\\/\\\/radioljubuski.ba\\\/index.php\\\/2021\\\/09\\\/17\\\/glavno-vijece-hns-a-najavilo-demografsku-strategiju-hrvata-u-bih\\\/#primaryimage\"},\"thumbnailUrl\":\"https:\\\/\\\/radioljubuski.ba\\\/wp-content\\\/uploads\\\/2021\\\/09\\\/9-2021-09-17-15-42-18-bozoo.jpg\",\"articleSection\":[\"BIH i regija\"],\"inLanguage\":\"hr\"},{\"@type\":\"WebPage\",\"@id\":\"https:\\\/\\\/radioljubuski.ba\\\/index.php\\\/2021\\\/09\\\/17\\\/glavno-vijece-hns-a-najavilo-demografsku-strategiju-hrvata-u-bih\\\/\",\"url\":\"https:\\\/\\\/radioljubuski.ba\\\/index.php\\\/2021\\\/09\\\/17\\\/glavno-vijece-hns-a-najavilo-demografsku-strategiju-hrvata-u-bih\\\/\",\"name\":\"Glavno vije\u0107e HNS-a najavilo demografsku strategiju Hrvata u BiH - RADIO LJUBU\u0160KI\",\"isPartOf\":{\"@id\":\"https:\\\/\\\/radioljubuski.ba\\\/#website\"},\"primaryImageOfPage\":{\"@id\":\"https:\\\/\\\/radioljubuski.ba\\\/index.php\\\/2021\\\/09\\\/17\\\/glavno-vijece-hns-a-najavilo-demografsku-strategiju-hrvata-u-bih\\\/#primaryimage\"},\"image\":{\"@id\":\"https:\\\/\\\/radioljubuski.ba\\\/index.php\\\/2021\\\/09\\\/17\\\/glavno-vijece-hns-a-najavilo-demografsku-strategiju-hrvata-u-bih\\\/#primaryimage\"},\"thumbnailUrl\":\"https:\\\/\\\/radioljubuski.ba\\\/wp-content\\\/uploads\\\/2021\\\/09\\\/9-2021-09-17-15-42-18-bozoo.jpg\",\"datePublished\":\"2021-09-17T20:06:35+00:00\",\"dateModified\":\"2021-09-17T20:06:37+00:00\",\"breadcrumb\":{\"@id\":\"https:\\\/\\\/radioljubuski.ba\\\/index.php\\\/2021\\\/09\\\/17\\\/glavno-vijece-hns-a-najavilo-demografsku-strategiju-hrvata-u-bih\\\/#breadcrumb\"},\"inLanguage\":\"hr\",\"potentialAction\":[{\"@type\":\"ReadAction\",\"target\":[\"https:\\\/\\\/radioljubuski.ba\\\/index.php\\\/2021\\\/09\\\/17\\\/glavno-vijece-hns-a-najavilo-demografsku-strategiju-hrvata-u-bih\\\/\"]}]},{\"@type\":\"ImageObject\",\"inLanguage\":\"hr\",\"@id\":\"https:\\\/\\\/radioljubuski.ba\\\/index.php\\\/2021\\\/09\\\/17\\\/glavno-vijece-hns-a-najavilo-demografsku-strategiju-hrvata-u-bih\\\/#primaryimage\",\"url\":\"https:\\\/\\\/radioljubuski.ba\\\/wp-content\\\/uploads\\\/2021\\\/09\\\/9-2021-09-17-15-42-18-bozoo.jpg\",\"contentUrl\":\"https:\\\/\\\/radioljubuski.ba\\\/wp-content\\\/uploads\\\/2021\\\/09\\\/9-2021-09-17-15-42-18-bozoo.jpg\",\"width\":1000,\"height\":625},{\"@type\":\"BreadcrumbList\",\"@id\":\"https:\\\/\\\/radioljubuski.ba\\\/index.php\\\/2021\\\/09\\\/17\\\/glavno-vijece-hns-a-najavilo-demografsku-strategiju-hrvata-u-bih\\\/#breadcrumb\",\"itemListElement\":[{\"@type\":\"ListItem\",\"position\":1,\"name\":\"Po\u010detna stranica\",\"item\":\"https:\\\/\\\/radioljubuski.ba\\\/\"},{\"@type\":\"ListItem\",\"position\":2,\"name\":\"Glavno vije\u0107e HNS-a najavilo demografsku strategiju Hrvata u BiH\"}]},{\"@type\":\"WebSite\",\"@id\":\"https:\\\/\\\/radioljubuski.ba\\\/#website\",\"url\":\"https:\\\/\\\/radioljubuski.ba\\\/\",\"name\":\"Radio Ljubu\u0161ki\",\"description\":\"Sun\u010dana frekvencija Hercegovine\",\"publisher\":{\"@id\":\"https:\\\/\\\/radioljubuski.ba\\\/#organization\"},\"potentialAction\":[{\"@type\":\"SearchAction\",\"target\":{\"@type\":\"EntryPoint\",\"urlTemplate\":\"https:\\\/\\\/radioljubuski.ba\\\/?s={search_term_string}\"},\"query-input\":{\"@type\":\"PropertyValueSpecification\",\"valueRequired\":true,\"valueName\":\"search_term_string\"}}],\"inLanguage\":\"hr\"},{\"@type\":\"Organization\",\"@id\":\"https:\\\/\\\/radioljubuski.ba\\\/#organization\",\"name\":\"Radio Ljubu\u0161ki\",\"url\":\"https:\\\/\\\/radioljubuski.ba\\\/\",\"logo\":{\"@type\":\"ImageObject\",\"inLanguage\":\"hr\",\"@id\":\"https:\\\/\\\/radioljubuski.ba\\\/#\\\/schema\\\/logo\\\/image\\\/\",\"url\":\"https:\\\/\\\/radioljubuski.ba\\\/wp-content\\\/uploads\\\/2021\\\/02\\\/cropped-Radio_Ljubuski_logo1.jpg\",\"contentUrl\":\"https:\\\/\\\/radioljubuski.ba\\\/wp-content\\\/uploads\\\/2021\\\/02\\\/cropped-Radio_Ljubuski_logo1.jpg\",\"width\":512,\"height\":512,\"caption\":\"Radio Ljubu\u0161ki\"},\"image\":{\"@id\":\"https:\\\/\\\/radioljubuski.ba\\\/#\\\/schema\\\/logo\\\/image\\\/\"},\"sameAs\":[\"https:\\\/\\\/www.facebook.com\\\/Radiio-Ljubuski-1490835324566332\",\"https:\\\/\\\/x.com\\\/radioljubuski\",\"https:\\\/\\\/hr.linkedin.com\\\/company\\\/radio-ljubuski\",\"https:\\\/\\\/www.youtube.com\\\/channel\\\/UCHYaeO_n0Db3tjNGudGpXyw\"]},{\"@type\":\"Person\",\"@id\":\"https:\\\/\\\/radioljubuski.ba\\\/#\\\/schema\\\/person\\\/19fc700381a780f69665d7956c469e3b\",\"name\":\"Radio Ljubu\u0161ki\"}]}<\/script>\n<!-- \/ Yoast SEO plugin. -->","yoast_head_json":{"title":"Glavno vije\u0107e HNS-a najavilo demografsku strategiju Hrvata u BiH - RADIO LJUBU\u0160KI","robots":{"index":"index","follow":"follow","max-snippet":"max-snippet:-1","max-image-preview":"max-image-preview:large","max-video-preview":"max-video-preview:-1"},"canonical":"https:\/\/radioljubuski.ba\/index.php\/2021\/09\/17\/glavno-vijece-hns-a-najavilo-demografsku-strategiju-hrvata-u-bih\/","og_locale":"hr_HR","og_type":"article","og_title":"Glavno vije\u0107e HNS-a najavilo demografsku strategiju Hrvata u BiH - RADIO LJUBU\u0160KI","og_description":"Glavno vije\u0107e Hrvatskog narodnog sabora (HNS) pokre\u0107e projekt izrade demografske strategije i revitalizacije Hrvata u Bosni i Hercegovini. Predsjednik Glavnog vije\u0107a HNS-a Bo\u017eo Ljubi\u0107 ka\u017ee kako se strategija ne\u0107e fokusirati samo na Hrvate u BiH ve\u0107 \u0107e obuhvatiti \u0161iri kontekst problema u BiH. &#8211; Suo\u010davamo se s rastu\u0107im iseljavanjem iz Bosne i Hercegovine, posebice mladih, [&hellip;]","og_url":"https:\/\/radioljubuski.ba\/index.php\/2021\/09\/17\/glavno-vijece-hns-a-najavilo-demografsku-strategiju-hrvata-u-bih\/","og_site_name":"RADIO LJUBU\u0160KI","article_publisher":"https:\/\/www.facebook.com\/Radiio-Ljubuski-1490835324566332","article_published_time":"2021-09-17T20:06:35+00:00","article_modified_time":"2021-09-17T20:06:37+00:00","og_image":[{"width":1000,"height":625,"url":"https:\/\/radioljubuski.ba\/wp-content\/uploads\/2021\/09\/9-2021-09-17-15-42-18-bozoo.jpg","type":"image\/jpeg"}],"author":"Radio Ljubu\u0161ki","twitter_card":"summary_large_image","twitter_creator":"@radioljubuski","twitter_site":"@radioljubuski","twitter_misc":{"Napisao\/la":"Radio Ljubu\u0161ki","Procijenjeno vrijeme \u010ditanja":"2 minute"},"schema":{"@context":"https:\/\/schema.org","@graph":[{"@type":"Article","@id":"https:\/\/radioljubuski.ba\/index.php\/2021\/09\/17\/glavno-vijece-hns-a-najavilo-demografsku-strategiju-hrvata-u-bih\/#article","isPartOf":{"@id":"https:\/\/radioljubuski.ba\/index.php\/2021\/09\/17\/glavno-vijece-hns-a-najavilo-demografsku-strategiju-hrvata-u-bih\/"},"author":{"name":"Radio Ljubu\u0161ki","@id":"https:\/\/radioljubuski.ba\/#\/schema\/person\/19fc700381a780f69665d7956c469e3b"},"headline":"Glavno vije\u0107e HNS-a najavilo demografsku strategiju Hrvata u BiH","datePublished":"2021-09-17T20:06:35+00:00","dateModified":"2021-09-17T20:06:37+00:00","mainEntityOfPage":{"@id":"https:\/\/radioljubuski.ba\/index.php\/2021\/09\/17\/glavno-vijece-hns-a-najavilo-demografsku-strategiju-hrvata-u-bih\/"},"wordCount":352,"publisher":{"@id":"https:\/\/radioljubuski.ba\/#organization"},"image":{"@id":"https:\/\/radioljubuski.ba\/index.php\/2021\/09\/17\/glavno-vijece-hns-a-najavilo-demografsku-strategiju-hrvata-u-bih\/#primaryimage"},"thumbnailUrl":"https:\/\/radioljubuski.ba\/wp-content\/uploads\/2021\/09\/9-2021-09-17-15-42-18-bozoo.jpg","articleSection":["BIH i regija"],"inLanguage":"hr"},{"@type":"WebPage","@id":"https:\/\/radioljubuski.ba\/index.php\/2021\/09\/17\/glavno-vijece-hns-a-najavilo-demografsku-strategiju-hrvata-u-bih\/","url":"https:\/\/radioljubuski.ba\/index.php\/2021\/09\/17\/glavno-vijece-hns-a-najavilo-demografsku-strategiju-hrvata-u-bih\/","name":"Glavno vije\u0107e HNS-a najavilo demografsku strategiju Hrvata u BiH - RADIO LJUBU\u0160KI","isPartOf":{"@id":"https:\/\/radioljubuski.ba\/#website"},"primaryImageOfPage":{"@id":"https:\/\/radioljubuski.ba\/index.php\/2021\/09\/17\/glavno-vijece-hns-a-najavilo-demografsku-strategiju-hrvata-u-bih\/#primaryimage"},"image":{"@id":"https:\/\/radioljubuski.ba\/index.php\/2021\/09\/17\/glavno-vijece-hns-a-najavilo-demografsku-strategiju-hrvata-u-bih\/#primaryimage"},"thumbnailUrl":"https:\/\/radioljubuski.ba\/wp-content\/uploads\/2021\/09\/9-2021-09-17-15-42-18-bozoo.jpg","datePublished":"2021-09-17T20:06:35+00:00","dateModified":"2021-09-17T20:06:37+00:00","breadcrumb":{"@id":"https:\/\/radioljubuski.ba\/index.php\/2021\/09\/17\/glavno-vijece-hns-a-najavilo-demografsku-strategiju-hrvata-u-bih\/#breadcrumb"},"inLanguage":"hr","potentialAction":[{"@type":"ReadAction","target":["https:\/\/radioljubuski.ba\/index.php\/2021\/09\/17\/glavno-vijece-hns-a-najavilo-demografsku-strategiju-hrvata-u-bih\/"]}]},{"@type":"ImageObject","inLanguage":"hr","@id":"https:\/\/radioljubuski.ba\/index.php\/2021\/09\/17\/glavno-vijece-hns-a-najavilo-demografsku-strategiju-hrvata-u-bih\/#primaryimage","url":"https:\/\/radioljubuski.ba\/wp-content\/uploads\/2021\/09\/9-2021-09-17-15-42-18-bozoo.jpg","contentUrl":"https:\/\/radioljubuski.ba\/wp-content\/uploads\/2021\/09\/9-2021-09-17-15-42-18-bozoo.jpg","width":1000,"height":625},{"@type":"BreadcrumbList","@id":"https:\/\/radioljubuski.ba\/index.php\/2021\/09\/17\/glavno-vijece-hns-a-najavilo-demografsku-strategiju-hrvata-u-bih\/#breadcrumb","itemListElement":[{"@type":"ListItem","position":1,"name":"Po\u010detna stranica","item":"https:\/\/radioljubuski.ba\/"},{"@type":"ListItem","position":2,"name":"Glavno vije\u0107e HNS-a najavilo demografsku strategiju Hrvata u BiH"}]},{"@type":"WebSite","@id":"https:\/\/radioljubuski.ba\/#website","url":"https:\/\/radioljubuski.ba\/","name":"Radio Ljubu\u0161ki","description":"Sun\u010dana frekvencija Hercegovine","publisher":{"@id":"https:\/\/radioljubuski.ba\/#organization"},"potentialAction":[{"@type":"SearchAction","target":{"@type":"EntryPoint","urlTemplate":"https:\/\/radioljubuski.ba\/?s={search_term_string}"},"query-input":{"@type":"PropertyValueSpecification","valueRequired":true,"valueName":"search_term_string"}}],"inLanguage":"hr"},{"@type":"Organization","@id":"https:\/\/radioljubuski.ba\/#organization","name":"Radio Ljubu\u0161ki","url":"https:\/\/radioljubuski.ba\/","logo":{"@type":"ImageObject","inLanguage":"hr","@id":"https:\/\/radioljubuski.ba\/#\/schema\/logo\/image\/","url":"https:\/\/radioljubuski.ba\/wp-content\/uploads\/2021\/02\/cropped-Radio_Ljubuski_logo1.jpg","contentUrl":"https:\/\/radioljubuski.ba\/wp-content\/uploads\/2021\/02\/cropped-Radio_Ljubuski_logo1.jpg","width":512,"height":512,"caption":"Radio Ljubu\u0161ki"},"image":{"@id":"https:\/\/radioljubuski.ba\/#\/schema\/logo\/image\/"},"sameAs":["https:\/\/www.facebook.com\/Radiio-Ljubuski-1490835324566332","https:\/\/x.com\/radioljubuski","https:\/\/hr.linkedin.com\/company\/radio-ljubuski","https:\/\/www.youtube.com\/channel\/UCHYaeO_n0Db3tjNGudGpXyw"]},{"@type":"Person","@id":"https:\/\/radioljubuski.ba\/#\/schema\/person\/19fc700381a780f69665d7956c469e3b","name":"Radio Ljubu\u0161ki"}]}},"_links":{"self":[{"href":"https:\/\/radioljubuski.ba\/index.php\/wp-json\/wp\/v2\/posts\/64849","targetHints":{"allow":["GET"]}}],"collection":[{"href":"https:\/\/radioljubuski.ba\/index.php\/wp-json\/wp\/v2\/posts"}],"about":[{"href":"https:\/\/radioljubuski.ba\/index.php\/wp-json\/wp\/v2\/types\/post"}],"author":[{"embeddable":true,"href":"https:\/\/radioljubuski.ba\/index.php\/wp-json\/wp\/v2\/users\/2"}],"replies":[{"embeddable":true,"href":"https:\/\/radioljubuski.ba\/index.php\/wp-json\/wp\/v2\/comments?post=64849"}],"version-history":[{"count":1,"href":"https:\/\/radioljubuski.ba\/index.php\/wp-json\/wp\/v2\/posts\/64849\/revisions"}],"predecessor-version":[{"id":64851,"href":"https:\/\/radioljubuski.ba\/index.php\/wp-json\/wp\/v2\/posts\/64849\/revisions\/64851"}],"wp:featuredmedia":[{"embeddable":true,"href":"https:\/\/radioljubuski.ba\/index.php\/wp-json\/wp\/v2\/media\/64850"}],"wp:attachment":[{"href":"https:\/\/radioljubuski.ba\/index.php\/wp-json\/wp\/v2\/media?parent=64849"}],"wp:term":[{"taxonomy":"category","embeddable":true,"href":"https:\/\/radioljubuski.ba\/index.php\/wp-json\/wp\/v2\/categories?post=64849"},{"taxonomy":"post_tag","embeddable":true,"href":"https:\/\/radioljubuski.ba\/index.php\/wp-json\/wp\/v2\/tags?post=64849"}],"curies":[{"name":"wp","href":"https:\/\/api.w.org\/{rel}","templated":true}]}}